{"id":11244,"date":"2024-12-06T12:01:55","date_gmt":"2024-12-06T15:01:55","guid":{"rendered":"https:\/\/www.fsfx.com.br\/usisaude\/?p=11244"},"modified":"2024-12-06T12:02:51","modified_gmt":"2024-12-06T15:02:51","slug":"dia-mundial-de-prevencao-a-aids-um-chamado-a-conscientizacao-e-combate-ao-preconceito","status":"publish","type":"post","link":"https:\/\/www.fsfx.com.br\/usisaude\/dia-mundial-de-prevencao-a-aids-um-chamado-a-conscientizacao-e-combate-ao-preconceito\/","title":{"rendered":"Dia Mundial de Preven\u00e7\u00e3o \u00e0 AIDS: um chamado \u00e0 conscientiza\u00e7\u00e3o e combate ao preconceito"},"content":{"rendered":"<p style=\"text-align: justify\">No dia 1\u00ba de dezembro celebra-se mundialmente o Dia de Preven\u00e7\u00e3o \u00e0 AIDS, uma data que refor\u00e7a a import\u00e2ncia de avan\u00e7os na luta contra o HIV e destaca a necessidade de conscientiza\u00e7\u00e3o para quebrar estigmas ainda presentes na sociedade. O Brasil, refer\u00eancia mundial no enfrentamento ao HIV, consolida sua posi\u00e7\u00e3o por meio de um sistema p\u00fablico de sa\u00fade que oferece acesso gratuito ao diagn\u00f3stico e ao tratamento, promovendo uma abordagem inclusiva e eficiente.<\/p>\n<p style=\"text-align: justify\">Segundo o Dr. Pedro Mendes, m\u00e9dico infectologista da Funda\u00e7\u00e3o S\u00e3o Francisco Xavier (FSFX), um dos pilares do combate ao HIV \u00e9 a amplia\u00e7\u00e3o do acesso \u00e0 testagem regular, especialmente para aqueles com comportamentos de risco, pois o HIV pode come\u00e7ar silenciosamente. \u201cA maioria das pessoas infectadas pelo v\u00edrus HIV s\u00e3o assintom\u00e1ticas nos primeiros anos da infec\u00e7\u00e3o. Passam por longos anos, de 5 at\u00e9 10 anos, sem manifestar nenhum sinal e sintoma relacionado \u00e0 infec\u00e7\u00e3o. Dessa forma, a testagem regular, sobretudo de pessoas que apresentam comportamentos de risco com maior vulnerabilidade \u00e0 exposi\u00e7\u00e3o ao v\u00edrus, \u00e9 essencial para um diagn\u00f3stico precoce e um tratamento oportuno, cortando assim a cadeia de transmiss\u00e3o\u201d, afirma.<\/p>\n<p style=\"text-align: justify\">Segundo o infectologista, no passado, o diagn\u00f3stico de HIV era muitas vezes associado a uma senten\u00e7a de morte, mas os avan\u00e7os cient\u00edficos mudaram radicalmente essa realidade. \u201cAtualmente, tratamentos modernos e seguros permitem que pessoas com HIV tenham uma expectativa de vida semelhante \u00e0 de pessoas n\u00e3o infectadas. No entanto, superar essa imagem do passado e combater o preconceito continuam sendo desafios cruciais\u201d, destaca o m\u00e9dico da FSFX.<\/p>\n<p style=\"text-align: justify\">Modalidades inovadoras de preven\u00e7\u00e3o, como a PrEP (Profilaxia Pr\u00e9-Exposi\u00e7\u00e3o) e a PEP (Profilaxia P\u00f3s-Exposi\u00e7\u00e3o), t\u00eam desempenhado pap\u00e9is essenciais na redu\u00e7\u00e3o de novos casos. \u201cAo ser oferecida aos indiv\u00edduos com maior vulnerabilidade ao v\u00edrus, a PrEP mostrou efic\u00e1cia significativa. Em S\u00e3o Paulo, por exemplo, o acesso ampliado \u00e0 PrEP resultou em uma redu\u00e7\u00e3o superior a 50% nos novos diagn\u00f3sticos. J\u00e1 a PEP, indicada em emerg\u00eancias, como exposi\u00e7\u00e3o sexual desprotegida ou acidentes com material biol\u00f3gico, \u00e9 um recurso de alta efic\u00e1cia quando iniciada em at\u00e9 72 horas ap\u00f3s a exposi\u00e7\u00e3o\u201d, comenta Dr. Pedro Mendes.<\/p>\n<p style=\"text-align: justify\">O m\u00e9dico enfatiza que, ao contr\u00e1rio do que se dizia no in\u00edcio da epidemia, na d\u00e9cada de 80, n\u00e3o h\u00e1 \u201cgrupos de risco\u201d, mas sim \u201ccomportamentos de risco\u201d. Ele lista como fatores de maior vulnerabilidade pr\u00e1ticas sexuais sem preservativo, m\u00faltiplos parceiros sexuais, uso de drogas associado ao sexo e a presen\u00e7a de Infec\u00e7\u00f5es Sexualmente Transmiss\u00edveis (ISTs). \u201cEssa mudan\u00e7a de paradigma \u00e9 fundamental para evitar a estigmatiza\u00e7\u00e3o e focar na preven\u00e7\u00e3o\u201d, destaca.<\/p>\n<p style=\"text-align: justify\"><strong>Preconceito: o maior inimigo no combate ao HIV<\/strong><\/p>\n<p style=\"text-align: justify\">Apesar dos avan\u00e7os, o preconceito ainda \u00e9 uma das barreiras mais significativas enfrentadas por pessoas que vivem com HIV. \u201cSem nenhuma d\u00favida, o fator relacionado ao HIV que mais mata \u00e9 o preconceito, e isso n\u00e3o \u00e9 nenhum clich\u00ea. Todo o estigma e o preconceito em torno dessa infec\u00e7\u00e3o criam no imagin\u00e1rio popular medo e receio pelo diagn\u00f3stico, o que faz com que o usu\u00e1rio fique cada vez mais distante do diagn\u00f3stico precoce. Eu digo sempre que o HIV n\u00e3o define o car\u00e1ter de ningu\u00e9m, e lutar pelo combate ao preconceito social e, tamb\u00e9m, o preconceito relacionado aos pr\u00f3prios profissionais de sa\u00fade envolvidos no atendimento aos pacientes com HIV \u00e9 um desafio e ele deve ser superado. Datas como o 1\u00ba de dezembro, onde mundialmente \u00e9 comemorado o dia pelo combate e enfrentamento ao HIV s\u00e3o importantes para marcar o avan\u00e7o nos direitos, o avan\u00e7o nas conquistas, no respeito e na dignidade das pessoas que vivem com HIV\u201d, afirma Dr. Pedro Mendes.<\/p>\n<p style=\"text-align: justify\">De acordo com o infectologista da FSFX, desde 2013, o Minist\u00e9rio da Sa\u00fade recomenda o in\u00edcio do tratamento universal assim que o diagn\u00f3stico \u00e9 confirmado, assegurando maior qualidade e expectativa de vida aos pacientes. \u201cEsta recomenda\u00e7\u00e3o se baseia no entendimento de que o in\u00edcio do tratamento precoce garante ao indiv\u00edduo melhores resultados, como o restabelecimento da qualidade de vida e prolongamento da expectativa de vida. Uma vez que, quando a doen\u00e7a chega na fase AIDS, o paciente j\u00e1 tem a imunidade muito severamente comprometida, tornando-o vulner\u00e1vel a diversas infec\u00e7\u00f5es oportunistas, diminuindo muito a qualidade de vida e a expectativa de vida. A recomenda\u00e7\u00e3o \u00e9 o diagn\u00f3stico e o tratamento o mais precoce poss\u00edvel\u201d, orienta.<\/p>\n<p style=\"text-align: justify\">O Dia Mundial de Preven\u00e7\u00e3o \u00e0 AIDS \u00e9 importante para celebrar conquistas e renovar o compromisso com a luta contra o estigma e o preconceito. A conscientiza\u00e7\u00e3o, o acesso ao diagn\u00f3stico e ao tratamento, e a educa\u00e7\u00e3o sobre a doen\u00e7a s\u00e3o as ferramentas mais poderosas para um futuro sem AIDS. \u201cPrevenir o HIV \u00e9 cuidar de vidas, e cada vida importa\u201d, pontua Dr. Pedro.<\/p>\n<p style=\"text-align: justify\"><strong>Funda\u00e7\u00e3o S\u00e3o Francisco Xavier <\/strong><\/p>\n<p style=\"text-align: justify\">A Funda\u00e7\u00e3o S\u00e3o Francisco Xavier \u00e9 uma entidade filantr\u00f3pica que atua desde 1969 e conta com cerca de 6.000 colaboradores. Atualmente, administra duas unidades hospitalares, sendo o Hospital M\u00e1rcio Cunha com cerca de 70% dos atendimentos pelo SUS, em Ipatinga, e o Hospital Municipal Carlos Chagas com 100% dos atendimentos pelo SUS, em Itabira (MG). As unidades hospitalares t\u00eam uma gest\u00e3o marcada pela responsabilidade, pela oferta de atendimentos de excel\u00eancia e pelas melhores pr\u00e1ticas de seguran\u00e7a. Al\u00e9m das unidades hospitalares, a Funda\u00e7\u00e3o \u00e9 respons\u00e1vel por administrar a operadora de Planos de Sa\u00fade Usisa\u00fade, que possui mais de 200 mil vidas, o Centro de Odontologia Integrada, que mant\u00e9m os melhores indicadores de sa\u00fade bucal j\u00e1 divulgados no Brasil, e o Servi\u00e7o de Seguran\u00e7a do Trabalho, Sa\u00fade Ocupacional e Meio Ambiente \u2013 Vita, que soma mais de 160 mil vidas sob sua gest\u00e3o. Na \u00e1rea educacional, o Col\u00e9gio S\u00e3o Francisco Xavier, unidade precursora localizada em Ipatinga, \u00e9 refer\u00eancia em Educa\u00e7\u00e3o na regi\u00e3o, com cerca de 3 mil alunos, da educa\u00e7\u00e3o infantil \u00e0 forma\u00e7\u00e3o t\u00e9cnica.<\/p>\n","protected":false},"excerpt":{"rendered":"<p>No dia 1\u00ba de dezembro celebra-se mundialmente o Dia de Preven\u00e7\u00e3o \u00e0 AIDS, uma data que refor\u00e7a a import\u00e2ncia de avan\u00e7os na luta contra o HIV e destaca a necessidade de conscientiza\u00e7\u00e3o para quebrar estigmas ainda presentes na sociedade. O Brasil, refer\u00eancia mundial no enfrentamento ao HIV, consolida sua posi\u00e7\u00e3o por meio de um sistema [&hellip;]<\/p>\n","protected":false},"author":26,"featured_media":11245,"comment_status":"closed","ping_status":"closed","sticky":false,"template":"","format":"standard","meta":{"_acf_changed":false,"site-sidebar-layout":"default","site-content-layout":"","ast-site-content-layout":"default","site-content-style":"default","site-sidebar-style":"default","ast-global-header-display":"","ast-banner-title-visibility":"","ast-main-header-display":"","ast-hfb-above-header-display":"","ast-hfb-below-header-display":"","ast-hfb-mobile-header-display":"","site-post-title":"","ast-breadcrumbs-content":"","ast-featured-img":"","footer-sml-layout":"","theme-transparent-header-meta":"","adv-header-id-meta":"","stick-header-meta":"","header-above-stick-meta":"","header-main-stick-meta":"","header-below-stick-meta":"","astra-migrate-meta-layouts":"default","ast-page-background-enabled":"default","ast-page-background-meta":{"desktop":{"background-color":"var(--ast-global-color-4)","background-image":"","background-repeat":"repeat","background-position":"center center","background-size":"auto","background-attachment":"scroll","background-type":"","background-media":"","overlay-type":"","overlay-color":"","overlay-opacity":"","overlay-gradient":""},"tablet":{"background-color":"","background-image":"","background-repeat":"repeat","background-position":"center center","background-size":"auto","background-attachment":"scroll","background-type":"","background-media":"","overlay-type":"","overlay-color":"","overlay-opacity":"","overlay-gradient":""},"mobile":{"background-color":"","background-image":"","background-repeat":"repeat","background-position":"center center","background-size":"auto","background-attachment":"scroll","background-type":"","background-media":"","overlay-type":"","overlay-color":"","overlay-opacity":"","overlay-gradient":""}},"ast-content-background-meta":{"desktop":{"background-color":"var(--ast-global-color-5)","background-image":"","background-repeat":"repeat","background-position":"center center","background-size":"auto","background-attachment":"scroll","background-type":"","background-media":"","overlay-type":"","overlay-color":"","overlay-opacity":"","overlay-gradient":""},"tablet":{"background-color":"var(--ast-global-color-5)","background-image":"","background-repeat":"repeat","background-position":"center center","background-size":"auto","background-attachment":"scroll","background-type":"","background-media":"","overlay-type":"","overlay-color":"","overlay-opacity":"","overlay-gradient":""},"mobile":{"background-color":"var(--ast-global-color-5)","background-image":"","background-repeat":"repeat","background-position":"center center","background-size":"auto","background-attachment":"scroll","background-type":"","background-media":"","overlay-type":"","overlay-color":"","overlay-opacity":"","overlay-gradient":""}},"footnotes":""},"categories":[1,292],"tags":[],"class_list":["post-11244","post","type-post","status-publish","format-standard","has-post-thumbnail","hentry","category-noticias","category-prevencao"],"acf":[],"yoast_head":"<!-- This site is optimized with the Yoast SEO plugin v26.9 - https:\/\/yoast.com\/product\/yoast-seo-wordpress\/ -->\n<title>Dia Mundial de Preven\u00e7\u00e3o \u00e0 AIDS: um chamado \u00e0 conscientiza\u00e7\u00e3o e combate ao preconceito<\/title>\n<meta name=\"description\" content=\"Segundo o Dr. Pedro Mendes, m\u00e9dico infectologista da Funda\u00e7\u00e3o S\u00e3o Francisco Xavier (FSFX), um dos pilares do combate ao HIV \u00e9 a amplia\u00e7\u00e3o do acesso \u00e0 testagem regular.\" \/>\n<meta name=\"robots\" content=\"index, follow, max-snippet:-1, max-image-preview:large, max-video-preview:-1\" \/>\n<link rel=\"canonical\" href=\"https:\/\/www.fsfx.com.br\/usisaude\/dia-mundial-de-prevencao-a-aids-um-chamado-a-conscientizacao-e-combate-ao-preconceito\/\" \/>\n<meta property=\"og:locale\" content=\"pt_BR\" \/>\n<meta property=\"og:type\" content=\"article\" \/>\n<meta property=\"og:title\" content=\"Dia Mundial de Preven\u00e7\u00e3o \u00e0 AIDS: um chamado \u00e0 conscientiza\u00e7\u00e3o e combate ao preconceito\" \/>\n<meta property=\"og:description\" content=\"Segundo o Dr. Pedro Mendes, m\u00e9dico infectologista da Funda\u00e7\u00e3o S\u00e3o Francisco Xavier (FSFX), um dos pilares do combate ao HIV \u00e9 a amplia\u00e7\u00e3o do acesso \u00e0 testagem regular.\" \/>\n<meta property=\"og:url\" content=\"https:\/\/www.fsfx.com.br\/usisaude\/dia-mundial-de-prevencao-a-aids-um-chamado-a-conscientizacao-e-combate-ao-preconceito\/\" \/>\n<meta property=\"og:site_name\" content=\"Usisa\u00fade\" \/>\n<meta property=\"article:published_time\" content=\"2024-12-06T15:01:55+00:00\" \/>\n<meta property=\"article:modified_time\" content=\"2024-12-06T15:02:51+00:00\" \/>\n<meta property=\"og:image\" content=\"https:\/\/www.fsfx.com.br\/usisaude\/wp-content\/uploads\/sites\/6\/2024\/12\/Dr.-Pedro-Mendes-medico-infectologista-da-FSFX.jpeg\" \/>\n\t<meta property=\"og:image:width\" content=\"1920\" \/>\n\t<meta property=\"og:image:height\" content=\"1280\" \/>\n\t<meta property=\"og:image:type\" content=\"image\/jpeg\" \/>\n<meta name=\"author\" content=\"Igor Reis\" \/>\n<meta name=\"twitter:card\" content=\"summary_large_image\" \/>\n<meta name=\"twitter:label1\" content=\"Escrito por\" \/>\n\t<meta name=\"twitter:data1\" content=\"Igor Reis\" \/>\n\t<meta name=\"twitter:label2\" content=\"Est. tempo de leitura\" \/>\n\t<meta name=\"twitter:data2\" content=\"6 minutos\" \/>\n<script type=\"application\/ld+json\" class=\"yoast-schema-graph\">{\"@context\":\"https:\/\/schema.org\",\"@graph\":[{\"@type\":\"Article\",\"@id\":\"https:\/\/www.fsfx.com.br\/usisaude\/dia-mundial-de-prevencao-a-aids-um-chamado-a-conscientizacao-e-combate-ao-preconceito\/#article\",\"isPartOf\":{\"@id\":\"https:\/\/www.fsfx.com.br\/usisaude\/dia-mundial-de-prevencao-a-aids-um-chamado-a-conscientizacao-e-combate-ao-preconceito\/\"},\"author\":{\"name\":\"Igor Reis\",\"@id\":\"https:\/\/www.fsfx.com.br\/usisaude\/#\/schema\/person\/4be1f8fedd5049bdb17a749e9a09467f\"},\"headline\":\"Dia Mundial de Preven\u00e7\u00e3o \u00e0 AIDS: um chamado \u00e0 conscientiza\u00e7\u00e3o e combate ao preconceito\",\"datePublished\":\"2024-12-06T15:01:55+00:00\",\"dateModified\":\"2024-12-06T15:02:51+00:00\",\"mainEntityOfPage\":{\"@id\":\"https:\/\/www.fsfx.com.br\/usisaude\/dia-mundial-de-prevencao-a-aids-um-chamado-a-conscientizacao-e-combate-ao-preconceito\/\"},\"wordCount\":1041,\"publisher\":{\"@id\":\"https:\/\/www.fsfx.com.br\/usisaude\/#organization\"},\"image\":{\"@id\":\"https:\/\/www.fsfx.com.br\/usisaude\/dia-mundial-de-prevencao-a-aids-um-chamado-a-conscientizacao-e-combate-ao-preconceito\/#primaryimage\"},\"thumbnailUrl\":\"https:\/\/www.fsfx.com.br\/usisaude\/wp-content\/uploads\/sites\/6\/2024\/12\/Dr.-Pedro-Mendes-medico-infectologista-da-FSFX.jpeg\",\"articleSection\":[\"Not\u00edcias\",\"Preven\u00e7\u00e3o\"],\"inLanguage\":\"pt-BR\"},{\"@type\":\"WebPage\",\"@id\":\"https:\/\/www.fsfx.com.br\/usisaude\/dia-mundial-de-prevencao-a-aids-um-chamado-a-conscientizacao-e-combate-ao-preconceito\/\",\"url\":\"https:\/\/www.fsfx.com.br\/usisaude\/dia-mundial-de-prevencao-a-aids-um-chamado-a-conscientizacao-e-combate-ao-preconceito\/\",\"name\":\"Dia Mundial de Preven\u00e7\u00e3o \u00e0 AIDS: um chamado \u00e0 conscientiza\u00e7\u00e3o e combate ao preconceito\",\"isPartOf\":{\"@id\":\"https:\/\/www.fsfx.com.br\/usisaude\/#website\"},\"primaryImageOfPage\":{\"@id\":\"https:\/\/www.fsfx.com.br\/usisaude\/dia-mundial-de-prevencao-a-aids-um-chamado-a-conscientizacao-e-combate-ao-preconceito\/#primaryimage\"},\"image\":{\"@id\":\"https:\/\/www.fsfx.com.br\/usisaude\/dia-mundial-de-prevencao-a-aids-um-chamado-a-conscientizacao-e-combate-ao-preconceito\/#primaryimage\"},\"thumbnailUrl\":\"https:\/\/www.fsfx.com.br\/usisaude\/wp-content\/uploads\/sites\/6\/2024\/12\/Dr.-Pedro-Mendes-medico-infectologista-da-FSFX.jpeg\",\"datePublished\":\"2024-12-06T15:01:55+00:00\",\"dateModified\":\"2024-12-06T15:02:51+00:00\",\"description\":\"Segundo o Dr. Pedro Mendes, m\u00e9dico infectologista da Funda\u00e7\u00e3o S\u00e3o Francisco Xavier (FSFX), um dos pilares do combate ao HIV \u00e9 a amplia\u00e7\u00e3o do acesso \u00e0 testagem regular.\",\"breadcrumb\":{\"@id\":\"https:\/\/www.fsfx.com.br\/usisaude\/dia-mundial-de-prevencao-a-aids-um-chamado-a-conscientizacao-e-combate-ao-preconceito\/#breadcrumb\"},\"inLanguage\":\"pt-BR\",\"potentialAction\":[{\"@type\":\"ReadAction\",\"target\":[\"https:\/\/www.fsfx.com.br\/usisaude\/dia-mundial-de-prevencao-a-aids-um-chamado-a-conscientizacao-e-combate-ao-preconceito\/\"]}]},{\"@type\":\"ImageObject\",\"inLanguage\":\"pt-BR\",\"@id\":\"https:\/\/www.fsfx.com.br\/usisaude\/dia-mundial-de-prevencao-a-aids-um-chamado-a-conscientizacao-e-combate-ao-preconceito\/#primaryimage\",\"url\":\"https:\/\/www.fsfx.com.br\/usisaude\/wp-content\/uploads\/sites\/6\/2024\/12\/Dr.-Pedro-Mendes-medico-infectologista-da-FSFX.jpeg\",\"contentUrl\":\"https:\/\/www.fsfx.com.br\/usisaude\/wp-content\/uploads\/sites\/6\/2024\/12\/Dr.-Pedro-Mendes-medico-infectologista-da-FSFX.jpeg\",\"width\":1920,\"height\":1280},{\"@type\":\"BreadcrumbList\",\"@id\":\"https:\/\/www.fsfx.com.br\/usisaude\/dia-mundial-de-prevencao-a-aids-um-chamado-a-conscientizacao-e-combate-ao-preconceito\/#breadcrumb\",\"itemListElement\":[{\"@type\":\"ListItem\",\"position\":1,\"name\":\"In\u00edcio\",\"item\":\"https:\/\/www.fsfx.com.br\/usisaude\/\"},{\"@type\":\"ListItem\",\"position\":2,\"name\":\"Dia Mundial de Preven\u00e7\u00e3o \u00e0 AIDS: um chamado \u00e0 conscientiza\u00e7\u00e3o e combate ao preconceito\"}]},{\"@type\":\"WebSite\",\"@id\":\"https:\/\/www.fsfx.com.br\/usisaude\/#website\",\"url\":\"https:\/\/www.fsfx.com.br\/usisaude\/\",\"name\":\"Usisa\u00fade\",\"description\":\"Somos a Usisa\u00fade, uma operadora de planos de sa\u00fade da Funda\u00e7\u00e3o S\u00e3o Francisco Xavier (FSFX), a maior em modalidade filantr\u00f3pica do pa\u00eds.\",\"publisher\":{\"@id\":\"https:\/\/www.fsfx.com.br\/usisaude\/#organization\"},\"potentialAction\":[{\"@type\":\"SearchAction\",\"target\":{\"@type\":\"EntryPoint\",\"urlTemplate\":\"https:\/\/www.fsfx.com.br\/usisaude\/?s={search_term_string}\"},\"query-input\":{\"@type\":\"PropertyValueSpecification\",\"valueRequired\":true,\"valueName\":\"search_term_string\"}}],\"inLanguage\":\"pt-BR\"},{\"@type\":\"Organization\",\"@id\":\"https:\/\/www.fsfx.com.br\/usisaude\/#organization\",\"name\":\"Usisa\u00fade\",\"url\":\"https:\/\/www.fsfx.com.br\/usisaude\/\",\"logo\":{\"@type\":\"ImageObject\",\"inLanguage\":\"pt-BR\",\"@id\":\"https:\/\/www.fsfx.com.br\/usisaude\/#\/schema\/logo\/image\/\",\"url\":\"https:\/\/www.fsfx.com.br\/usisaude\/wp-content\/uploads\/sites\/6\/2022\/03\/logo-ususaude-1.svg\",\"contentUrl\":\"https:\/\/www.fsfx.com.br\/usisaude\/wp-content\/uploads\/sites\/6\/2022\/03\/logo-ususaude-1.svg\",\"width\":445,\"height\":196,\"caption\":\"Usisa\u00fade\"},\"image\":{\"@id\":\"https:\/\/www.fsfx.com.br\/usisaude\/#\/schema\/logo\/image\/\"}},{\"@type\":\"Person\",\"@id\":\"https:\/\/www.fsfx.com.br\/usisaude\/#\/schema\/person\/4be1f8fedd5049bdb17a749e9a09467f\",\"name\":\"Igor Reis\",\"image\":{\"@type\":\"ImageObject\",\"inLanguage\":\"pt-BR\",\"@id\":\"https:\/\/www.fsfx.com.br\/usisaude\/#\/schema\/person\/image\/\",\"url\":\"https:\/\/secure.gravatar.com\/avatar\/02acd1ab450b18b191988c3a1a1e708ac3493173c24b725ccb535fa9b9c74a66?s=96&d=mm&r=g\",\"contentUrl\":\"https:\/\/secure.gravatar.com\/avatar\/02acd1ab450b18b191988c3a1a1e708ac3493173c24b725ccb535fa9b9c74a66?s=96&d=mm&r=g\",\"caption\":\"Igor Reis\"},\"url\":\"https:\/\/www.fsfx.com.br\/usisaude\/author\/igorreis\/\"}]}<\/script>\n<!-- \/ Yoast SEO plugin. -->","yoast_head_json":{"title":"Dia Mundial de Preven\u00e7\u00e3o \u00e0 AIDS: um chamado \u00e0 conscientiza\u00e7\u00e3o e combate ao preconceito","description":"Segundo o Dr. Pedro Mendes, m\u00e9dico infectologista da Funda\u00e7\u00e3o S\u00e3o Francisco Xavier (FSFX), um dos pilares do combate ao HIV \u00e9 a amplia\u00e7\u00e3o do acesso \u00e0 testagem regular.","robots":{"index":"index","follow":"follow","max-snippet":"max-snippet:-1","max-image-preview":"max-image-preview:large","max-video-preview":"max-video-preview:-1"},"canonical":"https:\/\/www.fsfx.com.br\/usisaude\/dia-mundial-de-prevencao-a-aids-um-chamado-a-conscientizacao-e-combate-ao-preconceito\/","og_locale":"pt_BR","og_type":"article","og_title":"Dia Mundial de Preven\u00e7\u00e3o \u00e0 AIDS: um chamado \u00e0 conscientiza\u00e7\u00e3o e combate ao preconceito","og_description":"Segundo o Dr. Pedro Mendes, m\u00e9dico infectologista da Funda\u00e7\u00e3o S\u00e3o Francisco Xavier (FSFX), um dos pilares do combate ao HIV \u00e9 a amplia\u00e7\u00e3o do acesso \u00e0 testagem regular.","og_url":"https:\/\/www.fsfx.com.br\/usisaude\/dia-mundial-de-prevencao-a-aids-um-chamado-a-conscientizacao-e-combate-ao-preconceito\/","og_site_name":"Usisa\u00fade","article_published_time":"2024-12-06T15:01:55+00:00","article_modified_time":"2024-12-06T15:02:51+00:00","og_image":[{"width":1920,"height":1280,"url":"https:\/\/www.fsfx.com.br\/usisaude\/wp-content\/uploads\/sites\/6\/2024\/12\/Dr.-Pedro-Mendes-medico-infectologista-da-FSFX.jpeg","type":"image\/jpeg"}],"author":"Igor Reis","twitter_card":"summary_large_image","twitter_misc":{"Escrito por":"Igor Reis","Est. tempo de leitura":"6 minutos"},"schema":{"@context":"https:\/\/schema.org","@graph":[{"@type":"Article","@id":"https:\/\/www.fsfx.com.br\/usisaude\/dia-mundial-de-prevencao-a-aids-um-chamado-a-conscientizacao-e-combate-ao-preconceito\/#article","isPartOf":{"@id":"https:\/\/www.fsfx.com.br\/usisaude\/dia-mundial-de-prevencao-a-aids-um-chamado-a-conscientizacao-e-combate-ao-preconceito\/"},"author":{"name":"Igor Reis","@id":"https:\/\/www.fsfx.com.br\/usisaude\/#\/schema\/person\/4be1f8fedd5049bdb17a749e9a09467f"},"headline":"Dia Mundial de Preven\u00e7\u00e3o \u00e0 AIDS: um chamado \u00e0 conscientiza\u00e7\u00e3o e combate ao preconceito","datePublished":"2024-12-06T15:01:55+00:00","dateModified":"2024-12-06T15:02:51+00:00","mainEntityOfPage":{"@id":"https:\/\/www.fsfx.com.br\/usisaude\/dia-mundial-de-prevencao-a-aids-um-chamado-a-conscientizacao-e-combate-ao-preconceito\/"},"wordCount":1041,"publisher":{"@id":"https:\/\/www.fsfx.com.br\/usisaude\/#organization"},"image":{"@id":"https:\/\/www.fsfx.com.br\/usisaude\/dia-mundial-de-prevencao-a-aids-um-chamado-a-conscientizacao-e-combate-ao-preconceito\/#primaryimage"},"thumbnailUrl":"https:\/\/www.fsfx.com.br\/usisaude\/wp-content\/uploads\/sites\/6\/2024\/12\/Dr.-Pedro-Mendes-medico-infectologista-da-FSFX.jpeg","articleSection":["Not\u00edcias","Preven\u00e7\u00e3o"],"inLanguage":"pt-BR"},{"@type":"WebPage","@id":"https:\/\/www.fsfx.com.br\/usisaude\/dia-mundial-de-prevencao-a-aids-um-chamado-a-conscientizacao-e-combate-ao-preconceito\/","url":"https:\/\/www.fsfx.com.br\/usisaude\/dia-mundial-de-prevencao-a-aids-um-chamado-a-conscientizacao-e-combate-ao-preconceito\/","name":"Dia Mundial de Preven\u00e7\u00e3o \u00e0 AIDS: um chamado \u00e0 conscientiza\u00e7\u00e3o e combate ao preconceito","isPartOf":{"@id":"https:\/\/www.fsfx.com.br\/usisaude\/#website"},"primaryImageOfPage":{"@id":"https:\/\/www.fsfx.com.br\/usisaude\/dia-mundial-de-prevencao-a-aids-um-chamado-a-conscientizacao-e-combate-ao-preconceito\/#primaryimage"},"image":{"@id":"https:\/\/www.fsfx.com.br\/usisaude\/dia-mundial-de-prevencao-a-aids-um-chamado-a-conscientizacao-e-combate-ao-preconceito\/#primaryimage"},"thumbnailUrl":"https:\/\/www.fsfx.com.br\/usisaude\/wp-content\/uploads\/sites\/6\/2024\/12\/Dr.-Pedro-Mendes-medico-infectologista-da-FSFX.jpeg","datePublished":"2024-12-06T15:01:55+00:00","dateModified":"2024-12-06T15:02:51+00:00","description":"Segundo o Dr. Pedro Mendes, m\u00e9dico infectologista da Funda\u00e7\u00e3o S\u00e3o Francisco Xavier (FSFX), um dos pilares do combate ao HIV \u00e9 a amplia\u00e7\u00e3o do acesso \u00e0 testagem regular.","breadcrumb":{"@id":"https:\/\/www.fsfx.com.br\/usisaude\/dia-mundial-de-prevencao-a-aids-um-chamado-a-conscientizacao-e-combate-ao-preconceito\/#breadcrumb"},"inLanguage":"pt-BR","potentialAction":[{"@type":"ReadAction","target":["https:\/\/www.fsfx.com.br\/usisaude\/dia-mundial-de-prevencao-a-aids-um-chamado-a-conscientizacao-e-combate-ao-preconceito\/"]}]},{"@type":"ImageObject","inLanguage":"pt-BR","@id":"https:\/\/www.fsfx.com.br\/usisaude\/dia-mundial-de-prevencao-a-aids-um-chamado-a-conscientizacao-e-combate-ao-preconceito\/#primaryimage","url":"https:\/\/www.fsfx.com.br\/usisaude\/wp-content\/uploads\/sites\/6\/2024\/12\/Dr.-Pedro-Mendes-medico-infectologista-da-FSFX.jpeg","contentUrl":"https:\/\/www.fsfx.com.br\/usisaude\/wp-content\/uploads\/sites\/6\/2024\/12\/Dr.-Pedro-Mendes-medico-infectologista-da-FSFX.jpeg","width":1920,"height":1280},{"@type":"BreadcrumbList","@id":"https:\/\/www.fsfx.com.br\/usisaude\/dia-mundial-de-prevencao-a-aids-um-chamado-a-conscientizacao-e-combate-ao-preconceito\/#breadcrumb","itemListElement":[{"@type":"ListItem","position":1,"name":"In\u00edcio","item":"https:\/\/www.fsfx.com.br\/usisaude\/"},{"@type":"ListItem","position":2,"name":"Dia Mundial de Preven\u00e7\u00e3o \u00e0 AIDS: um chamado \u00e0 conscientiza\u00e7\u00e3o e combate ao preconceito"}]},{"@type":"WebSite","@id":"https:\/\/www.fsfx.com.br\/usisaude\/#website","url":"https:\/\/www.fsfx.com.br\/usisaude\/","name":"Usisa\u00fade","description":"Somos a Usisa\u00fade, uma operadora de planos de sa\u00fade da Funda\u00e7\u00e3o S\u00e3o Francisco Xavier (FSFX), a maior em modalidade filantr\u00f3pica do pa\u00eds.","publisher":{"@id":"https:\/\/www.fsfx.com.br\/usisaude\/#organization"},"potentialAction":[{"@type":"SearchAction","target":{"@type":"EntryPoint","urlTemplate":"https:\/\/www.fsfx.com.br\/usisaude\/?s={search_term_string}"},"query-input":{"@type":"PropertyValueSpecification","valueRequired":true,"valueName":"search_term_string"}}],"inLanguage":"pt-BR"},{"@type":"Organization","@id":"https:\/\/www.fsfx.com.br\/usisaude\/#organization","name":"Usisa\u00fade","url":"https:\/\/www.fsfx.com.br\/usisaude\/","logo":{"@type":"ImageObject","inLanguage":"pt-BR","@id":"https:\/\/www.fsfx.com.br\/usisaude\/#\/schema\/logo\/image\/","url":"https:\/\/www.fsfx.com.br\/usisaude\/wp-content\/uploads\/sites\/6\/2022\/03\/logo-ususaude-1.svg","contentUrl":"https:\/\/www.fsfx.com.br\/usisaude\/wp-content\/uploads\/sites\/6\/2022\/03\/logo-ususaude-1.svg","width":445,"height":196,"caption":"Usisa\u00fade"},"image":{"@id":"https:\/\/www.fsfx.com.br\/usisaude\/#\/schema\/logo\/image\/"}},{"@type":"Person","@id":"https:\/\/www.fsfx.com.br\/usisaude\/#\/schema\/person\/4be1f8fedd5049bdb17a749e9a09467f","name":"Igor Reis","image":{"@type":"ImageObject","inLanguage":"pt-BR","@id":"https:\/\/www.fsfx.com.br\/usisaude\/#\/schema\/person\/image\/","url":"https:\/\/secure.gravatar.com\/avatar\/02acd1ab450b18b191988c3a1a1e708ac3493173c24b725ccb535fa9b9c74a66?s=96&d=mm&r=g","contentUrl":"https:\/\/secure.gravatar.com\/avatar\/02acd1ab450b18b191988c3a1a1e708ac3493173c24b725ccb535fa9b9c74a66?s=96&d=mm&r=g","caption":"Igor Reis"},"url":"https:\/\/www.fsfx.com.br\/usisaude\/author\/igorreis\/"}]}},"_links":{"self":[{"href":"https:\/\/www.fsfx.com.br\/usisaude\/wp-json\/wp\/v2\/posts\/11244","targetHints":{"allow":["GET"]}}],"collection":[{"href":"https:\/\/www.fsfx.com.br\/usisaude\/wp-json\/wp\/v2\/posts"}],"about":[{"href":"https:\/\/www.fsfx.com.br\/usisaude\/wp-json\/wp\/v2\/types\/post"}],"author":[{"embeddable":true,"href":"https:\/\/www.fsfx.com.br\/usisaude\/wp-json\/wp\/v2\/users\/26"}],"replies":[{"embeddable":true,"href":"https:\/\/www.fsfx.com.br\/usisaude\/wp-json\/wp\/v2\/comments?post=11244"}],"version-history":[{"count":1,"href":"https:\/\/www.fsfx.com.br\/usisaude\/wp-json\/wp\/v2\/posts\/11244\/revisions"}],"predecessor-version":[{"id":11246,"href":"https:\/\/www.fsfx.com.br\/usisaude\/wp-json\/wp\/v2\/posts\/11244\/revisions\/11246"}],"wp:featuredmedia":[{"embeddable":true,"href":"https:\/\/www.fsfx.com.br\/usisaude\/wp-json\/wp\/v2\/media\/11245"}],"wp:attachment":[{"href":"https:\/\/www.fsfx.com.br\/usisaude\/wp-json\/wp\/v2\/media?parent=11244"}],"wp:term":[{"taxonomy":"category","embeddable":true,"href":"https:\/\/www.fsfx.com.br\/usisaude\/wp-json\/wp\/v2\/categories?post=11244"},{"taxonomy":"post_tag","embeddable":true,"href":"https:\/\/www.fsfx.com.br\/usisaude\/wp-json\/wp\/v2\/tags?post=11244"}],"curies":[{"name":"wp","href":"https:\/\/api.w.org\/{rel}","templated":true}]}}