{"id":11653,"date":"2025-03-07T16:53:47","date_gmt":"2025-03-07T19:53:47","guid":{"rendered":"https:\/\/www.fsfx.com.br\/usisaude\/?p=11653"},"modified":"2025-03-07T16:53:47","modified_gmt":"2025-03-07T19:53:47","slug":"mulher-forte-e-saudavel-a-importancia-do-autocuidado-e-da-prevencao","status":"publish","type":"post","link":"https:\/\/www.fsfx.com.br\/usisaude\/mulher-forte-e-saudavel-a-importancia-do-autocuidado-e-da-prevencao\/","title":{"rendered":"Mulher forte e saud\u00e1vel: a import\u00e2ncia do autocuidado e da preven\u00e7\u00e3o"},"content":{"rendered":"<p><em>No Dia Internacional da Mulher, m\u00e9dica da FSFX traz orienta\u00e7\u00f5es essenciais para uma vida plena e equilibrada<\/em><\/p>\n<p>O Dia Internacional da Mulher, celebrado em 8 de mar\u00e7o, traz uma reflex\u00e3o sobre o papel de destaque que as mulheres desempenham na sociedade e, acima de tudo, sobre a import\u00e2ncia de cuidarem de si mesmas. A m\u00e9dica ginecologista e obstetra da Funda\u00e7\u00e3o S\u00e3o Francisco Xavier, Dra. Ana Elisa Chaves, compartilha orienta\u00e7\u00f5es preciosas sobre sa\u00fade, bem-estar e cuidados essenciais para que a mulher se sinta ainda mais forte e confiante em todas as fases da vida.<\/p>\n<p><img fetchpriority=\"high\" decoding=\"async\" class=\" wp-image-20012 alignleft\" src=\"https:\/\/www.fsfx.com.br\/wp-content\/uploads\/2025\/03\/Dra.-Ana-Elisa-200x300.jpeg\" alt=\"\" width=\"270\" height=\"406\" \/>A m\u00e9dica da FSFX enfatiza que a vida da mulher \u00e9 marcada por mudan\u00e7as constantes e, por isso, a preven\u00e7\u00e3o e o autocuidado tornam-se aliados poderosos para garantir qualidade de vida e sa\u00fade. \u201cConforme a mulher avan\u00e7a na jornada da vida, os exames preventivos devem ser feitos de forma peri\u00f3dica e personalizada, pois a detec\u00e7\u00e3o precoce de doen\u00e7as como o c\u00e2ncer de mama e de colo de \u00fatero pode salvar vidas&#8221;, ressalta a Dra. Ana Elisa.<\/p>\n<p>Dentre os exames preventivos importantes para a sa\u00fade da mulher, a m\u00e9dica ressalta que \u201ca partir dos 25 anos, quando j\u00e1 iniciou a vida sexual, o exame de Papanicolau \u00e9 recomendado para identificar altera\u00e7\u00f5es no colo do \u00fatero. J\u00e1 a mamografia deve ser realizada a partir dos 40 anos, ou antes, caso haja hist\u00f3rico familiar ou outros fatores de risco. Os exames de sangue, realizados anualmente, s\u00e3o essenciais para monitorar a sa\u00fade cardiovascular, as doen\u00e7as end\u00f3crinas e at\u00e9 mesmo a reposi\u00e7\u00e3o de vitaminas. Tudo deve ser adaptado ao hist\u00f3rico de sa\u00fade e queixas da paciente, pois a detec\u00e7\u00e3o precoce melhora as chances de cura e permite tratamentos menos invasivos\u201d. Al\u00e9m disso, a m\u00e9dica da FSFX refor\u00e7a que o autoexame das mamas deve ser feito mensalmente, preferencialmente uma semana ap\u00f3s a menstrua\u00e7\u00e3o, e a mamografia deve se tornar um h\u00e1bito anual a partir dos 40 anos, sempre discutindo os resultados com seu m\u00e9dico.<\/p>\n<p>De acordo com Ana Elisa, a sa\u00fade mental tamb\u00e9m merece aten\u00e7\u00e3o especial. O estresse, as mudan\u00e7as hormonais e as press\u00f5es sociais podem tornar as mulheres mais vulner\u00e1veis a problemas como ansiedade e depress\u00e3o. \u201cMulheres, busquem apoio psicol\u00f3gico, pratiquem atividades f\u00edsicas regularmente e estabele\u00e7am uma rotina de autocuidado, com momentos para relaxar, praticar hobbies e descansar. Tenha uma comunica\u00e7\u00e3o aberta com amigos e familiares sobre os sentimentos, pois isso \u00e9 fundamental para o equil\u00edbrio emocional\u201d, orienta Dra. Ana Elisa.<\/p>\n<p>Al\u00e9m de cuidar da mente, a profissional explica que o corpo tamb\u00e9m pede aten\u00e7\u00e3o. Alimenta\u00e7\u00e3o saud\u00e1vel e atividades f\u00edsicas regulares s\u00e3o pilares para a sa\u00fade da mulher. \u201cDietas ricas em frutas, vegetais, gr\u00e3os integrais, c\u00e1lcio e \u00f4mega-3 s\u00e3o altamente recomendadas. A pr\u00e1tica de exerc\u00edcios aer\u00f3bicos, como caminhada e nata\u00e7\u00e3o e, atividades de resist\u00eancia, como muscula\u00e7\u00e3o, devem ser incorporadas \u00e0 rotina para prevenir doen\u00e7as cr\u00f4nicas e melhorar a sa\u00fade cardiovascular e mental\u201d, afirma.<\/p>\n<p>A Dra. Ana Elisa lembra que, durante a menopausa e a terceira idade, o risco de osteoporose e doen\u00e7as card\u00edacas aumentam significativamente. \u201cA ingest\u00e3o de c\u00e1lcio e vitamina D, aliados a exerc\u00edcios f\u00edsicos, especialmente os de resist\u00eancia, s\u00e3o fundamentais para manter a sa\u00fade \u00f3ssea e cardiovascular em dia. A monitora\u00e7\u00e3o da press\u00e3o arterial e do colesterol tamb\u00e9m deve ser acompanhada com regularidade\u201d, diz a m\u00e9dica.<\/p>\n<p>Outro ponto destacado pela m\u00e9dica \u00e9 o equil\u00edbrio, a import\u00e2ncia de balancear a vida pessoal e profissional, que, em muitas das vezes, \u00e9 um desafio para v\u00e1rias mulheres. \u201c\u00c9 importante estabelecer limites claros, aprender a dizer &#8220;n\u00e3o&#8221; quando necess\u00e1rio e priorizar o autocuidado. Manter uma rede de apoio e buscar flexibilidade no trabalho s\u00e3o a\u00e7\u00f5es essenciais para prevenir o estresse e promover o bem-estar geral\u201d, explica.<\/p>\n<p><strong>Exemplo de mulher forte<\/strong><\/p>\n<p><img decoding=\"async\" class=\" wp-image-20011 alignleft\" src=\"https:\/\/www.fsfx.com.br\/wp-content\/uploads\/2025\/03\/Kenia-Coeli-300x169.jpeg\" alt=\"\" width=\"430\" height=\"242\" \/>K\u00eania Coeli, colaboradora e influencer FSFX, \u00e9 um exemplo de como as mulheres conseguem equilibrar com maestria m\u00faltiplas responsabilidades, sejam profissionais, familiares ou pessoais, sem deixar de lado a import\u00e2ncia da sa\u00fade f\u00edsica e mental. Casada e m\u00e3e de dois filhos, ela compartilha como a organiza\u00e7\u00e3o e o planejamento tornaram-se aliados essenciais para conciliar as demandas do dia a dia. \u201cPode ser clich\u00ea, mas \u00e9 fato, quando fazemos o que amamos, n\u00e3o pesa tanto. Uma dica \u00e9 o planejamento. Eu sempre recorro \u00e0s ferramentas de gest\u00e3o, como o planner, e com a agenda vinculada ao aplicativo, a visualiza\u00e7\u00e3o e organiza\u00e7\u00e3o ficam bem mais f\u00e1ceis,\u201d conta K\u00eania, destacando o uso da tecnologia para administrar sua rotina intensa.<\/p>\n<p>A sa\u00fade \u00e9 uma prioridade para K\u00eania, que acredita na import\u00e2ncia de pequenas escolhas no dia a dia. \u201cTento me alimentar bem. Uma das minhas escolhas di\u00e1rias \u00e9 a salada fornecida pela equipe de nutri\u00e7\u00e3o da FSFX, que \u00e9 nutritiva e deliciosa. Tamb\u00e9m sou adepta da corrida, uma atividade f\u00edsica que pratico no meu bairro. Al\u00e9m disso, participo de a\u00e7\u00f5es do programa +Atitude da Usisa\u00fade,\u201d revela.<\/p>\n<p>Para ela, manter-se em movimento e investir em uma alimenta\u00e7\u00e3o saud\u00e1vel s\u00e3o fundamentais para manter o equil\u00edbrio, mesmo diante de tantas responsabilidades.<\/p>\n<p>Quando o assunto \u00e9 sa\u00fade mental, K\u00eania enfatiza a import\u00e2ncia de reservar momentos para si mesma, longe da correria do dia a dia. \u201cA dica \u00e9 reservar um momento s\u00f3 para voc\u00ea. Eu, por exemplo, adoro tomar banho no escuro, com a luz das velas. Esse \u00e9 um momento meu, onde penso em coisas boas e agrade\u00e7o por tudo que tenho. Tamb\u00e9m acho essencial manter um c\u00edrculo de amizades, aquele papo gostoso com as amigas, um caf\u00e9, um sorvete, pois isso \u00e9 revigorante!\u201d, afirma k\u00eania.<\/p>\n<p>K\u00eania deixa uma mensagem inspiradora para todas as mulheres. \u201cN\u00f3s, mulheres, somos \u00fanicas! Confie em voc\u00ea, no seu potencial. Ningu\u00e9m \u00e9 cem por cento em tudo, ent\u00e3o curta a vida! As mulheres representam beleza, suavidade, alegria e cor. O encanto de ser mulher \u00e9 uma d\u00e1diva divina. Parab\u00e9ns a todas por serem especiais!\u201d, destaca.<\/p>\n<p>Nesta data t\u00e3o especial, a m\u00e9dica Ana Elisa deixa uma mensagem muito importante para reflex\u00e3o. \u201cCuidar de si mesma n\u00e3o \u00e9 um luxo, \u00e9 uma necessidade. A mulher forte \u00e9 aquela que entende que a sa\u00fade \u00e9 a base para conquistar tudo o que ela deseja e merece. Celebre o seu dia, mas n\u00e3o se esque\u00e7a de que o maior presente que voc\u00ea pode dar a si mesma \u00e9 o cuidado com a sua sa\u00fade, hoje e sempre\u201d, pontua.<\/p>\n","protected":false},"excerpt":{"rendered":"<p>No Dia Internacional da Mulher, m\u00e9dica da FSFX traz orienta\u00e7\u00f5es essenciais para uma vida plena e equilibrada O Dia Internacional da Mulher, celebrado em 8 de mar\u00e7o, traz uma reflex\u00e3o sobre o papel de destaque que as mulheres desempenham na sociedade e, acima de tudo, sobre a import\u00e2ncia de cuidarem de si mesmas. A m\u00e9dica [&hellip;]<\/p>\n","protected":false},"author":6,"featured_media":11654,"comment_status":"closed","ping_status":"closed","sticky":false,"template":"","format":"standard","meta":{"_acf_changed":false,"site-sidebar-layout":"default","site-content-layout":"","ast-site-content-layout":"default","site-content-style":"default","site-sidebar-style":"default","ast-global-header-display":"","ast-banner-title-visibility":"","ast-main-header-display":"","ast-hfb-above-header-display":"","ast-hfb-below-header-display":"","ast-hfb-mobile-header-display":"","site-post-title":"","ast-breadcrumbs-content":"","ast-featured-img":"","footer-sml-layout":"","theme-transparent-header-meta":"","adv-header-id-meta":"","stick-header-meta":"","header-above-stick-meta":"","header-main-stick-meta":"","header-below-stick-meta":"","astra-migrate-meta-layouts":"default","ast-page-background-enabled":"default","ast-page-background-meta":{"desktop":{"background-color":"var(--ast-global-color-4)","background-image":"","background-repeat":"repeat","background-position":"center center","background-size":"auto","background-attachment":"scroll","background-type":"","background-media":"","overlay-type":"","overlay-color":"","overlay-opacity":"","overlay-gradient":""},"tablet":{"background-color":"","background-image":"","background-repeat":"repeat","background-position":"center center","background-size":"auto","background-attachment":"scroll","background-type":"","background-media":"","overlay-type":"","overlay-color":"","overlay-opacity":"","overlay-gradient":""},"mobile":{"background-color":"","background-image":"","background-repeat":"repeat","background-position":"center center","background-size":"auto","background-attachment":"scroll","background-type":"","background-media":"","overlay-type":"","overlay-color":"","overlay-opacity":"","overlay-gradient":""}},"ast-content-background-meta":{"desktop":{"background-color":"var(--ast-global-color-5)","background-image":"","background-repeat":"repeat","background-position":"center center","background-size":"auto","background-attachment":"scroll","background-type":"","background-media":"","overlay-type":"","overlay-color":"","overlay-opacity":"","overlay-gradient":""},"tablet":{"background-color":"var(--ast-global-color-5)","background-image":"","background-repeat":"repeat","background-position":"center center","background-size":"auto","background-attachment":"scroll","background-type":"","background-media":"","overlay-type":"","overlay-color":"","overlay-opacity":"","overlay-gradient":""},"mobile":{"background-color":"var(--ast-global-color-5)","background-image":"","background-repeat":"repeat","background-position":"center center","background-size":"auto","background-attachment":"scroll","background-type":"","background-media":"","overlay-type":"","overlay-color":"","overlay-opacity":"","overlay-gradient":""}},"footnotes":""},"categories":[1],"tags":[],"class_list":["post-11653","post","type-post","status-publish","format-standard","has-post-thumbnail","hentry","category-noticias"],"acf":[],"yoast_head":"<!-- This site is optimized with the Yoast SEO plugin v26.9 - https:\/\/yoast.com\/product\/yoast-seo-wordpress\/ -->\n<title>Mulher forte e saud\u00e1vel: a import\u00e2ncia do autocuidado e da preven\u00e7\u00e3o - Usisa\u00fade<\/title>\n<meta name=\"robots\" content=\"index, follow, max-snippet:-1, max-image-preview:large, max-video-preview:-1\" \/>\n<link rel=\"canonical\" href=\"https:\/\/www.fsfx.com.br\/usisaude\/mulher-forte-e-saudavel-a-importancia-do-autocuidado-e-da-prevencao\/\" \/>\n<meta property=\"og:locale\" content=\"pt_BR\" \/>\n<meta property=\"og:type\" content=\"article\" \/>\n<meta property=\"og:title\" content=\"Mulher forte e saud\u00e1vel: a import\u00e2ncia do autocuidado e da preven\u00e7\u00e3o - Usisa\u00fade\" \/>\n<meta property=\"og:description\" content=\"No Dia Internacional da Mulher, m\u00e9dica da FSFX traz orienta\u00e7\u00f5es essenciais para uma vida plena e equilibrada O Dia Internacional da Mulher, celebrado em 8 de mar\u00e7o, traz uma reflex\u00e3o sobre o papel de destaque que as mulheres desempenham na sociedade e, acima de tudo, sobre a import\u00e2ncia de cuidarem de si mesmas. A m\u00e9dica [&hellip;]\" \/>\n<meta property=\"og:url\" content=\"https:\/\/www.fsfx.com.br\/usisaude\/mulher-forte-e-saudavel-a-importancia-do-autocuidado-e-da-prevencao\/\" \/>\n<meta property=\"og:site_name\" content=\"Usisa\u00fade\" \/>\n<meta property=\"article:published_time\" content=\"2025-03-07T19:53:47+00:00\" \/>\n<meta property=\"og:image\" content=\"https:\/\/www.fsfx.com.br\/usisaude\/wp-content\/uploads\/sites\/6\/2025\/03\/Kenia-Coeli.jpeg\" \/>\n\t<meta property=\"og:image:width\" content=\"1920\" \/>\n\t<meta property=\"og:image:height\" content=\"1081\" \/>\n\t<meta property=\"og:image:type\" content=\"image\/jpeg\" \/>\n<meta name=\"author\" content=\"C\u00e1ssio Santana\" \/>\n<meta name=\"twitter:card\" content=\"summary_large_image\" \/>\n<meta name=\"twitter:label1\" content=\"Escrito por\" \/>\n\t<meta name=\"twitter:data1\" content=\"C\u00e1ssio Santana\" \/>\n\t<meta name=\"twitter:label2\" content=\"Est. tempo de leitura\" \/>\n\t<meta name=\"twitter:data2\" content=\"7 minutos\" \/>\n<script type=\"application\/ld+json\" class=\"yoast-schema-graph\">{\"@context\":\"https:\/\/schema.org\",\"@graph\":[{\"@type\":\"Article\",\"@id\":\"https:\/\/www.fsfx.com.br\/usisaude\/mulher-forte-e-saudavel-a-importancia-do-autocuidado-e-da-prevencao\/#article\",\"isPartOf\":{\"@id\":\"https:\/\/www.fsfx.com.br\/usisaude\/mulher-forte-e-saudavel-a-importancia-do-autocuidado-e-da-prevencao\/\"},\"author\":{\"name\":\"C\u00e1ssio Santana\",\"@id\":\"https:\/\/www.fsfx.com.br\/usisaude\/#\/schema\/person\/6bf2cced2b7a5d5d78f5610fc8f52504\"},\"headline\":\"Mulher forte e saud\u00e1vel: a import\u00e2ncia do autocuidado e da preven\u00e7\u00e3o\",\"datePublished\":\"2025-03-07T19:53:47+00:00\",\"mainEntityOfPage\":{\"@id\":\"https:\/\/www.fsfx.com.br\/usisaude\/mulher-forte-e-saudavel-a-importancia-do-autocuidado-e-da-prevencao\/\"},\"wordCount\":1153,\"publisher\":{\"@id\":\"https:\/\/www.fsfx.com.br\/usisaude\/#organization\"},\"image\":{\"@id\":\"https:\/\/www.fsfx.com.br\/usisaude\/mulher-forte-e-saudavel-a-importancia-do-autocuidado-e-da-prevencao\/#primaryimage\"},\"thumbnailUrl\":\"https:\/\/www.fsfx.com.br\/usisaude\/wp-content\/uploads\/sites\/6\/2025\/03\/Kenia-Coeli.jpeg\",\"articleSection\":[\"Not\u00edcias\"],\"inLanguage\":\"pt-BR\"},{\"@type\":\"WebPage\",\"@id\":\"https:\/\/www.fsfx.com.br\/usisaude\/mulher-forte-e-saudavel-a-importancia-do-autocuidado-e-da-prevencao\/\",\"url\":\"https:\/\/www.fsfx.com.br\/usisaude\/mulher-forte-e-saudavel-a-importancia-do-autocuidado-e-da-prevencao\/\",\"name\":\"Mulher forte e saud\u00e1vel: a import\u00e2ncia do autocuidado e da preven\u00e7\u00e3o - Usisa\u00fade\",\"isPartOf\":{\"@id\":\"https:\/\/www.fsfx.com.br\/usisaude\/#website\"},\"primaryImageOfPage\":{\"@id\":\"https:\/\/www.fsfx.com.br\/usisaude\/mulher-forte-e-saudavel-a-importancia-do-autocuidado-e-da-prevencao\/#primaryimage\"},\"image\":{\"@id\":\"https:\/\/www.fsfx.com.br\/usisaude\/mulher-forte-e-saudavel-a-importancia-do-autocuidado-e-da-prevencao\/#primaryimage\"},\"thumbnailUrl\":\"https:\/\/www.fsfx.com.br\/usisaude\/wp-content\/uploads\/sites\/6\/2025\/03\/Kenia-Coeli.jpeg\",\"datePublished\":\"2025-03-07T19:53:47+00:00\",\"breadcrumb\":{\"@id\":\"https:\/\/www.fsfx.com.br\/usisaude\/mulher-forte-e-saudavel-a-importancia-do-autocuidado-e-da-prevencao\/#breadcrumb\"},\"inLanguage\":\"pt-BR\",\"potentialAction\":[{\"@type\":\"ReadAction\",\"target\":[\"https:\/\/www.fsfx.com.br\/usisaude\/mulher-forte-e-saudavel-a-importancia-do-autocuidado-e-da-prevencao\/\"]}]},{\"@type\":\"ImageObject\",\"inLanguage\":\"pt-BR\",\"@id\":\"https:\/\/www.fsfx.com.br\/usisaude\/mulher-forte-e-saudavel-a-importancia-do-autocuidado-e-da-prevencao\/#primaryimage\",\"url\":\"https:\/\/www.fsfx.com.br\/usisaude\/wp-content\/uploads\/sites\/6\/2025\/03\/Kenia-Coeli.jpeg\",\"contentUrl\":\"https:\/\/www.fsfx.com.br\/usisaude\/wp-content\/uploads\/sites\/6\/2025\/03\/Kenia-Coeli.jpeg\",\"width\":1920,\"height\":1081},{\"@type\":\"BreadcrumbList\",\"@id\":\"https:\/\/www.fsfx.com.br\/usisaude\/mulher-forte-e-saudavel-a-importancia-do-autocuidado-e-da-prevencao\/#breadcrumb\",\"itemListElement\":[{\"@type\":\"ListItem\",\"position\":1,\"name\":\"In\u00edcio\",\"item\":\"https:\/\/www.fsfx.com.br\/usisaude\/\"},{\"@type\":\"ListItem\",\"position\":2,\"name\":\"Mulher forte e saud\u00e1vel: a import\u00e2ncia do autocuidado e da preven\u00e7\u00e3o\"}]},{\"@type\":\"WebSite\",\"@id\":\"https:\/\/www.fsfx.com.br\/usisaude\/#website\",\"url\":\"https:\/\/www.fsfx.com.br\/usisaude\/\",\"name\":\"Usisa\u00fade\",\"description\":\"Somos a Usisa\u00fade, uma operadora de planos de sa\u00fade da Funda\u00e7\u00e3o S\u00e3o Francisco Xavier (FSFX), a maior em modalidade filantr\u00f3pica do pa\u00eds.\",\"publisher\":{\"@id\":\"https:\/\/www.fsfx.com.br\/usisaude\/#organization\"},\"potentialAction\":[{\"@type\":\"SearchAction\",\"target\":{\"@type\":\"EntryPoint\",\"urlTemplate\":\"https:\/\/www.fsfx.com.br\/usisaude\/?s={search_term_string}\"},\"query-input\":{\"@type\":\"PropertyValueSpecification\",\"valueRequired\":true,\"valueName\":\"search_term_string\"}}],\"inLanguage\":\"pt-BR\"},{\"@type\":\"Organization\",\"@id\":\"https:\/\/www.fsfx.com.br\/usisaude\/#organization\",\"name\":\"Usisa\u00fade\",\"url\":\"https:\/\/www.fsfx.com.br\/usisaude\/\",\"logo\":{\"@type\":\"ImageObject\",\"inLanguage\":\"pt-BR\",\"@id\":\"https:\/\/www.fsfx.com.br\/usisaude\/#\/schema\/logo\/image\/\",\"url\":\"https:\/\/www.fsfx.com.br\/usisaude\/wp-content\/uploads\/sites\/6\/2022\/03\/logo-ususaude-1.svg\",\"contentUrl\":\"https:\/\/www.fsfx.com.br\/usisaude\/wp-content\/uploads\/sites\/6\/2022\/03\/logo-ususaude-1.svg\",\"width\":445,\"height\":196,\"caption\":\"Usisa\u00fade\"},\"image\":{\"@id\":\"https:\/\/www.fsfx.com.br\/usisaude\/#\/schema\/logo\/image\/\"}},{\"@type\":\"Person\",\"@id\":\"https:\/\/www.fsfx.com.br\/usisaude\/#\/schema\/person\/6bf2cced2b7a5d5d78f5610fc8f52504\",\"name\":\"C\u00e1ssio Santana\",\"image\":{\"@type\":\"ImageObject\",\"inLanguage\":\"pt-BR\",\"@id\":\"https:\/\/www.fsfx.com.br\/usisaude\/#\/schema\/person\/image\/\",\"url\":\"https:\/\/secure.gravatar.com\/avatar\/ef79739de3edd2f5c2e7c4930b0808c62af99fc5520eaadc7899948f8bc6d2e1?s=96&d=mm&r=g\",\"contentUrl\":\"https:\/\/secure.gravatar.com\/avatar\/ef79739de3edd2f5c2e7c4930b0808c62af99fc5520eaadc7899948f8bc6d2e1?s=96&d=mm&r=g\",\"caption\":\"C\u00e1ssio Santana\"},\"url\":\"https:\/\/www.fsfx.com.br\/usisaude\/author\/cassio\/\"}]}<\/script>\n<!-- \/ Yoast SEO plugin. -->","yoast_head_json":{"title":"Mulher forte e saud\u00e1vel: a import\u00e2ncia do autocuidado e da preven\u00e7\u00e3o - Usisa\u00fade","robots":{"index":"index","follow":"follow","max-snippet":"max-snippet:-1","max-image-preview":"max-image-preview:large","max-video-preview":"max-video-preview:-1"},"canonical":"https:\/\/www.fsfx.com.br\/usisaude\/mulher-forte-e-saudavel-a-importancia-do-autocuidado-e-da-prevencao\/","og_locale":"pt_BR","og_type":"article","og_title":"Mulher forte e saud\u00e1vel: a import\u00e2ncia do autocuidado e da preven\u00e7\u00e3o - Usisa\u00fade","og_description":"No Dia Internacional da Mulher, m\u00e9dica da FSFX traz orienta\u00e7\u00f5es essenciais para uma vida plena e equilibrada O Dia Internacional da Mulher, celebrado em 8 de mar\u00e7o, traz uma reflex\u00e3o sobre o papel de destaque que as mulheres desempenham na sociedade e, acima de tudo, sobre a import\u00e2ncia de cuidarem de si mesmas. A m\u00e9dica [&hellip;]","og_url":"https:\/\/www.fsfx.com.br\/usisaude\/mulher-forte-e-saudavel-a-importancia-do-autocuidado-e-da-prevencao\/","og_site_name":"Usisa\u00fade","article_published_time":"2025-03-07T19:53:47+00:00","og_image":[{"width":1920,"height":1081,"url":"https:\/\/www.fsfx.com.br\/usisaude\/wp-content\/uploads\/sites\/6\/2025\/03\/Kenia-Coeli.jpeg","type":"image\/jpeg"}],"author":"C\u00e1ssio Santana","twitter_card":"summary_large_image","twitter_misc":{"Escrito por":"C\u00e1ssio Santana","Est. tempo de leitura":"7 minutos"},"schema":{"@context":"https:\/\/schema.org","@graph":[{"@type":"Article","@id":"https:\/\/www.fsfx.com.br\/usisaude\/mulher-forte-e-saudavel-a-importancia-do-autocuidado-e-da-prevencao\/#article","isPartOf":{"@id":"https:\/\/www.fsfx.com.br\/usisaude\/mulher-forte-e-saudavel-a-importancia-do-autocuidado-e-da-prevencao\/"},"author":{"name":"C\u00e1ssio Santana","@id":"https:\/\/www.fsfx.com.br\/usisaude\/#\/schema\/person\/6bf2cced2b7a5d5d78f5610fc8f52504"},"headline":"Mulher forte e saud\u00e1vel: a import\u00e2ncia do autocuidado e da preven\u00e7\u00e3o","datePublished":"2025-03-07T19:53:47+00:00","mainEntityOfPage":{"@id":"https:\/\/www.fsfx.com.br\/usisaude\/mulher-forte-e-saudavel-a-importancia-do-autocuidado-e-da-prevencao\/"},"wordCount":1153,"publisher":{"@id":"https:\/\/www.fsfx.com.br\/usisaude\/#organization"},"image":{"@id":"https:\/\/www.fsfx.com.br\/usisaude\/mulher-forte-e-saudavel-a-importancia-do-autocuidado-e-da-prevencao\/#primaryimage"},"thumbnailUrl":"https:\/\/www.fsfx.com.br\/usisaude\/wp-content\/uploads\/sites\/6\/2025\/03\/Kenia-Coeli.jpeg","articleSection":["Not\u00edcias"],"inLanguage":"pt-BR"},{"@type":"WebPage","@id":"https:\/\/www.fsfx.com.br\/usisaude\/mulher-forte-e-saudavel-a-importancia-do-autocuidado-e-da-prevencao\/","url":"https:\/\/www.fsfx.com.br\/usisaude\/mulher-forte-e-saudavel-a-importancia-do-autocuidado-e-da-prevencao\/","name":"Mulher forte e saud\u00e1vel: a import\u00e2ncia do autocuidado e da preven\u00e7\u00e3o - Usisa\u00fade","isPartOf":{"@id":"https:\/\/www.fsfx.com.br\/usisaude\/#website"},"primaryImageOfPage":{"@id":"https:\/\/www.fsfx.com.br\/usisaude\/mulher-forte-e-saudavel-a-importancia-do-autocuidado-e-da-prevencao\/#primaryimage"},"image":{"@id":"https:\/\/www.fsfx.com.br\/usisaude\/mulher-forte-e-saudavel-a-importancia-do-autocuidado-e-da-prevencao\/#primaryimage"},"thumbnailUrl":"https:\/\/www.fsfx.com.br\/usisaude\/wp-content\/uploads\/sites\/6\/2025\/03\/Kenia-Coeli.jpeg","datePublished":"2025-03-07T19:53:47+00:00","breadcrumb":{"@id":"https:\/\/www.fsfx.com.br\/usisaude\/mulher-forte-e-saudavel-a-importancia-do-autocuidado-e-da-prevencao\/#breadcrumb"},"inLanguage":"pt-BR","potentialAction":[{"@type":"ReadAction","target":["https:\/\/www.fsfx.com.br\/usisaude\/mulher-forte-e-saudavel-a-importancia-do-autocuidado-e-da-prevencao\/"]}]},{"@type":"ImageObject","inLanguage":"pt-BR","@id":"https:\/\/www.fsfx.com.br\/usisaude\/mulher-forte-e-saudavel-a-importancia-do-autocuidado-e-da-prevencao\/#primaryimage","url":"https:\/\/www.fsfx.com.br\/usisaude\/wp-content\/uploads\/sites\/6\/2025\/03\/Kenia-Coeli.jpeg","contentUrl":"https:\/\/www.fsfx.com.br\/usisaude\/wp-content\/uploads\/sites\/6\/2025\/03\/Kenia-Coeli.jpeg","width":1920,"height":1081},{"@type":"BreadcrumbList","@id":"https:\/\/www.fsfx.com.br\/usisaude\/mulher-forte-e-saudavel-a-importancia-do-autocuidado-e-da-prevencao\/#breadcrumb","itemListElement":[{"@type":"ListItem","position":1,"name":"In\u00edcio","item":"https:\/\/www.fsfx.com.br\/usisaude\/"},{"@type":"ListItem","position":2,"name":"Mulher forte e saud\u00e1vel: a import\u00e2ncia do autocuidado e da preven\u00e7\u00e3o"}]},{"@type":"WebSite","@id":"https:\/\/www.fsfx.com.br\/usisaude\/#website","url":"https:\/\/www.fsfx.com.br\/usisaude\/","name":"Usisa\u00fade","description":"Somos a Usisa\u00fade, uma operadora de planos de sa\u00fade da Funda\u00e7\u00e3o S\u00e3o Francisco Xavier (FSFX), a maior em modalidade filantr\u00f3pica do pa\u00eds.","publisher":{"@id":"https:\/\/www.fsfx.com.br\/usisaude\/#organization"},"potentialAction":[{"@type":"SearchAction","target":{"@type":"EntryPoint","urlTemplate":"https:\/\/www.fsfx.com.br\/usisaude\/?s={search_term_string}"},"query-input":{"@type":"PropertyValueSpecification","valueRequired":true,"valueName":"search_term_string"}}],"inLanguage":"pt-BR"},{"@type":"Organization","@id":"https:\/\/www.fsfx.com.br\/usisaude\/#organization","name":"Usisa\u00fade","url":"https:\/\/www.fsfx.com.br\/usisaude\/","logo":{"@type":"ImageObject","inLanguage":"pt-BR","@id":"https:\/\/www.fsfx.com.br\/usisaude\/#\/schema\/logo\/image\/","url":"https:\/\/www.fsfx.com.br\/usisaude\/wp-content\/uploads\/sites\/6\/2022\/03\/logo-ususaude-1.svg","contentUrl":"https:\/\/www.fsfx.com.br\/usisaude\/wp-content\/uploads\/sites\/6\/2022\/03\/logo-ususaude-1.svg","width":445,"height":196,"caption":"Usisa\u00fade"},"image":{"@id":"https:\/\/www.fsfx.com.br\/usisaude\/#\/schema\/logo\/image\/"}},{"@type":"Person","@id":"https:\/\/www.fsfx.com.br\/usisaude\/#\/schema\/person\/6bf2cced2b7a5d5d78f5610fc8f52504","name":"C\u00e1ssio Santana","image":{"@type":"ImageObject","inLanguage":"pt-BR","@id":"https:\/\/www.fsfx.com.br\/usisaude\/#\/schema\/person\/image\/","url":"https:\/\/secure.gravatar.com\/avatar\/ef79739de3edd2f5c2e7c4930b0808c62af99fc5520eaadc7899948f8bc6d2e1?s=96&d=mm&r=g","contentUrl":"https:\/\/secure.gravatar.com\/avatar\/ef79739de3edd2f5c2e7c4930b0808c62af99fc5520eaadc7899948f8bc6d2e1?s=96&d=mm&r=g","caption":"C\u00e1ssio Santana"},"url":"https:\/\/www.fsfx.com.br\/usisaude\/author\/cassio\/"}]}},"_links":{"self":[{"href":"https:\/\/www.fsfx.com.br\/usisaude\/wp-json\/wp\/v2\/posts\/11653","targetHints":{"allow":["GET"]}}],"collection":[{"href":"https:\/\/www.fsfx.com.br\/usisaude\/wp-json\/wp\/v2\/posts"}],"about":[{"href":"https:\/\/www.fsfx.com.br\/usisaude\/wp-json\/wp\/v2\/types\/post"}],"author":[{"embeddable":true,"href":"https:\/\/www.fsfx.com.br\/usisaude\/wp-json\/wp\/v2\/users\/6"}],"replies":[{"embeddable":true,"href":"https:\/\/www.fsfx.com.br\/usisaude\/wp-json\/wp\/v2\/comments?post=11653"}],"version-history":[{"count":1,"href":"https:\/\/www.fsfx.com.br\/usisaude\/wp-json\/wp\/v2\/posts\/11653\/revisions"}],"predecessor-version":[{"id":11655,"href":"https:\/\/www.fsfx.com.br\/usisaude\/wp-json\/wp\/v2\/posts\/11653\/revisions\/11655"}],"wp:featuredmedia":[{"embeddable":true,"href":"https:\/\/www.fsfx.com.br\/usisaude\/wp-json\/wp\/v2\/media\/11654"}],"wp:attachment":[{"href":"https:\/\/www.fsfx.com.br\/usisaude\/wp-json\/wp\/v2\/media?parent=11653"}],"wp:term":[{"taxonomy":"category","embeddable":true,"href":"https:\/\/www.fsfx.com.br\/usisaude\/wp-json\/wp\/v2\/categories?post=11653"},{"taxonomy":"post_tag","embeddable":true,"href":"https:\/\/www.fsfx.com.br\/usisaude\/wp-json\/wp\/v2\/tags?post=11653"}],"curies":[{"name":"wp","href":"https:\/\/api.w.org\/{rel}","templated":true}]}}