{"id":12070,"date":"2025-08-14T09:23:16","date_gmt":"2025-08-14T12:23:16","guid":{"rendered":"https:\/\/www.fsfx.com.br\/usisaude\/?p=12070"},"modified":"2025-08-14T09:23:16","modified_gmt":"2025-08-14T12:23:16","slug":"atividade-fisica-associada-a-uma-avaliacao-medica-preventiva-e-o-caminho-adequado-para-a-saude-fisica-e-mental","status":"publish","type":"post","link":"https:\/\/www.fsfx.com.br\/usisaude\/atividade-fisica-associada-a-uma-avaliacao-medica-preventiva-e-o-caminho-adequado-para-a-saude-fisica-e-mental\/","title":{"rendered":"Atividade f\u00edsica associada a uma avalia\u00e7\u00e3o m\u00e9dica preventiva \u00e9 o caminho adequado para a sa\u00fade f\u00edsica e mental"},"content":{"rendered":"<p>A atividade f\u00edsica regular e adequada\u00a0\u00e9 essencial para a sa\u00fade f\u00edsica e mental, trazendo benef\u00edcios que v\u00e3o desde a preven\u00e7\u00e3o de doen\u00e7as cr\u00f4nicas at\u00e9 a melhora da qualidade de vida.\u00a0\u00c9 fundamental para um estilo de vida saud\u00e1vel e pode ser praticada de diversas formas, adequando-se a diferentes idades e condi\u00e7\u00f5es.<\/p>\n<p>Para conquistar todos os benef\u00edcios que a atividade f\u00edsica proporciona, o cardiologista intervencionista do Hospital M\u00e1rcio Cunha, Dr. Pedro Paulo Neves de Castro, refor\u00e7a a import\u00e2ncia dos exames preventivos antes de come\u00e7ar qualquer pr\u00e1tica esportiva, especialmente para quem tem hist\u00f3rico de problemas de sa\u00fade.<\/p>\n<p>Segundo o Minist\u00e9rio da Sa\u00fade, a atividade f\u00edsica regular \u00e9 um importante fator de prote\u00e7\u00e3o, podendo reduzir em at\u00e9 35% o risco de doen\u00e7as card\u00edacas. No entanto, essa prote\u00e7\u00e3o s\u00f3 \u00e9 eficaz quando a pr\u00e1tica est\u00e1 alinhada a uma avalia\u00e7\u00e3o m\u00e9dica e exames preventivos. Al\u00e9m das doen\u00e7as cardiovasculares, a avalia\u00e7\u00e3o m\u00e9dica tamb\u00e9m \u00e9 essencial para pessoas com hipertens\u00e3o, diabetes, doen\u00e7as respirat\u00f3rias e osteomusculares. O Minist\u00e9rio da Sa\u00fade estima que cerca de 30% da popula\u00e7\u00e3o brasileira tenha algum fator de risco que exige aten\u00e7\u00e3o especial antes de iniciar a pr\u00e1tica esportiva.<\/p>\n<p>\u201cA pr\u00e1tica de atividades f\u00edsicas \u00e9 ben\u00e9fica para a sa\u00fade, mas a consulta m\u00e9dica antes de iniciar os exerc\u00edcios \u00e9 fundamental para identificar riscos, avaliar doen\u00e7as pr\u00e9-existentes e orientar sobre a atividade mais adequada para cada pessoa. Esse simples cuidado pode evitar complica\u00e7\u00f5es, inclusive eventos cardiovasculares graves\u201d, explica o cardiologista.<\/p>\n<p>Dr Pedro ressalta que o profissional m\u00e9dico ir\u00e1 orientar qual exame \u00e9 importante realizar de acordo com a necessidade de cada paciente. No Hospital M\u00e1rcio Cunha, h\u00e1 uma ampla oferta de exames voltados para a seguran\u00e7a dos praticantes de atividade f\u00edsica. \u201cDesde os exames laboratoriais simples como hemograma, glicemia e colesterol, at\u00e9 avalia\u00e7\u00f5es card\u00edacas mais espec\u00edficas como eletrocardiograma, teste ergom\u00e9trico, ecocardiograma, angiotomografia de coron\u00e1rias e cateterismo card\u00edaco. Os exames s\u00e3o sempre direcionados ap\u00f3s uma consulta m\u00e9dica, conforme a necessidade de cada paciente\u201d, explica Dr. Pedro Paulo.<\/p>\n<p>O m\u00e9dico relembra um caso recente que poderia ter sido evitado com uma simples consulta. \u201cH\u00e1 alguns meses, atendemos um paciente encaminhado ap\u00f3s sentir-se mal e ter uma parada cardiorespirat\u00f3ria em uma corrida de rua. Apesar de jovem, o paciente mesmo com antecedentes cardiovasculares importantes, n\u00e3o passou por avalia\u00e7\u00e3o m\u00e9dica pr\u00e9via. Realizamos alguns procedimentos e ele se recuperou muito bem, mas \u00e9 um bom exemplo de como uma consulta simples e acompanhamento m\u00e9dico poderiam ter evitado esse epis\u00f3dio\u201d, complementa.<\/p>\n<p>O m\u00e9dico refor\u00e7a a import\u00e2ncia da pr\u00e1tica de atividades f\u00edsicas para a sa\u00fade f\u00edsica e mental, inclusive para evitar doen\u00e7as cardiovasculares. Dr Pedro ressalta que a atividade f\u00edsica \u00e9 ben\u00e9fica e essencial, mas se realizada com zelo e da forma certa. \u201cCuidar da sa\u00fade antes de come\u00e7ar a se exercitar \u00e9 um ato de responsabilidade e amor \u00e0 vida\u201d, conclui Dr. Pedro Paulo.<\/p>\n","protected":false},"excerpt":{"rendered":"<p>A atividade f\u00edsica regular e adequada\u00a0\u00e9 essencial para a sa\u00fade f\u00edsica e mental, trazendo benef\u00edcios que v\u00e3o desde a preven\u00e7\u00e3o de doen\u00e7as cr\u00f4nicas at\u00e9 a melhora da qualidade de vida.\u00a0\u00c9 fundamental para um estilo de vida saud\u00e1vel e pode ser praticada de diversas formas, adequando-se a diferentes idades e condi\u00e7\u00f5es. Para conquistar todos os benef\u00edcios [&hellip;]<\/p>\n","protected":false},"author":6,"featured_media":12071,"comment_status":"closed","ping_status":"closed","sticky":false,"template":"","format":"standard","meta":{"_acf_changed":false,"site-sidebar-layout":"default","site-content-layout":"","ast-site-content-layout":"default","site-content-style":"default","site-sidebar-style":"default","ast-global-header-display":"","ast-banner-title-visibility":"","ast-main-header-display":"","ast-hfb-above-header-display":"","ast-hfb-below-header-display":"","ast-hfb-mobile-header-display":"","site-post-title":"","ast-breadcrumbs-content":"","ast-featured-img":"","footer-sml-layout":"","theme-transparent-header-meta":"","adv-header-id-meta":"","stick-header-meta":"","header-above-stick-meta":"","header-main-stick-meta":"","header-below-stick-meta":"","astra-migrate-meta-layouts":"default","ast-page-background-enabled":"default","ast-page-background-meta":{"desktop":{"background-color":"var(--ast-global-color-4)","background-image":"","background-repeat":"repeat","background-position":"center center","background-size":"auto","background-attachment":"scroll","background-type":"","background-media":"","overlay-type":"","overlay-color":"","overlay-opacity":"","overlay-gradient":""},"tablet":{"background-color":"","background-image":"","background-repeat":"repeat","background-position":"center center","background-size":"auto","background-attachment":"scroll","background-type":"","background-media":"","overlay-type":"","overlay-color":"","overlay-opacity":"","overlay-gradient":""},"mobile":{"background-color":"","background-image":"","background-repeat":"repeat","background-position":"center center","background-size":"auto","background-attachment":"scroll","background-type":"","background-media":"","overlay-type":"","overlay-color":"","overlay-opacity":"","overlay-gradient":""}},"ast-content-background-meta":{"desktop":{"background-color":"var(--ast-global-color-5)","background-image":"","background-repeat":"repeat","background-position":"center center","background-size":"auto","background-attachment":"scroll","background-type":"","background-media":"","overlay-type":"","overlay-color":"","overlay-opacity":"","overlay-gradient":""},"tablet":{"background-color":"var(--ast-global-color-5)","background-image":"","background-repeat":"repeat","background-position":"center center","background-size":"auto","background-attachment":"scroll","background-type":"","background-media":"","overlay-type":"","overlay-color":"","overlay-opacity":"","overlay-gradient":""},"mobile":{"background-color":"var(--ast-global-color-5)","background-image":"","background-repeat":"repeat","background-position":"center center","background-size":"auto","background-attachment":"scroll","background-type":"","background-media":"","overlay-type":"","overlay-color":"","overlay-opacity":"","overlay-gradient":""}},"footnotes":""},"categories":[1],"tags":[],"class_list":["post-12070","post","type-post","status-publish","format-standard","has-post-thumbnail","hentry","category-noticias"],"acf":[],"yoast_head":"<!-- This site is optimized with the Yoast SEO plugin v26.9 - https:\/\/yoast.com\/product\/yoast-seo-wordpress\/ -->\n<title>Atividade f\u00edsica associada a uma avalia\u00e7\u00e3o m\u00e9dica preventiva \u00e9 o caminho adequado para a sa\u00fade f\u00edsica e mental - Usisa\u00fade<\/title>\n<meta name=\"robots\" content=\"index, follow, max-snippet:-1, max-image-preview:large, max-video-preview:-1\" \/>\n<link rel=\"canonical\" href=\"https:\/\/www.fsfx.com.br\/usisaude\/atividade-fisica-associada-a-uma-avaliacao-medica-preventiva-e-o-caminho-adequado-para-a-saude-fisica-e-mental\/\" \/>\n<meta property=\"og:locale\" content=\"pt_BR\" \/>\n<meta property=\"og:type\" content=\"article\" \/>\n<meta property=\"og:title\" content=\"Atividade f\u00edsica associada a uma avalia\u00e7\u00e3o m\u00e9dica preventiva \u00e9 o caminho adequado para a sa\u00fade f\u00edsica e mental - Usisa\u00fade\" \/>\n<meta property=\"og:description\" content=\"A atividade f\u00edsica regular e adequada\u00a0\u00e9 essencial para a sa\u00fade f\u00edsica e mental, trazendo benef\u00edcios que v\u00e3o desde a preven\u00e7\u00e3o de doen\u00e7as cr\u00f4nicas at\u00e9 a melhora da qualidade de vida.\u00a0\u00c9 fundamental para um estilo de vida saud\u00e1vel e pode ser praticada de diversas formas, adequando-se a diferentes idades e condi\u00e7\u00f5es. Para conquistar todos os benef\u00edcios [&hellip;]\" \/>\n<meta property=\"og:url\" content=\"https:\/\/www.fsfx.com.br\/usisaude\/atividade-fisica-associada-a-uma-avaliacao-medica-preventiva-e-o-caminho-adequado-para-a-saude-fisica-e-mental\/\" \/>\n<meta property=\"og:site_name\" content=\"Usisa\u00fade\" \/>\n<meta property=\"article:published_time\" content=\"2025-08-14T12:23:16+00:00\" \/>\n<meta property=\"og:image\" content=\"https:\/\/www.fsfx.com.br\/usisaude\/wp-content\/uploads\/sites\/6\/2025\/08\/HMC-I-Wellington-Silveira-1.jpg\" \/>\n\t<meta property=\"og:image:width\" content=\"1920\" \/>\n\t<meta property=\"og:image:height\" content=\"1080\" \/>\n\t<meta property=\"og:image:type\" content=\"image\/jpeg\" \/>\n<meta name=\"author\" content=\"C\u00e1ssio Santana\" \/>\n<meta name=\"twitter:card\" content=\"summary_large_image\" \/>\n<meta name=\"twitter:label1\" content=\"Escrito por\" \/>\n\t<meta name=\"twitter:data1\" content=\"C\u00e1ssio Santana\" \/>\n\t<meta name=\"twitter:label2\" content=\"Est. tempo de leitura\" \/>\n\t<meta name=\"twitter:data2\" content=\"3 minutos\" \/>\n<script type=\"application\/ld+json\" class=\"yoast-schema-graph\">{\"@context\":\"https:\/\/schema.org\",\"@graph\":[{\"@type\":\"Article\",\"@id\":\"https:\/\/www.fsfx.com.br\/usisaude\/atividade-fisica-associada-a-uma-avaliacao-medica-preventiva-e-o-caminho-adequado-para-a-saude-fisica-e-mental\/#article\",\"isPartOf\":{\"@id\":\"https:\/\/www.fsfx.com.br\/usisaude\/atividade-fisica-associada-a-uma-avaliacao-medica-preventiva-e-o-caminho-adequado-para-a-saude-fisica-e-mental\/\"},\"author\":{\"name\":\"C\u00e1ssio Santana\",\"@id\":\"https:\/\/www.fsfx.com.br\/usisaude\/#\/schema\/person\/6bf2cced2b7a5d5d78f5610fc8f52504\"},\"headline\":\"Atividade f\u00edsica associada a uma avalia\u00e7\u00e3o m\u00e9dica preventiva \u00e9 o caminho adequado para a sa\u00fade f\u00edsica e mental\",\"datePublished\":\"2025-08-14T12:23:16+00:00\",\"mainEntityOfPage\":{\"@id\":\"https:\/\/www.fsfx.com.br\/usisaude\/atividade-fisica-associada-a-uma-avaliacao-medica-preventiva-e-o-caminho-adequado-para-a-saude-fisica-e-mental\/\"},\"wordCount\":557,\"publisher\":{\"@id\":\"https:\/\/www.fsfx.com.br\/usisaude\/#organization\"},\"image\":{\"@id\":\"https:\/\/www.fsfx.com.br\/usisaude\/atividade-fisica-associada-a-uma-avaliacao-medica-preventiva-e-o-caminho-adequado-para-a-saude-fisica-e-mental\/#primaryimage\"},\"thumbnailUrl\":\"https:\/\/www.fsfx.com.br\/usisaude\/wp-content\/uploads\/sites\/6\/2025\/08\/HMC-I-Wellington-Silveira-1.jpg\",\"articleSection\":[\"Not\u00edcias\"],\"inLanguage\":\"pt-BR\"},{\"@type\":\"WebPage\",\"@id\":\"https:\/\/www.fsfx.com.br\/usisaude\/atividade-fisica-associada-a-uma-avaliacao-medica-preventiva-e-o-caminho-adequado-para-a-saude-fisica-e-mental\/\",\"url\":\"https:\/\/www.fsfx.com.br\/usisaude\/atividade-fisica-associada-a-uma-avaliacao-medica-preventiva-e-o-caminho-adequado-para-a-saude-fisica-e-mental\/\",\"name\":\"Atividade f\u00edsica associada a uma avalia\u00e7\u00e3o m\u00e9dica preventiva \u00e9 o caminho adequado para a sa\u00fade f\u00edsica e mental - Usisa\u00fade\",\"isPartOf\":{\"@id\":\"https:\/\/www.fsfx.com.br\/usisaude\/#website\"},\"primaryImageOfPage\":{\"@id\":\"https:\/\/www.fsfx.com.br\/usisaude\/atividade-fisica-associada-a-uma-avaliacao-medica-preventiva-e-o-caminho-adequado-para-a-saude-fisica-e-mental\/#primaryimage\"},\"image\":{\"@id\":\"https:\/\/www.fsfx.com.br\/usisaude\/atividade-fisica-associada-a-uma-avaliacao-medica-preventiva-e-o-caminho-adequado-para-a-saude-fisica-e-mental\/#primaryimage\"},\"thumbnailUrl\":\"https:\/\/www.fsfx.com.br\/usisaude\/wp-content\/uploads\/sites\/6\/2025\/08\/HMC-I-Wellington-Silveira-1.jpg\",\"datePublished\":\"2025-08-14T12:23:16+00:00\",\"breadcrumb\":{\"@id\":\"https:\/\/www.fsfx.com.br\/usisaude\/atividade-fisica-associada-a-uma-avaliacao-medica-preventiva-e-o-caminho-adequado-para-a-saude-fisica-e-mental\/#breadcrumb\"},\"inLanguage\":\"pt-BR\",\"potentialAction\":[{\"@type\":\"ReadAction\",\"target\":[\"https:\/\/www.fsfx.com.br\/usisaude\/atividade-fisica-associada-a-uma-avaliacao-medica-preventiva-e-o-caminho-adequado-para-a-saude-fisica-e-mental\/\"]}]},{\"@type\":\"ImageObject\",\"inLanguage\":\"pt-BR\",\"@id\":\"https:\/\/www.fsfx.com.br\/usisaude\/atividade-fisica-associada-a-uma-avaliacao-medica-preventiva-e-o-caminho-adequado-para-a-saude-fisica-e-mental\/#primaryimage\",\"url\":\"https:\/\/www.fsfx.com.br\/usisaude\/wp-content\/uploads\/sites\/6\/2025\/08\/HMC-I-Wellington-Silveira-1.jpg\",\"contentUrl\":\"https:\/\/www.fsfx.com.br\/usisaude\/wp-content\/uploads\/sites\/6\/2025\/08\/HMC-I-Wellington-Silveira-1.jpg\",\"width\":1920,\"height\":1080},{\"@type\":\"BreadcrumbList\",\"@id\":\"https:\/\/www.fsfx.com.br\/usisaude\/atividade-fisica-associada-a-uma-avaliacao-medica-preventiva-e-o-caminho-adequado-para-a-saude-fisica-e-mental\/#breadcrumb\",\"itemListElement\":[{\"@type\":\"ListItem\",\"position\":1,\"name\":\"In\u00edcio\",\"item\":\"https:\/\/www.fsfx.com.br\/usisaude\/\"},{\"@type\":\"ListItem\",\"position\":2,\"name\":\"Atividade f\u00edsica associada a uma avalia\u00e7\u00e3o m\u00e9dica preventiva \u00e9 o caminho adequado para a sa\u00fade f\u00edsica e mental\"}]},{\"@type\":\"WebSite\",\"@id\":\"https:\/\/www.fsfx.com.br\/usisaude\/#website\",\"url\":\"https:\/\/www.fsfx.com.br\/usisaude\/\",\"name\":\"Usisa\u00fade\",\"description\":\"Somos a Usisa\u00fade, uma operadora de planos de sa\u00fade da Funda\u00e7\u00e3o S\u00e3o Francisco Xavier (FSFX), a maior em modalidade filantr\u00f3pica do pa\u00eds.\",\"publisher\":{\"@id\":\"https:\/\/www.fsfx.com.br\/usisaude\/#organization\"},\"potentialAction\":[{\"@type\":\"SearchAction\",\"target\":{\"@type\":\"EntryPoint\",\"urlTemplate\":\"https:\/\/www.fsfx.com.br\/usisaude\/?s={search_term_string}\"},\"query-input\":{\"@type\":\"PropertyValueSpecification\",\"valueRequired\":true,\"valueName\":\"search_term_string\"}}],\"inLanguage\":\"pt-BR\"},{\"@type\":\"Organization\",\"@id\":\"https:\/\/www.fsfx.com.br\/usisaude\/#organization\",\"name\":\"Usisa\u00fade\",\"url\":\"https:\/\/www.fsfx.com.br\/usisaude\/\",\"logo\":{\"@type\":\"ImageObject\",\"inLanguage\":\"pt-BR\",\"@id\":\"https:\/\/www.fsfx.com.br\/usisaude\/#\/schema\/logo\/image\/\",\"url\":\"https:\/\/www.fsfx.com.br\/usisaude\/wp-content\/uploads\/sites\/6\/2022\/03\/logo-ususaude-1.svg\",\"contentUrl\":\"https:\/\/www.fsfx.com.br\/usisaude\/wp-content\/uploads\/sites\/6\/2022\/03\/logo-ususaude-1.svg\",\"width\":445,\"height\":196,\"caption\":\"Usisa\u00fade\"},\"image\":{\"@id\":\"https:\/\/www.fsfx.com.br\/usisaude\/#\/schema\/logo\/image\/\"}},{\"@type\":\"Person\",\"@id\":\"https:\/\/www.fsfx.com.br\/usisaude\/#\/schema\/person\/6bf2cced2b7a5d5d78f5610fc8f52504\",\"name\":\"C\u00e1ssio Santana\",\"image\":{\"@type\":\"ImageObject\",\"inLanguage\":\"pt-BR\",\"@id\":\"https:\/\/www.fsfx.com.br\/usisaude\/#\/schema\/person\/image\/\",\"url\":\"https:\/\/secure.gravatar.com\/avatar\/ef79739de3edd2f5c2e7c4930b0808c62af99fc5520eaadc7899948f8bc6d2e1?s=96&d=mm&r=g\",\"contentUrl\":\"https:\/\/secure.gravatar.com\/avatar\/ef79739de3edd2f5c2e7c4930b0808c62af99fc5520eaadc7899948f8bc6d2e1?s=96&d=mm&r=g\",\"caption\":\"C\u00e1ssio Santana\"},\"url\":\"https:\/\/www.fsfx.com.br\/usisaude\/author\/cassio\/\"}]}<\/script>\n<!-- \/ Yoast SEO plugin. -->","yoast_head_json":{"title":"Atividade f\u00edsica associada a uma avalia\u00e7\u00e3o m\u00e9dica preventiva \u00e9 o caminho adequado para a sa\u00fade f\u00edsica e mental - Usisa\u00fade","robots":{"index":"index","follow":"follow","max-snippet":"max-snippet:-1","max-image-preview":"max-image-preview:large","max-video-preview":"max-video-preview:-1"},"canonical":"https:\/\/www.fsfx.com.br\/usisaude\/atividade-fisica-associada-a-uma-avaliacao-medica-preventiva-e-o-caminho-adequado-para-a-saude-fisica-e-mental\/","og_locale":"pt_BR","og_type":"article","og_title":"Atividade f\u00edsica associada a uma avalia\u00e7\u00e3o m\u00e9dica preventiva \u00e9 o caminho adequado para a sa\u00fade f\u00edsica e mental - Usisa\u00fade","og_description":"A atividade f\u00edsica regular e adequada\u00a0\u00e9 essencial para a sa\u00fade f\u00edsica e mental, trazendo benef\u00edcios que v\u00e3o desde a preven\u00e7\u00e3o de doen\u00e7as cr\u00f4nicas at\u00e9 a melhora da qualidade de vida.\u00a0\u00c9 fundamental para um estilo de vida saud\u00e1vel e pode ser praticada de diversas formas, adequando-se a diferentes idades e condi\u00e7\u00f5es. Para conquistar todos os benef\u00edcios [&hellip;]","og_url":"https:\/\/www.fsfx.com.br\/usisaude\/atividade-fisica-associada-a-uma-avaliacao-medica-preventiva-e-o-caminho-adequado-para-a-saude-fisica-e-mental\/","og_site_name":"Usisa\u00fade","article_published_time":"2025-08-14T12:23:16+00:00","og_image":[{"width":1920,"height":1080,"url":"https:\/\/www.fsfx.com.br\/usisaude\/wp-content\/uploads\/sites\/6\/2025\/08\/HMC-I-Wellington-Silveira-1.jpg","type":"image\/jpeg"}],"author":"C\u00e1ssio Santana","twitter_card":"summary_large_image","twitter_misc":{"Escrito por":"C\u00e1ssio Santana","Est. tempo de leitura":"3 minutos"},"schema":{"@context":"https:\/\/schema.org","@graph":[{"@type":"Article","@id":"https:\/\/www.fsfx.com.br\/usisaude\/atividade-fisica-associada-a-uma-avaliacao-medica-preventiva-e-o-caminho-adequado-para-a-saude-fisica-e-mental\/#article","isPartOf":{"@id":"https:\/\/www.fsfx.com.br\/usisaude\/atividade-fisica-associada-a-uma-avaliacao-medica-preventiva-e-o-caminho-adequado-para-a-saude-fisica-e-mental\/"},"author":{"name":"C\u00e1ssio Santana","@id":"https:\/\/www.fsfx.com.br\/usisaude\/#\/schema\/person\/6bf2cced2b7a5d5d78f5610fc8f52504"},"headline":"Atividade f\u00edsica associada a uma avalia\u00e7\u00e3o m\u00e9dica preventiva \u00e9 o caminho adequado para a sa\u00fade f\u00edsica e mental","datePublished":"2025-08-14T12:23:16+00:00","mainEntityOfPage":{"@id":"https:\/\/www.fsfx.com.br\/usisaude\/atividade-fisica-associada-a-uma-avaliacao-medica-preventiva-e-o-caminho-adequado-para-a-saude-fisica-e-mental\/"},"wordCount":557,"publisher":{"@id":"https:\/\/www.fsfx.com.br\/usisaude\/#organization"},"image":{"@id":"https:\/\/www.fsfx.com.br\/usisaude\/atividade-fisica-associada-a-uma-avaliacao-medica-preventiva-e-o-caminho-adequado-para-a-saude-fisica-e-mental\/#primaryimage"},"thumbnailUrl":"https:\/\/www.fsfx.com.br\/usisaude\/wp-content\/uploads\/sites\/6\/2025\/08\/HMC-I-Wellington-Silveira-1.jpg","articleSection":["Not\u00edcias"],"inLanguage":"pt-BR"},{"@type":"WebPage","@id":"https:\/\/www.fsfx.com.br\/usisaude\/atividade-fisica-associada-a-uma-avaliacao-medica-preventiva-e-o-caminho-adequado-para-a-saude-fisica-e-mental\/","url":"https:\/\/www.fsfx.com.br\/usisaude\/atividade-fisica-associada-a-uma-avaliacao-medica-preventiva-e-o-caminho-adequado-para-a-saude-fisica-e-mental\/","name":"Atividade f\u00edsica associada a uma avalia\u00e7\u00e3o m\u00e9dica preventiva \u00e9 o caminho adequado para a sa\u00fade f\u00edsica e mental - Usisa\u00fade","isPartOf":{"@id":"https:\/\/www.fsfx.com.br\/usisaude\/#website"},"primaryImageOfPage":{"@id":"https:\/\/www.fsfx.com.br\/usisaude\/atividade-fisica-associada-a-uma-avaliacao-medica-preventiva-e-o-caminho-adequado-para-a-saude-fisica-e-mental\/#primaryimage"},"image":{"@id":"https:\/\/www.fsfx.com.br\/usisaude\/atividade-fisica-associada-a-uma-avaliacao-medica-preventiva-e-o-caminho-adequado-para-a-saude-fisica-e-mental\/#primaryimage"},"thumbnailUrl":"https:\/\/www.fsfx.com.br\/usisaude\/wp-content\/uploads\/sites\/6\/2025\/08\/HMC-I-Wellington-Silveira-1.jpg","datePublished":"2025-08-14T12:23:16+00:00","breadcrumb":{"@id":"https:\/\/www.fsfx.com.br\/usisaude\/atividade-fisica-associada-a-uma-avaliacao-medica-preventiva-e-o-caminho-adequado-para-a-saude-fisica-e-mental\/#breadcrumb"},"inLanguage":"pt-BR","potentialAction":[{"@type":"ReadAction","target":["https:\/\/www.fsfx.com.br\/usisaude\/atividade-fisica-associada-a-uma-avaliacao-medica-preventiva-e-o-caminho-adequado-para-a-saude-fisica-e-mental\/"]}]},{"@type":"ImageObject","inLanguage":"pt-BR","@id":"https:\/\/www.fsfx.com.br\/usisaude\/atividade-fisica-associada-a-uma-avaliacao-medica-preventiva-e-o-caminho-adequado-para-a-saude-fisica-e-mental\/#primaryimage","url":"https:\/\/www.fsfx.com.br\/usisaude\/wp-content\/uploads\/sites\/6\/2025\/08\/HMC-I-Wellington-Silveira-1.jpg","contentUrl":"https:\/\/www.fsfx.com.br\/usisaude\/wp-content\/uploads\/sites\/6\/2025\/08\/HMC-I-Wellington-Silveira-1.jpg","width":1920,"height":1080},{"@type":"BreadcrumbList","@id":"https:\/\/www.fsfx.com.br\/usisaude\/atividade-fisica-associada-a-uma-avaliacao-medica-preventiva-e-o-caminho-adequado-para-a-saude-fisica-e-mental\/#breadcrumb","itemListElement":[{"@type":"ListItem","position":1,"name":"In\u00edcio","item":"https:\/\/www.fsfx.com.br\/usisaude\/"},{"@type":"ListItem","position":2,"name":"Atividade f\u00edsica associada a uma avalia\u00e7\u00e3o m\u00e9dica preventiva \u00e9 o caminho adequado para a sa\u00fade f\u00edsica e mental"}]},{"@type":"WebSite","@id":"https:\/\/www.fsfx.com.br\/usisaude\/#website","url":"https:\/\/www.fsfx.com.br\/usisaude\/","name":"Usisa\u00fade","description":"Somos a Usisa\u00fade, uma operadora de planos de sa\u00fade da Funda\u00e7\u00e3o S\u00e3o Francisco Xavier (FSFX), a maior em modalidade filantr\u00f3pica do pa\u00eds.","publisher":{"@id":"https:\/\/www.fsfx.com.br\/usisaude\/#organization"},"potentialAction":[{"@type":"SearchAction","target":{"@type":"EntryPoint","urlTemplate":"https:\/\/www.fsfx.com.br\/usisaude\/?s={search_term_string}"},"query-input":{"@type":"PropertyValueSpecification","valueRequired":true,"valueName":"search_term_string"}}],"inLanguage":"pt-BR"},{"@type":"Organization","@id":"https:\/\/www.fsfx.com.br\/usisaude\/#organization","name":"Usisa\u00fade","url":"https:\/\/www.fsfx.com.br\/usisaude\/","logo":{"@type":"ImageObject","inLanguage":"pt-BR","@id":"https:\/\/www.fsfx.com.br\/usisaude\/#\/schema\/logo\/image\/","url":"https:\/\/www.fsfx.com.br\/usisaude\/wp-content\/uploads\/sites\/6\/2022\/03\/logo-ususaude-1.svg","contentUrl":"https:\/\/www.fsfx.com.br\/usisaude\/wp-content\/uploads\/sites\/6\/2022\/03\/logo-ususaude-1.svg","width":445,"height":196,"caption":"Usisa\u00fade"},"image":{"@id":"https:\/\/www.fsfx.com.br\/usisaude\/#\/schema\/logo\/image\/"}},{"@type":"Person","@id":"https:\/\/www.fsfx.com.br\/usisaude\/#\/schema\/person\/6bf2cced2b7a5d5d78f5610fc8f52504","name":"C\u00e1ssio Santana","image":{"@type":"ImageObject","inLanguage":"pt-BR","@id":"https:\/\/www.fsfx.com.br\/usisaude\/#\/schema\/person\/image\/","url":"https:\/\/secure.gravatar.com\/avatar\/ef79739de3edd2f5c2e7c4930b0808c62af99fc5520eaadc7899948f8bc6d2e1?s=96&d=mm&r=g","contentUrl":"https:\/\/secure.gravatar.com\/avatar\/ef79739de3edd2f5c2e7c4930b0808c62af99fc5520eaadc7899948f8bc6d2e1?s=96&d=mm&r=g","caption":"C\u00e1ssio Santana"},"url":"https:\/\/www.fsfx.com.br\/usisaude\/author\/cassio\/"}]}},"_links":{"self":[{"href":"https:\/\/www.fsfx.com.br\/usisaude\/wp-json\/wp\/v2\/posts\/12070","targetHints":{"allow":["GET"]}}],"collection":[{"href":"https:\/\/www.fsfx.com.br\/usisaude\/wp-json\/wp\/v2\/posts"}],"about":[{"href":"https:\/\/www.fsfx.com.br\/usisaude\/wp-json\/wp\/v2\/types\/post"}],"author":[{"embeddable":true,"href":"https:\/\/www.fsfx.com.br\/usisaude\/wp-json\/wp\/v2\/users\/6"}],"replies":[{"embeddable":true,"href":"https:\/\/www.fsfx.com.br\/usisaude\/wp-json\/wp\/v2\/comments?post=12070"}],"version-history":[{"count":1,"href":"https:\/\/www.fsfx.com.br\/usisaude\/wp-json\/wp\/v2\/posts\/12070\/revisions"}],"predecessor-version":[{"id":12072,"href":"https:\/\/www.fsfx.com.br\/usisaude\/wp-json\/wp\/v2\/posts\/12070\/revisions\/12072"}],"wp:featuredmedia":[{"embeddable":true,"href":"https:\/\/www.fsfx.com.br\/usisaude\/wp-json\/wp\/v2\/media\/12071"}],"wp:attachment":[{"href":"https:\/\/www.fsfx.com.br\/usisaude\/wp-json\/wp\/v2\/media?parent=12070"}],"wp:term":[{"taxonomy":"category","embeddable":true,"href":"https:\/\/www.fsfx.com.br\/usisaude\/wp-json\/wp\/v2\/categories?post=12070"},{"taxonomy":"post_tag","embeddable":true,"href":"https:\/\/www.fsfx.com.br\/usisaude\/wp-json\/wp\/v2\/tags?post=12070"}],"curies":[{"name":"wp","href":"https:\/\/api.w.org\/{rel}","templated":true}]}}