{"id":12659,"date":"2026-03-12T13:01:53","date_gmt":"2026-03-12T16:01:53","guid":{"rendered":"https:\/\/www.fsfx.com.br\/usisaude\/?p=12659"},"modified":"2026-03-12T13:01:53","modified_gmt":"2026-03-12T16:01:53","slug":"silenciosa-e-perigosa-doenca-renal-avanca-e-reforca-importancia-do-diagnostico-precoce","status":"publish","type":"post","link":"https:\/\/www.fsfx.com.br\/usisaude\/silenciosa-e-perigosa-doenca-renal-avanca-e-reforca-importancia-do-diagnostico-precoce\/","title":{"rendered":"Silenciosa e perigosa, doen\u00e7a renal avan\u00e7a e refor\u00e7a import\u00e2ncia do diagn\u00f3stico precoce"},"content":{"rendered":"<p>Discretos, silenciosos e essenciais para o funcionamento do organismo, os rins costumam trabalhar sem chamar aten\u00e7\u00e3o. O problema \u00e9 que, justamente por esse sil\u00eancio, muitas doen\u00e7as passam despercebidas por anos. O alerta ganha ainda mais for\u00e7a nesta quinta-feira, 12 de mar\u00e7o, quando \u00e9 celebrado o Dia Mundial do Rim, que neste ano traz como tema \u201cCuidar de Pessoas e Proteger o Planeta\u201d, refor\u00e7ando a import\u00e2ncia de olhar com mais aten\u00e7\u00e3o para a sa\u00fade e para a preven\u00e7\u00e3o.<\/p>\n<p>Dados da Sociedade Brasileira de Nefrologia (SBN) apontam que a Doen\u00e7a Renal Cr\u00f4nica afeta uma em cada dez pessoas em todo o mundo. No Brasil, a situa\u00e7\u00e3o tamb\u00e9m preocupa. Estima-se que cerca de 50 mil brasileiros com doen\u00e7a renal cr\u00f4nica morram todos os anos antes mesmo de terem acesso \u00e0 di\u00e1lise ou ao transplante, um cen\u00e1rio que evidencia a necessidade de diagn\u00f3stico precoce e acompanhamento m\u00e9dico regular.<\/p>\n<figure id=\"attachment_22708\" aria-describedby=\"caption-attachment-22708\" style=\"width: 452px\" class=\"wp-caption alignleft\"><img fetchpriority=\"high\" decoding=\"async\" class=\" wp-image-22708\" src=\"https:\/\/www.fsfx.com.br\/wp-content\/uploads\/2026\/03\/Dra.-Amanda-Batista-300x200.jpg\" alt=\"\" width=\"452\" height=\"301\" \/><figcaption id=\"caption-attachment-22708\" class=\"wp-caption-text\">Dra. Amanda Batista<\/figcaption><\/figure>\n<p>No Hospital M\u00e1rcio Cunha (HMC), refer\u00eancia em assist\u00eancia \u00e0 sa\u00fade na regi\u00e3o do Leste de Minas Gerais, os n\u00fameros mostram o impacto desse problema na vida de centenas de pessoas. Somente em 2025, o Centro de Terapia Renal Substitutiva (CTRS) do HMC realizou mais de 67 mil sess\u00f5es de hemodi\u00e1lise. Al\u00e9m disso, 168 pacientes realizam tratamento por meio da di\u00e1lise peritoneal, m\u00e9todo que permite que o cuidado seja feito fora do ambiente hospitalar, mas que exige disciplina e acompanhamento cont\u00ednuo.<\/p>\n<p>De acordo com a nefrologista do Hospital M\u00e1rcio Cunha, Dra. Amanda Batista, um dos grandes desafios no combate \u00e0s doen\u00e7as renais \u00e9 justamente o fato de elas evolu\u00edrem de forma silenciosa. \u201cOs rins t\u00eam uma reserva funcional muito grande. Quando come\u00e7a a ocorrer uma les\u00e3o em parte do rim, outras partes que ainda est\u00e3o saud\u00e1veis acabam assumindo aquela fun\u00e7\u00e3o e compensando o que foi perdido. Por isso, muitas vezes a pessoa n\u00e3o sente nada por muito tempo. Quando surgem os primeiros sinais, normalmente j\u00e1 houve uma perda substancial da fun\u00e7\u00e3o renal\u201d, explica.<\/p>\n<p>Segundo a m\u00e9dica, grande parte das les\u00f5es renais est\u00e1 associada a doen\u00e7as bastante comuns na popula\u00e7\u00e3o. \u201cAs causas mais frequentes hoje s\u00e3o a hipertens\u00e3o e o diabetes. S\u00e3o doen\u00e7as que provocam les\u00f5es lentas nos pequenos vasos do rim e v\u00e3o comprometendo a fun\u00e7\u00e3o renal ao longo do tempo. Como esse processo \u00e9 progressivo e silencioso, muitas pessoas s\u00f3 descobrem o problema em fases mais avan\u00e7adas\u201d, alerta.<\/p>\n<p>Quando os sintomas aparecem, \u00e9 preciso aten\u00e7\u00e3o. Altera\u00e7\u00f5es na press\u00e3o arterial, incha\u00e7o no corpo, urina com espuma ou presen\u00e7a de sangue, al\u00e9m de fraqueza, n\u00e1useas e perda de apetite, podem indicar que os rins j\u00e1 est\u00e3o bastante comprometidos. \u201cEsses sinais geralmente surgem quando j\u00e1 existe uma perda importante da fun\u00e7\u00e3o renal e o paciente pode estar pr\u00f3ximo de precisar de di\u00e1lise\u201d, destaca a especialista.<\/p>\n<p>Al\u00e9m de hipertens\u00e3o e diabetes, outros fatores tamb\u00e9m aumentam o risco de desenvolver doen\u00e7a renal. Hist\u00f3rico familiar da doen\u00e7a, envelhecimento, obesidade, doen\u00e7as cardiovasculares e at\u00e9 o uso inadequado de medicamentos entram nessa lista. \u201cO uso indiscriminado de anti-inflamat\u00f3rios n\u00e3o esteroidais (AINEs), por exemplo, \u00e9 um problema frequente e pode causar les\u00e3o renal. Muitas pessoas utilizam esse tipo de medicamento sem orienta\u00e7\u00e3o m\u00e9dica, devido ao baixo custo e facilidade de acesso, e acabam colocando a sa\u00fade dos rins em risco\u201d, explica a nefrologista.<\/p>\n<p>Outro ponto abordado pela especialista que tamb\u00e9m merecem aten\u00e7\u00e3o, s\u00e3o as infec\u00e7\u00f5es urin\u00e1rias de repeti\u00e7\u00e3o, doen\u00e7as autoimunes e a nefrolit\u00edase, conhecida popularmente como pedra nos rins. \u201cPacientes que t\u00eam epis\u00f3dios frequentes de pedra nos rins ou infec\u00e7\u00e3o urin\u00e1ria de repeti\u00e7\u00e3o podem desenvolver les\u00f5es renais ao longo do tempo, principalmente quando h\u00e1 obstru\u00e7\u00e3o ou inflama\u00e7\u00e3o recorrente\u201d, acrescenta.<\/p>\n<p>Apesar do cen\u00e1rio preocupante, a boa not\u00edcia \u00e9 que muitos casos podem ser evitados com h\u00e1bitos simples no dia a dia. \u201cManter uma alimenta\u00e7\u00e3o equilibrada, reduzir o consumo de sal, controlar o peso, praticar atividades f\u00edsicas regularmente e manter uma hidrata\u00e7\u00e3o adequada s\u00e3o medidas importantes para preservar a sa\u00fade dos rins. Tamb\u00e9m \u00e9 fundamental controlar bem doen\u00e7as como hipertens\u00e3o e diabetes, evitar o tabagismo e n\u00e3o utilizar medicamentos sem orienta\u00e7\u00e3o m\u00e9dica, especialmente os anti-inflamat\u00f3rios\u201d, orienta a m\u00e9dica.<\/p>\n<p>A nefrologista do Hospital M\u00e1rcio Cunha refor\u00e7a que algumas pessoas precisam ter aten\u00e7\u00e3o redobrada. Pacientes hipertensos, diab\u00e9ticos, idosos, pessoas com hist\u00f3rico familiar de doen\u00e7a renal ou que apresentam infec\u00e7\u00f5es urin\u00e1rias frequentes devem realizar exames preventivos com mais regularidade. \u201cExames simples, como ureia, creatinina e um exame de urina, j\u00e1 conseguem mostrar sinais precoces de altera\u00e7\u00e3o. Isso permite que a gente identifique o problema mais cedo e inicie medidas para evitar que a doen\u00e7a avance\u201d, explica.<\/p>\n<p>O diagn\u00f3stico precoce \u00e9 uma das principais ferramentas para reduzir o impacto da doen\u00e7a renal na vida dos pacientes. \u201cQuando conseguimos identificar a altera\u00e7\u00e3o no in\u00edcio, \u00e9 poss\u00edvel atuar na causa, ajustar h\u00e1bitos de vida, controlar melhor as doen\u00e7as associadas e usar medica\u00e7\u00f5es que ajudam a retardar a progress\u00e3o da doen\u00e7a. O objetivo \u00e9 justamente evitar ou postergar ao m\u00e1ximo que o paciente chegue \u00e0 fase em que precisa de di\u00e1lise\u201d, ressalta.<\/p>\n<p>Mais do que uma simples lembran\u00e7a, o Dia Mundial do Rim \u00e9 uma data para refor\u00e7ar a conscientiza\u00e7\u00e3o desta doen\u00e7a que afeta milh\u00f5es de pessoas, e um convite para que as todos olhem com mais aten\u00e7\u00e3o para a pr\u00f3pria sa\u00fade e entendam que, muitas vezes, prevenir \u00e9 o melhor caminho. \u201cNeste Dia Mundial do Rim, eu venho deixar para voc\u00eas a mensagem de que fa\u00e7am seus exames de rotina, fa\u00e7am os exames de rastreio com ureia, creatinina, microalbumin\u00faria, para que possam fazer o diagn\u00f3stico precoce de poss\u00edveis altera\u00e7\u00f5es, e consigam evitar um diagn\u00f3stico tardio de doen\u00e7a renal. Afinal, enquanto os rins trabalham silenciosamente para manter o corpo em equil\u00edbrio, cuidar deles \u00e9 uma forma de garantir mais vida, sa\u00fade e qualidade de vida ao longo dos anos\u201d, pontua Dra. Amanda.<\/p>\n","protected":false},"excerpt":{"rendered":"<p>Discretos, silenciosos e essenciais para o funcionamento do organismo, os rins costumam trabalhar sem chamar aten\u00e7\u00e3o. O problema \u00e9 que, justamente por esse sil\u00eancio, muitas doen\u00e7as passam despercebidas por anos. O alerta ganha ainda mais for\u00e7a nesta quinta-feira, 12 de mar\u00e7o, quando \u00e9 celebrado o Dia Mundial do Rim, que neste ano traz como tema [&hellip;]<\/p>\n","protected":false},"author":6,"featured_media":12660,"comment_status":"closed","ping_status":"closed","sticky":false,"template":"","format":"standard","meta":{"_acf_changed":false,"site-sidebar-layout":"default","site-content-layout":"","ast-site-content-layout":"default","site-content-style":"default","site-sidebar-style":"default","ast-global-header-display":"","ast-banner-title-visibility":"","ast-main-header-display":"","ast-hfb-above-header-display":"","ast-hfb-below-header-display":"","ast-hfb-mobile-header-display":"","site-post-title":"","ast-breadcrumbs-content":"","ast-featured-img":"","footer-sml-layout":"","theme-transparent-header-meta":"","adv-header-id-meta":"","stick-header-meta":"","header-above-stick-meta":"","header-main-stick-meta":"","header-below-stick-meta":"","astra-migrate-meta-layouts":"default","ast-page-background-enabled":"default","ast-page-background-meta":{"desktop":{"background-color":"var(--ast-global-color-4)","background-image":"","background-repeat":"repeat","background-position":"center center","background-size":"auto","background-attachment":"scroll","background-type":"","background-media":"","overlay-type":"","overlay-color":"","overlay-opacity":"","overlay-gradient":""},"tablet":{"background-color":"","background-image":"","background-repeat":"repeat","background-position":"center center","background-size":"auto","background-attachment":"scroll","background-type":"","background-media":"","overlay-type":"","overlay-color":"","overlay-opacity":"","overlay-gradient":""},"mobile":{"background-color":"","background-image":"","background-repeat":"repeat","background-position":"center center","background-size":"auto","background-attachment":"scroll","background-type":"","background-media":"","overlay-type":"","overlay-color":"","overlay-opacity":"","overlay-gradient":""}},"ast-content-background-meta":{"desktop":{"background-color":"var(--ast-global-color-5)","background-image":"","background-repeat":"repeat","background-position":"center center","background-size":"auto","background-attachment":"scroll","background-type":"","background-media":"","overlay-type":"","overlay-color":"","overlay-opacity":"","overlay-gradient":""},"tablet":{"background-color":"var(--ast-global-color-5)","background-image":"","background-repeat":"repeat","background-position":"center center","background-size":"auto","background-attachment":"scroll","background-type":"","background-media":"","overlay-type":"","overlay-color":"","overlay-opacity":"","overlay-gradient":""},"mobile":{"background-color":"var(--ast-global-color-5)","background-image":"","background-repeat":"repeat","background-position":"center center","background-size":"auto","background-attachment":"scroll","background-type":"","background-media":"","overlay-type":"","overlay-color":"","overlay-opacity":"","overlay-gradient":""}},"footnotes":""},"categories":[1],"tags":[],"class_list":["post-12659","post","type-post","status-publish","format-standard","has-post-thumbnail","hentry","category-noticias"],"acf":[],"yoast_head":"<!-- This site is optimized with the Yoast SEO plugin v26.9 - https:\/\/yoast.com\/product\/yoast-seo-wordpress\/ -->\n<title>Silenciosa e perigosa, doen\u00e7a renal avan\u00e7a e refor\u00e7a import\u00e2ncia do diagn\u00f3stico precoce - Usisa\u00fade<\/title>\n<meta name=\"robots\" content=\"index, follow, max-snippet:-1, max-image-preview:large, max-video-preview:-1\" \/>\n<link rel=\"canonical\" href=\"https:\/\/www.fsfx.com.br\/usisaude\/silenciosa-e-perigosa-doenca-renal-avanca-e-reforca-importancia-do-diagnostico-precoce\/\" \/>\n<meta property=\"og:locale\" content=\"pt_BR\" \/>\n<meta property=\"og:type\" content=\"article\" \/>\n<meta property=\"og:title\" content=\"Silenciosa e perigosa, doen\u00e7a renal avan\u00e7a e refor\u00e7a import\u00e2ncia do diagn\u00f3stico precoce - Usisa\u00fade\" \/>\n<meta property=\"og:description\" content=\"Discretos, silenciosos e essenciais para o funcionamento do organismo, os rins costumam trabalhar sem chamar aten\u00e7\u00e3o. O problema \u00e9 que, justamente por esse sil\u00eancio, muitas doen\u00e7as passam despercebidas por anos. O alerta ganha ainda mais for\u00e7a nesta quinta-feira, 12 de mar\u00e7o, quando \u00e9 celebrado o Dia Mundial do Rim, que neste ano traz como tema [&hellip;]\" \/>\n<meta property=\"og:url\" content=\"https:\/\/www.fsfx.com.br\/usisaude\/silenciosa-e-perigosa-doenca-renal-avanca-e-reforca-importancia-do-diagnostico-precoce\/\" \/>\n<meta property=\"og:site_name\" content=\"Usisa\u00fade\" \/>\n<meta property=\"article:published_time\" content=\"2026-03-12T16:01:53+00:00\" \/>\n<meta property=\"og:image\" content=\"https:\/\/www.fsfx.com.br\/usisaude\/wp-content\/uploads\/sites\/6\/2026\/03\/Dra.-Amanda-Batista.jpg\" \/>\n\t<meta property=\"og:image:width\" content=\"1920\" \/>\n\t<meta property=\"og:image:height\" content=\"1280\" \/>\n\t<meta property=\"og:image:type\" content=\"image\/jpeg\" \/>\n<meta name=\"author\" content=\"C\u00e1ssio Santana\" \/>\n<meta name=\"twitter:card\" content=\"summary_large_image\" \/>\n<meta name=\"twitter:label1\" content=\"Escrito por\" \/>\n\t<meta name=\"twitter:data1\" content=\"C\u00e1ssio Santana\" \/>\n\t<meta name=\"twitter:label2\" content=\"Est. tempo de leitura\" \/>\n\t<meta name=\"twitter:data2\" content=\"6 minutos\" \/>\n<script type=\"application\/ld+json\" class=\"yoast-schema-graph\">{\"@context\":\"https:\/\/schema.org\",\"@graph\":[{\"@type\":\"Article\",\"@id\":\"https:\/\/www.fsfx.com.br\/usisaude\/silenciosa-e-perigosa-doenca-renal-avanca-e-reforca-importancia-do-diagnostico-precoce\/#article\",\"isPartOf\":{\"@id\":\"https:\/\/www.fsfx.com.br\/usisaude\/silenciosa-e-perigosa-doenca-renal-avanca-e-reforca-importancia-do-diagnostico-precoce\/\"},\"author\":{\"name\":\"C\u00e1ssio Santana\",\"@id\":\"https:\/\/www.fsfx.com.br\/usisaude\/#\/schema\/person\/6bf2cced2b7a5d5d78f5610fc8f52504\"},\"headline\":\"Silenciosa e perigosa, doen\u00e7a renal avan\u00e7a e refor\u00e7a import\u00e2ncia do diagn\u00f3stico precoce\",\"datePublished\":\"2026-03-12T16:01:53+00:00\",\"mainEntityOfPage\":{\"@id\":\"https:\/\/www.fsfx.com.br\/usisaude\/silenciosa-e-perigosa-doenca-renal-avanca-e-reforca-importancia-do-diagnostico-precoce\/\"},\"wordCount\":1095,\"publisher\":{\"@id\":\"https:\/\/www.fsfx.com.br\/usisaude\/#organization\"},\"image\":{\"@id\":\"https:\/\/www.fsfx.com.br\/usisaude\/silenciosa-e-perigosa-doenca-renal-avanca-e-reforca-importancia-do-diagnostico-precoce\/#primaryimage\"},\"thumbnailUrl\":\"https:\/\/www.fsfx.com.br\/usisaude\/wp-content\/uploads\/sites\/6\/2026\/03\/Dra.-Amanda-Batista.jpg\",\"articleSection\":[\"Not\u00edcias\"],\"inLanguage\":\"pt-BR\"},{\"@type\":\"WebPage\",\"@id\":\"https:\/\/www.fsfx.com.br\/usisaude\/silenciosa-e-perigosa-doenca-renal-avanca-e-reforca-importancia-do-diagnostico-precoce\/\",\"url\":\"https:\/\/www.fsfx.com.br\/usisaude\/silenciosa-e-perigosa-doenca-renal-avanca-e-reforca-importancia-do-diagnostico-precoce\/\",\"name\":\"Silenciosa e perigosa, doen\u00e7a renal avan\u00e7a e refor\u00e7a import\u00e2ncia do diagn\u00f3stico precoce - Usisa\u00fade\",\"isPartOf\":{\"@id\":\"https:\/\/www.fsfx.com.br\/usisaude\/#website\"},\"primaryImageOfPage\":{\"@id\":\"https:\/\/www.fsfx.com.br\/usisaude\/silenciosa-e-perigosa-doenca-renal-avanca-e-reforca-importancia-do-diagnostico-precoce\/#primaryimage\"},\"image\":{\"@id\":\"https:\/\/www.fsfx.com.br\/usisaude\/silenciosa-e-perigosa-doenca-renal-avanca-e-reforca-importancia-do-diagnostico-precoce\/#primaryimage\"},\"thumbnailUrl\":\"https:\/\/www.fsfx.com.br\/usisaude\/wp-content\/uploads\/sites\/6\/2026\/03\/Dra.-Amanda-Batista.jpg\",\"datePublished\":\"2026-03-12T16:01:53+00:00\",\"breadcrumb\":{\"@id\":\"https:\/\/www.fsfx.com.br\/usisaude\/silenciosa-e-perigosa-doenca-renal-avanca-e-reforca-importancia-do-diagnostico-precoce\/#breadcrumb\"},\"inLanguage\":\"pt-BR\",\"potentialAction\":[{\"@type\":\"ReadAction\",\"target\":[\"https:\/\/www.fsfx.com.br\/usisaude\/silenciosa-e-perigosa-doenca-renal-avanca-e-reforca-importancia-do-diagnostico-precoce\/\"]}]},{\"@type\":\"ImageObject\",\"inLanguage\":\"pt-BR\",\"@id\":\"https:\/\/www.fsfx.com.br\/usisaude\/silenciosa-e-perigosa-doenca-renal-avanca-e-reforca-importancia-do-diagnostico-precoce\/#primaryimage\",\"url\":\"https:\/\/www.fsfx.com.br\/usisaude\/wp-content\/uploads\/sites\/6\/2026\/03\/Dra.-Amanda-Batista.jpg\",\"contentUrl\":\"https:\/\/www.fsfx.com.br\/usisaude\/wp-content\/uploads\/sites\/6\/2026\/03\/Dra.-Amanda-Batista.jpg\",\"width\":1920,\"height\":1280},{\"@type\":\"BreadcrumbList\",\"@id\":\"https:\/\/www.fsfx.com.br\/usisaude\/silenciosa-e-perigosa-doenca-renal-avanca-e-reforca-importancia-do-diagnostico-precoce\/#breadcrumb\",\"itemListElement\":[{\"@type\":\"ListItem\",\"position\":1,\"name\":\"In\u00edcio\",\"item\":\"https:\/\/www.fsfx.com.br\/usisaude\/\"},{\"@type\":\"ListItem\",\"position\":2,\"name\":\"Silenciosa e perigosa, doen\u00e7a renal avan\u00e7a e refor\u00e7a import\u00e2ncia do diagn\u00f3stico precoce\"}]},{\"@type\":\"WebSite\",\"@id\":\"https:\/\/www.fsfx.com.br\/usisaude\/#website\",\"url\":\"https:\/\/www.fsfx.com.br\/usisaude\/\",\"name\":\"Usisa\u00fade\",\"description\":\"Somos a Usisa\u00fade, uma operadora de planos de sa\u00fade da Funda\u00e7\u00e3o S\u00e3o Francisco Xavier (FSFX), a maior em modalidade filantr\u00f3pica do pa\u00eds.\",\"publisher\":{\"@id\":\"https:\/\/www.fsfx.com.br\/usisaude\/#organization\"},\"potentialAction\":[{\"@type\":\"SearchAction\",\"target\":{\"@type\":\"EntryPoint\",\"urlTemplate\":\"https:\/\/www.fsfx.com.br\/usisaude\/?s={search_term_string}\"},\"query-input\":{\"@type\":\"PropertyValueSpecification\",\"valueRequired\":true,\"valueName\":\"search_term_string\"}}],\"inLanguage\":\"pt-BR\"},{\"@type\":\"Organization\",\"@id\":\"https:\/\/www.fsfx.com.br\/usisaude\/#organization\",\"name\":\"Usisa\u00fade\",\"url\":\"https:\/\/www.fsfx.com.br\/usisaude\/\",\"logo\":{\"@type\":\"ImageObject\",\"inLanguage\":\"pt-BR\",\"@id\":\"https:\/\/www.fsfx.com.br\/usisaude\/#\/schema\/logo\/image\/\",\"url\":\"https:\/\/www.fsfx.com.br\/usisaude\/wp-content\/uploads\/sites\/6\/2022\/03\/logo-ususaude-1.svg\",\"contentUrl\":\"https:\/\/www.fsfx.com.br\/usisaude\/wp-content\/uploads\/sites\/6\/2022\/03\/logo-ususaude-1.svg\",\"width\":445,\"height\":196,\"caption\":\"Usisa\u00fade\"},\"image\":{\"@id\":\"https:\/\/www.fsfx.com.br\/usisaude\/#\/schema\/logo\/image\/\"}},{\"@type\":\"Person\",\"@id\":\"https:\/\/www.fsfx.com.br\/usisaude\/#\/schema\/person\/6bf2cced2b7a5d5d78f5610fc8f52504\",\"name\":\"C\u00e1ssio Santana\",\"image\":{\"@type\":\"ImageObject\",\"inLanguage\":\"pt-BR\",\"@id\":\"https:\/\/www.fsfx.com.br\/usisaude\/#\/schema\/person\/image\/\",\"url\":\"https:\/\/secure.gravatar.com\/avatar\/ef79739de3edd2f5c2e7c4930b0808c62af99fc5520eaadc7899948f8bc6d2e1?s=96&d=mm&r=g\",\"contentUrl\":\"https:\/\/secure.gravatar.com\/avatar\/ef79739de3edd2f5c2e7c4930b0808c62af99fc5520eaadc7899948f8bc6d2e1?s=96&d=mm&r=g\",\"caption\":\"C\u00e1ssio Santana\"},\"url\":\"https:\/\/www.fsfx.com.br\/usisaude\/author\/cassio\/\"}]}<\/script>\n<!-- \/ Yoast SEO plugin. -->","yoast_head_json":{"title":"Silenciosa e perigosa, doen\u00e7a renal avan\u00e7a e refor\u00e7a import\u00e2ncia do diagn\u00f3stico precoce - Usisa\u00fade","robots":{"index":"index","follow":"follow","max-snippet":"max-snippet:-1","max-image-preview":"max-image-preview:large","max-video-preview":"max-video-preview:-1"},"canonical":"https:\/\/www.fsfx.com.br\/usisaude\/silenciosa-e-perigosa-doenca-renal-avanca-e-reforca-importancia-do-diagnostico-precoce\/","og_locale":"pt_BR","og_type":"article","og_title":"Silenciosa e perigosa, doen\u00e7a renal avan\u00e7a e refor\u00e7a import\u00e2ncia do diagn\u00f3stico precoce - Usisa\u00fade","og_description":"Discretos, silenciosos e essenciais para o funcionamento do organismo, os rins costumam trabalhar sem chamar aten\u00e7\u00e3o. O problema \u00e9 que, justamente por esse sil\u00eancio, muitas doen\u00e7as passam despercebidas por anos. O alerta ganha ainda mais for\u00e7a nesta quinta-feira, 12 de mar\u00e7o, quando \u00e9 celebrado o Dia Mundial do Rim, que neste ano traz como tema [&hellip;]","og_url":"https:\/\/www.fsfx.com.br\/usisaude\/silenciosa-e-perigosa-doenca-renal-avanca-e-reforca-importancia-do-diagnostico-precoce\/","og_site_name":"Usisa\u00fade","article_published_time":"2026-03-12T16:01:53+00:00","og_image":[{"width":1920,"height":1280,"url":"https:\/\/www.fsfx.com.br\/usisaude\/wp-content\/uploads\/sites\/6\/2026\/03\/Dra.-Amanda-Batista.jpg","type":"image\/jpeg"}],"author":"C\u00e1ssio Santana","twitter_card":"summary_large_image","twitter_misc":{"Escrito por":"C\u00e1ssio Santana","Est. tempo de leitura":"6 minutos"},"schema":{"@context":"https:\/\/schema.org","@graph":[{"@type":"Article","@id":"https:\/\/www.fsfx.com.br\/usisaude\/silenciosa-e-perigosa-doenca-renal-avanca-e-reforca-importancia-do-diagnostico-precoce\/#article","isPartOf":{"@id":"https:\/\/www.fsfx.com.br\/usisaude\/silenciosa-e-perigosa-doenca-renal-avanca-e-reforca-importancia-do-diagnostico-precoce\/"},"author":{"name":"C\u00e1ssio Santana","@id":"https:\/\/www.fsfx.com.br\/usisaude\/#\/schema\/person\/6bf2cced2b7a5d5d78f5610fc8f52504"},"headline":"Silenciosa e perigosa, doen\u00e7a renal avan\u00e7a e refor\u00e7a import\u00e2ncia do diagn\u00f3stico precoce","datePublished":"2026-03-12T16:01:53+00:00","mainEntityOfPage":{"@id":"https:\/\/www.fsfx.com.br\/usisaude\/silenciosa-e-perigosa-doenca-renal-avanca-e-reforca-importancia-do-diagnostico-precoce\/"},"wordCount":1095,"publisher":{"@id":"https:\/\/www.fsfx.com.br\/usisaude\/#organization"},"image":{"@id":"https:\/\/www.fsfx.com.br\/usisaude\/silenciosa-e-perigosa-doenca-renal-avanca-e-reforca-importancia-do-diagnostico-precoce\/#primaryimage"},"thumbnailUrl":"https:\/\/www.fsfx.com.br\/usisaude\/wp-content\/uploads\/sites\/6\/2026\/03\/Dra.-Amanda-Batista.jpg","articleSection":["Not\u00edcias"],"inLanguage":"pt-BR"},{"@type":"WebPage","@id":"https:\/\/www.fsfx.com.br\/usisaude\/silenciosa-e-perigosa-doenca-renal-avanca-e-reforca-importancia-do-diagnostico-precoce\/","url":"https:\/\/www.fsfx.com.br\/usisaude\/silenciosa-e-perigosa-doenca-renal-avanca-e-reforca-importancia-do-diagnostico-precoce\/","name":"Silenciosa e perigosa, doen\u00e7a renal avan\u00e7a e refor\u00e7a import\u00e2ncia do diagn\u00f3stico precoce - Usisa\u00fade","isPartOf":{"@id":"https:\/\/www.fsfx.com.br\/usisaude\/#website"},"primaryImageOfPage":{"@id":"https:\/\/www.fsfx.com.br\/usisaude\/silenciosa-e-perigosa-doenca-renal-avanca-e-reforca-importancia-do-diagnostico-precoce\/#primaryimage"},"image":{"@id":"https:\/\/www.fsfx.com.br\/usisaude\/silenciosa-e-perigosa-doenca-renal-avanca-e-reforca-importancia-do-diagnostico-precoce\/#primaryimage"},"thumbnailUrl":"https:\/\/www.fsfx.com.br\/usisaude\/wp-content\/uploads\/sites\/6\/2026\/03\/Dra.-Amanda-Batista.jpg","datePublished":"2026-03-12T16:01:53+00:00","breadcrumb":{"@id":"https:\/\/www.fsfx.com.br\/usisaude\/silenciosa-e-perigosa-doenca-renal-avanca-e-reforca-importancia-do-diagnostico-precoce\/#breadcrumb"},"inLanguage":"pt-BR","potentialAction":[{"@type":"ReadAction","target":["https:\/\/www.fsfx.com.br\/usisaude\/silenciosa-e-perigosa-doenca-renal-avanca-e-reforca-importancia-do-diagnostico-precoce\/"]}]},{"@type":"ImageObject","inLanguage":"pt-BR","@id":"https:\/\/www.fsfx.com.br\/usisaude\/silenciosa-e-perigosa-doenca-renal-avanca-e-reforca-importancia-do-diagnostico-precoce\/#primaryimage","url":"https:\/\/www.fsfx.com.br\/usisaude\/wp-content\/uploads\/sites\/6\/2026\/03\/Dra.-Amanda-Batista.jpg","contentUrl":"https:\/\/www.fsfx.com.br\/usisaude\/wp-content\/uploads\/sites\/6\/2026\/03\/Dra.-Amanda-Batista.jpg","width":1920,"height":1280},{"@type":"BreadcrumbList","@id":"https:\/\/www.fsfx.com.br\/usisaude\/silenciosa-e-perigosa-doenca-renal-avanca-e-reforca-importancia-do-diagnostico-precoce\/#breadcrumb","itemListElement":[{"@type":"ListItem","position":1,"name":"In\u00edcio","item":"https:\/\/www.fsfx.com.br\/usisaude\/"},{"@type":"ListItem","position":2,"name":"Silenciosa e perigosa, doen\u00e7a renal avan\u00e7a e refor\u00e7a import\u00e2ncia do diagn\u00f3stico precoce"}]},{"@type":"WebSite","@id":"https:\/\/www.fsfx.com.br\/usisaude\/#website","url":"https:\/\/www.fsfx.com.br\/usisaude\/","name":"Usisa\u00fade","description":"Somos a Usisa\u00fade, uma operadora de planos de sa\u00fade da Funda\u00e7\u00e3o S\u00e3o Francisco Xavier (FSFX), a maior em modalidade filantr\u00f3pica do pa\u00eds.","publisher":{"@id":"https:\/\/www.fsfx.com.br\/usisaude\/#organization"},"potentialAction":[{"@type":"SearchAction","target":{"@type":"EntryPoint","urlTemplate":"https:\/\/www.fsfx.com.br\/usisaude\/?s={search_term_string}"},"query-input":{"@type":"PropertyValueSpecification","valueRequired":true,"valueName":"search_term_string"}}],"inLanguage":"pt-BR"},{"@type":"Organization","@id":"https:\/\/www.fsfx.com.br\/usisaude\/#organization","name":"Usisa\u00fade","url":"https:\/\/www.fsfx.com.br\/usisaude\/","logo":{"@type":"ImageObject","inLanguage":"pt-BR","@id":"https:\/\/www.fsfx.com.br\/usisaude\/#\/schema\/logo\/image\/","url":"https:\/\/www.fsfx.com.br\/usisaude\/wp-content\/uploads\/sites\/6\/2022\/03\/logo-ususaude-1.svg","contentUrl":"https:\/\/www.fsfx.com.br\/usisaude\/wp-content\/uploads\/sites\/6\/2022\/03\/logo-ususaude-1.svg","width":445,"height":196,"caption":"Usisa\u00fade"},"image":{"@id":"https:\/\/www.fsfx.com.br\/usisaude\/#\/schema\/logo\/image\/"}},{"@type":"Person","@id":"https:\/\/www.fsfx.com.br\/usisaude\/#\/schema\/person\/6bf2cced2b7a5d5d78f5610fc8f52504","name":"C\u00e1ssio Santana","image":{"@type":"ImageObject","inLanguage":"pt-BR","@id":"https:\/\/www.fsfx.com.br\/usisaude\/#\/schema\/person\/image\/","url":"https:\/\/secure.gravatar.com\/avatar\/ef79739de3edd2f5c2e7c4930b0808c62af99fc5520eaadc7899948f8bc6d2e1?s=96&d=mm&r=g","contentUrl":"https:\/\/secure.gravatar.com\/avatar\/ef79739de3edd2f5c2e7c4930b0808c62af99fc5520eaadc7899948f8bc6d2e1?s=96&d=mm&r=g","caption":"C\u00e1ssio Santana"},"url":"https:\/\/www.fsfx.com.br\/usisaude\/author\/cassio\/"}]}},"_links":{"self":[{"href":"https:\/\/www.fsfx.com.br\/usisaude\/wp-json\/wp\/v2\/posts\/12659","targetHints":{"allow":["GET"]}}],"collection":[{"href":"https:\/\/www.fsfx.com.br\/usisaude\/wp-json\/wp\/v2\/posts"}],"about":[{"href":"https:\/\/www.fsfx.com.br\/usisaude\/wp-json\/wp\/v2\/types\/post"}],"author":[{"embeddable":true,"href":"https:\/\/www.fsfx.com.br\/usisaude\/wp-json\/wp\/v2\/users\/6"}],"replies":[{"embeddable":true,"href":"https:\/\/www.fsfx.com.br\/usisaude\/wp-json\/wp\/v2\/comments?post=12659"}],"version-history":[{"count":1,"href":"https:\/\/www.fsfx.com.br\/usisaude\/wp-json\/wp\/v2\/posts\/12659\/revisions"}],"predecessor-version":[{"id":12661,"href":"https:\/\/www.fsfx.com.br\/usisaude\/wp-json\/wp\/v2\/posts\/12659\/revisions\/12661"}],"wp:featuredmedia":[{"embeddable":true,"href":"https:\/\/www.fsfx.com.br\/usisaude\/wp-json\/wp\/v2\/media\/12660"}],"wp:attachment":[{"href":"https:\/\/www.fsfx.com.br\/usisaude\/wp-json\/wp\/v2\/media?parent=12659"}],"wp:term":[{"taxonomy":"category","embeddable":true,"href":"https:\/\/www.fsfx.com.br\/usisaude\/wp-json\/wp\/v2\/categories?post=12659"},{"taxonomy":"post_tag","embeddable":true,"href":"https:\/\/www.fsfx.com.br\/usisaude\/wp-json\/wp\/v2\/tags?post=12659"}],"curies":[{"name":"wp","href":"https:\/\/api.w.org\/{rel}","templated":true}]}}