{"id":13102,"date":"2026-09-02T11:58:23","date_gmt":"2026-09-02T14:58:23","guid":{"rendered":"https:\/\/www.fsfx.com.br\/usisaude\/?p=13102"},"modified":"2026-09-02T11:58:23","modified_gmt":"2026-09-02T14:58:23","slug":"setembro-amarelo-escutar-e-estar-presente-e-pode-salvar-vidas","status":"publish","type":"post","link":"https:\/\/www.fsfx.com.br\/usisaude\/setembro-amarelo-escutar-e-estar-presente-e-pode-salvar-vidas\/","title":{"rendered":"Setembro Amarelo: escutar \u00e9 estar presente e pode salvar vidas"},"content":{"rendered":"<p style=\"text-align: center;\"><em>Campanha refor\u00e7a a import\u00e2ncia da escuta, do acolhimento e da busca por ajuda diante do sofrimento emocional agravado pela compara\u00e7\u00e3o nas redes sociais<\/em><\/p>\n<p>O Setembro Amarelo, campanha nacional de conscientiza\u00e7\u00e3o sobre a preven\u00e7\u00e3o do suic\u00eddio, traz em 2026 o tema <strong>&#8220;Escutar \u00e9 estar presente: voc\u00ea n\u00e3o est\u00e1 s\u00f3, estamos juntos com voc\u00ea&#8221;<\/strong>. \u00a0A proposta refor\u00e7a a import\u00e2ncia da escuta acolhedora e da busca por ajuda diante de uma realidade marcada pelo sofrimento emocional, pela solid\u00e3o e pelo chamado &#8220;esgotamento social&#8221;, condi\u00e7\u00e3o associada ao des\u00e2nimo, \u00e0 perda de interesse nas rela\u00e7\u00f5es e ao desgaste provocado pelas exig\u00eancias da vida moderna e pela compara\u00e7\u00e3o constante com padr\u00f5es de sucesso, felicidade e beleza apresentados nas redes sociais.<\/p>\n<p>Embora o termo &#8220;esgotamento social&#8221; n\u00e3o seja uma classifica\u00e7\u00e3o m\u00e9dica, especialistas observam que muitas pessoas t\u00eam relatado sintomas relacionados a essa condi\u00e7\u00e3o, como irritabilidade, cansa\u00e7o frequente, impaci\u00eancia, desmotiva\u00e7\u00e3o e dificuldade para manter v\u00ednculos e atividades que antes geravam prazer. Quando esses sinais persistem e come\u00e7am a impactar a rotina, a aten\u00e7\u00e3o deve ser redobrada.<\/p>\n<p><img fetchpriority=\"high\" decoding=\"async\" class=\"size-medium wp-image-28163 alignleft\" src=\"https:\/\/www.fsfx.com.br\/wp-content\/uploads\/2026\/09\/Dr.-Arthur-Lobato-Psiquiatra-FSFX-300x200.jpg\" alt=\"\" width=\"300\" height=\"200\" \/>Segundo o m\u00e9dico psiquiatra do Hospital M\u00e1rcio Cunha (HMC), <strong>Arthur Lobato<\/strong>, \u00e9 importante compreender a diferen\u00e7a entre momentos naturais de tristeza e situa\u00e7\u00f5es que podem indicar um transtorno mental. &#8220;Todos n\u00f3s vamos passar por per\u00edodos de tristeza ou momentos em que queremos ficar mais sozinhos. O problema \u00e9 quando isso se torna constante, acontece todos os dias e come\u00e7a a trazer preju\u00edzos para a vida da pessoa. Quando algu\u00e9m perde o interesse pelas atividades, deixa de cuidar de si, se isola e passa a sofrer de forma cont\u00ednua, \u00e9 necess\u00e1rio investigar o que est\u00e1 acontecendo&#8221;, explica.<\/p>\n<p>Com a populariza\u00e7\u00e3o das redes sociais, tornou-se comum acompanhar diariamente imagens e relatos que mostram conquistas, viagens, relacionamentos felizes e uma rotina aparentemente perfeita. O problema surge quando as pessoas passam a comparar sua pr\u00f3pria realidade com esse recorte idealizado da vida alheia.<\/p>\n<p>De acordo com o m\u00e9dico do HMC, essa exposi\u00e7\u00e3o constante pode funcionar como um fator de risco para pessoas emocionalmente vulner\u00e1veis. &#8220;Somos bombardeados diariamente por hist\u00f3rias de sucesso, felicidade e realiza\u00e7\u00f5es. Quando algu\u00e9m olha para a pr\u00f3pria vida e acredita que todos est\u00e3o avan\u00e7ando enquanto ela permanece no mesmo lugar, podem surgir sentimentos de inadequa\u00e7\u00e3o, frustra\u00e7\u00e3o e fracasso. O que muitas vezes esquecemos \u00e9 que as redes mostram apenas uma parte da realidade. Ningu\u00e9m publica seus medos, suas inseguran\u00e7as ou os desafios que enfrenta&#8221;, afirma.<\/p>\n<p>O especialista destaca que sentir tristeza ocasionalmente \u00e9 esperado, mas n\u00e3o \u00e9 considerado normal viver permanentemente com a sensa\u00e7\u00e3o de que todos est\u00e3o felizes e realizados, enquanto apenas voc\u00ea sofre. A intensidade, a dura\u00e7\u00e3o e o impacto na rotina s\u00e3o fatores essenciais para identificar quando o sofrimento emocional ou \u201cesgotamento social\u201d ultrapassa o esperado.<\/p>\n<p>Na psiquiatria, n\u00e3o existe um exame laboratorial ou de imagem capaz de confirmar um transtorno mental. A avalia\u00e7\u00e3o \u00e9 baseada principalmente nos sintomas apresentados e no preju\u00edzo causado \u00e0 vida do paciente.<\/p>\n<p>&#8220;A tristeza deixa de ser apenas tristeza quando dura dias seguidos, ocupa praticamente todo o dia e come\u00e7a a afetar a funcionalidade da pessoa. Ela perde a capacidade de se concentrar, deixa de realizar atividades que fazia normalmente e passa a se afastar das outras pessoas. Quando existe sofrimento constante e preju\u00edzo na vida cotidiana, \u00e9 fundamental procurar ajuda&#8221;, ressalta o psiquiatra.<\/p>\n<p>Familiares, amigos e colegas tamb\u00e9m podem desempenhar um papel importante. Um dos pilares do Setembro Amarelo \u00e9 a valoriza\u00e7\u00e3o da escuta. Para especialistas, eles podem desempenhar um papel importante na identifica\u00e7\u00e3o de poss\u00edveis sinais de sofrimento emocional. Vale destacar ainda que ouvir algu\u00e9m em sofrimento pode representar o primeiro passo para que essa pessoa reconhe\u00e7a a necessidade de ajuda e encontre apoio para enfrentar o problema.<\/p>\n<p>Segundo Arthur Lobato, acolher n\u00e3o significa necessariamente apresentar solu\u00e7\u00f5es ou ter todas as respostas. &#8220;A escuta \u00e9 importante tanto para a preven\u00e7\u00e3o quanto para o diagn\u00f3stico. Muitas vezes, a pessoa acredita que aquilo que est\u00e1 sentindo \u00e9 normal e n\u00e3o percebe que pode estar vivenciando um quadro de depress\u00e3o ou ansiedade. Quando algu\u00e9m escuta de forma genu\u00edna e acolhedora, pode ajud\u00e1-la a enxergar que existe uma dificuldade que merece aten\u00e7\u00e3o.&#8221;<\/p>\n<p>Ele explica que escutar vai muito al\u00e9m de apenas ouvir. Um gesto simples como uma conversa, uma mensagem, um abra\u00e7o ou a demonstra\u00e7\u00e3o sincera de disponibilidade pode fazer diferen\u00e7a para algu\u00e9m que est\u00e1 enfrentando um momento de vulnerabilidade emocional. &#8220;Escutar \u00e9 querer compreender o que o outro est\u00e1 vivendo. \u00c9 estar presente, demonstrar interesse, acolher sem interromper e sem minimizar o sofrimento. Escutar sem julgar \u00e9 dif\u00edcil e exige empatia, paci\u00eancia e disposi\u00e7\u00e3o para entender o contexto daquela pessoa.&#8221;<\/p>\n<p><strong>Sinais que merecem aten\u00e7\u00e3o<\/strong><\/p>\n<p>O m\u00e9dico destaca alguns comportamentos que merecem aten\u00e7\u00e3o, tais como isolamento social repentino; perda de interesse por atividades antes prazerosas; mudan\u00e7as significativas de comportamento; irritabilidade ou tristeza frequente; queda de rendimento escolar ou profissional; descuidos com a apar\u00eancia e a higiene pessoal; altera\u00e7\u00f5es importantes no sono ou no apetite; presen\u00e7a de machucados ou comportamentos de risco.<\/p>\n<p>&#8220;O principal sinal \u00e9 a mudan\u00e7a no comportamento habitual. Quando algu\u00e9m come\u00e7a a agir de forma muito diferente do que costumava agir, \u00e9 importante abrir espa\u00e7o para uma conversa e entender o que est\u00e1 acontecendo&#8221;, orienta o especialista.<\/p>\n<p>Outro alerta dos profissionais de sa\u00fade \u00e9 que a busca por ajuda especializada n\u00e3o deve ocorrer apenas em situa\u00e7\u00f5es graves. &#8220;A ajuda deve ser procurada desde os primeiros sinais de sofrimento. O profissional poder\u00e1 avaliar se aquilo faz parte de um momento dif\u00edcil da vida ou se existe algum transtorno que precisa de tratamento. Quanto mais cedo acontece essa avalia\u00e7\u00e3o, maiores s\u00e3o as chances de evitar um agravamento do quadro&#8221;, afirma Arthur Lobato.<\/p>\n<p>Neste Setembro Amarelo, a mensagem \u00e9 clara: ningu\u00e9m precisa enfrentar a dor sozinho. Falar sobre sentimentos, buscar acolhimento e procurar ajuda profissional s\u00e3o atitudes que podem transformar hist\u00f3rias e salvar vidas. Afinal, como refor\u00e7a a campanha deste ano, <strong>escutar \u00e9 estar presente, e estar presente pode fazer toda a diferen\u00e7a para quem est\u00e1 sofrendo<\/strong>.<\/p>\n","protected":false},"excerpt":{"rendered":"<p>Campanha refor\u00e7a a import\u00e2ncia da escuta, do acolhimento e da busca por ajuda diante do sofrimento emocional agravado pela compara\u00e7\u00e3o nas redes sociais O Setembro Amarelo, campanha nacional de conscientiza\u00e7\u00e3o sobre a preven\u00e7\u00e3o do suic\u00eddio, traz em 2026 o tema &#8220;Escutar \u00e9 estar presente: voc\u00ea n\u00e3o est\u00e1 s\u00f3, estamos juntos com voc\u00ea&#8221;. \u00a0A proposta refor\u00e7a [&hellip;]<\/p>\n","protected":false},"author":6,"featured_media":0,"comment_status":"closed","ping_status":"closed","sticky":false,"template":"","format":"standard","meta":{"_acf_changed":false,"site-sidebar-layout":"default","site-content-layout":"","ast-site-content-layout":"default","site-content-style":"default","site-sidebar-style":"default","ast-global-header-display":"","ast-banner-title-visibility":"","ast-main-header-display":"","ast-hfb-above-header-display":"","ast-hfb-below-header-display":"","ast-hfb-mobile-header-display":"","site-post-title":"","ast-breadcrumbs-content":"","ast-featured-img":"","footer-sml-layout":"","ast-disable-related-posts":"","theme-transparent-header-meta":"","adv-header-id-meta":"","stick-header-meta":"","header-above-stick-meta":"","header-main-stick-meta":"","header-below-stick-meta":"","astra-migrate-meta-layouts":"default","ast-page-background-enabled":"default","ast-page-background-meta":{"desktop":{"background-color":"var(--ast-global-color-4)","background-image":"","background-repeat":"repeat","background-position":"center center","background-size":"auto","background-attachment":"scroll","background-type":"","background-media":"","overlay-type":"","overlay-color":"","overlay-opacity":"","overlay-gradient":""},"tablet":{"background-color":"","background-image":"","background-repeat":"repeat","background-position":"center center","background-size":"auto","background-attachment":"scroll","background-type":"","background-media":"","overlay-type":"","overlay-color":"","overlay-opacity":"","overlay-gradient":""},"mobile":{"background-color":"","background-image":"","background-repeat":"repeat","background-position":"center center","background-size":"auto","background-attachment":"scroll","background-type":"","background-media":"","overlay-type":"","overlay-color":"","overlay-opacity":"","overlay-gradient":""}},"ast-content-background-meta":{"desktop":{"background-color":"var(--ast-global-color-5)","background-image":"","background-repeat":"repeat","background-position":"center center","background-size":"auto","background-attachment":"scroll","background-type":"","background-media":"","overlay-type":"","overlay-color":"","overlay-opacity":"","overlay-gradient":""},"tablet":{"background-color":"var(--ast-global-color-5)","background-image":"","background-repeat":"repeat","background-position":"center center","background-size":"auto","background-attachment":"scroll","background-type":"","background-media":"","overlay-type":"","overlay-color":"","overlay-opacity":"","overlay-gradient":""},"mobile":{"background-color":"var(--ast-global-color-5)","background-image":"","background-repeat":"repeat","background-position":"center center","background-size":"auto","background-attachment":"scroll","background-type":"","background-media":"","overlay-type":"","overlay-color":"","overlay-opacity":"","overlay-gradient":""}},"footnotes":""},"categories":[1],"tags":[],"class_list":["post-13102","post","type-post","status-publish","format-standard","hentry","category-noticias"],"acf":[],"yoast_head":"<!-- This site is optimized with the Yoast SEO plugin v27.8 - https:\/\/yoast.com\/product\/yoast-seo-wordpress\/ -->\n<title>Setembro Amarelo: escutar \u00e9 estar presente e pode salvar vidas - Usisa\u00fade<\/title>\n<meta name=\"robots\" content=\"index, follow, max-snippet:-1, max-image-preview:large, max-video-preview:-1\" \/>\n<link rel=\"canonical\" href=\"https:\/\/www.fsfx.com.br\/usisaude\/setembro-amarelo-escutar-e-estar-presente-e-pode-salvar-vidas\/\" \/>\n<meta property=\"og:locale\" content=\"pt_BR\" \/>\n<meta property=\"og:type\" content=\"article\" \/>\n<meta property=\"og:title\" content=\"Setembro Amarelo: escutar \u00e9 estar presente e pode salvar vidas - Usisa\u00fade\" \/>\n<meta property=\"og:description\" content=\"Campanha refor\u00e7a a import\u00e2ncia da escuta, do acolhimento e da busca por ajuda diante do sofrimento emocional agravado pela compara\u00e7\u00e3o nas redes sociais O Setembro Amarelo, campanha nacional de conscientiza\u00e7\u00e3o sobre a preven\u00e7\u00e3o do suic\u00eddio, traz em 2026 o tema &#8220;Escutar \u00e9 estar presente: voc\u00ea n\u00e3o est\u00e1 s\u00f3, estamos juntos com voc\u00ea&#8221;. \u00a0A proposta refor\u00e7a [&hellip;]\" \/>\n<meta property=\"og:url\" content=\"https:\/\/www.fsfx.com.br\/usisaude\/setembro-amarelo-escutar-e-estar-presente-e-pode-salvar-vidas\/\" \/>\n<meta property=\"og:site_name\" content=\"Usisa\u00fade\" \/>\n<meta property=\"article:published_time\" content=\"2026-09-02T14:58:23+00:00\" \/>\n<meta name=\"author\" content=\"C\u00e1ssio Santana\" \/>\n<meta name=\"twitter:card\" content=\"summary_large_image\" \/>\n<meta name=\"twitter:label1\" content=\"Escrito por\" \/>\n\t<meta name=\"twitter:data1\" content=\"C\u00e1ssio Santana\" \/>\n\t<meta name=\"twitter:label2\" content=\"Est. tempo de leitura\" \/>\n\t<meta name=\"twitter:data2\" content=\"6 minutos\" \/>\n<script type=\"application\/ld+json\" class=\"yoast-schema-graph\">{\"@context\":\"https:\\\/\\\/schema.org\",\"@graph\":[{\"@type\":\"Article\",\"@id\":\"https:\\\/\\\/www.fsfx.com.br\\\/usisaude\\\/setembro-amarelo-escutar-e-estar-presente-e-pode-salvar-vidas\\\/#article\",\"isPartOf\":{\"@id\":\"https:\\\/\\\/www.fsfx.com.br\\\/usisaude\\\/setembro-amarelo-escutar-e-estar-presente-e-pode-salvar-vidas\\\/\"},\"author\":{\"name\":\"C\u00e1ssio Santana\",\"@id\":\"https:\\\/\\\/www.fsfx.com.br\\\/usisaude\\\/#\\\/schema\\\/person\\\/6bf2cced2b7a5d5d78f5610fc8f52504\"},\"headline\":\"Setembro Amarelo: escutar \u00e9 estar presente e pode salvar vidas\",\"datePublished\":\"2026-09-02T14:58:23+00:00\",\"mainEntityOfPage\":{\"@id\":\"https:\\\/\\\/www.fsfx.com.br\\\/usisaude\\\/setembro-amarelo-escutar-e-estar-presente-e-pode-salvar-vidas\\\/\"},\"wordCount\":1075,\"publisher\":{\"@id\":\"https:\\\/\\\/www.fsfx.com.br\\\/usisaude\\\/#organization\"},\"image\":{\"@id\":\"https:\\\/\\\/www.fsfx.com.br\\\/usisaude\\\/setembro-amarelo-escutar-e-estar-presente-e-pode-salvar-vidas\\\/#primaryimage\"},\"thumbnailUrl\":\"https:\\\/\\\/www.fsfx.com.br\\\/wp-content\\\/uploads\\\/2026\\\/09\\\/Dr.-Arthur-Lobato-Psiquiatra-FSFX-300x200.jpg\",\"articleSection\":[\"Not\u00edcias\"],\"inLanguage\":\"pt-BR\"},{\"@type\":\"WebPage\",\"@id\":\"https:\\\/\\\/www.fsfx.com.br\\\/usisaude\\\/setembro-amarelo-escutar-e-estar-presente-e-pode-salvar-vidas\\\/\",\"url\":\"https:\\\/\\\/www.fsfx.com.br\\\/usisaude\\\/setembro-amarelo-escutar-e-estar-presente-e-pode-salvar-vidas\\\/\",\"name\":\"Setembro Amarelo: escutar \u00e9 estar presente e pode salvar vidas - Usisa\u00fade\",\"isPartOf\":{\"@id\":\"https:\\\/\\\/www.fsfx.com.br\\\/usisaude\\\/#website\"},\"primaryImageOfPage\":{\"@id\":\"https:\\\/\\\/www.fsfx.com.br\\\/usisaude\\\/setembro-amarelo-escutar-e-estar-presente-e-pode-salvar-vidas\\\/#primaryimage\"},\"image\":{\"@id\":\"https:\\\/\\\/www.fsfx.com.br\\\/usisaude\\\/setembro-amarelo-escutar-e-estar-presente-e-pode-salvar-vidas\\\/#primaryimage\"},\"thumbnailUrl\":\"https:\\\/\\\/www.fsfx.com.br\\\/wp-content\\\/uploads\\\/2026\\\/09\\\/Dr.-Arthur-Lobato-Psiquiatra-FSFX-300x200.jpg\",\"datePublished\":\"2026-09-02T14:58:23+00:00\",\"breadcrumb\":{\"@id\":\"https:\\\/\\\/www.fsfx.com.br\\\/usisaude\\\/setembro-amarelo-escutar-e-estar-presente-e-pode-salvar-vidas\\\/#breadcrumb\"},\"inLanguage\":\"pt-BR\",\"potentialAction\":[{\"@type\":\"ReadAction\",\"target\":[\"https:\\\/\\\/www.fsfx.com.br\\\/usisaude\\\/setembro-amarelo-escutar-e-estar-presente-e-pode-salvar-vidas\\\/\"]}]},{\"@type\":\"ImageObject\",\"inLanguage\":\"pt-BR\",\"@id\":\"https:\\\/\\\/www.fsfx.com.br\\\/usisaude\\\/setembro-amarelo-escutar-e-estar-presente-e-pode-salvar-vidas\\\/#primaryimage\",\"url\":\"https:\\\/\\\/www.fsfx.com.br\\\/wp-content\\\/uploads\\\/2026\\\/09\\\/Dr.-Arthur-Lobato-Psiquiatra-FSFX-300x200.jpg\",\"contentUrl\":\"https:\\\/\\\/www.fsfx.com.br\\\/wp-content\\\/uploads\\\/2026\\\/09\\\/Dr.-Arthur-Lobato-Psiquiatra-FSFX-300x200.jpg\"},{\"@type\":\"BreadcrumbList\",\"@id\":\"https:\\\/\\\/www.fsfx.com.br\\\/usisaude\\\/setembro-amarelo-escutar-e-estar-presente-e-pode-salvar-vidas\\\/#breadcrumb\",\"itemListElement\":[{\"@type\":\"ListItem\",\"position\":1,\"name\":\"In\u00edcio\",\"item\":\"https:\\\/\\\/www.fsfx.com.br\\\/usisaude\\\/\"},{\"@type\":\"ListItem\",\"position\":2,\"name\":\"Setembro Amarelo: escutar \u00e9 estar presente e pode salvar vidas\"}]},{\"@type\":\"WebSite\",\"@id\":\"https:\\\/\\\/www.fsfx.com.br\\\/usisaude\\\/#website\",\"url\":\"https:\\\/\\\/www.fsfx.com.br\\\/usisaude\\\/\",\"name\":\"Usisa\u00fade\",\"description\":\"Somos a Usisa\u00fade, uma operadora de planos de sa\u00fade da Funda\u00e7\u00e3o S\u00e3o Francisco Xavier (FSFX), a maior em modalidade filantr\u00f3pica do pa\u00eds.\",\"publisher\":{\"@id\":\"https:\\\/\\\/www.fsfx.com.br\\\/usisaude\\\/#organization\"},\"potentialAction\":[{\"@type\":\"SearchAction\",\"target\":{\"@type\":\"EntryPoint\",\"urlTemplate\":\"https:\\\/\\\/www.fsfx.com.br\\\/usisaude\\\/?s={search_term_string}\"},\"query-input\":{\"@type\":\"PropertyValueSpecification\",\"valueRequired\":true,\"valueName\":\"search_term_string\"}}],\"inLanguage\":\"pt-BR\"},{\"@type\":\"Organization\",\"@id\":\"https:\\\/\\\/www.fsfx.com.br\\\/usisaude\\\/#organization\",\"name\":\"Usisa\u00fade\",\"url\":\"https:\\\/\\\/www.fsfx.com.br\\\/usisaude\\\/\",\"logo\":{\"@type\":\"ImageObject\",\"inLanguage\":\"pt-BR\",\"@id\":\"https:\\\/\\\/www.fsfx.com.br\\\/usisaude\\\/#\\\/schema\\\/logo\\\/image\\\/\",\"url\":\"https:\\\/\\\/www.fsfx.com.br\\\/usisaude\\\/wp-content\\\/uploads\\\/sites\\\/6\\\/2022\\\/03\\\/logo-ususaude-1.svg\",\"contentUrl\":\"https:\\\/\\\/www.fsfx.com.br\\\/usisaude\\\/wp-content\\\/uploads\\\/sites\\\/6\\\/2022\\\/03\\\/logo-ususaude-1.svg\",\"width\":445,\"height\":196,\"caption\":\"Usisa\u00fade\"},\"image\":{\"@id\":\"https:\\\/\\\/www.fsfx.com.br\\\/usisaude\\\/#\\\/schema\\\/logo\\\/image\\\/\"}},{\"@type\":\"Person\",\"@id\":\"https:\\\/\\\/www.fsfx.com.br\\\/usisaude\\\/#\\\/schema\\\/person\\\/6bf2cced2b7a5d5d78f5610fc8f52504\",\"name\":\"C\u00e1ssio Santana\",\"image\":{\"@type\":\"ImageObject\",\"inLanguage\":\"pt-BR\",\"@id\":\"https:\\\/\\\/secure.gravatar.com\\\/avatar\\\/ef79739de3edd2f5c2e7c4930b0808c62af99fc5520eaadc7899948f8bc6d2e1?s=96&d=mm&r=g\",\"url\":\"https:\\\/\\\/secure.gravatar.com\\\/avatar\\\/ef79739de3edd2f5c2e7c4930b0808c62af99fc5520eaadc7899948f8bc6d2e1?s=96&d=mm&r=g\",\"contentUrl\":\"https:\\\/\\\/secure.gravatar.com\\\/avatar\\\/ef79739de3edd2f5c2e7c4930b0808c62af99fc5520eaadc7899948f8bc6d2e1?s=96&d=mm&r=g\",\"caption\":\"C\u00e1ssio Santana\"},\"url\":\"https:\\\/\\\/www.fsfx.com.br\\\/usisaude\\\/author\\\/cassio\\\/\"}]}<\/script>\n<!-- \/ Yoast SEO plugin. -->","yoast_head_json":{"title":"Setembro Amarelo: escutar \u00e9 estar presente e pode salvar vidas - Usisa\u00fade","robots":{"index":"index","follow":"follow","max-snippet":"max-snippet:-1","max-image-preview":"max-image-preview:large","max-video-preview":"max-video-preview:-1"},"canonical":"https:\/\/www.fsfx.com.br\/usisaude\/setembro-amarelo-escutar-e-estar-presente-e-pode-salvar-vidas\/","og_locale":"pt_BR","og_type":"article","og_title":"Setembro Amarelo: escutar \u00e9 estar presente e pode salvar vidas - Usisa\u00fade","og_description":"Campanha refor\u00e7a a import\u00e2ncia da escuta, do acolhimento e da busca por ajuda diante do sofrimento emocional agravado pela compara\u00e7\u00e3o nas redes sociais O Setembro Amarelo, campanha nacional de conscientiza\u00e7\u00e3o sobre a preven\u00e7\u00e3o do suic\u00eddio, traz em 2026 o tema &#8220;Escutar \u00e9 estar presente: voc\u00ea n\u00e3o est\u00e1 s\u00f3, estamos juntos com voc\u00ea&#8221;. \u00a0A proposta refor\u00e7a [&hellip;]","og_url":"https:\/\/www.fsfx.com.br\/usisaude\/setembro-amarelo-escutar-e-estar-presente-e-pode-salvar-vidas\/","og_site_name":"Usisa\u00fade","article_published_time":"2026-09-02T14:58:23+00:00","author":"C\u00e1ssio Santana","twitter_card":"summary_large_image","twitter_misc":{"Escrito por":"C\u00e1ssio Santana","Est. tempo de leitura":"6 minutos"},"schema":{"@context":"https:\/\/schema.org","@graph":[{"@type":"Article","@id":"https:\/\/www.fsfx.com.br\/usisaude\/setembro-amarelo-escutar-e-estar-presente-e-pode-salvar-vidas\/#article","isPartOf":{"@id":"https:\/\/www.fsfx.com.br\/usisaude\/setembro-amarelo-escutar-e-estar-presente-e-pode-salvar-vidas\/"},"author":{"name":"C\u00e1ssio Santana","@id":"https:\/\/www.fsfx.com.br\/usisaude\/#\/schema\/person\/6bf2cced2b7a5d5d78f5610fc8f52504"},"headline":"Setembro Amarelo: escutar \u00e9 estar presente e pode salvar vidas","datePublished":"2026-09-02T14:58:23+00:00","mainEntityOfPage":{"@id":"https:\/\/www.fsfx.com.br\/usisaude\/setembro-amarelo-escutar-e-estar-presente-e-pode-salvar-vidas\/"},"wordCount":1075,"publisher":{"@id":"https:\/\/www.fsfx.com.br\/usisaude\/#organization"},"image":{"@id":"https:\/\/www.fsfx.com.br\/usisaude\/setembro-amarelo-escutar-e-estar-presente-e-pode-salvar-vidas\/#primaryimage"},"thumbnailUrl":"https:\/\/www.fsfx.com.br\/wp-content\/uploads\/2026\/09\/Dr.-Arthur-Lobato-Psiquiatra-FSFX-300x200.jpg","articleSection":["Not\u00edcias"],"inLanguage":"pt-BR"},{"@type":"WebPage","@id":"https:\/\/www.fsfx.com.br\/usisaude\/setembro-amarelo-escutar-e-estar-presente-e-pode-salvar-vidas\/","url":"https:\/\/www.fsfx.com.br\/usisaude\/setembro-amarelo-escutar-e-estar-presente-e-pode-salvar-vidas\/","name":"Setembro Amarelo: escutar \u00e9 estar presente e pode salvar vidas - Usisa\u00fade","isPartOf":{"@id":"https:\/\/www.fsfx.com.br\/usisaude\/#website"},"primaryImageOfPage":{"@id":"https:\/\/www.fsfx.com.br\/usisaude\/setembro-amarelo-escutar-e-estar-presente-e-pode-salvar-vidas\/#primaryimage"},"image":{"@id":"https:\/\/www.fsfx.com.br\/usisaude\/setembro-amarelo-escutar-e-estar-presente-e-pode-salvar-vidas\/#primaryimage"},"thumbnailUrl":"https:\/\/www.fsfx.com.br\/wp-content\/uploads\/2026\/09\/Dr.-Arthur-Lobato-Psiquiatra-FSFX-300x200.jpg","datePublished":"2026-09-02T14:58:23+00:00","breadcrumb":{"@id":"https:\/\/www.fsfx.com.br\/usisaude\/setembro-amarelo-escutar-e-estar-presente-e-pode-salvar-vidas\/#breadcrumb"},"inLanguage":"pt-BR","potentialAction":[{"@type":"ReadAction","target":["https:\/\/www.fsfx.com.br\/usisaude\/setembro-amarelo-escutar-e-estar-presente-e-pode-salvar-vidas\/"]}]},{"@type":"ImageObject","inLanguage":"pt-BR","@id":"https:\/\/www.fsfx.com.br\/usisaude\/setembro-amarelo-escutar-e-estar-presente-e-pode-salvar-vidas\/#primaryimage","url":"https:\/\/www.fsfx.com.br\/wp-content\/uploads\/2026\/09\/Dr.-Arthur-Lobato-Psiquiatra-FSFX-300x200.jpg","contentUrl":"https:\/\/www.fsfx.com.br\/wp-content\/uploads\/2026\/09\/Dr.-Arthur-Lobato-Psiquiatra-FSFX-300x200.jpg"},{"@type":"BreadcrumbList","@id":"https:\/\/www.fsfx.com.br\/usisaude\/setembro-amarelo-escutar-e-estar-presente-e-pode-salvar-vidas\/#breadcrumb","itemListElement":[{"@type":"ListItem","position":1,"name":"In\u00edcio","item":"https:\/\/www.fsfx.com.br\/usisaude\/"},{"@type":"ListItem","position":2,"name":"Setembro Amarelo: escutar \u00e9 estar presente e pode salvar vidas"}]},{"@type":"WebSite","@id":"https:\/\/www.fsfx.com.br\/usisaude\/#website","url":"https:\/\/www.fsfx.com.br\/usisaude\/","name":"Usisa\u00fade","description":"Somos a Usisa\u00fade, uma operadora de planos de sa\u00fade da Funda\u00e7\u00e3o S\u00e3o Francisco Xavier (FSFX), a maior em modalidade filantr\u00f3pica do pa\u00eds.","publisher":{"@id":"https:\/\/www.fsfx.com.br\/usisaude\/#organization"},"potentialAction":[{"@type":"SearchAction","target":{"@type":"EntryPoint","urlTemplate":"https:\/\/www.fsfx.com.br\/usisaude\/?s={search_term_string}"},"query-input":{"@type":"PropertyValueSpecification","valueRequired":true,"valueName":"search_term_string"}}],"inLanguage":"pt-BR"},{"@type":"Organization","@id":"https:\/\/www.fsfx.com.br\/usisaude\/#organization","name":"Usisa\u00fade","url":"https:\/\/www.fsfx.com.br\/usisaude\/","logo":{"@type":"ImageObject","inLanguage":"pt-BR","@id":"https:\/\/www.fsfx.com.br\/usisaude\/#\/schema\/logo\/image\/","url":"https:\/\/www.fsfx.com.br\/usisaude\/wp-content\/uploads\/sites\/6\/2022\/03\/logo-ususaude-1.svg","contentUrl":"https:\/\/www.fsfx.com.br\/usisaude\/wp-content\/uploads\/sites\/6\/2022\/03\/logo-ususaude-1.svg","width":445,"height":196,"caption":"Usisa\u00fade"},"image":{"@id":"https:\/\/www.fsfx.com.br\/usisaude\/#\/schema\/logo\/image\/"}},{"@type":"Person","@id":"https:\/\/www.fsfx.com.br\/usisaude\/#\/schema\/person\/6bf2cced2b7a5d5d78f5610fc8f52504","name":"C\u00e1ssio Santana","image":{"@type":"ImageObject","inLanguage":"pt-BR","@id":"https:\/\/secure.gravatar.com\/avatar\/ef79739de3edd2f5c2e7c4930b0808c62af99fc5520eaadc7899948f8bc6d2e1?s=96&d=mm&r=g","url":"https:\/\/secure.gravatar.com\/avatar\/ef79739de3edd2f5c2e7c4930b0808c62af99fc5520eaadc7899948f8bc6d2e1?s=96&d=mm&r=g","contentUrl":"https:\/\/secure.gravatar.com\/avatar\/ef79739de3edd2f5c2e7c4930b0808c62af99fc5520eaadc7899948f8bc6d2e1?s=96&d=mm&r=g","caption":"C\u00e1ssio Santana"},"url":"https:\/\/www.fsfx.com.br\/usisaude\/author\/cassio\/"}]}},"_links":{"self":[{"href":"https:\/\/www.fsfx.com.br\/usisaude\/wp-json\/wp\/v2\/posts\/13102","targetHints":{"allow":["GET"]}}],"collection":[{"href":"https:\/\/www.fsfx.com.br\/usisaude\/wp-json\/wp\/v2\/posts"}],"about":[{"href":"https:\/\/www.fsfx.com.br\/usisaude\/wp-json\/wp\/v2\/types\/post"}],"author":[{"embeddable":true,"href":"https:\/\/www.fsfx.com.br\/usisaude\/wp-json\/wp\/v2\/users\/6"}],"replies":[{"embeddable":true,"href":"https:\/\/www.fsfx.com.br\/usisaude\/wp-json\/wp\/v2\/comments?post=13102"}],"version-history":[{"count":1,"href":"https:\/\/www.fsfx.com.br\/usisaude\/wp-json\/wp\/v2\/posts\/13102\/revisions"}],"predecessor-version":[{"id":13103,"href":"https:\/\/www.fsfx.com.br\/usisaude\/wp-json\/wp\/v2\/posts\/13102\/revisions\/13103"}],"wp:attachment":[{"href":"https:\/\/www.fsfx.com.br\/usisaude\/wp-json\/wp\/v2\/media?parent=13102"}],"wp:term":[{"taxonomy":"category","embeddable":true,"href":"https:\/\/www.fsfx.com.br\/usisaude\/wp-json\/wp\/v2\/categories?post=13102"},{"taxonomy":"post_tag","embeddable":true,"href":"https:\/\/www.fsfx.com.br\/usisaude\/wp-json\/wp\/v2\/tags?post=13102"}],"curies":[{"name":"wp","href":"https:\/\/api.w.org\/{rel}","templated":true}]}}