{"id":1374,"date":"2016-03-07T19:13:11","date_gmt":"2016-03-07T19:13:11","guid":{"rendered":"http:\/\/usisaude.boltbrasil.com.br\/?p=1374"},"modified":"2024-09-12T15:08:53","modified_gmt":"2024-09-12T18:08:53","slug":"mamografia","status":"publish","type":"post","link":"https:\/\/www.fsfx.com.br\/usisaude\/mamografia\/","title":{"rendered":"A import\u00e2ncia da mamografia na preven\u00e7\u00e3o do c\u00e2ncer de mama"},"content":{"rendered":"<p><strong>Conte\u00fado atualizado em 06\/10\/2021<\/strong><\/p>\n<p><span style=\"font-weight: 400\">Tempo de leitura: 7 minutos.<\/span><\/p>\n<p><span style=\"font-weight: 400\">O c\u00e2ncer de mama hoje \u00e9 o tipo mais comum entre as mulheres no mundo e no Brasil, est\u00e1 atr\u00e1s apenas do c\u00e2ncer de pele n\u00e3o melanoma, respondendo por cerca de 25% dos casos novos a cada ano, por isso, a import\u00e2ncia de realizar a mamografia preventiva.<\/span><\/p>\n<p><span style=\"font-weight: 400\">\u00c9 muito importante para a mulher que o diagn\u00f3stico seja feito o quanto antes, pois assim, as chances de tratamento e de cura podem aumentar, bem como minimizar poss\u00edveis sequelas est\u00e9ticas, que tanto podem influenciar negativamente na autoestima da mulher. De acordo com estudos que avaliam os benef\u00edcios da solicita\u00e7\u00e3o regular da mamografia como rastreio, o risco de morte tem reduzido por decorr\u00eancia da detec\u00e7\u00e3o precoce pelo uso da mamografia.<\/span><\/p>\n<p><span style=\"font-weight: 400\">O objetivo deste post \u00e9 mostrar como funciona o exame de mamografia e sua import\u00e2ncia no diagn\u00f3stico do c\u00e2ncer de mama. Continue lendo para entender como a preven\u00e7\u00e3o e o autocuidado podem contribuir para a boa sa\u00fade e qualidade de vida!<\/span><\/p>\n<h2><b>O que \u00e9 a mamografia e como funciona o exame?<\/b><\/h2>\n<p><span style=\"font-weight: 400\">A mamografia \u00e9 um exame radiol\u00f3gico realizado com o intuito de detectar precocemente les\u00f5es que podem\u00a0 evoluir para c\u00e2ncer de mama ou mesmo que j\u00e1 sejam malignas, com objetivo de preven\u00e7\u00e3o do c\u00e2ncer de mama ou mesmo fazer diagn\u00f3stico precoce para defini\u00e7\u00e3o da melhor conduta, respectivamente. A doen\u00e7a, que pode apresentar tumor benigno ou maligno, resulta da multiplica\u00e7\u00e3o de c\u00e9lulas anormais da mama.<\/span><\/p>\n<p><span style=\"font-weight: 400\">O m\u00e9todo utilizado no exame realiza um rastreamento completo da mama, permitindo identificar at\u00e9 mesmo as pequenas altera\u00e7\u00f5es n\u00e3o percebidas no autoexame ou avalia\u00e7\u00e3o cl\u00ednica \u2014 \u00e9 essencial para garantir a sa\u00fade mam\u00e1ria, sobretudo, em mulheres assintom\u00e1ticas. Deve-se ter aten\u00e7\u00e3o redobrada em pessoas com hist\u00f3ria familiar de c\u00e2ncer de mama em parentes de primeiro grau; atentar tamb\u00e9m ao fato de que autoexame das mamas, n\u00e3o exclui a necessidade da mamografia.\u00a0<\/span><\/p>\n<p><span style=\"font-weight: 400\">No exame de mamografia, as mamas podem apresentar altera\u00e7\u00f5es de caracter\u00edsticas benignas, resultantes de altera\u00e7\u00f5es hormonais, fibroc\u00edsticas ou doen\u00e7as inflamat\u00f3rias ou infecciosas como a mastite e os abcessos, n\u00e3o evidenciando o c\u00e2ncer de mama. Caso a mamografia venha com descri\u00e7\u00e3o de mamas densas e\/ou classifica\u00e7\u00e3o de BIRADS 0, \u00e9 fundamental complementar com ultrassom das mamas e axilas para melhor avalia\u00e7\u00e3o.<\/span><\/p>\n<p><span style=\"font-weight: 400\">J\u00e1 dentre os principais sinais de altera\u00e7\u00f5es nas mamas, de aspecto maligno, apontados no exame radiol\u00f3gico est\u00e3o:<\/span><\/p>\n<ul>\n<li style=\"font-weight: 400\"><span style=\"font-weight: 400\">Calcifica\u00e7\u00f5es<\/span><\/li>\n<li style=\"font-weight: 400\"><span style=\"font-weight: 400\">N\u00f3dulo<\/span><\/li>\n<li style=\"font-weight: 400\"><span style=\"font-weight: 400\">Assimetria<\/span><\/li>\n<li style=\"font-weight: 400\"><span style=\"font-weight: 400\">Neodensidade<\/span><\/li>\n<li style=\"font-weight: 400\"><span style=\"font-weight: 400\">Distor\u00e7\u00e3o arquitetural<\/span><\/li>\n<li style=\"font-weight: 400\"><span style=\"font-weight: 400\">Dilata\u00e7\u00e3o ductal isolada<\/span><\/li>\n<li style=\"font-weight: 400\"><span style=\"font-weight: 400\">Espessamento com retra\u00e7\u00e3o da pele<\/span><\/li>\n<li style=\"font-weight: 400\"><span style=\"font-weight: 400\">Altera\u00e7\u00e3o dos linfonodos axilares<\/span><\/li>\n<\/ul>\n<h2><b>Por que \u00e9 t\u00e3o importante realizar a mamografia para preven\u00e7\u00e3o do c\u00e2ncer de mama?<\/b><\/h2>\n<p><span style=\"font-weight: 400\">\u00c9 recomendado pelo Minist\u00e9rio da Sa\u00fade que mulheres de 50 a 69 anos fa\u00e7am uma mamografia a cada dois anos. Mulheres que possuem casos de c\u00e2ncer de mama na fam\u00edlia, principalmente em parentes de primeiro grau (m\u00e3e ou irm\u00e3), devem se submeter ao exame por volta dos 35 anos, anualmente.<\/span><\/p>\n<p><span style=\"font-weight: 400\">Um dos maiores fatores de risco para desenvolvimento do c\u00e2ncer de mama \u00e9 a idade, por isso, a mamografia deve ser realizada anualmente a partir dos 40 anos. Apesar disso, muitas mulheres saud\u00e1veis abaixo dessa faixa et\u00e1ria t\u00eam d\u00favidas se podem ou devem realizar o exame de mamografia preventiva.<\/span><\/p>\n<p><span style=\"font-weight: 400\">\u00c9 importante alertar que as mulheres at\u00e9 os 40 anos n\u00e3o devem expor a mama \u00e0 radia\u00e7\u00e3o presente na mamografia, o que pode trazer complica\u00e7\u00f5es no futuro. Nesses casos, a orienta\u00e7\u00e3o m\u00e9dica \u00e9 que seja realizada uma ultrassonografia, exame que n\u00e3o requer o uso de radia\u00e7\u00e3o ionizante.<\/span><\/p>\n<p><span style=\"font-weight: 400\">Em mulheres que j\u00e1 passaram pela menopausa h\u00e1 predisposi\u00e7\u00e3o para o desenvolvimento do c\u00e2ncer de mama. Antes desse per\u00edodo, a densidade das mamas reduz a sensibilidade \u00e0 mamografia, o que pode induzir os chamados resultados falso-negativos, um diagn\u00f3stico negativo para algu\u00e9m com c\u00e2ncer de mama ou falso-positivos, onde ocorre o contr\u00e1rio.<\/span><\/p>\n<p><span style=\"font-weight: 400\">Al\u00e9m disso, mulheres que j\u00e1 tiveram algum tumor\/n\u00f3dulo detectado em algum momento devem fazer o acompanhamento do caso realizando a mamografia regularmente. \u00c9 recomendado que as mulheres conversem com o m\u00e9dico para avalia\u00e7\u00e3o do risco e a conduta a ser seguida.<\/span><\/p>\n<p><span style=\"font-weight: 400\">\u00c9 importante lembrar que durante muitos anos o autoexame foi recomendado com uma t\u00e9cnica de rastreamento do c\u00e2ncer de mama. Entretanto, o ideal \u00e9 que a mamografia seja realizada regularmente para minimizar os riscos ou, no caso de uma les\u00e3o, buscar o diagn\u00f3stico correto.<\/span><\/p>\n<p><span style=\"font-weight: 400\">No entanto, a observa\u00e7\u00e3o das mamas \u00e9 uma a\u00e7\u00e3o de autocuidado que pode emitir um alerta ao menor sinal de altera\u00e7\u00e3o, seja na sensibilidade, colora\u00e7\u00e3o, percep\u00e7\u00e3o de n\u00f3dulos, tamanho, ferida no mamilo ou aspecto geral da mama \u2014 uma descoberta aleat\u00f3ria pode salvar a vida.<\/span><\/p>\n<p><span style=\"font-weight: 400\">Este \u00e9 um exame muito importante para a sa\u00fade da mulher, mas lembre-se que homens tamb\u00e9m podem ter c\u00e2ncer de mama, mas isso \u00e9 raro (apenas 1% dos casos), procure seu m\u00e9dico e avalie a necessidade de realizar a mamografia.<\/span><\/p>\n<p><span style=\"font-weight: 400\">A pr\u00e1tica de atividades f\u00edsicas, al\u00e9m de uma alimenta\u00e7\u00e3o balanceada e saud\u00e1vel, redu\u00e7\u00e3o do consumo de fumo e \u00e1lcool, contribuem para reduzir as chances de detec\u00e7\u00e3o das tem\u00edveis altera\u00e7\u00f5es durante a realiza\u00e7\u00e3o da mamografia. Esses cuidados, junto com o exame, podem reduzir em at\u00e9 28% o risco de desenvolver esse tipo de c\u00e2ncer.<\/span><\/p>\n<p><span style=\"font-weight: 400\">Vale ressaltar que a necessidade da realiza\u00e7\u00e3o da mamografia deve estar associada a uma avalia\u00e7\u00e3o m\u00e9dica detalhada. Por isso a import\u00e2ncia do acompanhamento regular com seu m\u00e9dico de refer\u00eancia em um programa de aten\u00e7\u00e3o prim\u00e1ria \u00e0 sa\u00fade.<\/span><\/p>\n<p><span style=\"font-weight: 400\">Gostou do post? Que tal aproveitar a visita em nosso blog para aprender mais <\/span><a href=\"https:\/\/atituderimacomsaude.com.br\/tag\/saude-da-mulher\/\"><span style=\"font-weight: 400\">sobre a sa\u00fade da mulher<\/span><\/a><span style=\"font-weight: 400\">.<\/span><\/p>\n<p><b>Refer\u00eancias:<\/b><\/p>\n<p><span style=\"font-weight: 400\">FACULDADE DE MEDICINA DA UNIVERSIDADE DE S\u00c3O PAULO (USP). <\/span><b>Mamografia<\/b><span style=\"font-weight: 400\">. 2021.<\/span><span style=\"font-weight: 400\"> Dispon\u00edvel em: &lt;https:\/\/sites.usp.br\/guiacseb\/servicos\/mamografia\/&gt;. Acesso em: 18 Ago. 2021.<\/span><\/p>\n<p><span style=\"font-weight: 400\">FACULDADE DE MEDICINA DA UNIVERSIDADE FEDERAL DE MINAS GERAIS (UFMG). <\/span><b>Realiza\u00e7\u00e3o peri\u00f3dica da mamografia \u00e9 a melhor forma de preven\u00e7\u00e3o<\/b><span style=\"font-weight: 400\">. 2020.<\/span><span style=\"font-weight: 400\"> Dispon\u00edvel em: &lt;https:\/\/www.medicina.ufmg.br\/realizacao-periodica-da-mamografia-e-a-melhor-forma-de-prevenir-cancer-de-mama\/&gt;. Acesso em: 18 Ago. 2021.<\/span><\/p>\n<p><span style=\"font-weight: 400\">INSTITUTO NACIONAL DO C\u00c2NCER (INCA). <\/span><b>Confira as recomenda\u00e7\u00f5es do Minist\u00e9rio da Sa\u00fade para o rastreamento do c\u00e2ncer de mama<\/b><span style=\"font-weight: 400\">. 2019.<\/span><span style=\"font-weight: 400\"> Dispon\u00edvel em: &lt;https:\/\/www.inca.gov.br\/noticias\/confira-recomendacoes-do-ministerio-da-saude-para-o-rastreamento-do-cancer-de-mama&gt;. Acesso em: 18 Ago. 2021.<\/span><\/p>\n<p><span style=\"font-weight: 400\">INSTITUTO NACIONAL DO C\u00c2NCER (INCA). <\/span><b>Detec\u00e7\u00e3o precoce<\/b><span style=\"font-weight: 400\">. 2021.<\/span><span style=\"font-weight: 400\"> Dispon\u00edvel em: &lt;https:\/\/www.inca.gov.br\/controle-do-cancer-de-mama\/acoes-de-controle\/deteccao-precoce&gt;. Acesso em: 18 Ago. 2021.<\/span><\/p>\n<p><span style=\"font-weight: 400\">MINIST\u00c9RIO DA SA\u00daDE. <\/span><b>05\/02 \u2013 Dia Nacional da Mamografia<\/b><span style=\"font-weight: 400\">. <\/span><span style=\"font-weight: 400\">Dispon\u00edvel em: &lt;https:\/\/bvsms.saude.gov.br\/05-02-dia-nacional-da-mamografia-2\/&gt;. Acesso em: 18 Ago. 2021.<\/span><\/p>\n<p><span style=\"font-weight: 400\">MINIST\u00c9RIO DA SA\u00daDE; INSTITUTO NACIONAL DO C\u00c2NCER (INCA). <\/span><b>Atualiza\u00e7\u00e3o em mamografia para t\u00e9cnicos em radiologia<\/b><span style=\"font-weight: 400\">. <\/span><span style=\"font-weight: 400\">Dispon\u00edvel em: &lt;https:\/\/www.inca.gov.br\/sites\/ufu.sti.inca.local\/files\/media\/document\/2a_edicao_atualizacao_em_mamografia_para_tecnicos_em_radiologia_2019.pdf&gt;. Acesso em: 18 Ago. 2021.<\/span><\/p>\n<p><span style=\"font-weight: 400\">SECRETARIA DE POL\u00cdTICA PARA AS MULHERES DO GOVERNO DO ESTADO DA BAHIA. <\/span><b>Dia Nacional da Mamografia alerta para import\u00e2ncia de diagn\u00f3stico precoce<\/b><span style=\"font-weight: 400\">. 2021.<\/span><span style=\"font-weight: 400\"> Dispon\u00edvel em: &lt;http:\/\/www.mulheres.ba.gov.br\/modules\/noticias\/article.php?storyid=3051&gt;. Acesso em: 18 Ago. 2021.<\/span><\/p>\n<p><span style=\"font-weight: 400\">UNIVERSIDADE FEDERAL DA PARA\u00cdBA (UFPB). <\/span><b>Mulheres que se vacinaram contra a Covid-19 devem esperar 2 a 4 semanas para fazer mamografia<\/b><span style=\"font-weight: 400\">. 2021.<\/span><span style=\"font-weight: 400\"> Dispon\u00edvel em: &lt;https:\/\/www.ufpb.br\/cras\/contents\/noticias\/mulheres-que-se-vacinaram-contra-a-covid-19-devem-esperar-2-a-4-semanas-para-fazer-mamografia&gt;. Acesso em: 18 Ago. 2021.<\/span><\/p>\n<p><span style=\"font-weight: 400\">UNIVERSIDADE FEDERAL DE GOI\u00c1S (UFG). <\/span><b>Professora tira d\u00favidas sobre exame de mamografia<\/b><span style=\"font-weight: 400\">. 2020.<\/span><span style=\"font-weight: 400\"> Dispon\u00edvel em: &lt;https:\/\/jornal.ufg.br\/n\/123692-professora-tira-duvidas-sobre-exame-de-mamografia&gt;. Acesso em: 18 Ago. 2021.<\/span><\/p>\n","protected":false},"excerpt":{"rendered":"<p>Conte\u00fado atualizado em 06\/10\/2021 Tempo de leitura: 7 minutos. O c\u00e2ncer de mama hoje \u00e9 o tipo mais comum entre as mulheres no mundo e no Brasil, est\u00e1 atr\u00e1s apenas do c\u00e2ncer de pele n\u00e3o melanoma, respondendo por cerca de 25% dos casos novos a cada ano, por isso, a import\u00e2ncia de realizar a mamografia [&hellip;]<\/p>\n","protected":false},"author":9,"featured_media":4257,"comment_status":"open","ping_status":"open","sticky":false,"template":"","format":"standard","meta":{"_acf_changed":false,"site-sidebar-layout":"default","site-content-layout":"","ast-site-content-layout":"default","site-content-style":"default","site-sidebar-style":"default","ast-global-header-display":"","ast-banner-title-visibility":"","ast-main-header-display":"","ast-hfb-above-header-display":"","ast-hfb-below-header-display":"","ast-hfb-mobile-header-display":"","site-post-title":"","ast-breadcrumbs-content":"","ast-featured-img":"","footer-sml-layout":"","theme-transparent-header-meta":"","adv-header-id-meta":"","stick-header-meta":"","header-above-stick-meta":"","header-main-stick-meta":"","header-below-stick-meta":"","astra-migrate-meta-layouts":"default","ast-page-background-enabled":"default","ast-page-background-meta":{"desktop":{"background-color":"var(--ast-global-color-4)","background-image":"","background-repeat":"repeat","background-position":"center center","background-size":"auto","background-attachment":"scroll","background-type":"","background-media":"","overlay-type":"","overlay-color":"","overlay-opacity":"","overlay-gradient":""},"tablet":{"background-color":"","background-image":"","background-repeat":"repeat","background-position":"center center","background-size":"auto","background-attachment":"scroll","background-type":"","background-media":"","overlay-type":"","overlay-color":"","overlay-opacity":"","overlay-gradient":""},"mobile":{"background-color":"","background-image":"","background-repeat":"repeat","background-position":"center center","background-size":"auto","background-attachment":"scroll","background-type":"","background-media":"","overlay-type":"","overlay-color":"","overlay-opacity":"","overlay-gradient":""}},"ast-content-background-meta":{"desktop":{"background-color":"var(--ast-global-color-5)","background-image":"","background-repeat":"repeat","background-position":"center center","background-size":"auto","background-attachment":"scroll","background-type":"","background-media":"","overlay-type":"","overlay-color":"","overlay-opacity":"","overlay-gradient":""},"tablet":{"background-color":"var(--ast-global-color-5)","background-image":"","background-repeat":"repeat","background-position":"center center","background-size":"auto","background-attachment":"scroll","background-type":"","background-media":"","overlay-type":"","overlay-color":"","overlay-opacity":"","overlay-gradient":""},"mobile":{"background-color":"var(--ast-global-color-5)","background-image":"","background-repeat":"repeat","background-position":"center center","background-size":"auto","background-attachment":"scroll","background-type":"","background-media":"","overlay-type":"","overlay-color":"","overlay-opacity":"","overlay-gradient":""}},"footnotes":""},"categories":[1],"tags":[62,63,65],"class_list":["post-1374","post","type-post","status-publish","format-standard","has-post-thumbnail","hentry","category-noticias","tag-exames-preventivos","tag-mamografia","tag-saude-da-mulher"],"acf":[],"yoast_head":"<!-- This site is optimized with the Yoast SEO plugin v26.9 - https:\/\/yoast.com\/product\/yoast-seo-wordpress\/ -->\n<title>A import\u00e2ncia da mamografia na preven\u00e7\u00e3o do c\u00e2ncer de mama - Usisa\u00fade<\/title>\n<meta name=\"robots\" content=\"index, follow, max-snippet:-1, max-image-preview:large, max-video-preview:-1\" \/>\n<link rel=\"canonical\" href=\"https:\/\/www.fsfx.com.br\/usisaude\/mamografia\/\" \/>\n<meta property=\"og:locale\" content=\"pt_BR\" \/>\n<meta property=\"og:type\" content=\"article\" \/>\n<meta property=\"og:title\" content=\"A import\u00e2ncia da mamografia na preven\u00e7\u00e3o do c\u00e2ncer de mama - Usisa\u00fade\" \/>\n<meta property=\"og:description\" content=\"Conte\u00fado atualizado em 06\/10\/2021 Tempo de leitura: 7 minutos. O c\u00e2ncer de mama hoje \u00e9 o tipo mais comum entre as mulheres no mundo e no Brasil, est\u00e1 atr\u00e1s apenas do c\u00e2ncer de pele n\u00e3o melanoma, respondendo por cerca de 25% dos casos novos a cada ano, por isso, a import\u00e2ncia de realizar a mamografia [&hellip;]\" \/>\n<meta property=\"og:url\" content=\"https:\/\/www.fsfx.com.br\/usisaude\/mamografia\/\" \/>\n<meta property=\"og:site_name\" content=\"Usisa\u00fade\" \/>\n<meta property=\"article:published_time\" content=\"2016-03-07T19:13:11+00:00\" \/>\n<meta property=\"article:modified_time\" content=\"2024-09-12T18:08:53+00:00\" \/>\n<meta name=\"twitter:card\" content=\"summary_large_image\" \/>\n<meta name=\"twitter:label1\" content=\"Escrito por\" \/>\n\t<meta name=\"twitter:data1\" content=\"\" \/>\n\t<meta name=\"twitter:label2\" content=\"Est. tempo de leitura\" \/>\n\t<meta name=\"twitter:data2\" content=\"7 minutos\" \/>\n<script type=\"application\/ld+json\" class=\"yoast-schema-graph\">{\"@context\":\"https:\/\/schema.org\",\"@graph\":[{\"@type\":\"Article\",\"@id\":\"https:\/\/www.fsfx.com.br\/usisaude\/mamografia\/#article\",\"isPartOf\":{\"@id\":\"https:\/\/www.fsfx.com.br\/usisaude\/mamografia\/\"},\"author\":{\"name\":\"\",\"@id\":\"\"},\"headline\":\"A import\u00e2ncia da mamografia na preven\u00e7\u00e3o do c\u00e2ncer de mama\",\"datePublished\":\"2016-03-07T19:13:11+00:00\",\"dateModified\":\"2024-09-12T18:08:53+00:00\",\"mainEntityOfPage\":{\"@id\":\"https:\/\/www.fsfx.com.br\/usisaude\/mamografia\/\"},\"wordCount\":1319,\"commentCount\":0,\"publisher\":{\"@id\":\"https:\/\/www.fsfx.com.br\/usisaude\/#organization\"},\"image\":{\"@id\":\"https:\/\/www.fsfx.com.br\/usisaude\/mamografia\/#primaryimage\"},\"thumbnailUrl\":\"\",\"keywords\":[\"exames preventivos\",\"mamografia\",\"sa\u00fade da mulher\"],\"articleSection\":[\"Not\u00edcias\"],\"inLanguage\":\"pt-BR\",\"potentialAction\":[{\"@type\":\"CommentAction\",\"name\":\"Comment\",\"target\":[\"https:\/\/www.fsfx.com.br\/usisaude\/mamografia\/#respond\"]}]},{\"@type\":\"WebPage\",\"@id\":\"https:\/\/www.fsfx.com.br\/usisaude\/mamografia\/\",\"url\":\"https:\/\/www.fsfx.com.br\/usisaude\/mamografia\/\",\"name\":\"A import\u00e2ncia da mamografia na preven\u00e7\u00e3o do c\u00e2ncer de mama - Usisa\u00fade\",\"isPartOf\":{\"@id\":\"https:\/\/www.fsfx.com.br\/usisaude\/#website\"},\"primaryImageOfPage\":{\"@id\":\"https:\/\/www.fsfx.com.br\/usisaude\/mamografia\/#primaryimage\"},\"image\":{\"@id\":\"https:\/\/www.fsfx.com.br\/usisaude\/mamografia\/#primaryimage\"},\"thumbnailUrl\":\"\",\"datePublished\":\"2016-03-07T19:13:11+00:00\",\"dateModified\":\"2024-09-12T18:08:53+00:00\",\"breadcrumb\":{\"@id\":\"https:\/\/www.fsfx.com.br\/usisaude\/mamografia\/#breadcrumb\"},\"inLanguage\":\"pt-BR\",\"potentialAction\":[{\"@type\":\"ReadAction\",\"target\":[\"https:\/\/www.fsfx.com.br\/usisaude\/mamografia\/\"]}]},{\"@type\":\"ImageObject\",\"inLanguage\":\"pt-BR\",\"@id\":\"https:\/\/www.fsfx.com.br\/usisaude\/mamografia\/#primaryimage\",\"url\":\"\",\"contentUrl\":\"\"},{\"@type\":\"BreadcrumbList\",\"@id\":\"https:\/\/www.fsfx.com.br\/usisaude\/mamografia\/#breadcrumb\",\"itemListElement\":[{\"@type\":\"ListItem\",\"position\":1,\"name\":\"In\u00edcio\",\"item\":\"https:\/\/www.fsfx.com.br\/usisaude\/\"},{\"@type\":\"ListItem\",\"position\":2,\"name\":\"A import\u00e2ncia da mamografia na preven\u00e7\u00e3o do c\u00e2ncer de mama\"}]},{\"@type\":\"WebSite\",\"@id\":\"https:\/\/www.fsfx.com.br\/usisaude\/#website\",\"url\":\"https:\/\/www.fsfx.com.br\/usisaude\/\",\"name\":\"Usisa\u00fade\",\"description\":\"Somos a Usisa\u00fade, uma operadora de planos de sa\u00fade da Funda\u00e7\u00e3o S\u00e3o Francisco Xavier (FSFX), a maior em modalidade filantr\u00f3pica do pa\u00eds.\",\"publisher\":{\"@id\":\"https:\/\/www.fsfx.com.br\/usisaude\/#organization\"},\"potentialAction\":[{\"@type\":\"SearchAction\",\"target\":{\"@type\":\"EntryPoint\",\"urlTemplate\":\"https:\/\/www.fsfx.com.br\/usisaude\/?s={search_term_string}\"},\"query-input\":{\"@type\":\"PropertyValueSpecification\",\"valueRequired\":true,\"valueName\":\"search_term_string\"}}],\"inLanguage\":\"pt-BR\"},{\"@type\":\"Organization\",\"@id\":\"https:\/\/www.fsfx.com.br\/usisaude\/#organization\",\"name\":\"Usisa\u00fade\",\"url\":\"https:\/\/www.fsfx.com.br\/usisaude\/\",\"logo\":{\"@type\":\"ImageObject\",\"inLanguage\":\"pt-BR\",\"@id\":\"https:\/\/www.fsfx.com.br\/usisaude\/#\/schema\/logo\/image\/\",\"url\":\"https:\/\/www.fsfx.com.br\/usisaude\/wp-content\/uploads\/sites\/6\/2022\/03\/logo-ususaude-1.svg\",\"contentUrl\":\"https:\/\/www.fsfx.com.br\/usisaude\/wp-content\/uploads\/sites\/6\/2022\/03\/logo-ususaude-1.svg\",\"width\":445,\"height\":196,\"caption\":\"Usisa\u00fade\"},\"image\":{\"@id\":\"https:\/\/www.fsfx.com.br\/usisaude\/#\/schema\/logo\/image\/\"}},{\"@type\":\"Person\",\"@id\":\"\",\"url\":\"https:\/\/www.fsfx.com.br\/usisaude\/author\/\"}]}<\/script>\n<!-- \/ Yoast SEO plugin. -->","yoast_head_json":{"title":"A import\u00e2ncia da mamografia na preven\u00e7\u00e3o do c\u00e2ncer de mama - Usisa\u00fade","robots":{"index":"index","follow":"follow","max-snippet":"max-snippet:-1","max-image-preview":"max-image-preview:large","max-video-preview":"max-video-preview:-1"},"canonical":"https:\/\/www.fsfx.com.br\/usisaude\/mamografia\/","og_locale":"pt_BR","og_type":"article","og_title":"A import\u00e2ncia da mamografia na preven\u00e7\u00e3o do c\u00e2ncer de mama - Usisa\u00fade","og_description":"Conte\u00fado atualizado em 06\/10\/2021 Tempo de leitura: 7 minutos. O c\u00e2ncer de mama hoje \u00e9 o tipo mais comum entre as mulheres no mundo e no Brasil, est\u00e1 atr\u00e1s apenas do c\u00e2ncer de pele n\u00e3o melanoma, respondendo por cerca de 25% dos casos novos a cada ano, por isso, a import\u00e2ncia de realizar a mamografia [&hellip;]","og_url":"https:\/\/www.fsfx.com.br\/usisaude\/mamografia\/","og_site_name":"Usisa\u00fade","article_published_time":"2016-03-07T19:13:11+00:00","article_modified_time":"2024-09-12T18:08:53+00:00","twitter_card":"summary_large_image","twitter_misc":{"Escrito por":"","Est. tempo de leitura":"7 minutos"},"schema":{"@context":"https:\/\/schema.org","@graph":[{"@type":"Article","@id":"https:\/\/www.fsfx.com.br\/usisaude\/mamografia\/#article","isPartOf":{"@id":"https:\/\/www.fsfx.com.br\/usisaude\/mamografia\/"},"author":{"name":"","@id":""},"headline":"A import\u00e2ncia da mamografia na preven\u00e7\u00e3o do c\u00e2ncer de mama","datePublished":"2016-03-07T19:13:11+00:00","dateModified":"2024-09-12T18:08:53+00:00","mainEntityOfPage":{"@id":"https:\/\/www.fsfx.com.br\/usisaude\/mamografia\/"},"wordCount":1319,"commentCount":0,"publisher":{"@id":"https:\/\/www.fsfx.com.br\/usisaude\/#organization"},"image":{"@id":"https:\/\/www.fsfx.com.br\/usisaude\/mamografia\/#primaryimage"},"thumbnailUrl":"","keywords":["exames preventivos","mamografia","sa\u00fade da mulher"],"articleSection":["Not\u00edcias"],"inLanguage":"pt-BR","potentialAction":[{"@type":"CommentAction","name":"Comment","target":["https:\/\/www.fsfx.com.br\/usisaude\/mamografia\/#respond"]}]},{"@type":"WebPage","@id":"https:\/\/www.fsfx.com.br\/usisaude\/mamografia\/","url":"https:\/\/www.fsfx.com.br\/usisaude\/mamografia\/","name":"A import\u00e2ncia da mamografia na preven\u00e7\u00e3o do c\u00e2ncer de mama - Usisa\u00fade","isPartOf":{"@id":"https:\/\/www.fsfx.com.br\/usisaude\/#website"},"primaryImageOfPage":{"@id":"https:\/\/www.fsfx.com.br\/usisaude\/mamografia\/#primaryimage"},"image":{"@id":"https:\/\/www.fsfx.com.br\/usisaude\/mamografia\/#primaryimage"},"thumbnailUrl":"","datePublished":"2016-03-07T19:13:11+00:00","dateModified":"2024-09-12T18:08:53+00:00","breadcrumb":{"@id":"https:\/\/www.fsfx.com.br\/usisaude\/mamografia\/#breadcrumb"},"inLanguage":"pt-BR","potentialAction":[{"@type":"ReadAction","target":["https:\/\/www.fsfx.com.br\/usisaude\/mamografia\/"]}]},{"@type":"ImageObject","inLanguage":"pt-BR","@id":"https:\/\/www.fsfx.com.br\/usisaude\/mamografia\/#primaryimage","url":"","contentUrl":""},{"@type":"BreadcrumbList","@id":"https:\/\/www.fsfx.com.br\/usisaude\/mamografia\/#breadcrumb","itemListElement":[{"@type":"ListItem","position":1,"name":"In\u00edcio","item":"https:\/\/www.fsfx.com.br\/usisaude\/"},{"@type":"ListItem","position":2,"name":"A import\u00e2ncia da mamografia na preven\u00e7\u00e3o do c\u00e2ncer de mama"}]},{"@type":"WebSite","@id":"https:\/\/www.fsfx.com.br\/usisaude\/#website","url":"https:\/\/www.fsfx.com.br\/usisaude\/","name":"Usisa\u00fade","description":"Somos a Usisa\u00fade, uma operadora de planos de sa\u00fade da Funda\u00e7\u00e3o S\u00e3o Francisco Xavier (FSFX), a maior em modalidade filantr\u00f3pica do pa\u00eds.","publisher":{"@id":"https:\/\/www.fsfx.com.br\/usisaude\/#organization"},"potentialAction":[{"@type":"SearchAction","target":{"@type":"EntryPoint","urlTemplate":"https:\/\/www.fsfx.com.br\/usisaude\/?s={search_term_string}"},"query-input":{"@type":"PropertyValueSpecification","valueRequired":true,"valueName":"search_term_string"}}],"inLanguage":"pt-BR"},{"@type":"Organization","@id":"https:\/\/www.fsfx.com.br\/usisaude\/#organization","name":"Usisa\u00fade","url":"https:\/\/www.fsfx.com.br\/usisaude\/","logo":{"@type":"ImageObject","inLanguage":"pt-BR","@id":"https:\/\/www.fsfx.com.br\/usisaude\/#\/schema\/logo\/image\/","url":"https:\/\/www.fsfx.com.br\/usisaude\/wp-content\/uploads\/sites\/6\/2022\/03\/logo-ususaude-1.svg","contentUrl":"https:\/\/www.fsfx.com.br\/usisaude\/wp-content\/uploads\/sites\/6\/2022\/03\/logo-ususaude-1.svg","width":445,"height":196,"caption":"Usisa\u00fade"},"image":{"@id":"https:\/\/www.fsfx.com.br\/usisaude\/#\/schema\/logo\/image\/"}},{"@type":"Person","@id":"","url":"https:\/\/www.fsfx.com.br\/usisaude\/author\/"}]}},"_links":{"self":[{"href":"https:\/\/www.fsfx.com.br\/usisaude\/wp-json\/wp\/v2\/posts\/1374","targetHints":{"allow":["GET"]}}],"collection":[{"href":"https:\/\/www.fsfx.com.br\/usisaude\/wp-json\/wp\/v2\/posts"}],"about":[{"href":"https:\/\/www.fsfx.com.br\/usisaude\/wp-json\/wp\/v2\/types\/post"}],"author":[{"embeddable":true,"href":"https:\/\/www.fsfx.com.br\/usisaude\/wp-json\/wp\/v2\/users\/9"}],"replies":[{"embeddable":true,"href":"https:\/\/www.fsfx.com.br\/usisaude\/wp-json\/wp\/v2\/comments?post=1374"}],"version-history":[{"count":1,"href":"https:\/\/www.fsfx.com.br\/usisaude\/wp-json\/wp\/v2\/posts\/1374\/revisions"}],"predecessor-version":[{"id":10889,"href":"https:\/\/www.fsfx.com.br\/usisaude\/wp-json\/wp\/v2\/posts\/1374\/revisions\/10889"}],"wp:featuredmedia":[{"embeddable":true,"href":"https:\/\/www.fsfx.com.br\/usisaude\/wp-json\/"}],"wp:attachment":[{"href":"https:\/\/www.fsfx.com.br\/usisaude\/wp-json\/wp\/v2\/media?parent=1374"}],"wp:term":[{"taxonomy":"category","embeddable":true,"href":"https:\/\/www.fsfx.com.br\/usisaude\/wp-json\/wp\/v2\/categories?post=1374"},{"taxonomy":"post_tag","embeddable":true,"href":"https:\/\/www.fsfx.com.br\/usisaude\/wp-json\/wp\/v2\/tags?post=1374"}],"curies":[{"name":"wp","href":"https:\/\/api.w.org\/{rel}","templated":true}]}}