{"id":1407,"date":"2016-03-07T19:58:46","date_gmt":"2016-03-07T19:58:46","guid":{"rendered":"http:\/\/usisaude.boltbrasil.com.br\/?p=1407"},"modified":"2024-09-12T15:08:52","modified_gmt":"2024-09-12T18:08:52","slug":"acompanhamento-pre-natal","status":"publish","type":"post","link":"https:\/\/www.fsfx.com.br\/usisaude\/acompanhamento-pre-natal\/","title":{"rendered":"Import\u00e2ncia do acompanhamento Pr\u00e9-Natal: informa\u00e7\u00f5es que n\u00e3o podem faltar"},"content":{"rendered":"<p><strong>Conte\u00fado atualizado em 03\/07\/2020.<\/strong><\/p>\n<h2><b>O que \u00e9 e <\/b><b>por que fazer acompanhamento pr\u00e9-natal?<\/b><\/h2>\n<p><span style=\"font-weight: 400\">\u00c9 o acompanhamento da gestante desde o momento da confirma\u00e7\u00e3o da gravidez at\u00e9 o per\u00edodo do parto e \u00e9 essencial para a sa\u00fade da m\u00e3e e do beb\u00ea.\u00a0<\/span><\/p>\n<p><span style=\"font-weight: 400\">O pr\u00e9-natal representa um papel fundamental na preven\u00e7\u00e3o e\/ou detec\u00e7\u00e3o precoce de doen\u00e7as tanto maternas como fetais, permitindo um desenvolvimento saud\u00e1vel do beb\u00ea e reduzindo os riscos da gestante.<\/span><\/p>\n<p><span style=\"font-weight: 400\">Al\u00e9m de auxiliar a gestante a manter uma gravidez mais saud\u00e1vel, \u00e9 durante este per\u00edodo que ser\u00e3o esclarecidas d\u00favidas sobre o corpo da m\u00e3e, os preparativos para o parto e os cuidados no p\u00f3s-parto para a mulher e o rec\u00e9m-nascido.<\/span><\/p>\n<p>Durante a gesta\u00e7\u00e3o, o corpo da mulher passa por diversas transforma\u00e7\u00f5es fisiol\u00f3gicas a fim de abrigar e fornecer todos os nutrientes que o feto precisa para o crescimento e desenvolvimento. \u00c9 muito importante monitorar, por exemplo, a press\u00e3o arterial, o ganho de peso, a alimenta\u00e7\u00e3o, o crescimento do beb\u00ea intrauterino e sua movimenta\u00e7\u00e3o. Estes par\u00e2metros indicar\u00e3o se est\u00e1 tudo bem com a m\u00e3e e o beb\u00ea.<\/p>\n<p>Algumas gestantes s\u00e3o consideradas de risco e precisam de uma aten\u00e7\u00e3o especial, podendo apresentar doen\u00e7as cr\u00f4nicas, como diabetes, hipertens\u00e3o, altera\u00e7\u00f5es na tireoide ou alguma outra doen\u00e7a pr\u00e9via ou identificada durante a gesta\u00e7\u00e3o. Essas informa\u00e7\u00f5es devem ser levadas em considera\u00e7\u00e3o durante o acompanhamento pr\u00e9-natal.<\/p>\n<h2><b>Como funcionam as consultas no pr\u00e9-natal?<\/b><\/h2>\n<p><span style=\"font-weight: 400\">A primeira consulta \u00e9 mais longa e o m\u00e9dico far\u00e1 uma avalia\u00e7\u00e3o completa do hist\u00f3rico de sa\u00fade da gestante, como doen\u00e7as preexistentes, cirurgias e gesta\u00e7\u00f5es anteriores, h\u00e1bitos de vida e alimenta\u00e7\u00e3o. Ele tamb\u00e9m atua para tirar d\u00favidas e orient\u00e1-la sobre as mudan\u00e7as no corpo, por exemplo, processo natural da gesta\u00e7\u00e3o.<\/span><\/p>\n<p>As demais consultas ser\u00e3o mais direcionadas, sendo em todas elas verificado o peso e a press\u00e3o arterial da gestante, as medidas do \u00fatero e os batimentos card\u00edacos do beb\u00ea.<\/p>\n<p>Estes dados dever\u00e3o ser anotados no cart\u00e3o pr\u00e9-natal, juntamente com os resultados dos exames laboratoriais e ultrassonogr\u00e1ficos realizados. Eles servem para acompanhar o desenvolvimento do feto e do per\u00edodo gestacional como um todo. O m\u00e9dico obstetra respons\u00e1vel pela gestante deve ainda ficar atento \u00e0s vacinas e orientar quanto a import\u00e2ncia de se manter o cart\u00e3o de vacinas em dia.<\/p>\n<h2><b>Quais os exames mais comuns no pr\u00e9-natal<\/b><b>?<\/b><\/h2>\n<p><span style=\"font-weight: 400\">Al\u00e9m do exame f\u00edsico, com acompanhamento da press\u00e3o arterial e ganho de peso, existe uma lista de exames laboratoriais que gestante deve fazer, alguns b\u00e1sicos e outros complementares, ap\u00f3s avalia\u00e7\u00e3o individual da gestante. S\u00e3o eles:<\/span><\/p>\n<p><span style=\"font-weight: 400\">&#8211; Tipagem sangu\u00ednea e fator Rh<\/span><\/p>\n<p><span style=\"font-weight: 400\">&#8211; Coombs indireto (se a gestante tem Rh negativo e o pai do beb\u00ea tem Rh positivo)<\/span><\/p>\n<p><span style=\"font-weight: 400\">&#8211; Hemograma completo<\/span><\/p>\n<p><span style=\"font-weight: 400\">&#8211; Eletroforese de hemoglobina<\/span><\/p>\n<p><span style=\"font-weight: 400\">&#8211; Glicemia<\/span><\/p>\n<p><span style=\"font-weight: 400\">&#8211; Exame de urina e urocultura<\/span><\/p>\n<p><span style=\"font-weight: 400\">&#8211; Exame preventivo de c\u00e2ncer de colo de \u00fatero (se for necess\u00e1rio)<\/span><\/p>\n<p><span style=\"font-weight: 400\">&#8211; Teste r\u00e1pido de s\u00edfilis e VDRL<\/span><\/p>\n<p><span style=\"font-weight: 400\">&#8211; Teste de HIV<\/span><\/p>\n<p><span style=\"font-weight: 400\">&#8211; Testes para hepatite B e C<\/span><\/p>\n<p><span style=\"font-weight: 400\">&#8211; Sorologia para toxoplasmose, rub\u00e9ola e citomegalov\u00edrus<\/span><\/p>\n<p><span style=\"font-weight: 400\">&#8211; Exame qualitativo de urina e urocultura<\/span><\/p>\n<p><span style=\"font-weight: 400\">&#8211; Parasitol\u00f3gico de fezes<\/span><\/p>\n<p><span style=\"font-weight: 400\">&#8211; Exame da secre\u00e7\u00e3o vaginal (se houver indica\u00e7\u00e3o cl\u00ednica)<\/span><\/p>\n<p><span style=\"font-weight: 400\">&#8211; Teste de mal\u00e1ria (realizado em todas as gestantes da Regi\u00e3o Amaz\u00f4nica)<\/span><\/p>\n<p><span style=\"font-weight: 400\">&#8211; Teste de toler\u00e2ncia oral a glicose (dependendo dos resultados iniciais do exame de glicemia)<\/span><\/p>\n<p><span style=\"font-weight: 400\">Alguns desses exames precisar\u00e3o ser repetidos algumas vezes durante a gravidez.\u00a0<\/span><\/p>\n<p><span style=\"font-weight: 400\">A Organiza\u00e7\u00e3o Mundial da Sa\u00fade preconiza a realiza\u00e7\u00e3o de pelo menos tr\u00eas exames ultrassonogr\u00e1ficos na gesta\u00e7\u00e3o. Na pr\u00e1tica obst\u00e9trica, em geral, s\u00e3o solicitadas quatro ultrassonografias ao longo da gesta\u00e7\u00e3o, podendo ser obst\u00e9trica ou morfol\u00f3gica, dependendo da idade gestacional.<\/span><\/p>\n<p><span style=\"font-weight: 400\">Baseado na avalia\u00e7\u00e3o cl\u00ednica e interpreta\u00e7\u00e3o dos exames \u00e9 poss\u00edvel prosseguir com as orienta\u00e7\u00f5es adequadas e verificar a necessidade de suplementa\u00e7\u00e3o espec\u00edfica, bem como informar sobre a alimenta\u00e7\u00e3o adequada e atividade f\u00edsica regular (quando n\u00e3o houver contraindica\u00e7\u00e3o).<\/span><\/p>\n<h2><b>Quais as vacinas indicadas para o pr\u00e9-natal?<\/b><\/h2>\n<p><span style=\"font-weight: 400\">\u00c9 importante que, sempre que poss\u00edvel, antes de engravidar a mulher esteja com o calend\u00e1rio vacinal em dia. <\/span><span style=\"font-weight: 400\">O objetivo da vacina\u00e7\u00e3o da gestante \u00e9 diminuir a transmiss\u00e3o da m\u00e3e para o <\/span><span style=\"font-weight: 400\">beb\u00ea<\/span><span style=\"font-weight: 400\">\u00a0ap\u00f3s o parto e a prote\u00e7\u00e3o relativa do rec\u00e9m-nascido atrav\u00e9s dos anticorpos maternos via transplacent\u00e1ria. As obrigat\u00f3rias s\u00e3o:<\/span><\/p>\n<p><span style=\"font-weight: 400\">Vacina<\/span><span style=\"font-weight: 400\"> contra a gripe<\/span> <span style=\"font-weight: 400\">(<\/span><span style=\"font-weight: 400\">i<\/span><span style=\"font-weight: 400\">nfluenza<\/span><span style=\"font-weight: 400\">)<\/span><\/p>\n<p><span style=\"font-weight: 400\">Vacina<\/span><span style=\"font-weight: 400\"> antitet\u00e2nica <\/span><span style=\"font-weight: 400\">dTpa<\/span><\/p>\n<p><span style=\"font-weight: 400\">Vacina <\/span><span style=\"font-weight: 400\">contra<\/span><span style=\"font-weight: 400\"> Hepatite B<\/span><\/p>\n<p><span style=\"font-weight: 400\">Mas esta lista pode variar de acordo com o hist\u00f3rico da <\/span><span style=\"font-weight: 400\">gestante.<\/span><\/p>\n<h2><b>Como o pr\u00e9-natal influencia na hora do parto?<\/b><\/h2>\n<p><span style=\"font-weight: 400\">O acompanhamento pr\u00e9-natal s\u00f3 termina quando o parto acontece, <\/span><span style=\"font-weight: 400\">e \u00e9 de extrema import\u00e2ncia para a m\u00e3e e para o beb\u00ea, veja as orienta\u00e7\u00f5es a seguir:<\/span><\/p>\n<p><span style=\"font-weight: 400\">&#8211; N\u00e3o falte \u00e0s consultas<\/span><\/p>\n<p><span style=\"font-weight: 400\">&#8211; <\/span><span style=\"font-weight: 400\">N\u00e3o deixe de realizar os exames solicitados<\/span><\/p>\n<p><span style=\"font-weight: 400\">&#8211; <\/span><span style=\"font-weight: 400\">Siga as orienta\u00e7\u00f5es da equipe de sa\u00fade<\/span><span style=\"font-weight: 400\">.<\/span><\/p>\n<p><span style=\"font-weight: 400\">&#8211; <\/span><span style=\"font-weight: 400\">Tenha o cart\u00e3o de acompanhamento pr\u00e9-natal sempre em m\u00e3os e pe\u00e7a ao seu m\u00e9dico que o mantenha preenchido e leg\u00edvel <\/span><span style=\"font-weight: 400\">(por meio dele \u00e9 poss\u00edvel avaliar tamb\u00e9m a melhor conduta para o momento do parto)<\/span><span style=\"font-weight: 400\">.<\/span><\/p>\n<p><span style=\"font-weight: 400\">Durante todo o <\/span><span style=\"font-weight: 400\">pr\u00e9-natal a gestante e seu obstetra ir\u00e3o avaliar juntos o que gostaria ou n\u00e3o <\/span><span style=\"font-weight: 400\">que acontecesse em seu parto. Qual o tipo (natural ou cesariana<\/span><span style=\"font-weight: 400\">), <\/span><span style=\"font-weight: 400\">local, <\/span><span style=\"font-weight: 400\">quem voc\u00ea gostaria de ter ao seu lado, cren\u00e7as religiosas e como gostaria (ou n\u00e3o) de aliviar a dor.\u00a0<\/span><\/p>\n<p><span style=\"font-weight: 400\">O parto \u00e9 uma escolha <\/span><span style=\"font-weight: 400\">da mulher, procure se informar e equipes para te acompanhar neste momento t\u00e3o importante. Hoje temos equipes de m\u00e9dicos obstetras, enfermeiros obstetras, doulas, e outros profissionais trabalhando com evid\u00eancia cient\u00edfica e segura com o objetivo de preparar a mulher e proporcionar a experi\u00eancia de um parto adequado. <\/span><\/p>\n<p><span style=\"font-weight: 400\">O plano de parto tamb\u00e9m \u00e9 importante ser discutido durante o pr\u00e9-natal. Clique neste link e acesse o modelo de plano parto: <\/span><a href=\"http:\/\/atituderimacomsaude.com.br\/elaborando-o-plano-de-parto\/\"><span style=\"font-weight: 400\">http:\/\/atituderimacomsaude.com.br\/elaborando-o-plano-de-parto\/<\/span><\/a><\/p>\n<p><span style=\"font-weight: 400\">Importante tamb\u00e9m visitar antes a maternidade, saiba mais acessando este link: <\/span><a href=\"http:\/\/atituderimacomsaude.com.br\/como-escolher-maternidade-para-o-nascimento-do-seu-bebe\/\"><span style=\"font-weight: 400\">http:\/\/atituderimacomsaude.com.br\/como-escolher-maternidade-para-o-nascimento-do-seu-bebe\/<\/span><\/a><\/p>\n<p><span style=\"font-weight: 400\">O parto \u00e9 um momento muito especial, que marca uma transi\u00e7\u00e3o na vida da mulher e da fam\u00edlia. Por isso, \u00e9 importante vivenciar este momento plenamente.<\/span><\/p>\n<p><span style=\"font-weight: 400\">Agora que voc\u00ea j\u00e1 est\u00e1 um pouco mais preparada para a jornada da gesta\u00e7\u00e3o, n\u00e3o deixe de conhecer outras maneiras de se manter saud\u00e1vel na gesta\u00e7\u00e3o. Veja <\/span><span style=\"font-weight: 400\">tamb\u00e9m <\/span><span style=\"font-weight: 400\">este<\/span><span style=\"font-weight: 400\">s<\/span><span style=\"font-weight: 400\"> artigo<\/span><span style=\"font-weight: 400\">s<\/span> <span style=\"font-weight: 400\">sobre<\/span><span style=\"font-weight: 400\">\u00a0a gesta\u00e7\u00e3o<\/span><span style=\"font-weight: 400\">:<\/span><\/p>\n<p><a href=\"http:\/\/atituderimacomsaude.com.br\/o-desenvolvimento-do-bebe-e-as-transformacoes-na-gestante-2\/\">http:\/\/atituderimacomsaude.com.br\/o-desenvolvimento-do-bebe-e-as-transformacoes-na-gestante-2\/<\/a><br \/>\n<a href=\"http:\/\/atituderimacomsaude.com.br\/como-amenizar-algumas-queixas-comuns-na-gestacao\/\">http:\/\/atituderimacomsaude.com.br\/como-amenizar-algumas-queixas-comuns-na-gestacao\/<\/a><\/p>\n<p><strong>Refer\u00eancias:<\/strong><\/p>\n<p><a href=\"https:\/\/bvsms.saude.gov.br\/dicas-em-saude\/2198-importancia-do-pre-natal\">https:\/\/bvsms.saude.gov.br\/dicas-em-saude\/2198-importancia-do-pre-natal<\/a><\/p>\n<p><a href=\"https:\/\/www.fadc.org.br\/noticias\/entenda-a-importancia-do-pre-natal\">https:\/\/www.fadc.org.br\/noticias\/entenda-a-importancia-do-pre-natal<\/a><\/p>\n<p><a href=\"https:\/\/saude.gov.br\/saude-de-a-z\/gravidez\">https:\/\/saude.gov.br\/saude-de-a-z\/gravidez<\/a><\/p>\n<p><a href=\"https:\/\/aps.bvs.br\/aps\/que-exames-devem-ser-solicitados-no-acompanhamento-do-pre-natal-de-baixo-risco\/\">https:\/\/aps.bvs.br\/aps\/que-exames-devem-ser-solicitados-no-acompanhamento-do-pre-natal-de-baixo-risco\/<\/a><\/p>\n<p><a href=\"https:\/\/www.mcsprogram.org\/wp-content\/uploads\/2018\/07\/WHOMCSPUltrasoundBrieferA4PG.pdf\">https:\/\/www.mcsprogram.org\/wp-content\/uploads\/2018\/07\/WHOMCSPUltrasoundBrieferA4PG.pdf<\/a><\/p>\n","protected":false},"excerpt":{"rendered":"<p>Conte\u00fado atualizado em 03\/07\/2020. O que \u00e9 e por que fazer acompanhamento pr\u00e9-natal? \u00c9 o acompanhamento da gestante desde o momento da confirma\u00e7\u00e3o da gravidez at\u00e9 o per\u00edodo do parto e \u00e9 essencial para a sa\u00fade da m\u00e3e e do beb\u00ea.\u00a0 O pr\u00e9-natal representa um papel fundamental na preven\u00e7\u00e3o e\/ou detec\u00e7\u00e3o precoce de doen\u00e7as tanto [&hellip;]<\/p>\n","protected":false},"author":9,"featured_media":3918,"comment_status":"open","ping_status":"open","sticky":false,"template":"","format":"standard","meta":{"_acf_changed":false,"site-sidebar-layout":"default","site-content-layout":"","ast-site-content-layout":"default","site-content-style":"default","site-sidebar-style":"default","ast-global-header-display":"","ast-banner-title-visibility":"","ast-main-header-display":"","ast-hfb-above-header-display":"","ast-hfb-below-header-display":"","ast-hfb-mobile-header-display":"","site-post-title":"","ast-breadcrumbs-content":"","ast-featured-img":"","footer-sml-layout":"","theme-transparent-header-meta":"","adv-header-id-meta":"","stick-header-meta":"","header-above-stick-meta":"","header-main-stick-meta":"","header-below-stick-meta":"","astra-migrate-meta-layouts":"default","ast-page-background-enabled":"default","ast-page-background-meta":{"desktop":{"background-color":"var(--ast-global-color-4)","background-image":"","background-repeat":"repeat","background-position":"center center","background-size":"auto","background-attachment":"scroll","background-type":"","background-media":"","overlay-type":"","overlay-color":"","overlay-opacity":"","overlay-gradient":""},"tablet":{"background-color":"","background-image":"","background-repeat":"repeat","background-position":"center center","background-size":"auto","background-attachment":"scroll","background-type":"","background-media":"","overlay-type":"","overlay-color":"","overlay-opacity":"","overlay-gradient":""},"mobile":{"background-color":"","background-image":"","background-repeat":"repeat","background-position":"center center","background-size":"auto","background-attachment":"scroll","background-type":"","background-media":"","overlay-type":"","overlay-color":"","overlay-opacity":"","overlay-gradient":""}},"ast-content-background-meta":{"desktop":{"background-color":"var(--ast-global-color-5)","background-image":"","background-repeat":"repeat","background-position":"center center","background-size":"auto","background-attachment":"scroll","background-type":"","background-media":"","overlay-type":"","overlay-color":"","overlay-opacity":"","overlay-gradient":""},"tablet":{"background-color":"var(--ast-global-color-5)","background-image":"","background-repeat":"repeat","background-position":"center center","background-size":"auto","background-attachment":"scroll","background-type":"","background-media":"","overlay-type":"","overlay-color":"","overlay-opacity":"","overlay-gradient":""},"mobile":{"background-color":"var(--ast-global-color-5)","background-image":"","background-repeat":"repeat","background-position":"center center","background-size":"auto","background-attachment":"scroll","background-type":"","background-media":"","overlay-type":"","overlay-color":"","overlay-opacity":"","overlay-gradient":""}},"footnotes":""},"categories":[1],"tags":[68,69,70],"class_list":["post-1407","post","type-post","status-publish","format-standard","has-post-thumbnail","hentry","category-noticias","tag-maternidade","tag-pre-natal","tag-saude-da-gestante"],"acf":[],"yoast_head":"<!-- This site is optimized with the Yoast SEO plugin v26.9 - https:\/\/yoast.com\/product\/yoast-seo-wordpress\/ -->\n<title>Import\u00e2ncia do acompanhamento Pr\u00e9-Natal: informa\u00e7\u00f5es que n\u00e3o podem faltar - Usisa\u00fade<\/title>\n<meta name=\"robots\" content=\"index, follow, max-snippet:-1, max-image-preview:large, max-video-preview:-1\" \/>\n<link rel=\"canonical\" href=\"https:\/\/www.fsfx.com.br\/usisaude\/acompanhamento-pre-natal\/\" \/>\n<meta property=\"og:locale\" content=\"pt_BR\" \/>\n<meta property=\"og:type\" content=\"article\" \/>\n<meta property=\"og:title\" content=\"Import\u00e2ncia do acompanhamento Pr\u00e9-Natal: informa\u00e7\u00f5es que n\u00e3o podem faltar - Usisa\u00fade\" \/>\n<meta property=\"og:description\" content=\"Conte\u00fado atualizado em 03\/07\/2020. O que \u00e9 e por que fazer acompanhamento pr\u00e9-natal? \u00c9 o acompanhamento da gestante desde o momento da confirma\u00e7\u00e3o da gravidez at\u00e9 o per\u00edodo do parto e \u00e9 essencial para a sa\u00fade da m\u00e3e e do beb\u00ea.\u00a0 O pr\u00e9-natal representa um papel fundamental na preven\u00e7\u00e3o e\/ou detec\u00e7\u00e3o precoce de doen\u00e7as tanto [&hellip;]\" \/>\n<meta property=\"og:url\" content=\"https:\/\/www.fsfx.com.br\/usisaude\/acompanhamento-pre-natal\/\" \/>\n<meta property=\"og:site_name\" content=\"Usisa\u00fade\" \/>\n<meta property=\"article:published_time\" content=\"2016-03-07T19:58:46+00:00\" \/>\n<meta property=\"article:modified_time\" content=\"2024-09-12T18:08:52+00:00\" \/>\n<meta name=\"twitter:card\" content=\"summary_large_image\" \/>\n<meta name=\"twitter:label1\" content=\"Escrito por\" \/>\n\t<meta name=\"twitter:data1\" content=\"\" \/>\n\t<meta name=\"twitter:label2\" content=\"Est. tempo de leitura\" \/>\n\t<meta name=\"twitter:data2\" content=\"6 minutos\" \/>\n<script type=\"application\/ld+json\" class=\"yoast-schema-graph\">{\"@context\":\"https:\/\/schema.org\",\"@graph\":[{\"@type\":\"Article\",\"@id\":\"https:\/\/www.fsfx.com.br\/usisaude\/acompanhamento-pre-natal\/#article\",\"isPartOf\":{\"@id\":\"https:\/\/www.fsfx.com.br\/usisaude\/acompanhamento-pre-natal\/\"},\"author\":{\"name\":\"\",\"@id\":\"\"},\"headline\":\"Import\u00e2ncia do acompanhamento Pr\u00e9-Natal: informa\u00e7\u00f5es que n\u00e3o podem faltar\",\"datePublished\":\"2016-03-07T19:58:46+00:00\",\"dateModified\":\"2024-09-12T18:08:52+00:00\",\"mainEntityOfPage\":{\"@id\":\"https:\/\/www.fsfx.com.br\/usisaude\/acompanhamento-pre-natal\/\"},\"wordCount\":1202,\"commentCount\":0,\"publisher\":{\"@id\":\"https:\/\/www.fsfx.com.br\/usisaude\/#organization\"},\"image\":{\"@id\":\"https:\/\/www.fsfx.com.br\/usisaude\/acompanhamento-pre-natal\/#primaryimage\"},\"thumbnailUrl\":\"\",\"keywords\":[\"maternidade\",\"pr\u00e9-natal\",\"sa\u00fade da gestante\"],\"articleSection\":[\"Not\u00edcias\"],\"inLanguage\":\"pt-BR\",\"potentialAction\":[{\"@type\":\"CommentAction\",\"name\":\"Comment\",\"target\":[\"https:\/\/www.fsfx.com.br\/usisaude\/acompanhamento-pre-natal\/#respond\"]}]},{\"@type\":\"WebPage\",\"@id\":\"https:\/\/www.fsfx.com.br\/usisaude\/acompanhamento-pre-natal\/\",\"url\":\"https:\/\/www.fsfx.com.br\/usisaude\/acompanhamento-pre-natal\/\",\"name\":\"Import\u00e2ncia do acompanhamento Pr\u00e9-Natal: informa\u00e7\u00f5es que n\u00e3o podem faltar - Usisa\u00fade\",\"isPartOf\":{\"@id\":\"https:\/\/www.fsfx.com.br\/usisaude\/#website\"},\"primaryImageOfPage\":{\"@id\":\"https:\/\/www.fsfx.com.br\/usisaude\/acompanhamento-pre-natal\/#primaryimage\"},\"image\":{\"@id\":\"https:\/\/www.fsfx.com.br\/usisaude\/acompanhamento-pre-natal\/#primaryimage\"},\"thumbnailUrl\":\"\",\"datePublished\":\"2016-03-07T19:58:46+00:00\",\"dateModified\":\"2024-09-12T18:08:52+00:00\",\"breadcrumb\":{\"@id\":\"https:\/\/www.fsfx.com.br\/usisaude\/acompanhamento-pre-natal\/#breadcrumb\"},\"inLanguage\":\"pt-BR\",\"potentialAction\":[{\"@type\":\"ReadAction\",\"target\":[\"https:\/\/www.fsfx.com.br\/usisaude\/acompanhamento-pre-natal\/\"]}]},{\"@type\":\"ImageObject\",\"inLanguage\":\"pt-BR\",\"@id\":\"https:\/\/www.fsfx.com.br\/usisaude\/acompanhamento-pre-natal\/#primaryimage\",\"url\":\"\",\"contentUrl\":\"\"},{\"@type\":\"BreadcrumbList\",\"@id\":\"https:\/\/www.fsfx.com.br\/usisaude\/acompanhamento-pre-natal\/#breadcrumb\",\"itemListElement\":[{\"@type\":\"ListItem\",\"position\":1,\"name\":\"In\u00edcio\",\"item\":\"https:\/\/www.fsfx.com.br\/usisaude\/\"},{\"@type\":\"ListItem\",\"position\":2,\"name\":\"Import\u00e2ncia do acompanhamento Pr\u00e9-Natal: informa\u00e7\u00f5es que n\u00e3o podem faltar\"}]},{\"@type\":\"WebSite\",\"@id\":\"https:\/\/www.fsfx.com.br\/usisaude\/#website\",\"url\":\"https:\/\/www.fsfx.com.br\/usisaude\/\",\"name\":\"Usisa\u00fade\",\"description\":\"Somos a Usisa\u00fade, uma operadora de planos de sa\u00fade da Funda\u00e7\u00e3o S\u00e3o Francisco Xavier (FSFX), a maior em modalidade filantr\u00f3pica do pa\u00eds.\",\"publisher\":{\"@id\":\"https:\/\/www.fsfx.com.br\/usisaude\/#organization\"},\"potentialAction\":[{\"@type\":\"SearchAction\",\"target\":{\"@type\":\"EntryPoint\",\"urlTemplate\":\"https:\/\/www.fsfx.com.br\/usisaude\/?s={search_term_string}\"},\"query-input\":{\"@type\":\"PropertyValueSpecification\",\"valueRequired\":true,\"valueName\":\"search_term_string\"}}],\"inLanguage\":\"pt-BR\"},{\"@type\":\"Organization\",\"@id\":\"https:\/\/www.fsfx.com.br\/usisaude\/#organization\",\"name\":\"Usisa\u00fade\",\"url\":\"https:\/\/www.fsfx.com.br\/usisaude\/\",\"logo\":{\"@type\":\"ImageObject\",\"inLanguage\":\"pt-BR\",\"@id\":\"https:\/\/www.fsfx.com.br\/usisaude\/#\/schema\/logo\/image\/\",\"url\":\"https:\/\/www.fsfx.com.br\/usisaude\/wp-content\/uploads\/sites\/6\/2022\/03\/logo-ususaude-1.svg\",\"contentUrl\":\"https:\/\/www.fsfx.com.br\/usisaude\/wp-content\/uploads\/sites\/6\/2022\/03\/logo-ususaude-1.svg\",\"width\":445,\"height\":196,\"caption\":\"Usisa\u00fade\"},\"image\":{\"@id\":\"https:\/\/www.fsfx.com.br\/usisaude\/#\/schema\/logo\/image\/\"}},{\"@type\":\"Person\",\"@id\":\"\",\"url\":\"https:\/\/www.fsfx.com.br\/usisaude\/author\/\"}]}<\/script>\n<!-- \/ Yoast SEO plugin. -->","yoast_head_json":{"title":"Import\u00e2ncia do acompanhamento Pr\u00e9-Natal: informa\u00e7\u00f5es que n\u00e3o podem faltar - Usisa\u00fade","robots":{"index":"index","follow":"follow","max-snippet":"max-snippet:-1","max-image-preview":"max-image-preview:large","max-video-preview":"max-video-preview:-1"},"canonical":"https:\/\/www.fsfx.com.br\/usisaude\/acompanhamento-pre-natal\/","og_locale":"pt_BR","og_type":"article","og_title":"Import\u00e2ncia do acompanhamento Pr\u00e9-Natal: informa\u00e7\u00f5es que n\u00e3o podem faltar - Usisa\u00fade","og_description":"Conte\u00fado atualizado em 03\/07\/2020. O que \u00e9 e por que fazer acompanhamento pr\u00e9-natal? \u00c9 o acompanhamento da gestante desde o momento da confirma\u00e7\u00e3o da gravidez at\u00e9 o per\u00edodo do parto e \u00e9 essencial para a sa\u00fade da m\u00e3e e do beb\u00ea.\u00a0 O pr\u00e9-natal representa um papel fundamental na preven\u00e7\u00e3o e\/ou detec\u00e7\u00e3o precoce de doen\u00e7as tanto [&hellip;]","og_url":"https:\/\/www.fsfx.com.br\/usisaude\/acompanhamento-pre-natal\/","og_site_name":"Usisa\u00fade","article_published_time":"2016-03-07T19:58:46+00:00","article_modified_time":"2024-09-12T18:08:52+00:00","twitter_card":"summary_large_image","twitter_misc":{"Escrito por":"","Est. tempo de leitura":"6 minutos"},"schema":{"@context":"https:\/\/schema.org","@graph":[{"@type":"Article","@id":"https:\/\/www.fsfx.com.br\/usisaude\/acompanhamento-pre-natal\/#article","isPartOf":{"@id":"https:\/\/www.fsfx.com.br\/usisaude\/acompanhamento-pre-natal\/"},"author":{"name":"","@id":""},"headline":"Import\u00e2ncia do acompanhamento Pr\u00e9-Natal: informa\u00e7\u00f5es que n\u00e3o podem faltar","datePublished":"2016-03-07T19:58:46+00:00","dateModified":"2024-09-12T18:08:52+00:00","mainEntityOfPage":{"@id":"https:\/\/www.fsfx.com.br\/usisaude\/acompanhamento-pre-natal\/"},"wordCount":1202,"commentCount":0,"publisher":{"@id":"https:\/\/www.fsfx.com.br\/usisaude\/#organization"},"image":{"@id":"https:\/\/www.fsfx.com.br\/usisaude\/acompanhamento-pre-natal\/#primaryimage"},"thumbnailUrl":"","keywords":["maternidade","pr\u00e9-natal","sa\u00fade da gestante"],"articleSection":["Not\u00edcias"],"inLanguage":"pt-BR","potentialAction":[{"@type":"CommentAction","name":"Comment","target":["https:\/\/www.fsfx.com.br\/usisaude\/acompanhamento-pre-natal\/#respond"]}]},{"@type":"WebPage","@id":"https:\/\/www.fsfx.com.br\/usisaude\/acompanhamento-pre-natal\/","url":"https:\/\/www.fsfx.com.br\/usisaude\/acompanhamento-pre-natal\/","name":"Import\u00e2ncia do acompanhamento Pr\u00e9-Natal: informa\u00e7\u00f5es que n\u00e3o podem faltar - Usisa\u00fade","isPartOf":{"@id":"https:\/\/www.fsfx.com.br\/usisaude\/#website"},"primaryImageOfPage":{"@id":"https:\/\/www.fsfx.com.br\/usisaude\/acompanhamento-pre-natal\/#primaryimage"},"image":{"@id":"https:\/\/www.fsfx.com.br\/usisaude\/acompanhamento-pre-natal\/#primaryimage"},"thumbnailUrl":"","datePublished":"2016-03-07T19:58:46+00:00","dateModified":"2024-09-12T18:08:52+00:00","breadcrumb":{"@id":"https:\/\/www.fsfx.com.br\/usisaude\/acompanhamento-pre-natal\/#breadcrumb"},"inLanguage":"pt-BR","potentialAction":[{"@type":"ReadAction","target":["https:\/\/www.fsfx.com.br\/usisaude\/acompanhamento-pre-natal\/"]}]},{"@type":"ImageObject","inLanguage":"pt-BR","@id":"https:\/\/www.fsfx.com.br\/usisaude\/acompanhamento-pre-natal\/#primaryimage","url":"","contentUrl":""},{"@type":"BreadcrumbList","@id":"https:\/\/www.fsfx.com.br\/usisaude\/acompanhamento-pre-natal\/#breadcrumb","itemListElement":[{"@type":"ListItem","position":1,"name":"In\u00edcio","item":"https:\/\/www.fsfx.com.br\/usisaude\/"},{"@type":"ListItem","position":2,"name":"Import\u00e2ncia do acompanhamento Pr\u00e9-Natal: informa\u00e7\u00f5es que n\u00e3o podem faltar"}]},{"@type":"WebSite","@id":"https:\/\/www.fsfx.com.br\/usisaude\/#website","url":"https:\/\/www.fsfx.com.br\/usisaude\/","name":"Usisa\u00fade","description":"Somos a Usisa\u00fade, uma operadora de planos de sa\u00fade da Funda\u00e7\u00e3o S\u00e3o Francisco Xavier (FSFX), a maior em modalidade filantr\u00f3pica do pa\u00eds.","publisher":{"@id":"https:\/\/www.fsfx.com.br\/usisaude\/#organization"},"potentialAction":[{"@type":"SearchAction","target":{"@type":"EntryPoint","urlTemplate":"https:\/\/www.fsfx.com.br\/usisaude\/?s={search_term_string}"},"query-input":{"@type":"PropertyValueSpecification","valueRequired":true,"valueName":"search_term_string"}}],"inLanguage":"pt-BR"},{"@type":"Organization","@id":"https:\/\/www.fsfx.com.br\/usisaude\/#organization","name":"Usisa\u00fade","url":"https:\/\/www.fsfx.com.br\/usisaude\/","logo":{"@type":"ImageObject","inLanguage":"pt-BR","@id":"https:\/\/www.fsfx.com.br\/usisaude\/#\/schema\/logo\/image\/","url":"https:\/\/www.fsfx.com.br\/usisaude\/wp-content\/uploads\/sites\/6\/2022\/03\/logo-ususaude-1.svg","contentUrl":"https:\/\/www.fsfx.com.br\/usisaude\/wp-content\/uploads\/sites\/6\/2022\/03\/logo-ususaude-1.svg","width":445,"height":196,"caption":"Usisa\u00fade"},"image":{"@id":"https:\/\/www.fsfx.com.br\/usisaude\/#\/schema\/logo\/image\/"}},{"@type":"Person","@id":"","url":"https:\/\/www.fsfx.com.br\/usisaude\/author\/"}]}},"_links":{"self":[{"href":"https:\/\/www.fsfx.com.br\/usisaude\/wp-json\/wp\/v2\/posts\/1407","targetHints":{"allow":["GET"]}}],"collection":[{"href":"https:\/\/www.fsfx.com.br\/usisaude\/wp-json\/wp\/v2\/posts"}],"about":[{"href":"https:\/\/www.fsfx.com.br\/usisaude\/wp-json\/wp\/v2\/types\/post"}],"author":[{"embeddable":true,"href":"https:\/\/www.fsfx.com.br\/usisaude\/wp-json\/wp\/v2\/users\/9"}],"replies":[{"embeddable":true,"href":"https:\/\/www.fsfx.com.br\/usisaude\/wp-json\/wp\/v2\/comments?post=1407"}],"version-history":[{"count":1,"href":"https:\/\/www.fsfx.com.br\/usisaude\/wp-json\/wp\/v2\/posts\/1407\/revisions"}],"predecessor-version":[{"id":10888,"href":"https:\/\/www.fsfx.com.br\/usisaude\/wp-json\/wp\/v2\/posts\/1407\/revisions\/10888"}],"wp:featuredmedia":[{"embeddable":true,"href":"https:\/\/www.fsfx.com.br\/usisaude\/wp-json\/"}],"wp:attachment":[{"href":"https:\/\/www.fsfx.com.br\/usisaude\/wp-json\/wp\/v2\/media?parent=1407"}],"wp:term":[{"taxonomy":"category","embeddable":true,"href":"https:\/\/www.fsfx.com.br\/usisaude\/wp-json\/wp\/v2\/categories?post=1407"},{"taxonomy":"post_tag","embeddable":true,"href":"https:\/\/www.fsfx.com.br\/usisaude\/wp-json\/wp\/v2\/tags?post=1407"}],"curies":[{"name":"wp","href":"https:\/\/api.w.org\/{rel}","templated":true}]}}