{"id":1449,"date":"2016-05-13T13:09:04","date_gmt":"2016-05-13T13:09:04","guid":{"rendered":"http:\/\/usisaude.boltbrasil.com.br\/?p=1449"},"modified":"2024-09-12T15:08:31","modified_gmt":"2024-09-12T18:08:31","slug":"hipertensao-e-diabetes-na-terceira-idade","status":"publish","type":"post","link":"https:\/\/www.fsfx.com.br\/usisaude\/hipertensao-e-diabetes-na-terceira-idade\/","title":{"rendered":"Hipertens\u00e3o e diabetes na terceira idade: Como cuidar da sa\u00fade do idoso"},"content":{"rendered":"<p><span style=\"font-weight: 400\">Tempo de leitura: 6 minutos<\/span><\/p>\n<p><strong>Conte\u00fado atualizado em 15\/10\/2020<\/strong><\/p>\n<p><span style=\"font-weight: 400\">O envelhecimento \u00e9 um processo natural, respons\u00e1vel pela redu\u00e7\u00e3o progressiva da capacidade funcional do corpo em geral, e que predisp\u00f5e o organismo ao desenvolvimento ou agravo de algumas doen\u00e7as. As doen\u00e7as cr\u00f4nicas n\u00e3o transmiss\u00edveis afetam boa parte dos indiv\u00edduos da terceira idade e, dentre elas, destacam-se a hipertens\u00e3o arterial e o diabetes. Ambas, se n\u00e3o tratadas, podem levar a \u00f3bito ou provocar incapacidades na popula\u00e7\u00e3o, afetando diretamente a qualidade de vida.<\/span><\/p>\n<p><span style=\"font-weight: 400\">Neste conte\u00fado, abordaremos sobre estas duas doen\u00e7as e alguns cuidados necess\u00e1rios. Saiba mais!<\/span><\/p>\n<h2><b>Quais s\u00e3o os riscos associados \u00e0 ocasionados pela hipertens\u00e3o?<\/b><\/h2>\n<p><span style=\"font-weight: 400\">A hipertens\u00e3o arterial ou press\u00e3o alta \u00e9 um desequil\u00edbrio no sistema circulat\u00f3rio que consiste no aumento da press\u00e3o do sangue sobre as paredes das art\u00e9rias. Trata-se de um dos principais fatores de risco para o desenvolvimento de doen\u00e7as do cora\u00e7\u00e3o. Segundo estudos, a doen\u00e7a \u00e9 respons\u00e1vel, direta ou indiretamente, por metade das mortes por doen\u00e7as cardiovasculares.&nbsp;<\/span><\/p>\n<p><span style=\"font-weight: 400\">Se n\u00e3o tratada, podem ocorrer complica\u00e7\u00f5es associadas \u00e0 eleva\u00e7\u00e3o da press\u00e3o em alguns \u00f3rg\u00e3os alvo, como:<\/span><\/p>\n<ul>\n<li style=\"font-weight: 400\"><span style=\"font-weight: 400\">Infarto agudo do mioc\u00e1rdio;<\/span><\/li>\n<li style=\"font-weight: 400\"><span style=\"font-weight: 400\">Les\u00f5es nas art\u00e9rias;<\/span><\/li>\n<li style=\"font-weight: 400\"><span style=\"font-weight: 400\">Angina (dor no peito);<\/span><\/li>\n<li style=\"font-weight: 400\"><span style=\"font-weight: 400\">Insufici\u00eancia card\u00edaca;<\/span><\/li>\n<li style=\"font-weight: 400\"><span style=\"font-weight: 400\">Acidente vascular cerebral (AVC);<\/span><\/li>\n<li style=\"font-weight: 400\"><span style=\"font-weight: 400\">Les\u00f5es na retina;<\/span><\/li>\n<li style=\"font-weight: 400\"><span style=\"font-weight: 400\">Doen\u00e7a renal;<\/span><\/li>\n<li style=\"font-weight: 400\"><span style=\"font-weight: 400\">Morte s\u00fabita.<\/span><\/li>\n<\/ul>\n<h2><b>Quais s\u00e3o os riscos associados ao ocasionados pela diabetes?<\/b><\/h2>\n<p><span style=\"font-weight: 400\">O diabetes <\/span><i><span style=\"font-weight: 400\">mellitus<\/span><\/i><span style=\"font-weight: 400\"> ocorre quando h\u00e1 alguma defici\u00eancia na insulina, seja na sua produ\u00e7\u00e3o ou na incapacidade de exercer adequadamente seus efeitos. Quando os n\u00edveis glic\u00eamicos (n\u00edvel de a\u00e7\u00facar no sangue) n\u00e3o s\u00e3o controlados de forma adequada, podem surgir complica\u00e7\u00f5es, tais como:<\/span><\/p>\n<ul>\n<li style=\"font-weight: 400\"><span style=\"font-weight: 400\">Les\u00f5es neurol\u00f3gicas;<\/span><\/li>\n<li style=\"font-weight: 400\"><span style=\"font-weight: 400\">Les\u00f5es renais;<\/span><\/li>\n<li style=\"font-weight: 400\"><span style=\"font-weight: 400\">Problemas nos p\u00e9s;<\/span><\/li>\n<li style=\"font-weight: 400\"><span style=\"font-weight: 400\">Problemas circulat\u00f3rios;<\/span><\/li>\n<li style=\"font-weight: 400\"><span style=\"font-weight: 400\">Doen\u00e7as cardiovasculares;<\/span><\/li>\n<li style=\"font-weight: 400\"><span style=\"font-weight: 400\">Doen\u00e7as nos olhos.<\/span><\/li>\n<\/ul>\n<h2><b>Quais os cuidados s\u00e3o essenciais para o controle da hipertens\u00e3o e ado diabetes?<\/b><\/h2>\n<p><span style=\"font-weight: 400\">O tratamento das duas doen\u00e7as inclui mudan\u00e7as no estilo de vida e a ado\u00e7\u00e3o de h\u00e1bitos saud\u00e1veis, complementados com o acompanhamento m\u00e9dico, frequente e adequado.<\/span><\/p>\n<h3><b>Alimenta\u00e7\u00e3o balanceada e pr\u00e1tica de exerc\u00edcios f\u00edsicos<\/b><\/h3>\n<p><span style=\"font-weight: 400\">A reeduca\u00e7\u00e3o alimentar e manuten\u00e7\u00e3o de uma alimenta\u00e7\u00e3o saud\u00e1vel, s\u00e3o fundamentais no tratamento e controle das doen\u00e7as cr\u00f4nicas. O estabelecimento de uma rotina alimentar \u00e9 o primeiro passo, a organiza\u00e7\u00e3o e o planejamento das refei\u00e7\u00f5es, de acordo com os hor\u00e1rios e atividades, \u00e9 muito importante, assim como dar prefer\u00eancia aos alimentos naturais, e evitar os industrializados. Inclua diariamente frutas, verduras e legumes, e sempre que poss\u00edvel, opte pelas vers\u00f5es integrais dos alimentos; com uma alimenta\u00e7\u00e3o colorida, garantimos a ingest\u00e3o dos nutrientes essenciais para o funcionamento adequado do corpo.<\/span><\/p>\n<p><span style=\"font-weight: 400\">Evite o consumo excessivo de \u00f3leos, gorduras, sal e a\u00e7\u00facar; utilize temperos naturais e fique atento aos r\u00f3tulos dos alimentos (produtos industrializados s\u00e3o ricos nesses nutrientes). Para os diab\u00e9ticos, a aten\u00e7\u00e3o deve ser ainda maior em rela\u00e7\u00e3o ao consumo de carboidratos (a\u00e7\u00facares) e a combina\u00e7\u00e3o entre os grupos alimentares.&nbsp;<\/span><\/p>\n<p><span style=\"font-weight: 400\">A pr\u00e1tica regular de atividade f\u00edsica auxilia no controle da press\u00e3o arterial e do \u00edndice glic\u00eamico, al\u00e9m de favorecer a manuten\u00e7\u00e3o do peso, que tamb\u00e9m \u00e9 essencial no tratamento\/controle da hipertens\u00e3o e diabetes. \u00c9 importante escolher uma atividade que d\u00ea prazer, seja caminhada, atividades na \u00e1gua, alongamento, muscula\u00e7\u00e3o, entre outras, mas sempre com orienta\u00e7\u00e3o profissional.<\/span><\/p>\n<h3><b>Tenha um m\u00e9dico de refer\u00eancia<\/b><\/h3>\n<p><span style=\"font-weight: 400\">Para melhorar a qualidade de vida quando a pessoa \u00e9 portadora de doen\u00e7as cr\u00f4nicas, \u00e9 fundamental o acompanhamento de profissionais durante todo o tratamento. O m\u00e9dico de refer\u00eancia \u00e9 aquele que <\/span><span style=\"font-weight: 400\">conhece seu hist\u00f3rico, suas prefer\u00eancias e seu estilo de vida bem de perto e que faz um acompanhamento individualizado. <\/span><span style=\"font-weight: 400\">Ele ser\u00e1 capaz de avaliar suas necessidades e buscar as melhores solu\u00e7\u00f5es, dessa forma al\u00e9m das recomenda\u00e7\u00f5es de cuidar da alimenta\u00e7\u00e3o e pr\u00e1tica de atividade f\u00edsica, o tratamento medicamentoso quando indicado deve ser cautelosamente acompanhado e ajustado sempre que necess\u00e1rio.<\/span><\/p>\n<p><span style=\"font-weight: 400\">Outros cuidados que tamb\u00e9m devem ser tomados, como abandonar o cigarro, realizar todos os exames preventivos e n\u00e3o se automedicar, podem evitar piora dos quadros e o comprometimento do organismo, j\u00e1 que estas atitudes podem comprometer de alguma forma o funcionamento normal do organismo.<\/span><\/p>\n<h2><b>Por que a Covid-19 \u00e9 um risco para hipertensos e diab\u00e9ticos?<\/b><\/h2>\n<p><span style=\"font-weight: 400\">Desde que o primeiro caso de Covid-19 foi confirmado no Brasil, houve a preocupa\u00e7\u00e3o, principalmente, com as pessoas com comorbidades (grupos de risco). Os hipertensos e os diab\u00e9ticos est\u00e3o entre elas.<\/span><\/p>\n<p><span style=\"font-weight: 400\">Segundo especialistas, essas pessoas tendem a ter t\u00eam mais complica\u00e7\u00f5es e maior mortalidade. Nesse sentido, existe a necessidade de dobrar a aten\u00e7\u00e3o com os cuidados relacionados \u00e0 doen\u00e7a, como:<\/span><\/p>\n<ul>\n<li style=\"font-weight: 400\"><span style=\"font-weight: 400\">Manter uma rotina saud\u00e1vel, mesmo em casa;<\/span><\/li>\n<li style=\"font-weight: 400\"><span style=\"font-weight: 400\">Intensificar medidas de prote\u00e7\u00e3o (lavagem de m\u00e3os, uso de \u00e1lcool em gel e sair somente se for necess\u00e1rio);<\/span><\/li>\n<li style=\"font-weight: 400\"><span style=\"font-weight: 400\">Monitorar a sa\u00fade com exames de rotina, entre outros.<\/span><\/li>\n<\/ul>\n<p><span style=\"font-weight: 400\">O controle da hipertens\u00e3o e diabetes \u00e9 fundamental para se ter mais qualidade de vida e bem-estar. Buscar sempre atitudes saud\u00e1veis \u00e9 o melhor rem\u00e9dio para manter-se bem!<\/span><\/p>\n<p><span style=\"font-weight: 400\">Se desejar mais dicas para a pr\u00e1tica de<\/span><a href=\"http:\/\/atituderimacomsaude.com.br\/atividade-fisica-na-terceira-idade\/\"><span style=\"font-weight: 400\"> exerc\u00edcios f\u00edsicos na terceira idade<\/span><\/a><span style=\"font-weight: 400\">, continue no blog e confira nosso outro material!<\/span><\/p>\n<p><b>Refer\u00eancias:<\/b><\/p>\n<p><span style=\"font-weight: 400\">AG\u00caNCIA BRASIL. <\/span><b>Dia Nacional de Preven\u00e7\u00e3o \u00e0 Hipertens\u00e3o: doen\u00e7a atinge 60% dos idosos<\/b><span style=\"font-weight: 400\">. Dispon\u00edvel em: https:\/\/agenciabrasil.ebc.com.br\/saude\/noticia\/2020-04\/dia-nacional-de-prevencao-hipertensao-doenca-atinge-60-dos-idosos. Acesso em: 02 out. 2020.<\/span><\/p>\n<p><span style=\"font-weight: 400\">FRANCISCO, Priscila Maria Stolses Bergamo et al. <\/span><b>Preval\u00eancia simult\u00e2nea de hipertens\u00e3o e diabetes em idosos brasileiros: desigualdades individuais e contextuais<\/b><span style=\"font-weight: 400\">. Ci\u00eanc. Sa\u00fade Coletiva,&nbsp; v.23, n.11, p.3829-3840, 2018. Dispon\u00edvel em: http:\/\/www.scielo.br\/scielo.php?script=sci_arttext&amp;pid=S1413-81232018001103829&amp;lng=pt&amp;nrm=iso. Acesso em: 02 out. 2020.<\/span><\/p>\n<p><span style=\"font-weight: 400\">SANTOS, Sandna Larissa Freitas dos et al. <\/span><b>Educa\u00e7\u00e3o em Sa\u00fade para Idosos Portadores de Diabetes e Hipertens\u00e3o: um Relato de Experi\u00eancia. <\/b><span style=\"font-weight: 400\">Revista de Sa\u00fade P\u00fablica de Santa Catarina, v.9, n.2, p.93-104, 2016.<\/span> <span style=\"font-weight: 400\">Dispon\u00edvel em: http:\/\/revista.saude.sc.gov.br\/index.php\/inicio\/article\/view\/422\/346. Acesso em: 02 out. 2020.<\/span><\/p>\n<p><span style=\"font-weight: 400\">SOCIEDADE BRASILEIRA DE DIABETES. <\/span><b>Complica\u00e7\u00f5es do Diabetes.<\/b><span style=\"font-weight: 400\"> Dispon\u00edvel em: https:\/\/www.diabetes.org.br\/publico\/complicacoes\/complicacoes-do-diabetes. Acesso em 02 out. 2020.<\/span><\/p>\n","protected":false},"excerpt":{"rendered":"<p>Tempo de leitura: 6 minutos Conte\u00fado atualizado em 15\/10\/2020 O envelhecimento \u00e9 um processo natural, respons\u00e1vel pela redu\u00e7\u00e3o progressiva da capacidade funcional do corpo em geral, e que predisp\u00f5e o organismo ao desenvolvimento ou agravo de algumas doen\u00e7as. As doen\u00e7as cr\u00f4nicas n\u00e3o transmiss\u00edveis afetam boa parte dos indiv\u00edduos da terceira idade e, dentre elas, destacam-se [&hellip;]<\/p>\n","protected":false},"author":9,"featured_media":4058,"comment_status":"closed","ping_status":"closed","sticky":false,"template":"","format":"standard","meta":{"_acf_changed":false,"site-sidebar-layout":"default","site-content-layout":"","ast-site-content-layout":"default","site-content-style":"default","site-sidebar-style":"default","ast-global-header-display":"","ast-banner-title-visibility":"","ast-main-header-display":"","ast-hfb-above-header-display":"","ast-hfb-below-header-display":"","ast-hfb-mobile-header-display":"","site-post-title":"","ast-breadcrumbs-content":"","ast-featured-img":"","footer-sml-layout":"","theme-transparent-header-meta":"","adv-header-id-meta":"","stick-header-meta":"","header-above-stick-meta":"","header-main-stick-meta":"","header-below-stick-meta":"","astra-migrate-meta-layouts":"default","ast-page-background-enabled":"default","ast-page-background-meta":{"desktop":{"background-color":"var(--ast-global-color-4)","background-image":"","background-repeat":"repeat","background-position":"center center","background-size":"auto","background-attachment":"scroll","background-type":"","background-media":"","overlay-type":"","overlay-color":"","overlay-opacity":"","overlay-gradient":""},"tablet":{"background-color":"","background-image":"","background-repeat":"repeat","background-position":"center center","background-size":"auto","background-attachment":"scroll","background-type":"","background-media":"","overlay-type":"","overlay-color":"","overlay-opacity":"","overlay-gradient":""},"mobile":{"background-color":"","background-image":"","background-repeat":"repeat","background-position":"center center","background-size":"auto","background-attachment":"scroll","background-type":"","background-media":"","overlay-type":"","overlay-color":"","overlay-opacity":"","overlay-gradient":""}},"ast-content-background-meta":{"desktop":{"background-color":"var(--ast-global-color-5)","background-image":"","background-repeat":"repeat","background-position":"center center","background-size":"auto","background-attachment":"scroll","background-type":"","background-media":"","overlay-type":"","overlay-color":"","overlay-opacity":"","overlay-gradient":""},"tablet":{"background-color":"var(--ast-global-color-5)","background-image":"","background-repeat":"repeat","background-position":"center center","background-size":"auto","background-attachment":"scroll","background-type":"","background-media":"","overlay-type":"","overlay-color":"","overlay-opacity":"","overlay-gradient":""},"mobile":{"background-color":"var(--ast-global-color-5)","background-image":"","background-repeat":"repeat","background-position":"center center","background-size":"auto","background-attachment":"scroll","background-type":"","background-media":"","overlay-type":"","overlay-color":"","overlay-opacity":"","overlay-gradient":""}},"footnotes":""},"categories":[1],"tags":[124,98],"class_list":["post-1449","post","type-post","status-publish","format-standard","has-post-thumbnail","hentry","category-noticias","tag-diabetes","tag-saude-do-idoso"],"acf":[],"yoast_head":"<!-- This site is optimized with the Yoast SEO plugin v26.9 - https:\/\/yoast.com\/product\/yoast-seo-wordpress\/ -->\n<title>Como cuidar da hipertens\u00e3o e diabetes na terceira idade\u00a0<\/title>\n<meta name=\"description\" content=\"Entenda agora o impacto da hipertens\u00e3o e diabetes na terceira idade e como prevenir e cuidar dos idosos com estas doen\u00e7as cr\u00f4nicas.\" \/>\n<meta name=\"robots\" content=\"index, follow, max-snippet:-1, max-image-preview:large, max-video-preview:-1\" \/>\n<link rel=\"canonical\" href=\"https:\/\/www.fsfx.com.br\/usisaude\/hipertensao-e-diabetes-na-terceira-idade\/\" \/>\n<meta property=\"og:locale\" content=\"pt_BR\" \/>\n<meta property=\"og:type\" content=\"article\" \/>\n<meta property=\"og:title\" content=\"Como cuidar da hipertens\u00e3o e diabetes na terceira idade\u00a0\" \/>\n<meta property=\"og:description\" content=\"Entenda agora o impacto da hipertens\u00e3o e diabetes na terceira idade e como prevenir e cuidar dos idosos com estas doen\u00e7as cr\u00f4nicas.\" \/>\n<meta property=\"og:url\" content=\"https:\/\/www.fsfx.com.br\/usisaude\/hipertensao-e-diabetes-na-terceira-idade\/\" \/>\n<meta property=\"og:site_name\" content=\"Usisa\u00fade\" \/>\n<meta property=\"article:published_time\" content=\"2016-05-13T13:09:04+00:00\" \/>\n<meta property=\"article:modified_time\" content=\"2024-09-12T18:08:31+00:00\" \/>\n<meta name=\"twitter:card\" content=\"summary_large_image\" \/>\n<meta name=\"twitter:label1\" content=\"Escrito por\" \/>\n\t<meta name=\"twitter:data1\" content=\"\" \/>\n\t<meta name=\"twitter:label2\" content=\"Est. tempo de leitura\" \/>\n\t<meta name=\"twitter:data2\" content=\"5 minutos\" \/>\n<script type=\"application\/ld+json\" class=\"yoast-schema-graph\">{\"@context\":\"https:\/\/schema.org\",\"@graph\":[{\"@type\":\"Article\",\"@id\":\"https:\/\/www.fsfx.com.br\/usisaude\/hipertensao-e-diabetes-na-terceira-idade\/#article\",\"isPartOf\":{\"@id\":\"https:\/\/www.fsfx.com.br\/usisaude\/hipertensao-e-diabetes-na-terceira-idade\/\"},\"author\":{\"name\":\"\",\"@id\":\"\"},\"headline\":\"Hipertens\u00e3o e diabetes na terceira idade: Como cuidar da sa\u00fade do idoso\",\"datePublished\":\"2016-05-13T13:09:04+00:00\",\"dateModified\":\"2024-09-12T18:08:31+00:00\",\"mainEntityOfPage\":{\"@id\":\"https:\/\/www.fsfx.com.br\/usisaude\/hipertensao-e-diabetes-na-terceira-idade\/\"},\"wordCount\":1100,\"publisher\":{\"@id\":\"https:\/\/www.fsfx.com.br\/usisaude\/#organization\"},\"image\":{\"@id\":\"https:\/\/www.fsfx.com.br\/usisaude\/hipertensao-e-diabetes-na-terceira-idade\/#primaryimage\"},\"thumbnailUrl\":\"\",\"keywords\":[\"diabetes\",\"sa\u00fade do idoso\"],\"articleSection\":[\"Not\u00edcias\"],\"inLanguage\":\"pt-BR\"},{\"@type\":\"WebPage\",\"@id\":\"https:\/\/www.fsfx.com.br\/usisaude\/hipertensao-e-diabetes-na-terceira-idade\/\",\"url\":\"https:\/\/www.fsfx.com.br\/usisaude\/hipertensao-e-diabetes-na-terceira-idade\/\",\"name\":\"Como cuidar da hipertens\u00e3o e diabetes na terceira idade\u00a0\",\"isPartOf\":{\"@id\":\"https:\/\/www.fsfx.com.br\/usisaude\/#website\"},\"primaryImageOfPage\":{\"@id\":\"https:\/\/www.fsfx.com.br\/usisaude\/hipertensao-e-diabetes-na-terceira-idade\/#primaryimage\"},\"image\":{\"@id\":\"https:\/\/www.fsfx.com.br\/usisaude\/hipertensao-e-diabetes-na-terceira-idade\/#primaryimage\"},\"thumbnailUrl\":\"\",\"datePublished\":\"2016-05-13T13:09:04+00:00\",\"dateModified\":\"2024-09-12T18:08:31+00:00\",\"description\":\"Entenda agora o impacto da hipertens\u00e3o e diabetes na terceira idade e como prevenir e cuidar dos idosos com estas doen\u00e7as cr\u00f4nicas.\",\"breadcrumb\":{\"@id\":\"https:\/\/www.fsfx.com.br\/usisaude\/hipertensao-e-diabetes-na-terceira-idade\/#breadcrumb\"},\"inLanguage\":\"pt-BR\",\"potentialAction\":[{\"@type\":\"ReadAction\",\"target\":[\"https:\/\/www.fsfx.com.br\/usisaude\/hipertensao-e-diabetes-na-terceira-idade\/\"]}]},{\"@type\":\"ImageObject\",\"inLanguage\":\"pt-BR\",\"@id\":\"https:\/\/www.fsfx.com.br\/usisaude\/hipertensao-e-diabetes-na-terceira-idade\/#primaryimage\",\"url\":\"\",\"contentUrl\":\"\"},{\"@type\":\"BreadcrumbList\",\"@id\":\"https:\/\/www.fsfx.com.br\/usisaude\/hipertensao-e-diabetes-na-terceira-idade\/#breadcrumb\",\"itemListElement\":[{\"@type\":\"ListItem\",\"position\":1,\"name\":\"In\u00edcio\",\"item\":\"https:\/\/www.fsfx.com.br\/usisaude\/\"},{\"@type\":\"ListItem\",\"position\":2,\"name\":\"Hipertens\u00e3o e diabetes na terceira idade: Como cuidar da sa\u00fade do idoso\"}]},{\"@type\":\"WebSite\",\"@id\":\"https:\/\/www.fsfx.com.br\/usisaude\/#website\",\"url\":\"https:\/\/www.fsfx.com.br\/usisaude\/\",\"name\":\"Usisa\u00fade\",\"description\":\"Somos a Usisa\u00fade, uma operadora de planos de sa\u00fade da Funda\u00e7\u00e3o S\u00e3o Francisco Xavier (FSFX), a maior em modalidade filantr\u00f3pica do pa\u00eds.\",\"publisher\":{\"@id\":\"https:\/\/www.fsfx.com.br\/usisaude\/#organization\"},\"potentialAction\":[{\"@type\":\"SearchAction\",\"target\":{\"@type\":\"EntryPoint\",\"urlTemplate\":\"https:\/\/www.fsfx.com.br\/usisaude\/?s={search_term_string}\"},\"query-input\":{\"@type\":\"PropertyValueSpecification\",\"valueRequired\":true,\"valueName\":\"search_term_string\"}}],\"inLanguage\":\"pt-BR\"},{\"@type\":\"Organization\",\"@id\":\"https:\/\/www.fsfx.com.br\/usisaude\/#organization\",\"name\":\"Usisa\u00fade\",\"url\":\"https:\/\/www.fsfx.com.br\/usisaude\/\",\"logo\":{\"@type\":\"ImageObject\",\"inLanguage\":\"pt-BR\",\"@id\":\"https:\/\/www.fsfx.com.br\/usisaude\/#\/schema\/logo\/image\/\",\"url\":\"https:\/\/www.fsfx.com.br\/usisaude\/wp-content\/uploads\/sites\/6\/2022\/03\/logo-ususaude-1.svg\",\"contentUrl\":\"https:\/\/www.fsfx.com.br\/usisaude\/wp-content\/uploads\/sites\/6\/2022\/03\/logo-ususaude-1.svg\",\"width\":445,\"height\":196,\"caption\":\"Usisa\u00fade\"},\"image\":{\"@id\":\"https:\/\/www.fsfx.com.br\/usisaude\/#\/schema\/logo\/image\/\"}},{\"@type\":\"Person\",\"@id\":\"\",\"url\":\"https:\/\/www.fsfx.com.br\/usisaude\/author\/\"}]}<\/script>\n<!-- \/ Yoast SEO plugin. -->","yoast_head_json":{"title":"Como cuidar da hipertens\u00e3o e diabetes na terceira idade\u00a0","description":"Entenda agora o impacto da hipertens\u00e3o e diabetes na terceira idade e como prevenir e cuidar dos idosos com estas doen\u00e7as cr\u00f4nicas.","robots":{"index":"index","follow":"follow","max-snippet":"max-snippet:-1","max-image-preview":"max-image-preview:large","max-video-preview":"max-video-preview:-1"},"canonical":"https:\/\/www.fsfx.com.br\/usisaude\/hipertensao-e-diabetes-na-terceira-idade\/","og_locale":"pt_BR","og_type":"article","og_title":"Como cuidar da hipertens\u00e3o e diabetes na terceira idade\u00a0","og_description":"Entenda agora o impacto da hipertens\u00e3o e diabetes na terceira idade e como prevenir e cuidar dos idosos com estas doen\u00e7as cr\u00f4nicas.","og_url":"https:\/\/www.fsfx.com.br\/usisaude\/hipertensao-e-diabetes-na-terceira-idade\/","og_site_name":"Usisa\u00fade","article_published_time":"2016-05-13T13:09:04+00:00","article_modified_time":"2024-09-12T18:08:31+00:00","twitter_card":"summary_large_image","twitter_misc":{"Escrito por":"","Est. tempo de leitura":"5 minutos"},"schema":{"@context":"https:\/\/schema.org","@graph":[{"@type":"Article","@id":"https:\/\/www.fsfx.com.br\/usisaude\/hipertensao-e-diabetes-na-terceira-idade\/#article","isPartOf":{"@id":"https:\/\/www.fsfx.com.br\/usisaude\/hipertensao-e-diabetes-na-terceira-idade\/"},"author":{"name":"","@id":""},"headline":"Hipertens\u00e3o e diabetes na terceira idade: Como cuidar da sa\u00fade do idoso","datePublished":"2016-05-13T13:09:04+00:00","dateModified":"2024-09-12T18:08:31+00:00","mainEntityOfPage":{"@id":"https:\/\/www.fsfx.com.br\/usisaude\/hipertensao-e-diabetes-na-terceira-idade\/"},"wordCount":1100,"publisher":{"@id":"https:\/\/www.fsfx.com.br\/usisaude\/#organization"},"image":{"@id":"https:\/\/www.fsfx.com.br\/usisaude\/hipertensao-e-diabetes-na-terceira-idade\/#primaryimage"},"thumbnailUrl":"","keywords":["diabetes","sa\u00fade do idoso"],"articleSection":["Not\u00edcias"],"inLanguage":"pt-BR"},{"@type":"WebPage","@id":"https:\/\/www.fsfx.com.br\/usisaude\/hipertensao-e-diabetes-na-terceira-idade\/","url":"https:\/\/www.fsfx.com.br\/usisaude\/hipertensao-e-diabetes-na-terceira-idade\/","name":"Como cuidar da hipertens\u00e3o e diabetes na terceira idade\u00a0","isPartOf":{"@id":"https:\/\/www.fsfx.com.br\/usisaude\/#website"},"primaryImageOfPage":{"@id":"https:\/\/www.fsfx.com.br\/usisaude\/hipertensao-e-diabetes-na-terceira-idade\/#primaryimage"},"image":{"@id":"https:\/\/www.fsfx.com.br\/usisaude\/hipertensao-e-diabetes-na-terceira-idade\/#primaryimage"},"thumbnailUrl":"","datePublished":"2016-05-13T13:09:04+00:00","dateModified":"2024-09-12T18:08:31+00:00","description":"Entenda agora o impacto da hipertens\u00e3o e diabetes na terceira idade e como prevenir e cuidar dos idosos com estas doen\u00e7as cr\u00f4nicas.","breadcrumb":{"@id":"https:\/\/www.fsfx.com.br\/usisaude\/hipertensao-e-diabetes-na-terceira-idade\/#breadcrumb"},"inLanguage":"pt-BR","potentialAction":[{"@type":"ReadAction","target":["https:\/\/www.fsfx.com.br\/usisaude\/hipertensao-e-diabetes-na-terceira-idade\/"]}]},{"@type":"ImageObject","inLanguage":"pt-BR","@id":"https:\/\/www.fsfx.com.br\/usisaude\/hipertensao-e-diabetes-na-terceira-idade\/#primaryimage","url":"","contentUrl":""},{"@type":"BreadcrumbList","@id":"https:\/\/www.fsfx.com.br\/usisaude\/hipertensao-e-diabetes-na-terceira-idade\/#breadcrumb","itemListElement":[{"@type":"ListItem","position":1,"name":"In\u00edcio","item":"https:\/\/www.fsfx.com.br\/usisaude\/"},{"@type":"ListItem","position":2,"name":"Hipertens\u00e3o e diabetes na terceira idade: Como cuidar da sa\u00fade do idoso"}]},{"@type":"WebSite","@id":"https:\/\/www.fsfx.com.br\/usisaude\/#website","url":"https:\/\/www.fsfx.com.br\/usisaude\/","name":"Usisa\u00fade","description":"Somos a Usisa\u00fade, uma operadora de planos de sa\u00fade da Funda\u00e7\u00e3o S\u00e3o Francisco Xavier (FSFX), a maior em modalidade filantr\u00f3pica do pa\u00eds.","publisher":{"@id":"https:\/\/www.fsfx.com.br\/usisaude\/#organization"},"potentialAction":[{"@type":"SearchAction","target":{"@type":"EntryPoint","urlTemplate":"https:\/\/www.fsfx.com.br\/usisaude\/?s={search_term_string}"},"query-input":{"@type":"PropertyValueSpecification","valueRequired":true,"valueName":"search_term_string"}}],"inLanguage":"pt-BR"},{"@type":"Organization","@id":"https:\/\/www.fsfx.com.br\/usisaude\/#organization","name":"Usisa\u00fade","url":"https:\/\/www.fsfx.com.br\/usisaude\/","logo":{"@type":"ImageObject","inLanguage":"pt-BR","@id":"https:\/\/www.fsfx.com.br\/usisaude\/#\/schema\/logo\/image\/","url":"https:\/\/www.fsfx.com.br\/usisaude\/wp-content\/uploads\/sites\/6\/2022\/03\/logo-ususaude-1.svg","contentUrl":"https:\/\/www.fsfx.com.br\/usisaude\/wp-content\/uploads\/sites\/6\/2022\/03\/logo-ususaude-1.svg","width":445,"height":196,"caption":"Usisa\u00fade"},"image":{"@id":"https:\/\/www.fsfx.com.br\/usisaude\/#\/schema\/logo\/image\/"}},{"@type":"Person","@id":"","url":"https:\/\/www.fsfx.com.br\/usisaude\/author\/"}]}},"_links":{"self":[{"href":"https:\/\/www.fsfx.com.br\/usisaude\/wp-json\/wp\/v2\/posts\/1449","targetHints":{"allow":["GET"]}}],"collection":[{"href":"https:\/\/www.fsfx.com.br\/usisaude\/wp-json\/wp\/v2\/posts"}],"about":[{"href":"https:\/\/www.fsfx.com.br\/usisaude\/wp-json\/wp\/v2\/types\/post"}],"author":[{"embeddable":true,"href":"https:\/\/www.fsfx.com.br\/usisaude\/wp-json\/wp\/v2\/users\/9"}],"replies":[{"embeddable":true,"href":"https:\/\/www.fsfx.com.br\/usisaude\/wp-json\/wp\/v2\/comments?post=1449"}],"version-history":[{"count":1,"href":"https:\/\/www.fsfx.com.br\/usisaude\/wp-json\/wp\/v2\/posts\/1449\/revisions"}],"predecessor-version":[{"id":10860,"href":"https:\/\/www.fsfx.com.br\/usisaude\/wp-json\/wp\/v2\/posts\/1449\/revisions\/10860"}],"wp:featuredmedia":[{"embeddable":true,"href":"https:\/\/www.fsfx.com.br\/usisaude\/wp-json\/"}],"wp:attachment":[{"href":"https:\/\/www.fsfx.com.br\/usisaude\/wp-json\/wp\/v2\/media?parent=1449"}],"wp:term":[{"taxonomy":"category","embeddable":true,"href":"https:\/\/www.fsfx.com.br\/usisaude\/wp-json\/wp\/v2\/categories?post=1449"},{"taxonomy":"post_tag","embeddable":true,"href":"https:\/\/www.fsfx.com.br\/usisaude\/wp-json\/wp\/v2\/tags?post=1449"}],"curies":[{"name":"wp","href":"https:\/\/api.w.org\/{rel}","templated":true}]}}