{"id":1682,"date":"2016-03-11T10:30:07","date_gmt":"2016-03-11T10:30:07","guid":{"rendered":"http:\/\/usisaude.boltbrasil.com.br\/?p=1682"},"modified":"2024-09-12T15:08:51","modified_gmt":"2024-09-12T18:08:51","slug":"o-homem-e-a-saude","status":"publish","type":"post","link":"https:\/\/www.fsfx.com.br\/usisaude\/o-homem-e-a-saude\/","title":{"rendered":"O homem e a sa\u00fade"},"content":{"rendered":"<p><span style=\"font-weight: 400\">Tempo de leitura: 4 minutos.<\/span><\/p>\n<p><strong>Conte\u00fado atualizado em 25\/11\/2020<\/strong><\/p>\n<p><a href=\"http:\/\/atituderimacomsaude.com.br\/novembro-azul-saude-do-homem\/\"><span style=\"font-weight: 400\">Novembro<\/span><\/a><span style=\"font-weight: 400\"> \u00e9 o m\u00eas marcado pela campanha de conscientiza\u00e7\u00e3o a respeito de doen\u00e7as masculinas, com \u00eanfase na preven\u00e7\u00e3o e diagn\u00f3stico precoce do c\u00e2ncer de pr\u00f3stata, e \u00e9 simbolizado pela cor azul. \u00c9 tamb\u00e9m um momento oportuno para refor\u00e7ar a aten\u00e7\u00e3o sobre os cuidados referentes \u00e0 sa\u00fade do homem, de maneira global.\u00a0<\/span><\/p>\n<p><span style=\"font-weight: 400\">A seguir, vamos refor\u00e7ar a preocupa\u00e7\u00e3o e incentivo a discuss\u00f5es sobre o tema, que deve se manter durante todo o ano!<\/span><\/p>\n<h3><b>Aten\u00e7\u00e3o \u00e0s estat\u00edsticas!<\/b><\/h3>\n<p><span style=\"font-weight: 400\">Os homens tendem a ser mais vulner\u00e1veis \u00e0s doen\u00e7as, principalmente a enfermidades cr\u00f4nicas e graves, situa\u00e7\u00f5es de risco, justificando sua menor expectativa de vida. De acordo com os dados do Instituto Brasileiro de Geografia e Estat\u00edstica (IBGE), em 2018, a expectativa de vida entre os homens era de 7,1 anos a menos do que a das mulheres. Enquanto as mulheres vivem em m\u00e9dia 79,9 anos, homens tem expectativa de vida de 72,8 anos.<\/span><\/p>\n<p><span style=\"font-weight: 400\">\u00c9 poss\u00edvel observar que parcela significativa da popula\u00e7\u00e3o masculina enxerga o cuidado \u00e0 sa\u00fade como algo que n\u00e3o \u00e9 t\u00edpico da masculinidade, o que resulta em uma menor procura aos servi\u00e7os de sa\u00fade e atraso no diagn\u00f3stico de determinadas doen\u00e7as.\u00a0<\/span><\/p>\n<p><span style=\"font-weight: 400\">Segundo dados de um levantamento realizado do Minist\u00e9rio da Sa\u00fade, na faixa et\u00e1ria de 20 a 59 anos, em compara\u00e7\u00e3o com mulheres, os homens morrem mais por causas externas, como acidentes de tr\u00e2nsito, acidentes de trabalho e les\u00f5es por viol\u00eancia. Em segundo lugar, observam-se \u00f3bitos por doen\u00e7as do aparelho circulat\u00f3rio, seguidas das neoplasias (tumores). Vale destacar a incid\u00eancia <\/span><a href=\"http:\/\/atituderimacomsaude.com.br\/novembro-azul-saude-do-homem\/\"><span style=\"font-weight: 400\">do c\u00e2ncer de pr\u00f3stata<\/span><\/a><span style=\"font-weight: 400\">, por ser o segundo mais frequente entre os homens, por haver 90% de chances de cura quando diagnosticado precocemente.\u00a0<\/span><\/p>\n<h2><strong>Import\u00e2ncia do acompanhamento m\u00e9dico regular<\/strong><\/h2>\n<p><span style=\"font-weight: 400\">Uma poss\u00edvel explica\u00e7\u00e3o para esses n\u00fameros \u00e9 o fato de os homens terem mais receio de descobrir doen\u00e7as e, consequentemente, n\u00e3o realizarem consultas e nem fazerem exames progn\u00f3sticos. Al\u00e9m disso, geralmente, t\u00eam mais dificuldade em seguir recomenda\u00e7\u00f5es m\u00e9dicas e est\u00e3o envolvidos em grande parte das situa\u00e7\u00f5es de viol\u00eancia.<\/span><\/p>\n<p><span style=\"font-weight: 400\">Apesar da resist\u00eancia em cuidar da sa\u00fade, uma gera\u00e7\u00e3o de homens tem buscado por maior qualidade de vida, longevidade e uma vida mais saud\u00e1vel. Manter uma dieta rica em frutas, verduras, legumes, gr\u00e3os e cereais integrais, e reduzir o consumo de alimentos industrializados, bem como gordura, a\u00e7\u00facar e sal, ajuda a diminui o risco de desenvolvimento de diversas doen\u00e7as, inclusive o c\u00e2ncer. Para contribuir ainda mais com a melhoria da sa\u00fade, associar a pr\u00e1tica regular de exerc\u00edcios f\u00edsicos e o abandono do tabaco, s\u00e3o fundamentais.<\/span><\/p>\n<p><span style=\"font-weight: 400\">Tendo como conhecimento todo esse cen\u00e1rio, torna-se essencial ter campanhas e movimentos que estimulem a preven\u00e7\u00e3o e promo\u00e7\u00e3o da sa\u00fade, que traga a conscientiza\u00e7\u00e3o sobre diferentes tipos de doen\u00e7as e contribua para que a popula\u00e7\u00e3o masculina v\u00e1 ao<\/span> <span style=\"font-weight: 400\">m\u00e9dico regularmente e realize os exames de rotina. A aten\u00e7\u00e3o \u00e0 sa\u00fade deve ser integral e abranger da inf\u00e2ncia \u00e0 velhice!<\/span><\/p>\n<p><span style=\"font-weight: 400\">Para saber mais sobre cuidados referentes \u00e0 sa\u00fade e qualidade de vida, continue no blog e saiba mais!<\/span><\/p>\n<p><b>Refer\u00eancias:<\/b><\/p>\n<p><span style=\"font-weight: 400\">AG\u00caNCIA IBGE. <\/span><b>Em 2018, expectativa de vida era de 76,3 anos<\/b><span style=\"font-weight: 400\">. Dispon\u00edvel em: https:\/\/agenciadenoticias.ibge.gov.br\/agencia-sala-de-imprensa\/2013-agencia-de-noticias\/releases\/26104-em-2018-expectativa-de-vida-era-de-76-3-anos. Acesso em: 25 nov. 2020.<\/span><\/p>\n<p><span style=\"font-weight: 400\">INSTITUTO NACIONAL DO C\u00c2NCER (INCA). <\/span><b>Estimativa 2020<\/b><span style=\"font-weight: 400\">. Dispon\u00edvel em: https:\/\/www.inca.gov.br\/estimativa\/introducao. Acesso em: 25 nov. 2020.<\/span><\/p>\n<p><span style=\"font-weight: 400\">JORNAL NH. <\/span><b>No Brasil, homens morrem mais por causas externas e doen\u00e7as circulat\u00f3rias<\/b><span style=\"font-weight: 400\">. Dispon\u00edvel em: https:\/\/www.jornalnh.com.br\/2017\/07\/vida\/viver_com_saude\/2142376-no-brasil-homens-morrem-mais-por-causas-externas-e-doencas-circulatorias.html. Acesso em: 25 nov. 2020.<\/span><\/p>\n<p><span style=\"font-weight: 400\">MINIST\u00c9RIO DA SA\u00daDE. <\/span><b>Perfil da morbimortalidade masculina no Brasil<\/b><span style=\"font-weight: 400\">. Dispon\u00edvel em: http:\/\/bvsms.saude.gov.br\/bvs\/publicacoes\/perfil_morbimortalidade_masculina_brasil.pdf. Acesso em: 25 nov. 2020.<\/span><\/p>\n","protected":false},"excerpt":{"rendered":"<p>Tempo de leitura: 4 minutos. Conte\u00fado atualizado em 25\/11\/2020 Novembro \u00e9 o m\u00eas marcado pela campanha de conscientiza\u00e7\u00e3o a respeito de doen\u00e7as masculinas, com \u00eanfase na preven\u00e7\u00e3o e diagn\u00f3stico precoce do c\u00e2ncer de pr\u00f3stata, e \u00e9 simbolizado pela cor azul. \u00c9 tamb\u00e9m um momento oportuno para refor\u00e7ar a aten\u00e7\u00e3o sobre os cuidados referentes \u00e0 sa\u00fade [&hellip;]<\/p>\n","protected":false},"author":9,"featured_media":4079,"comment_status":"open","ping_status":"open","sticky":false,"template":"","format":"standard","meta":{"_acf_changed":false,"site-sidebar-layout":"default","site-content-layout":"","ast-site-content-layout":"default","site-content-style":"default","site-sidebar-style":"default","ast-global-header-display":"","ast-banner-title-visibility":"","ast-main-header-display":"","ast-hfb-above-header-display":"","ast-hfb-below-header-display":"","ast-hfb-mobile-header-display":"","site-post-title":"","ast-breadcrumbs-content":"","ast-featured-img":"","footer-sml-layout":"","theme-transparent-header-meta":"","adv-header-id-meta":"","stick-header-meta":"","header-above-stick-meta":"","header-main-stick-meta":"","header-below-stick-meta":"","astra-migrate-meta-layouts":"default","ast-page-background-enabled":"default","ast-page-background-meta":{"desktop":{"background-color":"var(--ast-global-color-4)","background-image":"","background-repeat":"repeat","background-position":"center center","background-size":"auto","background-attachment":"scroll","background-type":"","background-media":"","overlay-type":"","overlay-color":"","overlay-opacity":"","overlay-gradient":""},"tablet":{"background-color":"","background-image":"","background-repeat":"repeat","background-position":"center center","background-size":"auto","background-attachment":"scroll","background-type":"","background-media":"","overlay-type":"","overlay-color":"","overlay-opacity":"","overlay-gradient":""},"mobile":{"background-color":"","background-image":"","background-repeat":"repeat","background-position":"center center","background-size":"auto","background-attachment":"scroll","background-type":"","background-media":"","overlay-type":"","overlay-color":"","overlay-opacity":"","overlay-gradient":""}},"ast-content-background-meta":{"desktop":{"background-color":"var(--ast-global-color-5)","background-image":"","background-repeat":"repeat","background-position":"center center","background-size":"auto","background-attachment":"scroll","background-type":"","background-media":"","overlay-type":"","overlay-color":"","overlay-opacity":"","overlay-gradient":""},"tablet":{"background-color":"var(--ast-global-color-5)","background-image":"","background-repeat":"repeat","background-position":"center center","background-size":"auto","background-attachment":"scroll","background-type":"","background-media":"","overlay-type":"","overlay-color":"","overlay-opacity":"","overlay-gradient":""},"mobile":{"background-color":"var(--ast-global-color-5)","background-image":"","background-repeat":"repeat","background-position":"center center","background-size":"auto","background-attachment":"scroll","background-type":"","background-media":"","overlay-type":"","overlay-color":"","overlay-opacity":"","overlay-gradient":""}},"footnotes":""},"categories":[1],"tags":[86,97,62,106],"class_list":["post-1682","post","type-post","status-publish","format-standard","has-post-thumbnail","hentry","category-noticias","tag-alimentacao-saudavel","tag-atividade-fisica","tag-exames-preventivos","tag-saude-do-homem"],"acf":[],"yoast_head":"<!-- This site is optimized with the Yoast SEO plugin v26.9 - https:\/\/yoast.com\/product\/yoast-seo-wordpress\/ -->\n<title>O homem e a sa\u00fade - Usisa\u00fade<\/title>\n<meta name=\"robots\" content=\"index, follow, max-snippet:-1, max-image-preview:large, max-video-preview:-1\" \/>\n<link rel=\"canonical\" href=\"https:\/\/www.fsfx.com.br\/usisaude\/o-homem-e-a-saude\/\" \/>\n<meta property=\"og:locale\" content=\"pt_BR\" \/>\n<meta property=\"og:type\" content=\"article\" \/>\n<meta property=\"og:title\" content=\"O homem e a sa\u00fade - Usisa\u00fade\" \/>\n<meta property=\"og:description\" content=\"Tempo de leitura: 4 minutos. Conte\u00fado atualizado em 25\/11\/2020 Novembro \u00e9 o m\u00eas marcado pela campanha de conscientiza\u00e7\u00e3o a respeito de doen\u00e7as masculinas, com \u00eanfase na preven\u00e7\u00e3o e diagn\u00f3stico precoce do c\u00e2ncer de pr\u00f3stata, e \u00e9 simbolizado pela cor azul. \u00c9 tamb\u00e9m um momento oportuno para refor\u00e7ar a aten\u00e7\u00e3o sobre os cuidados referentes \u00e0 sa\u00fade [&hellip;]\" \/>\n<meta property=\"og:url\" content=\"https:\/\/www.fsfx.com.br\/usisaude\/o-homem-e-a-saude\/\" \/>\n<meta property=\"og:site_name\" content=\"Usisa\u00fade\" \/>\n<meta property=\"article:published_time\" content=\"2016-03-11T10:30:07+00:00\" \/>\n<meta property=\"article:modified_time\" content=\"2024-09-12T18:08:51+00:00\" \/>\n<meta name=\"twitter:card\" content=\"summary_large_image\" \/>\n<meta name=\"twitter:label1\" content=\"Escrito por\" \/>\n\t<meta name=\"twitter:data1\" content=\"\" \/>\n\t<meta name=\"twitter:label2\" content=\"Est. tempo de leitura\" \/>\n\t<meta name=\"twitter:data2\" content=\"3 minutos\" \/>\n<script type=\"application\/ld+json\" class=\"yoast-schema-graph\">{\"@context\":\"https:\/\/schema.org\",\"@graph\":[{\"@type\":\"Article\",\"@id\":\"https:\/\/www.fsfx.com.br\/usisaude\/o-homem-e-a-saude\/#article\",\"isPartOf\":{\"@id\":\"https:\/\/www.fsfx.com.br\/usisaude\/o-homem-e-a-saude\/\"},\"author\":{\"name\":\"\",\"@id\":\"\"},\"headline\":\"O homem e a sa\u00fade\",\"datePublished\":\"2016-03-11T10:30:07+00:00\",\"dateModified\":\"2024-09-12T18:08:51+00:00\",\"mainEntityOfPage\":{\"@id\":\"https:\/\/www.fsfx.com.br\/usisaude\/o-homem-e-a-saude\/\"},\"wordCount\":674,\"commentCount\":0,\"publisher\":{\"@id\":\"https:\/\/www.fsfx.com.br\/usisaude\/#organization\"},\"image\":{\"@id\":\"https:\/\/www.fsfx.com.br\/usisaude\/o-homem-e-a-saude\/#primaryimage\"},\"thumbnailUrl\":\"\",\"keywords\":[\"alimenta\u00e7\u00e3o saud\u00e1vel\",\"atividade f\u00edsica\",\"exames preventivos\",\"sa\u00fade do homem\"],\"articleSection\":[\"Not\u00edcias\"],\"inLanguage\":\"pt-BR\",\"potentialAction\":[{\"@type\":\"CommentAction\",\"name\":\"Comment\",\"target\":[\"https:\/\/www.fsfx.com.br\/usisaude\/o-homem-e-a-saude\/#respond\"]}]},{\"@type\":\"WebPage\",\"@id\":\"https:\/\/www.fsfx.com.br\/usisaude\/o-homem-e-a-saude\/\",\"url\":\"https:\/\/www.fsfx.com.br\/usisaude\/o-homem-e-a-saude\/\",\"name\":\"O homem e a sa\u00fade - Usisa\u00fade\",\"isPartOf\":{\"@id\":\"https:\/\/www.fsfx.com.br\/usisaude\/#website\"},\"primaryImageOfPage\":{\"@id\":\"https:\/\/www.fsfx.com.br\/usisaude\/o-homem-e-a-saude\/#primaryimage\"},\"image\":{\"@id\":\"https:\/\/www.fsfx.com.br\/usisaude\/o-homem-e-a-saude\/#primaryimage\"},\"thumbnailUrl\":\"\",\"datePublished\":\"2016-03-11T10:30:07+00:00\",\"dateModified\":\"2024-09-12T18:08:51+00:00\",\"breadcrumb\":{\"@id\":\"https:\/\/www.fsfx.com.br\/usisaude\/o-homem-e-a-saude\/#breadcrumb\"},\"inLanguage\":\"pt-BR\",\"potentialAction\":[{\"@type\":\"ReadAction\",\"target\":[\"https:\/\/www.fsfx.com.br\/usisaude\/o-homem-e-a-saude\/\"]}]},{\"@type\":\"ImageObject\",\"inLanguage\":\"pt-BR\",\"@id\":\"https:\/\/www.fsfx.com.br\/usisaude\/o-homem-e-a-saude\/#primaryimage\",\"url\":\"\",\"contentUrl\":\"\"},{\"@type\":\"BreadcrumbList\",\"@id\":\"https:\/\/www.fsfx.com.br\/usisaude\/o-homem-e-a-saude\/#breadcrumb\",\"itemListElement\":[{\"@type\":\"ListItem\",\"position\":1,\"name\":\"In\u00edcio\",\"item\":\"https:\/\/www.fsfx.com.br\/usisaude\/\"},{\"@type\":\"ListItem\",\"position\":2,\"name\":\"O homem e a sa\u00fade\"}]},{\"@type\":\"WebSite\",\"@id\":\"https:\/\/www.fsfx.com.br\/usisaude\/#website\",\"url\":\"https:\/\/www.fsfx.com.br\/usisaude\/\",\"name\":\"Usisa\u00fade\",\"description\":\"Somos a Usisa\u00fade, uma operadora de planos de sa\u00fade da Funda\u00e7\u00e3o S\u00e3o Francisco Xavier (FSFX), a maior em modalidade filantr\u00f3pica do pa\u00eds.\",\"publisher\":{\"@id\":\"https:\/\/www.fsfx.com.br\/usisaude\/#organization\"},\"potentialAction\":[{\"@type\":\"SearchAction\",\"target\":{\"@type\":\"EntryPoint\",\"urlTemplate\":\"https:\/\/www.fsfx.com.br\/usisaude\/?s={search_term_string}\"},\"query-input\":{\"@type\":\"PropertyValueSpecification\",\"valueRequired\":true,\"valueName\":\"search_term_string\"}}],\"inLanguage\":\"pt-BR\"},{\"@type\":\"Organization\",\"@id\":\"https:\/\/www.fsfx.com.br\/usisaude\/#organization\",\"name\":\"Usisa\u00fade\",\"url\":\"https:\/\/www.fsfx.com.br\/usisaude\/\",\"logo\":{\"@type\":\"ImageObject\",\"inLanguage\":\"pt-BR\",\"@id\":\"https:\/\/www.fsfx.com.br\/usisaude\/#\/schema\/logo\/image\/\",\"url\":\"https:\/\/www.fsfx.com.br\/usisaude\/wp-content\/uploads\/sites\/6\/2022\/03\/logo-ususaude-1.svg\",\"contentUrl\":\"https:\/\/www.fsfx.com.br\/usisaude\/wp-content\/uploads\/sites\/6\/2022\/03\/logo-ususaude-1.svg\",\"width\":445,\"height\":196,\"caption\":\"Usisa\u00fade\"},\"image\":{\"@id\":\"https:\/\/www.fsfx.com.br\/usisaude\/#\/schema\/logo\/image\/\"}},{\"@type\":\"Person\",\"@id\":\"\",\"url\":\"https:\/\/www.fsfx.com.br\/usisaude\/author\/\"}]}<\/script>\n<!-- \/ Yoast SEO plugin. -->","yoast_head_json":{"title":"O homem e a sa\u00fade - Usisa\u00fade","robots":{"index":"index","follow":"follow","max-snippet":"max-snippet:-1","max-image-preview":"max-image-preview:large","max-video-preview":"max-video-preview:-1"},"canonical":"https:\/\/www.fsfx.com.br\/usisaude\/o-homem-e-a-saude\/","og_locale":"pt_BR","og_type":"article","og_title":"O homem e a sa\u00fade - Usisa\u00fade","og_description":"Tempo de leitura: 4 minutos. Conte\u00fado atualizado em 25\/11\/2020 Novembro \u00e9 o m\u00eas marcado pela campanha de conscientiza\u00e7\u00e3o a respeito de doen\u00e7as masculinas, com \u00eanfase na preven\u00e7\u00e3o e diagn\u00f3stico precoce do c\u00e2ncer de pr\u00f3stata, e \u00e9 simbolizado pela cor azul. \u00c9 tamb\u00e9m um momento oportuno para refor\u00e7ar a aten\u00e7\u00e3o sobre os cuidados referentes \u00e0 sa\u00fade [&hellip;]","og_url":"https:\/\/www.fsfx.com.br\/usisaude\/o-homem-e-a-saude\/","og_site_name":"Usisa\u00fade","article_published_time":"2016-03-11T10:30:07+00:00","article_modified_time":"2024-09-12T18:08:51+00:00","twitter_card":"summary_large_image","twitter_misc":{"Escrito por":"","Est. tempo de leitura":"3 minutos"},"schema":{"@context":"https:\/\/schema.org","@graph":[{"@type":"Article","@id":"https:\/\/www.fsfx.com.br\/usisaude\/o-homem-e-a-saude\/#article","isPartOf":{"@id":"https:\/\/www.fsfx.com.br\/usisaude\/o-homem-e-a-saude\/"},"author":{"name":"","@id":""},"headline":"O homem e a sa\u00fade","datePublished":"2016-03-11T10:30:07+00:00","dateModified":"2024-09-12T18:08:51+00:00","mainEntityOfPage":{"@id":"https:\/\/www.fsfx.com.br\/usisaude\/o-homem-e-a-saude\/"},"wordCount":674,"commentCount":0,"publisher":{"@id":"https:\/\/www.fsfx.com.br\/usisaude\/#organization"},"image":{"@id":"https:\/\/www.fsfx.com.br\/usisaude\/o-homem-e-a-saude\/#primaryimage"},"thumbnailUrl":"","keywords":["alimenta\u00e7\u00e3o saud\u00e1vel","atividade f\u00edsica","exames preventivos","sa\u00fade do homem"],"articleSection":["Not\u00edcias"],"inLanguage":"pt-BR","potentialAction":[{"@type":"CommentAction","name":"Comment","target":["https:\/\/www.fsfx.com.br\/usisaude\/o-homem-e-a-saude\/#respond"]}]},{"@type":"WebPage","@id":"https:\/\/www.fsfx.com.br\/usisaude\/o-homem-e-a-saude\/","url":"https:\/\/www.fsfx.com.br\/usisaude\/o-homem-e-a-saude\/","name":"O homem e a sa\u00fade - Usisa\u00fade","isPartOf":{"@id":"https:\/\/www.fsfx.com.br\/usisaude\/#website"},"primaryImageOfPage":{"@id":"https:\/\/www.fsfx.com.br\/usisaude\/o-homem-e-a-saude\/#primaryimage"},"image":{"@id":"https:\/\/www.fsfx.com.br\/usisaude\/o-homem-e-a-saude\/#primaryimage"},"thumbnailUrl":"","datePublished":"2016-03-11T10:30:07+00:00","dateModified":"2024-09-12T18:08:51+00:00","breadcrumb":{"@id":"https:\/\/www.fsfx.com.br\/usisaude\/o-homem-e-a-saude\/#breadcrumb"},"inLanguage":"pt-BR","potentialAction":[{"@type":"ReadAction","target":["https:\/\/www.fsfx.com.br\/usisaude\/o-homem-e-a-saude\/"]}]},{"@type":"ImageObject","inLanguage":"pt-BR","@id":"https:\/\/www.fsfx.com.br\/usisaude\/o-homem-e-a-saude\/#primaryimage","url":"","contentUrl":""},{"@type":"BreadcrumbList","@id":"https:\/\/www.fsfx.com.br\/usisaude\/o-homem-e-a-saude\/#breadcrumb","itemListElement":[{"@type":"ListItem","position":1,"name":"In\u00edcio","item":"https:\/\/www.fsfx.com.br\/usisaude\/"},{"@type":"ListItem","position":2,"name":"O homem e a sa\u00fade"}]},{"@type":"WebSite","@id":"https:\/\/www.fsfx.com.br\/usisaude\/#website","url":"https:\/\/www.fsfx.com.br\/usisaude\/","name":"Usisa\u00fade","description":"Somos a Usisa\u00fade, uma operadora de planos de sa\u00fade da Funda\u00e7\u00e3o S\u00e3o Francisco Xavier (FSFX), a maior em modalidade filantr\u00f3pica do pa\u00eds.","publisher":{"@id":"https:\/\/www.fsfx.com.br\/usisaude\/#organization"},"potentialAction":[{"@type":"SearchAction","target":{"@type":"EntryPoint","urlTemplate":"https:\/\/www.fsfx.com.br\/usisaude\/?s={search_term_string}"},"query-input":{"@type":"PropertyValueSpecification","valueRequired":true,"valueName":"search_term_string"}}],"inLanguage":"pt-BR"},{"@type":"Organization","@id":"https:\/\/www.fsfx.com.br\/usisaude\/#organization","name":"Usisa\u00fade","url":"https:\/\/www.fsfx.com.br\/usisaude\/","logo":{"@type":"ImageObject","inLanguage":"pt-BR","@id":"https:\/\/www.fsfx.com.br\/usisaude\/#\/schema\/logo\/image\/","url":"https:\/\/www.fsfx.com.br\/usisaude\/wp-content\/uploads\/sites\/6\/2022\/03\/logo-ususaude-1.svg","contentUrl":"https:\/\/www.fsfx.com.br\/usisaude\/wp-content\/uploads\/sites\/6\/2022\/03\/logo-ususaude-1.svg","width":445,"height":196,"caption":"Usisa\u00fade"},"image":{"@id":"https:\/\/www.fsfx.com.br\/usisaude\/#\/schema\/logo\/image\/"}},{"@type":"Person","@id":"","url":"https:\/\/www.fsfx.com.br\/usisaude\/author\/"}]}},"_links":{"self":[{"href":"https:\/\/www.fsfx.com.br\/usisaude\/wp-json\/wp\/v2\/posts\/1682","targetHints":{"allow":["GET"]}}],"collection":[{"href":"https:\/\/www.fsfx.com.br\/usisaude\/wp-json\/wp\/v2\/posts"}],"about":[{"href":"https:\/\/www.fsfx.com.br\/usisaude\/wp-json\/wp\/v2\/types\/post"}],"author":[{"embeddable":true,"href":"https:\/\/www.fsfx.com.br\/usisaude\/wp-json\/wp\/v2\/users\/9"}],"replies":[{"embeddable":true,"href":"https:\/\/www.fsfx.com.br\/usisaude\/wp-json\/wp\/v2\/comments?post=1682"}],"version-history":[{"count":1,"href":"https:\/\/www.fsfx.com.br\/usisaude\/wp-json\/wp\/v2\/posts\/1682\/revisions"}],"predecessor-version":[{"id":10882,"href":"https:\/\/www.fsfx.com.br\/usisaude\/wp-json\/wp\/v2\/posts\/1682\/revisions\/10882"}],"wp:featuredmedia":[{"embeddable":true,"href":"https:\/\/www.fsfx.com.br\/usisaude\/wp-json\/"}],"wp:attachment":[{"href":"https:\/\/www.fsfx.com.br\/usisaude\/wp-json\/wp\/v2\/media?parent=1682"}],"wp:term":[{"taxonomy":"category","embeddable":true,"href":"https:\/\/www.fsfx.com.br\/usisaude\/wp-json\/wp\/v2\/categories?post=1682"},{"taxonomy":"post_tag","embeddable":true,"href":"https:\/\/www.fsfx.com.br\/usisaude\/wp-json\/wp\/v2\/tags?post=1682"}],"curies":[{"name":"wp","href":"https:\/\/api.w.org\/{rel}","templated":true}]}}