{"id":2981,"date":"2016-04-07T19:40:34","date_gmt":"2016-04-07T19:40:34","guid":{"rendered":"http:\/\/www.fsfx.com.br\/atituderimacomsaude\/?p=2981"},"modified":"2016-04-07T19:40:34","modified_gmt":"2016-04-07T19:40:34","slug":"hoje-e-o-dia-mundial-da-saude-viva-2","status":"publish","type":"post","link":"https:\/\/www.fsfx.com.br\/usisaude\/hoje-e-o-dia-mundial-da-saude-viva-2\/","title":{"rendered":"Hoje \u00e9 o Dia Mundial da Sa\u00fade: viva!"},"content":{"rendered":"<p>\u201cA sa\u00fade \u00e9 um estado de completo bem-estar f\u00edsico, mental e social e n\u00e3o apenas a aus\u00eancia de doen\u00e7a ou enfermidade\u201d. Este \u00e9 o conceito adotado pela Organiza\u00e7\u00e3o Mundial da Sa\u00fade (OMS) para definir o que \u00e9 sa\u00fade.<\/p>\n<p>\u00c9 necess\u00e1rio lembrar que cuidar da sa\u00fade vai al\u00e9m de procurar um m\u00e9dico quando algo est\u00e1 fora do controle. O mais importante \u00e9 inserir h\u00e1bitos saud\u00e1veis na sua rotina, de forma que essas atitudes sejam realizadas naturalmente\u00a0ao passar do tempo.<\/p>\n<p>Pra come\u00e7ar, a\u00ed v\u00e3o 12 dicas saud\u00e1veis para comemorar o Dia Mundial da Sa\u00fade:<\/p>\n<h3><strong>1 &#8211; Cuide da sa\u00fade do seu cora\u00e7\u00e3o<\/strong><\/h3>\n<p><a href=\"http:\/\/bit.ly\/1MeAO4v\" rel=\"attachment wp-att-3012\"><img fetchpriority=\"high\" decoding=\"async\" class=\"alignleft wp-image-3012 size-full\" src=\"http:\/\/www.fsfx.com.br\/atituderimacomsaude\/wp-content\/uploads\/2016\/04\/cuidar-1.jpg\" alt=\"Controlar a diabetes, a hipertens\u00e3o, as doen\u00e7as card\u00edacas e a insufici\u00eancia renal cr\u00f4nica \u00e9 a melhor maneira de diminuir as chances de interna\u00e7\u00f5es e reduzir os riscos de complica\u00e7\u00f5es.\" width=\"1200\" height=\"800\" srcset=\"https:\/\/www.fsfx.com.br\/usisaude\/wp-content\/uploads\/sites\/6\/2016\/04\/cuidar-1.jpg 1200w, https:\/\/www.fsfx.com.br\/usisaude\/wp-content\/uploads\/sites\/6\/2016\/04\/cuidar-1-300x200.jpg 300w, https:\/\/www.fsfx.com.br\/usisaude\/wp-content\/uploads\/sites\/6\/2016\/04\/cuidar-1-1024x683.jpg 1024w, https:\/\/www.fsfx.com.br\/usisaude\/wp-content\/uploads\/sites\/6\/2016\/04\/cuidar-1-768x512.jpg 768w\" sizes=\"(max-width: 1200px) 100vw, 1200px\" \/><\/a><\/p>\n<p>Controlar a diabetes, a hipertens\u00e3o, as doen\u00e7as card\u00edacas e a insufici\u00eancia renal cr\u00f4nica \u00e9 uma maneira de diminuir as chances de interna\u00e7\u00f5es e reduzir os riscos de complica\u00e7\u00f5es por essas doen\u00e7as.<\/p>\n<h3><strong>2- Compartilhe experi\u00eancias<\/strong><\/h3>\n<p><a href=\"http:\/\/bit.ly\/1XhtlSI\" rel=\"attachment wp-att-3011\"><img decoding=\"async\" class=\"alignright size-full wp-image-3011\" src=\"http:\/\/www.fsfx.com.br\/atituderimacomsaude\/wp-content\/uploads\/2016\/04\/compartilhar-1.jpg\" alt=\"compartilhar\" width=\"1200\" height=\"800\" srcset=\"https:\/\/www.fsfx.com.br\/usisaude\/wp-content\/uploads\/sites\/6\/2016\/04\/compartilhar-1.jpg 1200w, https:\/\/www.fsfx.com.br\/usisaude\/wp-content\/uploads\/sites\/6\/2016\/04\/compartilhar-1-300x200.jpg 300w, https:\/\/www.fsfx.com.br\/usisaude\/wp-content\/uploads\/sites\/6\/2016\/04\/compartilhar-1-1024x683.jpg 1024w, https:\/\/www.fsfx.com.br\/usisaude\/wp-content\/uploads\/sites\/6\/2016\/04\/compartilhar-1-768x512.jpg 768w\" sizes=\"(max-width: 1200px) 100vw, 1200px\" \/><\/a><\/p>\n<p>Para quem j\u00e1 chegou na melhor idade, \u00e9 ainda mais importante cuidar da sa\u00fade em todos os sentidos, compartilhando\u00a0h\u00e1bitos saud\u00e1veis e prazerosos.<\/p>\n<h3><strong>3 &#8211; Busque uma mente saud\u00e1vel<\/strong><\/h3>\n<p><a href=\"http:\/\/bit.ly\/1ScyzdS\" rel=\"attachment wp-att-3010\"><img decoding=\"async\" class=\"alignright size-full wp-image-3010\" src=\"http:\/\/www.fsfx.com.br\/atituderimacomsaude\/wp-content\/uploads\/2016\/04\/buscar-1.jpg\" alt=\"buscar\" width=\"1200\" height=\"800\" srcset=\"https:\/\/www.fsfx.com.br\/usisaude\/wp-content\/uploads\/sites\/6\/2016\/04\/buscar-1.jpg 1200w, https:\/\/www.fsfx.com.br\/usisaude\/wp-content\/uploads\/sites\/6\/2016\/04\/buscar-1-300x200.jpg 300w, https:\/\/www.fsfx.com.br\/usisaude\/wp-content\/uploads\/sites\/6\/2016\/04\/buscar-1-1024x683.jpg 1024w, https:\/\/www.fsfx.com.br\/usisaude\/wp-content\/uploads\/sites\/6\/2016\/04\/buscar-1-768x512.jpg 768w\" sizes=\"(max-width: 1200px) 100vw, 1200px\" \/><\/a><\/p>\n<p>Cuidar da sa\u00fade da mente \u00e9 a melhor maneira de conquistar um bem-estar di\u00e1rio.<\/p>\n<h3><strong>4 &#8211; Pratique uma alimenta\u00e7\u00e3o saud\u00e1vel todos os dias<\/strong><\/h3>\n<p><a href=\"http:\/\/bit.ly\/1UIPEme\" rel=\"attachment wp-att-3013\"><img loading=\"lazy\" decoding=\"async\" class=\"alignright size-full wp-image-3013\" src=\"http:\/\/www.fsfx.com.br\/atituderimacomsaude\/wp-content\/uploads\/2016\/04\/equilibrar-1.jpg\" alt=\"equilibrar\" width=\"1200\" height=\"800\" srcset=\"https:\/\/www.fsfx.com.br\/usisaude\/wp-content\/uploads\/sites\/6\/2016\/04\/equilibrar-1.jpg 1200w, https:\/\/www.fsfx.com.br\/usisaude\/wp-content\/uploads\/sites\/6\/2016\/04\/equilibrar-1-300x200.jpg 300w, https:\/\/www.fsfx.com.br\/usisaude\/wp-content\/uploads\/sites\/6\/2016\/04\/equilibrar-1-1024x683.jpg 1024w, https:\/\/www.fsfx.com.br\/usisaude\/wp-content\/uploads\/sites\/6\/2016\/04\/equilibrar-1-768x512.jpg 768w\" sizes=\"(max-width: 1200px) 100vw, 1200px\" \/><\/a><\/p>\n<p>Comer bem \u00e9 o primeiro passo para ter dias mais leves e cheios de sa\u00fade.<\/p>\n<h3><strong>5 &#8211; Cuide de voc\u00ea e da sa\u00fade do seu beb\u00ea<\/strong><\/h3>\n<p><a href=\"http:\/\/bit.ly\/208fWhm\" rel=\"attachment wp-att-3014\"><img loading=\"lazy\" decoding=\"async\" class=\"alignright size-full wp-image-3014\" src=\"http:\/\/www.fsfx.com.br\/atituderimacomsaude\/wp-content\/uploads\/2016\/04\/gerar-1.jpg\" alt=\"gerar\" width=\"1200\" height=\"800\" srcset=\"https:\/\/www.fsfx.com.br\/usisaude\/wp-content\/uploads\/sites\/6\/2016\/04\/gerar-1.jpg 1200w, https:\/\/www.fsfx.com.br\/usisaude\/wp-content\/uploads\/sites\/6\/2016\/04\/gerar-1-300x200.jpg 300w, https:\/\/www.fsfx.com.br\/usisaude\/wp-content\/uploads\/sites\/6\/2016\/04\/gerar-1-1024x683.jpg 1024w, https:\/\/www.fsfx.com.br\/usisaude\/wp-content\/uploads\/sites\/6\/2016\/04\/gerar-1-768x512.jpg 768w\" sizes=\"(max-width: 1200px) 100vw, 1200px\" \/><\/a><\/p>\n<p>Dar \u00e0 luz a uma nova vida requer v\u00e1rios cuidados, tanto com a gestante e o parto, quanto com o rec\u00e9m-nascido, a amamenta\u00e7\u00e3o e muito mais.<\/p>\n<h3><strong>6 &#8211; Deixe o cigarro de lado<\/strong><\/h3>\n<p><a href=\"http:\/\/bit.ly\/1REE4X0\"><img loading=\"lazy\" decoding=\"async\" class=\"alignright wp-image-3015 size-full\" src=\"http:\/\/www.fsfx.com.br\/atituderimacomsaude\/wp-content\/uploads\/2016\/04\/inspirar-1.jpg\" alt=\"inspirar\" width=\"1200\" height=\"800\" srcset=\"https:\/\/www.fsfx.com.br\/usisaude\/wp-content\/uploads\/sites\/6\/2016\/04\/inspirar-1.jpg 1200w, https:\/\/www.fsfx.com.br\/usisaude\/wp-content\/uploads\/sites\/6\/2016\/04\/inspirar-1-300x200.jpg 300w, https:\/\/www.fsfx.com.br\/usisaude\/wp-content\/uploads\/sites\/6\/2016\/04\/inspirar-1-1024x683.jpg 1024w, https:\/\/www.fsfx.com.br\/usisaude\/wp-content\/uploads\/sites\/6\/2016\/04\/inspirar-1-768x512.jpg 768w\" sizes=\"(max-width: 1200px) 100vw, 1200px\" \/><\/a><\/p>\n<p>Descubra como \u00e9 bom inspirar novos ares longe do cigarro.<\/p>\n<h3><strong>7 &#8211; N\u00e3o fique parado<\/strong><\/h3>\n<p><a href=\"http:\/\/bit.ly\/208iwUJ\"><img loading=\"lazy\" decoding=\"async\" class=\"alignright wp-image-3016 size-full\" src=\"http:\/\/www.fsfx.com.br\/atituderimacomsaude\/wp-content\/uploads\/2016\/04\/movimentar-1.jpg\" alt=\"movimentar\" width=\"1200\" height=\"800\" srcset=\"https:\/\/www.fsfx.com.br\/usisaude\/wp-content\/uploads\/sites\/6\/2016\/04\/movimentar-1.jpg 1200w, https:\/\/www.fsfx.com.br\/usisaude\/wp-content\/uploads\/sites\/6\/2016\/04\/movimentar-1-300x200.jpg 300w, https:\/\/www.fsfx.com.br\/usisaude\/wp-content\/uploads\/sites\/6\/2016\/04\/movimentar-1-1024x683.jpg 1024w, https:\/\/www.fsfx.com.br\/usisaude\/wp-content\/uploads\/sites\/6\/2016\/04\/movimentar-1-768x512.jpg 768w\" sizes=\"(max-width: 1200px) 100vw, 1200px\" \/><\/a><\/p>\n<p>Para uma rotina saud\u00e1vel \u00e9 preciso praticar atividade f\u00edsica regularmente. Sua sa\u00fade precisa de exerc\u00edcio!<\/p>\n<h3><strong>8 &#8211; Planeje o crescimento da sua fam\u00edlia<\/strong><\/h3>\n<p><a href=\"http:\/\/bit.ly\/1ScG0Ss\"><img loading=\"lazy\" decoding=\"async\" class=\"alignright wp-image-3017 size-full\" src=\"http:\/\/www.fsfx.com.br\/atituderimacomsaude\/wp-content\/uploads\/2016\/04\/planejar-1.jpg\" alt=\"planejar\" width=\"1200\" height=\"800\" srcset=\"https:\/\/www.fsfx.com.br\/usisaude\/wp-content\/uploads\/sites\/6\/2016\/04\/planejar-1.jpg 1200w, https:\/\/www.fsfx.com.br\/usisaude\/wp-content\/uploads\/sites\/6\/2016\/04\/planejar-1-300x200.jpg 300w, https:\/\/www.fsfx.com.br\/usisaude\/wp-content\/uploads\/sites\/6\/2016\/04\/planejar-1-1024x683.jpg 1024w, https:\/\/www.fsfx.com.br\/usisaude\/wp-content\/uploads\/sites\/6\/2016\/04\/planejar-1-768x512.jpg 768w\" sizes=\"(max-width: 1200px) 100vw, 1200px\" \/><\/a><\/p>\n<p>Entender a import\u00e2ncia dos m\u00e9todos dispon\u00edveis de planejamento familiar, permite ao casal escolher o melhor momento para a gravidez com liberdade e consci\u00eancia.<\/p>\n<h3><strong>9 &#8211; Respire melhor<\/strong><\/h3>\n<p><a href=\"http:\/\/bit.ly\/1S2UQBf\" rel=\"attachment wp-att-3018\"><img loading=\"lazy\" decoding=\"async\" class=\"alignright size-full wp-image-3018\" src=\"http:\/\/www.fsfx.com.br\/atituderimacomsaude\/wp-content\/uploads\/2016\/04\/respirar-1.jpg\" alt=\"respirar\" width=\"1200\" height=\"800\" srcset=\"https:\/\/www.fsfx.com.br\/usisaude\/wp-content\/uploads\/sites\/6\/2016\/04\/respirar-1.jpg 1200w, https:\/\/www.fsfx.com.br\/usisaude\/wp-content\/uploads\/sites\/6\/2016\/04\/respirar-1-300x200.jpg 300w, https:\/\/www.fsfx.com.br\/usisaude\/wp-content\/uploads\/sites\/6\/2016\/04\/respirar-1-1024x683.jpg 1024w, https:\/\/www.fsfx.com.br\/usisaude\/wp-content\/uploads\/sites\/6\/2016\/04\/respirar-1-768x512.jpg 768w\" sizes=\"(max-width: 1200px) 100vw, 1200px\" \/><\/a><\/p>\n<p>Prevenir as crises \u00e9 a melhor maneira de controlar a asma e respirar melhor.<\/p>\n<h3><strong>10 &#8211; Conhe\u00e7a melhor as mudan\u00e7as da adolesc\u00eancia<\/strong><\/h3>\n<p><a href=\"http:\/\/bit.ly\/1quG4H3\" rel=\"attachment wp-att-3020\"><img loading=\"lazy\" decoding=\"async\" class=\"alignright size-full wp-image-3020\" src=\"http:\/\/www.fsfx.com.br\/atituderimacomsaude\/wp-content\/uploads\/2016\/04\/transformar-1.jpg\" alt=\"transformar\" width=\"1200\" height=\"800\" srcset=\"https:\/\/www.fsfx.com.br\/usisaude\/wp-content\/uploads\/sites\/6\/2016\/04\/transformar-1.jpg 1200w, https:\/\/www.fsfx.com.br\/usisaude\/wp-content\/uploads\/sites\/6\/2016\/04\/transformar-1-300x200.jpg 300w, https:\/\/www.fsfx.com.br\/usisaude\/wp-content\/uploads\/sites\/6\/2016\/04\/transformar-1-1024x683.jpg 1024w, https:\/\/www.fsfx.com.br\/usisaude\/wp-content\/uploads\/sites\/6\/2016\/04\/transformar-1-768x512.jpg 768w\" sizes=\"(max-width: 1200px) 100vw, 1200px\" \/><\/a><\/p>\n<p>A adolesc\u00eancia \u00e9 um per\u00edodo de transforma\u00e7\u00f5es que envolve toda a fam\u00edlia. Por isso \u00e9 importante conhecer cada detalhe dessa fase para deixar a rotina mais agrad\u00e1vel.<\/p>\n<h3><strong>11 &#8211; Realize exames preventivos no momento certo<\/strong><\/h3>\n<p><a href=\"http:\/\/bit.ly\/1Yfmo4y\" rel=\"attachment wp-att-3009\"><img loading=\"lazy\" decoding=\"async\" class=\"alignright size-full wp-image-3009\" src=\"http:\/\/www.fsfx.com.br\/atituderimacomsaude\/wp-content\/uploads\/2016\/04\/antecipar-1.jpg\" alt=\"antecipar\" width=\"1200\" height=\"800\" srcset=\"https:\/\/www.fsfx.com.br\/usisaude\/wp-content\/uploads\/sites\/6\/2016\/04\/antecipar-1.jpg 1200w, https:\/\/www.fsfx.com.br\/usisaude\/wp-content\/uploads\/sites\/6\/2016\/04\/antecipar-1-300x200.jpg 300w, https:\/\/www.fsfx.com.br\/usisaude\/wp-content\/uploads\/sites\/6\/2016\/04\/antecipar-1-1024x683.jpg 1024w, https:\/\/www.fsfx.com.br\/usisaude\/wp-content\/uploads\/sites\/6\/2016\/04\/antecipar-1-768x512.jpg 768w\" sizes=\"(max-width: 1200px) 100vw, 1200px\" \/><\/a><\/p>\n<p>Preven\u00e7\u00e3o \u00e9 a melhor maneira de manter a sa\u00fade sempre em dia.<\/p>\n<h3><strong>12 &#8211; Supere velhos h\u00e1bitos e previna-se de dores e les\u00f5es<\/strong><\/h3>\n<p><a href=\"http:\/\/bit.ly\/1MSQlqp\"><img loading=\"lazy\" decoding=\"async\" class=\"alignright wp-image-3019 size-full\" src=\"http:\/\/www.fsfx.com.br\/atituderimacomsaude\/wp-content\/uploads\/2016\/04\/shutterstock_221010295.jpg\" alt=\"shutterstock_221010295\" width=\"1200\" height=\"800\" srcset=\"https:\/\/www.fsfx.com.br\/usisaude\/wp-content\/uploads\/sites\/6\/2016\/04\/shutterstock_221010295.jpg 1200w, https:\/\/www.fsfx.com.br\/usisaude\/wp-content\/uploads\/sites\/6\/2016\/04\/shutterstock_221010295-300x200.jpg 300w, https:\/\/www.fsfx.com.br\/usisaude\/wp-content\/uploads\/sites\/6\/2016\/04\/shutterstock_221010295-1024x683.jpg 1024w, https:\/\/www.fsfx.com.br\/usisaude\/wp-content\/uploads\/sites\/6\/2016\/04\/shutterstock_221010295-768x512.jpg 768w\" sizes=\"(max-width: 1200px) 100vw, 1200px\" \/><\/a><\/p>\n<p>Tenha todos os cuidados necess\u00e1rios para a preven\u00e7\u00e3o das les\u00f5es relacionadas ao sistema osteomuscular, ocasionadas pela pr\u00e1tica de esportes e acidentes de tr\u00e2nsito.<\/p>\n<p>O mais importante \u00e9 se cuidar! Fa\u00e7a as atividades que lhe d\u00e3o prazer e sempre tenha cuidado com os excessos.<\/p>\n<h3><a href=\"http:\/\/www.fsfx.com.br\/atituderimacomsaude\/inscreva-se\/\" target=\"_blank\" rel=\"noopener\">Inscreva-se<\/a> em um dos projetos do Programa Atitude Rima com Sa\u00fade e sinta os benef\u00edcios de cuidar da sua sa\u00fade.<\/h3>\n","protected":false},"excerpt":{"rendered":"<p>\u201cA sa\u00fade \u00e9 um estado de completo bem-estar f\u00edsico, mental e social e n\u00e3o apenas a aus\u00eancia de doen\u00e7a ou enfermidade\u201d. Este \u00e9 o conceito adotado pela Organiza\u00e7\u00e3o Mundial da Sa\u00fade (OMS) para definir o que \u00e9 sa\u00fade. \u00c9 necess\u00e1rio lembrar que cuidar da sa\u00fade vai al\u00e9m de procurar um m\u00e9dico quando algo est\u00e1 fora [&hellip;]<\/p>\n","protected":false},"author":9,"featured_media":3024,"comment_status":"open","ping_status":"open","sticky":false,"template":"","format":"standard","meta":{"_acf_changed":false,"site-sidebar-layout":"default","site-content-layout":"","ast-site-content-layout":"default","site-content-style":"default","site-sidebar-style":"default","ast-global-header-display":"","ast-banner-title-visibility":"","ast-main-header-display":"","ast-hfb-above-header-display":"","ast-hfb-below-header-display":"","ast-hfb-mobile-header-display":"","site-post-title":"","ast-breadcrumbs-content":"","ast-featured-img":"","footer-sml-layout":"","theme-transparent-header-meta":"","adv-header-id-meta":"","stick-header-meta":"","header-above-stick-meta":"","header-main-stick-meta":"","header-below-stick-meta":"","astra-migrate-meta-layouts":"default","ast-page-background-enabled":"default","ast-page-background-meta":{"desktop":{"background-color":"var(--ast-global-color-4)","background-image":"","background-repeat":"repeat","background-position":"center center","background-size":"auto","background-attachment":"scroll","background-type":"","background-media":"","overlay-type":"","overlay-color":"","overlay-opacity":"","overlay-gradient":""},"tablet":{"background-color":"","background-image":"","background-repeat":"repeat","background-position":"center center","background-size":"auto","background-attachment":"scroll","background-type":"","background-media":"","overlay-type":"","overlay-color":"","overlay-opacity":"","overlay-gradient":""},"mobile":{"background-color":"","background-image":"","background-repeat":"repeat","background-position":"center center","background-size":"auto","background-attachment":"scroll","background-type":"","background-media":"","overlay-type":"","overlay-color":"","overlay-opacity":"","overlay-gradient":""}},"ast-content-background-meta":{"desktop":{"background-color":"var(--ast-global-color-5)","background-image":"","background-repeat":"repeat","background-position":"center center","background-size":"auto","background-attachment":"scroll","background-type":"","background-media":"","overlay-type":"","overlay-color":"","overlay-opacity":"","overlay-gradient":""},"tablet":{"background-color":"var(--ast-global-color-5)","background-image":"","background-repeat":"repeat","background-position":"center center","background-size":"auto","background-attachment":"scroll","background-type":"","background-media":"","overlay-type":"","overlay-color":"","overlay-opacity":"","overlay-gradient":""},"mobile":{"background-color":"var(--ast-global-color-5)","background-image":"","background-repeat":"repeat","background-position":"center center","background-size":"auto","background-attachment":"scroll","background-type":"","background-media":"","overlay-type":"","overlay-color":"","overlay-opacity":"","overlay-gradient":""}},"footnotes":""},"categories":[1],"tags":[134],"class_list":["post-2981","post","type-post","status-publish","format-standard","has-post-thumbnail","hentry","category-noticias","tag-dia-mundia-da-saude"],"acf":[],"yoast_head":"<!-- This site is optimized with the Yoast SEO plugin v26.9 - https:\/\/yoast.com\/product\/yoast-seo-wordpress\/ -->\n<title>Hoje \u00e9 o Dia Mundial da Sa\u00fade: viva! - Usisa\u00fade<\/title>\n<meta name=\"robots\" content=\"index, follow, max-snippet:-1, max-image-preview:large, max-video-preview:-1\" \/>\n<link rel=\"canonical\" href=\"https:\/\/www.fsfx.com.br\/usisaude\/hoje-e-o-dia-mundial-da-saude-viva-2\/\" \/>\n<meta property=\"og:locale\" content=\"pt_BR\" \/>\n<meta property=\"og:type\" content=\"article\" \/>\n<meta property=\"og:title\" content=\"Hoje \u00e9 o Dia Mundial da Sa\u00fade: viva! - Usisa\u00fade\" \/>\n<meta property=\"og:description\" content=\"\u201cA sa\u00fade \u00e9 um estado de completo bem-estar f\u00edsico, mental e social e n\u00e3o apenas a aus\u00eancia de doen\u00e7a ou enfermidade\u201d. Este \u00e9 o conceito adotado pela Organiza\u00e7\u00e3o Mundial da Sa\u00fade (OMS) para definir o que \u00e9 sa\u00fade. \u00c9 necess\u00e1rio lembrar que cuidar da sa\u00fade vai al\u00e9m de procurar um m\u00e9dico quando algo est\u00e1 fora [&hellip;]\" \/>\n<meta property=\"og:url\" content=\"https:\/\/www.fsfx.com.br\/usisaude\/hoje-e-o-dia-mundial-da-saude-viva-2\/\" \/>\n<meta property=\"og:site_name\" content=\"Usisa\u00fade\" \/>\n<meta property=\"article:published_time\" content=\"2016-04-07T19:40:34+00:00\" \/>\n<meta property=\"og:image\" content=\"https:\/\/www.fsfx.com.br\/usisaude\/wp-content\/uploads\/sites\/6\/2016\/04\/baloon.jpg\" \/>\n\t<meta property=\"og:image:width\" content=\"1200\" \/>\n\t<meta property=\"og:image:height\" content=\"800\" \/>\n\t<meta property=\"og:image:type\" content=\"image\/jpeg\" \/>\n<meta name=\"twitter:card\" content=\"summary_large_image\" \/>\n<meta name=\"twitter:label1\" content=\"Escrito por\" \/>\n\t<meta name=\"twitter:data1\" content=\"\" \/>\n\t<meta name=\"twitter:label2\" content=\"Est. tempo de leitura\" \/>\n\t<meta name=\"twitter:data2\" content=\"2 minutos\" \/>\n<script type=\"application\/ld+json\" class=\"yoast-schema-graph\">{\"@context\":\"https:\/\/schema.org\",\"@graph\":[{\"@type\":\"Article\",\"@id\":\"https:\/\/www.fsfx.com.br\/usisaude\/hoje-e-o-dia-mundial-da-saude-viva-2\/#article\",\"isPartOf\":{\"@id\":\"https:\/\/www.fsfx.com.br\/usisaude\/hoje-e-o-dia-mundial-da-saude-viva-2\/\"},\"author\":{\"name\":\"\",\"@id\":\"\"},\"headline\":\"Hoje \u00e9 o Dia Mundial da Sa\u00fade: viva!\",\"datePublished\":\"2016-04-07T19:40:34+00:00\",\"mainEntityOfPage\":{\"@id\":\"https:\/\/www.fsfx.com.br\/usisaude\/hoje-e-o-dia-mundial-da-saude-viva-2\/\"},\"wordCount\":507,\"commentCount\":0,\"publisher\":{\"@id\":\"https:\/\/www.fsfx.com.br\/usisaude\/#organization\"},\"image\":{\"@id\":\"https:\/\/www.fsfx.com.br\/usisaude\/hoje-e-o-dia-mundial-da-saude-viva-2\/#primaryimage\"},\"thumbnailUrl\":\"https:\/\/www.fsfx.com.br\/usisaude\/wp-content\/uploads\/sites\/6\/2016\/04\/baloon.jpg\",\"keywords\":[\"Dia Mundia da Sa\u00fade\"],\"articleSection\":[\"Not\u00edcias\"],\"inLanguage\":\"pt-BR\",\"potentialAction\":[{\"@type\":\"CommentAction\",\"name\":\"Comment\",\"target\":[\"https:\/\/www.fsfx.com.br\/usisaude\/hoje-e-o-dia-mundial-da-saude-viva-2\/#respond\"]}]},{\"@type\":\"WebPage\",\"@id\":\"https:\/\/www.fsfx.com.br\/usisaude\/hoje-e-o-dia-mundial-da-saude-viva-2\/\",\"url\":\"https:\/\/www.fsfx.com.br\/usisaude\/hoje-e-o-dia-mundial-da-saude-viva-2\/\",\"name\":\"Hoje \u00e9 o Dia Mundial da Sa\u00fade: viva! - Usisa\u00fade\",\"isPartOf\":{\"@id\":\"https:\/\/www.fsfx.com.br\/usisaude\/#website\"},\"primaryImageOfPage\":{\"@id\":\"https:\/\/www.fsfx.com.br\/usisaude\/hoje-e-o-dia-mundial-da-saude-viva-2\/#primaryimage\"},\"image\":{\"@id\":\"https:\/\/www.fsfx.com.br\/usisaude\/hoje-e-o-dia-mundial-da-saude-viva-2\/#primaryimage\"},\"thumbnailUrl\":\"https:\/\/www.fsfx.com.br\/usisaude\/wp-content\/uploads\/sites\/6\/2016\/04\/baloon.jpg\",\"datePublished\":\"2016-04-07T19:40:34+00:00\",\"breadcrumb\":{\"@id\":\"https:\/\/www.fsfx.com.br\/usisaude\/hoje-e-o-dia-mundial-da-saude-viva-2\/#breadcrumb\"},\"inLanguage\":\"pt-BR\",\"potentialAction\":[{\"@type\":\"ReadAction\",\"target\":[\"https:\/\/www.fsfx.com.br\/usisaude\/hoje-e-o-dia-mundial-da-saude-viva-2\/\"]}]},{\"@type\":\"ImageObject\",\"inLanguage\":\"pt-BR\",\"@id\":\"https:\/\/www.fsfx.com.br\/usisaude\/hoje-e-o-dia-mundial-da-saude-viva-2\/#primaryimage\",\"url\":\"https:\/\/www.fsfx.com.br\/usisaude\/wp-content\/uploads\/sites\/6\/2016\/04\/baloon.jpg\",\"contentUrl\":\"https:\/\/www.fsfx.com.br\/usisaude\/wp-content\/uploads\/sites\/6\/2016\/04\/baloon.jpg\",\"width\":1200,\"height\":800},{\"@type\":\"BreadcrumbList\",\"@id\":\"https:\/\/www.fsfx.com.br\/usisaude\/hoje-e-o-dia-mundial-da-saude-viva-2\/#breadcrumb\",\"itemListElement\":[{\"@type\":\"ListItem\",\"position\":1,\"name\":\"In\u00edcio\",\"item\":\"https:\/\/www.fsfx.com.br\/usisaude\/\"},{\"@type\":\"ListItem\",\"position\":2,\"name\":\"Hoje \u00e9 o Dia Mundial da Sa\u00fade: viva!\"}]},{\"@type\":\"WebSite\",\"@id\":\"https:\/\/www.fsfx.com.br\/usisaude\/#website\",\"url\":\"https:\/\/www.fsfx.com.br\/usisaude\/\",\"name\":\"Usisa\u00fade\",\"description\":\"Somos a Usisa\u00fade, uma operadora de planos de sa\u00fade da Funda\u00e7\u00e3o S\u00e3o Francisco Xavier (FSFX), a maior em modalidade filantr\u00f3pica do pa\u00eds.\",\"publisher\":{\"@id\":\"https:\/\/www.fsfx.com.br\/usisaude\/#organization\"},\"potentialAction\":[{\"@type\":\"SearchAction\",\"target\":{\"@type\":\"EntryPoint\",\"urlTemplate\":\"https:\/\/www.fsfx.com.br\/usisaude\/?s={search_term_string}\"},\"query-input\":{\"@type\":\"PropertyValueSpecification\",\"valueRequired\":true,\"valueName\":\"search_term_string\"}}],\"inLanguage\":\"pt-BR\"},{\"@type\":\"Organization\",\"@id\":\"https:\/\/www.fsfx.com.br\/usisaude\/#organization\",\"name\":\"Usisa\u00fade\",\"url\":\"https:\/\/www.fsfx.com.br\/usisaude\/\",\"logo\":{\"@type\":\"ImageObject\",\"inLanguage\":\"pt-BR\",\"@id\":\"https:\/\/www.fsfx.com.br\/usisaude\/#\/schema\/logo\/image\/\",\"url\":\"https:\/\/www.fsfx.com.br\/usisaude\/wp-content\/uploads\/sites\/6\/2022\/03\/logo-ususaude-1.svg\",\"contentUrl\":\"https:\/\/www.fsfx.com.br\/usisaude\/wp-content\/uploads\/sites\/6\/2022\/03\/logo-ususaude-1.svg\",\"width\":445,\"height\":196,\"caption\":\"Usisa\u00fade\"},\"image\":{\"@id\":\"https:\/\/www.fsfx.com.br\/usisaude\/#\/schema\/logo\/image\/\"}},{\"@type\":\"Person\",\"@id\":\"\",\"url\":\"https:\/\/www.fsfx.com.br\/usisaude\/author\/\"}]}<\/script>\n<!-- \/ Yoast SEO plugin. -->","yoast_head_json":{"title":"Hoje \u00e9 o Dia Mundial da Sa\u00fade: viva! - Usisa\u00fade","robots":{"index":"index","follow":"follow","max-snippet":"max-snippet:-1","max-image-preview":"max-image-preview:large","max-video-preview":"max-video-preview:-1"},"canonical":"https:\/\/www.fsfx.com.br\/usisaude\/hoje-e-o-dia-mundial-da-saude-viva-2\/","og_locale":"pt_BR","og_type":"article","og_title":"Hoje \u00e9 o Dia Mundial da Sa\u00fade: viva! - Usisa\u00fade","og_description":"\u201cA sa\u00fade \u00e9 um estado de completo bem-estar f\u00edsico, mental e social e n\u00e3o apenas a aus\u00eancia de doen\u00e7a ou enfermidade\u201d. Este \u00e9 o conceito adotado pela Organiza\u00e7\u00e3o Mundial da Sa\u00fade (OMS) para definir o que \u00e9 sa\u00fade. \u00c9 necess\u00e1rio lembrar que cuidar da sa\u00fade vai al\u00e9m de procurar um m\u00e9dico quando algo est\u00e1 fora [&hellip;]","og_url":"https:\/\/www.fsfx.com.br\/usisaude\/hoje-e-o-dia-mundial-da-saude-viva-2\/","og_site_name":"Usisa\u00fade","article_published_time":"2016-04-07T19:40:34+00:00","og_image":[{"width":1200,"height":800,"url":"https:\/\/www.fsfx.com.br\/usisaude\/wp-content\/uploads\/sites\/6\/2016\/04\/baloon.jpg","type":"image\/jpeg"}],"twitter_card":"summary_large_image","twitter_misc":{"Escrito por":"","Est. tempo de leitura":"2 minutos"},"schema":{"@context":"https:\/\/schema.org","@graph":[{"@type":"Article","@id":"https:\/\/www.fsfx.com.br\/usisaude\/hoje-e-o-dia-mundial-da-saude-viva-2\/#article","isPartOf":{"@id":"https:\/\/www.fsfx.com.br\/usisaude\/hoje-e-o-dia-mundial-da-saude-viva-2\/"},"author":{"name":"","@id":""},"headline":"Hoje \u00e9 o Dia Mundial da Sa\u00fade: viva!","datePublished":"2016-04-07T19:40:34+00:00","mainEntityOfPage":{"@id":"https:\/\/www.fsfx.com.br\/usisaude\/hoje-e-o-dia-mundial-da-saude-viva-2\/"},"wordCount":507,"commentCount":0,"publisher":{"@id":"https:\/\/www.fsfx.com.br\/usisaude\/#organization"},"image":{"@id":"https:\/\/www.fsfx.com.br\/usisaude\/hoje-e-o-dia-mundial-da-saude-viva-2\/#primaryimage"},"thumbnailUrl":"https:\/\/www.fsfx.com.br\/usisaude\/wp-content\/uploads\/sites\/6\/2016\/04\/baloon.jpg","keywords":["Dia Mundia da Sa\u00fade"],"articleSection":["Not\u00edcias"],"inLanguage":"pt-BR","potentialAction":[{"@type":"CommentAction","name":"Comment","target":["https:\/\/www.fsfx.com.br\/usisaude\/hoje-e-o-dia-mundial-da-saude-viva-2\/#respond"]}]},{"@type":"WebPage","@id":"https:\/\/www.fsfx.com.br\/usisaude\/hoje-e-o-dia-mundial-da-saude-viva-2\/","url":"https:\/\/www.fsfx.com.br\/usisaude\/hoje-e-o-dia-mundial-da-saude-viva-2\/","name":"Hoje \u00e9 o Dia Mundial da Sa\u00fade: viva! - Usisa\u00fade","isPartOf":{"@id":"https:\/\/www.fsfx.com.br\/usisaude\/#website"},"primaryImageOfPage":{"@id":"https:\/\/www.fsfx.com.br\/usisaude\/hoje-e-o-dia-mundial-da-saude-viva-2\/#primaryimage"},"image":{"@id":"https:\/\/www.fsfx.com.br\/usisaude\/hoje-e-o-dia-mundial-da-saude-viva-2\/#primaryimage"},"thumbnailUrl":"https:\/\/www.fsfx.com.br\/usisaude\/wp-content\/uploads\/sites\/6\/2016\/04\/baloon.jpg","datePublished":"2016-04-07T19:40:34+00:00","breadcrumb":{"@id":"https:\/\/www.fsfx.com.br\/usisaude\/hoje-e-o-dia-mundial-da-saude-viva-2\/#breadcrumb"},"inLanguage":"pt-BR","potentialAction":[{"@type":"ReadAction","target":["https:\/\/www.fsfx.com.br\/usisaude\/hoje-e-o-dia-mundial-da-saude-viva-2\/"]}]},{"@type":"ImageObject","inLanguage":"pt-BR","@id":"https:\/\/www.fsfx.com.br\/usisaude\/hoje-e-o-dia-mundial-da-saude-viva-2\/#primaryimage","url":"https:\/\/www.fsfx.com.br\/usisaude\/wp-content\/uploads\/sites\/6\/2016\/04\/baloon.jpg","contentUrl":"https:\/\/www.fsfx.com.br\/usisaude\/wp-content\/uploads\/sites\/6\/2016\/04\/baloon.jpg","width":1200,"height":800},{"@type":"BreadcrumbList","@id":"https:\/\/www.fsfx.com.br\/usisaude\/hoje-e-o-dia-mundial-da-saude-viva-2\/#breadcrumb","itemListElement":[{"@type":"ListItem","position":1,"name":"In\u00edcio","item":"https:\/\/www.fsfx.com.br\/usisaude\/"},{"@type":"ListItem","position":2,"name":"Hoje \u00e9 o Dia Mundial da Sa\u00fade: viva!"}]},{"@type":"WebSite","@id":"https:\/\/www.fsfx.com.br\/usisaude\/#website","url":"https:\/\/www.fsfx.com.br\/usisaude\/","name":"Usisa\u00fade","description":"Somos a Usisa\u00fade, uma operadora de planos de sa\u00fade da Funda\u00e7\u00e3o S\u00e3o Francisco Xavier (FSFX), a maior em modalidade filantr\u00f3pica do pa\u00eds.","publisher":{"@id":"https:\/\/www.fsfx.com.br\/usisaude\/#organization"},"potentialAction":[{"@type":"SearchAction","target":{"@type":"EntryPoint","urlTemplate":"https:\/\/www.fsfx.com.br\/usisaude\/?s={search_term_string}"},"query-input":{"@type":"PropertyValueSpecification","valueRequired":true,"valueName":"search_term_string"}}],"inLanguage":"pt-BR"},{"@type":"Organization","@id":"https:\/\/www.fsfx.com.br\/usisaude\/#organization","name":"Usisa\u00fade","url":"https:\/\/www.fsfx.com.br\/usisaude\/","logo":{"@type":"ImageObject","inLanguage":"pt-BR","@id":"https:\/\/www.fsfx.com.br\/usisaude\/#\/schema\/logo\/image\/","url":"https:\/\/www.fsfx.com.br\/usisaude\/wp-content\/uploads\/sites\/6\/2022\/03\/logo-ususaude-1.svg","contentUrl":"https:\/\/www.fsfx.com.br\/usisaude\/wp-content\/uploads\/sites\/6\/2022\/03\/logo-ususaude-1.svg","width":445,"height":196,"caption":"Usisa\u00fade"},"image":{"@id":"https:\/\/www.fsfx.com.br\/usisaude\/#\/schema\/logo\/image\/"}},{"@type":"Person","@id":"","url":"https:\/\/www.fsfx.com.br\/usisaude\/author\/"}]}},"_links":{"self":[{"href":"https:\/\/www.fsfx.com.br\/usisaude\/wp-json\/wp\/v2\/posts\/2981","targetHints":{"allow":["GET"]}}],"collection":[{"href":"https:\/\/www.fsfx.com.br\/usisaude\/wp-json\/wp\/v2\/posts"}],"about":[{"href":"https:\/\/www.fsfx.com.br\/usisaude\/wp-json\/wp\/v2\/types\/post"}],"author":[{"embeddable":true,"href":"https:\/\/www.fsfx.com.br\/usisaude\/wp-json\/wp\/v2\/users\/9"}],"replies":[{"embeddable":true,"href":"https:\/\/www.fsfx.com.br\/usisaude\/wp-json\/wp\/v2\/comments?post=2981"}],"version-history":[{"count":0,"href":"https:\/\/www.fsfx.com.br\/usisaude\/wp-json\/wp\/v2\/posts\/2981\/revisions"}],"wp:featuredmedia":[{"embeddable":true,"href":"https:\/\/www.fsfx.com.br\/usisaude\/wp-json\/wp\/v2\/media\/3024"}],"wp:attachment":[{"href":"https:\/\/www.fsfx.com.br\/usisaude\/wp-json\/wp\/v2\/media?parent=2981"}],"wp:term":[{"taxonomy":"category","embeddable":true,"href":"https:\/\/www.fsfx.com.br\/usisaude\/wp-json\/wp\/v2\/categories?post=2981"},{"taxonomy":"post_tag","embeddable":true,"href":"https:\/\/www.fsfx.com.br\/usisaude\/wp-json\/wp\/v2\/tags?post=2981"}],"curies":[{"name":"wp","href":"https:\/\/api.w.org\/{rel}","templated":true}]}}