{"id":2985,"date":"2016-04-15T17:33:19","date_gmt":"2016-04-15T17:33:19","guid":{"rendered":"http:\/\/www.fsfx.com.br\/atituderimacomsaude\/?p=2985"},"modified":"2016-04-15T17:33:19","modified_gmt":"2016-04-15T17:33:19","slug":"sorria-com-saude","status":"publish","type":"post","link":"https:\/\/www.fsfx.com.br\/usisaude\/sorria-com-saude\/","title":{"rendered":"Sorria com Sa\u00fade!"},"content":{"rendered":"\n<p><span style=\"font-weight: 400\">Tempo de leitura: 5 minutos<\/span><\/p>\n\n\n\n<p><strong>Conte\u00fado atualizado em 18\/08\/2020.<\/strong><\/p>\n\n\n\n<p><span style=\"font-weight: 400\">Al\u00e9m de desempenhar as fun\u00e7\u00f5es de fala, mastiga\u00e7\u00e3o e respira\u00e7\u00e3o, a boca tamb\u00e9m interfere na sa\u00fade geral do organismo. Ela interage com diversas estruturas do corpo e \u00e9 considerada uma porta de entrada de microrganismos, pelo contato cont\u00ednuo com o meio ambiente. As m\u00e1s condi\u00e7\u00f5es de higiene bucal podem causar doen\u00e7as bucais e dent\u00e1rias, que, por sua vez, podem agravar ou levar ao desenvolvimento de enfermidades, incluindo doen\u00e7as cardiovasculares e diabetes.<\/span><\/p>\n\n\n\n<p><span style=\"font-weight: 400\">\u00c9 muito comum ouvir algu\u00e9m dizer que \u201ca sa\u00fade come\u00e7a pela boca\u201d, um ditado usado habitualmente na inten\u00e7\u00e3o de refor\u00e7ar a import\u00e2ncia de orienta\u00e7\u00f5es voltadas para a sa\u00fade bucal e alimenta\u00e7\u00e3o saud\u00e1vel. Para ter qualidade de vida \u00e9 tamb\u00e9m necess\u00e1rio pensar na sa\u00fade bucal, e s\u00e3o os cuidados di\u00e1rios, como uma boa escova\u00e7\u00e3o e o uso correto do fio dental, ajudam a prevenir que problemas dent\u00e1rios se tornem mais graves.<\/span><\/p>\n\n\n\n<p><strong>Escovar os dentes pelo menos 4 vezes ao dia deixa os dentes fortes e ajuda manter as gengivas saud\u00e1veis.<\/strong><\/p>\n\n\n\n<h2 class=\"wp-block-heading\"><b>Lactente<\/b><\/h2>\n\n\n\n<figure class=\"wp-block-image\"><img fetchpriority=\"high\" decoding=\"async\" width=\"1024\" height=\"683\" src=\"http:\/\/atituderimacomsaude.com.br\/wp-content\/uploads\/2016\/04\/bebe-1024x683.jpg\" alt=\"Higiene bucal para lactantes\" class=\"wp-image-3061\" srcset=\"https:\/\/www.fsfx.com.br\/usisaude\/wp-content\/uploads\/sites\/6\/2016\/04\/bebe-1024x683.jpg 1024w, https:\/\/www.fsfx.com.br\/usisaude\/wp-content\/uploads\/sites\/6\/2016\/04\/bebe-300x200.jpg 300w, https:\/\/www.fsfx.com.br\/usisaude\/wp-content\/uploads\/sites\/6\/2016\/04\/bebe-768x512.jpg 768w, https:\/\/www.fsfx.com.br\/usisaude\/wp-content\/uploads\/sites\/6\/2016\/04\/bebe.jpg 1200w\" sizes=\"(max-width: 1024px) 100vw, 1024px\" \/><\/figure>\n\n\n\n<p><span style=\"font-weight: 400\">A higiene da boca deve ser iniciada logo ap\u00f3s a erup\u00e7\u00e3o do primeiro dente. Dever\u00e1 ser feita pelo menos duas vezes ao dia, principalmente antes de dormir, utilizando escova de dentes pr\u00f3pria para beb\u00eas, mas n\u00e3o \u00e9 preciso deixar de amamentar ou higienizar a boca do beb\u00ea durante a madrugada. Um adulto deve apoiar a cabe\u00e7a do beb\u00ea e deslizar a escova suavemente, passando por toda a boca da crian\u00e7a, limpando os dentes, a gengiva e l\u00edngua. Este movimento vai retirar res\u00edduos, se houver, e massagear as gengivas da crian\u00e7a. Recomenda-se utilizar um creme dental com fl\u00faor adequado para beb\u00eas, uma vez que existe o risco de engolir, e em quantidade equivalente a um gr\u00e3o de arroz.<\/span><\/p>\n\n\n\n<p><span style=\"font-weight: 400\">\u00c9 importar avaliar sempre a boquinha do beb\u00ea e procurar orienta\u00e7\u00e3o odontol\u00f3gica desde cedo, assim, a fam\u00edlia receber\u00e1 mais orienta\u00e7\u00f5es e a crian\u00e7a j\u00e1 ir\u00e1 se habituando ao ambiente.<\/span><\/p>\n\n\n\n<h2 class=\"wp-block-heading\"><b>Crian\u00e7as<\/b><\/h2>\n\n\n\n<figure class=\"wp-block-image\"><img decoding=\"async\" width=\"1024\" height=\"683\" src=\"http:\/\/atituderimacomsaude.com.br\/wp-content\/uploads\/2016\/04\/dente-1-1024x683.jpg\" alt=\"Higiene bucal para crian\u00e7as\" class=\"wp-image-3032\" srcset=\"https:\/\/www.fsfx.com.br\/usisaude\/wp-content\/uploads\/sites\/6\/2016\/04\/dente-1-1024x683.jpg 1024w, https:\/\/www.fsfx.com.br\/usisaude\/wp-content\/uploads\/sites\/6\/2016\/04\/dente-1-300x200.jpg 300w, https:\/\/www.fsfx.com.br\/usisaude\/wp-content\/uploads\/sites\/6\/2016\/04\/dente-1-768x512.jpg 768w, https:\/\/www.fsfx.com.br\/usisaude\/wp-content\/uploads\/sites\/6\/2016\/04\/dente-1.jpg 1200w\" sizes=\"(max-width: 1024px) 100vw, 1024px\" \/><\/figure>\n\n\n\n<p><span style=\"font-weight: 400\">A crian\u00e7a deve adquirir o h\u00e1bito de escovar os dentes desde cedo. &nbsp;Uma dica \u00e9 os pais escovarem seus dentes junto com a crian\u00e7a e dar uma escova dental infantil para ela tentar imitar a escova\u00e7\u00e3o ou apenas para morder a escova.&nbsp; A crian\u00e7a inspira nos pais, e assim, come\u00e7ar\u00e1 a adquirir o h\u00e1bito da escova\u00e7\u00e3o.<\/span><\/p>\n\n\n\n<p><span style=\"font-weight: 400\">Com o surgimento dos dentes molares, aqueles maiores localizados no fundo da boca, os espa\u00e7os entre os dentes diminuem e \u00e9 o momento em que o uso do fio dental se torna essencial, para remover a placa bacteriana nesses espa\u00e7os.<\/span><\/p>\n\n\n\n<p><span style=\"font-weight: 400\">Entre 2 e 7 anos de idade, \u00e9 importante o aux\u00edlio dos pais. De p\u00e9, atr\u00e1s da crian\u00e7a, com a m\u00e3o esquerda afaste os l\u00e1bios e bochechas, e com a direita escove os lados dos dentes em movimento circular e a parte que mastiga com movimento de vai e vem. Crian\u00e7as com mais de 7 anos devem manter os dentes cerrados e escov\u00e1-los fazendo movimentos circulares nos lados dos dentes. Escovar a parte que mastiga com movimento de vai e vem.<\/span><\/p>\n\n\n\n<p><span style=\"font-weight: 400\">Ap\u00f3s 14 anos, deve ser utilizada a t\u00e9cnica recomendada para adultos.<\/span><\/p>\n\n\n\n<h2 class=\"wp-block-heading\"><b>Adultos<\/b><\/h2>\n\n\n\n<figure class=\"wp-block-image\"><img decoding=\"async\" width=\"1024\" height=\"683\" src=\"http:\/\/atituderimacomsaude.com.br\/wp-content\/uploads\/2016\/04\/dente2-1024x683.jpg\" alt=\"Higiene bucal para adultos\" class=\"wp-image-3030\" srcset=\"https:\/\/www.fsfx.com.br\/usisaude\/wp-content\/uploads\/sites\/6\/2016\/04\/dente2-1024x683.jpg 1024w, https:\/\/www.fsfx.com.br\/usisaude\/wp-content\/uploads\/sites\/6\/2016\/04\/dente2-300x200.jpg 300w, https:\/\/www.fsfx.com.br\/usisaude\/wp-content\/uploads\/sites\/6\/2016\/04\/dente2-768x512.jpg 768w, https:\/\/www.fsfx.com.br\/usisaude\/wp-content\/uploads\/sites\/6\/2016\/04\/dente2.jpg 1200w\" sizes=\"(max-width: 1024px) 100vw, 1024px\" \/><\/figure>\n\n\n\n<p><span style=\"font-weight: 400\">Mova a escova com movimentos de vai e vem de varredura na regi\u00e3o da mastiga\u00e7\u00e3o. Na lateral dos dentes superiores realize os movimentos de cima para baixo, e de baixo para cima nos dentes inferiores, aplicando pequena press\u00e3o.<\/span><span style=\"font-weight: 400\"><br><\/span><span style=\"font-weight: 400\">Para limpar as superf\u00edcies internas dos dentes anteriores, colocar a escova dental<\/span><span style=\"font-weight: 400\"><br><\/span><span style=\"font-weight: 400\">em posi\u00e7\u00e3o vertical (atravessada em rela\u00e7\u00e3o aos dentes).<\/span><\/p>\n\n\n\n<p><span style=\"font-weight: 400\">Ah, n\u00e3o se esque\u00e7a de escovar tamb\u00e9m a l\u00edngua e utilizar corretamente o fio dental!<\/span><\/p>\n\n\n\n<p><span style=\"font-weight: 400\">Lembre-se: uma avalia\u00e7\u00e3o com o seu dentista deve ser realizada periodicamente, desde a primeira inf\u00e2ncia!&nbsp;<\/span><\/p>\n\n\n\n<p><span style=\"font-weight: 400\">Descubra mais dicas no site do <\/span><a href=\"http:\/\/www.fsfx.com.br\/coi\/dicas-de-saude-bucal\/\"><span style=\"font-weight: 400\">COI<\/span><\/a><span style=\"font-weight: 400\">.<\/span><\/p>\n\n\n\n<p><span style=\"font-weight: 400\">Fa\u00e7a um teste periodontal <\/span><a href=\"http:\/\/www.fsfx.com.br\/coi\/saude-periodontal\/\"><span style=\"font-weight: 400\">aqui<\/span><\/a><span style=\"font-weight: 400\">!<\/span><\/p>\n\n\n\n<p><b>Refer\u00eancias:<\/b><\/p>\n\n\n\n<p><span style=\"font-weight: 400\">MINIST\u00c9RIO DA SA\u00daDE. <\/span><b>Sa\u00fade Bucal: Cuidado com os dentes \u00e9 fundamental<\/b><span style=\"font-weight: 400\">. Dispon\u00edvel em: http:\/\/www.blog.saude.gov.br\/index.php\/promocao-da-saude\/54106-saude-bucal-cuidado-com-os-dentes-e-fundamental. Acesso em: 12 ago. 2020.<\/span><\/p>\n\n\n\n<p><span style=\"font-weight: 400\">MINIST\u00c9RIO DA SA\u00daDE. <\/span><b>Quando deve ser iniciada a higieniza\u00e7\u00e3o bucal dos beb\u00eas e quais as orienta\u00e7\u00f5es a serem dadas?<\/b><span style=\"font-weight: 400\"> Dispon\u00edvel em: https:\/\/aps.bvs.br\/aps\/quando-deve-ser-iniciada-a-higienizacao-bucal-dos-bebes-e-quais-as-orientacoes-a-serem-dadas\/. Acesso em: 12 ago. 2020.<\/span><\/p>\n\n\n\n<p><span style=\"font-weight: 400\">MINIST\u00c9RIO DA SA\u00daDE. <\/span><b>Prevenir \u00e9 o melhor caminho para ter uma boca saud\u00e1vel<\/b><span style=\"font-weight: 400\">. Dispon\u00edvel em: https:\/\/saude.gov.br\/noticias\/agencia-saude\/46108-prevenir-e-o-melhor-caminho-para-ter-um-boca-saudavel. Acesso em: 12 ago. 2020.<\/span><\/p>\n\n\n\n<p><span style=\"font-weight: 400\">MINIST\u00c9RIO DA SA\u00daDE. <\/span><b>Guia alimentar para crian\u00e7as brasileiras menores de dois anos<\/b><span style=\"font-weight: 400\">. Dispon\u00edvel em:&nbsp; http:\/\/189.28.128.100\/dab\/docs\/portaldab\/publicacoes\/guia_da_crianca_2019.pdf. Acesso em: 12 ago. 2020.<\/span><\/p>\n\n\n\n<p><span style=\"font-weight: 400\">MINIST\u00c9RIO DA SA\u00daDE. <\/span><b>Sa\u00fade da crian\u00e7a: Aleitamento Materno e Alimenta\u00e7\u00e3o Complementar<\/b><span style=\"font-weight: 400\">. Dispon\u00edvel em: https:\/\/bvsms.saude.gov.br\/bvs\/publicacoes\/saude_crianca_aleitamento_materno_cab23.pdf. Acesso em: 12 ago. 2020.<\/span><\/p>\n","protected":false},"excerpt":{"rendered":"<p>Tempo de leitura: 5 minutos Conte\u00fado atualizado em 18\/08\/2020. Al\u00e9m de desempenhar as fun\u00e7\u00f5es de fala, mastiga\u00e7\u00e3o e respira\u00e7\u00e3o, a boca tamb\u00e9m interfere na sa\u00fade geral do organismo. Ela interage com diversas estruturas do corpo e \u00e9 considerada uma porta de entrada de microrganismos, pelo contato cont\u00ednuo com o meio ambiente. As m\u00e1s condi\u00e7\u00f5es de [&hellip;]<\/p>\n","protected":false},"author":9,"featured_media":3973,"comment_status":"open","ping_status":"open","sticky":false,"template":"","format":"standard","meta":{"_acf_changed":false,"site-sidebar-layout":"default","site-content-layout":"","ast-site-content-layout":"default","site-content-style":"default","site-sidebar-style":"default","ast-global-header-display":"","ast-banner-title-visibility":"","ast-main-header-display":"","ast-hfb-above-header-display":"","ast-hfb-below-header-display":"","ast-hfb-mobile-header-display":"","site-post-title":"","ast-breadcrumbs-content":"","ast-featured-img":"","footer-sml-layout":"","theme-transparent-header-meta":"","adv-header-id-meta":"","stick-header-meta":"","header-above-stick-meta":"","header-main-stick-meta":"","header-below-stick-meta":"","astra-migrate-meta-layouts":"default","ast-page-background-enabled":"default","ast-page-background-meta":{"desktop":{"background-color":"var(--ast-global-color-4)","background-image":"","background-repeat":"repeat","background-position":"center center","background-size":"auto","background-attachment":"scroll","background-type":"","background-media":"","overlay-type":"","overlay-color":"","overlay-opacity":"","overlay-gradient":""},"tablet":{"background-color":"","background-image":"","background-repeat":"repeat","background-position":"center center","background-size":"auto","background-attachment":"scroll","background-type":"","background-media":"","overlay-type":"","overlay-color":"","overlay-opacity":"","overlay-gradient":""},"mobile":{"background-color":"","background-image":"","background-repeat":"repeat","background-position":"center center","background-size":"auto","background-attachment":"scroll","background-type":"","background-media":"","overlay-type":"","overlay-color":"","overlay-opacity":"","overlay-gradient":""}},"ast-content-background-meta":{"desktop":{"background-color":"var(--ast-global-color-5)","background-image":"","background-repeat":"repeat","background-position":"center center","background-size":"auto","background-attachment":"scroll","background-type":"","background-media":"","overlay-type":"","overlay-color":"","overlay-opacity":"","overlay-gradient":""},"tablet":{"background-color":"var(--ast-global-color-5)","background-image":"","background-repeat":"repeat","background-position":"center center","background-size":"auto","background-attachment":"scroll","background-type":"","background-media":"","overlay-type":"","overlay-color":"","overlay-opacity":"","overlay-gradient":""},"mobile":{"background-color":"var(--ast-global-color-5)","background-image":"","background-repeat":"repeat","background-position":"center center","background-size":"auto","background-attachment":"scroll","background-type":"","background-media":"","overlay-type":"","overlay-color":"","overlay-opacity":"","overlay-gradient":""}},"footnotes":""},"categories":[1],"tags":[135,136,137],"class_list":["post-2985","post","type-post","status-publish","format-standard","has-post-thumbnail","hentry","category-noticias","tag-coi","tag-odontologia","tag-periodontia"],"acf":[],"yoast_head":"<!-- This site is optimized with the Yoast SEO plugin v26.9 - https:\/\/yoast.com\/product\/yoast-seo-wordpress\/ -->\n<title>Sorria com Sa\u00fade! - Usisa\u00fade<\/title>\n<meta name=\"robots\" content=\"index, follow, max-snippet:-1, max-image-preview:large, max-video-preview:-1\" \/>\n<link rel=\"canonical\" href=\"https:\/\/www.fsfx.com.br\/usisaude\/sorria-com-saude\/\" \/>\n<meta property=\"og:locale\" content=\"pt_BR\" \/>\n<meta property=\"og:type\" content=\"article\" \/>\n<meta property=\"og:title\" content=\"Sorria com Sa\u00fade! - Usisa\u00fade\" \/>\n<meta property=\"og:description\" content=\"Tempo de leitura: 5 minutos Conte\u00fado atualizado em 18\/08\/2020. Al\u00e9m de desempenhar as fun\u00e7\u00f5es de fala, mastiga\u00e7\u00e3o e respira\u00e7\u00e3o, a boca tamb\u00e9m interfere na sa\u00fade geral do organismo. Ela interage com diversas estruturas do corpo e \u00e9 considerada uma porta de entrada de microrganismos, pelo contato cont\u00ednuo com o meio ambiente. As m\u00e1s condi\u00e7\u00f5es de [&hellip;]\" \/>\n<meta property=\"og:url\" content=\"https:\/\/www.fsfx.com.br\/usisaude\/sorria-com-saude\/\" \/>\n<meta property=\"og:site_name\" content=\"Usisa\u00fade\" \/>\n<meta property=\"article:published_time\" content=\"2016-04-15T17:33:19+00:00\" \/>\n<meta name=\"twitter:card\" content=\"summary_large_image\" \/>\n<meta name=\"twitter:label1\" content=\"Escrito por\" \/>\n\t<meta name=\"twitter:data1\" content=\"\" \/>\n\t<meta name=\"twitter:label2\" content=\"Est. tempo de leitura\" \/>\n\t<meta name=\"twitter:data2\" content=\"4 minutos\" \/>\n<script type=\"application\/ld+json\" class=\"yoast-schema-graph\">{\"@context\":\"https:\/\/schema.org\",\"@graph\":[{\"@type\":\"Article\",\"@id\":\"https:\/\/www.fsfx.com.br\/usisaude\/sorria-com-saude\/#article\",\"isPartOf\":{\"@id\":\"https:\/\/www.fsfx.com.br\/usisaude\/sorria-com-saude\/\"},\"author\":{\"name\":\"\",\"@id\":\"\"},\"headline\":\"Sorria com Sa\u00fade!\",\"datePublished\":\"2016-04-15T17:33:19+00:00\",\"mainEntityOfPage\":{\"@id\":\"https:\/\/www.fsfx.com.br\/usisaude\/sorria-com-saude\/\"},\"wordCount\":841,\"commentCount\":0,\"publisher\":{\"@id\":\"https:\/\/www.fsfx.com.br\/usisaude\/#organization\"},\"image\":{\"@id\":\"https:\/\/www.fsfx.com.br\/usisaude\/sorria-com-saude\/#primaryimage\"},\"thumbnailUrl\":\"\",\"keywords\":[\"COI\",\"odontologia\",\"periodontia\"],\"articleSection\":[\"Not\u00edcias\"],\"inLanguage\":\"pt-BR\",\"potentialAction\":[{\"@type\":\"CommentAction\",\"name\":\"Comment\",\"target\":[\"https:\/\/www.fsfx.com.br\/usisaude\/sorria-com-saude\/#respond\"]}]},{\"@type\":\"WebPage\",\"@id\":\"https:\/\/www.fsfx.com.br\/usisaude\/sorria-com-saude\/\",\"url\":\"https:\/\/www.fsfx.com.br\/usisaude\/sorria-com-saude\/\",\"name\":\"Sorria com Sa\u00fade! - Usisa\u00fade\",\"isPartOf\":{\"@id\":\"https:\/\/www.fsfx.com.br\/usisaude\/#website\"},\"primaryImageOfPage\":{\"@id\":\"https:\/\/www.fsfx.com.br\/usisaude\/sorria-com-saude\/#primaryimage\"},\"image\":{\"@id\":\"https:\/\/www.fsfx.com.br\/usisaude\/sorria-com-saude\/#primaryimage\"},\"thumbnailUrl\":\"\",\"datePublished\":\"2016-04-15T17:33:19+00:00\",\"breadcrumb\":{\"@id\":\"https:\/\/www.fsfx.com.br\/usisaude\/sorria-com-saude\/#breadcrumb\"},\"inLanguage\":\"pt-BR\",\"potentialAction\":[{\"@type\":\"ReadAction\",\"target\":[\"https:\/\/www.fsfx.com.br\/usisaude\/sorria-com-saude\/\"]}]},{\"@type\":\"ImageObject\",\"inLanguage\":\"pt-BR\",\"@id\":\"https:\/\/www.fsfx.com.br\/usisaude\/sorria-com-saude\/#primaryimage\",\"url\":\"\",\"contentUrl\":\"\"},{\"@type\":\"BreadcrumbList\",\"@id\":\"https:\/\/www.fsfx.com.br\/usisaude\/sorria-com-saude\/#breadcrumb\",\"itemListElement\":[{\"@type\":\"ListItem\",\"position\":1,\"name\":\"In\u00edcio\",\"item\":\"https:\/\/www.fsfx.com.br\/usisaude\/\"},{\"@type\":\"ListItem\",\"position\":2,\"name\":\"Sorria com Sa\u00fade!\"}]},{\"@type\":\"WebSite\",\"@id\":\"https:\/\/www.fsfx.com.br\/usisaude\/#website\",\"url\":\"https:\/\/www.fsfx.com.br\/usisaude\/\",\"name\":\"Usisa\u00fade\",\"description\":\"Somos a Usisa\u00fade, uma operadora de planos de sa\u00fade da Funda\u00e7\u00e3o S\u00e3o Francisco Xavier (FSFX), a maior em modalidade filantr\u00f3pica do pa\u00eds.\",\"publisher\":{\"@id\":\"https:\/\/www.fsfx.com.br\/usisaude\/#organization\"},\"potentialAction\":[{\"@type\":\"SearchAction\",\"target\":{\"@type\":\"EntryPoint\",\"urlTemplate\":\"https:\/\/www.fsfx.com.br\/usisaude\/?s={search_term_string}\"},\"query-input\":{\"@type\":\"PropertyValueSpecification\",\"valueRequired\":true,\"valueName\":\"search_term_string\"}}],\"inLanguage\":\"pt-BR\"},{\"@type\":\"Organization\",\"@id\":\"https:\/\/www.fsfx.com.br\/usisaude\/#organization\",\"name\":\"Usisa\u00fade\",\"url\":\"https:\/\/www.fsfx.com.br\/usisaude\/\",\"logo\":{\"@type\":\"ImageObject\",\"inLanguage\":\"pt-BR\",\"@id\":\"https:\/\/www.fsfx.com.br\/usisaude\/#\/schema\/logo\/image\/\",\"url\":\"https:\/\/www.fsfx.com.br\/usisaude\/wp-content\/uploads\/sites\/6\/2022\/03\/logo-ususaude-1.svg\",\"contentUrl\":\"https:\/\/www.fsfx.com.br\/usisaude\/wp-content\/uploads\/sites\/6\/2022\/03\/logo-ususaude-1.svg\",\"width\":445,\"height\":196,\"caption\":\"Usisa\u00fade\"},\"image\":{\"@id\":\"https:\/\/www.fsfx.com.br\/usisaude\/#\/schema\/logo\/image\/\"}},{\"@type\":\"Person\",\"@id\":\"\",\"url\":\"https:\/\/www.fsfx.com.br\/usisaude\/author\/\"}]}<\/script>\n<!-- \/ Yoast SEO plugin. -->","yoast_head_json":{"title":"Sorria com Sa\u00fade! - Usisa\u00fade","robots":{"index":"index","follow":"follow","max-snippet":"max-snippet:-1","max-image-preview":"max-image-preview:large","max-video-preview":"max-video-preview:-1"},"canonical":"https:\/\/www.fsfx.com.br\/usisaude\/sorria-com-saude\/","og_locale":"pt_BR","og_type":"article","og_title":"Sorria com Sa\u00fade! - Usisa\u00fade","og_description":"Tempo de leitura: 5 minutos Conte\u00fado atualizado em 18\/08\/2020. Al\u00e9m de desempenhar as fun\u00e7\u00f5es de fala, mastiga\u00e7\u00e3o e respira\u00e7\u00e3o, a boca tamb\u00e9m interfere na sa\u00fade geral do organismo. Ela interage com diversas estruturas do corpo e \u00e9 considerada uma porta de entrada de microrganismos, pelo contato cont\u00ednuo com o meio ambiente. As m\u00e1s condi\u00e7\u00f5es de [&hellip;]","og_url":"https:\/\/www.fsfx.com.br\/usisaude\/sorria-com-saude\/","og_site_name":"Usisa\u00fade","article_published_time":"2016-04-15T17:33:19+00:00","twitter_card":"summary_large_image","twitter_misc":{"Escrito por":"","Est. tempo de leitura":"4 minutos"},"schema":{"@context":"https:\/\/schema.org","@graph":[{"@type":"Article","@id":"https:\/\/www.fsfx.com.br\/usisaude\/sorria-com-saude\/#article","isPartOf":{"@id":"https:\/\/www.fsfx.com.br\/usisaude\/sorria-com-saude\/"},"author":{"name":"","@id":""},"headline":"Sorria com Sa\u00fade!","datePublished":"2016-04-15T17:33:19+00:00","mainEntityOfPage":{"@id":"https:\/\/www.fsfx.com.br\/usisaude\/sorria-com-saude\/"},"wordCount":841,"commentCount":0,"publisher":{"@id":"https:\/\/www.fsfx.com.br\/usisaude\/#organization"},"image":{"@id":"https:\/\/www.fsfx.com.br\/usisaude\/sorria-com-saude\/#primaryimage"},"thumbnailUrl":"","keywords":["COI","odontologia","periodontia"],"articleSection":["Not\u00edcias"],"inLanguage":"pt-BR","potentialAction":[{"@type":"CommentAction","name":"Comment","target":["https:\/\/www.fsfx.com.br\/usisaude\/sorria-com-saude\/#respond"]}]},{"@type":"WebPage","@id":"https:\/\/www.fsfx.com.br\/usisaude\/sorria-com-saude\/","url":"https:\/\/www.fsfx.com.br\/usisaude\/sorria-com-saude\/","name":"Sorria com Sa\u00fade! - Usisa\u00fade","isPartOf":{"@id":"https:\/\/www.fsfx.com.br\/usisaude\/#website"},"primaryImageOfPage":{"@id":"https:\/\/www.fsfx.com.br\/usisaude\/sorria-com-saude\/#primaryimage"},"image":{"@id":"https:\/\/www.fsfx.com.br\/usisaude\/sorria-com-saude\/#primaryimage"},"thumbnailUrl":"","datePublished":"2016-04-15T17:33:19+00:00","breadcrumb":{"@id":"https:\/\/www.fsfx.com.br\/usisaude\/sorria-com-saude\/#breadcrumb"},"inLanguage":"pt-BR","potentialAction":[{"@type":"ReadAction","target":["https:\/\/www.fsfx.com.br\/usisaude\/sorria-com-saude\/"]}]},{"@type":"ImageObject","inLanguage":"pt-BR","@id":"https:\/\/www.fsfx.com.br\/usisaude\/sorria-com-saude\/#primaryimage","url":"","contentUrl":""},{"@type":"BreadcrumbList","@id":"https:\/\/www.fsfx.com.br\/usisaude\/sorria-com-saude\/#breadcrumb","itemListElement":[{"@type":"ListItem","position":1,"name":"In\u00edcio","item":"https:\/\/www.fsfx.com.br\/usisaude\/"},{"@type":"ListItem","position":2,"name":"Sorria com Sa\u00fade!"}]},{"@type":"WebSite","@id":"https:\/\/www.fsfx.com.br\/usisaude\/#website","url":"https:\/\/www.fsfx.com.br\/usisaude\/","name":"Usisa\u00fade","description":"Somos a Usisa\u00fade, uma operadora de planos de sa\u00fade da Funda\u00e7\u00e3o S\u00e3o Francisco Xavier (FSFX), a maior em modalidade filantr\u00f3pica do pa\u00eds.","publisher":{"@id":"https:\/\/www.fsfx.com.br\/usisaude\/#organization"},"potentialAction":[{"@type":"SearchAction","target":{"@type":"EntryPoint","urlTemplate":"https:\/\/www.fsfx.com.br\/usisaude\/?s={search_term_string}"},"query-input":{"@type":"PropertyValueSpecification","valueRequired":true,"valueName":"search_term_string"}}],"inLanguage":"pt-BR"},{"@type":"Organization","@id":"https:\/\/www.fsfx.com.br\/usisaude\/#organization","name":"Usisa\u00fade","url":"https:\/\/www.fsfx.com.br\/usisaude\/","logo":{"@type":"ImageObject","inLanguage":"pt-BR","@id":"https:\/\/www.fsfx.com.br\/usisaude\/#\/schema\/logo\/image\/","url":"https:\/\/www.fsfx.com.br\/usisaude\/wp-content\/uploads\/sites\/6\/2022\/03\/logo-ususaude-1.svg","contentUrl":"https:\/\/www.fsfx.com.br\/usisaude\/wp-content\/uploads\/sites\/6\/2022\/03\/logo-ususaude-1.svg","width":445,"height":196,"caption":"Usisa\u00fade"},"image":{"@id":"https:\/\/www.fsfx.com.br\/usisaude\/#\/schema\/logo\/image\/"}},{"@type":"Person","@id":"","url":"https:\/\/www.fsfx.com.br\/usisaude\/author\/"}]}},"_links":{"self":[{"href":"https:\/\/www.fsfx.com.br\/usisaude\/wp-json\/wp\/v2\/posts\/2985","targetHints":{"allow":["GET"]}}],"collection":[{"href":"https:\/\/www.fsfx.com.br\/usisaude\/wp-json\/wp\/v2\/posts"}],"about":[{"href":"https:\/\/www.fsfx.com.br\/usisaude\/wp-json\/wp\/v2\/types\/post"}],"author":[{"embeddable":true,"href":"https:\/\/www.fsfx.com.br\/usisaude\/wp-json\/wp\/v2\/users\/9"}],"replies":[{"embeddable":true,"href":"https:\/\/www.fsfx.com.br\/usisaude\/wp-json\/wp\/v2\/comments?post=2985"}],"version-history":[{"count":0,"href":"https:\/\/www.fsfx.com.br\/usisaude\/wp-json\/wp\/v2\/posts\/2985\/revisions"}],"wp:featuredmedia":[{"embeddable":true,"href":"https:\/\/www.fsfx.com.br\/usisaude\/wp-json\/"}],"wp:attachment":[{"href":"https:\/\/www.fsfx.com.br\/usisaude\/wp-json\/wp\/v2\/media?parent=2985"}],"wp:term":[{"taxonomy":"category","embeddable":true,"href":"https:\/\/www.fsfx.com.br\/usisaude\/wp-json\/wp\/v2\/categories?post=2985"},{"taxonomy":"post_tag","embeddable":true,"href":"https:\/\/www.fsfx.com.br\/usisaude\/wp-json\/wp\/v2\/tags?post=2985"}],"curies":[{"name":"wp","href":"https:\/\/api.w.org\/{rel}","templated":true}]}}