{"id":3053,"date":"2016-04-14T18:35:41","date_gmt":"2016-04-14T18:35:41","guid":{"rendered":"http:\/\/www.fsfx.com.br\/atituderimacomsaude\/?p=3053"},"modified":"2024-09-12T15:08:32","modified_gmt":"2024-09-12T18:08:32","slug":"dia-internacional-do-cafe","status":"publish","type":"post","link":"https:\/\/www.fsfx.com.br\/usisaude\/dia-internacional-do-cafe\/","title":{"rendered":"Dia Internacional do Caf\u00e9"},"content":{"rendered":"<p>Para al\u00e9m do sabor e da sensa\u00e7\u00e3o de aconchego que a bebida proporciona para muitas pessoas, o caf\u00e9 possui subst\u00e2ncias nutritivas que trazem in\u00fameros benef\u00edcios para o organismo, mas a bebida deve ser consumida com modera\u00e7\u00e3o.<\/p>\n<p>A cafe\u00edna, que \u00e9 o principal componente do caf\u00e9, pode ser hero\u00edna ou vil\u00e3, dependendo de quanto caf\u00e9 \u00e9 ingerido pela pessoa em um dia. Duas x\u00edcaras s\u00e3o suficientes para alcan\u00e7ar benef\u00edcios relacionados \u00e0 acelera\u00e7\u00e3o do sistema nervoso central fazendo, por exemplo, com que a pessoa se sinta acordada, alerta e com mais disposi\u00e7\u00e3o.<\/p>\n<p>Al\u00e9m da cafe\u00edna o caf\u00e9 apresenta uma subst\u00e2ncia chamada de \u00e1cido clorog\u00eanico, respons\u00e1vel por grande parte da atividade antioxidante da bebida que tem sido associada a capacidade de inibir as inflama\u00e7\u00f5es e, portanto, reduzir o risco de doen\u00e7as cardiovasculares e outras doen\u00e7as inflamat\u00f3rias. Por \u00faltimo, h\u00e1 ainda a niacina, que \u00e9 uma vitamina do complexo B, formada pela degrada\u00e7\u00e3o de um composto naturalmente presente no gr\u00e3o.<\/p>\n<p>Outra vantagem do consumo di\u00e1rio de caf\u00e9 diz respeito \u00e0 associa\u00e7\u00e3o do caf\u00e9 com depress\u00e3o, j\u00e1 que as subst\u00e2ncias encontradas na bebida estimulam o sistema nervoso central e agem positivamente no humor, na disposi\u00e7\u00e3o, e no desempenho cognitivo devido ao seu efeito psicoestimulante. Al\u00e9m disso, o consumo de caf\u00e9 est\u00e1 intimamente associado a h\u00e1bitos sociais de conv\u00edvio que, por si s\u00f3, aumentam o bem-estar pessoal.<\/p>\n<p>Apesar de todos os benef\u00edcios, o caf\u00e9 tamb\u00e9m pode prejudicar em algumas situa\u00e7\u00f5es, j\u00e1 que o excesso de cafe\u00edna pode ocasionar s\u00edndrome de abstin\u00eancia provocando nervosismo, inquieta\u00e7\u00e3o, altera\u00e7\u00e3o do ritmo card\u00edaco, ins\u00f4nia, al\u00e9m de diversos outros sintomas.<\/p>\n<p>Para que isto se resolva \u00e9 necess\u00e1rio realizar uma desintoxica\u00e7\u00e3o, que pode levar o consumidor de caf\u00e9 a desenvolver dores de cabe\u00e7a, dificuldade de concentra\u00e7\u00e3o e fadiga. A boa not\u00edcia \u00e9 que estes sintomas s\u00e3o transit\u00f3rios.<\/p>\n<p>No fim das contas, a li\u00e7\u00e3o que fica \u00e9 que o cafezinho nosso de cada dia pode ser um \u00f3timo aliado da nossa sa\u00fade, desde que consumido em quantidade adequada.<\/p>\n","protected":false},"excerpt":{"rendered":"<p>Para al\u00e9m do sabor e da sensa\u00e7\u00e3o de aconchego que a bebida proporciona para muitas pessoas, o caf\u00e9 possui subst\u00e2ncias nutritivas que trazem in\u00fameros benef\u00edcios para o organismo, mas a bebida deve ser consumida com modera\u00e7\u00e3o. A cafe\u00edna, que \u00e9 o principal componente do caf\u00e9, pode ser hero\u00edna ou vil\u00e3, dependendo de quanto caf\u00e9 \u00e9 [&hellip;]<\/p>\n","protected":false},"author":9,"featured_media":3057,"comment_status":"open","ping_status":"open","sticky":false,"template":"","format":"standard","meta":{"_acf_changed":false,"site-sidebar-layout":"default","site-content-layout":"","ast-site-content-layout":"default","site-content-style":"default","site-sidebar-style":"default","ast-global-header-display":"","ast-banner-title-visibility":"","ast-main-header-display":"","ast-hfb-above-header-display":"","ast-hfb-below-header-display":"","ast-hfb-mobile-header-display":"","site-post-title":"","ast-breadcrumbs-content":"","ast-featured-img":"","footer-sml-layout":"","theme-transparent-header-meta":"","adv-header-id-meta":"","stick-header-meta":"","header-above-stick-meta":"","header-main-stick-meta":"","header-below-stick-meta":"","astra-migrate-meta-layouts":"default","ast-page-background-enabled":"default","ast-page-background-meta":{"desktop":{"background-color":"var(--ast-global-color-4)","background-image":"","background-repeat":"repeat","background-position":"center center","background-size":"auto","background-attachment":"scroll","background-type":"","background-media":"","overlay-type":"","overlay-color":"","overlay-opacity":"","overlay-gradient":""},"tablet":{"background-color":"","background-image":"","background-repeat":"repeat","background-position":"center center","background-size":"auto","background-attachment":"scroll","background-type":"","background-media":"","overlay-type":"","overlay-color":"","overlay-opacity":"","overlay-gradient":""},"mobile":{"background-color":"","background-image":"","background-repeat":"repeat","background-position":"center center","background-size":"auto","background-attachment":"scroll","background-type":"","background-media":"","overlay-type":"","overlay-color":"","overlay-opacity":"","overlay-gradient":""}},"ast-content-background-meta":{"desktop":{"background-color":"var(--ast-global-color-5)","background-image":"","background-repeat":"repeat","background-position":"center center","background-size":"auto","background-attachment":"scroll","background-type":"","background-media":"","overlay-type":"","overlay-color":"","overlay-opacity":"","overlay-gradient":""},"tablet":{"background-color":"var(--ast-global-color-5)","background-image":"","background-repeat":"repeat","background-position":"center center","background-size":"auto","background-attachment":"scroll","background-type":"","background-media":"","overlay-type":"","overlay-color":"","overlay-opacity":"","overlay-gradient":""},"mobile":{"background-color":"var(--ast-global-color-5)","background-image":"","background-repeat":"repeat","background-position":"center center","background-size":"auto","background-attachment":"scroll","background-type":"","background-media":"","overlay-type":"","overlay-color":"","overlay-opacity":"","overlay-gradient":""}},"footnotes":""},"categories":[1],"tags":[140],"class_list":["post-3053","post","type-post","status-publish","format-standard","has-post-thumbnail","hentry","category-noticias","tag-cafe"],"acf":[],"yoast_head":"<!-- This site is optimized with the Yoast SEO plugin v26.9 - https:\/\/yoast.com\/product\/yoast-seo-wordpress\/ -->\n<title>Dia Internacional do Caf\u00e9 - Usisa\u00fade<\/title>\n<meta name=\"robots\" content=\"index, follow, max-snippet:-1, max-image-preview:large, max-video-preview:-1\" \/>\n<link rel=\"canonical\" href=\"https:\/\/www.fsfx.com.br\/usisaude\/dia-internacional-do-cafe\/\" \/>\n<meta property=\"og:locale\" content=\"pt_BR\" \/>\n<meta property=\"og:type\" content=\"article\" \/>\n<meta property=\"og:title\" content=\"Dia Internacional do Caf\u00e9 - Usisa\u00fade\" \/>\n<meta property=\"og:description\" content=\"Para al\u00e9m do sabor e da sensa\u00e7\u00e3o de aconchego que a bebida proporciona para muitas pessoas, o caf\u00e9 possui subst\u00e2ncias nutritivas que trazem in\u00fameros benef\u00edcios para o organismo, mas a bebida deve ser consumida com modera\u00e7\u00e3o. A cafe\u00edna, que \u00e9 o principal componente do caf\u00e9, pode ser hero\u00edna ou vil\u00e3, dependendo de quanto caf\u00e9 \u00e9 [&hellip;]\" \/>\n<meta property=\"og:url\" content=\"https:\/\/www.fsfx.com.br\/usisaude\/dia-internacional-do-cafe\/\" \/>\n<meta property=\"og:site_name\" content=\"Usisa\u00fade\" \/>\n<meta property=\"article:published_time\" content=\"2016-04-14T18:35:41+00:00\" \/>\n<meta property=\"article:modified_time\" content=\"2024-09-12T18:08:32+00:00\" \/>\n<meta property=\"og:image\" content=\"https:\/\/www.fsfx.com.br\/usisaude\/wp-content\/uploads\/sites\/6\/2016\/04\/cafe3.jpg\" \/>\n\t<meta property=\"og:image:width\" content=\"1200\" \/>\n\t<meta property=\"og:image:height\" content=\"800\" \/>\n\t<meta property=\"og:image:type\" content=\"image\/jpeg\" \/>\n<meta name=\"twitter:card\" content=\"summary_large_image\" \/>\n<meta name=\"twitter:label1\" content=\"Escrito por\" \/>\n\t<meta name=\"twitter:data1\" content=\"\" \/>\n\t<meta name=\"twitter:label2\" content=\"Est. tempo de leitura\" \/>\n\t<meta name=\"twitter:data2\" content=\"2 minutos\" \/>\n<script type=\"application\/ld+json\" class=\"yoast-schema-graph\">{\"@context\":\"https:\/\/schema.org\",\"@graph\":[{\"@type\":\"Article\",\"@id\":\"https:\/\/www.fsfx.com.br\/usisaude\/dia-internacional-do-cafe\/#article\",\"isPartOf\":{\"@id\":\"https:\/\/www.fsfx.com.br\/usisaude\/dia-internacional-do-cafe\/\"},\"author\":{\"name\":\"\",\"@id\":\"\"},\"headline\":\"Dia Internacional do Caf\u00e9\",\"datePublished\":\"2016-04-14T18:35:41+00:00\",\"dateModified\":\"2024-09-12T18:08:32+00:00\",\"mainEntityOfPage\":{\"@id\":\"https:\/\/www.fsfx.com.br\/usisaude\/dia-internacional-do-cafe\/\"},\"wordCount\":373,\"commentCount\":0,\"publisher\":{\"@id\":\"https:\/\/www.fsfx.com.br\/usisaude\/#organization\"},\"image\":{\"@id\":\"https:\/\/www.fsfx.com.br\/usisaude\/dia-internacional-do-cafe\/#primaryimage\"},\"thumbnailUrl\":\"https:\/\/www.fsfx.com.br\/usisaude\/wp-content\/uploads\/sites\/6\/2016\/04\/cafe3.jpg\",\"keywords\":[\"caf\u00e9\"],\"articleSection\":[\"Not\u00edcias\"],\"inLanguage\":\"pt-BR\",\"potentialAction\":[{\"@type\":\"CommentAction\",\"name\":\"Comment\",\"target\":[\"https:\/\/www.fsfx.com.br\/usisaude\/dia-internacional-do-cafe\/#respond\"]}]},{\"@type\":\"WebPage\",\"@id\":\"https:\/\/www.fsfx.com.br\/usisaude\/dia-internacional-do-cafe\/\",\"url\":\"https:\/\/www.fsfx.com.br\/usisaude\/dia-internacional-do-cafe\/\",\"name\":\"Dia Internacional do Caf\u00e9 - Usisa\u00fade\",\"isPartOf\":{\"@id\":\"https:\/\/www.fsfx.com.br\/usisaude\/#website\"},\"primaryImageOfPage\":{\"@id\":\"https:\/\/www.fsfx.com.br\/usisaude\/dia-internacional-do-cafe\/#primaryimage\"},\"image\":{\"@id\":\"https:\/\/www.fsfx.com.br\/usisaude\/dia-internacional-do-cafe\/#primaryimage\"},\"thumbnailUrl\":\"https:\/\/www.fsfx.com.br\/usisaude\/wp-content\/uploads\/sites\/6\/2016\/04\/cafe3.jpg\",\"datePublished\":\"2016-04-14T18:35:41+00:00\",\"dateModified\":\"2024-09-12T18:08:32+00:00\",\"breadcrumb\":{\"@id\":\"https:\/\/www.fsfx.com.br\/usisaude\/dia-internacional-do-cafe\/#breadcrumb\"},\"inLanguage\":\"pt-BR\",\"potentialAction\":[{\"@type\":\"ReadAction\",\"target\":[\"https:\/\/www.fsfx.com.br\/usisaude\/dia-internacional-do-cafe\/\"]}]},{\"@type\":\"ImageObject\",\"inLanguage\":\"pt-BR\",\"@id\":\"https:\/\/www.fsfx.com.br\/usisaude\/dia-internacional-do-cafe\/#primaryimage\",\"url\":\"https:\/\/www.fsfx.com.br\/usisaude\/wp-content\/uploads\/sites\/6\/2016\/04\/cafe3.jpg\",\"contentUrl\":\"https:\/\/www.fsfx.com.br\/usisaude\/wp-content\/uploads\/sites\/6\/2016\/04\/cafe3.jpg\",\"width\":1200,\"height\":800},{\"@type\":\"BreadcrumbList\",\"@id\":\"https:\/\/www.fsfx.com.br\/usisaude\/dia-internacional-do-cafe\/#breadcrumb\",\"itemListElement\":[{\"@type\":\"ListItem\",\"position\":1,\"name\":\"In\u00edcio\",\"item\":\"https:\/\/www.fsfx.com.br\/usisaude\/\"},{\"@type\":\"ListItem\",\"position\":2,\"name\":\"Dia Internacional do Caf\u00e9\"}]},{\"@type\":\"WebSite\",\"@id\":\"https:\/\/www.fsfx.com.br\/usisaude\/#website\",\"url\":\"https:\/\/www.fsfx.com.br\/usisaude\/\",\"name\":\"Usisa\u00fade\",\"description\":\"Somos a Usisa\u00fade, uma operadora de planos de sa\u00fade da Funda\u00e7\u00e3o S\u00e3o Francisco Xavier (FSFX), a maior em modalidade filantr\u00f3pica do pa\u00eds.\",\"publisher\":{\"@id\":\"https:\/\/www.fsfx.com.br\/usisaude\/#organization\"},\"potentialAction\":[{\"@type\":\"SearchAction\",\"target\":{\"@type\":\"EntryPoint\",\"urlTemplate\":\"https:\/\/www.fsfx.com.br\/usisaude\/?s={search_term_string}\"},\"query-input\":{\"@type\":\"PropertyValueSpecification\",\"valueRequired\":true,\"valueName\":\"search_term_string\"}}],\"inLanguage\":\"pt-BR\"},{\"@type\":\"Organization\",\"@id\":\"https:\/\/www.fsfx.com.br\/usisaude\/#organization\",\"name\":\"Usisa\u00fade\",\"url\":\"https:\/\/www.fsfx.com.br\/usisaude\/\",\"logo\":{\"@type\":\"ImageObject\",\"inLanguage\":\"pt-BR\",\"@id\":\"https:\/\/www.fsfx.com.br\/usisaude\/#\/schema\/logo\/image\/\",\"url\":\"https:\/\/www.fsfx.com.br\/usisaude\/wp-content\/uploads\/sites\/6\/2022\/03\/logo-ususaude-1.svg\",\"contentUrl\":\"https:\/\/www.fsfx.com.br\/usisaude\/wp-content\/uploads\/sites\/6\/2022\/03\/logo-ususaude-1.svg\",\"width\":445,\"height\":196,\"caption\":\"Usisa\u00fade\"},\"image\":{\"@id\":\"https:\/\/www.fsfx.com.br\/usisaude\/#\/schema\/logo\/image\/\"}},{\"@type\":\"Person\",\"@id\":\"\",\"url\":\"https:\/\/www.fsfx.com.br\/usisaude\/author\/\"}]}<\/script>\n<!-- \/ Yoast SEO plugin. -->","yoast_head_json":{"title":"Dia Internacional do Caf\u00e9 - Usisa\u00fade","robots":{"index":"index","follow":"follow","max-snippet":"max-snippet:-1","max-image-preview":"max-image-preview:large","max-video-preview":"max-video-preview:-1"},"canonical":"https:\/\/www.fsfx.com.br\/usisaude\/dia-internacional-do-cafe\/","og_locale":"pt_BR","og_type":"article","og_title":"Dia Internacional do Caf\u00e9 - Usisa\u00fade","og_description":"Para al\u00e9m do sabor e da sensa\u00e7\u00e3o de aconchego que a bebida proporciona para muitas pessoas, o caf\u00e9 possui subst\u00e2ncias nutritivas que trazem in\u00fameros benef\u00edcios para o organismo, mas a bebida deve ser consumida com modera\u00e7\u00e3o. A cafe\u00edna, que \u00e9 o principal componente do caf\u00e9, pode ser hero\u00edna ou vil\u00e3, dependendo de quanto caf\u00e9 \u00e9 [&hellip;]","og_url":"https:\/\/www.fsfx.com.br\/usisaude\/dia-internacional-do-cafe\/","og_site_name":"Usisa\u00fade","article_published_time":"2016-04-14T18:35:41+00:00","article_modified_time":"2024-09-12T18:08:32+00:00","og_image":[{"width":1200,"height":800,"url":"https:\/\/www.fsfx.com.br\/usisaude\/wp-content\/uploads\/sites\/6\/2016\/04\/cafe3.jpg","type":"image\/jpeg"}],"twitter_card":"summary_large_image","twitter_misc":{"Escrito por":"","Est. tempo de leitura":"2 minutos"},"schema":{"@context":"https:\/\/schema.org","@graph":[{"@type":"Article","@id":"https:\/\/www.fsfx.com.br\/usisaude\/dia-internacional-do-cafe\/#article","isPartOf":{"@id":"https:\/\/www.fsfx.com.br\/usisaude\/dia-internacional-do-cafe\/"},"author":{"name":"","@id":""},"headline":"Dia Internacional do Caf\u00e9","datePublished":"2016-04-14T18:35:41+00:00","dateModified":"2024-09-12T18:08:32+00:00","mainEntityOfPage":{"@id":"https:\/\/www.fsfx.com.br\/usisaude\/dia-internacional-do-cafe\/"},"wordCount":373,"commentCount":0,"publisher":{"@id":"https:\/\/www.fsfx.com.br\/usisaude\/#organization"},"image":{"@id":"https:\/\/www.fsfx.com.br\/usisaude\/dia-internacional-do-cafe\/#primaryimage"},"thumbnailUrl":"https:\/\/www.fsfx.com.br\/usisaude\/wp-content\/uploads\/sites\/6\/2016\/04\/cafe3.jpg","keywords":["caf\u00e9"],"articleSection":["Not\u00edcias"],"inLanguage":"pt-BR","potentialAction":[{"@type":"CommentAction","name":"Comment","target":["https:\/\/www.fsfx.com.br\/usisaude\/dia-internacional-do-cafe\/#respond"]}]},{"@type":"WebPage","@id":"https:\/\/www.fsfx.com.br\/usisaude\/dia-internacional-do-cafe\/","url":"https:\/\/www.fsfx.com.br\/usisaude\/dia-internacional-do-cafe\/","name":"Dia Internacional do Caf\u00e9 - Usisa\u00fade","isPartOf":{"@id":"https:\/\/www.fsfx.com.br\/usisaude\/#website"},"primaryImageOfPage":{"@id":"https:\/\/www.fsfx.com.br\/usisaude\/dia-internacional-do-cafe\/#primaryimage"},"image":{"@id":"https:\/\/www.fsfx.com.br\/usisaude\/dia-internacional-do-cafe\/#primaryimage"},"thumbnailUrl":"https:\/\/www.fsfx.com.br\/usisaude\/wp-content\/uploads\/sites\/6\/2016\/04\/cafe3.jpg","datePublished":"2016-04-14T18:35:41+00:00","dateModified":"2024-09-12T18:08:32+00:00","breadcrumb":{"@id":"https:\/\/www.fsfx.com.br\/usisaude\/dia-internacional-do-cafe\/#breadcrumb"},"inLanguage":"pt-BR","potentialAction":[{"@type":"ReadAction","target":["https:\/\/www.fsfx.com.br\/usisaude\/dia-internacional-do-cafe\/"]}]},{"@type":"ImageObject","inLanguage":"pt-BR","@id":"https:\/\/www.fsfx.com.br\/usisaude\/dia-internacional-do-cafe\/#primaryimage","url":"https:\/\/www.fsfx.com.br\/usisaude\/wp-content\/uploads\/sites\/6\/2016\/04\/cafe3.jpg","contentUrl":"https:\/\/www.fsfx.com.br\/usisaude\/wp-content\/uploads\/sites\/6\/2016\/04\/cafe3.jpg","width":1200,"height":800},{"@type":"BreadcrumbList","@id":"https:\/\/www.fsfx.com.br\/usisaude\/dia-internacional-do-cafe\/#breadcrumb","itemListElement":[{"@type":"ListItem","position":1,"name":"In\u00edcio","item":"https:\/\/www.fsfx.com.br\/usisaude\/"},{"@type":"ListItem","position":2,"name":"Dia Internacional do Caf\u00e9"}]},{"@type":"WebSite","@id":"https:\/\/www.fsfx.com.br\/usisaude\/#website","url":"https:\/\/www.fsfx.com.br\/usisaude\/","name":"Usisa\u00fade","description":"Somos a Usisa\u00fade, uma operadora de planos de sa\u00fade da Funda\u00e7\u00e3o S\u00e3o Francisco Xavier (FSFX), a maior em modalidade filantr\u00f3pica do pa\u00eds.","publisher":{"@id":"https:\/\/www.fsfx.com.br\/usisaude\/#organization"},"potentialAction":[{"@type":"SearchAction","target":{"@type":"EntryPoint","urlTemplate":"https:\/\/www.fsfx.com.br\/usisaude\/?s={search_term_string}"},"query-input":{"@type":"PropertyValueSpecification","valueRequired":true,"valueName":"search_term_string"}}],"inLanguage":"pt-BR"},{"@type":"Organization","@id":"https:\/\/www.fsfx.com.br\/usisaude\/#organization","name":"Usisa\u00fade","url":"https:\/\/www.fsfx.com.br\/usisaude\/","logo":{"@type":"ImageObject","inLanguage":"pt-BR","@id":"https:\/\/www.fsfx.com.br\/usisaude\/#\/schema\/logo\/image\/","url":"https:\/\/www.fsfx.com.br\/usisaude\/wp-content\/uploads\/sites\/6\/2022\/03\/logo-ususaude-1.svg","contentUrl":"https:\/\/www.fsfx.com.br\/usisaude\/wp-content\/uploads\/sites\/6\/2022\/03\/logo-ususaude-1.svg","width":445,"height":196,"caption":"Usisa\u00fade"},"image":{"@id":"https:\/\/www.fsfx.com.br\/usisaude\/#\/schema\/logo\/image\/"}},{"@type":"Person","@id":"","url":"https:\/\/www.fsfx.com.br\/usisaude\/author\/"}]}},"_links":{"self":[{"href":"https:\/\/www.fsfx.com.br\/usisaude\/wp-json\/wp\/v2\/posts\/3053","targetHints":{"allow":["GET"]}}],"collection":[{"href":"https:\/\/www.fsfx.com.br\/usisaude\/wp-json\/wp\/v2\/posts"}],"about":[{"href":"https:\/\/www.fsfx.com.br\/usisaude\/wp-json\/wp\/v2\/types\/post"}],"author":[{"embeddable":true,"href":"https:\/\/www.fsfx.com.br\/usisaude\/wp-json\/wp\/v2\/users\/9"}],"replies":[{"embeddable":true,"href":"https:\/\/www.fsfx.com.br\/usisaude\/wp-json\/wp\/v2\/comments?post=3053"}],"version-history":[{"count":1,"href":"https:\/\/www.fsfx.com.br\/usisaude\/wp-json\/wp\/v2\/posts\/3053\/revisions"}],"predecessor-version":[{"id":10864,"href":"https:\/\/www.fsfx.com.br\/usisaude\/wp-json\/wp\/v2\/posts\/3053\/revisions\/10864"}],"wp:featuredmedia":[{"embeddable":true,"href":"https:\/\/www.fsfx.com.br\/usisaude\/wp-json\/wp\/v2\/media\/3057"}],"wp:attachment":[{"href":"https:\/\/www.fsfx.com.br\/usisaude\/wp-json\/wp\/v2\/media?parent=3053"}],"wp:term":[{"taxonomy":"category","embeddable":true,"href":"https:\/\/www.fsfx.com.br\/usisaude\/wp-json\/wp\/v2\/categories?post=3053"},{"taxonomy":"post_tag","embeddable":true,"href":"https:\/\/www.fsfx.com.br\/usisaude\/wp-json\/wp\/v2\/tags?post=3053"}],"curies":[{"name":"wp","href":"https:\/\/api.w.org\/{rel}","templated":true}]}}