{"id":3144,"date":"2016-06-09T08:00:39","date_gmt":"2016-06-09T08:00:39","guid":{"rendered":"http:\/\/www.fsfx.com.br\/atituderimacomsaude\/?p=3144"},"modified":"2024-09-12T15:08:29","modified_gmt":"2024-09-12T18:08:29","slug":"dia-mundial-da-imunizacao","status":"publish","type":"post","link":"https:\/\/www.fsfx.com.br\/usisaude\/dia-mundial-da-imunizacao\/","title":{"rendered":"Dia da imuniza\u00e7\u00e3o e a import\u00e2ncia da vacina\u00e7\u00e3o"},"content":{"rendered":"<p><strong>Conte\u00fado atualizado em 03\/07\/2020.<\/strong><\/p>\n<p>A imuniza\u00e7\u00e3o est\u00e1 entre os eventos que contribu\u00edram decisivamente para o aumento da expectativa de vida da humanidade. E o dia 9 de junho foi escolhido para lembrar e celebrar mundialmente este fato.<\/p>\n<p>O principal objetivo dessa data \u00e9 conscientizar a popula\u00e7\u00e3o sobre a import\u00e2ncia de manter as vacinas em dia, diminuindo as chances de contrair doen\u00e7as como a caxumba, o sarampo, o t\u00e9tano, a gripe, entre outras.<\/p>\n<p>Os primeiros anos de vida s\u00e3o marcados por gotinhas e agulhadas, mas com o passar do tempo, o n\u00famero de vacinas diminui at\u00e9 chegarmos \u00e0 fase adulta, tomando apenas algumas.<\/p>\n<h2><b>Hist\u00f3ria da vacina<\/b><\/h2>\n<p><span style=\"font-weight: 400\">No campo da humaniza\u00e7\u00e3o, as vacinas ocupam um dos maiores avan\u00e7os em sa\u00fade j\u00e1 conquistados pelo homem.<\/span><\/p>\n<p><span style=\"font-weight: 400\">A primeira vacina de imuniza\u00e7\u00e3o foi criada pelo m\u00e9dico brit\u00e2nico Edward Jenner, em 1796, quando descobriu como imunizar as pessoas expostas ao v\u00edrus da var\u00edola. Em pouco tempo o processo passou a ser adotado mundialmente.\u00a0<\/span><\/p>\n<p><span style=\"font-weight: 400\">As vacinas s\u00e3o produzidas com propriedades dos pr\u00f3prios agentes causadores das doen\u00e7as, mas em estado inativo. Quando entram em contato com o organismo, o corpo produz anticorpos para combater o agente invasor, o que confere \u00e0 imunidade.<\/span><\/p>\n<h2><b>Qual a import\u00e2ncia da imuniza\u00e7\u00e3o?<\/b><\/h2>\n<p><span style=\"font-weight: 400\">Embora, tenham surgido boatos sobre a vacina\u00e7\u00e3o ser causadora de doen\u00e7as, \u00e9 extremamente importante ressaltar que tais informa\u00e7\u00f5es s\u00e3o <\/span><span style=\"font-weight: 400\">falsas <\/span><span style=\"font-weight: 400\">e ressaltar que tais informa\u00e7\u00f5es s\u00e3o falsas e muito perigosas<\/span><span style=\"font-weight: 400\">. <\/span><\/p>\n<p><span style=\"font-weight: 400\">A manuten\u00e7\u00e3o do esquema vacinal em dia, recebendo todas as doses e refor\u00e7os indicados e as novas vacinas que surgem, \u00e9 uma forma de manter a prote\u00e7\u00e3o de todas as pessoas, independente da idade, g\u00eanero e profiss\u00e3o.<\/span><\/p>\n<p><span style=\"font-weight: 400\">A Organiza\u00e7\u00e3o Mundial de Sa\u00fade alerta que \u201ca imuniza\u00e7\u00e3o salva milh\u00f5es de vidas e \u00e9 amplamente reconhecida como uma das interven\u00e7\u00f5es globais em sa\u00fade de maior sucesso e mais economicamente vi\u00e1veis\u201d.<\/span><\/p>\n<h2><b>Conhe\u00e7a o Programa Nacional de <\/b><b>V<\/b><b>acina\u00e7\u00e3o<\/b><\/h2>\n<p><span style=\"font-weight: 400\">No Brasil, o Minist\u00e9rio da Sa\u00fade criou o Programa Nacional de Imuniza\u00e7\u00f5es (PNI) que se destaca entre os melhores programas de imuniza\u00e7\u00e3o do mundo, respons\u00e1vel pela administra\u00e7\u00e3o do Calend\u00e1rio Nacional de Vacina\u00e7\u00e3o, que inclui orienta\u00e7\u00f5es para crian\u00e7as, adolescentes, adultos e idosos. Todas as vacinas do PNI podem ser tomadas gratuitamente em postos de sa\u00fade.<\/span><\/p>\n<p><span style=\"font-weight: 400\">No pa\u00eds,<\/span><span style=\"font-weight: 400\">\u00a0<\/span><span style=\"font-weight: 400\">o Minist\u00e9rio da Sa\u00fade promove duas campanhas anuais de vacina\u00e7\u00e3o:\u00a0<\/span><\/p>\n<ul>\n<li><span style=\"font-weight: 400\"> Campanha Nacional de Vacina\u00e7\u00e3o contra Influenza (Gripe), realizada no primeiro semestre, antecedendo o per\u00edodo mais frio do ano.<\/span><\/li>\n<li><span style=\"font-weight: 400\"> Campanha de Multivacina\u00e7\u00e3o para a Atualiza\u00e7\u00e3o da Caderneta de Vacina\u00e7\u00e3o<\/span><\/li>\n<\/ul>\n<p><span style=\"font-weight: 400\">Al\u00e9m disso, a cada quatro anos, todas as crian\u00e7as menores de cinco s\u00e3o tamb\u00e9m alvo da campanha de vacina\u00e7\u00e3o contra sarampo (Campanha de Seguimento contra Sarampo).<\/span><\/p>\n<p>Fique atento as datas dispon\u00edveis no site oficial do Minist\u00e9rio da Sa\u00fade. E se perder alguma data, procure um posto de sa\u00fade ou laborat\u00f3rio de confian\u00e7a para receber as vacinas pendentes. Outra sugest\u00e3o \u00e9 aproveitar o Dia da Imuniza\u00e7\u00e3o para atualizar o seu cart\u00e3o de vacinas.<\/p>\n<p>\u00c9 importante lembrar que aos doze meses de idade, a crian\u00e7a j\u00e1 dever\u00e1 ter tomado todas as vacinas do esquema b\u00e1sico. Confira aqui o calend\u00e1rio nacional de vacina\u00e7\u00e3o infantil:<\/p>\n<p><a href=\"http:\/\/atituderimacomsaude.com.br\/vacinacao-ate-1-ano-de-idade-dicas-para-cuidar-da-saude-do-bebe\/\">http:\/\/atituderimacomsaude.com.br\/vacinacao-ate-1-ano-de-idade-dicas-para-cuidar-da-saude-do-bebe\/<\/a><\/p>\n<p>Ah! Vale ressaltar que cada pa\u00eds tem uma lista espec\u00edfica de vacina\u00e7\u00e3o. Por isso antes de viajar para o exterior ou \u00e1reas de fronteira, n\u00e3o esque\u00e7a de verificar a lista de cada pa\u00eds. Saiba mais em:<\/p>\n<p><a href=\"http:\/\/atituderimacomsaude.com.br\/vacinacoes-orientacao-aos-viajantes\/\">http:\/\/atituderimacomsaude.com.br\/vacinacoes-orientacao-aos-viajantes\/<\/a><\/p>\n<p><strong>Refer\u00eancias:<\/strong><br \/>\n<a href=\"https:\/\/amb.org.br\/noticias\/dia-mundial-da-imunizacao\/\">https:\/\/amb.org.br\/noticias\/dia-mundial-da-imunizacao\/<\/a><br \/>\n<a href=\"https:\/\/portalarquivos.saude.gov.br\/campanhas\/pni\/o-que-e.html\">https:\/\/portalarquivos.saude.gov.br\/campanhas\/pni\/o-que-e.html<\/a><br \/>\n<a href=\"https:\/\/www.saude.gov.br\/saude-de-a-z\/vacinacao\/campanhas\">https:\/\/www.saude.gov.br\/saude-de-a-z\/vacinacao\/campanhas<\/a><\/p>\n","protected":false},"excerpt":{"rendered":"<p>Conte\u00fado atualizado em 03\/07\/2020. A imuniza\u00e7\u00e3o est\u00e1 entre os eventos que contribu\u00edram decisivamente para o aumento da expectativa de vida da humanidade. E o dia 9 de junho foi escolhido para lembrar e celebrar mundialmente este fato. O principal objetivo dessa data \u00e9 conscientizar a popula\u00e7\u00e3o sobre a import\u00e2ncia de manter as vacinas em dia, [&hellip;]<\/p>\n","protected":false},"author":9,"featured_media":3916,"comment_status":"open","ping_status":"open","sticky":false,"template":"","format":"standard","meta":{"_acf_changed":false,"site-sidebar-layout":"default","site-content-layout":"","ast-site-content-layout":"default","site-content-style":"default","site-sidebar-style":"default","ast-global-header-display":"","ast-banner-title-visibility":"","ast-main-header-display":"","ast-hfb-above-header-display":"","ast-hfb-below-header-display":"","ast-hfb-mobile-header-display":"","site-post-title":"","ast-breadcrumbs-content":"","ast-featured-img":"","footer-sml-layout":"","theme-transparent-header-meta":"","adv-header-id-meta":"","stick-header-meta":"","header-above-stick-meta":"","header-main-stick-meta":"","header-below-stick-meta":"","astra-migrate-meta-layouts":"default","ast-page-background-enabled":"default","ast-page-background-meta":{"desktop":{"background-color":"var(--ast-global-color-4)","background-image":"","background-repeat":"repeat","background-position":"center center","background-size":"auto","background-attachment":"scroll","background-type":"","background-media":"","overlay-type":"","overlay-color":"","overlay-opacity":"","overlay-gradient":""},"tablet":{"background-color":"","background-image":"","background-repeat":"repeat","background-position":"center center","background-size":"auto","background-attachment":"scroll","background-type":"","background-media":"","overlay-type":"","overlay-color":"","overlay-opacity":"","overlay-gradient":""},"mobile":{"background-color":"","background-image":"","background-repeat":"repeat","background-position":"center center","background-size":"auto","background-attachment":"scroll","background-type":"","background-media":"","overlay-type":"","overlay-color":"","overlay-opacity":"","overlay-gradient":""}},"ast-content-background-meta":{"desktop":{"background-color":"var(--ast-global-color-5)","background-image":"","background-repeat":"repeat","background-position":"center center","background-size":"auto","background-attachment":"scroll","background-type":"","background-media":"","overlay-type":"","overlay-color":"","overlay-opacity":"","overlay-gradient":""},"tablet":{"background-color":"var(--ast-global-color-5)","background-image":"","background-repeat":"repeat","background-position":"center center","background-size":"auto","background-attachment":"scroll","background-type":"","background-media":"","overlay-type":"","overlay-color":"","overlay-opacity":"","overlay-gradient":""},"mobile":{"background-color":"var(--ast-global-color-5)","background-image":"","background-repeat":"repeat","background-position":"center center","background-size":"auto","background-attachment":"scroll","background-type":"","background-media":"","overlay-type":"","overlay-color":"","overlay-opacity":"","overlay-gradient":""}},"footnotes":""},"categories":[1],"tags":[],"class_list":["post-3144","post","type-post","status-publish","format-standard","has-post-thumbnail","hentry","category-noticias"],"acf":[],"yoast_head":"<!-- This site is optimized with the Yoast SEO plugin v26.9 - https:\/\/yoast.com\/product\/yoast-seo-wordpress\/ -->\n<title>Dia da imuniza\u00e7\u00e3o e a import\u00e2ncia da vacina\u00e7\u00e3o - Usisa\u00fade<\/title>\n<meta name=\"robots\" content=\"index, follow, max-snippet:-1, max-image-preview:large, max-video-preview:-1\" \/>\n<link rel=\"canonical\" href=\"https:\/\/www.fsfx.com.br\/usisaude\/dia-mundial-da-imunizacao\/\" \/>\n<meta property=\"og:locale\" content=\"pt_BR\" \/>\n<meta property=\"og:type\" content=\"article\" \/>\n<meta property=\"og:title\" content=\"Dia da imuniza\u00e7\u00e3o e a import\u00e2ncia da vacina\u00e7\u00e3o - Usisa\u00fade\" \/>\n<meta property=\"og:description\" content=\"Conte\u00fado atualizado em 03\/07\/2020. A imuniza\u00e7\u00e3o est\u00e1 entre os eventos que contribu\u00edram decisivamente para o aumento da expectativa de vida da humanidade. E o dia 9 de junho foi escolhido para lembrar e celebrar mundialmente este fato. O principal objetivo dessa data \u00e9 conscientizar a popula\u00e7\u00e3o sobre a import\u00e2ncia de manter as vacinas em dia, [&hellip;]\" \/>\n<meta property=\"og:url\" content=\"https:\/\/www.fsfx.com.br\/usisaude\/dia-mundial-da-imunizacao\/\" \/>\n<meta property=\"og:site_name\" content=\"Usisa\u00fade\" \/>\n<meta property=\"article:published_time\" content=\"2016-06-09T08:00:39+00:00\" \/>\n<meta property=\"article:modified_time\" content=\"2024-09-12T18:08:29+00:00\" \/>\n<meta name=\"twitter:card\" content=\"summary_large_image\" \/>\n<meta name=\"twitter:label1\" content=\"Escrito por\" \/>\n\t<meta name=\"twitter:data1\" content=\"\" \/>\n\t<meta name=\"twitter:label2\" content=\"Est. tempo de leitura\" \/>\n\t<meta name=\"twitter:data2\" content=\"3 minutos\" \/>\n<script type=\"application\/ld+json\" class=\"yoast-schema-graph\">{\"@context\":\"https:\/\/schema.org\",\"@graph\":[{\"@type\":\"Article\",\"@id\":\"https:\/\/www.fsfx.com.br\/usisaude\/dia-mundial-da-imunizacao\/#article\",\"isPartOf\":{\"@id\":\"https:\/\/www.fsfx.com.br\/usisaude\/dia-mundial-da-imunizacao\/\"},\"author\":{\"name\":\"\",\"@id\":\"\"},\"headline\":\"Dia da imuniza\u00e7\u00e3o e a import\u00e2ncia da vacina\u00e7\u00e3o\",\"datePublished\":\"2016-06-09T08:00:39+00:00\",\"dateModified\":\"2024-09-12T18:08:29+00:00\",\"mainEntityOfPage\":{\"@id\":\"https:\/\/www.fsfx.com.br\/usisaude\/dia-mundial-da-imunizacao\/\"},\"wordCount\":658,\"commentCount\":0,\"publisher\":{\"@id\":\"https:\/\/www.fsfx.com.br\/usisaude\/#organization\"},\"image\":{\"@id\":\"https:\/\/www.fsfx.com.br\/usisaude\/dia-mundial-da-imunizacao\/#primaryimage\"},\"thumbnailUrl\":\"\",\"articleSection\":[\"Not\u00edcias\"],\"inLanguage\":\"pt-BR\",\"potentialAction\":[{\"@type\":\"CommentAction\",\"name\":\"Comment\",\"target\":[\"https:\/\/www.fsfx.com.br\/usisaude\/dia-mundial-da-imunizacao\/#respond\"]}]},{\"@type\":\"WebPage\",\"@id\":\"https:\/\/www.fsfx.com.br\/usisaude\/dia-mundial-da-imunizacao\/\",\"url\":\"https:\/\/www.fsfx.com.br\/usisaude\/dia-mundial-da-imunizacao\/\",\"name\":\"Dia da imuniza\u00e7\u00e3o e a import\u00e2ncia da vacina\u00e7\u00e3o - Usisa\u00fade\",\"isPartOf\":{\"@id\":\"https:\/\/www.fsfx.com.br\/usisaude\/#website\"},\"primaryImageOfPage\":{\"@id\":\"https:\/\/www.fsfx.com.br\/usisaude\/dia-mundial-da-imunizacao\/#primaryimage\"},\"image\":{\"@id\":\"https:\/\/www.fsfx.com.br\/usisaude\/dia-mundial-da-imunizacao\/#primaryimage\"},\"thumbnailUrl\":\"\",\"datePublished\":\"2016-06-09T08:00:39+00:00\",\"dateModified\":\"2024-09-12T18:08:29+00:00\",\"breadcrumb\":{\"@id\":\"https:\/\/www.fsfx.com.br\/usisaude\/dia-mundial-da-imunizacao\/#breadcrumb\"},\"inLanguage\":\"pt-BR\",\"potentialAction\":[{\"@type\":\"ReadAction\",\"target\":[\"https:\/\/www.fsfx.com.br\/usisaude\/dia-mundial-da-imunizacao\/\"]}]},{\"@type\":\"ImageObject\",\"inLanguage\":\"pt-BR\",\"@id\":\"https:\/\/www.fsfx.com.br\/usisaude\/dia-mundial-da-imunizacao\/#primaryimage\",\"url\":\"\",\"contentUrl\":\"\"},{\"@type\":\"BreadcrumbList\",\"@id\":\"https:\/\/www.fsfx.com.br\/usisaude\/dia-mundial-da-imunizacao\/#breadcrumb\",\"itemListElement\":[{\"@type\":\"ListItem\",\"position\":1,\"name\":\"In\u00edcio\",\"item\":\"https:\/\/www.fsfx.com.br\/usisaude\/\"},{\"@type\":\"ListItem\",\"position\":2,\"name\":\"Dia da imuniza\u00e7\u00e3o e a import\u00e2ncia da vacina\u00e7\u00e3o\"}]},{\"@type\":\"WebSite\",\"@id\":\"https:\/\/www.fsfx.com.br\/usisaude\/#website\",\"url\":\"https:\/\/www.fsfx.com.br\/usisaude\/\",\"name\":\"Usisa\u00fade\",\"description\":\"Somos a Usisa\u00fade, uma operadora de planos de sa\u00fade da Funda\u00e7\u00e3o S\u00e3o Francisco Xavier (FSFX), a maior em modalidade filantr\u00f3pica do pa\u00eds.\",\"publisher\":{\"@id\":\"https:\/\/www.fsfx.com.br\/usisaude\/#organization\"},\"potentialAction\":[{\"@type\":\"SearchAction\",\"target\":{\"@type\":\"EntryPoint\",\"urlTemplate\":\"https:\/\/www.fsfx.com.br\/usisaude\/?s={search_term_string}\"},\"query-input\":{\"@type\":\"PropertyValueSpecification\",\"valueRequired\":true,\"valueName\":\"search_term_string\"}}],\"inLanguage\":\"pt-BR\"},{\"@type\":\"Organization\",\"@id\":\"https:\/\/www.fsfx.com.br\/usisaude\/#organization\",\"name\":\"Usisa\u00fade\",\"url\":\"https:\/\/www.fsfx.com.br\/usisaude\/\",\"logo\":{\"@type\":\"ImageObject\",\"inLanguage\":\"pt-BR\",\"@id\":\"https:\/\/www.fsfx.com.br\/usisaude\/#\/schema\/logo\/image\/\",\"url\":\"https:\/\/www.fsfx.com.br\/usisaude\/wp-content\/uploads\/sites\/6\/2022\/03\/logo-ususaude-1.svg\",\"contentUrl\":\"https:\/\/www.fsfx.com.br\/usisaude\/wp-content\/uploads\/sites\/6\/2022\/03\/logo-ususaude-1.svg\",\"width\":445,\"height\":196,\"caption\":\"Usisa\u00fade\"},\"image\":{\"@id\":\"https:\/\/www.fsfx.com.br\/usisaude\/#\/schema\/logo\/image\/\"}},{\"@type\":\"Person\",\"@id\":\"\",\"url\":\"https:\/\/www.fsfx.com.br\/usisaude\/author\/\"}]}<\/script>\n<!-- \/ Yoast SEO plugin. -->","yoast_head_json":{"title":"Dia da imuniza\u00e7\u00e3o e a import\u00e2ncia da vacina\u00e7\u00e3o - Usisa\u00fade","robots":{"index":"index","follow":"follow","max-snippet":"max-snippet:-1","max-image-preview":"max-image-preview:large","max-video-preview":"max-video-preview:-1"},"canonical":"https:\/\/www.fsfx.com.br\/usisaude\/dia-mundial-da-imunizacao\/","og_locale":"pt_BR","og_type":"article","og_title":"Dia da imuniza\u00e7\u00e3o e a import\u00e2ncia da vacina\u00e7\u00e3o - Usisa\u00fade","og_description":"Conte\u00fado atualizado em 03\/07\/2020. A imuniza\u00e7\u00e3o est\u00e1 entre os eventos que contribu\u00edram decisivamente para o aumento da expectativa de vida da humanidade. E o dia 9 de junho foi escolhido para lembrar e celebrar mundialmente este fato. O principal objetivo dessa data \u00e9 conscientizar a popula\u00e7\u00e3o sobre a import\u00e2ncia de manter as vacinas em dia, [&hellip;]","og_url":"https:\/\/www.fsfx.com.br\/usisaude\/dia-mundial-da-imunizacao\/","og_site_name":"Usisa\u00fade","article_published_time":"2016-06-09T08:00:39+00:00","article_modified_time":"2024-09-12T18:08:29+00:00","twitter_card":"summary_large_image","twitter_misc":{"Escrito por":"","Est. tempo de leitura":"3 minutos"},"schema":{"@context":"https:\/\/schema.org","@graph":[{"@type":"Article","@id":"https:\/\/www.fsfx.com.br\/usisaude\/dia-mundial-da-imunizacao\/#article","isPartOf":{"@id":"https:\/\/www.fsfx.com.br\/usisaude\/dia-mundial-da-imunizacao\/"},"author":{"name":"","@id":""},"headline":"Dia da imuniza\u00e7\u00e3o e a import\u00e2ncia da vacina\u00e7\u00e3o","datePublished":"2016-06-09T08:00:39+00:00","dateModified":"2024-09-12T18:08:29+00:00","mainEntityOfPage":{"@id":"https:\/\/www.fsfx.com.br\/usisaude\/dia-mundial-da-imunizacao\/"},"wordCount":658,"commentCount":0,"publisher":{"@id":"https:\/\/www.fsfx.com.br\/usisaude\/#organization"},"image":{"@id":"https:\/\/www.fsfx.com.br\/usisaude\/dia-mundial-da-imunizacao\/#primaryimage"},"thumbnailUrl":"","articleSection":["Not\u00edcias"],"inLanguage":"pt-BR","potentialAction":[{"@type":"CommentAction","name":"Comment","target":["https:\/\/www.fsfx.com.br\/usisaude\/dia-mundial-da-imunizacao\/#respond"]}]},{"@type":"WebPage","@id":"https:\/\/www.fsfx.com.br\/usisaude\/dia-mundial-da-imunizacao\/","url":"https:\/\/www.fsfx.com.br\/usisaude\/dia-mundial-da-imunizacao\/","name":"Dia da imuniza\u00e7\u00e3o e a import\u00e2ncia da vacina\u00e7\u00e3o - Usisa\u00fade","isPartOf":{"@id":"https:\/\/www.fsfx.com.br\/usisaude\/#website"},"primaryImageOfPage":{"@id":"https:\/\/www.fsfx.com.br\/usisaude\/dia-mundial-da-imunizacao\/#primaryimage"},"image":{"@id":"https:\/\/www.fsfx.com.br\/usisaude\/dia-mundial-da-imunizacao\/#primaryimage"},"thumbnailUrl":"","datePublished":"2016-06-09T08:00:39+00:00","dateModified":"2024-09-12T18:08:29+00:00","breadcrumb":{"@id":"https:\/\/www.fsfx.com.br\/usisaude\/dia-mundial-da-imunizacao\/#breadcrumb"},"inLanguage":"pt-BR","potentialAction":[{"@type":"ReadAction","target":["https:\/\/www.fsfx.com.br\/usisaude\/dia-mundial-da-imunizacao\/"]}]},{"@type":"ImageObject","inLanguage":"pt-BR","@id":"https:\/\/www.fsfx.com.br\/usisaude\/dia-mundial-da-imunizacao\/#primaryimage","url":"","contentUrl":""},{"@type":"BreadcrumbList","@id":"https:\/\/www.fsfx.com.br\/usisaude\/dia-mundial-da-imunizacao\/#breadcrumb","itemListElement":[{"@type":"ListItem","position":1,"name":"In\u00edcio","item":"https:\/\/www.fsfx.com.br\/usisaude\/"},{"@type":"ListItem","position":2,"name":"Dia da imuniza\u00e7\u00e3o e a import\u00e2ncia da vacina\u00e7\u00e3o"}]},{"@type":"WebSite","@id":"https:\/\/www.fsfx.com.br\/usisaude\/#website","url":"https:\/\/www.fsfx.com.br\/usisaude\/","name":"Usisa\u00fade","description":"Somos a Usisa\u00fade, uma operadora de planos de sa\u00fade da Funda\u00e7\u00e3o S\u00e3o Francisco Xavier (FSFX), a maior em modalidade filantr\u00f3pica do pa\u00eds.","publisher":{"@id":"https:\/\/www.fsfx.com.br\/usisaude\/#organization"},"potentialAction":[{"@type":"SearchAction","target":{"@type":"EntryPoint","urlTemplate":"https:\/\/www.fsfx.com.br\/usisaude\/?s={search_term_string}"},"query-input":{"@type":"PropertyValueSpecification","valueRequired":true,"valueName":"search_term_string"}}],"inLanguage":"pt-BR"},{"@type":"Organization","@id":"https:\/\/www.fsfx.com.br\/usisaude\/#organization","name":"Usisa\u00fade","url":"https:\/\/www.fsfx.com.br\/usisaude\/","logo":{"@type":"ImageObject","inLanguage":"pt-BR","@id":"https:\/\/www.fsfx.com.br\/usisaude\/#\/schema\/logo\/image\/","url":"https:\/\/www.fsfx.com.br\/usisaude\/wp-content\/uploads\/sites\/6\/2022\/03\/logo-ususaude-1.svg","contentUrl":"https:\/\/www.fsfx.com.br\/usisaude\/wp-content\/uploads\/sites\/6\/2022\/03\/logo-ususaude-1.svg","width":445,"height":196,"caption":"Usisa\u00fade"},"image":{"@id":"https:\/\/www.fsfx.com.br\/usisaude\/#\/schema\/logo\/image\/"}},{"@type":"Person","@id":"","url":"https:\/\/www.fsfx.com.br\/usisaude\/author\/"}]}},"_links":{"self":[{"href":"https:\/\/www.fsfx.com.br\/usisaude\/wp-json\/wp\/v2\/posts\/3144","targetHints":{"allow":["GET"]}}],"collection":[{"href":"https:\/\/www.fsfx.com.br\/usisaude\/wp-json\/wp\/v2\/posts"}],"about":[{"href":"https:\/\/www.fsfx.com.br\/usisaude\/wp-json\/wp\/v2\/types\/post"}],"author":[{"embeddable":true,"href":"https:\/\/www.fsfx.com.br\/usisaude\/wp-json\/wp\/v2\/users\/9"}],"replies":[{"embeddable":true,"href":"https:\/\/www.fsfx.com.br\/usisaude\/wp-json\/wp\/v2\/comments?post=3144"}],"version-history":[{"count":1,"href":"https:\/\/www.fsfx.com.br\/usisaude\/wp-json\/wp\/v2\/posts\/3144\/revisions"}],"predecessor-version":[{"id":10849,"href":"https:\/\/www.fsfx.com.br\/usisaude\/wp-json\/wp\/v2\/posts\/3144\/revisions\/10849"}],"wp:featuredmedia":[{"embeddable":true,"href":"https:\/\/www.fsfx.com.br\/usisaude\/wp-json\/"}],"wp:attachment":[{"href":"https:\/\/www.fsfx.com.br\/usisaude\/wp-json\/wp\/v2\/media?parent=3144"}],"wp:term":[{"taxonomy":"category","embeddable":true,"href":"https:\/\/www.fsfx.com.br\/usisaude\/wp-json\/wp\/v2\/categories?post=3144"},{"taxonomy":"post_tag","embeddable":true,"href":"https:\/\/www.fsfx.com.br\/usisaude\/wp-json\/wp\/v2\/tags?post=3144"}],"curies":[{"name":"wp","href":"https:\/\/api.w.org\/{rel}","templated":true}]}}