{"id":3156,"date":"2016-06-16T18:47:36","date_gmt":"2016-06-16T21:47:36","guid":{"rendered":"http:\/\/www.fsfx.com.br\/atituderimacomsaude\/?p=3156"},"modified":"2024-09-12T15:08:29","modified_gmt":"2024-09-12T18:08:29","slug":"falando-sobre-sindrome-do-panico","status":"publish","type":"post","link":"https:\/\/www.fsfx.com.br\/usisaude\/falando-sobre-sindrome-do-panico\/","title":{"rendered":"O que \u00e9 a s\u00edndrome do p\u00e2nico e como identificar?"},"content":{"rendered":"<p><span style=\"font-weight: 400\">Tempo de leitura<\/span><span style=\"font-weight: 400\">:<\/span><span style=\"font-weight: 400\"> 6 minutos.<\/span><\/p>\n<p><strong>Conte\u00fado atualizado em 03\/02\/2022<\/strong><\/p>\n<p><span style=\"font-weight: 400\">O que leva uma pessoa a desenvolver a S\u00edndrome do P\u00e2nico? Assim como as sensa\u00e7\u00f5es, esse \u00e9 um transtorno que pode surgir de repente e desencadear uma s\u00e9rie de sentimentos desagrad\u00e1veis, trazendo sintomas f\u00edsicos e emocionais.\u00a0<\/span><\/p>\n<p><span style=\"font-weight: 400\">A S\u00edndrome do P\u00e2nico \u00e9 uma doen\u00e7a mental muito comum, e estima-se que aproximadamente 4% da popula\u00e7\u00e3o mundial sofram com o transtorno, segundo a Organiza\u00e7\u00e3o Mundial da Sa\u00fade. Qualquer pessoa pode desenvolver a s\u00edndrome, da inf\u00e2ncia ao adulto, no entanto, sua manifesta\u00e7\u00e3o pode ser mais comum na adolesc\u00eancia e in\u00edcio da vida adulta. Sem uma causa ou gatilho aparentes, pode ocorrer repetidamente, ao longo de um dia, ou criar espa\u00e7os entre meses e anos.<\/span><\/p>\n<p><span style=\"font-weight: 400\">Neste post voc\u00ea vai entender melhor o que \u00e9 a S\u00edndrome do P\u00e2nico, como acontece e quais s\u00e3o os sintomas. Continue lendo e veja o que pode desencadear o seu desenvolvimento, e como tratar a condi\u00e7\u00e3o e ter mais qualidade de vida!<\/span><\/p>\n<h2><b>O que \u00e9 a <\/b><b>S\u00edndrome do P\u00e2nico?<\/b><\/h2>\n<p><span style=\"font-weight: 400\">A S\u00edndrome do P\u00e2nico \u00e9 uma doen\u00e7a caracterizada por ataques repentinos de ansiedade aguda, que consistem em uma sensa\u00e7\u00e3o de medo ou mal-estar intenso.<\/span><\/p>\n<p><span style=\"font-weight: 400\">Uma crise de p\u00e2nico \u00e9 semelhante a um ataque card\u00edaco, e a pessoa pode sentir aumento nos batimentos, respira\u00e7\u00e3o acelerada, tontura e at\u00e9 dores no peito. Associado a tudo isso, vem a sensa\u00e7\u00e3o de que est\u00e1 a um passo da morte.\u00a0<\/span><\/p>\n<p><span style=\"font-weight: 400\">Por se parecer com um infarto, \u00e9 comum as pessoas buscarem por um atendimento direcionado ao cardiologista e, ao identificarem que est\u00e1 tudo bem com sua sa\u00fade f\u00edsica, podem esquecer do assunto. Entretanto, os epis\u00f3dios podem se repetir de forma aleat\u00f3ria, desencadeando a <\/span><span style=\"font-weight: 400\">s\u00edndrome do p\u00e2nico<\/span><span style=\"font-weight: 400\">.<\/span><\/p>\n<p><span style=\"font-weight: 400\">Um agravante aos portadores da doen\u00e7a \u00e9 que o impacto \u00e9 t\u00e3o forte que potencializa a preocupa\u00e7\u00e3o com a ocorr\u00eancia de novos ataques. Isto faz com que eles vivam sob constante inseguran\u00e7a, em sofrimento, comprometendo em muito sua qualidade de vida.<\/span><\/p>\n<p><span style=\"font-weight: 400\">N\u00e3o existe um consenso sobre as causa das crises de p\u00e2nico, mas existem hip\u00f3teses de que alguns fatores estejam envolvidos como: situa\u00e7\u00f5es estressantes extremas, traumas (acidentes, abuso, etc), fatores gen\u00e9ticos, depress\u00e3o, ansiedade, baixa auto estima, sentimento de culpa, uso abusivo de medicamentos, \u00e1lcool e drogas. E \u00e9 uma S\u00edndrome mais comum em mulheres, justificada possivelmente pela sensibiliza\u00e7\u00e3o feminina das estruturas cerebrais nos momentos de oscila\u00e7\u00e3o dos horm\u00f4nios.<\/span><\/p>\n<h2><b>Quais s\u00e3o os sintomas da s\u00edndrome do p\u00e2nico?<\/b><\/h2>\n<p><span style=\"font-weight: 400\">Al\u00e9m do caracter\u00edstico medo cont\u00ednuo sem um motivo concreto, a crise de S\u00edndrome do P\u00e2nico vem acompanhada de sintomas f\u00edsicos, como:<\/span><\/p>\n<ul>\n<li style=\"font-weight: 400\"><span style=\"font-weight: 400\">diarreia<\/span><\/li>\n<li style=\"font-weight: 400\"><span style=\"font-weight: 400\">falta de ar<\/span><\/li>\n<li style=\"font-weight: 400\"><span style=\"font-weight: 400\">respira\u00e7\u00e3o acelerada<\/span><\/li>\n<li style=\"font-weight: 400\"><span style=\"font-weight: 400\">dor no peito<\/span><\/li>\n<li style=\"font-weight: 400\"><span style=\"font-weight: 400\">dores de cabe\u00e7a<\/span><\/li>\n<li style=\"font-weight: 400\"><span style=\"font-weight: 400\">medo de morrer<\/span><\/li>\n<li style=\"font-weight: 400\"><span style=\"font-weight: 400\">medo de dirigir<\/span><\/li>\n<li style=\"font-weight: 400\"><span style=\"font-weight: 400\">pavor de lugares fechados<\/span><\/li>\n<li style=\"font-weight: 400\"><span style=\"font-weight: 400\">arrepios e calores<\/span><\/li>\n<li style=\"font-weight: 400\"><span style=\"font-weight: 400\">\u00a0<\/span><span style=\"font-weight: 400\">tontura<\/span><\/li>\n<li style=\"font-weight: 400\"><span style=\"font-weight: 400\">n\u00e1usea<\/span><\/li>\n<li style=\"font-weight: 400\"><span style=\"font-weight: 400\">sudorese<\/span><\/li>\n<li style=\"font-weight: 400\"><span style=\"font-weight: 400\">muito calor ou muito frio<\/span><\/li>\n<li style=\"font-weight: 400\"><span style=\"font-weight: 400\">formigamento dos membros ou rosto<\/span><\/li>\n<li style=\"font-weight: 400\"><span style=\"font-weight: 400\">distanciamento da realidade<\/span><\/li>\n<li style=\"font-weight: 400\"><span style=\"font-weight: 400\">fraqueza nas pernas<\/span><\/li>\n<li style=\"font-weight: 400\"><span style=\"font-weight: 400\">taquicardia<\/span><\/li>\n<li style=\"font-weight: 400\"><span style=\"font-weight: 400\">medo de parar de respirar<\/span><\/li>\n<\/ul>\n<p><span style=\"font-weight: 400\">Al\u00e9m dos sintomas citados durante a crise, os indiv\u00edduos costumam ter preocupa\u00e7\u00e3o exagerada em rela\u00e7\u00e3o \u00e0 sa\u00fade, agorafobia: (medo de sair de casa, de estar em espa\u00e7os p\u00fablicos e ter contato com outras pessoas), depress\u00e3o, ansiedade, medo do ataque de p\u00e2nico.<\/span><\/p>\n<p><span style=\"font-weight: 400\">Uma outra caracter\u00edstica, relatada por quem j\u00e1 passou por uma crise de p\u00e2nico \u00e9 que, estava tudo normal e, repentinamente, os sintomas aparecem.<\/span><\/p>\n<h2><b>Como tratar a s\u00edndrome do p\u00e2nico?<\/b><\/h2>\n<p><span style=\"font-weight: 400\">Uma crise de p\u00e2nico pode alcan\u00e7ar sua intensidade m\u00e1xima em at\u00e9 10 minutos. As crises s\u00e3o curtas, mas, nesse per\u00edodo, o portador experimenta uma sequ\u00eancia de sensa\u00e7\u00f5es muito ruins, desde a perda do autocontrole, a certeza de enlouquecimento iminente e de que est\u00e1 a um passo da morte.<\/span><\/p>\n<p><span style=\"font-weight: 400\">A S\u00edndrome do P\u00e2nico pode ser tratada atrav\u00e9s do uso de medicamentos e psicoterapia. Exerc\u00edcios f\u00edsicos tamb\u00e9m podem ser muito ben\u00e9ficos ao paciente portador da doen\u00e7a. Para diagnosticar a doen\u00e7a e definir a melhor forma de tratamento \u00e9 preciso o apoio de um profissional da \u00e1rea de psiquiatria. Quanto antes o quadro for diagnosticado e tratado, maiores as chances de uma vida saud\u00e1vel e tranquila.<\/span><\/p>\n<p><span style=\"font-weight: 400\">O diagn\u00f3stico \u00e9 feito ap\u00f3s um processo investigativo, de hist\u00f3rico e recorr\u00eancia dos epis\u00f3dios. Fatos isolados, que geram<\/span><a href=\"https:\/\/atituderimacomsaude.com.br\/6-dicas-para-ajudar-a-controlar-a-ansiedade\/\"> <span style=\"font-weight: 400\">crises pontuais de ansiedade<\/span><\/a><span style=\"font-weight: 400\"> n\u00e3o s\u00e3o suficientes para atribuir \u00e0 S\u00edndrome do P\u00e2nico.<\/span><\/p>\n<p><span style=\"font-weight: 400\">O tratamento \u00e9 vari\u00e1vel, considerando a intensidade e os per\u00edodos de espa\u00e7o entre uma crise e outra. Tanto o profissional especializado, quanto uma equipe multidisciplinar devem\u00a0 acompanhar as rea\u00e7\u00f5es aos medicamentos e interven\u00e7\u00f5es recomendadas.<\/span><\/p>\n<p><span style=\"font-weight: 400\">A melhora \u00e9 gradativa e as crises tendem a ser cada vez menos frequentes, o que n\u00e3o quer dizer que sua n\u00e3o ocorr\u00eancia signifique que n\u00e3o exista mais a S\u00edndrome do P\u00e2nico. Por isso, parar o tratamento \u00e9 uma decis\u00e3o do profissional e da equipe envolvida, respeitada pelo paciente, preservando seu bem-estar e qualidade de vida.<\/span><\/p>\n<p><span style=\"font-weight: 400\">Gostou do post? Que tal aproveitar a visita no nosso blog e conferir a<\/span><a href=\"https:\/\/atituderimacomsaude.com.br\/categoria\/buscar\/saude-mental\/\"> <span style=\"font-weight: 400\">categoria de sa\u00fade mental<\/span><\/a><span style=\"font-weight: 400\">? L\u00e1 voc\u00ea vai encontrar diversos conte\u00fados interessantes que esclarecem d\u00favidas e trazem orienta\u00e7\u00f5es relevantes!<\/span><\/p>\n<h1><b>Refer\u00eancias:<\/b><\/h1>\n<p><span style=\"font-weight: 400\">SECRETARIA DE ESTADO DE JUSTI\u00c7A E CIDADANIA DO DISTRITO FEDERAL. Ger\u00eancia de Sa\u00fade Mental e Preventiva. <\/span><b>Ataques de p\u00e2nico e isolamento social<\/b><span style=\"font-weight: 400\">. 2020. Dispon\u00edvel em: &lt;https:\/\/www.sejus.df.gov.br\/wp-conteudo\/uploads\/2021\/01\/Ataques-de-Panico-e-Isolamento-Social.pdf&gt;. Acesso em: 25 Jan. 2021.<\/span><\/p>\n<p><span style=\"font-weight: 400\">MINIST\u00c9RIO DA SA\u00daDE. <\/span><b>Transtorno do p\u00e2nico<\/b><span style=\"font-weight: 400\">. <\/span><span style=\"font-weight: 400\">Dispon\u00edvel em: &lt;https:\/\/bvsms.saude.gov.br\/transtorno-do-panico\/&gt;. Acesso em: 10 Jan. 2022<\/span><\/p>\n<p><span style=\"font-weight: 400\">SECRETARIA DE SA\u00daDE DO ESTADO DE SANTA CATARINA. <\/span><b>Transtorno do p\u00e2nico: Protocolo cl\u00ednico<\/b><span style=\"font-weight: 400\">. 2015. <\/span><span style=\"font-weight: 400\">Dispon\u00edvel em: &lt;https:\/\/www.saude.sc.gov.br\/index.php\/documentos\/atencao-basica\/saude-mental\/protocolos-da-raps\/9192-transtorno-de-panico\/file&gt;. Acesso em: 10 Jan. 2022<\/span><\/p>\n<p><span style=\"font-weight: 400\">SOCIEDADE BRASILEIRA DE CL\u00cdNICA M\u00c9DICA. <\/span><b>Conhe\u00e7a quais s\u00e3o os sintomas e as complica\u00e7\u00f5es da s\u00edndrome do p\u00e2nico<\/b><span style=\"font-weight: 400\">. 2008. <\/span><span style=\"font-weight: 400\">Dispon\u00edvel em: &lt;https:\/\/www.sbcm.org.br\/v2\/index.php\/not%C3%ADcias\/715-sp-154165736&gt;. Acesso em: 10 Jan. 2022<\/span><\/p>\n","protected":false},"excerpt":{"rendered":"<p>Tempo de leitura: 6 minutos. Conte\u00fado atualizado em 03\/02\/2022 O que leva uma pessoa a desenvolver a S\u00edndrome do P\u00e2nico? Assim como as sensa\u00e7\u00f5es, esse \u00e9 um transtorno que pode surgir de repente e desencadear uma s\u00e9rie de sentimentos desagrad\u00e1veis, trazendo sintomas f\u00edsicos e emocionais.\u00a0 A S\u00edndrome do P\u00e2nico \u00e9 uma doen\u00e7a mental muito comum, [&hellip;]<\/p>\n","protected":false},"author":9,"featured_media":4318,"comment_status":"open","ping_status":"open","sticky":false,"template":"","format":"standard","meta":{"_acf_changed":false,"site-sidebar-layout":"default","site-content-layout":"","ast-site-content-layout":"default","site-content-style":"default","site-sidebar-style":"default","ast-global-header-display":"","ast-banner-title-visibility":"","ast-main-header-display":"","ast-hfb-above-header-display":"","ast-hfb-below-header-display":"","ast-hfb-mobile-header-display":"","site-post-title":"","ast-breadcrumbs-content":"","ast-featured-img":"","footer-sml-layout":"","theme-transparent-header-meta":"","adv-header-id-meta":"","stick-header-meta":"","header-above-stick-meta":"","header-main-stick-meta":"","header-below-stick-meta":"","astra-migrate-meta-layouts":"default","ast-page-background-enabled":"default","ast-page-background-meta":{"desktop":{"background-color":"var(--ast-global-color-4)","background-image":"","background-repeat":"repeat","background-position":"center center","background-size":"auto","background-attachment":"scroll","background-type":"","background-media":"","overlay-type":"","overlay-color":"","overlay-opacity":"","overlay-gradient":""},"tablet":{"background-color":"","background-image":"","background-repeat":"repeat","background-position":"center center","background-size":"auto","background-attachment":"scroll","background-type":"","background-media":"","overlay-type":"","overlay-color":"","overlay-opacity":"","overlay-gradient":""},"mobile":{"background-color":"","background-image":"","background-repeat":"repeat","background-position":"center center","background-size":"auto","background-attachment":"scroll","background-type":"","background-media":"","overlay-type":"","overlay-color":"","overlay-opacity":"","overlay-gradient":""}},"ast-content-background-meta":{"desktop":{"background-color":"var(--ast-global-color-5)","background-image":"","background-repeat":"repeat","background-position":"center center","background-size":"auto","background-attachment":"scroll","background-type":"","background-media":"","overlay-type":"","overlay-color":"","overlay-opacity":"","overlay-gradient":""},"tablet":{"background-color":"var(--ast-global-color-5)","background-image":"","background-repeat":"repeat","background-position":"center center","background-size":"auto","background-attachment":"scroll","background-type":"","background-media":"","overlay-type":"","overlay-color":"","overlay-opacity":"","overlay-gradient":""},"mobile":{"background-color":"var(--ast-global-color-5)","background-image":"","background-repeat":"repeat","background-position":"center center","background-size":"auto","background-attachment":"scroll","background-type":"","background-media":"","overlay-type":"","overlay-color":"","overlay-opacity":"","overlay-gradient":""}},"footnotes":""},"categories":[1],"tags":[],"class_list":["post-3156","post","type-post","status-publish","format-standard","has-post-thumbnail","hentry","category-noticias"],"acf":[],"yoast_head":"<!-- This site is optimized with the Yoast SEO plugin v26.9 - https:\/\/yoast.com\/product\/yoast-seo-wordpress\/ -->\n<title>O que \u00e9 a s\u00edndrome do p\u00e2nico e como identificar? - Usisa\u00fade<\/title>\n<meta name=\"robots\" content=\"index, follow, max-snippet:-1, max-image-preview:large, max-video-preview:-1\" \/>\n<link rel=\"canonical\" href=\"https:\/\/www.fsfx.com.br\/usisaude\/falando-sobre-sindrome-do-panico\/\" \/>\n<meta property=\"og:locale\" content=\"pt_BR\" \/>\n<meta property=\"og:type\" content=\"article\" \/>\n<meta property=\"og:title\" content=\"O que \u00e9 a s\u00edndrome do p\u00e2nico e como identificar? - Usisa\u00fade\" \/>\n<meta property=\"og:description\" content=\"Tempo de leitura: 6 minutos. Conte\u00fado atualizado em 03\/02\/2022 O que leva uma pessoa a desenvolver a S\u00edndrome do P\u00e2nico? Assim como as sensa\u00e7\u00f5es, esse \u00e9 um transtorno que pode surgir de repente e desencadear uma s\u00e9rie de sentimentos desagrad\u00e1veis, trazendo sintomas f\u00edsicos e emocionais.\u00a0 A S\u00edndrome do P\u00e2nico \u00e9 uma doen\u00e7a mental muito comum, [&hellip;]\" \/>\n<meta property=\"og:url\" content=\"https:\/\/www.fsfx.com.br\/usisaude\/falando-sobre-sindrome-do-panico\/\" \/>\n<meta property=\"og:site_name\" content=\"Usisa\u00fade\" \/>\n<meta property=\"article:published_time\" content=\"2016-06-16T21:47:36+00:00\" \/>\n<meta property=\"article:modified_time\" content=\"2024-09-12T18:08:29+00:00\" \/>\n<meta name=\"twitter:card\" content=\"summary_large_image\" \/>\n<meta name=\"twitter:label1\" content=\"Escrito por\" \/>\n\t<meta name=\"twitter:data1\" content=\"\" \/>\n\t<meta name=\"twitter:label2\" content=\"Est. tempo de leitura\" \/>\n\t<meta name=\"twitter:data2\" content=\"5 minutos\" \/>\n<script type=\"application\/ld+json\" class=\"yoast-schema-graph\">{\"@context\":\"https:\/\/schema.org\",\"@graph\":[{\"@type\":\"Article\",\"@id\":\"https:\/\/www.fsfx.com.br\/usisaude\/falando-sobre-sindrome-do-panico\/#article\",\"isPartOf\":{\"@id\":\"https:\/\/www.fsfx.com.br\/usisaude\/falando-sobre-sindrome-do-panico\/\"},\"author\":{\"name\":\"\",\"@id\":\"\"},\"headline\":\"O que \u00e9 a s\u00edndrome do p\u00e2nico e como identificar?\",\"datePublished\":\"2016-06-16T21:47:36+00:00\",\"dateModified\":\"2024-09-12T18:08:29+00:00\",\"mainEntityOfPage\":{\"@id\":\"https:\/\/www.fsfx.com.br\/usisaude\/falando-sobre-sindrome-do-panico\/\"},\"wordCount\":1063,\"commentCount\":0,\"publisher\":{\"@id\":\"https:\/\/www.fsfx.com.br\/usisaude\/#organization\"},\"image\":{\"@id\":\"https:\/\/www.fsfx.com.br\/usisaude\/falando-sobre-sindrome-do-panico\/#primaryimage\"},\"thumbnailUrl\":\"\",\"articleSection\":[\"Not\u00edcias\"],\"inLanguage\":\"pt-BR\",\"potentialAction\":[{\"@type\":\"CommentAction\",\"name\":\"Comment\",\"target\":[\"https:\/\/www.fsfx.com.br\/usisaude\/falando-sobre-sindrome-do-panico\/#respond\"]}]},{\"@type\":\"WebPage\",\"@id\":\"https:\/\/www.fsfx.com.br\/usisaude\/falando-sobre-sindrome-do-panico\/\",\"url\":\"https:\/\/www.fsfx.com.br\/usisaude\/falando-sobre-sindrome-do-panico\/\",\"name\":\"O que \u00e9 a s\u00edndrome do p\u00e2nico e como identificar? - Usisa\u00fade\",\"isPartOf\":{\"@id\":\"https:\/\/www.fsfx.com.br\/usisaude\/#website\"},\"primaryImageOfPage\":{\"@id\":\"https:\/\/www.fsfx.com.br\/usisaude\/falando-sobre-sindrome-do-panico\/#primaryimage\"},\"image\":{\"@id\":\"https:\/\/www.fsfx.com.br\/usisaude\/falando-sobre-sindrome-do-panico\/#primaryimage\"},\"thumbnailUrl\":\"\",\"datePublished\":\"2016-06-16T21:47:36+00:00\",\"dateModified\":\"2024-09-12T18:08:29+00:00\",\"breadcrumb\":{\"@id\":\"https:\/\/www.fsfx.com.br\/usisaude\/falando-sobre-sindrome-do-panico\/#breadcrumb\"},\"inLanguage\":\"pt-BR\",\"potentialAction\":[{\"@type\":\"ReadAction\",\"target\":[\"https:\/\/www.fsfx.com.br\/usisaude\/falando-sobre-sindrome-do-panico\/\"]}]},{\"@type\":\"ImageObject\",\"inLanguage\":\"pt-BR\",\"@id\":\"https:\/\/www.fsfx.com.br\/usisaude\/falando-sobre-sindrome-do-panico\/#primaryimage\",\"url\":\"\",\"contentUrl\":\"\"},{\"@type\":\"BreadcrumbList\",\"@id\":\"https:\/\/www.fsfx.com.br\/usisaude\/falando-sobre-sindrome-do-panico\/#breadcrumb\",\"itemListElement\":[{\"@type\":\"ListItem\",\"position\":1,\"name\":\"In\u00edcio\",\"item\":\"https:\/\/www.fsfx.com.br\/usisaude\/\"},{\"@type\":\"ListItem\",\"position\":2,\"name\":\"O que \u00e9 a s\u00edndrome do p\u00e2nico e como identificar?\"}]},{\"@type\":\"WebSite\",\"@id\":\"https:\/\/www.fsfx.com.br\/usisaude\/#website\",\"url\":\"https:\/\/www.fsfx.com.br\/usisaude\/\",\"name\":\"Usisa\u00fade\",\"description\":\"Somos a Usisa\u00fade, uma operadora de planos de sa\u00fade da Funda\u00e7\u00e3o S\u00e3o Francisco Xavier (FSFX), a maior em modalidade filantr\u00f3pica do pa\u00eds.\",\"publisher\":{\"@id\":\"https:\/\/www.fsfx.com.br\/usisaude\/#organization\"},\"potentialAction\":[{\"@type\":\"SearchAction\",\"target\":{\"@type\":\"EntryPoint\",\"urlTemplate\":\"https:\/\/www.fsfx.com.br\/usisaude\/?s={search_term_string}\"},\"query-input\":{\"@type\":\"PropertyValueSpecification\",\"valueRequired\":true,\"valueName\":\"search_term_string\"}}],\"inLanguage\":\"pt-BR\"},{\"@type\":\"Organization\",\"@id\":\"https:\/\/www.fsfx.com.br\/usisaude\/#organization\",\"name\":\"Usisa\u00fade\",\"url\":\"https:\/\/www.fsfx.com.br\/usisaude\/\",\"logo\":{\"@type\":\"ImageObject\",\"inLanguage\":\"pt-BR\",\"@id\":\"https:\/\/www.fsfx.com.br\/usisaude\/#\/schema\/logo\/image\/\",\"url\":\"https:\/\/www.fsfx.com.br\/usisaude\/wp-content\/uploads\/sites\/6\/2022\/03\/logo-ususaude-1.svg\",\"contentUrl\":\"https:\/\/www.fsfx.com.br\/usisaude\/wp-content\/uploads\/sites\/6\/2022\/03\/logo-ususaude-1.svg\",\"width\":445,\"height\":196,\"caption\":\"Usisa\u00fade\"},\"image\":{\"@id\":\"https:\/\/www.fsfx.com.br\/usisaude\/#\/schema\/logo\/image\/\"}},{\"@type\":\"Person\",\"@id\":\"\",\"url\":\"https:\/\/www.fsfx.com.br\/usisaude\/author\/\"}]}<\/script>\n<!-- \/ Yoast SEO plugin. -->","yoast_head_json":{"title":"O que \u00e9 a s\u00edndrome do p\u00e2nico e como identificar? - Usisa\u00fade","robots":{"index":"index","follow":"follow","max-snippet":"max-snippet:-1","max-image-preview":"max-image-preview:large","max-video-preview":"max-video-preview:-1"},"canonical":"https:\/\/www.fsfx.com.br\/usisaude\/falando-sobre-sindrome-do-panico\/","og_locale":"pt_BR","og_type":"article","og_title":"O que \u00e9 a s\u00edndrome do p\u00e2nico e como identificar? - Usisa\u00fade","og_description":"Tempo de leitura: 6 minutos. Conte\u00fado atualizado em 03\/02\/2022 O que leva uma pessoa a desenvolver a S\u00edndrome do P\u00e2nico? Assim como as sensa\u00e7\u00f5es, esse \u00e9 um transtorno que pode surgir de repente e desencadear uma s\u00e9rie de sentimentos desagrad\u00e1veis, trazendo sintomas f\u00edsicos e emocionais.\u00a0 A S\u00edndrome do P\u00e2nico \u00e9 uma doen\u00e7a mental muito comum, [&hellip;]","og_url":"https:\/\/www.fsfx.com.br\/usisaude\/falando-sobre-sindrome-do-panico\/","og_site_name":"Usisa\u00fade","article_published_time":"2016-06-16T21:47:36+00:00","article_modified_time":"2024-09-12T18:08:29+00:00","twitter_card":"summary_large_image","twitter_misc":{"Escrito por":"","Est. tempo de leitura":"5 minutos"},"schema":{"@context":"https:\/\/schema.org","@graph":[{"@type":"Article","@id":"https:\/\/www.fsfx.com.br\/usisaude\/falando-sobre-sindrome-do-panico\/#article","isPartOf":{"@id":"https:\/\/www.fsfx.com.br\/usisaude\/falando-sobre-sindrome-do-panico\/"},"author":{"name":"","@id":""},"headline":"O que \u00e9 a s\u00edndrome do p\u00e2nico e como identificar?","datePublished":"2016-06-16T21:47:36+00:00","dateModified":"2024-09-12T18:08:29+00:00","mainEntityOfPage":{"@id":"https:\/\/www.fsfx.com.br\/usisaude\/falando-sobre-sindrome-do-panico\/"},"wordCount":1063,"commentCount":0,"publisher":{"@id":"https:\/\/www.fsfx.com.br\/usisaude\/#organization"},"image":{"@id":"https:\/\/www.fsfx.com.br\/usisaude\/falando-sobre-sindrome-do-panico\/#primaryimage"},"thumbnailUrl":"","articleSection":["Not\u00edcias"],"inLanguage":"pt-BR","potentialAction":[{"@type":"CommentAction","name":"Comment","target":["https:\/\/www.fsfx.com.br\/usisaude\/falando-sobre-sindrome-do-panico\/#respond"]}]},{"@type":"WebPage","@id":"https:\/\/www.fsfx.com.br\/usisaude\/falando-sobre-sindrome-do-panico\/","url":"https:\/\/www.fsfx.com.br\/usisaude\/falando-sobre-sindrome-do-panico\/","name":"O que \u00e9 a s\u00edndrome do p\u00e2nico e como identificar? - Usisa\u00fade","isPartOf":{"@id":"https:\/\/www.fsfx.com.br\/usisaude\/#website"},"primaryImageOfPage":{"@id":"https:\/\/www.fsfx.com.br\/usisaude\/falando-sobre-sindrome-do-panico\/#primaryimage"},"image":{"@id":"https:\/\/www.fsfx.com.br\/usisaude\/falando-sobre-sindrome-do-panico\/#primaryimage"},"thumbnailUrl":"","datePublished":"2016-06-16T21:47:36+00:00","dateModified":"2024-09-12T18:08:29+00:00","breadcrumb":{"@id":"https:\/\/www.fsfx.com.br\/usisaude\/falando-sobre-sindrome-do-panico\/#breadcrumb"},"inLanguage":"pt-BR","potentialAction":[{"@type":"ReadAction","target":["https:\/\/www.fsfx.com.br\/usisaude\/falando-sobre-sindrome-do-panico\/"]}]},{"@type":"ImageObject","inLanguage":"pt-BR","@id":"https:\/\/www.fsfx.com.br\/usisaude\/falando-sobre-sindrome-do-panico\/#primaryimage","url":"","contentUrl":""},{"@type":"BreadcrumbList","@id":"https:\/\/www.fsfx.com.br\/usisaude\/falando-sobre-sindrome-do-panico\/#breadcrumb","itemListElement":[{"@type":"ListItem","position":1,"name":"In\u00edcio","item":"https:\/\/www.fsfx.com.br\/usisaude\/"},{"@type":"ListItem","position":2,"name":"O que \u00e9 a s\u00edndrome do p\u00e2nico e como identificar?"}]},{"@type":"WebSite","@id":"https:\/\/www.fsfx.com.br\/usisaude\/#website","url":"https:\/\/www.fsfx.com.br\/usisaude\/","name":"Usisa\u00fade","description":"Somos a Usisa\u00fade, uma operadora de planos de sa\u00fade da Funda\u00e7\u00e3o S\u00e3o Francisco Xavier (FSFX), a maior em modalidade filantr\u00f3pica do pa\u00eds.","publisher":{"@id":"https:\/\/www.fsfx.com.br\/usisaude\/#organization"},"potentialAction":[{"@type":"SearchAction","target":{"@type":"EntryPoint","urlTemplate":"https:\/\/www.fsfx.com.br\/usisaude\/?s={search_term_string}"},"query-input":{"@type":"PropertyValueSpecification","valueRequired":true,"valueName":"search_term_string"}}],"inLanguage":"pt-BR"},{"@type":"Organization","@id":"https:\/\/www.fsfx.com.br\/usisaude\/#organization","name":"Usisa\u00fade","url":"https:\/\/www.fsfx.com.br\/usisaude\/","logo":{"@type":"ImageObject","inLanguage":"pt-BR","@id":"https:\/\/www.fsfx.com.br\/usisaude\/#\/schema\/logo\/image\/","url":"https:\/\/www.fsfx.com.br\/usisaude\/wp-content\/uploads\/sites\/6\/2022\/03\/logo-ususaude-1.svg","contentUrl":"https:\/\/www.fsfx.com.br\/usisaude\/wp-content\/uploads\/sites\/6\/2022\/03\/logo-ususaude-1.svg","width":445,"height":196,"caption":"Usisa\u00fade"},"image":{"@id":"https:\/\/www.fsfx.com.br\/usisaude\/#\/schema\/logo\/image\/"}},{"@type":"Person","@id":"","url":"https:\/\/www.fsfx.com.br\/usisaude\/author\/"}]}},"_links":{"self":[{"href":"https:\/\/www.fsfx.com.br\/usisaude\/wp-json\/wp\/v2\/posts\/3156","targetHints":{"allow":["GET"]}}],"collection":[{"href":"https:\/\/www.fsfx.com.br\/usisaude\/wp-json\/wp\/v2\/posts"}],"about":[{"href":"https:\/\/www.fsfx.com.br\/usisaude\/wp-json\/wp\/v2\/types\/post"}],"author":[{"embeddable":true,"href":"https:\/\/www.fsfx.com.br\/usisaude\/wp-json\/wp\/v2\/users\/9"}],"replies":[{"embeddable":true,"href":"https:\/\/www.fsfx.com.br\/usisaude\/wp-json\/wp\/v2\/comments?post=3156"}],"version-history":[{"count":1,"href":"https:\/\/www.fsfx.com.br\/usisaude\/wp-json\/wp\/v2\/posts\/3156\/revisions"}],"predecessor-version":[{"id":10847,"href":"https:\/\/www.fsfx.com.br\/usisaude\/wp-json\/wp\/v2\/posts\/3156\/revisions\/10847"}],"wp:featuredmedia":[{"embeddable":true,"href":"https:\/\/www.fsfx.com.br\/usisaude\/wp-json\/"}],"wp:attachment":[{"href":"https:\/\/www.fsfx.com.br\/usisaude\/wp-json\/wp\/v2\/media?parent=3156"}],"wp:term":[{"taxonomy":"category","embeddable":true,"href":"https:\/\/www.fsfx.com.br\/usisaude\/wp-json\/wp\/v2\/categories?post=3156"},{"taxonomy":"post_tag","embeddable":true,"href":"https:\/\/www.fsfx.com.br\/usisaude\/wp-json\/wp\/v2\/tags?post=3156"}],"curies":[{"name":"wp","href":"https:\/\/api.w.org\/{rel}","templated":true}]}}