{"id":3266,"date":"2016-11-10T19:41:23","date_gmt":"2016-11-10T19:41:23","guid":{"rendered":"http:\/\/www.fsfx.com.br\/atituderimacomsaude\/?p=3266"},"modified":"2024-09-12T15:08:26","modified_gmt":"2024-09-12T18:08:26","slug":"diet-light-zero-e-integral","status":"publish","type":"post","link":"https:\/\/www.fsfx.com.br\/usisaude\/diet-light-zero-e-integral\/","title":{"rendered":"O que s\u00e3o alimentos diet, light e integrais?"},"content":{"rendered":"<p><strong>Conte\u00fado atualizado em 04\/11\/2021<\/strong><\/p>\n<p><span style=\"font-weight: 400\">Tempo de leitura: 5 minutos<\/span><\/p>\n<p><span style=\"font-weight: 400\">Provavelmente, voc\u00ea j\u00e1 foi pego no corredor do supermercado pensando em qual seria a melhor escolha a ser feita diante de um \u00fanico produto que apresenta diferentes vers\u00f5es<\/span><span style=\"font-weight: 400\">.<\/span><\/p>\n<p><span style=\"font-weight: 400\">Muitos produtos, possuem descri\u00e7\u00f5es como: diet, light, zero, \u201cbaixo teor\u201d, \u201dreduzido\u201d, integral, e que podem confundir o consumidor no momento da escolha. Voc\u00ea sabe a diferen\u00e7a entre esses termos e como essa escolha pode influenciar na qualidade do produto?<\/span><\/p>\n<p><span style=\"font-weight: 400\">O objetivo deste post \u00e9 mostrar essas diferen\u00e7as e ajudar voc\u00ea a fazer boas escolhas no momento das compras. Continue lendo e veja como conhecer os alimentos \u00e9 importante para manter a sa\u00fade em dia!<\/span><\/p>\n<h2><b>O que s\u00e3o alimentos light?<\/b><\/h2>\n<p><span style=\"font-weight: 400\">Os produtos light s\u00e3o aqueles que, se comparados \u00e0s vers\u00f5es originais, apresentam uma redu\u00e7\u00e3o de pelo menos 25% do valor cal\u00f3rico ou de algum nutriente que comp\u00f5em sua f\u00f3rmula. S\u00e3o indicados para quem deseja diminuir o consumo de nutrientes espec\u00edficos como a\u00e7\u00facares, gorduras e s\u00f3dio. Nas embalagens podem aparecer tamb\u00e9m as descri\u00e7\u00f5es \u201cbaixo teor\u201d ou \u201creduzido\u201d.<\/span><\/p>\n<h2><b>O que s\u00e3o alimentos diet?<\/b><\/h2>\n<p><span style=\"font-weight: 400\">Produtos diet ou \u201czero\u201d s\u00e3o indicados para pessoas que possuem necessidades espec\u00edficas, como diab\u00e9ticos, hipertensos, intolerantes \u00e0 lactose e cel\u00edacos, e devem controlar ou suprimir, por exemplo, o consumo de algum nutriente como a\u00e7\u00facar, s\u00f3dio, gorduras, lactose e gl\u00faten.<\/span><\/p>\n<h2><b>O que s\u00e3o alimentos integrais?<\/b><\/h2>\n<p><span style=\"font-weight: 400\">Os alimentos integrais, como gr\u00e3os e cereais, por outro lado, n\u00e3o possuem isen\u00e7\u00e3o de nenhum nutriente<\/span><span style=\"font-weight: 400\">,<\/span><span style=\"font-weight: 400\"> pelo contr\u00e1rio, por n\u00e3o serem processados (ou pouco processados) eles mant\u00eam suas caracter\u00edsticas originais e uma maior concentra\u00e7\u00e3o de nutrientes. S\u00e3o ricos em fibras, vitaminas e minerais como ferro, f\u00f3sforo, sel\u00eanio e magn\u00e9sio.<\/span><\/p>\n<p><span style=\"font-weight: 400\">\u00c9 importante, no entanto, ter aten\u00e7\u00e3o ao r\u00f3tulo, visto que alguns produtos e marcas trazem em sua f\u00f3rmula um percentual pequeno de farinha integral misturada \u00e0 farinha branca. No momento da escolha, uma dica \u00e9 conferir se o produto que voc\u00ea est\u00e1 consumindo \u00e9 100% integral, verificando se no r\u00f3tulo aparece apenas a farinha integral na lista de ingredientes.<\/span><\/p>\n<h2><b>\u00c9 saud\u00e1vel incluir produtos diet e light no dia a dia<\/b><b>?<\/b><\/h2>\n<p><span style=\"font-weight: 400\">H\u00e1 quem pense que o planejamento alimentar, seja de emagrecimento ou para manter uma vida saud\u00e1vel, deve ser composto por alimentos diet e light. Mas, por serem produtos ultraprocessados, cont\u00eam diversos aditivos qu\u00edmicos que podem n\u00e3o fazer bem \u00e0 sa\u00fade.\u00a0<\/span><\/p>\n<p><span style=\"font-weight: 400\">Durante o processamento, muitos produtos podem sofrer transforma\u00e7\u00f5es que prejudicam a sua qualidade nutricional, como, aumentar a gordura enquanto diminui o a\u00e7\u00facar. <\/span><span style=\"font-weight: 400\">\u00c9 fundamental, portanto, atentar para a tabela nutricional e verificar se a substitui\u00e7\u00e3o \u00e9 justific\u00e1vel.<\/span><\/p>\n<p><span style=\"font-weight: 400\">Pode parecer a princ\u00edpio que a troca \u00e9 uma boa estrat\u00e9gia, mas ao final n\u00e3o surtir o efeito desejado. Al\u00e9m disso, os gastos com produtos diet e light costumam ser bem mais elevados que os convencionais, o que n\u00e3o favorece o custo-benef\u00edcio.<\/span><\/p>\n<p><span style=\"font-weight: 400\">Portanto, s\u00e3o produtos que podem at\u00e9 ser inclu\u00eddos nas refei\u00e7\u00f5es, mas sendo cr\u00edtico nas escolhas e inserindo em menor propor\u00e7\u00e3o, combinados com os alimentos naturais ou minimamente processados, que devem ocupar a maior parte da composi\u00e7\u00e3o do prato.\u00a0<\/span><\/p>\n<p><span style=\"font-weight: 400\">O ideal \u00e9 que o consumo de alimento diet e light seja orientado por um profissional, que ir\u00e1 levar em considera\u00e7\u00e3o todas individualidades e condi\u00e7\u00f5es de sa\u00fade do indiv\u00edduo.\u00a0<\/span><\/p>\n<p><span style=\"font-weight: 400\">Os produtos diet e light s\u00e3o recomendados para pessoas com restri\u00e7\u00f5es alimentares, que realmente demandam uma alimenta\u00e7\u00e3o espec\u00edfica. Para quem deseja equilibrar o peso ou ter h\u00e1bitos mais saud\u00e1veis, o ideal \u00e9 recorrer aos alimentos naturais, incluindo diversos grupos de alimentos, como gr\u00e3os e cereais integrais, leguminosas, frutas, legumes,<\/span> <span style=\"font-weight: 400\">verduras, oleaginosas, latic\u00ednios, carnes e ovos.<\/span><\/p>\n<h2><b>Quais os benef\u00edcios do consumo dos alimentos integrais?\u00a0<\/b><\/h2>\n<p><span style=\"font-weight: 400\">Conforme mencionado anteriormente, os alimentos integrais s\u00e3o ricos em fibras, vitaminas e minerais, pois est\u00e3o em sua vers\u00e3o natural, S\u00e3o alimentos obtidos de plantas e animais.\u00a0<\/span><\/p>\n<p><span style=\"font-weight: 400\">Vale destacar a <\/span><span style=\"font-weight: 400\">presen\u00e7a de um maior teor de fibras, quando comparado \u00e0s vers\u00f5es n\u00e3o integrais e suas fun\u00e7\u00f5es no organismo. Elas s\u00e3o importantes para manter o bom funcionamento do intestino, promover a saciedade, auxiliar a manuten\u00e7\u00e3o dos n\u00edveis de glicose e colesterol, dentre outras fun\u00e7\u00f5es.\u00a0<\/span><\/p>\n<p><span style=\"font-weight: 400\">Como voc\u00ea pode ver, para uma alimenta\u00e7\u00e3o saud\u00e1vel deve-se ter em mente que quanto mais pr\u00f3ximo da sua forma original ou natural, mais interessante ser\u00e1 o alimento e, para a inclus\u00e3o de alimentos com finalidades espec\u00edficas, como diet e light, o recomendado \u00e9 contar com a orienta\u00e7\u00e3o e acompanhamento de um nutricionista.<\/span><\/p>\n<p><span style=\"font-weight: 400\">Gostou do post? Lembre-se sempre de ler os r\u00f3tulos, afinal \u00e9 sua sa\u00fade que est\u00e1 em jogo e aproveite que est\u00e1 em nosso blog e veja tamb\u00e9m<\/span><a href=\"https:\/\/atituderimacomsaude.com.br\/excesso-de-acucar\/\"> <span style=\"font-weight: 400\">os risco do excesso de a\u00e7\u00facar na alimenta\u00e7\u00e3o!<\/span><\/a><\/p>\n<p><b>Refer\u00eancias:<\/b><\/p>\n<p><span style=\"font-weight: 400\">AG\u00caNCIA BRASIL. <\/span><b>Anvisa: alimentos integrais ter\u00e3o novas regras<\/b><span style=\"font-weight: 400\">. 2021. <\/span><span style=\"font-weight: 400\">Dispon\u00edvel em: &lt;https:\/\/agenciabrasil.ebc.com.br\/saude\/noticia\/2021-05\/alimentos-integrais-terao-novas-regras&gt;. Acesso em: 20 Set. 2021.<\/span><\/p>\n<p><span style=\"font-weight: 400\">CONSELHO REGIONAL DE NUTRICIONISTAS 6\u00aa REGI\u00c3O. <\/span><b>Anvisa vai definir regras para uso do termo &#8220;integral&#8221; em alimentos<\/b><span style=\"font-weight: 400\">. <\/span><span style=\"font-weight: 400\">Dispon\u00edvel em: &lt;https:\/\/www.crn6.org.br\/anvisa-vai-definir-regras-para-uso-do-termo-integral-em-alimentos&gt;. Acesso em: 20 Set. 2021.<\/span><\/p>\n<p><span style=\"font-weight: 400\">DI\u00c1RIO OFICIAL DA UNI\u00c3O. <\/span><b>Resolu\u00e7\u00e3o de diretoria colegiada &#8211; RDC N<\/b><b>\u00ba<\/b><b> 429 de 8 de outubro de 2020<\/b><span style=\"font-weight: 400\">. 2020. <\/span><span style=\"font-weight: 400\">Dispon\u00edvel em: &lt;https:\/\/www.in.gov.br\/web\/dou\/-\/resolucao-de-diretoria-colegiada-rdc-n-429-de-8-de-outubro-de-2020-282070599&gt;. Acesso em: 20 Set. 2021.<\/span><\/p>\n<p><span style=\"font-weight: 400\">INMETRO. <\/span><b>Produtos Diet e Light &#8211; Parte I &#8211; Produtos Diet<\/b><span style=\"font-weight: 400\">. <\/span><span style=\"font-weight: 400\">Dispon\u00edvel em: &lt;http:\/\/www.inmetro.gov.br\/consumidor\/produtos\/prodLigthDiet1.asp&gt;. Acesso em: 20 Set. 2021.<\/span><\/p>\n<p><span style=\"font-weight: 400\">MINIST\u00c9RIO DA SA\u00daDE. <\/span><b>Entenda o que s\u00e3o produtos light e diet<\/b><span style=\"font-weight: 400\">. 2017. <\/span><span style=\"font-weight: 400\">Dispon\u00edvel em: &lt;https:\/\/saudebrasil.saude.gov.br\/ter-peso-saudavel\/entenda-o-que-sao-produtos-light-e-diet&gt;. Acesso em: 20 Set. 2021.<\/span><\/p>\n<p><span style=\"font-weight: 400\">MINIST\u00c9RIO DA SA\u00daDE. <\/span><b>Entenda os r\u00f3tulos: o que est\u00e1 por tr\u00e1s dos alimentos light e diet? 2019.<\/b> <span style=\"font-weight: 400\">Dispon\u00edvel em: &lt;https:\/\/saudebrasil.saude.gov.br\/eu-quero-me-alimentar-melhor\/entenda-os-rotulos-o-que-esta-por-tras-dos-alimentos-light-e-diet&gt;. Acesso em: 20 Set. 2021.<\/span><\/p>\n<p><span style=\"font-weight: 400\">SECRETARIA DE SA\u00daDE DO GOVERNO DO ESTADO DO RIO DE JANEIRO. <\/span><b>Light e diet: voc\u00ea sabe mesmo que alimentos s\u00e3o estes?<\/b><span style=\"font-weight: 400\">. 2018. <\/span><span style=\"font-weight: 400\">Dispon\u00edvel em: &lt;https:\/\/www.saude.rj.gov.br\/viver-melhor\/noticias\/2018\/03\/light-e-diet-voce-sabe-mesmo-que-alimentos-sao-estes&gt;. Acesso em: 20 Set. 2021.<\/span><\/p>\n<p><span style=\"font-weight: 400\">UNIVERSIDADE DO ESTADO DE S\u00c3O PAULO (USP). <\/span><b>Alimentos DIET, LIGHT, ZERO\u2026 o que significam?<\/b><span style=\"font-weight: 400\">. 2017. <\/span><span style=\"font-weight: 400\">Dispon\u00edvel em: &lt;https:\/\/www.fsp.usp.br\/crnutri\/index.php\/2017\/01\/11\/alimentos-diet-light-zero-o-que-significam\/&gt;. Acesso em: 20 Set. 2021.<\/span><\/p>\n","protected":false},"excerpt":{"rendered":"<p>Conte\u00fado atualizado em 04\/11\/2021 Tempo de leitura: 5 minutos Provavelmente, voc\u00ea j\u00e1 foi pego no corredor do supermercado pensando em qual seria a melhor escolha a ser feita diante de um \u00fanico produto que apresenta diferentes vers\u00f5es. Muitos produtos, possuem descri\u00e7\u00f5es como: diet, light, zero, \u201cbaixo teor\u201d, \u201dreduzido\u201d, integral, e que podem confundir o consumidor [&hellip;]<\/p>\n","protected":false},"author":9,"featured_media":4278,"comment_status":"open","ping_status":"open","sticky":false,"template":"","format":"standard","meta":{"_acf_changed":false,"site-sidebar-layout":"default","site-content-layout":"","ast-site-content-layout":"default","site-content-style":"default","site-sidebar-style":"default","ast-global-header-display":"","ast-banner-title-visibility":"","ast-main-header-display":"","ast-hfb-above-header-display":"","ast-hfb-below-header-display":"","ast-hfb-mobile-header-display":"","site-post-title":"","ast-breadcrumbs-content":"","ast-featured-img":"","footer-sml-layout":"","theme-transparent-header-meta":"","adv-header-id-meta":"","stick-header-meta":"","header-above-stick-meta":"","header-main-stick-meta":"","header-below-stick-meta":"","astra-migrate-meta-layouts":"default","ast-page-background-enabled":"default","ast-page-background-meta":{"desktop":{"background-color":"var(--ast-global-color-4)","background-image":"","background-repeat":"repeat","background-position":"center center","background-size":"auto","background-attachment":"scroll","background-type":"","background-media":"","overlay-type":"","overlay-color":"","overlay-opacity":"","overlay-gradient":""},"tablet":{"background-color":"","background-image":"","background-repeat":"repeat","background-position":"center center","background-size":"auto","background-attachment":"scroll","background-type":"","background-media":"","overlay-type":"","overlay-color":"","overlay-opacity":"","overlay-gradient":""},"mobile":{"background-color":"","background-image":"","background-repeat":"repeat","background-position":"center center","background-size":"auto","background-attachment":"scroll","background-type":"","background-media":"","overlay-type":"","overlay-color":"","overlay-opacity":"","overlay-gradient":""}},"ast-content-background-meta":{"desktop":{"background-color":"var(--ast-global-color-5)","background-image":"","background-repeat":"repeat","background-position":"center center","background-size":"auto","background-attachment":"scroll","background-type":"","background-media":"","overlay-type":"","overlay-color":"","overlay-opacity":"","overlay-gradient":""},"tablet":{"background-color":"var(--ast-global-color-5)","background-image":"","background-repeat":"repeat","background-position":"center center","background-size":"auto","background-attachment":"scroll","background-type":"","background-media":"","overlay-type":"","overlay-color":"","overlay-opacity":"","overlay-gradient":""},"mobile":{"background-color":"var(--ast-global-color-5)","background-image":"","background-repeat":"repeat","background-position":"center center","background-size":"auto","background-attachment":"scroll","background-type":"","background-media":"","overlay-type":"","overlay-color":"","overlay-opacity":"","overlay-gradient":""}},"footnotes":""},"categories":[1],"tags":[],"class_list":["post-3266","post","type-post","status-publish","format-standard","has-post-thumbnail","hentry","category-noticias"],"acf":[],"yoast_head":"<!-- This site is optimized with the Yoast SEO plugin v26.9 - https:\/\/yoast.com\/product\/yoast-seo-wordpress\/ -->\n<title>O que s\u00e3o alimentos diet, light e integrais? - Usisa\u00fade<\/title>\n<meta name=\"robots\" content=\"index, follow, max-snippet:-1, max-image-preview:large, max-video-preview:-1\" \/>\n<link rel=\"canonical\" href=\"https:\/\/www.fsfx.com.br\/usisaude\/diet-light-zero-e-integral\/\" \/>\n<meta property=\"og:locale\" content=\"pt_BR\" \/>\n<meta property=\"og:type\" content=\"article\" \/>\n<meta property=\"og:title\" content=\"O que s\u00e3o alimentos diet, light e integrais? - Usisa\u00fade\" \/>\n<meta property=\"og:description\" content=\"Conte\u00fado atualizado em 04\/11\/2021 Tempo de leitura: 5 minutos Provavelmente, voc\u00ea j\u00e1 foi pego no corredor do supermercado pensando em qual seria a melhor escolha a ser feita diante de um \u00fanico produto que apresenta diferentes vers\u00f5es. Muitos produtos, possuem descri\u00e7\u00f5es como: diet, light, zero, \u201cbaixo teor\u201d, \u201dreduzido\u201d, integral, e que podem confundir o consumidor [&hellip;]\" \/>\n<meta property=\"og:url\" content=\"https:\/\/www.fsfx.com.br\/usisaude\/diet-light-zero-e-integral\/\" \/>\n<meta property=\"og:site_name\" content=\"Usisa\u00fade\" \/>\n<meta property=\"article:published_time\" content=\"2016-11-10T19:41:23+00:00\" \/>\n<meta property=\"article:modified_time\" content=\"2024-09-12T18:08:26+00:00\" \/>\n<meta name=\"twitter:card\" content=\"summary_large_image\" \/>\n<meta name=\"twitter:label1\" content=\"Escrito por\" \/>\n\t<meta name=\"twitter:data1\" content=\"\" \/>\n\t<meta name=\"twitter:label2\" content=\"Est. tempo de leitura\" \/>\n\t<meta name=\"twitter:data2\" content=\"5 minutos\" \/>\n<script type=\"application\/ld+json\" class=\"yoast-schema-graph\">{\"@context\":\"https:\/\/schema.org\",\"@graph\":[{\"@type\":\"Article\",\"@id\":\"https:\/\/www.fsfx.com.br\/usisaude\/diet-light-zero-e-integral\/#article\",\"isPartOf\":{\"@id\":\"https:\/\/www.fsfx.com.br\/usisaude\/diet-light-zero-e-integral\/\"},\"author\":{\"name\":\"\",\"@id\":\"\"},\"headline\":\"O que s\u00e3o alimentos diet, light e integrais?\",\"datePublished\":\"2016-11-10T19:41:23+00:00\",\"dateModified\":\"2024-09-12T18:08:26+00:00\",\"mainEntityOfPage\":{\"@id\":\"https:\/\/www.fsfx.com.br\/usisaude\/diet-light-zero-e-integral\/\"},\"wordCount\":1101,\"commentCount\":0,\"publisher\":{\"@id\":\"https:\/\/www.fsfx.com.br\/usisaude\/#organization\"},\"image\":{\"@id\":\"https:\/\/www.fsfx.com.br\/usisaude\/diet-light-zero-e-integral\/#primaryimage\"},\"thumbnailUrl\":\"\",\"articleSection\":[\"Not\u00edcias\"],\"inLanguage\":\"pt-BR\",\"potentialAction\":[{\"@type\":\"CommentAction\",\"name\":\"Comment\",\"target\":[\"https:\/\/www.fsfx.com.br\/usisaude\/diet-light-zero-e-integral\/#respond\"]}]},{\"@type\":\"WebPage\",\"@id\":\"https:\/\/www.fsfx.com.br\/usisaude\/diet-light-zero-e-integral\/\",\"url\":\"https:\/\/www.fsfx.com.br\/usisaude\/diet-light-zero-e-integral\/\",\"name\":\"O que s\u00e3o alimentos diet, light e integrais? - Usisa\u00fade\",\"isPartOf\":{\"@id\":\"https:\/\/www.fsfx.com.br\/usisaude\/#website\"},\"primaryImageOfPage\":{\"@id\":\"https:\/\/www.fsfx.com.br\/usisaude\/diet-light-zero-e-integral\/#primaryimage\"},\"image\":{\"@id\":\"https:\/\/www.fsfx.com.br\/usisaude\/diet-light-zero-e-integral\/#primaryimage\"},\"thumbnailUrl\":\"\",\"datePublished\":\"2016-11-10T19:41:23+00:00\",\"dateModified\":\"2024-09-12T18:08:26+00:00\",\"breadcrumb\":{\"@id\":\"https:\/\/www.fsfx.com.br\/usisaude\/diet-light-zero-e-integral\/#breadcrumb\"},\"inLanguage\":\"pt-BR\",\"potentialAction\":[{\"@type\":\"ReadAction\",\"target\":[\"https:\/\/www.fsfx.com.br\/usisaude\/diet-light-zero-e-integral\/\"]}]},{\"@type\":\"ImageObject\",\"inLanguage\":\"pt-BR\",\"@id\":\"https:\/\/www.fsfx.com.br\/usisaude\/diet-light-zero-e-integral\/#primaryimage\",\"url\":\"\",\"contentUrl\":\"\"},{\"@type\":\"BreadcrumbList\",\"@id\":\"https:\/\/www.fsfx.com.br\/usisaude\/diet-light-zero-e-integral\/#breadcrumb\",\"itemListElement\":[{\"@type\":\"ListItem\",\"position\":1,\"name\":\"In\u00edcio\",\"item\":\"https:\/\/www.fsfx.com.br\/usisaude\/\"},{\"@type\":\"ListItem\",\"position\":2,\"name\":\"O que s\u00e3o alimentos diet, light e integrais?\"}]},{\"@type\":\"WebSite\",\"@id\":\"https:\/\/www.fsfx.com.br\/usisaude\/#website\",\"url\":\"https:\/\/www.fsfx.com.br\/usisaude\/\",\"name\":\"Usisa\u00fade\",\"description\":\"Somos a Usisa\u00fade, uma operadora de planos de sa\u00fade da Funda\u00e7\u00e3o S\u00e3o Francisco Xavier (FSFX), a maior em modalidade filantr\u00f3pica do pa\u00eds.\",\"publisher\":{\"@id\":\"https:\/\/www.fsfx.com.br\/usisaude\/#organization\"},\"potentialAction\":[{\"@type\":\"SearchAction\",\"target\":{\"@type\":\"EntryPoint\",\"urlTemplate\":\"https:\/\/www.fsfx.com.br\/usisaude\/?s={search_term_string}\"},\"query-input\":{\"@type\":\"PropertyValueSpecification\",\"valueRequired\":true,\"valueName\":\"search_term_string\"}}],\"inLanguage\":\"pt-BR\"},{\"@type\":\"Organization\",\"@id\":\"https:\/\/www.fsfx.com.br\/usisaude\/#organization\",\"name\":\"Usisa\u00fade\",\"url\":\"https:\/\/www.fsfx.com.br\/usisaude\/\",\"logo\":{\"@type\":\"ImageObject\",\"inLanguage\":\"pt-BR\",\"@id\":\"https:\/\/www.fsfx.com.br\/usisaude\/#\/schema\/logo\/image\/\",\"url\":\"https:\/\/www.fsfx.com.br\/usisaude\/wp-content\/uploads\/sites\/6\/2022\/03\/logo-ususaude-1.svg\",\"contentUrl\":\"https:\/\/www.fsfx.com.br\/usisaude\/wp-content\/uploads\/sites\/6\/2022\/03\/logo-ususaude-1.svg\",\"width\":445,\"height\":196,\"caption\":\"Usisa\u00fade\"},\"image\":{\"@id\":\"https:\/\/www.fsfx.com.br\/usisaude\/#\/schema\/logo\/image\/\"}},{\"@type\":\"Person\",\"@id\":\"\",\"url\":\"https:\/\/www.fsfx.com.br\/usisaude\/author\/\"}]}<\/script>\n<!-- \/ Yoast SEO plugin. -->","yoast_head_json":{"title":"O que s\u00e3o alimentos diet, light e integrais? - Usisa\u00fade","robots":{"index":"index","follow":"follow","max-snippet":"max-snippet:-1","max-image-preview":"max-image-preview:large","max-video-preview":"max-video-preview:-1"},"canonical":"https:\/\/www.fsfx.com.br\/usisaude\/diet-light-zero-e-integral\/","og_locale":"pt_BR","og_type":"article","og_title":"O que s\u00e3o alimentos diet, light e integrais? - Usisa\u00fade","og_description":"Conte\u00fado atualizado em 04\/11\/2021 Tempo de leitura: 5 minutos Provavelmente, voc\u00ea j\u00e1 foi pego no corredor do supermercado pensando em qual seria a melhor escolha a ser feita diante de um \u00fanico produto que apresenta diferentes vers\u00f5es. Muitos produtos, possuem descri\u00e7\u00f5es como: diet, light, zero, \u201cbaixo teor\u201d, \u201dreduzido\u201d, integral, e que podem confundir o consumidor [&hellip;]","og_url":"https:\/\/www.fsfx.com.br\/usisaude\/diet-light-zero-e-integral\/","og_site_name":"Usisa\u00fade","article_published_time":"2016-11-10T19:41:23+00:00","article_modified_time":"2024-09-12T18:08:26+00:00","twitter_card":"summary_large_image","twitter_misc":{"Escrito por":"","Est. tempo de leitura":"5 minutos"},"schema":{"@context":"https:\/\/schema.org","@graph":[{"@type":"Article","@id":"https:\/\/www.fsfx.com.br\/usisaude\/diet-light-zero-e-integral\/#article","isPartOf":{"@id":"https:\/\/www.fsfx.com.br\/usisaude\/diet-light-zero-e-integral\/"},"author":{"name":"","@id":""},"headline":"O que s\u00e3o alimentos diet, light e integrais?","datePublished":"2016-11-10T19:41:23+00:00","dateModified":"2024-09-12T18:08:26+00:00","mainEntityOfPage":{"@id":"https:\/\/www.fsfx.com.br\/usisaude\/diet-light-zero-e-integral\/"},"wordCount":1101,"commentCount":0,"publisher":{"@id":"https:\/\/www.fsfx.com.br\/usisaude\/#organization"},"image":{"@id":"https:\/\/www.fsfx.com.br\/usisaude\/diet-light-zero-e-integral\/#primaryimage"},"thumbnailUrl":"","articleSection":["Not\u00edcias"],"inLanguage":"pt-BR","potentialAction":[{"@type":"CommentAction","name":"Comment","target":["https:\/\/www.fsfx.com.br\/usisaude\/diet-light-zero-e-integral\/#respond"]}]},{"@type":"WebPage","@id":"https:\/\/www.fsfx.com.br\/usisaude\/diet-light-zero-e-integral\/","url":"https:\/\/www.fsfx.com.br\/usisaude\/diet-light-zero-e-integral\/","name":"O que s\u00e3o alimentos diet, light e integrais? - Usisa\u00fade","isPartOf":{"@id":"https:\/\/www.fsfx.com.br\/usisaude\/#website"},"primaryImageOfPage":{"@id":"https:\/\/www.fsfx.com.br\/usisaude\/diet-light-zero-e-integral\/#primaryimage"},"image":{"@id":"https:\/\/www.fsfx.com.br\/usisaude\/diet-light-zero-e-integral\/#primaryimage"},"thumbnailUrl":"","datePublished":"2016-11-10T19:41:23+00:00","dateModified":"2024-09-12T18:08:26+00:00","breadcrumb":{"@id":"https:\/\/www.fsfx.com.br\/usisaude\/diet-light-zero-e-integral\/#breadcrumb"},"inLanguage":"pt-BR","potentialAction":[{"@type":"ReadAction","target":["https:\/\/www.fsfx.com.br\/usisaude\/diet-light-zero-e-integral\/"]}]},{"@type":"ImageObject","inLanguage":"pt-BR","@id":"https:\/\/www.fsfx.com.br\/usisaude\/diet-light-zero-e-integral\/#primaryimage","url":"","contentUrl":""},{"@type":"BreadcrumbList","@id":"https:\/\/www.fsfx.com.br\/usisaude\/diet-light-zero-e-integral\/#breadcrumb","itemListElement":[{"@type":"ListItem","position":1,"name":"In\u00edcio","item":"https:\/\/www.fsfx.com.br\/usisaude\/"},{"@type":"ListItem","position":2,"name":"O que s\u00e3o alimentos diet, light e integrais?"}]},{"@type":"WebSite","@id":"https:\/\/www.fsfx.com.br\/usisaude\/#website","url":"https:\/\/www.fsfx.com.br\/usisaude\/","name":"Usisa\u00fade","description":"Somos a Usisa\u00fade, uma operadora de planos de sa\u00fade da Funda\u00e7\u00e3o S\u00e3o Francisco Xavier (FSFX), a maior em modalidade filantr\u00f3pica do pa\u00eds.","publisher":{"@id":"https:\/\/www.fsfx.com.br\/usisaude\/#organization"},"potentialAction":[{"@type":"SearchAction","target":{"@type":"EntryPoint","urlTemplate":"https:\/\/www.fsfx.com.br\/usisaude\/?s={search_term_string}"},"query-input":{"@type":"PropertyValueSpecification","valueRequired":true,"valueName":"search_term_string"}}],"inLanguage":"pt-BR"},{"@type":"Organization","@id":"https:\/\/www.fsfx.com.br\/usisaude\/#organization","name":"Usisa\u00fade","url":"https:\/\/www.fsfx.com.br\/usisaude\/","logo":{"@type":"ImageObject","inLanguage":"pt-BR","@id":"https:\/\/www.fsfx.com.br\/usisaude\/#\/schema\/logo\/image\/","url":"https:\/\/www.fsfx.com.br\/usisaude\/wp-content\/uploads\/sites\/6\/2022\/03\/logo-ususaude-1.svg","contentUrl":"https:\/\/www.fsfx.com.br\/usisaude\/wp-content\/uploads\/sites\/6\/2022\/03\/logo-ususaude-1.svg","width":445,"height":196,"caption":"Usisa\u00fade"},"image":{"@id":"https:\/\/www.fsfx.com.br\/usisaude\/#\/schema\/logo\/image\/"}},{"@type":"Person","@id":"","url":"https:\/\/www.fsfx.com.br\/usisaude\/author\/"}]}},"_links":{"self":[{"href":"https:\/\/www.fsfx.com.br\/usisaude\/wp-json\/wp\/v2\/posts\/3266","targetHints":{"allow":["GET"]}}],"collection":[{"href":"https:\/\/www.fsfx.com.br\/usisaude\/wp-json\/wp\/v2\/posts"}],"about":[{"href":"https:\/\/www.fsfx.com.br\/usisaude\/wp-json\/wp\/v2\/types\/post"}],"author":[{"embeddable":true,"href":"https:\/\/www.fsfx.com.br\/usisaude\/wp-json\/wp\/v2\/users\/9"}],"replies":[{"embeddable":true,"href":"https:\/\/www.fsfx.com.br\/usisaude\/wp-json\/wp\/v2\/comments?post=3266"}],"version-history":[{"count":1,"href":"https:\/\/www.fsfx.com.br\/usisaude\/wp-json\/wp\/v2\/posts\/3266\/revisions"}],"predecessor-version":[{"id":10827,"href":"https:\/\/www.fsfx.com.br\/usisaude\/wp-json\/wp\/v2\/posts\/3266\/revisions\/10827"}],"wp:featuredmedia":[{"embeddable":true,"href":"https:\/\/www.fsfx.com.br\/usisaude\/wp-json\/"}],"wp:attachment":[{"href":"https:\/\/www.fsfx.com.br\/usisaude\/wp-json\/wp\/v2\/media?parent=3266"}],"wp:term":[{"taxonomy":"category","embeddable":true,"href":"https:\/\/www.fsfx.com.br\/usisaude\/wp-json\/wp\/v2\/categories?post=3266"},{"taxonomy":"post_tag","embeddable":true,"href":"https:\/\/www.fsfx.com.br\/usisaude\/wp-json\/wp\/v2\/tags?post=3266"}],"curies":[{"name":"wp","href":"https:\/\/api.w.org\/{rel}","templated":true}]}}