{"id":3307,"date":"2016-12-23T17:03:40","date_gmt":"2016-12-23T17:03:40","guid":{"rendered":"http:\/\/www.fsfx.com.br\/atituderimacomsaude\/?p=3307"},"modified":"2024-09-12T15:08:25","modified_gmt":"2024-09-12T18:08:25","slug":"melhores-alimentos-para-o-cafe-da-manha","status":"publish","type":"post","link":"https:\/\/www.fsfx.com.br\/usisaude\/melhores-alimentos-para-o-cafe-da-manha\/","title":{"rendered":"Melhores alimentos para o caf\u00e9 da manh\u00e3"},"content":{"rendered":"<p>Com certeza voc\u00ea j\u00e1 ouviu in\u00fameras vezes pessoas afirmarem que \u201co caf\u00e9 da manh\u00e3 \u00e9 a refei\u00e7\u00e3o mais importante do dia\u201d, certo? Fato \u00e9 que realmente esta \u00e9 uma refei\u00e7\u00e3o muito importante e hoje iremos dar algumas dicas de alimentos que podem ser grandes aliados da sua sa\u00fade para que voc\u00ea comece bem o dia.<\/p>\n<p>N\u00e3o \u00e9 novidade que existe uma pir\u00e2mide alimentar utilizada\u00a0pelos nutricionistas em todo o mundo que orienta sobre a quantidade de alimentos de cada grupo alimentar a ser consumida para garantir uma\u00a0alimenta\u00e7\u00e3o balanceada.<\/p>\n<p>Estes alimentos precisam ser consumidos em por\u00e7\u00f5es ao longo do dia, por isso, pular refei\u00e7\u00f5es \u00e9 uma atitude ruim para o seu corpo. Al\u00e9m de fazer com que ele busque fontes de energia nos m\u00fasculos \u2013 diminuindo a massa magra \u2013, isso faz com que voc\u00ea coma mais na pr\u00f3xima refei\u00e7\u00e3o, ocasionando o ac\u00famulo de gordura e levando, potencialmente, \u00e0 obesidade.<\/p>\n<p>Para que possamos evitar os malef\u00edcios citados acima e tenhamos disposi\u00e7\u00e3o para encarar o dia, existem alguns grupos muito importantes que devem estar presentes na sua mesa de caf\u00e9 da manh\u00e3 todos os dias.<\/p>\n<p>O mais importante \u00e9 o grupo das frutas. Elas oferecem fibras, a\u00e7\u00facares, vitaminas, antioxidantes, minerais e devem ser consumidas diariamente. Voc\u00ea pode optar por\u00a0consumi-la em forma de sucos ou vitaminas, mas a melhor escolha \u00e9 com\u00ea-la em sua forma natural para aproveitar todas as fibras ofertadas. E n\u00e3o se esque\u00e7a de que quanto maior a variedade, melhor.<\/p>\n<p>O grupo dos latic\u00ednios, composto pelo leite, iogurte e queijos\u00a0tamb\u00e9m \u00e9 muito importante. Rico em c\u00e1lcio, ele auxilia no desenvolvimento \u00f3sseo de crian\u00e7as e adolescentes e previne a osteoporose em\u00a0adultos e idosos. Inclua pelo menos uma por\u00e7\u00e3o deste grupo no seu caf\u00e9 da manh\u00e3 e d\u00ea prefer\u00eancia sempre \u00e0s vers\u00f5es mais leves, como o leite ou iogurte desnatado e os queijos brancos.<\/p>\n<p>Outro grupo que n\u00e3o pode faltar no caf\u00e9 da manh\u00e3 \u00e9 o carboidrato. Nesta refei\u00e7\u00e3o ele vem na forma de p\u00e3es, torradas e biscoitos. Opte pelas vers\u00f5es integrais para aumentar a oferta de nutrientes e a sensa\u00e7\u00e3o de saciedade.<\/p>\n<p>O grupo dos cereais \u00e9 mais um da lista dos mais importantes. Aveia, linha\u00e7a, chia, granola e muitos outros s\u00e3o \u00f3timas op\u00e7\u00f5es para melhorar o tr\u00e2nsito intestinal, os \u00edndices de colesterol e glicemia.<\/p>\n<p>E o t\u00e3o querido caf\u00e9 preto n\u00e3o precisa ficar de fora. Desde que consumido com pouca (ou nenhuma) adi\u00e7\u00e3o de a\u00e7\u00facar e creme, ele pode ser um grande aliado na preven\u00e7\u00e3o de doen\u00e7as card\u00edacas, diabetes tipo 2 e auxilia no processo cognitivo devido \u00e0 sua alta taxa de antioxidantes. Al\u00e9m disso, a cafe\u00edna presente na bebida melhora o desempenho durante todo o dia.<\/p>\n<p>Outros alimentos muito presentes na mesa de caf\u00e9 da manh\u00e3 dos brasileiros s\u00e3o os frios como o presunto, o peito de peru e outros embutidos e queijos diversos, normalmente com alto teor de gordura. Eles n\u00e3o precisam ser eliminados\u00a0da sua alimenta\u00e7\u00e3o, mas \u00e9 importante lembrar que eles devem ser consumidos com bastante modera\u00e7\u00e3o, pois, apesar de serem muito proteicos, possuem bastante s\u00f3dio em sua composi\u00e7\u00e3o, o que pode levar ao desenvolvimento de quadros de hipertens\u00e3o e at\u00e9 mesmo doen\u00e7as card\u00edacas.<\/p>\n<p>Agora, com estas informa\u00e7\u00f5es em m\u00e3os, \u00e9 hora de planejar sua rotina para n\u00e3o pular o caf\u00e9 da manh\u00e3 nunca mais e fazer escolhas cada dia mais conscientes. Sua sa\u00fade agradece!<\/p>\n<p>&nbsp;<\/p>\n","protected":false},"excerpt":{"rendered":"<p>Com certeza voc\u00ea j\u00e1 ouviu in\u00fameras vezes pessoas afirmarem que \u201co caf\u00e9 da manh\u00e3 \u00e9 a refei\u00e7\u00e3o mais importante do dia\u201d, certo? Fato \u00e9 que realmente esta \u00e9 uma refei\u00e7\u00e3o muito importante e hoje iremos dar algumas dicas de alimentos que podem ser grandes aliados da sua sa\u00fade para que voc\u00ea comece bem o dia. [&hellip;]<\/p>\n","protected":false},"author":9,"featured_media":3308,"comment_status":"open","ping_status":"open","sticky":false,"template":"","format":"standard","meta":{"_acf_changed":false,"site-sidebar-layout":"default","site-content-layout":"","ast-site-content-layout":"default","site-content-style":"default","site-sidebar-style":"default","ast-global-header-display":"","ast-banner-title-visibility":"","ast-main-header-display":"","ast-hfb-above-header-display":"","ast-hfb-below-header-display":"","ast-hfb-mobile-header-display":"","site-post-title":"","ast-breadcrumbs-content":"","ast-featured-img":"","footer-sml-layout":"","theme-transparent-header-meta":"","adv-header-id-meta":"","stick-header-meta":"","header-above-stick-meta":"","header-main-stick-meta":"","header-below-stick-meta":"","astra-migrate-meta-layouts":"default","ast-page-background-enabled":"default","ast-page-background-meta":{"desktop":{"background-color":"var(--ast-global-color-4)","background-image":"","background-repeat":"repeat","background-position":"center center","background-size":"auto","background-attachment":"scroll","background-type":"","background-media":"","overlay-type":"","overlay-color":"","overlay-opacity":"","overlay-gradient":""},"tablet":{"background-color":"","background-image":"","background-repeat":"repeat","background-position":"center center","background-size":"auto","background-attachment":"scroll","background-type":"","background-media":"","overlay-type":"","overlay-color":"","overlay-opacity":"","overlay-gradient":""},"mobile":{"background-color":"","background-image":"","background-repeat":"repeat","background-position":"center center","background-size":"auto","background-attachment":"scroll","background-type":"","background-media":"","overlay-type":"","overlay-color":"","overlay-opacity":"","overlay-gradient":""}},"ast-content-background-meta":{"desktop":{"background-color":"var(--ast-global-color-5)","background-image":"","background-repeat":"repeat","background-position":"center center","background-size":"auto","background-attachment":"scroll","background-type":"","background-media":"","overlay-type":"","overlay-color":"","overlay-opacity":"","overlay-gradient":""},"tablet":{"background-color":"var(--ast-global-color-5)","background-image":"","background-repeat":"repeat","background-position":"center center","background-size":"auto","background-attachment":"scroll","background-type":"","background-media":"","overlay-type":"","overlay-color":"","overlay-opacity":"","overlay-gradient":""},"mobile":{"background-color":"var(--ast-global-color-5)","background-image":"","background-repeat":"repeat","background-position":"center center","background-size":"auto","background-attachment":"scroll","background-type":"","background-media":"","overlay-type":"","overlay-color":"","overlay-opacity":"","overlay-gradient":""}},"footnotes":""},"categories":[1],"tags":[86,181],"class_list":["post-3307","post","type-post","status-publish","format-standard","has-post-thumbnail","hentry","category-noticias","tag-alimentacao-saudavel","tag-cafe-da-manha"],"acf":[],"yoast_head":"<!-- This site is optimized with the Yoast SEO plugin v26.9 - https:\/\/yoast.com\/product\/yoast-seo-wordpress\/ -->\n<title>Melhores alimentos para o caf\u00e9 da manh\u00e3 - Usisa\u00fade<\/title>\n<meta name=\"robots\" content=\"index, follow, max-snippet:-1, max-image-preview:large, max-video-preview:-1\" \/>\n<link rel=\"canonical\" href=\"https:\/\/www.fsfx.com.br\/usisaude\/melhores-alimentos-para-o-cafe-da-manha\/\" \/>\n<meta property=\"og:locale\" content=\"pt_BR\" \/>\n<meta property=\"og:type\" content=\"article\" \/>\n<meta property=\"og:title\" content=\"Melhores alimentos para o caf\u00e9 da manh\u00e3 - Usisa\u00fade\" \/>\n<meta property=\"og:description\" content=\"Com certeza voc\u00ea j\u00e1 ouviu in\u00fameras vezes pessoas afirmarem que \u201co caf\u00e9 da manh\u00e3 \u00e9 a refei\u00e7\u00e3o mais importante do dia\u201d, certo? Fato \u00e9 que realmente esta \u00e9 uma refei\u00e7\u00e3o muito importante e hoje iremos dar algumas dicas de alimentos que podem ser grandes aliados da sua sa\u00fade para que voc\u00ea comece bem o dia. [&hellip;]\" \/>\n<meta property=\"og:url\" content=\"https:\/\/www.fsfx.com.br\/usisaude\/melhores-alimentos-para-o-cafe-da-manha\/\" \/>\n<meta property=\"og:site_name\" content=\"Usisa\u00fade\" \/>\n<meta property=\"article:published_time\" content=\"2016-12-23T17:03:40+00:00\" \/>\n<meta property=\"article:modified_time\" content=\"2024-09-12T18:08:25+00:00\" \/>\n<meta name=\"twitter:card\" content=\"summary_large_image\" \/>\n<meta name=\"twitter:label1\" content=\"Escrito por\" \/>\n\t<meta name=\"twitter:data1\" content=\"\" \/>\n\t<meta name=\"twitter:label2\" content=\"Est. tempo de leitura\" \/>\n\t<meta name=\"twitter:data2\" content=\"3 minutos\" \/>\n<script type=\"application\/ld+json\" class=\"yoast-schema-graph\">{\"@context\":\"https:\/\/schema.org\",\"@graph\":[{\"@type\":\"Article\",\"@id\":\"https:\/\/www.fsfx.com.br\/usisaude\/melhores-alimentos-para-o-cafe-da-manha\/#article\",\"isPartOf\":{\"@id\":\"https:\/\/www.fsfx.com.br\/usisaude\/melhores-alimentos-para-o-cafe-da-manha\/\"},\"author\":{\"name\":\"\",\"@id\":\"\"},\"headline\":\"Melhores alimentos para o caf\u00e9 da manh\u00e3\",\"datePublished\":\"2016-12-23T17:03:40+00:00\",\"dateModified\":\"2024-09-12T18:08:25+00:00\",\"mainEntityOfPage\":{\"@id\":\"https:\/\/www.fsfx.com.br\/usisaude\/melhores-alimentos-para-o-cafe-da-manha\/\"},\"wordCount\":602,\"commentCount\":0,\"publisher\":{\"@id\":\"https:\/\/www.fsfx.com.br\/usisaude\/#organization\"},\"image\":{\"@id\":\"https:\/\/www.fsfx.com.br\/usisaude\/melhores-alimentos-para-o-cafe-da-manha\/#primaryimage\"},\"thumbnailUrl\":\"\",\"keywords\":[\"alimenta\u00e7\u00e3o saud\u00e1vel\",\"caf\u00e9 da manh\u00e3\"],\"articleSection\":[\"Not\u00edcias\"],\"inLanguage\":\"pt-BR\",\"potentialAction\":[{\"@type\":\"CommentAction\",\"name\":\"Comment\",\"target\":[\"https:\/\/www.fsfx.com.br\/usisaude\/melhores-alimentos-para-o-cafe-da-manha\/#respond\"]}]},{\"@type\":\"WebPage\",\"@id\":\"https:\/\/www.fsfx.com.br\/usisaude\/melhores-alimentos-para-o-cafe-da-manha\/\",\"url\":\"https:\/\/www.fsfx.com.br\/usisaude\/melhores-alimentos-para-o-cafe-da-manha\/\",\"name\":\"Melhores alimentos para o caf\u00e9 da manh\u00e3 - Usisa\u00fade\",\"isPartOf\":{\"@id\":\"https:\/\/www.fsfx.com.br\/usisaude\/#website\"},\"primaryImageOfPage\":{\"@id\":\"https:\/\/www.fsfx.com.br\/usisaude\/melhores-alimentos-para-o-cafe-da-manha\/#primaryimage\"},\"image\":{\"@id\":\"https:\/\/www.fsfx.com.br\/usisaude\/melhores-alimentos-para-o-cafe-da-manha\/#primaryimage\"},\"thumbnailUrl\":\"\",\"datePublished\":\"2016-12-23T17:03:40+00:00\",\"dateModified\":\"2024-09-12T18:08:25+00:00\",\"breadcrumb\":{\"@id\":\"https:\/\/www.fsfx.com.br\/usisaude\/melhores-alimentos-para-o-cafe-da-manha\/#breadcrumb\"},\"inLanguage\":\"pt-BR\",\"potentialAction\":[{\"@type\":\"ReadAction\",\"target\":[\"https:\/\/www.fsfx.com.br\/usisaude\/melhores-alimentos-para-o-cafe-da-manha\/\"]}]},{\"@type\":\"ImageObject\",\"inLanguage\":\"pt-BR\",\"@id\":\"https:\/\/www.fsfx.com.br\/usisaude\/melhores-alimentos-para-o-cafe-da-manha\/#primaryimage\",\"url\":\"\",\"contentUrl\":\"\"},{\"@type\":\"BreadcrumbList\",\"@id\":\"https:\/\/www.fsfx.com.br\/usisaude\/melhores-alimentos-para-o-cafe-da-manha\/#breadcrumb\",\"itemListElement\":[{\"@type\":\"ListItem\",\"position\":1,\"name\":\"In\u00edcio\",\"item\":\"https:\/\/www.fsfx.com.br\/usisaude\/\"},{\"@type\":\"ListItem\",\"position\":2,\"name\":\"Melhores alimentos para o caf\u00e9 da manh\u00e3\"}]},{\"@type\":\"WebSite\",\"@id\":\"https:\/\/www.fsfx.com.br\/usisaude\/#website\",\"url\":\"https:\/\/www.fsfx.com.br\/usisaude\/\",\"name\":\"Usisa\u00fade\",\"description\":\"Somos a Usisa\u00fade, uma operadora de planos de sa\u00fade da Funda\u00e7\u00e3o S\u00e3o Francisco Xavier (FSFX), a maior em modalidade filantr\u00f3pica do pa\u00eds.\",\"publisher\":{\"@id\":\"https:\/\/www.fsfx.com.br\/usisaude\/#organization\"},\"potentialAction\":[{\"@type\":\"SearchAction\",\"target\":{\"@type\":\"EntryPoint\",\"urlTemplate\":\"https:\/\/www.fsfx.com.br\/usisaude\/?s={search_term_string}\"},\"query-input\":{\"@type\":\"PropertyValueSpecification\",\"valueRequired\":true,\"valueName\":\"search_term_string\"}}],\"inLanguage\":\"pt-BR\"},{\"@type\":\"Organization\",\"@id\":\"https:\/\/www.fsfx.com.br\/usisaude\/#organization\",\"name\":\"Usisa\u00fade\",\"url\":\"https:\/\/www.fsfx.com.br\/usisaude\/\",\"logo\":{\"@type\":\"ImageObject\",\"inLanguage\":\"pt-BR\",\"@id\":\"https:\/\/www.fsfx.com.br\/usisaude\/#\/schema\/logo\/image\/\",\"url\":\"https:\/\/www.fsfx.com.br\/usisaude\/wp-content\/uploads\/sites\/6\/2022\/03\/logo-ususaude-1.svg\",\"contentUrl\":\"https:\/\/www.fsfx.com.br\/usisaude\/wp-content\/uploads\/sites\/6\/2022\/03\/logo-ususaude-1.svg\",\"width\":445,\"height\":196,\"caption\":\"Usisa\u00fade\"},\"image\":{\"@id\":\"https:\/\/www.fsfx.com.br\/usisaude\/#\/schema\/logo\/image\/\"}},{\"@type\":\"Person\",\"@id\":\"\",\"url\":\"https:\/\/www.fsfx.com.br\/usisaude\/author\/\"}]}<\/script>\n<!-- \/ Yoast SEO plugin. -->","yoast_head_json":{"title":"Melhores alimentos para o caf\u00e9 da manh\u00e3 - Usisa\u00fade","robots":{"index":"index","follow":"follow","max-snippet":"max-snippet:-1","max-image-preview":"max-image-preview:large","max-video-preview":"max-video-preview:-1"},"canonical":"https:\/\/www.fsfx.com.br\/usisaude\/melhores-alimentos-para-o-cafe-da-manha\/","og_locale":"pt_BR","og_type":"article","og_title":"Melhores alimentos para o caf\u00e9 da manh\u00e3 - Usisa\u00fade","og_description":"Com certeza voc\u00ea j\u00e1 ouviu in\u00fameras vezes pessoas afirmarem que \u201co caf\u00e9 da manh\u00e3 \u00e9 a refei\u00e7\u00e3o mais importante do dia\u201d, certo? Fato \u00e9 que realmente esta \u00e9 uma refei\u00e7\u00e3o muito importante e hoje iremos dar algumas dicas de alimentos que podem ser grandes aliados da sua sa\u00fade para que voc\u00ea comece bem o dia. [&hellip;]","og_url":"https:\/\/www.fsfx.com.br\/usisaude\/melhores-alimentos-para-o-cafe-da-manha\/","og_site_name":"Usisa\u00fade","article_published_time":"2016-12-23T17:03:40+00:00","article_modified_time":"2024-09-12T18:08:25+00:00","twitter_card":"summary_large_image","twitter_misc":{"Escrito por":"","Est. tempo de leitura":"3 minutos"},"schema":{"@context":"https:\/\/schema.org","@graph":[{"@type":"Article","@id":"https:\/\/www.fsfx.com.br\/usisaude\/melhores-alimentos-para-o-cafe-da-manha\/#article","isPartOf":{"@id":"https:\/\/www.fsfx.com.br\/usisaude\/melhores-alimentos-para-o-cafe-da-manha\/"},"author":{"name":"","@id":""},"headline":"Melhores alimentos para o caf\u00e9 da manh\u00e3","datePublished":"2016-12-23T17:03:40+00:00","dateModified":"2024-09-12T18:08:25+00:00","mainEntityOfPage":{"@id":"https:\/\/www.fsfx.com.br\/usisaude\/melhores-alimentos-para-o-cafe-da-manha\/"},"wordCount":602,"commentCount":0,"publisher":{"@id":"https:\/\/www.fsfx.com.br\/usisaude\/#organization"},"image":{"@id":"https:\/\/www.fsfx.com.br\/usisaude\/melhores-alimentos-para-o-cafe-da-manha\/#primaryimage"},"thumbnailUrl":"","keywords":["alimenta\u00e7\u00e3o saud\u00e1vel","caf\u00e9 da manh\u00e3"],"articleSection":["Not\u00edcias"],"inLanguage":"pt-BR","potentialAction":[{"@type":"CommentAction","name":"Comment","target":["https:\/\/www.fsfx.com.br\/usisaude\/melhores-alimentos-para-o-cafe-da-manha\/#respond"]}]},{"@type":"WebPage","@id":"https:\/\/www.fsfx.com.br\/usisaude\/melhores-alimentos-para-o-cafe-da-manha\/","url":"https:\/\/www.fsfx.com.br\/usisaude\/melhores-alimentos-para-o-cafe-da-manha\/","name":"Melhores alimentos para o caf\u00e9 da manh\u00e3 - Usisa\u00fade","isPartOf":{"@id":"https:\/\/www.fsfx.com.br\/usisaude\/#website"},"primaryImageOfPage":{"@id":"https:\/\/www.fsfx.com.br\/usisaude\/melhores-alimentos-para-o-cafe-da-manha\/#primaryimage"},"image":{"@id":"https:\/\/www.fsfx.com.br\/usisaude\/melhores-alimentos-para-o-cafe-da-manha\/#primaryimage"},"thumbnailUrl":"","datePublished":"2016-12-23T17:03:40+00:00","dateModified":"2024-09-12T18:08:25+00:00","breadcrumb":{"@id":"https:\/\/www.fsfx.com.br\/usisaude\/melhores-alimentos-para-o-cafe-da-manha\/#breadcrumb"},"inLanguage":"pt-BR","potentialAction":[{"@type":"ReadAction","target":["https:\/\/www.fsfx.com.br\/usisaude\/melhores-alimentos-para-o-cafe-da-manha\/"]}]},{"@type":"ImageObject","inLanguage":"pt-BR","@id":"https:\/\/www.fsfx.com.br\/usisaude\/melhores-alimentos-para-o-cafe-da-manha\/#primaryimage","url":"","contentUrl":""},{"@type":"BreadcrumbList","@id":"https:\/\/www.fsfx.com.br\/usisaude\/melhores-alimentos-para-o-cafe-da-manha\/#breadcrumb","itemListElement":[{"@type":"ListItem","position":1,"name":"In\u00edcio","item":"https:\/\/www.fsfx.com.br\/usisaude\/"},{"@type":"ListItem","position":2,"name":"Melhores alimentos para o caf\u00e9 da manh\u00e3"}]},{"@type":"WebSite","@id":"https:\/\/www.fsfx.com.br\/usisaude\/#website","url":"https:\/\/www.fsfx.com.br\/usisaude\/","name":"Usisa\u00fade","description":"Somos a Usisa\u00fade, uma operadora de planos de sa\u00fade da Funda\u00e7\u00e3o S\u00e3o Francisco Xavier (FSFX), a maior em modalidade filantr\u00f3pica do pa\u00eds.","publisher":{"@id":"https:\/\/www.fsfx.com.br\/usisaude\/#organization"},"potentialAction":[{"@type":"SearchAction","target":{"@type":"EntryPoint","urlTemplate":"https:\/\/www.fsfx.com.br\/usisaude\/?s={search_term_string}"},"query-input":{"@type":"PropertyValueSpecification","valueRequired":true,"valueName":"search_term_string"}}],"inLanguage":"pt-BR"},{"@type":"Organization","@id":"https:\/\/www.fsfx.com.br\/usisaude\/#organization","name":"Usisa\u00fade","url":"https:\/\/www.fsfx.com.br\/usisaude\/","logo":{"@type":"ImageObject","inLanguage":"pt-BR","@id":"https:\/\/www.fsfx.com.br\/usisaude\/#\/schema\/logo\/image\/","url":"https:\/\/www.fsfx.com.br\/usisaude\/wp-content\/uploads\/sites\/6\/2022\/03\/logo-ususaude-1.svg","contentUrl":"https:\/\/www.fsfx.com.br\/usisaude\/wp-content\/uploads\/sites\/6\/2022\/03\/logo-ususaude-1.svg","width":445,"height":196,"caption":"Usisa\u00fade"},"image":{"@id":"https:\/\/www.fsfx.com.br\/usisaude\/#\/schema\/logo\/image\/"}},{"@type":"Person","@id":"","url":"https:\/\/www.fsfx.com.br\/usisaude\/author\/"}]}},"_links":{"self":[{"href":"https:\/\/www.fsfx.com.br\/usisaude\/wp-json\/wp\/v2\/posts\/3307","targetHints":{"allow":["GET"]}}],"collection":[{"href":"https:\/\/www.fsfx.com.br\/usisaude\/wp-json\/wp\/v2\/posts"}],"about":[{"href":"https:\/\/www.fsfx.com.br\/usisaude\/wp-json\/wp\/v2\/types\/post"}],"author":[{"embeddable":true,"href":"https:\/\/www.fsfx.com.br\/usisaude\/wp-json\/wp\/v2\/users\/9"}],"replies":[{"embeddable":true,"href":"https:\/\/www.fsfx.com.br\/usisaude\/wp-json\/wp\/v2\/comments?post=3307"}],"version-history":[{"count":1,"href":"https:\/\/www.fsfx.com.br\/usisaude\/wp-json\/wp\/v2\/posts\/3307\/revisions"}],"predecessor-version":[{"id":10817,"href":"https:\/\/www.fsfx.com.br\/usisaude\/wp-json\/wp\/v2\/posts\/3307\/revisions\/10817"}],"wp:featuredmedia":[{"embeddable":true,"href":"https:\/\/www.fsfx.com.br\/usisaude\/wp-json\/"}],"wp:attachment":[{"href":"https:\/\/www.fsfx.com.br\/usisaude\/wp-json\/wp\/v2\/media?parent=3307"}],"wp:term":[{"taxonomy":"category","embeddable":true,"href":"https:\/\/www.fsfx.com.br\/usisaude\/wp-json\/wp\/v2\/categories?post=3307"},{"taxonomy":"post_tag","embeddable":true,"href":"https:\/\/www.fsfx.com.br\/usisaude\/wp-json\/wp\/v2\/tags?post=3307"}],"curies":[{"name":"wp","href":"https:\/\/api.w.org\/{rel}","templated":true}]}}