{"id":3317,"date":"2017-01-06T16:51:48","date_gmt":"2017-01-06T16:51:48","guid":{"rendered":"http:\/\/www.fsfx.com.br\/atituderimacomsaude\/?p=3317"},"modified":"2024-09-12T15:08:24","modified_gmt":"2024-09-12T18:08:24","slug":"o-que-fazer-para-evitar-crises-alergicas","status":"publish","type":"post","link":"https:\/\/www.fsfx.com.br\/usisaude\/o-que-fazer-para-evitar-crises-alergicas\/","title":{"rendered":"O que fazer para evitar crises al\u00e9rgicas?"},"content":{"rendered":"<p>N\u00e3o importa a \u00e9poca do ano, indiv\u00edduos al\u00e9rgicos precisam estar preparados para lidar com este problema durante toda a vida.<\/p>\n<p>Mas melhor que tratar o problema \u00e9 tomar medidas para evit\u00e1-lo e, para isto, existem diversas dicas que, independente do gatilho da sua alergia, ir\u00e3o te ajudar a ter uma qualidade de vida melhor.<\/p>\n<p>A primeira delas diz respeito \u00e0 poeira, que \u00e9 a grande vil\u00e3 da maioria dos relatos de alergia. Para evitar que ela atrapalhe sua qualidade de vida, limpe os ambientes com pano \u00famido pelo menos uma vez por semana e lembre-se de que esta tamb\u00e9m \u00e9 a frequ\u00eancia com que as roupas de cama devem ser trocadas. Manter a casa arejada e evitar o uso de tapetes, cortinas e objetos que acumulam poeira tamb\u00e9m \u00e9 essencial.<\/p>\n<p>J\u00e1 se sua alergia \u00e9 ativada pelo p\u00f3len, os cuidados a serem tomados dizem respeito \u00e0 circula\u00e7\u00e3o de ar, que deve ser filtrado pelo ar condicionado, purificador de ar ou filtro de ambientes, e \u00e0 concentra\u00e7\u00e3o de p\u00f3len no ar, evitando exposi\u00e7\u00e3o a locais que podem desencadear uma crise.<\/p>\n<p>Os bichinhos de estima\u00e7\u00e3o tamb\u00e9m merecem aten\u00e7\u00e3o especial, pois mesmo aqueles conhecidos por serem hipoalerg\u00eanicos \u2013 que n\u00e3o causam rea\u00e7\u00e3o al\u00e9rgica e s\u00e3o mais recomendados para pessoas al\u00e9rgicas \u2013 soltam muitos pelos, al\u00e9m de serem dep\u00f3sitos de poeira, p\u00f3len, mofo e outros \u00e1caros vindos do ar livre. Desta forma, a dica \u00e9 mant\u00ea-los sempre limpinhos e afastados dos quartos n\u00e3o somente na hora de dormir.<\/p>\n<p>Caso voc\u00ea ou algu\u00e9m em sua casa tenha algum tipo de alergia, evite cheiros fortes, tanto em produtos dom\u00e9sticos quanto em seus cosm\u00e9ticos e perfumes. Indiv\u00edduos al\u00e9rgicos possuem o olfato mais sens\u00edvel e a exposi\u00e7\u00e3o a cheiros fortes pode levar \u00e0 inflama\u00e7\u00e3o ou irrita\u00e7\u00e3o da mucosa nasal, causando dor e desconforto.<\/p>\n<p>Outra dica muito importante diz respeito \u00e0 limpeza das narinas, que requer mais aten\u00e7\u00e3o, no caso de pessoas al\u00e9rgicas. O ideal \u00e9 lavar o nariz com soro fisiol\u00f3gico duas vezes ao dia (de manh\u00e3 e \u00e0 noite) a fim de eliminar as impurezas que causam irrita\u00e7\u00e3o e desencadeiam as crises al\u00e9rgicas.<\/p>\n<p>No mais, n\u00e3o se esque\u00e7a de que em caso de crise, voc\u00ea n\u00e3o deve se automedicar e deve procurar seu m\u00e9dico para constatar o motivo e iniciar o tratamento adequado.<\/p>\n","protected":false},"excerpt":{"rendered":"<p>N\u00e3o importa a \u00e9poca do ano, indiv\u00edduos al\u00e9rgicos precisam estar preparados para lidar com este problema durante toda a vida. Mas melhor que tratar o problema \u00e9 tomar medidas para evit\u00e1-lo e, para isto, existem diversas dicas que, independente do gatilho da sua alergia, ir\u00e3o te ajudar a ter uma qualidade de vida melhor. A [&hellip;]<\/p>\n","protected":false},"author":9,"featured_media":3318,"comment_status":"open","ping_status":"open","sticky":false,"template":"","format":"standard","meta":{"_acf_changed":false,"site-sidebar-layout":"default","site-content-layout":"","ast-site-content-layout":"default","site-content-style":"default","site-sidebar-style":"default","ast-global-header-display":"","ast-banner-title-visibility":"","ast-main-header-display":"","ast-hfb-above-header-display":"","ast-hfb-below-header-display":"","ast-hfb-mobile-header-display":"","site-post-title":"","ast-breadcrumbs-content":"","ast-featured-img":"","footer-sml-layout":"","theme-transparent-header-meta":"","adv-header-id-meta":"","stick-header-meta":"","header-above-stick-meta":"","header-main-stick-meta":"","header-below-stick-meta":"","astra-migrate-meta-layouts":"default","ast-page-background-enabled":"default","ast-page-background-meta":{"desktop":{"background-color":"var(--ast-global-color-4)","background-image":"","background-repeat":"repeat","background-position":"center center","background-size":"auto","background-attachment":"scroll","background-type":"","background-media":"","overlay-type":"","overlay-color":"","overlay-opacity":"","overlay-gradient":""},"tablet":{"background-color":"","background-image":"","background-repeat":"repeat","background-position":"center center","background-size":"auto","background-attachment":"scroll","background-type":"","background-media":"","overlay-type":"","overlay-color":"","overlay-opacity":"","overlay-gradient":""},"mobile":{"background-color":"","background-image":"","background-repeat":"repeat","background-position":"center center","background-size":"auto","background-attachment":"scroll","background-type":"","background-media":"","overlay-type":"","overlay-color":"","overlay-opacity":"","overlay-gradient":""}},"ast-content-background-meta":{"desktop":{"background-color":"var(--ast-global-color-5)","background-image":"","background-repeat":"repeat","background-position":"center center","background-size":"auto","background-attachment":"scroll","background-type":"","background-media":"","overlay-type":"","overlay-color":"","overlay-opacity":"","overlay-gradient":""},"tablet":{"background-color":"var(--ast-global-color-5)","background-image":"","background-repeat":"repeat","background-position":"center center","background-size":"auto","background-attachment":"scroll","background-type":"","background-media":"","overlay-type":"","overlay-color":"","overlay-opacity":"","overlay-gradient":""},"mobile":{"background-color":"var(--ast-global-color-5)","background-image":"","background-repeat":"repeat","background-position":"center center","background-size":"auto","background-attachment":"scroll","background-type":"","background-media":"","overlay-type":"","overlay-color":"","overlay-opacity":"","overlay-gradient":""}},"footnotes":""},"categories":[1],"tags":[185,186],"class_list":["post-3317","post","type-post","status-publish","format-standard","has-post-thumbnail","hentry","category-noticias","tag-alergia","tag-crise-alergica"],"acf":[],"yoast_head":"<!-- This site is optimized with the Yoast SEO plugin v26.9 - https:\/\/yoast.com\/product\/yoast-seo-wordpress\/ -->\n<title>O que fazer para evitar crises al\u00e9rgicas? - Usisa\u00fade<\/title>\n<meta name=\"robots\" content=\"index, follow, max-snippet:-1, max-image-preview:large, max-video-preview:-1\" \/>\n<link rel=\"canonical\" href=\"https:\/\/www.fsfx.com.br\/usisaude\/o-que-fazer-para-evitar-crises-alergicas\/\" \/>\n<meta property=\"og:locale\" content=\"pt_BR\" \/>\n<meta property=\"og:type\" content=\"article\" \/>\n<meta property=\"og:title\" content=\"O que fazer para evitar crises al\u00e9rgicas? - Usisa\u00fade\" \/>\n<meta property=\"og:description\" content=\"N\u00e3o importa a \u00e9poca do ano, indiv\u00edduos al\u00e9rgicos precisam estar preparados para lidar com este problema durante toda a vida. Mas melhor que tratar o problema \u00e9 tomar medidas para evit\u00e1-lo e, para isto, existem diversas dicas que, independente do gatilho da sua alergia, ir\u00e3o te ajudar a ter uma qualidade de vida melhor. A [&hellip;]\" \/>\n<meta property=\"og:url\" content=\"https:\/\/www.fsfx.com.br\/usisaude\/o-que-fazer-para-evitar-crises-alergicas\/\" \/>\n<meta property=\"og:site_name\" content=\"Usisa\u00fade\" \/>\n<meta property=\"article:published_time\" content=\"2017-01-06T16:51:48+00:00\" \/>\n<meta property=\"article:modified_time\" content=\"2024-09-12T18:08:24+00:00\" \/>\n<meta name=\"twitter:card\" content=\"summary_large_image\" \/>\n<meta name=\"twitter:label1\" content=\"Escrito por\" \/>\n\t<meta name=\"twitter:data1\" content=\"\" \/>\n\t<meta name=\"twitter:label2\" content=\"Est. tempo de leitura\" \/>\n\t<meta name=\"twitter:data2\" content=\"2 minutos\" \/>\n<script type=\"application\/ld+json\" class=\"yoast-schema-graph\">{\"@context\":\"https:\/\/schema.org\",\"@graph\":[{\"@type\":\"Article\",\"@id\":\"https:\/\/www.fsfx.com.br\/usisaude\/o-que-fazer-para-evitar-crises-alergicas\/#article\",\"isPartOf\":{\"@id\":\"https:\/\/www.fsfx.com.br\/usisaude\/o-que-fazer-para-evitar-crises-alergicas\/\"},\"author\":{\"name\":\"\",\"@id\":\"\"},\"headline\":\"O que fazer para evitar crises al\u00e9rgicas?\",\"datePublished\":\"2017-01-06T16:51:48+00:00\",\"dateModified\":\"2024-09-12T18:08:24+00:00\",\"mainEntityOfPage\":{\"@id\":\"https:\/\/www.fsfx.com.br\/usisaude\/o-que-fazer-para-evitar-crises-alergicas\/\"},\"wordCount\":414,\"commentCount\":0,\"publisher\":{\"@id\":\"https:\/\/www.fsfx.com.br\/usisaude\/#organization\"},\"image\":{\"@id\":\"https:\/\/www.fsfx.com.br\/usisaude\/o-que-fazer-para-evitar-crises-alergicas\/#primaryimage\"},\"thumbnailUrl\":\"\",\"keywords\":[\"alergia\",\"crise al\u00e9rgica\"],\"articleSection\":[\"Not\u00edcias\"],\"inLanguage\":\"pt-BR\",\"potentialAction\":[{\"@type\":\"CommentAction\",\"name\":\"Comment\",\"target\":[\"https:\/\/www.fsfx.com.br\/usisaude\/o-que-fazer-para-evitar-crises-alergicas\/#respond\"]}]},{\"@type\":\"WebPage\",\"@id\":\"https:\/\/www.fsfx.com.br\/usisaude\/o-que-fazer-para-evitar-crises-alergicas\/\",\"url\":\"https:\/\/www.fsfx.com.br\/usisaude\/o-que-fazer-para-evitar-crises-alergicas\/\",\"name\":\"O que fazer para evitar crises al\u00e9rgicas? - Usisa\u00fade\",\"isPartOf\":{\"@id\":\"https:\/\/www.fsfx.com.br\/usisaude\/#website\"},\"primaryImageOfPage\":{\"@id\":\"https:\/\/www.fsfx.com.br\/usisaude\/o-que-fazer-para-evitar-crises-alergicas\/#primaryimage\"},\"image\":{\"@id\":\"https:\/\/www.fsfx.com.br\/usisaude\/o-que-fazer-para-evitar-crises-alergicas\/#primaryimage\"},\"thumbnailUrl\":\"\",\"datePublished\":\"2017-01-06T16:51:48+00:00\",\"dateModified\":\"2024-09-12T18:08:24+00:00\",\"breadcrumb\":{\"@id\":\"https:\/\/www.fsfx.com.br\/usisaude\/o-que-fazer-para-evitar-crises-alergicas\/#breadcrumb\"},\"inLanguage\":\"pt-BR\",\"potentialAction\":[{\"@type\":\"ReadAction\",\"target\":[\"https:\/\/www.fsfx.com.br\/usisaude\/o-que-fazer-para-evitar-crises-alergicas\/\"]}]},{\"@type\":\"ImageObject\",\"inLanguage\":\"pt-BR\",\"@id\":\"https:\/\/www.fsfx.com.br\/usisaude\/o-que-fazer-para-evitar-crises-alergicas\/#primaryimage\",\"url\":\"\",\"contentUrl\":\"\"},{\"@type\":\"BreadcrumbList\",\"@id\":\"https:\/\/www.fsfx.com.br\/usisaude\/o-que-fazer-para-evitar-crises-alergicas\/#breadcrumb\",\"itemListElement\":[{\"@type\":\"ListItem\",\"position\":1,\"name\":\"In\u00edcio\",\"item\":\"https:\/\/www.fsfx.com.br\/usisaude\/\"},{\"@type\":\"ListItem\",\"position\":2,\"name\":\"O que fazer para evitar crises al\u00e9rgicas?\"}]},{\"@type\":\"WebSite\",\"@id\":\"https:\/\/www.fsfx.com.br\/usisaude\/#website\",\"url\":\"https:\/\/www.fsfx.com.br\/usisaude\/\",\"name\":\"Usisa\u00fade\",\"description\":\"Somos a Usisa\u00fade, uma operadora de planos de sa\u00fade da Funda\u00e7\u00e3o S\u00e3o Francisco Xavier (FSFX), a maior em modalidade filantr\u00f3pica do pa\u00eds.\",\"publisher\":{\"@id\":\"https:\/\/www.fsfx.com.br\/usisaude\/#organization\"},\"potentialAction\":[{\"@type\":\"SearchAction\",\"target\":{\"@type\":\"EntryPoint\",\"urlTemplate\":\"https:\/\/www.fsfx.com.br\/usisaude\/?s={search_term_string}\"},\"query-input\":{\"@type\":\"PropertyValueSpecification\",\"valueRequired\":true,\"valueName\":\"search_term_string\"}}],\"inLanguage\":\"pt-BR\"},{\"@type\":\"Organization\",\"@id\":\"https:\/\/www.fsfx.com.br\/usisaude\/#organization\",\"name\":\"Usisa\u00fade\",\"url\":\"https:\/\/www.fsfx.com.br\/usisaude\/\",\"logo\":{\"@type\":\"ImageObject\",\"inLanguage\":\"pt-BR\",\"@id\":\"https:\/\/www.fsfx.com.br\/usisaude\/#\/schema\/logo\/image\/\",\"url\":\"https:\/\/www.fsfx.com.br\/usisaude\/wp-content\/uploads\/sites\/6\/2022\/03\/logo-ususaude-1.svg\",\"contentUrl\":\"https:\/\/www.fsfx.com.br\/usisaude\/wp-content\/uploads\/sites\/6\/2022\/03\/logo-ususaude-1.svg\",\"width\":445,\"height\":196,\"caption\":\"Usisa\u00fade\"},\"image\":{\"@id\":\"https:\/\/www.fsfx.com.br\/usisaude\/#\/schema\/logo\/image\/\"}},{\"@type\":\"Person\",\"@id\":\"\",\"url\":\"https:\/\/www.fsfx.com.br\/usisaude\/author\/\"}]}<\/script>\n<!-- \/ Yoast SEO plugin. -->","yoast_head_json":{"title":"O que fazer para evitar crises al\u00e9rgicas? - Usisa\u00fade","robots":{"index":"index","follow":"follow","max-snippet":"max-snippet:-1","max-image-preview":"max-image-preview:large","max-video-preview":"max-video-preview:-1"},"canonical":"https:\/\/www.fsfx.com.br\/usisaude\/o-que-fazer-para-evitar-crises-alergicas\/","og_locale":"pt_BR","og_type":"article","og_title":"O que fazer para evitar crises al\u00e9rgicas? - Usisa\u00fade","og_description":"N\u00e3o importa a \u00e9poca do ano, indiv\u00edduos al\u00e9rgicos precisam estar preparados para lidar com este problema durante toda a vida. Mas melhor que tratar o problema \u00e9 tomar medidas para evit\u00e1-lo e, para isto, existem diversas dicas que, independente do gatilho da sua alergia, ir\u00e3o te ajudar a ter uma qualidade de vida melhor. A [&hellip;]","og_url":"https:\/\/www.fsfx.com.br\/usisaude\/o-que-fazer-para-evitar-crises-alergicas\/","og_site_name":"Usisa\u00fade","article_published_time":"2017-01-06T16:51:48+00:00","article_modified_time":"2024-09-12T18:08:24+00:00","twitter_card":"summary_large_image","twitter_misc":{"Escrito por":"","Est. tempo de leitura":"2 minutos"},"schema":{"@context":"https:\/\/schema.org","@graph":[{"@type":"Article","@id":"https:\/\/www.fsfx.com.br\/usisaude\/o-que-fazer-para-evitar-crises-alergicas\/#article","isPartOf":{"@id":"https:\/\/www.fsfx.com.br\/usisaude\/o-que-fazer-para-evitar-crises-alergicas\/"},"author":{"name":"","@id":""},"headline":"O que fazer para evitar crises al\u00e9rgicas?","datePublished":"2017-01-06T16:51:48+00:00","dateModified":"2024-09-12T18:08:24+00:00","mainEntityOfPage":{"@id":"https:\/\/www.fsfx.com.br\/usisaude\/o-que-fazer-para-evitar-crises-alergicas\/"},"wordCount":414,"commentCount":0,"publisher":{"@id":"https:\/\/www.fsfx.com.br\/usisaude\/#organization"},"image":{"@id":"https:\/\/www.fsfx.com.br\/usisaude\/o-que-fazer-para-evitar-crises-alergicas\/#primaryimage"},"thumbnailUrl":"","keywords":["alergia","crise al\u00e9rgica"],"articleSection":["Not\u00edcias"],"inLanguage":"pt-BR","potentialAction":[{"@type":"CommentAction","name":"Comment","target":["https:\/\/www.fsfx.com.br\/usisaude\/o-que-fazer-para-evitar-crises-alergicas\/#respond"]}]},{"@type":"WebPage","@id":"https:\/\/www.fsfx.com.br\/usisaude\/o-que-fazer-para-evitar-crises-alergicas\/","url":"https:\/\/www.fsfx.com.br\/usisaude\/o-que-fazer-para-evitar-crises-alergicas\/","name":"O que fazer para evitar crises al\u00e9rgicas? - Usisa\u00fade","isPartOf":{"@id":"https:\/\/www.fsfx.com.br\/usisaude\/#website"},"primaryImageOfPage":{"@id":"https:\/\/www.fsfx.com.br\/usisaude\/o-que-fazer-para-evitar-crises-alergicas\/#primaryimage"},"image":{"@id":"https:\/\/www.fsfx.com.br\/usisaude\/o-que-fazer-para-evitar-crises-alergicas\/#primaryimage"},"thumbnailUrl":"","datePublished":"2017-01-06T16:51:48+00:00","dateModified":"2024-09-12T18:08:24+00:00","breadcrumb":{"@id":"https:\/\/www.fsfx.com.br\/usisaude\/o-que-fazer-para-evitar-crises-alergicas\/#breadcrumb"},"inLanguage":"pt-BR","potentialAction":[{"@type":"ReadAction","target":["https:\/\/www.fsfx.com.br\/usisaude\/o-que-fazer-para-evitar-crises-alergicas\/"]}]},{"@type":"ImageObject","inLanguage":"pt-BR","@id":"https:\/\/www.fsfx.com.br\/usisaude\/o-que-fazer-para-evitar-crises-alergicas\/#primaryimage","url":"","contentUrl":""},{"@type":"BreadcrumbList","@id":"https:\/\/www.fsfx.com.br\/usisaude\/o-que-fazer-para-evitar-crises-alergicas\/#breadcrumb","itemListElement":[{"@type":"ListItem","position":1,"name":"In\u00edcio","item":"https:\/\/www.fsfx.com.br\/usisaude\/"},{"@type":"ListItem","position":2,"name":"O que fazer para evitar crises al\u00e9rgicas?"}]},{"@type":"WebSite","@id":"https:\/\/www.fsfx.com.br\/usisaude\/#website","url":"https:\/\/www.fsfx.com.br\/usisaude\/","name":"Usisa\u00fade","description":"Somos a Usisa\u00fade, uma operadora de planos de sa\u00fade da Funda\u00e7\u00e3o S\u00e3o Francisco Xavier (FSFX), a maior em modalidade filantr\u00f3pica do pa\u00eds.","publisher":{"@id":"https:\/\/www.fsfx.com.br\/usisaude\/#organization"},"potentialAction":[{"@type":"SearchAction","target":{"@type":"EntryPoint","urlTemplate":"https:\/\/www.fsfx.com.br\/usisaude\/?s={search_term_string}"},"query-input":{"@type":"PropertyValueSpecification","valueRequired":true,"valueName":"search_term_string"}}],"inLanguage":"pt-BR"},{"@type":"Organization","@id":"https:\/\/www.fsfx.com.br\/usisaude\/#organization","name":"Usisa\u00fade","url":"https:\/\/www.fsfx.com.br\/usisaude\/","logo":{"@type":"ImageObject","inLanguage":"pt-BR","@id":"https:\/\/www.fsfx.com.br\/usisaude\/#\/schema\/logo\/image\/","url":"https:\/\/www.fsfx.com.br\/usisaude\/wp-content\/uploads\/sites\/6\/2022\/03\/logo-ususaude-1.svg","contentUrl":"https:\/\/www.fsfx.com.br\/usisaude\/wp-content\/uploads\/sites\/6\/2022\/03\/logo-ususaude-1.svg","width":445,"height":196,"caption":"Usisa\u00fade"},"image":{"@id":"https:\/\/www.fsfx.com.br\/usisaude\/#\/schema\/logo\/image\/"}},{"@type":"Person","@id":"","url":"https:\/\/www.fsfx.com.br\/usisaude\/author\/"}]}},"_links":{"self":[{"href":"https:\/\/www.fsfx.com.br\/usisaude\/wp-json\/wp\/v2\/posts\/3317","targetHints":{"allow":["GET"]}}],"collection":[{"href":"https:\/\/www.fsfx.com.br\/usisaude\/wp-json\/wp\/v2\/posts"}],"about":[{"href":"https:\/\/www.fsfx.com.br\/usisaude\/wp-json\/wp\/v2\/types\/post"}],"author":[{"embeddable":true,"href":"https:\/\/www.fsfx.com.br\/usisaude\/wp-json\/wp\/v2\/users\/9"}],"replies":[{"embeddable":true,"href":"https:\/\/www.fsfx.com.br\/usisaude\/wp-json\/wp\/v2\/comments?post=3317"}],"version-history":[{"count":1,"href":"https:\/\/www.fsfx.com.br\/usisaude\/wp-json\/wp\/v2\/posts\/3317\/revisions"}],"predecessor-version":[{"id":10814,"href":"https:\/\/www.fsfx.com.br\/usisaude\/wp-json\/wp\/v2\/posts\/3317\/revisions\/10814"}],"wp:featuredmedia":[{"embeddable":true,"href":"https:\/\/www.fsfx.com.br\/usisaude\/wp-json\/"}],"wp:attachment":[{"href":"https:\/\/www.fsfx.com.br\/usisaude\/wp-json\/wp\/v2\/media?parent=3317"}],"wp:term":[{"taxonomy":"category","embeddable":true,"href":"https:\/\/www.fsfx.com.br\/usisaude\/wp-json\/wp\/v2\/categories?post=3317"},{"taxonomy":"post_tag","embeddable":true,"href":"https:\/\/www.fsfx.com.br\/usisaude\/wp-json\/wp\/v2\/tags?post=3317"}],"curies":[{"name":"wp","href":"https:\/\/api.w.org\/{rel}","templated":true}]}}