{"id":3387,"date":"2017-06-13T10:00:27","date_gmt":"2017-06-13T10:00:27","guid":{"rendered":"http:\/\/www.fsfx.com.br\/atituderimacomsaude\/?p=3387"},"modified":"2024-09-12T15:08:21","modified_gmt":"2024-09-12T18:08:21","slug":"tecnicas-para-respirar-melhor","status":"publish","type":"post","link":"https:\/\/www.fsfx.com.br\/usisaude\/tecnicas-para-respirar-melhor\/","title":{"rendered":"T\u00e9cnicas para respirar melhor"},"content":{"rendered":"<p><strong>Conte\u00fado atualizado em 05\/08\/2020.<\/strong><\/p>\n<p><span style=\"font-weight: 400\">Respirar \u00e9 uma fun\u00e7\u00e3o fisiol\u00f3gica do ser humano e \u00e9 realizada de forma involunt\u00e1ria e inconsciente. No entanto, existem diversos problemas que podem atrapalhar ou impedir um indiv\u00edduo, seja ele crian\u00e7a ou adulto, de respirar corretamente.<\/span><\/p>\n<p><span style=\"font-weight: 400\">Quando isto acontece, o organismo pode sofrer in\u00fameras consequ\u00eancias, visto que a respira\u00e7\u00e3o, por ser respons\u00e1vel pela troca de oxig\u00eanio e g\u00e1s carb\u00f4nico e pela oxigena\u00e7\u00e3o das c\u00e9lulas, \u00e9 uma fun\u00e7\u00e3o essencial para o corpo humano.<\/span><\/p>\n<p><span style=\"font-weight: 400\">Doen\u00e7as respirat\u00f3rias s\u00e3o respons\u00e1veis por um elevado n\u00famero de \u00f3bitos em todo mundo, al\u00e9m de causar impacto nas atividades cotidianas como praticar exerc\u00edcios f\u00edsicos, dormir e trabalhar.<\/span><\/p>\n<p><span style=\"font-weight: 400\">Neste conte\u00fado, explicaremos sobre t\u00e9cnicas para respirar melhor, al\u00e9m de exerc\u00edcios que contribuem nesse sentido. Continue a leitura e saiba mais!\u00a0<\/span><\/p>\n<h2><span style=\"font-weight: 400\">Conhe\u00e7a algumas causas de dificuldades respirat\u00f3rias<\/span><\/h2>\n<p><span style=\"font-weight: 400\">Obstru\u00e7\u00f5es nasais causadas por gripe, resfriado, sinusite, rinite, desvio de septo, hipertrofia das adenoides e outras deformidades s\u00e3o relatadas como as principais causas de dificuldade de respira\u00e7\u00e3o. Doen\u00e7as cr\u00f4nicas como asma e bronquite tamb\u00e9m geram muito desconforto e falta de ar.<\/span><\/p>\n<p><span style=\"font-weight: 400\">No entanto, a presen\u00e7a de algum corpo estranho no nariz (poeira, \u00e1caro, etc) provoca a distens\u00e3o da concha nasal, que tem como fun\u00e7\u00e3o impedir a passagem de impurezas para os pulm\u00f5es, levando ao entupimento das narinas e a consequente respira\u00e7\u00e3o pela boca, o que n\u00e3o \u00e9 indicado pelos m\u00e9dicos.<\/span><\/p>\n<p><span style=\"font-weight: 400\">Mudan\u00e7as no clima e no ambiente podem desencadear diversos problemas respirat\u00f3rios e potencializar os sintomas. Em grandes cidades, a polui\u00e7\u00e3o ainda est\u00e1 diretamente relacionada \u00e0 doen\u00e7as do sistema respirat\u00f3rio.<\/span><\/p>\n<h2><span style=\"font-weight: 400\">Voc\u00ea sabe qual a forma correta de respirar?<\/span><\/h2>\n<p><span style=\"font-weight: 400\">Segundo <\/span><a href=\"https:\/\/drauziovarella.com.br\/dependencia-quimica\/tabagismo\/respiracao\/\"><span style=\"font-weight: 400\">especialistas<\/span><\/a><span style=\"font-weight: 400\">, a forma correta de respirar \u00e9 pelo nariz. No entanto, devido \u00e0s obstru\u00e7\u00f5es nasais citadas ou por um mau h\u00e1bito, muitas pessoas respiram pela boca, o que pode ocasionar irrita\u00e7\u00f5es e inflama\u00e7\u00f5es do sistema respirat\u00f3rio, uma vez que, quando o ar entra pela boca, n\u00e3o \u00e9 poss\u00edvel filtrar as impurezas da mesma forma quando a respira\u00e7\u00e3o ocorre pelo nariz.<\/span><\/p>\n<p><span style=\"font-weight: 400\">Al\u00e9m disso, \u00e9 importante saber que existem dois tipos de respira\u00e7\u00e3o: a diafragm\u00e1tica e a tor\u00e1cica. Enquanto a primeira \u00e9 realizada atrav\u00e9s dos m\u00fasculos do diafragma, a segunda demanda atividade dos m\u00fasculos intercostais (as costas se movimentam para respirar).<\/span><\/p>\n<p><span style=\"font-weight: 400\">A respira\u00e7\u00e3o diafragm\u00e1tica, \u00e9 conhecida por \u201crespira\u00e7\u00e3o abdominal\u201d ou \u201crespira\u00e7\u00e3o com a barriga\u201d, por ser poss\u00edvel perceber a movimenta\u00e7\u00e3o dessa regi\u00e3o, devido \u00e0 entrada e \u00e0 sa\u00edda do ar. \u00c9 o tipo de respira\u00e7\u00e3o que favorece uma oxigena\u00e7\u00e3o mais completa do sangue.\u00a0<\/span><\/p>\n<p><span style=\"font-weight: 400\">Ao nascer, todos n\u00f3s respiramos a partir da respira\u00e7\u00e3o diafragm\u00e1tica, de maneira natural e involunt\u00e1ria. Aprender a respirar corretamente passa a ser uma quest\u00e3o de reeduca\u00e7\u00e3o do corpo. Para faz\u00ea-la, basta seguir alguns passos:<\/span><\/p>\n<ol>\n<li style=\"font-weight: 400\"><span style=\"font-weight: 400\">Escolha uma posi\u00e7\u00e3o que seja confort\u00e1vel para voc\u00ea: sentado com a coluna ereta ou deitado.<\/span><\/li>\n<li style=\"font-weight: 400\"><span style=\"font-weight: 400\">Relaxe a parte superior do corpo e coloque a m\u00e3o em seu abd\u00f4men, para sentir a movimenta\u00e7\u00e3o abdominal durante a respira\u00e7\u00e3o.\u00a0<\/span><\/li>\n<li style=\"font-weight: 400\"><span style=\"font-weight: 400\">Respire de forma profunda pelo nariz, fazendo com que o abd\u00f4men infle.\u00a0<\/span><\/li>\n<li style=\"font-weight: 400\"><span style=\"font-weight: 400\">Expire o ar pela boca, de forma lenta, esvaziando os pulm\u00f5es e a barriga.<\/span><\/li>\n<li style=\"font-weight: 400\"><span style=\"font-weight: 400\">Repita o processo por algumas vezes.<\/span><\/li>\n<\/ol>\n<h2><span style=\"font-weight: 400\">Conhe\u00e7a alguns exerc\u00edcios que contribuem para a respira\u00e7\u00e3o<\/span><\/h2>\n<p><span style=\"font-weight: 400\">Fazer atividades f\u00edsicas visando contribuir para a sa\u00fade pulmonar deve ser uma preocupa\u00e7\u00e3o de todos. Al\u00e9m de praticar a respira\u00e7\u00e3o pelo diafragma, a seguir, selecionamos alguns exerc\u00edcios que podem ser feitos sem sair de casa, proporcionando uma pr\u00e1tica constante mesmo em um per\u00edodo de isolamento social. Veja!<\/span><\/p>\n<ul>\n<li style=\"font-weight: 400\">\n<h3><span style=\"font-weight: 400\">Exerc\u00edcios de inspira\u00e7\u00e3o<\/span><\/h3>\n<\/li>\n<li style=\"font-weight: 400\">\n<h4><span style=\"font-weight: 400\">Inspira\u00e7\u00e3o associada com movimento dos bra\u00e7os<\/span><\/h4>\n<\/li>\n<\/ul>\n<p><span style=\"font-weight: 400\">Para realizar os exerc\u00edcios abaixo, voc\u00ea pode se manter sentado, com a coluna ereta, ou em p\u00e9.<\/span><\/p>\n<p><b>Inspira\u00e7\u00e3o profunda:<\/b><span style=\"font-weight: 400\"> puxe o ar profundamente, e com o pulm\u00e3o bem cheio, segure o ar por 3 segundos. Solte o ar fazendo biquinho com os l\u00e1bios.<\/span><\/p>\n<p><b>Inspira\u00e7\u00e3o em tempos: <\/b><span style=\"font-weight: 400\">puxe o ar e segure a respira\u00e7\u00e3o. Sem soltar o ar, inspire novamente, segurando a respira\u00e7\u00e3o. Repita quantas vezes conseguir, at\u00e9 encher os pulm\u00f5es. Por fim, solte o ar fazendo biquinho com os l\u00e1bios.<\/span><\/p>\n<p><b>Inspira\u00e7\u00e3o associada com movimento dos bra\u00e7os:<\/b><span style=\"font-weight: 400\"> comece inspirando o ar pelo nariz elevando os bra\u00e7os para os lados e expire o ar pela boca, fechando os bra\u00e7os em dire\u00e7\u00e3o a lateral das pernas. Em seguida, inspire o ar pelo nariz, levantando os bra\u00e7os para frente e expire o ar pela boca, descendo os bra\u00e7os em dire\u00e7\u00e3o \u00e0 frente das pernas. Inspire o ar pelo nariz bem forte e solte o ar pela boca bem devagar. Realize o exerc\u00edcio duas vezes por dia e repita o exerc\u00edcio por aproximadamente 10 vezes ou menos, respeitando seu limite.<\/span><\/p>\n<p><span style=\"font-weight: 400\">Al\u00e9m disso, voc\u00ea pode encher bal\u00f5es, assoprar vela, soprar com um canudo fazendo bolhas dentro de um copo com \u00e1gua. Tudo ir\u00e1 vai ajudar a fortalecer o pulm\u00e3o.\u00a0<\/span><\/p>\n<p><span style=\"font-weight: 400\">Mas aten\u00e7\u00e3o: voc\u00ea pode sentir tontura ao realizar estes exerc\u00edcios. Caso ocorra, descanse um pouco e recomece.<\/span><\/p>\n<h3><span style=\"font-weight: 400\">Exerc\u00edcios aer\u00f3bicos<\/span><\/h3>\n<p><span style=\"font-weight: 400\">Entre os benef\u00edcios principais de praticar exerc\u00edcios aer\u00f3bicos, al\u00e9m de manter a sa\u00fade de seus pulm\u00f5es, destaca-se a perda de peso e a redu\u00e7\u00e3o dos riscos de desenvolvimento de doen\u00e7as, al\u00e9m de liberar a endorfina, subst\u00e2ncia qu\u00edmica que traz maior bem-estar e qualidade de vida para o seu dia a dia.\u00a0<\/span><\/p>\n<p><span style=\"font-weight: 400\">Existem exerc\u00edcios aer\u00f3bicos pr\u00e1ticos que podem ser incorporados em sua rotina, como pular corda, andar de bicicleta, subir e descer escadas, al\u00e9m de fazer polichinelos.\u00a0<\/span><\/p>\n<p><span style=\"font-weight: 400\">Deve-se destacar, ainda, a import\u00e2ncia de aliar essas atividades a uma boa alimenta\u00e7\u00e3o e hidrata\u00e7\u00e3o, o que contribui significativamente para que voc\u00ea possa conquistar os benef\u00edcios apresentados.\u00a0<\/span><\/p>\n<h3><span style=\"font-weight: 400\">Ioga<\/span><\/h3>\n<p><span style=\"font-weight: 400\">A pr\u00e1tica de ioga vem ganhando destaque entre as pessoas nos \u00faltimos anos, especialmente pela facilidade de come\u00e7ar essa atividade. O primeiro passo \u00e9 escolher um cantinho em sua casa que seja prop\u00edcio para isso, silencioso e que tenha os poucos equipamentos necess\u00e1rios (tapete e almofadas pr\u00f3prias, por exemplo).\u00a0<\/span><\/p>\n<p><span style=\"font-weight: 400\">Caso voc\u00ea n\u00e3o conhe\u00e7a as pr\u00e1ticas do ioga, existem plataformas de compartilhamento de v\u00eddeos na internet, aplicativos de celular e redes sociais de professores, que apresentam dicas para iniciar a atividade. Entre as vantagens de pratic\u00e1-la, destaca-se:\u00a0<\/span><\/p>\n<ul>\n<li style=\"font-weight: 400\"><span style=\"font-weight: 400\">Melhora na concentra\u00e7\u00e3o;\u00a0<\/span><\/li>\n<li style=\"font-weight: 400\"><span style=\"font-weight: 400\">Redu\u00e7\u00e3o do estresse;<\/span><\/li>\n<li style=\"font-weight: 400\"><span style=\"font-weight: 400\">Aumento da flexibilidade;<\/span><\/li>\n<li style=\"font-weight: 400\"><span style=\"font-weight: 400\">Promo\u00e7\u00e3o do bem-estar;<\/span><\/li>\n<li style=\"font-weight: 400\"><span style=\"font-weight: 400\">Contribui\u00e7\u00e3o para uma melhor qualidade de vida, entre outros.<\/span><\/li>\n<\/ul>\n<p><span style=\"font-weight: 400\">Neste conte\u00fado, voc\u00ea p\u00f4de conhecer algumas t\u00e9cnicas e exerc\u00edcios para respirar melhor e fortalecer os pulm\u00f5es, que podem ser feitos em casa com seguran\u00e7a. Tenha uma rotina bem definida e incorpore essas atividades no dia a dia. Assim, voc\u00ea poder\u00e1 usufruir das vantagens que eles proporcionam, al\u00e9m de contar com um dia a dia mais saud\u00e1vel!<\/span><\/p>\n<p><span style=\"font-weight: 400\">Gostou das dicas que apresentamos? Compartilhe esse conte\u00fado em suas redes sociais para que seus amigos tamb\u00e9m fiquem por dentro dessas atividades!<\/span><\/p>\n<p class=\"xmsonormal\" style=\"text-align: justify;text-indent: 35.45pt;line-height: 150%;background: white;margin: 12.0pt 0cm .0001pt 0cm\">\n<p><b>Refer\u00eancias:<\/b><\/p>\n<p><span style=\"font-weight: 400\">AG\u00caNCIA BRASIL. <\/span><b>Exerc\u00edcios fortalecem musculatura respirat\u00f3ria, diz especialista<\/b><span style=\"font-weight: 400\">. Dispon\u00edvel em: https:\/\/agenciabrasil.ebc.com.br\/saude\/noticia\/2020-04\/exercicios-fortalecem-musculatura-respiratoria-diz-especialista. Acesso em: 22 de julho de 2020\u00a0<\/span><\/p>\n<p><span style=\"font-weight: 400\">EMPRESA BRASILEIRA DE SERVI\u00c7OS HOSPITALARES. <\/span><b>Exerc\u00edcios respirat\u00f3rios<\/b><span style=\"font-weight: 400\">. Dispon\u00edvel em: http:\/\/www2.ebserh.gov.br\/documents\/1948338\/2286735\/Exerc%C3%ADcios+Respirat%C3%B3rios+-+Cl%C3%ADnicas+M%C3%A9dicas.pdf\/9a3bf357-41bb-44f9-9091-472b537bffd6. Acesso em: 22 de julho de 2020\u00a0<\/span><\/p>\n<p><span style=\"font-weight: 400\">SISTEMA DE EDUCA\u00c7\u00c3O CONTINUADA A DIST\u00c2NCIA (SECAD). <\/span><b>Doen\u00e7as respirat\u00f3rias: as 5 mais perigosas e como os m\u00e9dicos devem combat\u00ea-las<\/b><span style=\"font-weight: 400\">. Dispon\u00edvel em: https:\/\/www.secad.com.br\/blog\/medicina\/doencas-respiratorias-medicos Acesso em: 22 de julho de 2020<\/span><\/p>\n","protected":false},"excerpt":{"rendered":"<p>Conte\u00fado atualizado em 05\/08\/2020. Respirar \u00e9 uma fun\u00e7\u00e3o fisiol\u00f3gica do ser humano e \u00e9 realizada de forma involunt\u00e1ria e inconsciente. No entanto, existem diversos problemas que podem atrapalhar ou impedir um indiv\u00edduo, seja ele crian\u00e7a ou adulto, de respirar corretamente. Quando isto acontece, o organismo pode sofrer in\u00fameras consequ\u00eancias, visto que a respira\u00e7\u00e3o, por ser [&hellip;]<\/p>\n","protected":false},"author":9,"featured_media":3955,"comment_status":"open","ping_status":"open","sticky":false,"template":"","format":"standard","meta":{"_acf_changed":false,"site-sidebar-layout":"default","site-content-layout":"","ast-site-content-layout":"default","site-content-style":"default","site-sidebar-style":"default","ast-global-header-display":"","ast-banner-title-visibility":"","ast-main-header-display":"","ast-hfb-above-header-display":"","ast-hfb-below-header-display":"","ast-hfb-mobile-header-display":"","site-post-title":"","ast-breadcrumbs-content":"","ast-featured-img":"","footer-sml-layout":"","theme-transparent-header-meta":"","adv-header-id-meta":"","stick-header-meta":"","header-above-stick-meta":"","header-main-stick-meta":"","header-below-stick-meta":"","astra-migrate-meta-layouts":"default","ast-page-background-enabled":"default","ast-page-background-meta":{"desktop":{"background-color":"var(--ast-global-color-4)","background-image":"","background-repeat":"repeat","background-position":"center center","background-size":"auto","background-attachment":"scroll","background-type":"","background-media":"","overlay-type":"","overlay-color":"","overlay-opacity":"","overlay-gradient":""},"tablet":{"background-color":"","background-image":"","background-repeat":"repeat","background-position":"center center","background-size":"auto","background-attachment":"scroll","background-type":"","background-media":"","overlay-type":"","overlay-color":"","overlay-opacity":"","overlay-gradient":""},"mobile":{"background-color":"","background-image":"","background-repeat":"repeat","background-position":"center center","background-size":"auto","background-attachment":"scroll","background-type":"","background-media":"","overlay-type":"","overlay-color":"","overlay-opacity":"","overlay-gradient":""}},"ast-content-background-meta":{"desktop":{"background-color":"var(--ast-global-color-5)","background-image":"","background-repeat":"repeat","background-position":"center center","background-size":"auto","background-attachment":"scroll","background-type":"","background-media":"","overlay-type":"","overlay-color":"","overlay-opacity":"","overlay-gradient":""},"tablet":{"background-color":"var(--ast-global-color-5)","background-image":"","background-repeat":"repeat","background-position":"center center","background-size":"auto","background-attachment":"scroll","background-type":"","background-media":"","overlay-type":"","overlay-color":"","overlay-opacity":"","overlay-gradient":""},"mobile":{"background-color":"var(--ast-global-color-5)","background-image":"","background-repeat":"repeat","background-position":"center center","background-size":"auto","background-attachment":"scroll","background-type":"","background-media":"","overlay-type":"","overlay-color":"","overlay-opacity":"","overlay-gradient":""}},"footnotes":""},"categories":[1],"tags":[208],"class_list":["post-3387","post","type-post","status-publish","format-standard","has-post-thumbnail","hentry","category-noticias","tag-respiracao"],"acf":[],"yoast_head":"<!-- This site is optimized with the Yoast SEO plugin v26.9 - https:\/\/yoast.com\/product\/yoast-seo-wordpress\/ -->\n<title>T\u00e9cnicas para respirar melhor - Usisa\u00fade<\/title>\n<meta name=\"description\" content=\"Respirar \u00e9 uma fun\u00e7\u00e3o fisiol\u00f3gica do ser humano e \u00e9 realizada de forma involunt\u00e1ria e inconsciente. Conhe\u00e7a algumas t\u00e9cnicas para respirar melhor.\" \/>\n<meta name=\"robots\" content=\"index, follow, max-snippet:-1, max-image-preview:large, max-video-preview:-1\" \/>\n<link rel=\"canonical\" href=\"https:\/\/www.fsfx.com.br\/usisaude\/tecnicas-para-respirar-melhor\/\" \/>\n<meta property=\"og:locale\" content=\"pt_BR\" \/>\n<meta property=\"og:type\" content=\"article\" \/>\n<meta property=\"og:title\" content=\"T\u00e9cnicas para respirar melhor - Usisa\u00fade\" \/>\n<meta property=\"og:description\" content=\"Respirar \u00e9 uma fun\u00e7\u00e3o fisiol\u00f3gica do ser humano e \u00e9 realizada de forma involunt\u00e1ria e inconsciente. Conhe\u00e7a algumas t\u00e9cnicas para respirar melhor.\" \/>\n<meta property=\"og:url\" content=\"https:\/\/www.fsfx.com.br\/usisaude\/tecnicas-para-respirar-melhor\/\" \/>\n<meta property=\"og:site_name\" content=\"Usisa\u00fade\" \/>\n<meta property=\"article:published_time\" content=\"2017-06-13T10:00:27+00:00\" \/>\n<meta property=\"article:modified_time\" content=\"2024-09-12T18:08:21+00:00\" \/>\n<meta name=\"twitter:card\" content=\"summary_large_image\" \/>\n<meta name=\"twitter:label1\" content=\"Escrito por\" \/>\n\t<meta name=\"twitter:data1\" content=\"\" \/>\n\t<meta name=\"twitter:label2\" content=\"Est. tempo de leitura\" \/>\n\t<meta name=\"twitter:data2\" content=\"7 minutos\" \/>\n<script type=\"application\/ld+json\" class=\"yoast-schema-graph\">{\"@context\":\"https:\/\/schema.org\",\"@graph\":[{\"@type\":\"Article\",\"@id\":\"https:\/\/www.fsfx.com.br\/usisaude\/tecnicas-para-respirar-melhor\/#article\",\"isPartOf\":{\"@id\":\"https:\/\/www.fsfx.com.br\/usisaude\/tecnicas-para-respirar-melhor\/\"},\"author\":{\"name\":\"\",\"@id\":\"\"},\"headline\":\"T\u00e9cnicas para respirar melhor\",\"datePublished\":\"2017-06-13T10:00:27+00:00\",\"dateModified\":\"2024-09-12T18:08:21+00:00\",\"mainEntityOfPage\":{\"@id\":\"https:\/\/www.fsfx.com.br\/usisaude\/tecnicas-para-respirar-melhor\/\"},\"wordCount\":1354,\"commentCount\":0,\"publisher\":{\"@id\":\"https:\/\/www.fsfx.com.br\/usisaude\/#organization\"},\"image\":{\"@id\":\"https:\/\/www.fsfx.com.br\/usisaude\/tecnicas-para-respirar-melhor\/#primaryimage\"},\"thumbnailUrl\":\"\",\"keywords\":[\"respira\u00e7\u00e3o\"],\"articleSection\":[\"Not\u00edcias\"],\"inLanguage\":\"pt-BR\",\"potentialAction\":[{\"@type\":\"CommentAction\",\"name\":\"Comment\",\"target\":[\"https:\/\/www.fsfx.com.br\/usisaude\/tecnicas-para-respirar-melhor\/#respond\"]}]},{\"@type\":\"WebPage\",\"@id\":\"https:\/\/www.fsfx.com.br\/usisaude\/tecnicas-para-respirar-melhor\/\",\"url\":\"https:\/\/www.fsfx.com.br\/usisaude\/tecnicas-para-respirar-melhor\/\",\"name\":\"T\u00e9cnicas para respirar melhor - Usisa\u00fade\",\"isPartOf\":{\"@id\":\"https:\/\/www.fsfx.com.br\/usisaude\/#website\"},\"primaryImageOfPage\":{\"@id\":\"https:\/\/www.fsfx.com.br\/usisaude\/tecnicas-para-respirar-melhor\/#primaryimage\"},\"image\":{\"@id\":\"https:\/\/www.fsfx.com.br\/usisaude\/tecnicas-para-respirar-melhor\/#primaryimage\"},\"thumbnailUrl\":\"\",\"datePublished\":\"2017-06-13T10:00:27+00:00\",\"dateModified\":\"2024-09-12T18:08:21+00:00\",\"description\":\"Respirar \u00e9 uma fun\u00e7\u00e3o fisiol\u00f3gica do ser humano e \u00e9 realizada de forma involunt\u00e1ria e inconsciente. Conhe\u00e7a algumas t\u00e9cnicas para respirar melhor.\",\"breadcrumb\":{\"@id\":\"https:\/\/www.fsfx.com.br\/usisaude\/tecnicas-para-respirar-melhor\/#breadcrumb\"},\"inLanguage\":\"pt-BR\",\"potentialAction\":[{\"@type\":\"ReadAction\",\"target\":[\"https:\/\/www.fsfx.com.br\/usisaude\/tecnicas-para-respirar-melhor\/\"]}]},{\"@type\":\"ImageObject\",\"inLanguage\":\"pt-BR\",\"@id\":\"https:\/\/www.fsfx.com.br\/usisaude\/tecnicas-para-respirar-melhor\/#primaryimage\",\"url\":\"\",\"contentUrl\":\"\"},{\"@type\":\"BreadcrumbList\",\"@id\":\"https:\/\/www.fsfx.com.br\/usisaude\/tecnicas-para-respirar-melhor\/#breadcrumb\",\"itemListElement\":[{\"@type\":\"ListItem\",\"position\":1,\"name\":\"In\u00edcio\",\"item\":\"https:\/\/www.fsfx.com.br\/usisaude\/\"},{\"@type\":\"ListItem\",\"position\":2,\"name\":\"T\u00e9cnicas para respirar melhor\"}]},{\"@type\":\"WebSite\",\"@id\":\"https:\/\/www.fsfx.com.br\/usisaude\/#website\",\"url\":\"https:\/\/www.fsfx.com.br\/usisaude\/\",\"name\":\"Usisa\u00fade\",\"description\":\"Somos a Usisa\u00fade, uma operadora de planos de sa\u00fade da Funda\u00e7\u00e3o S\u00e3o Francisco Xavier (FSFX), a maior em modalidade filantr\u00f3pica do pa\u00eds.\",\"publisher\":{\"@id\":\"https:\/\/www.fsfx.com.br\/usisaude\/#organization\"},\"potentialAction\":[{\"@type\":\"SearchAction\",\"target\":{\"@type\":\"EntryPoint\",\"urlTemplate\":\"https:\/\/www.fsfx.com.br\/usisaude\/?s={search_term_string}\"},\"query-input\":{\"@type\":\"PropertyValueSpecification\",\"valueRequired\":true,\"valueName\":\"search_term_string\"}}],\"inLanguage\":\"pt-BR\"},{\"@type\":\"Organization\",\"@id\":\"https:\/\/www.fsfx.com.br\/usisaude\/#organization\",\"name\":\"Usisa\u00fade\",\"url\":\"https:\/\/www.fsfx.com.br\/usisaude\/\",\"logo\":{\"@type\":\"ImageObject\",\"inLanguage\":\"pt-BR\",\"@id\":\"https:\/\/www.fsfx.com.br\/usisaude\/#\/schema\/logo\/image\/\",\"url\":\"https:\/\/www.fsfx.com.br\/usisaude\/wp-content\/uploads\/sites\/6\/2022\/03\/logo-ususaude-1.svg\",\"contentUrl\":\"https:\/\/www.fsfx.com.br\/usisaude\/wp-content\/uploads\/sites\/6\/2022\/03\/logo-ususaude-1.svg\",\"width\":445,\"height\":196,\"caption\":\"Usisa\u00fade\"},\"image\":{\"@id\":\"https:\/\/www.fsfx.com.br\/usisaude\/#\/schema\/logo\/image\/\"}},{\"@type\":\"Person\",\"@id\":\"\",\"url\":\"https:\/\/www.fsfx.com.br\/usisaude\/author\/\"}]}<\/script>\n<!-- \/ Yoast SEO plugin. -->","yoast_head_json":{"title":"T\u00e9cnicas para respirar melhor - Usisa\u00fade","description":"Respirar \u00e9 uma fun\u00e7\u00e3o fisiol\u00f3gica do ser humano e \u00e9 realizada de forma involunt\u00e1ria e inconsciente. Conhe\u00e7a algumas t\u00e9cnicas para respirar melhor.","robots":{"index":"index","follow":"follow","max-snippet":"max-snippet:-1","max-image-preview":"max-image-preview:large","max-video-preview":"max-video-preview:-1"},"canonical":"https:\/\/www.fsfx.com.br\/usisaude\/tecnicas-para-respirar-melhor\/","og_locale":"pt_BR","og_type":"article","og_title":"T\u00e9cnicas para respirar melhor - Usisa\u00fade","og_description":"Respirar \u00e9 uma fun\u00e7\u00e3o fisiol\u00f3gica do ser humano e \u00e9 realizada de forma involunt\u00e1ria e inconsciente. Conhe\u00e7a algumas t\u00e9cnicas para respirar melhor.","og_url":"https:\/\/www.fsfx.com.br\/usisaude\/tecnicas-para-respirar-melhor\/","og_site_name":"Usisa\u00fade","article_published_time":"2017-06-13T10:00:27+00:00","article_modified_time":"2024-09-12T18:08:21+00:00","twitter_card":"summary_large_image","twitter_misc":{"Escrito por":"","Est. tempo de leitura":"7 minutos"},"schema":{"@context":"https:\/\/schema.org","@graph":[{"@type":"Article","@id":"https:\/\/www.fsfx.com.br\/usisaude\/tecnicas-para-respirar-melhor\/#article","isPartOf":{"@id":"https:\/\/www.fsfx.com.br\/usisaude\/tecnicas-para-respirar-melhor\/"},"author":{"name":"","@id":""},"headline":"T\u00e9cnicas para respirar melhor","datePublished":"2017-06-13T10:00:27+00:00","dateModified":"2024-09-12T18:08:21+00:00","mainEntityOfPage":{"@id":"https:\/\/www.fsfx.com.br\/usisaude\/tecnicas-para-respirar-melhor\/"},"wordCount":1354,"commentCount":0,"publisher":{"@id":"https:\/\/www.fsfx.com.br\/usisaude\/#organization"},"image":{"@id":"https:\/\/www.fsfx.com.br\/usisaude\/tecnicas-para-respirar-melhor\/#primaryimage"},"thumbnailUrl":"","keywords":["respira\u00e7\u00e3o"],"articleSection":["Not\u00edcias"],"inLanguage":"pt-BR","potentialAction":[{"@type":"CommentAction","name":"Comment","target":["https:\/\/www.fsfx.com.br\/usisaude\/tecnicas-para-respirar-melhor\/#respond"]}]},{"@type":"WebPage","@id":"https:\/\/www.fsfx.com.br\/usisaude\/tecnicas-para-respirar-melhor\/","url":"https:\/\/www.fsfx.com.br\/usisaude\/tecnicas-para-respirar-melhor\/","name":"T\u00e9cnicas para respirar melhor - Usisa\u00fade","isPartOf":{"@id":"https:\/\/www.fsfx.com.br\/usisaude\/#website"},"primaryImageOfPage":{"@id":"https:\/\/www.fsfx.com.br\/usisaude\/tecnicas-para-respirar-melhor\/#primaryimage"},"image":{"@id":"https:\/\/www.fsfx.com.br\/usisaude\/tecnicas-para-respirar-melhor\/#primaryimage"},"thumbnailUrl":"","datePublished":"2017-06-13T10:00:27+00:00","dateModified":"2024-09-12T18:08:21+00:00","description":"Respirar \u00e9 uma fun\u00e7\u00e3o fisiol\u00f3gica do ser humano e \u00e9 realizada de forma involunt\u00e1ria e inconsciente. Conhe\u00e7a algumas t\u00e9cnicas para respirar melhor.","breadcrumb":{"@id":"https:\/\/www.fsfx.com.br\/usisaude\/tecnicas-para-respirar-melhor\/#breadcrumb"},"inLanguage":"pt-BR","potentialAction":[{"@type":"ReadAction","target":["https:\/\/www.fsfx.com.br\/usisaude\/tecnicas-para-respirar-melhor\/"]}]},{"@type":"ImageObject","inLanguage":"pt-BR","@id":"https:\/\/www.fsfx.com.br\/usisaude\/tecnicas-para-respirar-melhor\/#primaryimage","url":"","contentUrl":""},{"@type":"BreadcrumbList","@id":"https:\/\/www.fsfx.com.br\/usisaude\/tecnicas-para-respirar-melhor\/#breadcrumb","itemListElement":[{"@type":"ListItem","position":1,"name":"In\u00edcio","item":"https:\/\/www.fsfx.com.br\/usisaude\/"},{"@type":"ListItem","position":2,"name":"T\u00e9cnicas para respirar melhor"}]},{"@type":"WebSite","@id":"https:\/\/www.fsfx.com.br\/usisaude\/#website","url":"https:\/\/www.fsfx.com.br\/usisaude\/","name":"Usisa\u00fade","description":"Somos a Usisa\u00fade, uma operadora de planos de sa\u00fade da Funda\u00e7\u00e3o S\u00e3o Francisco Xavier (FSFX), a maior em modalidade filantr\u00f3pica do pa\u00eds.","publisher":{"@id":"https:\/\/www.fsfx.com.br\/usisaude\/#organization"},"potentialAction":[{"@type":"SearchAction","target":{"@type":"EntryPoint","urlTemplate":"https:\/\/www.fsfx.com.br\/usisaude\/?s={search_term_string}"},"query-input":{"@type":"PropertyValueSpecification","valueRequired":true,"valueName":"search_term_string"}}],"inLanguage":"pt-BR"},{"@type":"Organization","@id":"https:\/\/www.fsfx.com.br\/usisaude\/#organization","name":"Usisa\u00fade","url":"https:\/\/www.fsfx.com.br\/usisaude\/","logo":{"@type":"ImageObject","inLanguage":"pt-BR","@id":"https:\/\/www.fsfx.com.br\/usisaude\/#\/schema\/logo\/image\/","url":"https:\/\/www.fsfx.com.br\/usisaude\/wp-content\/uploads\/sites\/6\/2022\/03\/logo-ususaude-1.svg","contentUrl":"https:\/\/www.fsfx.com.br\/usisaude\/wp-content\/uploads\/sites\/6\/2022\/03\/logo-ususaude-1.svg","width":445,"height":196,"caption":"Usisa\u00fade"},"image":{"@id":"https:\/\/www.fsfx.com.br\/usisaude\/#\/schema\/logo\/image\/"}},{"@type":"Person","@id":"","url":"https:\/\/www.fsfx.com.br\/usisaude\/author\/"}]}},"_links":{"self":[{"href":"https:\/\/www.fsfx.com.br\/usisaude\/wp-json\/wp\/v2\/posts\/3387","targetHints":{"allow":["GET"]}}],"collection":[{"href":"https:\/\/www.fsfx.com.br\/usisaude\/wp-json\/wp\/v2\/posts"}],"about":[{"href":"https:\/\/www.fsfx.com.br\/usisaude\/wp-json\/wp\/v2\/types\/post"}],"author":[{"embeddable":true,"href":"https:\/\/www.fsfx.com.br\/usisaude\/wp-json\/wp\/v2\/users\/9"}],"replies":[{"embeddable":true,"href":"https:\/\/www.fsfx.com.br\/usisaude\/wp-json\/wp\/v2\/comments?post=3387"}],"version-history":[{"count":1,"href":"https:\/\/www.fsfx.com.br\/usisaude\/wp-json\/wp\/v2\/posts\/3387\/revisions"}],"predecessor-version":[{"id":10797,"href":"https:\/\/www.fsfx.com.br\/usisaude\/wp-json\/wp\/v2\/posts\/3387\/revisions\/10797"}],"wp:featuredmedia":[{"embeddable":true,"href":"https:\/\/www.fsfx.com.br\/usisaude\/wp-json\/"}],"wp:attachment":[{"href":"https:\/\/www.fsfx.com.br\/usisaude\/wp-json\/wp\/v2\/media?parent=3387"}],"wp:term":[{"taxonomy":"category","embeddable":true,"href":"https:\/\/www.fsfx.com.br\/usisaude\/wp-json\/wp\/v2\/categories?post=3387"},{"taxonomy":"post_tag","embeddable":true,"href":"https:\/\/www.fsfx.com.br\/usisaude\/wp-json\/wp\/v2\/tags?post=3387"}],"curies":[{"name":"wp","href":"https:\/\/api.w.org\/{rel}","templated":true}]}}