{"id":3395,"date":"2017-06-20T19:13:08","date_gmt":"2017-06-20T19:13:08","guid":{"rendered":"http:\/\/www.fsfx.com.br\/atituderimacomsaude\/?p=3395"},"modified":"2024-09-12T15:08:21","modified_gmt":"2024-09-12T18:08:21","slug":"desenvolvimento-do-bebe","status":"publish","type":"post","link":"https:\/\/www.fsfx.com.br\/usisaude\/desenvolvimento-do-bebe\/","title":{"rendered":"O desenvolvimento do beb\u00ea e as transforma\u00e7\u00f5es na gestante"},"content":{"rendered":"<p>Conte\u00fado atualizado em 18\/10\/2021<\/p>\n<p><span style=\"font-weight: 400\">A gesta\u00e7\u00e3o \u00e9 uma das lindas viv\u00eancias experimentadas pela mulher que passa por transforma\u00e7\u00f5es no corpo e na alma, durante o desenvolvimento do beb\u00ea. Enquanto o feto toma forma, uma conex\u00e3o \u00e9 iniciada, o que, pela ordem natural, deve durar nove meses.&nbsp;<\/span><\/p>\n<p><span style=\"font-weight: 400\">O Brasil \u00e9, reconhecidamente, um dos pa\u00edses com maior n\u00famero de partos antecipados devido \u00e0s cesarianas agendadas e indu\u00e7\u00f5es antecipadas. Nesse contexto, a gravidez acaba tendo um per\u00edodo menor, o que pode afetar as fases do desenvolvimento do feto.&nbsp;<\/span><\/p>\n<p><span style=\"font-weight: 400\">Neste post voc\u00ea vai entender melhor, desde o in\u00edcio da gesta\u00e7\u00e3o, como o feto evolui at\u00e9 o momento de estar preparado para uma vida fora do \u00fatero materno. Continue lendo e veja as bel\u00edssimas transforma\u00e7\u00f5es na gera\u00e7\u00e3o de uma vida!<\/span><\/p>\n<h2><b>Como \u00e9 o in\u00edcio da evolu\u00e7\u00e3o de um feto?<\/b><\/h2>\n<p><span style=\"font-weight: 400\">A gesta\u00e7\u00e3o \u00e9 um momento de felicidade, mas tamb\u00e9m de muitas mudan\u00e7as na vida de qualquer mulher. Altera\u00e7\u00f5es f\u00edsicas e psicol\u00f3gicas ocorrem durante todo o per\u00edodo gestacional e estar atenta a elas auxilia na percep\u00e7\u00e3o do desenvolvimento do beb\u00ea.<\/span><\/p>\n<p><span style=\"font-weight: 400\">O primeiro trimestre de gravidez, normalmente, \u00e9 dif\u00edcil para a mulher, pois o corpo est\u00e1 adaptando-se para abrigar e auxiliar no crescimento do beb\u00ea. S\u00e3o muito comuns n\u00e1useas, sonol\u00eancia, pris\u00e3o de ventre e dor abdominal \u2013 semelhante \u00e0 c\u00f3lica menstrual leve \u2013, al\u00e9m de dor e incha\u00e7o nos seios.<\/span><\/p>\n<p><span style=\"font-weight: 400\">O beb\u00ea com 12 semanas de desenvolvimento possui um sistema circulat\u00f3rio formado e o cora\u00e7\u00e3o j\u00e1 alcan\u00e7a 150 batimentos por minuto. Seu esqueleto ainda \u00e9 constitu\u00eddo por cartilagem e os membros come\u00e7am a crescer e tomar forma.<\/span><\/p>\n<h2><b>Quando o feto deixa de ser feto?<\/b><\/h2>\n<p><span style=\"font-weight: 400\">Ao final da 8\u00aa semana ap\u00f3s a fecunda\u00e7\u00e3o, ou seja, 10 semanas de gesta\u00e7\u00e3o, o embri\u00e3o \u00e9 considerado um feto. No decorrer desse processo, as estruturas que j\u00e1 se formaram crescem e se desenvolvem para dar forma ao beb\u00ea.<\/span><\/p>\n<p><span style=\"font-weight: 400\">Veja as fases dessa evolu\u00e7\u00e3o em semanas:<\/span><\/p>\n<ul>\n<li style=\"font-weight: 400\"><span style=\"font-weight: 400\">12\u00aa semana \u2013 o feto preenche todo o \u00fatero;<\/span><\/li>\n<li style=\"font-weight: 400\"><span style=\"font-weight: 400\">14\u00aa semana \u2013&nbsp; j\u00e1 \u00e9 poss\u00edvel identificar o sexo do beb\u00ea;<\/span><\/li>\n<li style=\"font-weight: 400\"><span style=\"font-weight: 400\">16\u00aa a 20\u00aa semana \u2013 os movimentos do beb\u00ea se iniciam e a gestante consegue de fato entender o significado de carregar uma vida no ventre;<\/span><\/li>\n<li style=\"font-weight: 400\"><span style=\"font-weight: 400\">&nbsp;<\/span><span style=\"font-weight: 400\">24\u00aa semana \u2013 o feto, j\u00e1 um beb\u00ea formado, pode sobreviver fora do \u00fatero.&nbsp;<\/span><\/li>\n<\/ul>\n<h2><b>Qual o tamanho do beb\u00ea ao longo dos meses\/semanas?<\/b><\/h2>\n<p><span style=\"font-weight: 400\">Voc\u00ea j\u00e1 deve ter ouvido, depois de um ultrassom, que o feto mais parece um gr\u00e3ozinho de feij\u00e3o e depois de um certo tempo, que mal cabe na palma da m\u00e3o. Durante a gesta\u00e7\u00e3o, a sensa\u00e7\u00e3o \u00e9 essa mesmo e trouxemos as medidas para voc\u00ea visualizar o tamanho de um beb\u00ea em desenvolvimento:<\/span><\/p>\n<p><span style=\"font-weight: 400\">6\u00aa semana \u2013 o embri\u00e3o mais parece um girino que mede entre 2mm e 4mm<\/span><\/p>\n<p><span style=\"font-weight: 400\">8\u00aa semana \u2013 cerca de 1,6cm o que equivale ao tamanho de 1 moedinha de um centavo<\/span><\/p>\n<p><span style=\"font-weight: 400\">9\u00aa semana \u2013 2,3cm e apenas 2g<\/span><\/p>\n<p><span style=\"font-weight: 400\">10\u00aa semana \u2013 3cm e menos de 4g<\/span><\/p>\n<p><span style=\"font-weight: 400\">13\u00aa semana \u2013 quase 8cm e menos de 25g<\/span><\/p>\n<p><span style=\"font-weight: 400\">14\u00aa semana \u2013 em m\u00e9dia 9cm e peso em torno de 45g<\/span><\/p>\n<p><span style=\"font-weight: 400\">17\u00aa semana \u2013quase 13cm, pesando em m\u00e9dia 140g<\/span><\/p>\n<p><span style=\"font-weight: 400\">18\u00aa semana \u2013 14cm e quase 200g de peso<\/span><\/p>\n<p><span style=\"font-weight: 400\">19\u00aa semana \u2013 mais ou menos 15cm e peso aproximado de 240g<\/span><\/p>\n<p><span style=\"font-weight: 400\">21\u00aa semana \u2013 em desenvolvimento cont\u00ednuo o feto mede cerca de 27cm e pesa 360g<\/span><\/p>\n<p><span style=\"font-weight: 400\">22\u00aa semana \u2013 peso m\u00e9dio de 430g o beb\u00ea, medindo pouco mais de 27cm<\/span><\/p>\n<p><span style=\"font-weight: 400\">23\u00aa semana \u2013 pesando um pouco mais de 0,5kg e cerca de 29cm<\/span><\/p>\n<p><span style=\"font-weight: 400\">24\u00aa semana \u2013mais de 600g, e medidas corporais de um rec\u00e9m-nascido<\/span><\/p>\n<p><span style=\"font-weight: 400\">25\u00aa semana \u2013 aproximadamente 700g e 35cm<\/span><\/p>\n<p><span style=\"font-weight: 400\">28\u00aa semana \u2013 mais de 1kg e medidas de 38cm<\/span><\/p>\n<p><span style=\"font-weight: 400\">29\u00aa semana \u2013 pesando cerca de 1,1kg e 38cm<\/span><\/p>\n<p><span style=\"font-weight: 400\">32\u00aa semana \u2013 cerca de 1,7kg e medida de 42cm<\/span><\/p>\n<p><span style=\"font-weight: 400\">33\u00aa semana \u2013 2kg e 44cm de medida<\/span><\/p>\n<p><span style=\"font-weight: 400\">34\u00aa semana \u2013 quase pronto para nascer, o beb\u00ea pesa cerca de&nbsp; 2,2kg e mede mais de 45cm.<\/span><\/p>\n<h2><b>Como se d\u00e1 o desenvolvimento do beb\u00ea durante a gesta\u00e7\u00e3o?<\/b><\/h2>\n<p><span style=\"font-weight: 400\">No segundo trimestre da gesta\u00e7\u00e3o as transforma\u00e7\u00f5es no corpo da mam\u00e3e j\u00e1 s\u00e3o aparentes. Come\u00e7a a sentir dores nas costas, pois o beb\u00ea est\u00e1 crescendo e a forma\u00e7\u00e3o \u00f3ssea precisa se ajustar para suportar o peso do feto. As mamas atingem o tamanho m\u00e1ximo e s\u00f3 aumentar\u00e3o com a produ\u00e7\u00e3o de leite, na v\u00e9spera do nascimento do beb\u00ea.<\/span><\/p>\n<p><span style=\"font-weight: 400\">No entanto, \u00e9 tamb\u00e9m nesta fase que a mulher se sente mais disposta, com menos n\u00e1useas e sonol\u00eancia. O momento mais esperado da gravidez tamb\u00e9m ocorre nesta fase: a m\u00e3e come\u00e7a a sentir o beb\u00ea se mexendo.<\/span><\/p>\n<p><span style=\"font-weight: 400\">Para o beb\u00ea, as transforma\u00e7\u00f5es s\u00e3o ainda maiores. A cartilagem \u00e9 substitu\u00edda pelos ossos, a pele fica mais grossa e as impress\u00f5es digitais s\u00e3o formadas. Os m\u00fasculos e grande parte dos \u00f3rg\u00e3os est\u00e3o prontos e j\u00e1 \u00e9 poss\u00edvel identificar o sexo do beb\u00ea.<\/span><\/p>\n<p><span style=\"font-weight: 400\">Os olhos s\u00e3o sens\u00edveis \u00e0 luz e ele j\u00e1 escuta as batidas do seu cora\u00e7\u00e3o e tudo o que a mam\u00e3e fala. Sua apar\u00eancia j\u00e1 est\u00e1 definida, embora ainda esteja magro e com a pele enrugada.<\/span><\/p>\n<h2><b>Como \u00e9 a fase final da gesta\u00e7\u00e3o para m\u00e3e e beb\u00ea?<\/b><\/h2>\n<p><span style=\"font-weight: 400\">No terceiro trimestre \u2013 \u00faltimas semanas de gesta\u00e7\u00e3o \u2013 o beb\u00ea vai ganhar peso. Com o ganho de peso, o feto aperta os \u00f3rg\u00e3os da gestante, fazendo com que a digest\u00e3o e a respira\u00e7\u00e3o se tornem mais dif\u00edceis.<\/span><\/p>\n<p><span style=\"font-weight: 400\">A press\u00e3o do \u00fatero sobre os vasos sangu\u00edneos da bacia tamb\u00e9m podem comprometer o fluxo sangu\u00edneo, favorecendo o incha\u00e7o e o aparecimento de varizes e hemorr\u00f3idas \u2014 essa \u00e9 a fase em que o beb\u00ea mais cresce.<\/span><\/p>\n<p><span style=\"font-weight: 400\">Seu c\u00e9rebro e todo o restante do sistema nervoso se desenvolvem rapidamente e o aspecto enrugado e magro vai desaparecendo conforme o beb\u00ea ganha peso. A estrutura \u00f3ssea se fortalece, fazendo com que os chutes sejam sentidos com mais for\u00e7a pela mam\u00e3e.<\/span><\/p>\n<p><span style=\"font-weight: 400\">A partir do s\u00e9timo m\u00eas, o beb\u00ea j\u00e1 abre e fecha os olhos, percebendo melhor a luz, embora se movimente menos dentro do \u00fatero. Enquanto isso, a gestante pode ter mais dificuldades para respirar e apresentar momentos de falta de ar.<\/span><\/p>\n<p><span style=\"font-weight: 400\">\u00c9 tamb\u00e9m nesse momento que os pulm\u00f5es do beb\u00ea produzem uma subst\u00e2ncia chamada \u201csurfactante\u201d, que tem como objetivo amadurec\u00ea-los e torn\u00e1-los aptos e respirar o ar ap\u00f3s o nascimento. Os \u00f3rg\u00e3os sexuais est\u00e3o totalmente desenvolvidos e o intestino j\u00e1 possui as primeiras fezes (mec\u00f4nio).<\/span><\/p>\n<p><span style=\"font-weight: 400\">Nas \u00faltimas quatro semanas, o beb\u00ea vai se colocando de cabe\u00e7a para baixo e pode \u201cdescer\u201d para a bacia \u00f3ssea da m\u00e3e, deixando a barriga mais baixa. Isso ajuda na respira\u00e7\u00e3o da gestante, mas pode causar certo desconforto na coluna e no p\u00fabis (articula\u00e7\u00e3o anterior da bacia).<\/span><\/p>\n<p><span style=\"font-weight: 400\">As noites tornam-se um pouco mais dif\u00edceis, pois falta posi\u00e7\u00e3o para dormir, devido ao peso e tamanho da barriga, e h\u00e1 ainda a necessidade de ir ao banheiro v\u00e1rias vezes durante a noite, al\u00e9m, \u00e9 claro, da ansiedade pelo nascimento.<\/span><\/p>\n<p><span style=\"font-weight: 400\">Na reta final da gravidez \u00e9 importante que a gestante se prepare fisicamente para o parto. Alguns exerc\u00edcios recomendados pelo m\u00e9dico e acompanhados por um fisioterapeuta ajudam o beb\u00ea se posicionar e a m\u00e3e a adequar posi\u00e7\u00f5es e respira\u00e7\u00e3o para que o nascimento seja tranquilo.<\/span><\/p>\n<p><span style=\"font-weight: 400\">Podemos dizer que o desenvolvimento do beb\u00ea come\u00e7a no momento de descoberta da gravidez. Ainda como feto, \u00e9 o in\u00edcio de uma vida que precisa ser gerada com cuidado para garantir boa sa\u00fade para a mam\u00e3e e para a crian\u00e7a \u2014 por isso \u00e9 t\u00e3o importante ter o acompanhamento de um profissional especializado para orientar em todas as fases.<\/span><\/p>\n<p><span style=\"font-weight: 400\">Gostou do post? Continue conosco no blog e aproveite para saber sobre<\/span><a href=\"https:\/\/atituderimacomsaude.com.br\/acompanhamento-pre-natal\/\"> <span style=\"font-weight: 400\">a import\u00e2ncia do acompanhamento pr\u00e9-natal<\/span><\/a><span style=\"font-weight: 400\">!<\/span><\/p>\n<p><b>Refer\u00eancia:<\/b><\/p>\n<p><span style=\"font-weight: 400\">ASSOCIA\u00c7\u00c3O DE OBSTETR\u00cdCIA E GINECOLOGIA DO ESTADO DE S\u00c3O PAULO (SOGESP). <\/span><b>Gravidez: As fases da gesta\u00e7\u00e3o, alimenta\u00e7\u00e3o e exerc\u00edcios<\/b><span style=\"font-weight: 400\">. <\/span><span style=\"font-weight: 400\">Dispon\u00edvel em: &lt;https:\/\/www.sogesp.com.br\/canal-saude-mulher\/blog-da-mulher\/gravidez-as-fases-da-gestacao-alimentacao-e-exercicios\/&gt;. Acesso em: 21 Out. 2021<\/span><\/p>\n<p><span style=\"font-weight: 400\">GOVERNO DO ESTADO DO RIO DE JANEIRO. <\/span><b>Espa\u00e7o da gestante<\/b><span style=\"font-weight: 400\">. <\/span><span style=\"font-weight: 400\">Dispon\u00edvel em: &lt;http:\/\/www.riocomsaude.rj.gov.br\/espacodagestante\/site\/conteudo\/crescimento-do-bebe.php&gt;. Acesso em: 21 Out. 2021<\/span><\/p>\n<p><span style=\"font-weight: 400\">MINIST\u00c9RIO DA CI\u00caNCIA, TECNOLOGIA E INOVA\u00c7\u00d5ES. <\/span><b>Pesquisa brasileira comprova que levar a gravidez a termo favorece o desenvolvimento do rec\u00e9m-nascido e a recupera\u00e7\u00e3o da m\u00e3e<\/b><span style=\"font-weight: 400\">. 2021. <\/span><span style=\"font-weight: 400\">Dispon\u00edvel em: &lt;https:\/\/www.gov.br\/cnpq\/pt-br\/assuntos\/noticias\/pesquisa-do-dia\/pesquisa-brasileira-comprova-que-levar-a-gravidez-a-termo-favorece-o-desenvolvimento-do-recem-nascido-e-a-recuperacao-da-mae&gt;. Acesso em: 21 Out. 2021<\/span><\/p>\n<p><span style=\"font-weight: 400\">MINIST\u00c9RIO DA SA\u00daDE. <\/span><b>Caderneta da gestante<\/b><span style=\"font-weight: 400\">. 2018. <\/span><span style=\"font-weight: 400\">Dispon\u00edvel em: &lt;https:\/\/portalarquivos2.saude.gov.br\/images\/pdf\/2018\/agosto\/31\/Caderneta-da-Gestante-2018.pdf&gt;. Acesso em: 21 Out. 2021<\/span><\/p>\n<p><span style=\"font-weight: 400\">UNIVERSIDADE DE S\u00c3O PAULO. <\/span><b>Idade gestacional: pesquisa mostra como cada dia na barriga impacta no desenvolvimento do beb\u00ea<\/b><span style=\"font-weight: 400\">. 2021. <\/span><span style=\"font-weight: 400\">Dispon\u00edvel em: &lt;https:\/\/jornal.usp.br\/ciencias\/idade-gestacional-pesquisa-mostra-como-cada-dia-na-barriga-impacta-no-desenvolvimento-do-bebe\/&gt;. Acesso em: 21 Out. 2021<\/span><\/p>\n","protected":false},"excerpt":{"rendered":"<p>Durante a gesta\u00e7\u00e3o ocorrem altera\u00e7\u00f5es f\u00edsicas e psicol\u00f3gicas e estar atento a elas auxilia na percep\u00e7\u00e3o do desenvolvimento do beb\u00ea.<\/p>\n","protected":false},"author":9,"featured_media":3396,"comment_status":"open","ping_status":"open","sticky":false,"template":"","format":"standard","meta":{"_acf_changed":false,"site-sidebar-layout":"default","site-content-layout":"","ast-site-content-layout":"default","site-content-style":"default","site-sidebar-style":"default","ast-global-header-display":"","ast-banner-title-visibility":"","ast-main-header-display":"","ast-hfb-above-header-display":"","ast-hfb-below-header-display":"","ast-hfb-mobile-header-display":"","site-post-title":"","ast-breadcrumbs-content":"","ast-featured-img":"","footer-sml-layout":"","theme-transparent-header-meta":"","adv-header-id-meta":"","stick-header-meta":"","header-above-stick-meta":"","header-main-stick-meta":"","header-below-stick-meta":"","astra-migrate-meta-layouts":"default","ast-page-background-enabled":"default","ast-page-background-meta":{"desktop":{"background-color":"var(--ast-global-color-4)","background-image":"","background-repeat":"repeat","background-position":"center center","background-size":"auto","background-attachment":"scroll","background-type":"","background-media":"","overlay-type":"","overlay-color":"","overlay-opacity":"","overlay-gradient":""},"tablet":{"background-color":"","background-image":"","background-repeat":"repeat","background-position":"center center","background-size":"auto","background-attachment":"scroll","background-type":"","background-media":"","overlay-type":"","overlay-color":"","overlay-opacity":"","overlay-gradient":""},"mobile":{"background-color":"","background-image":"","background-repeat":"repeat","background-position":"center center","background-size":"auto","background-attachment":"scroll","background-type":"","background-media":"","overlay-type":"","overlay-color":"","overlay-opacity":"","overlay-gradient":""}},"ast-content-background-meta":{"desktop":{"background-color":"var(--ast-global-color-5)","background-image":"","background-repeat":"repeat","background-position":"center center","background-size":"auto","background-attachment":"scroll","background-type":"","background-media":"","overlay-type":"","overlay-color":"","overlay-opacity":"","overlay-gradient":""},"tablet":{"background-color":"var(--ast-global-color-5)","background-image":"","background-repeat":"repeat","background-position":"center center","background-size":"auto","background-attachment":"scroll","background-type":"","background-media":"","overlay-type":"","overlay-color":"","overlay-opacity":"","overlay-gradient":""},"mobile":{"background-color":"var(--ast-global-color-5)","background-image":"","background-repeat":"repeat","background-position":"center center","background-size":"auto","background-attachment":"scroll","background-type":"","background-media":"","overlay-type":"","overlay-color":"","overlay-opacity":"","overlay-gradient":""}},"footnotes":""},"categories":[1],"tags":[169,209],"class_list":["post-3395","post","type-post","status-publish","format-standard","has-post-thumbnail","hentry","category-noticias","tag-bebe","tag-gestante"],"acf":[],"yoast_head":"<!-- This site is optimized with the Yoast SEO plugin v26.9 - https:\/\/yoast.com\/product\/yoast-seo-wordpress\/ -->\n<title>O desenvolvimento do beb\u00ea e as transforma\u00e7\u00f5es na gestante - Usisa\u00fade<\/title>\n<meta name=\"description\" content=\"Durante a gesta\u00e7\u00e3o ocorrem altera\u00e7\u00f5es f\u00edsicas e psicol\u00f3gicas e estar atento a elas auxilia na percep\u00e7\u00e3o do desenvolvimento do beb\u00ea.\" \/>\n<meta name=\"robots\" content=\"index, follow, max-snippet:-1, max-image-preview:large, max-video-preview:-1\" \/>\n<link rel=\"canonical\" href=\"https:\/\/www.fsfx.com.br\/usisaude\/desenvolvimento-do-bebe\/\" \/>\n<meta property=\"og:locale\" content=\"pt_BR\" \/>\n<meta property=\"og:type\" content=\"article\" \/>\n<meta property=\"og:title\" content=\"O desenvolvimento do beb\u00ea e as transforma\u00e7\u00f5es na gestante - Usisa\u00fade\" \/>\n<meta property=\"og:description\" content=\"Durante a gesta\u00e7\u00e3o ocorrem altera\u00e7\u00f5es f\u00edsicas e psicol\u00f3gicas e estar atento a elas auxilia na percep\u00e7\u00e3o do desenvolvimento do beb\u00ea.\" \/>\n<meta property=\"og:url\" content=\"https:\/\/www.fsfx.com.br\/usisaude\/desenvolvimento-do-bebe\/\" \/>\n<meta property=\"og:site_name\" content=\"Usisa\u00fade\" \/>\n<meta property=\"article:published_time\" content=\"2017-06-20T19:13:08+00:00\" \/>\n<meta property=\"article:modified_time\" content=\"2024-09-12T18:08:21+00:00\" \/>\n<meta name=\"twitter:card\" content=\"summary_large_image\" \/>\n<meta name=\"twitter:label1\" content=\"Escrito por\" \/>\n\t<meta name=\"twitter:data1\" content=\"\" \/>\n\t<meta name=\"twitter:label2\" content=\"Est. tempo de leitura\" \/>\n\t<meta name=\"twitter:data2\" content=\"7 minutos\" \/>\n<script type=\"application\/ld+json\" class=\"yoast-schema-graph\">{\"@context\":\"https:\/\/schema.org\",\"@graph\":[{\"@type\":\"Article\",\"@id\":\"https:\/\/www.fsfx.com.br\/usisaude\/desenvolvimento-do-bebe\/#article\",\"isPartOf\":{\"@id\":\"https:\/\/www.fsfx.com.br\/usisaude\/desenvolvimento-do-bebe\/\"},\"author\":{\"name\":\"\",\"@id\":\"\"},\"headline\":\"O desenvolvimento do beb\u00ea e as transforma\u00e7\u00f5es na gestante\",\"datePublished\":\"2017-06-20T19:13:08+00:00\",\"dateModified\":\"2024-09-12T18:08:21+00:00\",\"mainEntityOfPage\":{\"@id\":\"https:\/\/www.fsfx.com.br\/usisaude\/desenvolvimento-do-bebe\/\"},\"wordCount\":1504,\"commentCount\":0,\"publisher\":{\"@id\":\"https:\/\/www.fsfx.com.br\/usisaude\/#organization\"},\"image\":{\"@id\":\"https:\/\/www.fsfx.com.br\/usisaude\/desenvolvimento-do-bebe\/#primaryimage\"},\"thumbnailUrl\":\"\",\"keywords\":[\"beb\u00ea\",\"gestante\"],\"articleSection\":[\"Not\u00edcias\"],\"inLanguage\":\"pt-BR\",\"potentialAction\":[{\"@type\":\"CommentAction\",\"name\":\"Comment\",\"target\":[\"https:\/\/www.fsfx.com.br\/usisaude\/desenvolvimento-do-bebe\/#respond\"]}]},{\"@type\":\"WebPage\",\"@id\":\"https:\/\/www.fsfx.com.br\/usisaude\/desenvolvimento-do-bebe\/\",\"url\":\"https:\/\/www.fsfx.com.br\/usisaude\/desenvolvimento-do-bebe\/\",\"name\":\"O desenvolvimento do beb\u00ea e as transforma\u00e7\u00f5es na gestante - Usisa\u00fade\",\"isPartOf\":{\"@id\":\"https:\/\/www.fsfx.com.br\/usisaude\/#website\"},\"primaryImageOfPage\":{\"@id\":\"https:\/\/www.fsfx.com.br\/usisaude\/desenvolvimento-do-bebe\/#primaryimage\"},\"image\":{\"@id\":\"https:\/\/www.fsfx.com.br\/usisaude\/desenvolvimento-do-bebe\/#primaryimage\"},\"thumbnailUrl\":\"\",\"datePublished\":\"2017-06-20T19:13:08+00:00\",\"dateModified\":\"2024-09-12T18:08:21+00:00\",\"description\":\"Durante a gesta\u00e7\u00e3o ocorrem altera\u00e7\u00f5es f\u00edsicas e psicol\u00f3gicas e estar atento a elas auxilia na percep\u00e7\u00e3o do desenvolvimento do beb\u00ea.\",\"breadcrumb\":{\"@id\":\"https:\/\/www.fsfx.com.br\/usisaude\/desenvolvimento-do-bebe\/#breadcrumb\"},\"inLanguage\":\"pt-BR\",\"potentialAction\":[{\"@type\":\"ReadAction\",\"target\":[\"https:\/\/www.fsfx.com.br\/usisaude\/desenvolvimento-do-bebe\/\"]}]},{\"@type\":\"ImageObject\",\"inLanguage\":\"pt-BR\",\"@id\":\"https:\/\/www.fsfx.com.br\/usisaude\/desenvolvimento-do-bebe\/#primaryimage\",\"url\":\"\",\"contentUrl\":\"\"},{\"@type\":\"BreadcrumbList\",\"@id\":\"https:\/\/www.fsfx.com.br\/usisaude\/desenvolvimento-do-bebe\/#breadcrumb\",\"itemListElement\":[{\"@type\":\"ListItem\",\"position\":1,\"name\":\"In\u00edcio\",\"item\":\"https:\/\/www.fsfx.com.br\/usisaude\/\"},{\"@type\":\"ListItem\",\"position\":2,\"name\":\"O desenvolvimento do beb\u00ea e as transforma\u00e7\u00f5es na gestante\"}]},{\"@type\":\"WebSite\",\"@id\":\"https:\/\/www.fsfx.com.br\/usisaude\/#website\",\"url\":\"https:\/\/www.fsfx.com.br\/usisaude\/\",\"name\":\"Usisa\u00fade\",\"description\":\"Somos a Usisa\u00fade, uma operadora de planos de sa\u00fade da Funda\u00e7\u00e3o S\u00e3o Francisco Xavier (FSFX), a maior em modalidade filantr\u00f3pica do pa\u00eds.\",\"publisher\":{\"@id\":\"https:\/\/www.fsfx.com.br\/usisaude\/#organization\"},\"potentialAction\":[{\"@type\":\"SearchAction\",\"target\":{\"@type\":\"EntryPoint\",\"urlTemplate\":\"https:\/\/www.fsfx.com.br\/usisaude\/?s={search_term_string}\"},\"query-input\":{\"@type\":\"PropertyValueSpecification\",\"valueRequired\":true,\"valueName\":\"search_term_string\"}}],\"inLanguage\":\"pt-BR\"},{\"@type\":\"Organization\",\"@id\":\"https:\/\/www.fsfx.com.br\/usisaude\/#organization\",\"name\":\"Usisa\u00fade\",\"url\":\"https:\/\/www.fsfx.com.br\/usisaude\/\",\"logo\":{\"@type\":\"ImageObject\",\"inLanguage\":\"pt-BR\",\"@id\":\"https:\/\/www.fsfx.com.br\/usisaude\/#\/schema\/logo\/image\/\",\"url\":\"https:\/\/www.fsfx.com.br\/usisaude\/wp-content\/uploads\/sites\/6\/2022\/03\/logo-ususaude-1.svg\",\"contentUrl\":\"https:\/\/www.fsfx.com.br\/usisaude\/wp-content\/uploads\/sites\/6\/2022\/03\/logo-ususaude-1.svg\",\"width\":445,\"height\":196,\"caption\":\"Usisa\u00fade\"},\"image\":{\"@id\":\"https:\/\/www.fsfx.com.br\/usisaude\/#\/schema\/logo\/image\/\"}},{\"@type\":\"Person\",\"@id\":\"\",\"url\":\"https:\/\/www.fsfx.com.br\/usisaude\/author\/\"}]}<\/script>\n<!-- \/ Yoast SEO plugin. -->","yoast_head_json":{"title":"O desenvolvimento do beb\u00ea e as transforma\u00e7\u00f5es na gestante - Usisa\u00fade","description":"Durante a gesta\u00e7\u00e3o ocorrem altera\u00e7\u00f5es f\u00edsicas e psicol\u00f3gicas e estar atento a elas auxilia na percep\u00e7\u00e3o do desenvolvimento do beb\u00ea.","robots":{"index":"index","follow":"follow","max-snippet":"max-snippet:-1","max-image-preview":"max-image-preview:large","max-video-preview":"max-video-preview:-1"},"canonical":"https:\/\/www.fsfx.com.br\/usisaude\/desenvolvimento-do-bebe\/","og_locale":"pt_BR","og_type":"article","og_title":"O desenvolvimento do beb\u00ea e as transforma\u00e7\u00f5es na gestante - Usisa\u00fade","og_description":"Durante a gesta\u00e7\u00e3o ocorrem altera\u00e7\u00f5es f\u00edsicas e psicol\u00f3gicas e estar atento a elas auxilia na percep\u00e7\u00e3o do desenvolvimento do beb\u00ea.","og_url":"https:\/\/www.fsfx.com.br\/usisaude\/desenvolvimento-do-bebe\/","og_site_name":"Usisa\u00fade","article_published_time":"2017-06-20T19:13:08+00:00","article_modified_time":"2024-09-12T18:08:21+00:00","twitter_card":"summary_large_image","twitter_misc":{"Escrito por":"","Est. tempo de leitura":"7 minutos"},"schema":{"@context":"https:\/\/schema.org","@graph":[{"@type":"Article","@id":"https:\/\/www.fsfx.com.br\/usisaude\/desenvolvimento-do-bebe\/#article","isPartOf":{"@id":"https:\/\/www.fsfx.com.br\/usisaude\/desenvolvimento-do-bebe\/"},"author":{"name":"","@id":""},"headline":"O desenvolvimento do beb\u00ea e as transforma\u00e7\u00f5es na gestante","datePublished":"2017-06-20T19:13:08+00:00","dateModified":"2024-09-12T18:08:21+00:00","mainEntityOfPage":{"@id":"https:\/\/www.fsfx.com.br\/usisaude\/desenvolvimento-do-bebe\/"},"wordCount":1504,"commentCount":0,"publisher":{"@id":"https:\/\/www.fsfx.com.br\/usisaude\/#organization"},"image":{"@id":"https:\/\/www.fsfx.com.br\/usisaude\/desenvolvimento-do-bebe\/#primaryimage"},"thumbnailUrl":"","keywords":["beb\u00ea","gestante"],"articleSection":["Not\u00edcias"],"inLanguage":"pt-BR","potentialAction":[{"@type":"CommentAction","name":"Comment","target":["https:\/\/www.fsfx.com.br\/usisaude\/desenvolvimento-do-bebe\/#respond"]}]},{"@type":"WebPage","@id":"https:\/\/www.fsfx.com.br\/usisaude\/desenvolvimento-do-bebe\/","url":"https:\/\/www.fsfx.com.br\/usisaude\/desenvolvimento-do-bebe\/","name":"O desenvolvimento do beb\u00ea e as transforma\u00e7\u00f5es na gestante - Usisa\u00fade","isPartOf":{"@id":"https:\/\/www.fsfx.com.br\/usisaude\/#website"},"primaryImageOfPage":{"@id":"https:\/\/www.fsfx.com.br\/usisaude\/desenvolvimento-do-bebe\/#primaryimage"},"image":{"@id":"https:\/\/www.fsfx.com.br\/usisaude\/desenvolvimento-do-bebe\/#primaryimage"},"thumbnailUrl":"","datePublished":"2017-06-20T19:13:08+00:00","dateModified":"2024-09-12T18:08:21+00:00","description":"Durante a gesta\u00e7\u00e3o ocorrem altera\u00e7\u00f5es f\u00edsicas e psicol\u00f3gicas e estar atento a elas auxilia na percep\u00e7\u00e3o do desenvolvimento do beb\u00ea.","breadcrumb":{"@id":"https:\/\/www.fsfx.com.br\/usisaude\/desenvolvimento-do-bebe\/#breadcrumb"},"inLanguage":"pt-BR","potentialAction":[{"@type":"ReadAction","target":["https:\/\/www.fsfx.com.br\/usisaude\/desenvolvimento-do-bebe\/"]}]},{"@type":"ImageObject","inLanguage":"pt-BR","@id":"https:\/\/www.fsfx.com.br\/usisaude\/desenvolvimento-do-bebe\/#primaryimage","url":"","contentUrl":""},{"@type":"BreadcrumbList","@id":"https:\/\/www.fsfx.com.br\/usisaude\/desenvolvimento-do-bebe\/#breadcrumb","itemListElement":[{"@type":"ListItem","position":1,"name":"In\u00edcio","item":"https:\/\/www.fsfx.com.br\/usisaude\/"},{"@type":"ListItem","position":2,"name":"O desenvolvimento do beb\u00ea e as transforma\u00e7\u00f5es na gestante"}]},{"@type":"WebSite","@id":"https:\/\/www.fsfx.com.br\/usisaude\/#website","url":"https:\/\/www.fsfx.com.br\/usisaude\/","name":"Usisa\u00fade","description":"Somos a Usisa\u00fade, uma operadora de planos de sa\u00fade da Funda\u00e7\u00e3o S\u00e3o Francisco Xavier (FSFX), a maior em modalidade filantr\u00f3pica do pa\u00eds.","publisher":{"@id":"https:\/\/www.fsfx.com.br\/usisaude\/#organization"},"potentialAction":[{"@type":"SearchAction","target":{"@type":"EntryPoint","urlTemplate":"https:\/\/www.fsfx.com.br\/usisaude\/?s={search_term_string}"},"query-input":{"@type":"PropertyValueSpecification","valueRequired":true,"valueName":"search_term_string"}}],"inLanguage":"pt-BR"},{"@type":"Organization","@id":"https:\/\/www.fsfx.com.br\/usisaude\/#organization","name":"Usisa\u00fade","url":"https:\/\/www.fsfx.com.br\/usisaude\/","logo":{"@type":"ImageObject","inLanguage":"pt-BR","@id":"https:\/\/www.fsfx.com.br\/usisaude\/#\/schema\/logo\/image\/","url":"https:\/\/www.fsfx.com.br\/usisaude\/wp-content\/uploads\/sites\/6\/2022\/03\/logo-ususaude-1.svg","contentUrl":"https:\/\/www.fsfx.com.br\/usisaude\/wp-content\/uploads\/sites\/6\/2022\/03\/logo-ususaude-1.svg","width":445,"height":196,"caption":"Usisa\u00fade"},"image":{"@id":"https:\/\/www.fsfx.com.br\/usisaude\/#\/schema\/logo\/image\/"}},{"@type":"Person","@id":"","url":"https:\/\/www.fsfx.com.br\/usisaude\/author\/"}]}},"_links":{"self":[{"href":"https:\/\/www.fsfx.com.br\/usisaude\/wp-json\/wp\/v2\/posts\/3395","targetHints":{"allow":["GET"]}}],"collection":[{"href":"https:\/\/www.fsfx.com.br\/usisaude\/wp-json\/wp\/v2\/posts"}],"about":[{"href":"https:\/\/www.fsfx.com.br\/usisaude\/wp-json\/wp\/v2\/types\/post"}],"author":[{"embeddable":true,"href":"https:\/\/www.fsfx.com.br\/usisaude\/wp-json\/wp\/v2\/users\/9"}],"replies":[{"embeddable":true,"href":"https:\/\/www.fsfx.com.br\/usisaude\/wp-json\/wp\/v2\/comments?post=3395"}],"version-history":[{"count":1,"href":"https:\/\/www.fsfx.com.br\/usisaude\/wp-json\/wp\/v2\/posts\/3395\/revisions"}],"predecessor-version":[{"id":10796,"href":"https:\/\/www.fsfx.com.br\/usisaude\/wp-json\/wp\/v2\/posts\/3395\/revisions\/10796"}],"wp:featuredmedia":[{"embeddable":true,"href":"https:\/\/www.fsfx.com.br\/usisaude\/wp-json\/"}],"wp:attachment":[{"href":"https:\/\/www.fsfx.com.br\/usisaude\/wp-json\/wp\/v2\/media?parent=3395"}],"wp:term":[{"taxonomy":"category","embeddable":true,"href":"https:\/\/www.fsfx.com.br\/usisaude\/wp-json\/wp\/v2\/categories?post=3395"},{"taxonomy":"post_tag","embeddable":true,"href":"https:\/\/www.fsfx.com.br\/usisaude\/wp-json\/wp\/v2\/tags?post=3395"}],"curies":[{"name":"wp","href":"https:\/\/api.w.org\/{rel}","templated":true}]}}