{"id":3417,"date":"2017-08-09T10:00:21","date_gmt":"2017-08-09T10:00:21","guid":{"rendered":"http:\/\/www.fsfx.com.br\/atituderimacomsaude\/?p=3417"},"modified":"2024-09-12T15:08:21","modified_gmt":"2024-09-12T18:08:21","slug":"diferencas-entre-asma-e-bronquite","status":"publish","type":"post","link":"https:\/\/www.fsfx.com.br\/usisaude\/diferencas-entre-asma-e-bronquite\/","title":{"rendered":"Diferen\u00e7as entre asma e bronquite"},"content":{"rendered":"<p>\u00c9 muito comum encontrarmos pessoas que confundem asma com bronquite e vice-versa. Afinal, s\u00e3o doen\u00e7as que apresentam sintomas parecidos e atacam o aparelho respirat\u00f3rio. Por\u00e9m, as suas causas e tratamentos s\u00e3o diferentes. Por isso, \u00e9 extremamente importante diferenciarmos uma da outra. A asma \u00e9 uma doen\u00e7a gen\u00e9tica e n\u00e3o tem cura. Ela causa inflama\u00e7\u00e3o cr\u00f4nica dos pulm\u00f5es quando o indiv\u00edduo \u00e9 exposto a alguns agentes externos, tais como poeira, \u00e1caros, mudan\u00e7a repentina de temperatura, baixa umidade do ar e pelos de animais. As crises podem durar algumas horas ou dias e o asm\u00e1tico sente falta de ar, aperto no peito e emite um chiado caracter\u00edstico. Para combater a asma, o ideal \u00e9 combinar a medica\u00e7\u00e3o prescrita por um pneumologista, com a pr\u00e1tica de exerc\u00edcios f\u00edsicos, principalmente os aer\u00f3bicos. As medica\u00e7\u00f5es mais indicadas s\u00e3o os broncodilatadores, que facilitam a entrada do ar, e os corticoides anti-inflamat\u00f3rios, que diminuem a inflama\u00e7\u00e3o cr\u00f4nica. J\u00e1 esportes como nata\u00e7\u00e3o, corrida e <em>spinning<\/em> estimulam a capacidade respirat\u00f3ria naturalmente. Mas \u00e9 preciso ter cuidado: a pr\u00e1tica de atividades f\u00edsicas sem o uso de medicamentos e sem a orienta\u00e7\u00e3o de um profissional pode agravar o quadro e provocar violentas crises.<\/p>\n<p>&nbsp;<\/p>\n<p>A bronquite, por sua vez, pode ser dividida em duas modalidades: a cr\u00f4nica, que \u00e9 a inflama\u00e7\u00e3o prolongada dos br\u00f4nquios, e o enfisema, que \u00e9 caracterizado pela destrui\u00e7\u00e3o dos alv\u00e9olos pulmonares. Diferente da asma, a bronquite n\u00e3o \u00e9 uma doen\u00e7a gen\u00e9tica. A sua principal causa \u00e9 o tabagismo, mas tamb\u00e9m pode surgir como complica\u00e7\u00e3o de uma sinusite ou de uma amigdalite. As crises de bronquite podem durar v\u00e1rias semanas e, normalmente, continuam mesmo ap\u00f3s o uso de broncodilatadores. Os sintomas mais comuns s\u00e3o o chiado t\u00edpico e uma tosse persistente, que pode ser seca ou com a produ\u00e7\u00e3o de muco. N\u00e3o \u00e9 comum haver febre, que \u00e9 um fator que ajuda a diferenciar a bronquite de outras infec\u00e7\u00f5es, como a pneumonia. O tratamento contra a bronquite \u00e9 realizado a partir de antibi\u00f3ticos, que combatem a infec\u00e7\u00e3o nos br\u00f4nquios. Em casos cr\u00f4nicos, tamb\u00e9m pode ser necess\u00e1ria a utiliza\u00e7\u00e3o de broncodilatadores. O mais importante, por\u00e9m, \u00e9 livrar-se dos fatores causadores da doen\u00e7a, principalmente o cigarro. \u00c9 f\u00e1cil perceber, portanto, a import\u00e2ncia de distinguir uma doen\u00e7a da outra, pois os tratamentos e progn\u00f3sticos em longo prazo s\u00e3o bem diferentes. Caso sinta algum desses sintomas, procure um m\u00e9dico.<\/p>\n<p>&nbsp;<\/p>\n","protected":false},"excerpt":{"rendered":"<p>\u00c9 muito comum encontrarmos pessoas que confundem asma com bronquite e vice-versa. Afinal, s\u00e3o doen\u00e7as que apresentam sintomas parecidos e atacam o aparelho respirat\u00f3rio. Por\u00e9m, as suas causas e tratamentos s\u00e3o diferentes. Por isso, \u00e9 extremamente importante diferenciarmos uma da outra. A asma \u00e9 uma doen\u00e7a gen\u00e9tica e n\u00e3o tem cura. Ela causa inflama\u00e7\u00e3o cr\u00f4nica [&hellip;]<\/p>\n","protected":false},"author":9,"featured_media":3420,"comment_status":"open","ping_status":"open","sticky":false,"template":"","format":"standard","meta":{"_acf_changed":false,"site-sidebar-layout":"default","site-content-layout":"","ast-site-content-layout":"default","site-content-style":"default","site-sidebar-style":"default","ast-global-header-display":"","ast-banner-title-visibility":"","ast-main-header-display":"","ast-hfb-above-header-display":"","ast-hfb-below-header-display":"","ast-hfb-mobile-header-display":"","site-post-title":"","ast-breadcrumbs-content":"","ast-featured-img":"","footer-sml-layout":"","theme-transparent-header-meta":"","adv-header-id-meta":"","stick-header-meta":"","header-above-stick-meta":"","header-main-stick-meta":"","header-below-stick-meta":"","astra-migrate-meta-layouts":"default","ast-page-background-enabled":"default","ast-page-background-meta":{"desktop":{"background-color":"var(--ast-global-color-4)","background-image":"","background-repeat":"repeat","background-position":"center center","background-size":"auto","background-attachment":"scroll","background-type":"","background-media":"","overlay-type":"","overlay-color":"","overlay-opacity":"","overlay-gradient":""},"tablet":{"background-color":"","background-image":"","background-repeat":"repeat","background-position":"center center","background-size":"auto","background-attachment":"scroll","background-type":"","background-media":"","overlay-type":"","overlay-color":"","overlay-opacity":"","overlay-gradient":""},"mobile":{"background-color":"","background-image":"","background-repeat":"repeat","background-position":"center center","background-size":"auto","background-attachment":"scroll","background-type":"","background-media":"","overlay-type":"","overlay-color":"","overlay-opacity":"","overlay-gradient":""}},"ast-content-background-meta":{"desktop":{"background-color":"var(--ast-global-color-5)","background-image":"","background-repeat":"repeat","background-position":"center center","background-size":"auto","background-attachment":"scroll","background-type":"","background-media":"","overlay-type":"","overlay-color":"","overlay-opacity":"","overlay-gradient":""},"tablet":{"background-color":"var(--ast-global-color-5)","background-image":"","background-repeat":"repeat","background-position":"center center","background-size":"auto","background-attachment":"scroll","background-type":"","background-media":"","overlay-type":"","overlay-color":"","overlay-opacity":"","overlay-gradient":""},"mobile":{"background-color":"var(--ast-global-color-5)","background-image":"","background-repeat":"repeat","background-position":"center center","background-size":"auto","background-attachment":"scroll","background-type":"","background-media":"","overlay-type":"","overlay-color":"","overlay-opacity":"","overlay-gradient":""}},"footnotes":""},"categories":[1],"tags":[],"class_list":["post-3417","post","type-post","status-publish","format-standard","has-post-thumbnail","hentry","category-noticias"],"acf":[],"yoast_head":"<!-- This site is optimized with the Yoast SEO plugin v26.9 - https:\/\/yoast.com\/product\/yoast-seo-wordpress\/ -->\n<title>Diferen\u00e7as entre asma e bronquite - Usisa\u00fade<\/title>\n<meta name=\"description\" content=\"\u00c9 muito comum encontrarmos pessoas que confundem asma com bronquite e vice-versa. Por\u00e9m, as suas causas e tratamentos s\u00e3o diferentes.\" \/>\n<meta name=\"robots\" content=\"index, follow, max-snippet:-1, max-image-preview:large, max-video-preview:-1\" \/>\n<link rel=\"canonical\" href=\"https:\/\/www.fsfx.com.br\/usisaude\/diferencas-entre-asma-e-bronquite\/\" \/>\n<meta property=\"og:locale\" content=\"pt_BR\" \/>\n<meta property=\"og:type\" content=\"article\" \/>\n<meta property=\"og:title\" content=\"Diferen\u00e7as entre asma e bronquite - Usisa\u00fade\" \/>\n<meta property=\"og:description\" content=\"\u00c9 muito comum encontrarmos pessoas que confundem asma com bronquite e vice-versa. Por\u00e9m, as suas causas e tratamentos s\u00e3o diferentes.\" \/>\n<meta property=\"og:url\" content=\"https:\/\/www.fsfx.com.br\/usisaude\/diferencas-entre-asma-e-bronquite\/\" \/>\n<meta property=\"og:site_name\" content=\"Usisa\u00fade\" \/>\n<meta property=\"article:published_time\" content=\"2017-08-09T10:00:21+00:00\" \/>\n<meta property=\"article:modified_time\" content=\"2024-09-12T18:08:21+00:00\" \/>\n<meta name=\"twitter:card\" content=\"summary_large_image\" \/>\n<meta name=\"twitter:label1\" content=\"Escrito por\" \/>\n\t<meta name=\"twitter:data1\" content=\"\" \/>\n\t<meta name=\"twitter:label2\" content=\"Est. tempo de leitura\" \/>\n\t<meta name=\"twitter:data2\" content=\"2 minutos\" \/>\n<script type=\"application\/ld+json\" class=\"yoast-schema-graph\">{\"@context\":\"https:\/\/schema.org\",\"@graph\":[{\"@type\":\"Article\",\"@id\":\"https:\/\/www.fsfx.com.br\/usisaude\/diferencas-entre-asma-e-bronquite\/#article\",\"isPartOf\":{\"@id\":\"https:\/\/www.fsfx.com.br\/usisaude\/diferencas-entre-asma-e-bronquite\/\"},\"author\":{\"name\":\"\",\"@id\":\"\"},\"headline\":\"Diferen\u00e7as entre asma e bronquite\",\"datePublished\":\"2017-08-09T10:00:21+00:00\",\"dateModified\":\"2024-09-12T18:08:21+00:00\",\"mainEntityOfPage\":{\"@id\":\"https:\/\/www.fsfx.com.br\/usisaude\/diferencas-entre-asma-e-bronquite\/\"},\"wordCount\":441,\"commentCount\":0,\"publisher\":{\"@id\":\"https:\/\/www.fsfx.com.br\/usisaude\/#organization\"},\"image\":{\"@id\":\"https:\/\/www.fsfx.com.br\/usisaude\/diferencas-entre-asma-e-bronquite\/#primaryimage\"},\"thumbnailUrl\":\"\",\"articleSection\":[\"Not\u00edcias\"],\"inLanguage\":\"pt-BR\",\"potentialAction\":[{\"@type\":\"CommentAction\",\"name\":\"Comment\",\"target\":[\"https:\/\/www.fsfx.com.br\/usisaude\/diferencas-entre-asma-e-bronquite\/#respond\"]}]},{\"@type\":\"WebPage\",\"@id\":\"https:\/\/www.fsfx.com.br\/usisaude\/diferencas-entre-asma-e-bronquite\/\",\"url\":\"https:\/\/www.fsfx.com.br\/usisaude\/diferencas-entre-asma-e-bronquite\/\",\"name\":\"Diferen\u00e7as entre asma e bronquite - Usisa\u00fade\",\"isPartOf\":{\"@id\":\"https:\/\/www.fsfx.com.br\/usisaude\/#website\"},\"primaryImageOfPage\":{\"@id\":\"https:\/\/www.fsfx.com.br\/usisaude\/diferencas-entre-asma-e-bronquite\/#primaryimage\"},\"image\":{\"@id\":\"https:\/\/www.fsfx.com.br\/usisaude\/diferencas-entre-asma-e-bronquite\/#primaryimage\"},\"thumbnailUrl\":\"\",\"datePublished\":\"2017-08-09T10:00:21+00:00\",\"dateModified\":\"2024-09-12T18:08:21+00:00\",\"description\":\"\u00c9 muito comum encontrarmos pessoas que confundem asma com bronquite e vice-versa. Por\u00e9m, as suas causas e tratamentos s\u00e3o diferentes.\",\"breadcrumb\":{\"@id\":\"https:\/\/www.fsfx.com.br\/usisaude\/diferencas-entre-asma-e-bronquite\/#breadcrumb\"},\"inLanguage\":\"pt-BR\",\"potentialAction\":[{\"@type\":\"ReadAction\",\"target\":[\"https:\/\/www.fsfx.com.br\/usisaude\/diferencas-entre-asma-e-bronquite\/\"]}]},{\"@type\":\"ImageObject\",\"inLanguage\":\"pt-BR\",\"@id\":\"https:\/\/www.fsfx.com.br\/usisaude\/diferencas-entre-asma-e-bronquite\/#primaryimage\",\"url\":\"\",\"contentUrl\":\"\"},{\"@type\":\"BreadcrumbList\",\"@id\":\"https:\/\/www.fsfx.com.br\/usisaude\/diferencas-entre-asma-e-bronquite\/#breadcrumb\",\"itemListElement\":[{\"@type\":\"ListItem\",\"position\":1,\"name\":\"In\u00edcio\",\"item\":\"https:\/\/www.fsfx.com.br\/usisaude\/\"},{\"@type\":\"ListItem\",\"position\":2,\"name\":\"Diferen\u00e7as entre asma e bronquite\"}]},{\"@type\":\"WebSite\",\"@id\":\"https:\/\/www.fsfx.com.br\/usisaude\/#website\",\"url\":\"https:\/\/www.fsfx.com.br\/usisaude\/\",\"name\":\"Usisa\u00fade\",\"description\":\"Somos a Usisa\u00fade, uma operadora de planos de sa\u00fade da Funda\u00e7\u00e3o S\u00e3o Francisco Xavier (FSFX), a maior em modalidade filantr\u00f3pica do pa\u00eds.\",\"publisher\":{\"@id\":\"https:\/\/www.fsfx.com.br\/usisaude\/#organization\"},\"potentialAction\":[{\"@type\":\"SearchAction\",\"target\":{\"@type\":\"EntryPoint\",\"urlTemplate\":\"https:\/\/www.fsfx.com.br\/usisaude\/?s={search_term_string}\"},\"query-input\":{\"@type\":\"PropertyValueSpecification\",\"valueRequired\":true,\"valueName\":\"search_term_string\"}}],\"inLanguage\":\"pt-BR\"},{\"@type\":\"Organization\",\"@id\":\"https:\/\/www.fsfx.com.br\/usisaude\/#organization\",\"name\":\"Usisa\u00fade\",\"url\":\"https:\/\/www.fsfx.com.br\/usisaude\/\",\"logo\":{\"@type\":\"ImageObject\",\"inLanguage\":\"pt-BR\",\"@id\":\"https:\/\/www.fsfx.com.br\/usisaude\/#\/schema\/logo\/image\/\",\"url\":\"https:\/\/www.fsfx.com.br\/usisaude\/wp-content\/uploads\/sites\/6\/2022\/03\/logo-ususaude-1.svg\",\"contentUrl\":\"https:\/\/www.fsfx.com.br\/usisaude\/wp-content\/uploads\/sites\/6\/2022\/03\/logo-ususaude-1.svg\",\"width\":445,\"height\":196,\"caption\":\"Usisa\u00fade\"},\"image\":{\"@id\":\"https:\/\/www.fsfx.com.br\/usisaude\/#\/schema\/logo\/image\/\"}},{\"@type\":\"Person\",\"@id\":\"\",\"url\":\"https:\/\/www.fsfx.com.br\/usisaude\/author\/\"}]}<\/script>\n<!-- \/ Yoast SEO plugin. -->","yoast_head_json":{"title":"Diferen\u00e7as entre asma e bronquite - Usisa\u00fade","description":"\u00c9 muito comum encontrarmos pessoas que confundem asma com bronquite e vice-versa. Por\u00e9m, as suas causas e tratamentos s\u00e3o diferentes.","robots":{"index":"index","follow":"follow","max-snippet":"max-snippet:-1","max-image-preview":"max-image-preview:large","max-video-preview":"max-video-preview:-1"},"canonical":"https:\/\/www.fsfx.com.br\/usisaude\/diferencas-entre-asma-e-bronquite\/","og_locale":"pt_BR","og_type":"article","og_title":"Diferen\u00e7as entre asma e bronquite - Usisa\u00fade","og_description":"\u00c9 muito comum encontrarmos pessoas que confundem asma com bronquite e vice-versa. Por\u00e9m, as suas causas e tratamentos s\u00e3o diferentes.","og_url":"https:\/\/www.fsfx.com.br\/usisaude\/diferencas-entre-asma-e-bronquite\/","og_site_name":"Usisa\u00fade","article_published_time":"2017-08-09T10:00:21+00:00","article_modified_time":"2024-09-12T18:08:21+00:00","twitter_card":"summary_large_image","twitter_misc":{"Escrito por":"","Est. tempo de leitura":"2 minutos"},"schema":{"@context":"https:\/\/schema.org","@graph":[{"@type":"Article","@id":"https:\/\/www.fsfx.com.br\/usisaude\/diferencas-entre-asma-e-bronquite\/#article","isPartOf":{"@id":"https:\/\/www.fsfx.com.br\/usisaude\/diferencas-entre-asma-e-bronquite\/"},"author":{"name":"","@id":""},"headline":"Diferen\u00e7as entre asma e bronquite","datePublished":"2017-08-09T10:00:21+00:00","dateModified":"2024-09-12T18:08:21+00:00","mainEntityOfPage":{"@id":"https:\/\/www.fsfx.com.br\/usisaude\/diferencas-entre-asma-e-bronquite\/"},"wordCount":441,"commentCount":0,"publisher":{"@id":"https:\/\/www.fsfx.com.br\/usisaude\/#organization"},"image":{"@id":"https:\/\/www.fsfx.com.br\/usisaude\/diferencas-entre-asma-e-bronquite\/#primaryimage"},"thumbnailUrl":"","articleSection":["Not\u00edcias"],"inLanguage":"pt-BR","potentialAction":[{"@type":"CommentAction","name":"Comment","target":["https:\/\/www.fsfx.com.br\/usisaude\/diferencas-entre-asma-e-bronquite\/#respond"]}]},{"@type":"WebPage","@id":"https:\/\/www.fsfx.com.br\/usisaude\/diferencas-entre-asma-e-bronquite\/","url":"https:\/\/www.fsfx.com.br\/usisaude\/diferencas-entre-asma-e-bronquite\/","name":"Diferen\u00e7as entre asma e bronquite - Usisa\u00fade","isPartOf":{"@id":"https:\/\/www.fsfx.com.br\/usisaude\/#website"},"primaryImageOfPage":{"@id":"https:\/\/www.fsfx.com.br\/usisaude\/diferencas-entre-asma-e-bronquite\/#primaryimage"},"image":{"@id":"https:\/\/www.fsfx.com.br\/usisaude\/diferencas-entre-asma-e-bronquite\/#primaryimage"},"thumbnailUrl":"","datePublished":"2017-08-09T10:00:21+00:00","dateModified":"2024-09-12T18:08:21+00:00","description":"\u00c9 muito comum encontrarmos pessoas que confundem asma com bronquite e vice-versa. Por\u00e9m, as suas causas e tratamentos s\u00e3o diferentes.","breadcrumb":{"@id":"https:\/\/www.fsfx.com.br\/usisaude\/diferencas-entre-asma-e-bronquite\/#breadcrumb"},"inLanguage":"pt-BR","potentialAction":[{"@type":"ReadAction","target":["https:\/\/www.fsfx.com.br\/usisaude\/diferencas-entre-asma-e-bronquite\/"]}]},{"@type":"ImageObject","inLanguage":"pt-BR","@id":"https:\/\/www.fsfx.com.br\/usisaude\/diferencas-entre-asma-e-bronquite\/#primaryimage","url":"","contentUrl":""},{"@type":"BreadcrumbList","@id":"https:\/\/www.fsfx.com.br\/usisaude\/diferencas-entre-asma-e-bronquite\/#breadcrumb","itemListElement":[{"@type":"ListItem","position":1,"name":"In\u00edcio","item":"https:\/\/www.fsfx.com.br\/usisaude\/"},{"@type":"ListItem","position":2,"name":"Diferen\u00e7as entre asma e bronquite"}]},{"@type":"WebSite","@id":"https:\/\/www.fsfx.com.br\/usisaude\/#website","url":"https:\/\/www.fsfx.com.br\/usisaude\/","name":"Usisa\u00fade","description":"Somos a Usisa\u00fade, uma operadora de planos de sa\u00fade da Funda\u00e7\u00e3o S\u00e3o Francisco Xavier (FSFX), a maior em modalidade filantr\u00f3pica do pa\u00eds.","publisher":{"@id":"https:\/\/www.fsfx.com.br\/usisaude\/#organization"},"potentialAction":[{"@type":"SearchAction","target":{"@type":"EntryPoint","urlTemplate":"https:\/\/www.fsfx.com.br\/usisaude\/?s={search_term_string}"},"query-input":{"@type":"PropertyValueSpecification","valueRequired":true,"valueName":"search_term_string"}}],"inLanguage":"pt-BR"},{"@type":"Organization","@id":"https:\/\/www.fsfx.com.br\/usisaude\/#organization","name":"Usisa\u00fade","url":"https:\/\/www.fsfx.com.br\/usisaude\/","logo":{"@type":"ImageObject","inLanguage":"pt-BR","@id":"https:\/\/www.fsfx.com.br\/usisaude\/#\/schema\/logo\/image\/","url":"https:\/\/www.fsfx.com.br\/usisaude\/wp-content\/uploads\/sites\/6\/2022\/03\/logo-ususaude-1.svg","contentUrl":"https:\/\/www.fsfx.com.br\/usisaude\/wp-content\/uploads\/sites\/6\/2022\/03\/logo-ususaude-1.svg","width":445,"height":196,"caption":"Usisa\u00fade"},"image":{"@id":"https:\/\/www.fsfx.com.br\/usisaude\/#\/schema\/logo\/image\/"}},{"@type":"Person","@id":"","url":"https:\/\/www.fsfx.com.br\/usisaude\/author\/"}]}},"_links":{"self":[{"href":"https:\/\/www.fsfx.com.br\/usisaude\/wp-json\/wp\/v2\/posts\/3417","targetHints":{"allow":["GET"]}}],"collection":[{"href":"https:\/\/www.fsfx.com.br\/usisaude\/wp-json\/wp\/v2\/posts"}],"about":[{"href":"https:\/\/www.fsfx.com.br\/usisaude\/wp-json\/wp\/v2\/types\/post"}],"author":[{"embeddable":true,"href":"https:\/\/www.fsfx.com.br\/usisaude\/wp-json\/wp\/v2\/users\/9"}],"replies":[{"embeddable":true,"href":"https:\/\/www.fsfx.com.br\/usisaude\/wp-json\/wp\/v2\/comments?post=3417"}],"version-history":[{"count":1,"href":"https:\/\/www.fsfx.com.br\/usisaude\/wp-json\/wp\/v2\/posts\/3417\/revisions"}],"predecessor-version":[{"id":10794,"href":"https:\/\/www.fsfx.com.br\/usisaude\/wp-json\/wp\/v2\/posts\/3417\/revisions\/10794"}],"wp:featuredmedia":[{"embeddable":true,"href":"https:\/\/www.fsfx.com.br\/usisaude\/wp-json\/"}],"wp:attachment":[{"href":"https:\/\/www.fsfx.com.br\/usisaude\/wp-json\/wp\/v2\/media?parent=3417"}],"wp:term":[{"taxonomy":"category","embeddable":true,"href":"https:\/\/www.fsfx.com.br\/usisaude\/wp-json\/wp\/v2\/categories?post=3417"},{"taxonomy":"post_tag","embeddable":true,"href":"https:\/\/www.fsfx.com.br\/usisaude\/wp-json\/wp\/v2\/tags?post=3417"}],"curies":[{"name":"wp","href":"https:\/\/api.w.org\/{rel}","templated":true}]}}