{"id":3437,"date":"2017-09-11T09:00:09","date_gmt":"2017-09-11T09:00:09","guid":{"rendered":"http:\/\/www.fsfx.com.br\/atituderimacomsaude\/?p=3437"},"modified":"2024-09-12T15:08:20","modified_gmt":"2024-09-12T18:08:20","slug":"fumantes-passivos","status":"publish","type":"post","link":"https:\/\/www.fsfx.com.br\/usisaude\/fumantes-passivos\/","title":{"rendered":"Fumantes passivos: Conhe\u00e7a quais s\u00e3o os principais riscos e como se prevenir"},"content":{"rendered":"<p><strong>Conte\u00fado atualizado em: 31\/05\/2022<\/strong><\/p>\n<p><span style=\"font-weight: 400\">Tempo de leitura: 5 minutos.\u00a0<\/span><\/p>\n<p><span style=\"font-weight: 400\">Nos \u00faltimos anos, temos observado uma queda significativa do n\u00famero de tabagistas no Brasil, gra\u00e7as \u00e0s v\u00e1rias a\u00e7\u00f5es do Minist\u00e9rio da Sa\u00fade e dos meios de comunica\u00e7\u00e3o. Apesar da boa not\u00edcia, voc\u00ea pode ser o que chamamos de<\/span><a href=\"http:\/\/www.brasil.gov.br\/saude\/2011\/05\/males-do-fumo-passivo\"> <span style=\"font-weight: 400\">\u201cfumantes passivos<\/span><\/a><span style=\"font-weight: 400\">\u201d.<\/span><\/p>\n<p><span style=\"font-weight: 400\">A inala\u00e7\u00e3o da fuma\u00e7a do cigarro ou qualquer produto que seja derivado do tabaco, mesmo sem jamais ter levado um cigarro \u00e0 boca \u00e9 um s\u00e9rio risco \u00e0 sa\u00fade dos n\u00e3o fumantes. Mais que o forte odor que o cigarro transmite \u00e0s roupas e aos cabelos, h\u00e1 problemas muito mais s\u00e9rios enfrentados pelos fumantes passivos.<\/span><\/p>\n<p><span style=\"font-weight: 400\">Neste post voc\u00ea vai entender melhor o que \u00e9 fumante passivo e suas diferen\u00e7as para o fumante ativo. Continue lendo e saiba quais s\u00e3o os riscos para quem inala a fuma\u00e7a do cigarro involuntariamente e como se prevenir desse problema!<\/span><\/p>\n<h2><b>O que \u00e9 fumante passivo?<\/b><\/h2>\n<p><span style=\"font-weight: 400\">Pode ser considerado um fumante passivo a pessoa que inala a fuma\u00e7a de derivados do tabaco, sejam elas cigarro, charuto, cachimbo, narguil\u00e9, cigarrilhas ou qualquer produtor de fuma\u00e7a que contenha a subst\u00e2ncia.\u00a0<\/span><\/p>\n<p><span style=\"font-weight: 400\">O fumante passivo \u00e9 algu\u00e9m que n\u00e3o fuma e que convive com fumantes dentro de casa, no trabalho ou nos mais diversos ambientes. Eles aspiram as subst\u00e2ncias t\u00f3xicas inaladas pelos fumantes ativos.<\/span><\/p>\n<h2><b>Qual a diferen\u00e7a do fumante ativo e passivo?<\/b><\/h2>\n<p><span style=\"font-weight: 400\">Na pr\u00e1tica, a diferen\u00e7a se resume ao comportamento de ser ou n\u00e3o adepto ao tabagismo, mas, de modo geral, se um fumante passivo convive e passa muito tempo pr\u00f3ximo de quem fuma, os danos causados pelo tabaco no organismo, s\u00e3o os mesmos.\u00a0<\/span><\/p>\n<p><span style=\"font-weight: 400\">A fuma\u00e7a liberada pelo cigarro e derivados \u00e9 composta de um mistura de mais de 4500 elementos t\u00f3xicos diferentes. Existem duas fases essenciais dessa mistura:\u00a0<\/span><\/p>\n<ul>\n<li style=\"font-weight: 400\"><span style=\"font-weight: 400\">fase gasosa \u2013 maior composi\u00e7\u00e3o de mon\u00f3xido de carbono, cetonas, gases amon\u00edacos, formol, \u00e1cido ac\u00e9tico e acrole\u00edna<\/span><\/li>\n<li style=\"font-weight: 400\"><span style=\"font-weight: 400\">fase particulada \u2013 nicotina (droga psicoativa causadora de depend\u00eancia) e alcatr\u00e3o (composto de mais de 40 subst\u00e2ncias comprovadamente cancer\u00edgenas)<\/span><\/li>\n<\/ul>\n<p><span style=\"font-weight: 400\">Tente imaginar a a\u00e7\u00e3o dessas subst\u00e2ncias no organismo de qualquer indiv\u00edduo e por um tempo prolongado, sem qualquer a\u00e7\u00e3o preventiva. Ao final de um per\u00edodo, todas as chances de ter a sa\u00fade preservada estar\u00e3o esgotadas devido \u00e0 forte exposi\u00e7\u00e3o a esses agentes nocivos.<\/span><\/p>\n<h2><b>Quais os riscos para um fumante passivo?<\/b><\/h2>\n<p><span style=\"font-weight: 400\">De acordo com a Organiza\u00e7\u00e3o Mundial da Sa\u00fade, o tabagismo passivo \u00e9 a terceira maior causa de morte evit\u00e1vel no mundo. Somente o tabagismo ativo e o consumo excessivo de \u00e1lcool s\u00e3o mais letais.<\/span><\/p>\n<p><span style=\"font-weight: 400\">Portanto, todas aquelas doen\u00e7as causadas pelo uso ativo do cigarro (angina, infarto do mioc\u00e1rdio, c\u00e2ncer de pulm\u00e3o \u2013 e outros tipos de c\u00e2ncer \u2013, hipertens\u00e3o, aneurisma, \u00falcera, trombose, catarata, entre outras) tamb\u00e9m podem se manifestar nos fumantes passivos.<\/span><\/p>\n<p><span style=\"font-weight: 400\">Como n\u00e3o existe um n\u00edvel seguro de exposi\u00e7\u00e3o \u00e0 fuma\u00e7a contendo tabaco, o fumante passivo est\u00e1 propenso a desenvolver tamb\u00e9m algumas rea\u00e7\u00f5es t\u00edpicas como tosse, irrita\u00e7\u00e3o nos olhos, dor de cabe\u00e7a, n\u00e1useas, coriza, agravamento de doen\u00e7as respirat\u00f3rias.<\/span><\/p>\n<p><span style=\"font-weight: 400\">Vale dizer que as crian\u00e7as em contato prolongado com a fuma\u00e7a do cigarro ou derivantes, t\u00eam 50% mais de chances de desenvolvimento de doen\u00e7as cr\u00f4nicas como a bronquite e a asma, por exemplo, al\u00e9m de contribuir para a sinusite cr\u00f4nica.<\/span><\/p>\n<p><span style=\"font-weight: 400\">No caso das gr\u00e1vidas, o feto pode ser o maior prejudicado em situa\u00e7\u00e3o de tabagismo passivo. O risco de aborto, parto prematuro, baixo peso e retardo no desenvolvimento do rec\u00e9m-nascido \u00e9 iminente diante de uma exposi\u00e7\u00e3o constante durante a gesta\u00e7\u00e3o.<\/span><\/p>\n<h2><b>Como prevenir o tabagismo passivo?<\/b><\/h2>\n<p><span style=\"font-weight: 400\">Gra\u00e7as aos avan\u00e7os de nossa legisla\u00e7\u00e3o, h\u00e1 v\u00e1rios locais nos quais o uso de cigarro \u00e9 proibido, como bares, restaurantes e demais locais fechados. No entanto, ao caminhar pelas cal\u00e7adas da cidade ou permanecer em locais abertos com grande aglomera\u00e7\u00e3o de pessoas, \u00e9 praticamente imposs\u00edvel escapar do alcance da fuma\u00e7a produzida pelo cigarro de um fumante ativo.<\/span><\/p>\n<p><span style=\"font-weight: 400\">Nesse caso, tente se dirigir para um local arejado ou, se isso n\u00e3o for poss\u00edvel, cubra o nariz e a boca com algum tecido limpo (um len\u00e7o ou a sua pr\u00f3pria camiseta), de modo que ele sirva como uma esp\u00e9cie de filtro.<\/span><\/p>\n<p><span style=\"font-weight: 400\">Se voc\u00ea se deparar com algum fumante que esteja fazendo uso ativo de cigarro em ambiente fechado, acione imediatamente o respons\u00e1vel pelo local. Afinal, a lei pro\u00edbe o fumo nesses estabelecimentos.<\/span><\/p>\n<p><span style=\"font-weight: 400\">Quando, por\u00e9m, o problema est\u00e1 dentro de casa, em fam\u00edlia, tem-se uma situa\u00e7\u00e3o ainda mais delicada. Nesses casos, deve-se incentivar os fumantes ativos a buscarem ajuda profissional para que se livrem do tabagismo.<\/span><\/p>\n<p><span style=\"font-weight: 400\">H\u00e1 v\u00e1rios programas (muitos deles gratuitos) que tratam desta doen\u00e7a com seriedade e apresentam bons resultados. A Usisa\u00fade oferece para os seus benefici\u00e1rios o Projeto Inspirar. \u00c9 necess\u00e1rio, ainda, que o fumante ativo compreenda que o seu h\u00e1bito de fumar prejudica todos aqueles que est\u00e3o ao seu redor.<\/span><\/p>\n<p><span style=\"font-weight: 400\">O assunto \u00e9 t\u00e3o s\u00e9rio e gera tantas discuss\u00f5es que resultou na campanha \u201cDia Mundial sem Tabaco\u201d realizada anualmente no dia 31 de maio. Criada pela OMS \u2013 Organiza\u00e7\u00e3o Mundial da Sa\u00fade, o objetivo \u00e9 gerar o alerta sobre as doen\u00e7as e mortes que podem ser evitadas e que est\u00e3o vinculadas ao tabagismo, afinal, os dados d\u00e3o conta que mais de 8 milh\u00f5es de pessoas morrem por ano, no mundo, por causa do tabaco.<\/span><\/p>\n<p><span style=\"font-weight: 400\">Caso voc\u00ea seja um fumante passivo, fa\u00e7a valer o seu direito de frequentar lugares livres de cigarro. \u00c9 a sua sa\u00fade que est\u00e1 em jogo e voc\u00ea n\u00e3o pode ser prejudicado pelo comportamento de quem n\u00e3o prioriza a qualidade de vida!<\/span><\/p>\n<p><span style=\"font-weight: 400\">Se voc\u00ea gostou deste post,<\/span><a href=\"https:\/\/www.instagram.com\/fsfxoficial\/\"> <span style=\"font-weight: 400\">que tal seguir a FSFX no Instagram<\/span><\/a><span style=\"font-weight: 400\"> para mais dicas e informa\u00e7\u00f5es de sa\u00fade!<\/span><\/p>\n<p><b>Refer\u00eancias<\/b><\/p>\n<p><span style=\"font-weight: 400\">GOVERNO DO ESTADO DA BAHIA. <\/span><b>Dia Mundial sem Tabaco alerta sobre doen\u00e7as e mortes evit\u00e1veis relacionadas ao tabagismo. <\/b><span style=\"font-weight: 400\">2021.<\/span> <span style=\"font-weight: 400\">Dispon\u00edvel em: &lt;<\/span><a href=\"http:\/\/www.saude.ba.gov.br\/2021\/05\/28\/dia-mundial-sem-tabaco-alerta-sobre-doencas-e-mortes-evitaveis-relacionadas-ao-tabagismo\/\"><span style=\"font-weight: 400\">http:\/\/www.saude.ba.gov.br\/2021\/05\/28\/dia-mundial-sem-tabaco-alerta-sobre-doencas-e-mortes-evitaveis-relacionadas-ao-tabagismo\/<\/span><\/a><span style=\"font-weight: 400\">&gt; Acesso em: 04 de Mai. 2022.<\/span><\/p>\n<p><span style=\"font-weight: 400\">INSTITUTO NACIONAL DE C\u00c2NCER (INCA). <\/span><b>Como o tabagismo passivo afeta a sa\u00fade?<\/b><span style=\"font-weight: 400\">. 2021. Dispon\u00edvel em: &lt;<\/span><a href=\"https:\/\/www.inca.gov.br\/en\/node\/1737\"><span style=\"font-weight: 400\">https:\/\/www.inca.gov.br\/en\/node\/1737<\/span><\/a><span style=\"font-weight: 400\">&gt; Acesso em: 04 de Mai. 2022.<\/span><\/p>\n<p><span style=\"font-weight: 400\">INSTITUTO NACIONAL DE C\u00c2NCER (INCA). <\/span><b>Comprometa-se a parar de fumar. <\/b><span style=\"font-weight: 400\">2021. Dispon\u00edvel em: &lt;<\/span><a href=\"https:\/\/www.inca.gov.br\/campanhas\/dia-mundial-sem-tabaco\/2021\/comprometa-se-parar-de-fumar\"><span style=\"font-weight: 400\">https:\/\/www.inca.gov.br\/campanhas\/dia-mundial-sem-tabaco\/2021\/comprometa-se-parar-de-fumar<\/span><\/a><span style=\"font-weight: 400\">&gt; Acesso em: 04 de Mai. 2022.\u00a0<\/span><\/p>\n<p><span style=\"font-weight: 400\">INSTITUTO NACIONAL DE C\u00c2NCER (INCA). <\/span><b>Doen\u00e7as relacionadas ao tabagismo. <\/b><span style=\"font-weight: 400\">2021. Dispon\u00edvel em: &lt;<\/span><a href=\"https:\/\/www.inca.gov.br\/en\/node\/1413\"><span style=\"font-weight: 400\">https:\/\/www.inca.gov.br\/en\/node\/1413<\/span><\/a><span style=\"font-weight: 400\">&gt; Acesso em: 04 de Mai. 2022.<\/span><\/p>\n<p><span style=\"font-weight: 400\">INSTITUTO NACIONAL DE C\u00c2NCER (INCA). <\/span><b>Perguntas frequentes. <\/b><span style=\"font-weight: 400\">2021. Dispon\u00edvel em: &lt;<\/span><a href=\"https:\/\/www.inca.gov.br\/perguntas-frequentes\/quais-sao-doencas-causadas-pelo-uso-cigarro-e-outros-produtos-derivados-tabaco\"><span style=\"font-weight: 400\">https:\/\/www.inca.gov.br\/perguntas-frequentes\/quais-sao-doencas-causadas-pelo-uso-cigarro-e-outros-produtos-derivados-tabaco<\/span><\/a><span style=\"font-weight: 400\">&gt; Acesso em: 04 de Mai. 2022.<\/span><\/p>\n<p><span style=\"font-weight: 400\">INSTITUTO NACIONAL DE C\u00c2NCER (INCA). <\/span><b>Tabaco e doen\u00e7as cardiovasculares. <\/b><span style=\"font-weight: 400\">2018. Dispon\u00edvel em: &lt;<\/span><a href=\"https:\/\/www.inca.gov.br\/campanhas\/dia-mundial-sem-tabaco\/2018\/tabaco-e-doencas-cardiovasculares\"><span style=\"font-weight: 400\">https:\/\/www.inca.gov.br\/campanhas\/dia-mundial-sem-tabaco\/2018\/tabaco-e-doencas-cardiovasculares<\/span><\/a><span style=\"font-weight: 400\">&gt; Acesso em: 04 de Mai. 2022.\u00a0<\/span><\/p>\n<p><span style=\"font-weight: 400\">INSTITUTO NACIONAL DE C\u00c2NCER (INCA). <\/span><b>Tabaco e sa\u00fade pulmonar. <\/b><span style=\"font-weight: 400\">2021. Dispon\u00edvel em: &lt;<\/span><a href=\"https:\/\/www.inca.gov.br\/campanhas\/dia-mundial-sem-tabaco\/2019\/tabaco-e-saude-pulmonar\"><span style=\"font-weight: 400\">https:\/\/www.inca.gov.br\/campanhas\/dia-mundial-sem-tabaco\/2019\/tabaco-e-saude-pulmonar<\/span><\/a><span style=\"font-weight: 400\">&gt; Acesso em: 04 de Mai. 2022.\u00a0<\/span><\/p>\n<p><span style=\"font-weight: 400\">INSTITUTO NACIONAL DE C\u00c2NCER (INCA). <\/span><b>Tabagismo. <\/b><span style=\"font-weight: 400\">2022. Dispon\u00edvel em: &lt;<\/span><a href=\"https:\/\/www.inca.gov.br\/tabagismo\"><span style=\"font-weight: 400\">https:\/\/www.inca.gov.br\/tabagismo<\/span><\/a><span style=\"font-weight: 400\">&gt;\u00a0 Acesso em: 04 de Mai. 2022.<\/span><\/p>\n<p><span style=\"font-weight: 400\">INSTITUTO NACIONAL DE C\u00c2NCER (INCA). <\/span><b>Tabagismo passivo. <\/b><span style=\"font-weight: 400\">2022.<\/span> <span style=\"font-weight: 400\">Dispon\u00edvel em: &lt;<\/span><a href=\"https:\/\/www.inca.gov.br\/tabagismo\/tabagismo-passivo\"><span style=\"font-weight: 400\">https:\/\/www.inca.gov.br\/tabagismo\/tabagismo-passivo<\/span><\/a><span style=\"font-weight: 400\">&gt; Acesso em: 04 de Mai. 2022.<\/span><\/p>\n<p><span style=\"font-weight: 400\">MINIST\u00c9RIO DA SA\u00daDE. <\/span><b>Comprometa-se a parar de fumar hoje!\u201d 31\/5 \u2013 Dia Mundial Sem Tabaco.<\/b><span style=\"font-weight: 400\"> 2021.<\/span> <span style=\"font-weight: 400\">Dispon\u00edvel em: &lt;<\/span><a href=\"https:\/\/bvsms.saude.gov.br\/comprometa-se-a-parar-de-fumar-hoje-31-5-dia-mundial-sem-tabaco\/\"><span style=\"font-weight: 400\">https:\/\/bvsms.saude.gov.br\/comprometa-se-a-parar-de-fumar-hoje-31-5-dia-mundial-sem-tabaco\/<\/span><\/a><span style=\"font-weight: 400\">&gt; Acesso em: 04 de Mai. 2022.<\/span><\/p>\n<p><span style=\"font-weight: 400\">MINIST\u00c9RIO DA SA\u00daDE. <\/span><b>Tabagismo<\/b><span style=\"font-weight: 400\">.<\/span> <span style=\"font-weight: 400\">2021. Dispon\u00edvel em: &lt;<\/span><a href=\"https:\/\/bvsms.saude.gov.br\/tabagismo-13\/\"><span style=\"font-weight: 400\">https:\/\/bvsms.saude.gov.br\/tabagismo-13\/<\/span><\/a><span style=\"font-weight: 400\">&gt; Acesso em: 04 de Mai. 2022.<\/span><\/p>\n<p><span style=\"font-weight: 400\">MINIST\u00c9RIO DA SA\u00daDE. <\/span><b>Tabagismo passivo: Voc\u00ea conhece os riscos?.<\/b><span style=\"font-weight: 400\"> 2021. Dispon\u00edvel em: &lt;<\/span><a href=\"https:\/\/bvsms.saude.gov.br\/tabagismo-passivo-voce-conhece-os-riscos\/\"><span style=\"font-weight: 400\">https:\/\/bvsms.saude.gov.br\/tabagismo-passivo-voce-conhece-os-riscos\/<\/span><\/a><span style=\"font-weight: 400\">&gt; Acesso em: 04 de Mai. 2022.<\/span><\/p>\n","protected":false},"excerpt":{"rendered":"<p>Conte\u00fado atualizado em: 31\/05\/2022 Tempo de leitura: 5 minutos.\u00a0 Nos \u00faltimos anos, temos observado uma queda significativa do n\u00famero de tabagistas no Brasil, gra\u00e7as \u00e0s v\u00e1rias a\u00e7\u00f5es do Minist\u00e9rio da Sa\u00fade e dos meios de comunica\u00e7\u00e3o. Apesar da boa not\u00edcia, voc\u00ea pode ser o que chamamos de \u201cfumantes passivos\u201d. A inala\u00e7\u00e3o da fuma\u00e7a do cigarro [&hellip;]<\/p>\n","protected":false},"author":9,"featured_media":4412,"comment_status":"open","ping_status":"open","sticky":false,"template":"","format":"standard","meta":{"_acf_changed":false,"site-sidebar-layout":"default","site-content-layout":"","ast-site-content-layout":"default","site-content-style":"default","site-sidebar-style":"default","ast-global-header-display":"","ast-banner-title-visibility":"","ast-main-header-display":"","ast-hfb-above-header-display":"","ast-hfb-below-header-display":"","ast-hfb-mobile-header-display":"","site-post-title":"","ast-breadcrumbs-content":"","ast-featured-img":"","footer-sml-layout":"","theme-transparent-header-meta":"","adv-header-id-meta":"","stick-header-meta":"","header-above-stick-meta":"","header-main-stick-meta":"","header-below-stick-meta":"","astra-migrate-meta-layouts":"default","ast-page-background-enabled":"default","ast-page-background-meta":{"desktop":{"background-color":"var(--ast-global-color-4)","background-image":"","background-repeat":"repeat","background-position":"center center","background-size":"auto","background-attachment":"scroll","background-type":"","background-media":"","overlay-type":"","overlay-color":"","overlay-opacity":"","overlay-gradient":""},"tablet":{"background-color":"","background-image":"","background-repeat":"repeat","background-position":"center center","background-size":"auto","background-attachment":"scroll","background-type":"","background-media":"","overlay-type":"","overlay-color":"","overlay-opacity":"","overlay-gradient":""},"mobile":{"background-color":"","background-image":"","background-repeat":"repeat","background-position":"center center","background-size":"auto","background-attachment":"scroll","background-type":"","background-media":"","overlay-type":"","overlay-color":"","overlay-opacity":"","overlay-gradient":""}},"ast-content-background-meta":{"desktop":{"background-color":"var(--ast-global-color-5)","background-image":"","background-repeat":"repeat","background-position":"center center","background-size":"auto","background-attachment":"scroll","background-type":"","background-media":"","overlay-type":"","overlay-color":"","overlay-opacity":"","overlay-gradient":""},"tablet":{"background-color":"var(--ast-global-color-5)","background-image":"","background-repeat":"repeat","background-position":"center center","background-size":"auto","background-attachment":"scroll","background-type":"","background-media":"","overlay-type":"","overlay-color":"","overlay-opacity":"","overlay-gradient":""},"mobile":{"background-color":"var(--ast-global-color-5)","background-image":"","background-repeat":"repeat","background-position":"center center","background-size":"auto","background-attachment":"scroll","background-type":"","background-media":"","overlay-type":"","overlay-color":"","overlay-opacity":"","overlay-gradient":""}},"footnotes":""},"categories":[1],"tags":[202,218,116],"class_list":["post-3437","post","type-post","status-publish","format-standard","has-post-thumbnail","hentry","category-noticias","tag-cigarro","tag-fumantes-passivos","tag-tabagismo"],"acf":[],"yoast_head":"<!-- This site is optimized with the Yoast SEO plugin v26.9 - https:\/\/yoast.com\/product\/yoast-seo-wordpress\/ -->\n<title>Fumantes passivos: Conhe\u00e7a quais s\u00e3o os principais riscos e como se prevenir - Usisa\u00fade<\/title>\n<meta name=\"description\" content=\"Conhe\u00e7a os riscos em que os fumantes passivos s\u00e3o expostos e saiba como evitar os males do cigarro.\" \/>\n<meta name=\"robots\" content=\"index, follow, max-snippet:-1, max-image-preview:large, max-video-preview:-1\" \/>\n<link rel=\"canonical\" href=\"https:\/\/www.fsfx.com.br\/usisaude\/fumantes-passivos\/\" \/>\n<meta property=\"og:locale\" content=\"pt_BR\" \/>\n<meta property=\"og:type\" content=\"article\" \/>\n<meta property=\"og:title\" content=\"Fumantes passivos: Conhe\u00e7a quais s\u00e3o os principais riscos e como se prevenir - Usisa\u00fade\" \/>\n<meta property=\"og:description\" content=\"Conhe\u00e7a os riscos em que os fumantes passivos s\u00e3o expostos e saiba como evitar os males do cigarro.\" \/>\n<meta property=\"og:url\" content=\"https:\/\/www.fsfx.com.br\/usisaude\/fumantes-passivos\/\" \/>\n<meta property=\"og:site_name\" content=\"Usisa\u00fade\" \/>\n<meta property=\"article:published_time\" content=\"2017-09-11T09:00:09+00:00\" \/>\n<meta property=\"article:modified_time\" content=\"2024-09-12T18:08:20+00:00\" \/>\n<meta property=\"og:image\" content=\"https:\/\/www.fsfx.com.br\/usisaude\/wp-content\/uploads\/sites\/6\/2016\/01\/ASMA-NA-INFANCIA2.jpg\" \/>\n\t<meta property=\"og:image:width\" content=\"1500\" \/>\n\t<meta property=\"og:image:height\" content=\"1000\" \/>\n\t<meta property=\"og:image:type\" content=\"image\/jpeg\" \/>\n<meta name=\"twitter:card\" content=\"summary_large_image\" \/>\n<meta name=\"twitter:label1\" content=\"Escrito por\" \/>\n\t<meta name=\"twitter:data1\" content=\"\" \/>\n\t<meta name=\"twitter:label2\" content=\"Est. tempo de leitura\" \/>\n\t<meta name=\"twitter:data2\" content=\"7 minutos\" \/>\n<script type=\"application\/ld+json\" class=\"yoast-schema-graph\">{\"@context\":\"https:\/\/schema.org\",\"@graph\":[{\"@type\":\"Article\",\"@id\":\"https:\/\/www.fsfx.com.br\/usisaude\/fumantes-passivos\/#article\",\"isPartOf\":{\"@id\":\"https:\/\/www.fsfx.com.br\/usisaude\/fumantes-passivos\/\"},\"author\":{\"name\":\"\",\"@id\":\"\"},\"headline\":\"Fumantes passivos: Conhe\u00e7a quais s\u00e3o os principais riscos e como se prevenir\",\"datePublished\":\"2017-09-11T09:00:09+00:00\",\"dateModified\":\"2024-09-12T18:08:20+00:00\",\"mainEntityOfPage\":{\"@id\":\"https:\/\/www.fsfx.com.br\/usisaude\/fumantes-passivos\/\"},\"wordCount\":1351,\"commentCount\":0,\"publisher\":{\"@id\":\"https:\/\/www.fsfx.com.br\/usisaude\/#organization\"},\"image\":{\"@id\":\"https:\/\/www.fsfx.com.br\/usisaude\/fumantes-passivos\/#primaryimage\"},\"thumbnailUrl\":\"https:\/\/www.fsfx.com.br\/usisaude\/wp-content\/uploads\/sites\/6\/2016\/01\/ASMA-NA-INFANCIA2.jpg\",\"keywords\":[\"cigarro\",\"fumantes passivos\",\"tabagismo\"],\"articleSection\":[\"Not\u00edcias\"],\"inLanguage\":\"pt-BR\",\"potentialAction\":[{\"@type\":\"CommentAction\",\"name\":\"Comment\",\"target\":[\"https:\/\/www.fsfx.com.br\/usisaude\/fumantes-passivos\/#respond\"]}]},{\"@type\":\"WebPage\",\"@id\":\"https:\/\/www.fsfx.com.br\/usisaude\/fumantes-passivos\/\",\"url\":\"https:\/\/www.fsfx.com.br\/usisaude\/fumantes-passivos\/\",\"name\":\"Fumantes passivos: Conhe\u00e7a quais s\u00e3o os principais riscos e como se prevenir - Usisa\u00fade\",\"isPartOf\":{\"@id\":\"https:\/\/www.fsfx.com.br\/usisaude\/#website\"},\"primaryImageOfPage\":{\"@id\":\"https:\/\/www.fsfx.com.br\/usisaude\/fumantes-passivos\/#primaryimage\"},\"image\":{\"@id\":\"https:\/\/www.fsfx.com.br\/usisaude\/fumantes-passivos\/#primaryimage\"},\"thumbnailUrl\":\"https:\/\/www.fsfx.com.br\/usisaude\/wp-content\/uploads\/sites\/6\/2016\/01\/ASMA-NA-INFANCIA2.jpg\",\"datePublished\":\"2017-09-11T09:00:09+00:00\",\"dateModified\":\"2024-09-12T18:08:20+00:00\",\"description\":\"Conhe\u00e7a os riscos em que os fumantes passivos s\u00e3o expostos e saiba como evitar os males do cigarro.\",\"breadcrumb\":{\"@id\":\"https:\/\/www.fsfx.com.br\/usisaude\/fumantes-passivos\/#breadcrumb\"},\"inLanguage\":\"pt-BR\",\"potentialAction\":[{\"@type\":\"ReadAction\",\"target\":[\"https:\/\/www.fsfx.com.br\/usisaude\/fumantes-passivos\/\"]}]},{\"@type\":\"ImageObject\",\"inLanguage\":\"pt-BR\",\"@id\":\"https:\/\/www.fsfx.com.br\/usisaude\/fumantes-passivos\/#primaryimage\",\"url\":\"https:\/\/www.fsfx.com.br\/usisaude\/wp-content\/uploads\/sites\/6\/2016\/01\/ASMA-NA-INFANCIA2.jpg\",\"contentUrl\":\"https:\/\/www.fsfx.com.br\/usisaude\/wp-content\/uploads\/sites\/6\/2016\/01\/ASMA-NA-INFANCIA2.jpg\",\"width\":1500,\"height\":1000},{\"@type\":\"BreadcrumbList\",\"@id\":\"https:\/\/www.fsfx.com.br\/usisaude\/fumantes-passivos\/#breadcrumb\",\"itemListElement\":[{\"@type\":\"ListItem\",\"position\":1,\"name\":\"In\u00edcio\",\"item\":\"https:\/\/www.fsfx.com.br\/usisaude\/\"},{\"@type\":\"ListItem\",\"position\":2,\"name\":\"Fumantes passivos: Conhe\u00e7a quais s\u00e3o os principais riscos e como se prevenir\"}]},{\"@type\":\"WebSite\",\"@id\":\"https:\/\/www.fsfx.com.br\/usisaude\/#website\",\"url\":\"https:\/\/www.fsfx.com.br\/usisaude\/\",\"name\":\"Usisa\u00fade\",\"description\":\"Somos a Usisa\u00fade, uma operadora de planos de sa\u00fade da Funda\u00e7\u00e3o S\u00e3o Francisco Xavier (FSFX), a maior em modalidade filantr\u00f3pica do pa\u00eds.\",\"publisher\":{\"@id\":\"https:\/\/www.fsfx.com.br\/usisaude\/#organization\"},\"potentialAction\":[{\"@type\":\"SearchAction\",\"target\":{\"@type\":\"EntryPoint\",\"urlTemplate\":\"https:\/\/www.fsfx.com.br\/usisaude\/?s={search_term_string}\"},\"query-input\":{\"@type\":\"PropertyValueSpecification\",\"valueRequired\":true,\"valueName\":\"search_term_string\"}}],\"inLanguage\":\"pt-BR\"},{\"@type\":\"Organization\",\"@id\":\"https:\/\/www.fsfx.com.br\/usisaude\/#organization\",\"name\":\"Usisa\u00fade\",\"url\":\"https:\/\/www.fsfx.com.br\/usisaude\/\",\"logo\":{\"@type\":\"ImageObject\",\"inLanguage\":\"pt-BR\",\"@id\":\"https:\/\/www.fsfx.com.br\/usisaude\/#\/schema\/logo\/image\/\",\"url\":\"https:\/\/www.fsfx.com.br\/usisaude\/wp-content\/uploads\/sites\/6\/2022\/03\/logo-ususaude-1.svg\",\"contentUrl\":\"https:\/\/www.fsfx.com.br\/usisaude\/wp-content\/uploads\/sites\/6\/2022\/03\/logo-ususaude-1.svg\",\"width\":445,\"height\":196,\"caption\":\"Usisa\u00fade\"},\"image\":{\"@id\":\"https:\/\/www.fsfx.com.br\/usisaude\/#\/schema\/logo\/image\/\"}},{\"@type\":\"Person\",\"@id\":\"\",\"url\":\"https:\/\/www.fsfx.com.br\/usisaude\/author\/\"}]}<\/script>\n<!-- \/ Yoast SEO plugin. -->","yoast_head_json":{"title":"Fumantes passivos: Conhe\u00e7a quais s\u00e3o os principais riscos e como se prevenir - Usisa\u00fade","description":"Conhe\u00e7a os riscos em que os fumantes passivos s\u00e3o expostos e saiba como evitar os males do cigarro.","robots":{"index":"index","follow":"follow","max-snippet":"max-snippet:-1","max-image-preview":"max-image-preview:large","max-video-preview":"max-video-preview:-1"},"canonical":"https:\/\/www.fsfx.com.br\/usisaude\/fumantes-passivos\/","og_locale":"pt_BR","og_type":"article","og_title":"Fumantes passivos: Conhe\u00e7a quais s\u00e3o os principais riscos e como se prevenir - Usisa\u00fade","og_description":"Conhe\u00e7a os riscos em que os fumantes passivos s\u00e3o expostos e saiba como evitar os males do cigarro.","og_url":"https:\/\/www.fsfx.com.br\/usisaude\/fumantes-passivos\/","og_site_name":"Usisa\u00fade","article_published_time":"2017-09-11T09:00:09+00:00","article_modified_time":"2024-09-12T18:08:20+00:00","og_image":[{"width":1500,"height":1000,"url":"https:\/\/www.fsfx.com.br\/usisaude\/wp-content\/uploads\/sites\/6\/2016\/01\/ASMA-NA-INFANCIA2.jpg","type":"image\/jpeg"}],"twitter_card":"summary_large_image","twitter_misc":{"Escrito por":"","Est. tempo de leitura":"7 minutos"},"schema":{"@context":"https:\/\/schema.org","@graph":[{"@type":"Article","@id":"https:\/\/www.fsfx.com.br\/usisaude\/fumantes-passivos\/#article","isPartOf":{"@id":"https:\/\/www.fsfx.com.br\/usisaude\/fumantes-passivos\/"},"author":{"name":"","@id":""},"headline":"Fumantes passivos: Conhe\u00e7a quais s\u00e3o os principais riscos e como se prevenir","datePublished":"2017-09-11T09:00:09+00:00","dateModified":"2024-09-12T18:08:20+00:00","mainEntityOfPage":{"@id":"https:\/\/www.fsfx.com.br\/usisaude\/fumantes-passivos\/"},"wordCount":1351,"commentCount":0,"publisher":{"@id":"https:\/\/www.fsfx.com.br\/usisaude\/#organization"},"image":{"@id":"https:\/\/www.fsfx.com.br\/usisaude\/fumantes-passivos\/#primaryimage"},"thumbnailUrl":"https:\/\/www.fsfx.com.br\/usisaude\/wp-content\/uploads\/sites\/6\/2016\/01\/ASMA-NA-INFANCIA2.jpg","keywords":["cigarro","fumantes passivos","tabagismo"],"articleSection":["Not\u00edcias"],"inLanguage":"pt-BR","potentialAction":[{"@type":"CommentAction","name":"Comment","target":["https:\/\/www.fsfx.com.br\/usisaude\/fumantes-passivos\/#respond"]}]},{"@type":"WebPage","@id":"https:\/\/www.fsfx.com.br\/usisaude\/fumantes-passivos\/","url":"https:\/\/www.fsfx.com.br\/usisaude\/fumantes-passivos\/","name":"Fumantes passivos: Conhe\u00e7a quais s\u00e3o os principais riscos e como se prevenir - Usisa\u00fade","isPartOf":{"@id":"https:\/\/www.fsfx.com.br\/usisaude\/#website"},"primaryImageOfPage":{"@id":"https:\/\/www.fsfx.com.br\/usisaude\/fumantes-passivos\/#primaryimage"},"image":{"@id":"https:\/\/www.fsfx.com.br\/usisaude\/fumantes-passivos\/#primaryimage"},"thumbnailUrl":"https:\/\/www.fsfx.com.br\/usisaude\/wp-content\/uploads\/sites\/6\/2016\/01\/ASMA-NA-INFANCIA2.jpg","datePublished":"2017-09-11T09:00:09+00:00","dateModified":"2024-09-12T18:08:20+00:00","description":"Conhe\u00e7a os riscos em que os fumantes passivos s\u00e3o expostos e saiba como evitar os males do cigarro.","breadcrumb":{"@id":"https:\/\/www.fsfx.com.br\/usisaude\/fumantes-passivos\/#breadcrumb"},"inLanguage":"pt-BR","potentialAction":[{"@type":"ReadAction","target":["https:\/\/www.fsfx.com.br\/usisaude\/fumantes-passivos\/"]}]},{"@type":"ImageObject","inLanguage":"pt-BR","@id":"https:\/\/www.fsfx.com.br\/usisaude\/fumantes-passivos\/#primaryimage","url":"https:\/\/www.fsfx.com.br\/usisaude\/wp-content\/uploads\/sites\/6\/2016\/01\/ASMA-NA-INFANCIA2.jpg","contentUrl":"https:\/\/www.fsfx.com.br\/usisaude\/wp-content\/uploads\/sites\/6\/2016\/01\/ASMA-NA-INFANCIA2.jpg","width":1500,"height":1000},{"@type":"BreadcrumbList","@id":"https:\/\/www.fsfx.com.br\/usisaude\/fumantes-passivos\/#breadcrumb","itemListElement":[{"@type":"ListItem","position":1,"name":"In\u00edcio","item":"https:\/\/www.fsfx.com.br\/usisaude\/"},{"@type":"ListItem","position":2,"name":"Fumantes passivos: Conhe\u00e7a quais s\u00e3o os principais riscos e como se prevenir"}]},{"@type":"WebSite","@id":"https:\/\/www.fsfx.com.br\/usisaude\/#website","url":"https:\/\/www.fsfx.com.br\/usisaude\/","name":"Usisa\u00fade","description":"Somos a Usisa\u00fade, uma operadora de planos de sa\u00fade da Funda\u00e7\u00e3o S\u00e3o Francisco Xavier (FSFX), a maior em modalidade filantr\u00f3pica do pa\u00eds.","publisher":{"@id":"https:\/\/www.fsfx.com.br\/usisaude\/#organization"},"potentialAction":[{"@type":"SearchAction","target":{"@type":"EntryPoint","urlTemplate":"https:\/\/www.fsfx.com.br\/usisaude\/?s={search_term_string}"},"query-input":{"@type":"PropertyValueSpecification","valueRequired":true,"valueName":"search_term_string"}}],"inLanguage":"pt-BR"},{"@type":"Organization","@id":"https:\/\/www.fsfx.com.br\/usisaude\/#organization","name":"Usisa\u00fade","url":"https:\/\/www.fsfx.com.br\/usisaude\/","logo":{"@type":"ImageObject","inLanguage":"pt-BR","@id":"https:\/\/www.fsfx.com.br\/usisaude\/#\/schema\/logo\/image\/","url":"https:\/\/www.fsfx.com.br\/usisaude\/wp-content\/uploads\/sites\/6\/2022\/03\/logo-ususaude-1.svg","contentUrl":"https:\/\/www.fsfx.com.br\/usisaude\/wp-content\/uploads\/sites\/6\/2022\/03\/logo-ususaude-1.svg","width":445,"height":196,"caption":"Usisa\u00fade"},"image":{"@id":"https:\/\/www.fsfx.com.br\/usisaude\/#\/schema\/logo\/image\/"}},{"@type":"Person","@id":"","url":"https:\/\/www.fsfx.com.br\/usisaude\/author\/"}]}},"_links":{"self":[{"href":"https:\/\/www.fsfx.com.br\/usisaude\/wp-json\/wp\/v2\/posts\/3437","targetHints":{"allow":["GET"]}}],"collection":[{"href":"https:\/\/www.fsfx.com.br\/usisaude\/wp-json\/wp\/v2\/posts"}],"about":[{"href":"https:\/\/www.fsfx.com.br\/usisaude\/wp-json\/wp\/v2\/types\/post"}],"author":[{"embeddable":true,"href":"https:\/\/www.fsfx.com.br\/usisaude\/wp-json\/wp\/v2\/users\/9"}],"replies":[{"embeddable":true,"href":"https:\/\/www.fsfx.com.br\/usisaude\/wp-json\/wp\/v2\/comments?post=3437"}],"version-history":[{"count":1,"href":"https:\/\/www.fsfx.com.br\/usisaude\/wp-json\/wp\/v2\/posts\/3437\/revisions"}],"predecessor-version":[{"id":10789,"href":"https:\/\/www.fsfx.com.br\/usisaude\/wp-json\/wp\/v2\/posts\/3437\/revisions\/10789"}],"wp:featuredmedia":[{"embeddable":true,"href":"https:\/\/www.fsfx.com.br\/usisaude\/wp-json\/wp\/v2\/media\/4412"}],"wp:attachment":[{"href":"https:\/\/www.fsfx.com.br\/usisaude\/wp-json\/wp\/v2\/media?parent=3437"}],"wp:term":[{"taxonomy":"category","embeddable":true,"href":"https:\/\/www.fsfx.com.br\/usisaude\/wp-json\/wp\/v2\/categories?post=3437"},{"taxonomy":"post_tag","embeddable":true,"href":"https:\/\/www.fsfx.com.br\/usisaude\/wp-json\/wp\/v2\/tags?post=3437"}],"curies":[{"name":"wp","href":"https:\/\/api.w.org\/{rel}","templated":true}]}}