{"id":3451,"date":"2017-10-16T08:00:26","date_gmt":"2017-10-16T08:00:26","guid":{"rendered":"http:\/\/www.fsfx.com.br\/atituderimacomsaude\/?p=3451"},"modified":"2024-09-12T15:08:19","modified_gmt":"2024-09-12T18:08:19","slug":"cinco-exercicios-para-ativar-memoria-em-idosos","status":"publish","type":"post","link":"https:\/\/www.fsfx.com.br\/usisaude\/cinco-exercicios-para-ativar-memoria-em-idosos\/","title":{"rendered":"Cinco exerc\u00edcios para ativar a mem\u00f3ria em idosos"},"content":{"rendered":"<p>\u00c0 medida que o tempo passa, a nossa capacidade cognitiva e de memoriza\u00e7\u00e3o diminui devido a v\u00e1rios fatores. As doen\u00e7as ligadas \u00e0 perda de mem\u00f3ria, como o Alzheimer, causam receio em boa parte das pessoas, pois limitam a independ\u00eancia do indiv\u00edduo e causam grande sofrimento para a fam\u00edlia. Por\u00e9m, outros fatores associados \u00e0 vida contempor\u00e2nea tamb\u00e9m podem provocar falhas constantes de mem\u00f3ria. \u00c9 o caso da depress\u00e3o, da ansiedade e do estresse.<\/p>\n<p>Para manter a mente em boa forma e estimular as mem\u00f3rias de curto e longo prazo, h\u00e1 alguns jogos e exerc\u00edcios que estimulam o poder de concentra\u00e7\u00e3o e de foco, e ativa\u00a0a mem\u00f3ria. \u00c9 importante destacar que, paralelamente \u00e0 pr\u00e1tica desses exerc\u00edcios para melhorar a reten\u00e7\u00e3o de informa\u00e7\u00f5es\u00a0\u00e9 fundamental estimular as rela\u00e7\u00f5es afetivas. Nesse sentido, a presen\u00e7a e o apoio de familiares e amigos \u00e9 essencial.<\/p>\n<p><strong>Palavras cruzadas e sudoku<\/strong><\/p>\n<p>Trata-se de dois dos exerc\u00edcios mais efetivos para a ativa\u00e7\u00e3o da mem\u00f3ria. A Funda\u00e7\u00e3o de Assist\u00eancia \u00e0 Sa\u00fade dos Estados Unidos recomenda o Sudoku para exercitar o c\u00e9rebro, auxiliando o ganho de mem\u00f3ria e aperfei\u00e7oando as fun\u00e7\u00f5es cognitivas. Para quem nunca jogou, o Sudoku se assemelha \u00e0s palavras cruzadas, mas utiliza n\u00fameros ao inv\u00e9s de letras. \u00c9 um desafio de racioc\u00ednio l\u00f3gico e requer a resolu\u00e7\u00e3o de opera\u00e7\u00f5es matem\u00e1ticas elementares. Podemos encontrar esse jogo em jornais, revistas ou publica\u00e7\u00f5es especializadas vendidas em bancas e livrarias.<\/p>\n<p><strong>Utilizar os cinco sentidos<\/strong><\/p>\n<p>Uma forma de incentivar as fun\u00e7\u00f5es do c\u00e9rebro \u00e9 por meio da estimula\u00e7\u00e3o sensorial, o que envolve os cinco sentidos em experi\u00eancias que \u201cacordam\u201d a mente. Ouvir uma bela can\u00e7\u00e3o, provar um prato delicioso, observar uma bela paisagem, tocar uma superf\u00edcie incrivelmente macia ou acender uma vela arom\u00e1tica que propague um perfume suave s\u00e3o a\u00e7\u00f5es que provocam grande atividade cerebral, promovendo a mem\u00f3ria e a aten\u00e7\u00e3o.<\/p>\n<p><strong>Jogos de cartas<\/strong><\/p>\n<p>De acordo com a Academia Norte-Americana de Neurologia, jogos de cartas como p\u00f4quer, buraco e paci\u00eancia exercitam o c\u00e9rebro e podem retardar a perda de mem\u00f3ria,\u00a0mantendo a vitalidade mental.<\/p>\n<p><strong>Xadrez<\/strong><\/p>\n<p>Para a Universidade de Michigan, o xadrez \u00e9 um jogo de estrat\u00e9gia que pode impulsionar a mem\u00f3ria e a habilidade cognitiva. Qualquer desafio que envolve estrat\u00e9gia exercita o c\u00e9rebro, que necessita de est\u00edmulos di\u00e1rios para se manter em forma.<\/p>\n<p><strong>\u00a0<\/strong><\/p>\n<p><strong>Leitura<\/strong><\/p>\n<p>A leitura cotidiana exercita o c\u00e9rebro e o ajuda na preserva\u00e7\u00e3o da mem\u00f3ria vocabular. Ler jornais, livros ou revistas auxilia a impulsionar a atividade mental. Um estudo conduzido pelo Dr. Yonas Geda, um neuropsiquiatra norte-americano, revelou que a pr\u00e1tica de leitura pode prever futuras perdas de mem\u00f3ria. O mesmo trabalho, publicado em 2009, mostrou que idosos que se interessam por jogos, trabalham com computadores ou fazem artesanato, como cer\u00e2mica, apresentam perdas de mem\u00f3ria entre 30% e 50% menores quando comparados \u00e0queles que n\u00e3o praticam essas atividades.<\/p>\n<p>As falhas de mem\u00f3ria podem surgir a qualquer tempo. Portanto, os exerc\u00edcios que ajudam a manter o c\u00e9rebro em forma podem (e devem) ser praticados por pessoas de todas as idades. Assim, a possibilidade de chegar \u00e0 terceira idade e manter boa qualidade de vida aumenta<span style=\"text-decoration: line-through\">m <\/span>bastante. Agora que voc\u00ea chegou ao final deste artigo, que tal uma partidinha de xadrez?<\/p>\n<p>Confira outras dicas para a sa\u00fade e o bem-estar da pessoa idosa clicando <a href=\"http:\/\/www.fsfx.com.br\/atituderimacomsaude\/2016\/03\/14\/atividade-fisica-na-terceira-idade\/\">aqui<\/a> e <a href=\"http:\/\/www.fsfx.com.br\/atituderimacomsaude\/2016\/05\/13\/saude-dos-olhos-na-terceira-idade\/\">aqui<\/a>.<\/p>\n","protected":false},"excerpt":{"rendered":"<p>\u00c0 medida que o tempo passa, a nossa capacidade cognitiva e de memoriza\u00e7\u00e3o diminui devido a v\u00e1rios fatores. As doen\u00e7as ligadas \u00e0 perda de mem\u00f3ria, como o Alzheimer, causam receio em boa parte das pessoas, pois limitam a independ\u00eancia do indiv\u00edduo e causam grande sofrimento para a fam\u00edlia. Por\u00e9m, outros fatores associados \u00e0 vida contempor\u00e2nea [&hellip;]<\/p>\n","protected":false},"author":9,"featured_media":3454,"comment_status":"open","ping_status":"open","sticky":false,"template":"","format":"standard","meta":{"_acf_changed":false,"site-sidebar-layout":"default","site-content-layout":"","ast-site-content-layout":"default","site-content-style":"default","site-sidebar-style":"default","ast-global-header-display":"","ast-banner-title-visibility":"","ast-main-header-display":"","ast-hfb-above-header-display":"","ast-hfb-below-header-display":"","ast-hfb-mobile-header-display":"","site-post-title":"","ast-breadcrumbs-content":"","ast-featured-img":"","footer-sml-layout":"","theme-transparent-header-meta":"","adv-header-id-meta":"","stick-header-meta":"","header-above-stick-meta":"","header-main-stick-meta":"","header-below-stick-meta":"","astra-migrate-meta-layouts":"default","ast-page-background-enabled":"default","ast-page-background-meta":{"desktop":{"background-color":"var(--ast-global-color-4)","background-image":"","background-repeat":"repeat","background-position":"center center","background-size":"auto","background-attachment":"scroll","background-type":"","background-media":"","overlay-type":"","overlay-color":"","overlay-opacity":"","overlay-gradient":""},"tablet":{"background-color":"","background-image":"","background-repeat":"repeat","background-position":"center center","background-size":"auto","background-attachment":"scroll","background-type":"","background-media":"","overlay-type":"","overlay-color":"","overlay-opacity":"","overlay-gradient":""},"mobile":{"background-color":"","background-image":"","background-repeat":"repeat","background-position":"center center","background-size":"auto","background-attachment":"scroll","background-type":"","background-media":"","overlay-type":"","overlay-color":"","overlay-opacity":"","overlay-gradient":""}},"ast-content-background-meta":{"desktop":{"background-color":"var(--ast-global-color-5)","background-image":"","background-repeat":"repeat","background-position":"center center","background-size":"auto","background-attachment":"scroll","background-type":"","background-media":"","overlay-type":"","overlay-color":"","overlay-opacity":"","overlay-gradient":""},"tablet":{"background-color":"var(--ast-global-color-5)","background-image":"","background-repeat":"repeat","background-position":"center center","background-size":"auto","background-attachment":"scroll","background-type":"","background-media":"","overlay-type":"","overlay-color":"","overlay-opacity":"","overlay-gradient":""},"mobile":{"background-color":"var(--ast-global-color-5)","background-image":"","background-repeat":"repeat","background-position":"center center","background-size":"auto","background-attachment":"scroll","background-type":"","background-media":"","overlay-type":"","overlay-color":"","overlay-opacity":"","overlay-gradient":""}},"footnotes":""},"categories":[1],"tags":[224,129,206],"class_list":["post-3451","post","type-post","status-publish","format-standard","has-post-thumbnail","hentry","category-noticias","tag-idosos","tag-memoria","tag-terceira-idade"],"acf":[],"yoast_head":"<!-- This site is optimized with the Yoast SEO plugin v26.9 - https:\/\/yoast.com\/product\/yoast-seo-wordpress\/ -->\n<title>Cinco exerc\u00edcios para ativar a mem\u00f3ria em idosos - Usisa\u00fade<\/title>\n<meta name=\"robots\" content=\"index, follow, max-snippet:-1, max-image-preview:large, max-video-preview:-1\" \/>\n<link rel=\"canonical\" href=\"https:\/\/www.fsfx.com.br\/usisaude\/cinco-exercicios-para-ativar-memoria-em-idosos\/\" \/>\n<meta property=\"og:locale\" content=\"pt_BR\" \/>\n<meta property=\"og:type\" content=\"article\" \/>\n<meta property=\"og:title\" content=\"Cinco exerc\u00edcios para ativar a mem\u00f3ria em idosos - Usisa\u00fade\" \/>\n<meta property=\"og:description\" content=\"\u00c0 medida que o tempo passa, a nossa capacidade cognitiva e de memoriza\u00e7\u00e3o diminui devido a v\u00e1rios fatores. As doen\u00e7as ligadas \u00e0 perda de mem\u00f3ria, como o Alzheimer, causam receio em boa parte das pessoas, pois limitam a independ\u00eancia do indiv\u00edduo e causam grande sofrimento para a fam\u00edlia. Por\u00e9m, outros fatores associados \u00e0 vida contempor\u00e2nea [&hellip;]\" \/>\n<meta property=\"og:url\" content=\"https:\/\/www.fsfx.com.br\/usisaude\/cinco-exercicios-para-ativar-memoria-em-idosos\/\" \/>\n<meta property=\"og:site_name\" content=\"Usisa\u00fade\" \/>\n<meta property=\"article:published_time\" content=\"2017-10-16T08:00:26+00:00\" \/>\n<meta property=\"article:modified_time\" content=\"2024-09-12T18:08:19+00:00\" \/>\n<meta name=\"twitter:card\" content=\"summary_large_image\" \/>\n<meta name=\"twitter:label1\" content=\"Escrito por\" \/>\n\t<meta name=\"twitter:data1\" content=\"\" \/>\n\t<meta name=\"twitter:label2\" content=\"Est. tempo de leitura\" \/>\n\t<meta name=\"twitter:data2\" content=\"3 minutos\" \/>\n<script type=\"application\/ld+json\" class=\"yoast-schema-graph\">{\"@context\":\"https:\/\/schema.org\",\"@graph\":[{\"@type\":\"Article\",\"@id\":\"https:\/\/www.fsfx.com.br\/usisaude\/cinco-exercicios-para-ativar-memoria-em-idosos\/#article\",\"isPartOf\":{\"@id\":\"https:\/\/www.fsfx.com.br\/usisaude\/cinco-exercicios-para-ativar-memoria-em-idosos\/\"},\"author\":{\"name\":\"\",\"@id\":\"\"},\"headline\":\"Cinco exerc\u00edcios para ativar a mem\u00f3ria em idosos\",\"datePublished\":\"2017-10-16T08:00:26+00:00\",\"dateModified\":\"2024-09-12T18:08:19+00:00\",\"mainEntityOfPage\":{\"@id\":\"https:\/\/www.fsfx.com.br\/usisaude\/cinco-exercicios-para-ativar-memoria-em-idosos\/\"},\"wordCount\":603,\"commentCount\":0,\"publisher\":{\"@id\":\"https:\/\/www.fsfx.com.br\/usisaude\/#organization\"},\"image\":{\"@id\":\"https:\/\/www.fsfx.com.br\/usisaude\/cinco-exercicios-para-ativar-memoria-em-idosos\/#primaryimage\"},\"thumbnailUrl\":\"\",\"keywords\":[\"idosos\",\"mem\u00f3ria\",\"terceira idade\"],\"articleSection\":[\"Not\u00edcias\"],\"inLanguage\":\"pt-BR\",\"potentialAction\":[{\"@type\":\"CommentAction\",\"name\":\"Comment\",\"target\":[\"https:\/\/www.fsfx.com.br\/usisaude\/cinco-exercicios-para-ativar-memoria-em-idosos\/#respond\"]}]},{\"@type\":\"WebPage\",\"@id\":\"https:\/\/www.fsfx.com.br\/usisaude\/cinco-exercicios-para-ativar-memoria-em-idosos\/\",\"url\":\"https:\/\/www.fsfx.com.br\/usisaude\/cinco-exercicios-para-ativar-memoria-em-idosos\/\",\"name\":\"Cinco exerc\u00edcios para ativar a mem\u00f3ria em idosos - Usisa\u00fade\",\"isPartOf\":{\"@id\":\"https:\/\/www.fsfx.com.br\/usisaude\/#website\"},\"primaryImageOfPage\":{\"@id\":\"https:\/\/www.fsfx.com.br\/usisaude\/cinco-exercicios-para-ativar-memoria-em-idosos\/#primaryimage\"},\"image\":{\"@id\":\"https:\/\/www.fsfx.com.br\/usisaude\/cinco-exercicios-para-ativar-memoria-em-idosos\/#primaryimage\"},\"thumbnailUrl\":\"\",\"datePublished\":\"2017-10-16T08:00:26+00:00\",\"dateModified\":\"2024-09-12T18:08:19+00:00\",\"breadcrumb\":{\"@id\":\"https:\/\/www.fsfx.com.br\/usisaude\/cinco-exercicios-para-ativar-memoria-em-idosos\/#breadcrumb\"},\"inLanguage\":\"pt-BR\",\"potentialAction\":[{\"@type\":\"ReadAction\",\"target\":[\"https:\/\/www.fsfx.com.br\/usisaude\/cinco-exercicios-para-ativar-memoria-em-idosos\/\"]}]},{\"@type\":\"ImageObject\",\"inLanguage\":\"pt-BR\",\"@id\":\"https:\/\/www.fsfx.com.br\/usisaude\/cinco-exercicios-para-ativar-memoria-em-idosos\/#primaryimage\",\"url\":\"\",\"contentUrl\":\"\"},{\"@type\":\"BreadcrumbList\",\"@id\":\"https:\/\/www.fsfx.com.br\/usisaude\/cinco-exercicios-para-ativar-memoria-em-idosos\/#breadcrumb\",\"itemListElement\":[{\"@type\":\"ListItem\",\"position\":1,\"name\":\"In\u00edcio\",\"item\":\"https:\/\/www.fsfx.com.br\/usisaude\/\"},{\"@type\":\"ListItem\",\"position\":2,\"name\":\"Cinco exerc\u00edcios para ativar a mem\u00f3ria em idosos\"}]},{\"@type\":\"WebSite\",\"@id\":\"https:\/\/www.fsfx.com.br\/usisaude\/#website\",\"url\":\"https:\/\/www.fsfx.com.br\/usisaude\/\",\"name\":\"Usisa\u00fade\",\"description\":\"Somos a Usisa\u00fade, uma operadora de planos de sa\u00fade da Funda\u00e7\u00e3o S\u00e3o Francisco Xavier (FSFX), a maior em modalidade filantr\u00f3pica do pa\u00eds.\",\"publisher\":{\"@id\":\"https:\/\/www.fsfx.com.br\/usisaude\/#organization\"},\"potentialAction\":[{\"@type\":\"SearchAction\",\"target\":{\"@type\":\"EntryPoint\",\"urlTemplate\":\"https:\/\/www.fsfx.com.br\/usisaude\/?s={search_term_string}\"},\"query-input\":{\"@type\":\"PropertyValueSpecification\",\"valueRequired\":true,\"valueName\":\"search_term_string\"}}],\"inLanguage\":\"pt-BR\"},{\"@type\":\"Organization\",\"@id\":\"https:\/\/www.fsfx.com.br\/usisaude\/#organization\",\"name\":\"Usisa\u00fade\",\"url\":\"https:\/\/www.fsfx.com.br\/usisaude\/\",\"logo\":{\"@type\":\"ImageObject\",\"inLanguage\":\"pt-BR\",\"@id\":\"https:\/\/www.fsfx.com.br\/usisaude\/#\/schema\/logo\/image\/\",\"url\":\"https:\/\/www.fsfx.com.br\/usisaude\/wp-content\/uploads\/sites\/6\/2022\/03\/logo-ususaude-1.svg\",\"contentUrl\":\"https:\/\/www.fsfx.com.br\/usisaude\/wp-content\/uploads\/sites\/6\/2022\/03\/logo-ususaude-1.svg\",\"width\":445,\"height\":196,\"caption\":\"Usisa\u00fade\"},\"image\":{\"@id\":\"https:\/\/www.fsfx.com.br\/usisaude\/#\/schema\/logo\/image\/\"}},{\"@type\":\"Person\",\"@id\":\"\",\"url\":\"https:\/\/www.fsfx.com.br\/usisaude\/author\/\"}]}<\/script>\n<!-- \/ Yoast SEO plugin. -->","yoast_head_json":{"title":"Cinco exerc\u00edcios para ativar a mem\u00f3ria em idosos - Usisa\u00fade","robots":{"index":"index","follow":"follow","max-snippet":"max-snippet:-1","max-image-preview":"max-image-preview:large","max-video-preview":"max-video-preview:-1"},"canonical":"https:\/\/www.fsfx.com.br\/usisaude\/cinco-exercicios-para-ativar-memoria-em-idosos\/","og_locale":"pt_BR","og_type":"article","og_title":"Cinco exerc\u00edcios para ativar a mem\u00f3ria em idosos - Usisa\u00fade","og_description":"\u00c0 medida que o tempo passa, a nossa capacidade cognitiva e de memoriza\u00e7\u00e3o diminui devido a v\u00e1rios fatores. As doen\u00e7as ligadas \u00e0 perda de mem\u00f3ria, como o Alzheimer, causam receio em boa parte das pessoas, pois limitam a independ\u00eancia do indiv\u00edduo e causam grande sofrimento para a fam\u00edlia. Por\u00e9m, outros fatores associados \u00e0 vida contempor\u00e2nea [&hellip;]","og_url":"https:\/\/www.fsfx.com.br\/usisaude\/cinco-exercicios-para-ativar-memoria-em-idosos\/","og_site_name":"Usisa\u00fade","article_published_time":"2017-10-16T08:00:26+00:00","article_modified_time":"2024-09-12T18:08:19+00:00","twitter_card":"summary_large_image","twitter_misc":{"Escrito por":"","Est. tempo de leitura":"3 minutos"},"schema":{"@context":"https:\/\/schema.org","@graph":[{"@type":"Article","@id":"https:\/\/www.fsfx.com.br\/usisaude\/cinco-exercicios-para-ativar-memoria-em-idosos\/#article","isPartOf":{"@id":"https:\/\/www.fsfx.com.br\/usisaude\/cinco-exercicios-para-ativar-memoria-em-idosos\/"},"author":{"name":"","@id":""},"headline":"Cinco exerc\u00edcios para ativar a mem\u00f3ria em idosos","datePublished":"2017-10-16T08:00:26+00:00","dateModified":"2024-09-12T18:08:19+00:00","mainEntityOfPage":{"@id":"https:\/\/www.fsfx.com.br\/usisaude\/cinco-exercicios-para-ativar-memoria-em-idosos\/"},"wordCount":603,"commentCount":0,"publisher":{"@id":"https:\/\/www.fsfx.com.br\/usisaude\/#organization"},"image":{"@id":"https:\/\/www.fsfx.com.br\/usisaude\/cinco-exercicios-para-ativar-memoria-em-idosos\/#primaryimage"},"thumbnailUrl":"","keywords":["idosos","mem\u00f3ria","terceira idade"],"articleSection":["Not\u00edcias"],"inLanguage":"pt-BR","potentialAction":[{"@type":"CommentAction","name":"Comment","target":["https:\/\/www.fsfx.com.br\/usisaude\/cinco-exercicios-para-ativar-memoria-em-idosos\/#respond"]}]},{"@type":"WebPage","@id":"https:\/\/www.fsfx.com.br\/usisaude\/cinco-exercicios-para-ativar-memoria-em-idosos\/","url":"https:\/\/www.fsfx.com.br\/usisaude\/cinco-exercicios-para-ativar-memoria-em-idosos\/","name":"Cinco exerc\u00edcios para ativar a mem\u00f3ria em idosos - Usisa\u00fade","isPartOf":{"@id":"https:\/\/www.fsfx.com.br\/usisaude\/#website"},"primaryImageOfPage":{"@id":"https:\/\/www.fsfx.com.br\/usisaude\/cinco-exercicios-para-ativar-memoria-em-idosos\/#primaryimage"},"image":{"@id":"https:\/\/www.fsfx.com.br\/usisaude\/cinco-exercicios-para-ativar-memoria-em-idosos\/#primaryimage"},"thumbnailUrl":"","datePublished":"2017-10-16T08:00:26+00:00","dateModified":"2024-09-12T18:08:19+00:00","breadcrumb":{"@id":"https:\/\/www.fsfx.com.br\/usisaude\/cinco-exercicios-para-ativar-memoria-em-idosos\/#breadcrumb"},"inLanguage":"pt-BR","potentialAction":[{"@type":"ReadAction","target":["https:\/\/www.fsfx.com.br\/usisaude\/cinco-exercicios-para-ativar-memoria-em-idosos\/"]}]},{"@type":"ImageObject","inLanguage":"pt-BR","@id":"https:\/\/www.fsfx.com.br\/usisaude\/cinco-exercicios-para-ativar-memoria-em-idosos\/#primaryimage","url":"","contentUrl":""},{"@type":"BreadcrumbList","@id":"https:\/\/www.fsfx.com.br\/usisaude\/cinco-exercicios-para-ativar-memoria-em-idosos\/#breadcrumb","itemListElement":[{"@type":"ListItem","position":1,"name":"In\u00edcio","item":"https:\/\/www.fsfx.com.br\/usisaude\/"},{"@type":"ListItem","position":2,"name":"Cinco exerc\u00edcios para ativar a mem\u00f3ria em idosos"}]},{"@type":"WebSite","@id":"https:\/\/www.fsfx.com.br\/usisaude\/#website","url":"https:\/\/www.fsfx.com.br\/usisaude\/","name":"Usisa\u00fade","description":"Somos a Usisa\u00fade, uma operadora de planos de sa\u00fade da Funda\u00e7\u00e3o S\u00e3o Francisco Xavier (FSFX), a maior em modalidade filantr\u00f3pica do pa\u00eds.","publisher":{"@id":"https:\/\/www.fsfx.com.br\/usisaude\/#organization"},"potentialAction":[{"@type":"SearchAction","target":{"@type":"EntryPoint","urlTemplate":"https:\/\/www.fsfx.com.br\/usisaude\/?s={search_term_string}"},"query-input":{"@type":"PropertyValueSpecification","valueRequired":true,"valueName":"search_term_string"}}],"inLanguage":"pt-BR"},{"@type":"Organization","@id":"https:\/\/www.fsfx.com.br\/usisaude\/#organization","name":"Usisa\u00fade","url":"https:\/\/www.fsfx.com.br\/usisaude\/","logo":{"@type":"ImageObject","inLanguage":"pt-BR","@id":"https:\/\/www.fsfx.com.br\/usisaude\/#\/schema\/logo\/image\/","url":"https:\/\/www.fsfx.com.br\/usisaude\/wp-content\/uploads\/sites\/6\/2022\/03\/logo-ususaude-1.svg","contentUrl":"https:\/\/www.fsfx.com.br\/usisaude\/wp-content\/uploads\/sites\/6\/2022\/03\/logo-ususaude-1.svg","width":445,"height":196,"caption":"Usisa\u00fade"},"image":{"@id":"https:\/\/www.fsfx.com.br\/usisaude\/#\/schema\/logo\/image\/"}},{"@type":"Person","@id":"","url":"https:\/\/www.fsfx.com.br\/usisaude\/author\/"}]}},"_links":{"self":[{"href":"https:\/\/www.fsfx.com.br\/usisaude\/wp-json\/wp\/v2\/posts\/3451","targetHints":{"allow":["GET"]}}],"collection":[{"href":"https:\/\/www.fsfx.com.br\/usisaude\/wp-json\/wp\/v2\/posts"}],"about":[{"href":"https:\/\/www.fsfx.com.br\/usisaude\/wp-json\/wp\/v2\/types\/post"}],"author":[{"embeddable":true,"href":"https:\/\/www.fsfx.com.br\/usisaude\/wp-json\/wp\/v2\/users\/9"}],"replies":[{"embeddable":true,"href":"https:\/\/www.fsfx.com.br\/usisaude\/wp-json\/wp\/v2\/comments?post=3451"}],"version-history":[{"count":1,"href":"https:\/\/www.fsfx.com.br\/usisaude\/wp-json\/wp\/v2\/posts\/3451\/revisions"}],"predecessor-version":[{"id":10786,"href":"https:\/\/www.fsfx.com.br\/usisaude\/wp-json\/wp\/v2\/posts\/3451\/revisions\/10786"}],"wp:featuredmedia":[{"embeddable":true,"href":"https:\/\/www.fsfx.com.br\/usisaude\/wp-json\/"}],"wp:attachment":[{"href":"https:\/\/www.fsfx.com.br\/usisaude\/wp-json\/wp\/v2\/media?parent=3451"}],"wp:term":[{"taxonomy":"category","embeddable":true,"href":"https:\/\/www.fsfx.com.br\/usisaude\/wp-json\/wp\/v2\/categories?post=3451"},{"taxonomy":"post_tag","embeddable":true,"href":"https:\/\/www.fsfx.com.br\/usisaude\/wp-json\/wp\/v2\/tags?post=3451"}],"curies":[{"name":"wp","href":"https:\/\/api.w.org\/{rel}","templated":true}]}}