{"id":3485,"date":"2017-11-21T18:00:29","date_gmt":"2017-11-21T18:00:29","guid":{"rendered":"http:\/\/www.fsfx.com.br\/atituderimacomsaude\/?p=3485"},"modified":"2024-09-12T15:09:31","modified_gmt":"2024-09-12T18:09:31","slug":"como-podemos-ajudar-alguem-da-familia-que-sofre-de-depressao","status":"publish","type":"post","link":"https:\/\/www.fsfx.com.br\/usisaude\/como-podemos-ajudar-alguem-da-familia-que-sofre-de-depressao\/","title":{"rendered":"Como podemos ajudar algu\u00e9m da fam\u00edlia que sofre de depress\u00e3o"},"content":{"rendered":"\n<p><span style=\"font-weight: 400\">Tempo de leitura: 6 minutos<\/span><\/p>\n\n\n\n<p><strong>Conte\u00fado atualizado em 16\/09\/2020.<\/strong><\/p>\n\n\n\n<p><span style=\"font-weight: 400\">O Setembro Amarelo, campanha voltada para a conscientiza\u00e7\u00e3o da popula\u00e7\u00e3o em rela\u00e7\u00e3o \u00e0 preven\u00e7\u00e3o ao suic\u00eddio, consiste em um conjunto de a\u00e7\u00f5es de profissionais da sa\u00fade e tamb\u00e9m da sociedade de modo geral, para que as pessoas possam ter uma conversa mais aberta sobre o tema. A depress\u00e3o \u00e9 a doen\u00e7a mental mais associada ao suic\u00eddio, a qual amigos e familiares podem perceber os primeiros sinais de alerta e tamb\u00e9m serem fundamentais no auxilio com o tratamento.<\/span><\/p>\n\n\n\n<p><span style=\"font-weight: 400\">A seguir apresentaremos algumas informa\u00e7\u00f5es, sobre o que \u00e9, como identificar e o que fazer quando algu\u00e9m est\u00e1 com a depress\u00e3o. Continue a leitura e saiba mais!<\/span><\/p>\n\n\n\n<h2 class=\"wp-block-heading\"><b>O que \u00e9 depress\u00e3o?<\/b><\/h2>\n\n\n\n<p><span style=\"font-weight: 400\">A depress\u00e3o \u00e9 uma doen\u00e7a da mente e do corpo, que pode afetar qualquer pessoa, e que possui tratamento. \u00c9 muito comum confundirmos a tristeza com a depress\u00e3o, mas \u00e9 preciso entender que se trata de conceitos diferentes, e que a depress\u00e3o \u00e9 mais do que \u201csentir-se triste por alguns dias\u201d. A tristeza \u00e9 um sentimento universal e natural, que expressa dor ou sofrimento, mas \u00e9 passageira. A depress\u00e3o \u00e9 uma doen\u00e7a que se caracteriza por afetar o estado de humor, com o predom\u00ednio anormal do sentimento de tristeza e redu\u00e7\u00e3o da disposi\u00e7\u00e3o e vontade de fazer tudo.<\/span><\/p>\n\n\n\n<p><span style=\"font-weight: 400\">Em geral, a pessoa que est\u00e1 com depress\u00e3o fica irritada e apresenta dificuldade em sentir prazer nas atividades que antes gostava. A diminui\u00e7\u00e3o da capacidade de concentra\u00e7\u00e3o pode prejudicar o desempenho em fun\u00e7\u00f5es como o trabalho e o estudo.<\/span><\/p>\n\n\n\n<p><span style=\"font-weight: 400\">Al\u00e9m disso, ela fica constantemente desanimada, pode perder o apetite, sentir ang\u00fastia e afli\u00e7\u00e3o. Pode querer ficar todo o tempo sozinha, isolada em um ambiente e apresentar dificuldades para se relacionar. Pensamentos sobre suic\u00eddio tamb\u00e9m podem acontecer.<\/span><\/p>\n\n\n\n<p><span style=\"font-weight: 400\">A causa da depress\u00e3o ainda \u00e9 incerta, e pode decorrer de in\u00fameros fatores, combinados ou n\u00e3o.&nbsp; Sabe-se que traumas ou perdas podem aumentar a chance de um indiv\u00edduo ficar depressivo, assim como dificuldades em lidar com estresse, \u00e1lcool, drogas, hist\u00f3rico familiar, baixa autoestima ou pessimismo extremo podem ser fatores de risco.<\/span><\/p>\n\n\n\n<p><span style=\"font-weight: 400\">A maioria das pessoas em nossa sociedade ainda tem dificuldade em reconhecer que a depress\u00e3o \u00e9 uma doen\u00e7a. Justamente pelo preconceito, as pessoas com o diagn\u00f3stico n\u00e3o querem ser reconhecidas como algu\u00e9m que tem transtorno mental, com o receio de serem consideradas como fracas ou descontroladas, o que, muitas vezes, dificulta ou retarda o tratamento. No caso de crian\u00e7as, a fam\u00edlia se sente muito culpada e exposta.<\/span><\/p>\n\n\n\n<h2 class=\"wp-block-heading\"><b>Como identificar a depress\u00e3o?<\/b><\/h2>\n\n\n\n<p><span style=\"font-weight: 400\">Um dos desafios da identifica\u00e7\u00e3o e diagn\u00f3stico da depress\u00e3o \u00e9 o fato de que ela nem sempre se manifesta da mesma forma nas pessoas. No entanto, h\u00e1 sintomas comuns que podem ser observados, como:<\/span><\/p>\n\n\n\n<ul class=\"wp-block-list\"><li style=\"font-weight: 400\"><span style=\"font-weight: 400\">sensa\u00e7\u00e3o persistente de tristeza, ang\u00fastia e\/ou vazio;<\/span><\/li><li style=\"font-weight: 400\"><span style=\"font-weight: 400\">des\u00e2nimo e choro;<\/span><\/li><li style=\"font-weight: 400\"><span style=\"font-weight: 400\">desesperan\u00e7a e pessimismo;<\/span><\/li><li style=\"font-weight: 400\"><span style=\"font-weight: 400\">perda da capacidade de sentir prazer;<\/span><\/li><li style=\"font-weight: 400\"><span style=\"font-weight: 400\">inquieta\u00e7\u00e3o, <\/span><a href=\"http:\/\/atituderimacomsaude.com.br\/6-dicas-para-ajudar-a-controlar-a-ansiedade\/\"><span style=\"font-weight: 400\">ansiedade <\/span><\/a><span style=\"font-weight: 400\">ou irritabilidade;<\/span><\/li><li style=\"font-weight: 400\"><span style=\"font-weight: 400\">falta de sentido na vida;<\/span><\/li><li style=\"font-weight: 400\"><span style=\"font-weight: 400\">inseguran\u00e7a, medos e indecis\u00f5es;<\/span><\/li><li style=\"font-weight: 400\"><span style=\"font-weight: 400\">baixa autoestima;<\/span><\/li><li style=\"font-weight: 400\"><span style=\"font-weight: 400\">diminui\u00e7\u00e3o da libido;<\/span><\/li><li style=\"font-weight: 400\"><span style=\"font-weight: 400\">perda ou aumento do apetite e do peso;<\/span><\/li><li style=\"font-weight: 400\"><span style=\"font-weight: 400\">altera\u00e7\u00f5es gastrointestinais;<\/span><\/li><li style=\"font-weight: 400\"><span style=\"font-weight: 400\">ins\u00f4nia ou sonol\u00eancia excessiva;<\/span><\/li><li style=\"font-weight: 400\"><span style=\"font-weight: 400\">dores cr\u00f4nicas ou sintomas f\u00edsicos difusos e persistentes;<\/span><\/li><li style=\"font-weight: 400\"><span style=\"font-weight: 400\">preocupa\u00e7\u00e3o com doen\u00e7as;<\/span><\/li><li style=\"font-weight: 400\"><span style=\"font-weight: 400\">del\u00edrios e alucina\u00e7\u00f5es em casos graves;<\/span><\/li><li style=\"font-weight: 400\"><span style=\"font-weight: 400\">pensamentos sobre morte ou suic\u00eddio<\/span><span style=\"font-weight: 400\">.<\/span><\/li><\/ul>\n\n\n\n<h2 class=\"wp-block-heading\"><b>O que fazer quando algu\u00e9m est\u00e1 deprimido?<\/b><\/h2>\n\n\n\n<p><span style=\"font-weight: 400\">Quando achar que voc\u00ea ou outra pessoa possui alguns destes sintomas, n\u00e3o hesite em procurar ou indicar ajuda profissional. Existem tratamentos eficazes para a depress\u00e3o, com medicamentos e psicoterapia, dependendo do diagn\u00f3stico e gravidade dos sintomas. N\u00e3o sofra sozinho, procure ajuda!<\/span><\/p>\n\n\n\n<h3 class=\"wp-block-heading\"><b>Di\u00e1logo<\/b><\/h3>\n\n\n\n<p><span style=\"font-weight: 400\">Manter o di\u00e1logo com uma pessoa deprimida \u00e9 o primeiro passo para que voc\u00ea possa auxili\u00e1-la de forma positiva. Al\u00e9m disso, \u00e9 por meio de manifesta\u00e7\u00f5es verbais que amigos e familiares podem identificar alguns sinais com tend\u00eancia ao suic\u00eddio.<\/span><\/p>\n\n\n\n<p><span style=\"font-weight: 400\">Caso o indiv\u00edduo volte continuamente a falar sobre a pr\u00f3pria morte e apresentar de forma mais constante alguns outros sintomas da depress\u00e3o (como o isolamento social e redu\u00e7\u00e3o do autocuidado), \u00e9 preciso ter ainda mais aten\u00e7\u00e3o. N\u00e3o se deve, de forma alguma, falar que a depress\u00e3o \u00e9 bobagem. Seja um bom ouvinte e tenha empatia com aquele momento.<\/span><\/p>\n\n\n\n<p><span style=\"font-weight: 400\">N\u00e3o feche os olhos. N\u00e3o buscar ajuda contribui para o agravamento do estado emocional, o que pode levar a pensamentos suicidas e at\u00e9 mesmo ao ato<\/span><span style=\"font-weight: 400\">.<\/span><\/p>\n\n\n\n<h3 class=\"wp-block-heading\"><b>Aprendizado sobre o assunto<\/b><\/h3>\n\n\n\n<p><span style=\"font-weight: 400\">Como qualquer outra doen\u00e7a, muitas vezes n\u00e3o temos informa\u00e7\u00f5es precisas sobre o assunto. Por essa raz\u00e3o, o ideal \u00e9 que busquemos por conhecimento antes de oferecer apoio a quem est\u00e1 com depress\u00e3o. Existe uma lista ampla de livros, artigos, v\u00eddeos e outros materiais que tratam sobre o tema, explicando at\u00e9 mesmo sobre as maneiras mais indicadas de agir com seu amigo ou familiar.<\/span><\/p>\n\n\n\n<figure><\/figure>\n\n\n\n<h3 class=\"wp-block-heading\"><strong>Autoconhecimento<\/strong><\/h3>\n\n\n\n<p>Para <a href=\"http:\/\/atituderimacomsaude.com.br\/como-podemos-ajudar-alguem-da-familia-que-sofre-de-depressao\/\">ajudar uma pessoa<\/a> em um momento de depress\u00e3o, tamb\u00e9m \u00e9 preciso ter autoconhecimento. Assim, voc\u00ea saber\u00e1 lidar melhor com as pr\u00f3prias emo\u00e7\u00f5es, e conseguir\u00e1 oferecer o apoio adequado.<\/p>\n\n\n\n<p>A sa\u00fade mental n\u00e3o pode estar desconectada da sa\u00fade do corpo, porque sa\u00fade \u00e9 uma s\u00f3. Busque fazer atividades que te deem prazer. Encontre com pessoas que voc\u00ea gosta. Cuide de voc\u00ea.<\/p>\n\n\n\n<h3 class=\"wp-block-heading\"><strong>Tratamento<\/strong><\/h3>\n\n\n\n<p>Ningu\u00e9m melhor do que um profissional da sa\u00fade para lidar com essa doen\u00e7a. Nesse sentido, a fam\u00edlia e os amigos devem orientar a busca por ajuda. Dessa forma, haver\u00e1 uma an\u00e1lise cuidadosa de diferentes aspectos no quadro cl\u00ednico, como comportamento, aten\u00e7\u00e3o, humor, entre outros, possibilitando um foco preciso para o tratamento.<\/p>\n\n\n\n<p>Neste conte\u00fado, explicamos os sintomas de depress\u00e3o, al\u00e9m de orienta\u00e7\u00f5es sobre como lidar com a depress\u00e3o. Ter empatia e mostrar-se presente \u00e9 um dos pontos mais importantes nesse sentido. Al\u00e9m disso, n\u00e3o deixe de buscar por conhecimento sobre o tema, pois ele ser\u00e1 essencial ao lidar com a situa\u00e7\u00e3o.<\/p>\n\n\n\n<p>Para conferir outros conte\u00fados sobre <a href=\"http:\/\/atituderimacomsaude.com.br\/categoria\/buscar\/saude-mental\/\">sa\u00fade mental<\/a>, continue no blog e confira nossos artigos!<br><\/p>\n\n\n\n<p><strong>Refer\u00eancias:<\/strong><\/p>\n\n\n\n<p>AG\u00caNCIA NACIONAL DE SA\u00daDE SUPLEMENTAR (ANS). <strong>Depress\u00e3o<\/strong>. Dispon\u00edvel em: https:\/\/www.ans.gov.br\/temas-de-interesse\/depressao. Acesso em: 04 set. 2020.<\/p>\n\n\n\n<p>CENTRO DE VALORIZA\u00c7\u00c3O DA VIDA (CVV). <strong>Setembro Amarelo, m\u00eas de preven\u00e7\u00e3o do suic\u00eddio<\/strong>. Dispon\u00edvel em: https:\/\/www.cvv.org.br\/blog\/setembro-amarelo-mes-de-prevencao-do-suicidio\/. Acesso em: 04 set. 2020.<\/p>\n\n\n\n<p>MINIST\u00c9RIO DA SA\u00daDE. <strong>Depress\u00e3o: causas, sintomas, tratamentos, diagn\u00f3stico e preven\u00e7\u00e3o<\/strong>. Dispon\u00edvel em: https:\/\/saude.gov.br\/saude-de-a-z\/depressao. Acesso em: 04 set. 2020.<\/p>\n\n\n\n<p>ORGANIZA\u00c7\u00c3O DAS NA\u00c7\u00d5ES UNIDAS (ONU) BRASIL. <strong>Eu tenho um cachorro preto e seu nome \u00e9 depress\u00e3o<\/strong>. Dispon\u00edvel em: https:\/\/www.youtube.com\/watch?v=DzU63rT4L5Y. Acesso em: 04 set. 2020.<\/p>\n\n\n\n<p>SOCIEDADE BRASILEIRA DE MEDICINA DE FAM\u00cdLIA E COMUNIDADE. <strong>Depress\u00e3o.<\/strong> Dispon\u00edvel em: https:\/\/www.sbmfc.org.br\/depressao\/. Acesso em: 04 set. 2020.<br><\/p>\n","protected":false},"excerpt":{"rendered":"<p>Tempo de leitura: 6 minutos Conte\u00fado atualizado em 16\/09\/2020. O Setembro Amarelo, campanha voltada para a conscientiza\u00e7\u00e3o da popula\u00e7\u00e3o em rela\u00e7\u00e3o \u00e0 preven\u00e7\u00e3o ao suic\u00eddio, consiste em um conjunto de a\u00e7\u00f5es de profissionais da sa\u00fade e tamb\u00e9m da sociedade de modo geral, para que as pessoas possam ter uma conversa mais aberta sobre o tema. [&hellip;]<\/p>\n","protected":false},"author":9,"featured_media":4017,"comment_status":"open","ping_status":"open","sticky":false,"template":"","format":"standard","meta":{"_acf_changed":false,"site-sidebar-layout":"default","site-content-layout":"","ast-site-content-layout":"default","site-content-style":"default","site-sidebar-style":"default","ast-global-header-display":"","ast-banner-title-visibility":"","ast-main-header-display":"","ast-hfb-above-header-display":"","ast-hfb-below-header-display":"","ast-hfb-mobile-header-display":"","site-post-title":"","ast-breadcrumbs-content":"","ast-featured-img":"","footer-sml-layout":"","theme-transparent-header-meta":"","adv-header-id-meta":"","stick-header-meta":"","header-above-stick-meta":"","header-main-stick-meta":"","header-below-stick-meta":"","astra-migrate-meta-layouts":"default","ast-page-background-enabled":"default","ast-page-background-meta":{"desktop":{"background-color":"var(--ast-global-color-4)","background-image":"","background-repeat":"repeat","background-position":"center center","background-size":"auto","background-attachment":"scroll","background-type":"","background-media":"","overlay-type":"","overlay-color":"","overlay-opacity":"","overlay-gradient":""},"tablet":{"background-color":"","background-image":"","background-repeat":"repeat","background-position":"center center","background-size":"auto","background-attachment":"scroll","background-type":"","background-media":"","overlay-type":"","overlay-color":"","overlay-opacity":"","overlay-gradient":""},"mobile":{"background-color":"","background-image":"","background-repeat":"repeat","background-position":"center center","background-size":"auto","background-attachment":"scroll","background-type":"","background-media":"","overlay-type":"","overlay-color":"","overlay-opacity":"","overlay-gradient":""}},"ast-content-background-meta":{"desktop":{"background-color":"var(--ast-global-color-5)","background-image":"","background-repeat":"repeat","background-position":"center center","background-size":"auto","background-attachment":"scroll","background-type":"","background-media":"","overlay-type":"","overlay-color":"","overlay-opacity":"","overlay-gradient":""},"tablet":{"background-color":"var(--ast-global-color-5)","background-image":"","background-repeat":"repeat","background-position":"center center","background-size":"auto","background-attachment":"scroll","background-type":"","background-media":"","overlay-type":"","overlay-color":"","overlay-opacity":"","overlay-gradient":""},"mobile":{"background-color":"var(--ast-global-color-5)","background-image":"","background-repeat":"repeat","background-position":"center center","background-size":"auto","background-attachment":"scroll","background-type":"","background-media":"","overlay-type":"","overlay-color":"","overlay-opacity":"","overlay-gradient":""}},"footnotes":""},"categories":[1],"tags":[],"class_list":["post-3485","post","type-post","status-publish","format-standard","has-post-thumbnail","hentry","category-noticias"],"acf":[],"yoast_head":"<!-- This site is optimized with the Yoast SEO plugin v26.9 - https:\/\/yoast.com\/product\/yoast-seo-wordpress\/ -->\n<title>Como podemos ajudar algu\u00e9m da fam\u00edlia que sofre de depress\u00e3o - Usisa\u00fade<\/title>\n<meta name=\"robots\" content=\"index, follow, max-snippet:-1, max-image-preview:large, max-video-preview:-1\" \/>\n<link rel=\"canonical\" href=\"https:\/\/www.fsfx.com.br\/usisaude\/como-podemos-ajudar-alguem-da-familia-que-sofre-de-depressao\/\" \/>\n<meta property=\"og:locale\" content=\"pt_BR\" \/>\n<meta property=\"og:type\" content=\"article\" \/>\n<meta property=\"og:title\" content=\"Como podemos ajudar algu\u00e9m da fam\u00edlia que sofre de depress\u00e3o - Usisa\u00fade\" \/>\n<meta property=\"og:description\" content=\"Tempo de leitura: 6 minutos Conte\u00fado atualizado em 16\/09\/2020. O Setembro Amarelo, campanha voltada para a conscientiza\u00e7\u00e3o da popula\u00e7\u00e3o em rela\u00e7\u00e3o \u00e0 preven\u00e7\u00e3o ao suic\u00eddio, consiste em um conjunto de a\u00e7\u00f5es de profissionais da sa\u00fade e tamb\u00e9m da sociedade de modo geral, para que as pessoas possam ter uma conversa mais aberta sobre o tema. [&hellip;]\" \/>\n<meta property=\"og:url\" content=\"https:\/\/www.fsfx.com.br\/usisaude\/como-podemos-ajudar-alguem-da-familia-que-sofre-de-depressao\/\" \/>\n<meta property=\"og:site_name\" content=\"Usisa\u00fade\" \/>\n<meta property=\"article:published_time\" content=\"2017-11-21T18:00:29+00:00\" \/>\n<meta property=\"article:modified_time\" content=\"2024-09-12T18:09:31+00:00\" \/>\n<meta name=\"twitter:card\" content=\"summary_large_image\" \/>\n<meta name=\"twitter:label1\" content=\"Escrito por\" \/>\n\t<meta name=\"twitter:data1\" content=\"\" \/>\n\t<meta name=\"twitter:label2\" content=\"Est. tempo de leitura\" \/>\n\t<meta name=\"twitter:data2\" content=\"6 minutos\" \/>\n<script type=\"application\/ld+json\" class=\"yoast-schema-graph\">{\"@context\":\"https:\/\/schema.org\",\"@graph\":[{\"@type\":\"Article\",\"@id\":\"https:\/\/www.fsfx.com.br\/usisaude\/como-podemos-ajudar-alguem-da-familia-que-sofre-de-depressao\/#article\",\"isPartOf\":{\"@id\":\"https:\/\/www.fsfx.com.br\/usisaude\/como-podemos-ajudar-alguem-da-familia-que-sofre-de-depressao\/\"},\"author\":{\"name\":\"\",\"@id\":\"\"},\"headline\":\"Como podemos ajudar algu\u00e9m da fam\u00edlia que sofre de depress\u00e3o\",\"datePublished\":\"2017-11-21T18:00:29+00:00\",\"dateModified\":\"2024-09-12T18:09:31+00:00\",\"mainEntityOfPage\":{\"@id\":\"https:\/\/www.fsfx.com.br\/usisaude\/como-podemos-ajudar-alguem-da-familia-que-sofre-de-depressao\/\"},\"wordCount\":1187,\"commentCount\":0,\"publisher\":{\"@id\":\"https:\/\/www.fsfx.com.br\/usisaude\/#organization\"},\"image\":{\"@id\":\"https:\/\/www.fsfx.com.br\/usisaude\/como-podemos-ajudar-alguem-da-familia-que-sofre-de-depressao\/#primaryimage\"},\"thumbnailUrl\":\"\",\"articleSection\":[\"Not\u00edcias\"],\"inLanguage\":\"pt-BR\",\"potentialAction\":[{\"@type\":\"CommentAction\",\"name\":\"Comment\",\"target\":[\"https:\/\/www.fsfx.com.br\/usisaude\/como-podemos-ajudar-alguem-da-familia-que-sofre-de-depressao\/#respond\"]}]},{\"@type\":\"WebPage\",\"@id\":\"https:\/\/www.fsfx.com.br\/usisaude\/como-podemos-ajudar-alguem-da-familia-que-sofre-de-depressao\/\",\"url\":\"https:\/\/www.fsfx.com.br\/usisaude\/como-podemos-ajudar-alguem-da-familia-que-sofre-de-depressao\/\",\"name\":\"Como podemos ajudar algu\u00e9m da fam\u00edlia que sofre de depress\u00e3o - Usisa\u00fade\",\"isPartOf\":{\"@id\":\"https:\/\/www.fsfx.com.br\/usisaude\/#website\"},\"primaryImageOfPage\":{\"@id\":\"https:\/\/www.fsfx.com.br\/usisaude\/como-podemos-ajudar-alguem-da-familia-que-sofre-de-depressao\/#primaryimage\"},\"image\":{\"@id\":\"https:\/\/www.fsfx.com.br\/usisaude\/como-podemos-ajudar-alguem-da-familia-que-sofre-de-depressao\/#primaryimage\"},\"thumbnailUrl\":\"\",\"datePublished\":\"2017-11-21T18:00:29+00:00\",\"dateModified\":\"2024-09-12T18:09:31+00:00\",\"breadcrumb\":{\"@id\":\"https:\/\/www.fsfx.com.br\/usisaude\/como-podemos-ajudar-alguem-da-familia-que-sofre-de-depressao\/#breadcrumb\"},\"inLanguage\":\"pt-BR\",\"potentialAction\":[{\"@type\":\"ReadAction\",\"target\":[\"https:\/\/www.fsfx.com.br\/usisaude\/como-podemos-ajudar-alguem-da-familia-que-sofre-de-depressao\/\"]}]},{\"@type\":\"ImageObject\",\"inLanguage\":\"pt-BR\",\"@id\":\"https:\/\/www.fsfx.com.br\/usisaude\/como-podemos-ajudar-alguem-da-familia-que-sofre-de-depressao\/#primaryimage\",\"url\":\"\",\"contentUrl\":\"\"},{\"@type\":\"BreadcrumbList\",\"@id\":\"https:\/\/www.fsfx.com.br\/usisaude\/como-podemos-ajudar-alguem-da-familia-que-sofre-de-depressao\/#breadcrumb\",\"itemListElement\":[{\"@type\":\"ListItem\",\"position\":1,\"name\":\"In\u00edcio\",\"item\":\"https:\/\/www.fsfx.com.br\/usisaude\/\"},{\"@type\":\"ListItem\",\"position\":2,\"name\":\"Como podemos ajudar algu\u00e9m da fam\u00edlia que sofre de depress\u00e3o\"}]},{\"@type\":\"WebSite\",\"@id\":\"https:\/\/www.fsfx.com.br\/usisaude\/#website\",\"url\":\"https:\/\/www.fsfx.com.br\/usisaude\/\",\"name\":\"Usisa\u00fade\",\"description\":\"Somos a Usisa\u00fade, uma operadora de planos de sa\u00fade da Funda\u00e7\u00e3o S\u00e3o Francisco Xavier (FSFX), a maior em modalidade filantr\u00f3pica do pa\u00eds.\",\"publisher\":{\"@id\":\"https:\/\/www.fsfx.com.br\/usisaude\/#organization\"},\"potentialAction\":[{\"@type\":\"SearchAction\",\"target\":{\"@type\":\"EntryPoint\",\"urlTemplate\":\"https:\/\/www.fsfx.com.br\/usisaude\/?s={search_term_string}\"},\"query-input\":{\"@type\":\"PropertyValueSpecification\",\"valueRequired\":true,\"valueName\":\"search_term_string\"}}],\"inLanguage\":\"pt-BR\"},{\"@type\":\"Organization\",\"@id\":\"https:\/\/www.fsfx.com.br\/usisaude\/#organization\",\"name\":\"Usisa\u00fade\",\"url\":\"https:\/\/www.fsfx.com.br\/usisaude\/\",\"logo\":{\"@type\":\"ImageObject\",\"inLanguage\":\"pt-BR\",\"@id\":\"https:\/\/www.fsfx.com.br\/usisaude\/#\/schema\/logo\/image\/\",\"url\":\"https:\/\/www.fsfx.com.br\/usisaude\/wp-content\/uploads\/sites\/6\/2022\/03\/logo-ususaude-1.svg\",\"contentUrl\":\"https:\/\/www.fsfx.com.br\/usisaude\/wp-content\/uploads\/sites\/6\/2022\/03\/logo-ususaude-1.svg\",\"width\":445,\"height\":196,\"caption\":\"Usisa\u00fade\"},\"image\":{\"@id\":\"https:\/\/www.fsfx.com.br\/usisaude\/#\/schema\/logo\/image\/\"}},{\"@type\":\"Person\",\"@id\":\"\",\"url\":\"https:\/\/www.fsfx.com.br\/usisaude\/author\/\"}]}<\/script>\n<!-- \/ Yoast SEO plugin. -->","yoast_head_json":{"title":"Como podemos ajudar algu\u00e9m da fam\u00edlia que sofre de depress\u00e3o - Usisa\u00fade","robots":{"index":"index","follow":"follow","max-snippet":"max-snippet:-1","max-image-preview":"max-image-preview:large","max-video-preview":"max-video-preview:-1"},"canonical":"https:\/\/www.fsfx.com.br\/usisaude\/como-podemos-ajudar-alguem-da-familia-que-sofre-de-depressao\/","og_locale":"pt_BR","og_type":"article","og_title":"Como podemos ajudar algu\u00e9m da fam\u00edlia que sofre de depress\u00e3o - Usisa\u00fade","og_description":"Tempo de leitura: 6 minutos Conte\u00fado atualizado em 16\/09\/2020. O Setembro Amarelo, campanha voltada para a conscientiza\u00e7\u00e3o da popula\u00e7\u00e3o em rela\u00e7\u00e3o \u00e0 preven\u00e7\u00e3o ao suic\u00eddio, consiste em um conjunto de a\u00e7\u00f5es de profissionais da sa\u00fade e tamb\u00e9m da sociedade de modo geral, para que as pessoas possam ter uma conversa mais aberta sobre o tema. [&hellip;]","og_url":"https:\/\/www.fsfx.com.br\/usisaude\/como-podemos-ajudar-alguem-da-familia-que-sofre-de-depressao\/","og_site_name":"Usisa\u00fade","article_published_time":"2017-11-21T18:00:29+00:00","article_modified_time":"2024-09-12T18:09:31+00:00","twitter_card":"summary_large_image","twitter_misc":{"Escrito por":"","Est. tempo de leitura":"6 minutos"},"schema":{"@context":"https:\/\/schema.org","@graph":[{"@type":"Article","@id":"https:\/\/www.fsfx.com.br\/usisaude\/como-podemos-ajudar-alguem-da-familia-que-sofre-de-depressao\/#article","isPartOf":{"@id":"https:\/\/www.fsfx.com.br\/usisaude\/como-podemos-ajudar-alguem-da-familia-que-sofre-de-depressao\/"},"author":{"name":"","@id":""},"headline":"Como podemos ajudar algu\u00e9m da fam\u00edlia que sofre de depress\u00e3o","datePublished":"2017-11-21T18:00:29+00:00","dateModified":"2024-09-12T18:09:31+00:00","mainEntityOfPage":{"@id":"https:\/\/www.fsfx.com.br\/usisaude\/como-podemos-ajudar-alguem-da-familia-que-sofre-de-depressao\/"},"wordCount":1187,"commentCount":0,"publisher":{"@id":"https:\/\/www.fsfx.com.br\/usisaude\/#organization"},"image":{"@id":"https:\/\/www.fsfx.com.br\/usisaude\/como-podemos-ajudar-alguem-da-familia-que-sofre-de-depressao\/#primaryimage"},"thumbnailUrl":"","articleSection":["Not\u00edcias"],"inLanguage":"pt-BR","potentialAction":[{"@type":"CommentAction","name":"Comment","target":["https:\/\/www.fsfx.com.br\/usisaude\/como-podemos-ajudar-alguem-da-familia-que-sofre-de-depressao\/#respond"]}]},{"@type":"WebPage","@id":"https:\/\/www.fsfx.com.br\/usisaude\/como-podemos-ajudar-alguem-da-familia-que-sofre-de-depressao\/","url":"https:\/\/www.fsfx.com.br\/usisaude\/como-podemos-ajudar-alguem-da-familia-que-sofre-de-depressao\/","name":"Como podemos ajudar algu\u00e9m da fam\u00edlia que sofre de depress\u00e3o - Usisa\u00fade","isPartOf":{"@id":"https:\/\/www.fsfx.com.br\/usisaude\/#website"},"primaryImageOfPage":{"@id":"https:\/\/www.fsfx.com.br\/usisaude\/como-podemos-ajudar-alguem-da-familia-que-sofre-de-depressao\/#primaryimage"},"image":{"@id":"https:\/\/www.fsfx.com.br\/usisaude\/como-podemos-ajudar-alguem-da-familia-que-sofre-de-depressao\/#primaryimage"},"thumbnailUrl":"","datePublished":"2017-11-21T18:00:29+00:00","dateModified":"2024-09-12T18:09:31+00:00","breadcrumb":{"@id":"https:\/\/www.fsfx.com.br\/usisaude\/como-podemos-ajudar-alguem-da-familia-que-sofre-de-depressao\/#breadcrumb"},"inLanguage":"pt-BR","potentialAction":[{"@type":"ReadAction","target":["https:\/\/www.fsfx.com.br\/usisaude\/como-podemos-ajudar-alguem-da-familia-que-sofre-de-depressao\/"]}]},{"@type":"ImageObject","inLanguage":"pt-BR","@id":"https:\/\/www.fsfx.com.br\/usisaude\/como-podemos-ajudar-alguem-da-familia-que-sofre-de-depressao\/#primaryimage","url":"","contentUrl":""},{"@type":"BreadcrumbList","@id":"https:\/\/www.fsfx.com.br\/usisaude\/como-podemos-ajudar-alguem-da-familia-que-sofre-de-depressao\/#breadcrumb","itemListElement":[{"@type":"ListItem","position":1,"name":"In\u00edcio","item":"https:\/\/www.fsfx.com.br\/usisaude\/"},{"@type":"ListItem","position":2,"name":"Como podemos ajudar algu\u00e9m da fam\u00edlia que sofre de depress\u00e3o"}]},{"@type":"WebSite","@id":"https:\/\/www.fsfx.com.br\/usisaude\/#website","url":"https:\/\/www.fsfx.com.br\/usisaude\/","name":"Usisa\u00fade","description":"Somos a Usisa\u00fade, uma operadora de planos de sa\u00fade da Funda\u00e7\u00e3o S\u00e3o Francisco Xavier (FSFX), a maior em modalidade filantr\u00f3pica do pa\u00eds.","publisher":{"@id":"https:\/\/www.fsfx.com.br\/usisaude\/#organization"},"potentialAction":[{"@type":"SearchAction","target":{"@type":"EntryPoint","urlTemplate":"https:\/\/www.fsfx.com.br\/usisaude\/?s={search_term_string}"},"query-input":{"@type":"PropertyValueSpecification","valueRequired":true,"valueName":"search_term_string"}}],"inLanguage":"pt-BR"},{"@type":"Organization","@id":"https:\/\/www.fsfx.com.br\/usisaude\/#organization","name":"Usisa\u00fade","url":"https:\/\/www.fsfx.com.br\/usisaude\/","logo":{"@type":"ImageObject","inLanguage":"pt-BR","@id":"https:\/\/www.fsfx.com.br\/usisaude\/#\/schema\/logo\/image\/","url":"https:\/\/www.fsfx.com.br\/usisaude\/wp-content\/uploads\/sites\/6\/2022\/03\/logo-ususaude-1.svg","contentUrl":"https:\/\/www.fsfx.com.br\/usisaude\/wp-content\/uploads\/sites\/6\/2022\/03\/logo-ususaude-1.svg","width":445,"height":196,"caption":"Usisa\u00fade"},"image":{"@id":"https:\/\/www.fsfx.com.br\/usisaude\/#\/schema\/logo\/image\/"}},{"@type":"Person","@id":"","url":"https:\/\/www.fsfx.com.br\/usisaude\/author\/"}]}},"_links":{"self":[{"href":"https:\/\/www.fsfx.com.br\/usisaude\/wp-json\/wp\/v2\/posts\/3485","targetHints":{"allow":["GET"]}}],"collection":[{"href":"https:\/\/www.fsfx.com.br\/usisaude\/wp-json\/wp\/v2\/posts"}],"about":[{"href":"https:\/\/www.fsfx.com.br\/usisaude\/wp-json\/wp\/v2\/types\/post"}],"author":[{"embeddable":true,"href":"https:\/\/www.fsfx.com.br\/usisaude\/wp-json\/wp\/v2\/users\/9"}],"replies":[{"embeddable":true,"href":"https:\/\/www.fsfx.com.br\/usisaude\/wp-json\/wp\/v2\/comments?post=3485"}],"version-history":[{"count":1,"href":"https:\/\/www.fsfx.com.br\/usisaude\/wp-json\/wp\/v2\/posts\/3485\/revisions"}],"predecessor-version":[{"id":10983,"href":"https:\/\/www.fsfx.com.br\/usisaude\/wp-json\/wp\/v2\/posts\/3485\/revisions\/10983"}],"wp:featuredmedia":[{"embeddable":true,"href":"https:\/\/www.fsfx.com.br\/usisaude\/wp-json\/"}],"wp:attachment":[{"href":"https:\/\/www.fsfx.com.br\/usisaude\/wp-json\/wp\/v2\/media?parent=3485"}],"wp:term":[{"taxonomy":"category","embeddable":true,"href":"https:\/\/www.fsfx.com.br\/usisaude\/wp-json\/wp\/v2\/categories?post=3485"},{"taxonomy":"post_tag","embeddable":true,"href":"https:\/\/www.fsfx.com.br\/usisaude\/wp-json\/wp\/v2\/tags?post=3485"}],"curies":[{"name":"wp","href":"https:\/\/api.w.org\/{rel}","templated":true}]}}