{"id":3491,"date":"2017-11-21T18:11:19","date_gmt":"2017-11-21T18:11:19","guid":{"rendered":"http:\/\/www.fsfx.com.br\/atituderimacomsaude\/?p=3491"},"modified":"2024-09-12T15:09:31","modified_gmt":"2024-09-12T18:09:31","slug":"sua-coluna-esta-com-curvatura-acentuada-cuidado-causa-pode-ser-o-uso-do-celular","status":"publish","type":"post","link":"https:\/\/www.fsfx.com.br\/usisaude\/sua-coluna-esta-com-curvatura-acentuada-cuidado-causa-pode-ser-o-uso-do-celular\/","title":{"rendered":"Sua coluna est\u00e1 com a curvatura acentuada? Cuidado: a causa pode ser o uso do celular."},"content":{"rendered":"<p>&nbsp;<\/p>\n<p>Em tempos de hiperconectividade, informa\u00e7\u00e3o em tempo real, comunica\u00e7\u00e3o instant\u00e2nea e diversas redes sociais, as pessoas t\u00eam ficado cada vez mais dependentes dos seus smartphones. Apesar dos benef\u00edcios trazidos pela tecnologia, alguns efeitos colaterais podem ser observados e sentidos na pele. As dores nas costas e no pesco\u00e7o, al\u00e9m de uma acentuada modifica\u00e7\u00e3o da curvatura da coluna, s\u00e3o algumas delas.<\/p>\n<p>De acordo com uma pesquisa conduzida pelo \u201cThe Spinal Journal\u201d, conceituado peri\u00f3dico que trata de quest\u00f5es relacionadas \u00e0 coluna, o uso prolongado e incorreto de aparelhos celulares \u00e9 a principal causa de problemas de pesco\u00e7o e costas, principalmente entre pacientes jovens. Os transtornos variam desde leves inc\u00f4modos at\u00e9 h\u00e9rnias de disco e desalinhamento.<\/p>\n<p>O movimento de olhar para baixo, t\u00edpico de quem est\u00e1 utilizando o telefone celular, principalmente enquanto est\u00e1 digitando, tem alterado a curvatura natural do pesco\u00e7o, originalmente voltada para tr\u00e1s. Essa curvatura tem se pronunciado para frente, de acordo com alguns estudos. Sabe-se que, em uma posi\u00e7\u00e3o neutra, a cabe\u00e7a pesa em torno de 11 quilos. Se pronunciarmos o pesco\u00e7o para frente em um \u00e2ngulo de 15 graus, esse peso salta para 27 quilos!<\/p>\n<p>A grande preocupa\u00e7\u00e3o se volta para as crian\u00e7as, uma vez que a posse de smartphones tem ficado cada vez mais precoce. Para se ter uma ideia, estima-se que uma crian\u00e7a que usa o celular continuamente desde os oito anos de idade, necessitar\u00e1 de interven\u00e7\u00e3o cir\u00fargica aos 28.<\/p>\n<h3><strong>Como evitar as modifica\u00e7\u00f5es da curvatura da coluna?<\/strong><\/h3>\n<p>A melhor forma de combater esse mal \u00e9 por meio de mudan\u00e7as de estilo de vida. Por exemplo, a utiliza\u00e7\u00e3o dos celulares na altura correta do corpo, isto \u00e9, no n\u00edvel dos olhos, em frente ao rosto, pode aliviar significativamente a press\u00e3o exercida sobre o pesco\u00e7o. Ao digitar, recomenda-se o uso das duas m\u00e3os, com o aux\u00edlio dos polegares, de modo que o alinhamento dos ombros e, consequentemente, da coluna, fique mais sim\u00e9trico.<\/p>\n<p>O mesmo vale para a utiliza\u00e7\u00e3o de computadores. Contar com algum suporte ou apoio que deixe o monitor na altura da linha dos olhos \u00e9 essencial para oferecer melhor conforto ao usu\u00e1rio e preservar a sua coluna.<\/p>\n<p>A melhor estrat\u00e9gia, sem d\u00favida, \u00e9 tentar diminuir a frequ\u00eancia do uso do celular e adotar atividades f\u00edsicas que fortale\u00e7am a musculatura das costas, dos bra\u00e7os e dos antebra\u00e7os.<\/p>\n","protected":false},"excerpt":{"rendered":"<p>&nbsp; Em tempos de hiperconectividade, informa\u00e7\u00e3o em tempo real, comunica\u00e7\u00e3o instant\u00e2nea e diversas redes sociais, as pessoas t\u00eam ficado cada vez mais dependentes dos seus smartphones. Apesar dos benef\u00edcios trazidos pela tecnologia, alguns efeitos colaterais podem ser observados e sentidos na pele. As dores nas costas e no pesco\u00e7o, al\u00e9m de uma acentuada modifica\u00e7\u00e3o da [&hellip;]<\/p>\n","protected":false},"author":9,"featured_media":3492,"comment_status":"open","ping_status":"open","sticky":false,"template":"","format":"standard","meta":{"_acf_changed":false,"site-sidebar-layout":"default","site-content-layout":"","ast-site-content-layout":"default","site-content-style":"default","site-sidebar-style":"default","ast-global-header-display":"","ast-banner-title-visibility":"","ast-main-header-display":"","ast-hfb-above-header-display":"","ast-hfb-below-header-display":"","ast-hfb-mobile-header-display":"","site-post-title":"","ast-breadcrumbs-content":"","ast-featured-img":"","footer-sml-layout":"","theme-transparent-header-meta":"","adv-header-id-meta":"","stick-header-meta":"","header-above-stick-meta":"","header-main-stick-meta":"","header-below-stick-meta":"","astra-migrate-meta-layouts":"default","ast-page-background-enabled":"default","ast-page-background-meta":{"desktop":{"background-color":"var(--ast-global-color-4)","background-image":"","background-repeat":"repeat","background-position":"center center","background-size":"auto","background-attachment":"scroll","background-type":"","background-media":"","overlay-type":"","overlay-color":"","overlay-opacity":"","overlay-gradient":""},"tablet":{"background-color":"","background-image":"","background-repeat":"repeat","background-position":"center center","background-size":"auto","background-attachment":"scroll","background-type":"","background-media":"","overlay-type":"","overlay-color":"","overlay-opacity":"","overlay-gradient":""},"mobile":{"background-color":"","background-image":"","background-repeat":"repeat","background-position":"center center","background-size":"auto","background-attachment":"scroll","background-type":"","background-media":"","overlay-type":"","overlay-color":"","overlay-opacity":"","overlay-gradient":""}},"ast-content-background-meta":{"desktop":{"background-color":"var(--ast-global-color-5)","background-image":"","background-repeat":"repeat","background-position":"center center","background-size":"auto","background-attachment":"scroll","background-type":"","background-media":"","overlay-type":"","overlay-color":"","overlay-opacity":"","overlay-gradient":""},"tablet":{"background-color":"var(--ast-global-color-5)","background-image":"","background-repeat":"repeat","background-position":"center center","background-size":"auto","background-attachment":"scroll","background-type":"","background-media":"","overlay-type":"","overlay-color":"","overlay-opacity":"","overlay-gradient":""},"mobile":{"background-color":"var(--ast-global-color-5)","background-image":"","background-repeat":"repeat","background-position":"center center","background-size":"auto","background-attachment":"scroll","background-type":"","background-media":"","overlay-type":"","overlay-color":"","overlay-opacity":"","overlay-gradient":""}},"footnotes":""},"categories":[1],"tags":[],"class_list":["post-3491","post","type-post","status-publish","format-standard","has-post-thumbnail","hentry","category-noticias"],"acf":[],"yoast_head":"<!-- This site is optimized with the Yoast SEO plugin v26.9 - https:\/\/yoast.com\/product\/yoast-seo-wordpress\/ -->\n<title>Sua coluna est\u00e1 com a curvatura acentuada? Cuidado: a causa pode ser o uso do celular. - Usisa\u00fade<\/title>\n<meta name=\"robots\" content=\"index, follow, max-snippet:-1, max-image-preview:large, max-video-preview:-1\" \/>\n<link rel=\"canonical\" href=\"https:\/\/www.fsfx.com.br\/usisaude\/sua-coluna-esta-com-curvatura-acentuada-cuidado-causa-pode-ser-o-uso-do-celular\/\" \/>\n<meta property=\"og:locale\" content=\"pt_BR\" \/>\n<meta property=\"og:type\" content=\"article\" \/>\n<meta property=\"og:title\" content=\"Sua coluna est\u00e1 com a curvatura acentuada? Cuidado: a causa pode ser o uso do celular. - Usisa\u00fade\" \/>\n<meta property=\"og:description\" content=\"&nbsp; Em tempos de hiperconectividade, informa\u00e7\u00e3o em tempo real, comunica\u00e7\u00e3o instant\u00e2nea e diversas redes sociais, as pessoas t\u00eam ficado cada vez mais dependentes dos seus smartphones. Apesar dos benef\u00edcios trazidos pela tecnologia, alguns efeitos colaterais podem ser observados e sentidos na pele. As dores nas costas e no pesco\u00e7o, al\u00e9m de uma acentuada modifica\u00e7\u00e3o da [&hellip;]\" \/>\n<meta property=\"og:url\" content=\"https:\/\/www.fsfx.com.br\/usisaude\/sua-coluna-esta-com-curvatura-acentuada-cuidado-causa-pode-ser-o-uso-do-celular\/\" \/>\n<meta property=\"og:site_name\" content=\"Usisa\u00fade\" \/>\n<meta property=\"article:published_time\" content=\"2017-11-21T18:11:19+00:00\" \/>\n<meta property=\"article:modified_time\" content=\"2024-09-12T18:09:31+00:00\" \/>\n<meta name=\"twitter:card\" content=\"summary_large_image\" \/>\n<meta name=\"twitter:label1\" content=\"Escrito por\" \/>\n\t<meta name=\"twitter:data1\" content=\"\" \/>\n\t<meta name=\"twitter:label2\" content=\"Est. tempo de leitura\" \/>\n\t<meta name=\"twitter:data2\" content=\"2 minutos\" \/>\n<script type=\"application\/ld+json\" class=\"yoast-schema-graph\">{\"@context\":\"https:\/\/schema.org\",\"@graph\":[{\"@type\":\"Article\",\"@id\":\"https:\/\/www.fsfx.com.br\/usisaude\/sua-coluna-esta-com-curvatura-acentuada-cuidado-causa-pode-ser-o-uso-do-celular\/#article\",\"isPartOf\":{\"@id\":\"https:\/\/www.fsfx.com.br\/usisaude\/sua-coluna-esta-com-curvatura-acentuada-cuidado-causa-pode-ser-o-uso-do-celular\/\"},\"author\":{\"name\":\"\",\"@id\":\"\"},\"headline\":\"Sua coluna est\u00e1 com a curvatura acentuada? Cuidado: a causa pode ser o uso do celular.\",\"datePublished\":\"2017-11-21T18:11:19+00:00\",\"dateModified\":\"2024-09-12T18:09:31+00:00\",\"mainEntityOfPage\":{\"@id\":\"https:\/\/www.fsfx.com.br\/usisaude\/sua-coluna-esta-com-curvatura-acentuada-cuidado-causa-pode-ser-o-uso-do-celular\/\"},\"wordCount\":430,\"commentCount\":0,\"publisher\":{\"@id\":\"https:\/\/www.fsfx.com.br\/usisaude\/#organization\"},\"image\":{\"@id\":\"https:\/\/www.fsfx.com.br\/usisaude\/sua-coluna-esta-com-curvatura-acentuada-cuidado-causa-pode-ser-o-uso-do-celular\/#primaryimage\"},\"thumbnailUrl\":\"\",\"articleSection\":[\"Not\u00edcias\"],\"inLanguage\":\"pt-BR\",\"potentialAction\":[{\"@type\":\"CommentAction\",\"name\":\"Comment\",\"target\":[\"https:\/\/www.fsfx.com.br\/usisaude\/sua-coluna-esta-com-curvatura-acentuada-cuidado-causa-pode-ser-o-uso-do-celular\/#respond\"]}]},{\"@type\":\"WebPage\",\"@id\":\"https:\/\/www.fsfx.com.br\/usisaude\/sua-coluna-esta-com-curvatura-acentuada-cuidado-causa-pode-ser-o-uso-do-celular\/\",\"url\":\"https:\/\/www.fsfx.com.br\/usisaude\/sua-coluna-esta-com-curvatura-acentuada-cuidado-causa-pode-ser-o-uso-do-celular\/\",\"name\":\"Sua coluna est\u00e1 com a curvatura acentuada? Cuidado: a causa pode ser o uso do celular. - Usisa\u00fade\",\"isPartOf\":{\"@id\":\"https:\/\/www.fsfx.com.br\/usisaude\/#website\"},\"primaryImageOfPage\":{\"@id\":\"https:\/\/www.fsfx.com.br\/usisaude\/sua-coluna-esta-com-curvatura-acentuada-cuidado-causa-pode-ser-o-uso-do-celular\/#primaryimage\"},\"image\":{\"@id\":\"https:\/\/www.fsfx.com.br\/usisaude\/sua-coluna-esta-com-curvatura-acentuada-cuidado-causa-pode-ser-o-uso-do-celular\/#primaryimage\"},\"thumbnailUrl\":\"\",\"datePublished\":\"2017-11-21T18:11:19+00:00\",\"dateModified\":\"2024-09-12T18:09:31+00:00\",\"breadcrumb\":{\"@id\":\"https:\/\/www.fsfx.com.br\/usisaude\/sua-coluna-esta-com-curvatura-acentuada-cuidado-causa-pode-ser-o-uso-do-celular\/#breadcrumb\"},\"inLanguage\":\"pt-BR\",\"potentialAction\":[{\"@type\":\"ReadAction\",\"target\":[\"https:\/\/www.fsfx.com.br\/usisaude\/sua-coluna-esta-com-curvatura-acentuada-cuidado-causa-pode-ser-o-uso-do-celular\/\"]}]},{\"@type\":\"ImageObject\",\"inLanguage\":\"pt-BR\",\"@id\":\"https:\/\/www.fsfx.com.br\/usisaude\/sua-coluna-esta-com-curvatura-acentuada-cuidado-causa-pode-ser-o-uso-do-celular\/#primaryimage\",\"url\":\"\",\"contentUrl\":\"\"},{\"@type\":\"BreadcrumbList\",\"@id\":\"https:\/\/www.fsfx.com.br\/usisaude\/sua-coluna-esta-com-curvatura-acentuada-cuidado-causa-pode-ser-o-uso-do-celular\/#breadcrumb\",\"itemListElement\":[{\"@type\":\"ListItem\",\"position\":1,\"name\":\"In\u00edcio\",\"item\":\"https:\/\/www.fsfx.com.br\/usisaude\/\"},{\"@type\":\"ListItem\",\"position\":2,\"name\":\"Sua coluna est\u00e1 com a curvatura acentuada? Cuidado: a causa pode ser o uso do celular.\"}]},{\"@type\":\"WebSite\",\"@id\":\"https:\/\/www.fsfx.com.br\/usisaude\/#website\",\"url\":\"https:\/\/www.fsfx.com.br\/usisaude\/\",\"name\":\"Usisa\u00fade\",\"description\":\"Somos a Usisa\u00fade, uma operadora de planos de sa\u00fade da Funda\u00e7\u00e3o S\u00e3o Francisco Xavier (FSFX), a maior em modalidade filantr\u00f3pica do pa\u00eds.\",\"publisher\":{\"@id\":\"https:\/\/www.fsfx.com.br\/usisaude\/#organization\"},\"potentialAction\":[{\"@type\":\"SearchAction\",\"target\":{\"@type\":\"EntryPoint\",\"urlTemplate\":\"https:\/\/www.fsfx.com.br\/usisaude\/?s={search_term_string}\"},\"query-input\":{\"@type\":\"PropertyValueSpecification\",\"valueRequired\":true,\"valueName\":\"search_term_string\"}}],\"inLanguage\":\"pt-BR\"},{\"@type\":\"Organization\",\"@id\":\"https:\/\/www.fsfx.com.br\/usisaude\/#organization\",\"name\":\"Usisa\u00fade\",\"url\":\"https:\/\/www.fsfx.com.br\/usisaude\/\",\"logo\":{\"@type\":\"ImageObject\",\"inLanguage\":\"pt-BR\",\"@id\":\"https:\/\/www.fsfx.com.br\/usisaude\/#\/schema\/logo\/image\/\",\"url\":\"https:\/\/www.fsfx.com.br\/usisaude\/wp-content\/uploads\/sites\/6\/2022\/03\/logo-ususaude-1.svg\",\"contentUrl\":\"https:\/\/www.fsfx.com.br\/usisaude\/wp-content\/uploads\/sites\/6\/2022\/03\/logo-ususaude-1.svg\",\"width\":445,\"height\":196,\"caption\":\"Usisa\u00fade\"},\"image\":{\"@id\":\"https:\/\/www.fsfx.com.br\/usisaude\/#\/schema\/logo\/image\/\"}},{\"@type\":\"Person\",\"@id\":\"\",\"url\":\"https:\/\/www.fsfx.com.br\/usisaude\/author\/\"}]}<\/script>\n<!-- \/ Yoast SEO plugin. -->","yoast_head_json":{"title":"Sua coluna est\u00e1 com a curvatura acentuada? Cuidado: a causa pode ser o uso do celular. - Usisa\u00fade","robots":{"index":"index","follow":"follow","max-snippet":"max-snippet:-1","max-image-preview":"max-image-preview:large","max-video-preview":"max-video-preview:-1"},"canonical":"https:\/\/www.fsfx.com.br\/usisaude\/sua-coluna-esta-com-curvatura-acentuada-cuidado-causa-pode-ser-o-uso-do-celular\/","og_locale":"pt_BR","og_type":"article","og_title":"Sua coluna est\u00e1 com a curvatura acentuada? Cuidado: a causa pode ser o uso do celular. - Usisa\u00fade","og_description":"&nbsp; Em tempos de hiperconectividade, informa\u00e7\u00e3o em tempo real, comunica\u00e7\u00e3o instant\u00e2nea e diversas redes sociais, as pessoas t\u00eam ficado cada vez mais dependentes dos seus smartphones. Apesar dos benef\u00edcios trazidos pela tecnologia, alguns efeitos colaterais podem ser observados e sentidos na pele. As dores nas costas e no pesco\u00e7o, al\u00e9m de uma acentuada modifica\u00e7\u00e3o da [&hellip;]","og_url":"https:\/\/www.fsfx.com.br\/usisaude\/sua-coluna-esta-com-curvatura-acentuada-cuidado-causa-pode-ser-o-uso-do-celular\/","og_site_name":"Usisa\u00fade","article_published_time":"2017-11-21T18:11:19+00:00","article_modified_time":"2024-09-12T18:09:31+00:00","twitter_card":"summary_large_image","twitter_misc":{"Escrito por":"","Est. tempo de leitura":"2 minutos"},"schema":{"@context":"https:\/\/schema.org","@graph":[{"@type":"Article","@id":"https:\/\/www.fsfx.com.br\/usisaude\/sua-coluna-esta-com-curvatura-acentuada-cuidado-causa-pode-ser-o-uso-do-celular\/#article","isPartOf":{"@id":"https:\/\/www.fsfx.com.br\/usisaude\/sua-coluna-esta-com-curvatura-acentuada-cuidado-causa-pode-ser-o-uso-do-celular\/"},"author":{"name":"","@id":""},"headline":"Sua coluna est\u00e1 com a curvatura acentuada? Cuidado: a causa pode ser o uso do celular.","datePublished":"2017-11-21T18:11:19+00:00","dateModified":"2024-09-12T18:09:31+00:00","mainEntityOfPage":{"@id":"https:\/\/www.fsfx.com.br\/usisaude\/sua-coluna-esta-com-curvatura-acentuada-cuidado-causa-pode-ser-o-uso-do-celular\/"},"wordCount":430,"commentCount":0,"publisher":{"@id":"https:\/\/www.fsfx.com.br\/usisaude\/#organization"},"image":{"@id":"https:\/\/www.fsfx.com.br\/usisaude\/sua-coluna-esta-com-curvatura-acentuada-cuidado-causa-pode-ser-o-uso-do-celular\/#primaryimage"},"thumbnailUrl":"","articleSection":["Not\u00edcias"],"inLanguage":"pt-BR","potentialAction":[{"@type":"CommentAction","name":"Comment","target":["https:\/\/www.fsfx.com.br\/usisaude\/sua-coluna-esta-com-curvatura-acentuada-cuidado-causa-pode-ser-o-uso-do-celular\/#respond"]}]},{"@type":"WebPage","@id":"https:\/\/www.fsfx.com.br\/usisaude\/sua-coluna-esta-com-curvatura-acentuada-cuidado-causa-pode-ser-o-uso-do-celular\/","url":"https:\/\/www.fsfx.com.br\/usisaude\/sua-coluna-esta-com-curvatura-acentuada-cuidado-causa-pode-ser-o-uso-do-celular\/","name":"Sua coluna est\u00e1 com a curvatura acentuada? Cuidado: a causa pode ser o uso do celular. - Usisa\u00fade","isPartOf":{"@id":"https:\/\/www.fsfx.com.br\/usisaude\/#website"},"primaryImageOfPage":{"@id":"https:\/\/www.fsfx.com.br\/usisaude\/sua-coluna-esta-com-curvatura-acentuada-cuidado-causa-pode-ser-o-uso-do-celular\/#primaryimage"},"image":{"@id":"https:\/\/www.fsfx.com.br\/usisaude\/sua-coluna-esta-com-curvatura-acentuada-cuidado-causa-pode-ser-o-uso-do-celular\/#primaryimage"},"thumbnailUrl":"","datePublished":"2017-11-21T18:11:19+00:00","dateModified":"2024-09-12T18:09:31+00:00","breadcrumb":{"@id":"https:\/\/www.fsfx.com.br\/usisaude\/sua-coluna-esta-com-curvatura-acentuada-cuidado-causa-pode-ser-o-uso-do-celular\/#breadcrumb"},"inLanguage":"pt-BR","potentialAction":[{"@type":"ReadAction","target":["https:\/\/www.fsfx.com.br\/usisaude\/sua-coluna-esta-com-curvatura-acentuada-cuidado-causa-pode-ser-o-uso-do-celular\/"]}]},{"@type":"ImageObject","inLanguage":"pt-BR","@id":"https:\/\/www.fsfx.com.br\/usisaude\/sua-coluna-esta-com-curvatura-acentuada-cuidado-causa-pode-ser-o-uso-do-celular\/#primaryimage","url":"","contentUrl":""},{"@type":"BreadcrumbList","@id":"https:\/\/www.fsfx.com.br\/usisaude\/sua-coluna-esta-com-curvatura-acentuada-cuidado-causa-pode-ser-o-uso-do-celular\/#breadcrumb","itemListElement":[{"@type":"ListItem","position":1,"name":"In\u00edcio","item":"https:\/\/www.fsfx.com.br\/usisaude\/"},{"@type":"ListItem","position":2,"name":"Sua coluna est\u00e1 com a curvatura acentuada? Cuidado: a causa pode ser o uso do celular."}]},{"@type":"WebSite","@id":"https:\/\/www.fsfx.com.br\/usisaude\/#website","url":"https:\/\/www.fsfx.com.br\/usisaude\/","name":"Usisa\u00fade","description":"Somos a Usisa\u00fade, uma operadora de planos de sa\u00fade da Funda\u00e7\u00e3o S\u00e3o Francisco Xavier (FSFX), a maior em modalidade filantr\u00f3pica do pa\u00eds.","publisher":{"@id":"https:\/\/www.fsfx.com.br\/usisaude\/#organization"},"potentialAction":[{"@type":"SearchAction","target":{"@type":"EntryPoint","urlTemplate":"https:\/\/www.fsfx.com.br\/usisaude\/?s={search_term_string}"},"query-input":{"@type":"PropertyValueSpecification","valueRequired":true,"valueName":"search_term_string"}}],"inLanguage":"pt-BR"},{"@type":"Organization","@id":"https:\/\/www.fsfx.com.br\/usisaude\/#organization","name":"Usisa\u00fade","url":"https:\/\/www.fsfx.com.br\/usisaude\/","logo":{"@type":"ImageObject","inLanguage":"pt-BR","@id":"https:\/\/www.fsfx.com.br\/usisaude\/#\/schema\/logo\/image\/","url":"https:\/\/www.fsfx.com.br\/usisaude\/wp-content\/uploads\/sites\/6\/2022\/03\/logo-ususaude-1.svg","contentUrl":"https:\/\/www.fsfx.com.br\/usisaude\/wp-content\/uploads\/sites\/6\/2022\/03\/logo-ususaude-1.svg","width":445,"height":196,"caption":"Usisa\u00fade"},"image":{"@id":"https:\/\/www.fsfx.com.br\/usisaude\/#\/schema\/logo\/image\/"}},{"@type":"Person","@id":"","url":"https:\/\/www.fsfx.com.br\/usisaude\/author\/"}]}},"_links":{"self":[{"href":"https:\/\/www.fsfx.com.br\/usisaude\/wp-json\/wp\/v2\/posts\/3491","targetHints":{"allow":["GET"]}}],"collection":[{"href":"https:\/\/www.fsfx.com.br\/usisaude\/wp-json\/wp\/v2\/posts"}],"about":[{"href":"https:\/\/www.fsfx.com.br\/usisaude\/wp-json\/wp\/v2\/types\/post"}],"author":[{"embeddable":true,"href":"https:\/\/www.fsfx.com.br\/usisaude\/wp-json\/wp\/v2\/users\/9"}],"replies":[{"embeddable":true,"href":"https:\/\/www.fsfx.com.br\/usisaude\/wp-json\/wp\/v2\/comments?post=3491"}],"version-history":[{"count":1,"href":"https:\/\/www.fsfx.com.br\/usisaude\/wp-json\/wp\/v2\/posts\/3491\/revisions"}],"predecessor-version":[{"id":10981,"href":"https:\/\/www.fsfx.com.br\/usisaude\/wp-json\/wp\/v2\/posts\/3491\/revisions\/10981"}],"wp:featuredmedia":[{"embeddable":true,"href":"https:\/\/www.fsfx.com.br\/usisaude\/wp-json\/"}],"wp:attachment":[{"href":"https:\/\/www.fsfx.com.br\/usisaude\/wp-json\/wp\/v2\/media?parent=3491"}],"wp:term":[{"taxonomy":"category","embeddable":true,"href":"https:\/\/www.fsfx.com.br\/usisaude\/wp-json\/wp\/v2\/categories?post=3491"},{"taxonomy":"post_tag","embeddable":true,"href":"https:\/\/www.fsfx.com.br\/usisaude\/wp-json\/wp\/v2\/tags?post=3491"}],"curies":[{"name":"wp","href":"https:\/\/api.w.org\/{rel}","templated":true}]}}