{"id":3537,"date":"2018-02-15T18:29:24","date_gmt":"2018-02-15T18:29:24","guid":{"rendered":"http:\/\/www.fsfx.com.br\/atituderimacomsaude\/?p=3537"},"modified":"2024-09-12T15:09:30","modified_gmt":"2024-09-12T18:09:30","slug":"obesidade-e-aspectos-psicologicos-qual-relacao-entre-eles","status":"publish","type":"post","link":"https:\/\/www.fsfx.com.br\/usisaude\/obesidade-e-aspectos-psicologicos-qual-relacao-entre-eles\/","title":{"rendered":"Obesidade e altera\u00e7\u00f5es psicol\u00f3gicas: qual a rela\u00e7\u00e3o entre elas?"},"content":{"rendered":"<p><span style=\"font-weight: 400\">Tempo de leitura: 8 minutos<\/span><\/p>\n<p><strong>Conte\u00fado atualizado em 08\/10\/2020<\/strong><\/p>\n<p><span style=\"font-weight: 400\">A obesidade \u00e9 uma condi\u00e7\u00e3o cr\u00f4nica, que afeta um elevado n\u00famero de pessoas por todo o mundo, atinge todas as faixas et\u00e1rias e \u00e9 considerada um grave problema de sa\u00fade p\u00fablica. O excesso de peso pode desencadear uma grande carga psicol\u00f3gica, favorecendo o surgimento de desordens emocionais, como epis\u00f3dios de compuls\u00e3o, dificuldades em se relacionar com outras pessoas, ansiedade e at\u00e9 depress\u00e3o.<\/span><\/p>\n<p><span style=\"font-weight: 400\">Neste conte\u00fado, voc\u00ea vai entender um pouco mais sobre a rela\u00e7\u00e3o existente entre obesidade e altera\u00e7\u00f5es psicol\u00f3gicas. Continue a leitura e saiba mais!<\/span><\/p>\n<h2><b>O que \u00e9 obesidade?<\/b><\/h2>\n<p><span style=\"font-weight: 400\">A obesidade \u00e9 caracterizada pelo ac\u00famulo de gordura corporal de forma excessiva. Trata-se de um dist\u00farbio metab\u00f3lico, resultante do desequil\u00edbrio energ\u00e9tico entre o consumo e o gasto de energia, ou seja, quando a quantidade de calorias ingerida \u00e9 maior do que a necessidade do organismo.\u00a0 \u00c9 considerada uma doen\u00e7a multifatorial, isto \u00e9, que pode ser desencadeada por diferentes fatores. Entre eles, destaca-se:<\/span><\/p>\n<ul>\n<li style=\"font-weight: 400\"><span style=\"font-weight: 400\">Fatores emocionais (estresse, ansiedade, depress\u00e3o, des\u00e2nimo, inseguran\u00e7a e at\u00e9 o medo se sentindo incapaz de alcan\u00e7ar os pr\u00f3prios objetivos); <\/span><span style=\"font-weight: 400\">\u00a0<\/span><\/li>\n<li style=\"font-weight: 400\"><span style=\"font-weight: 400\">Fatores culturais (padr\u00e3o de beleza no perfil magro, mas com incentivo ao consumo de <\/span><i><span style=\"font-weight: 400\">fast foods<\/span><\/i><span style=\"font-weight: 400\"> &#8211; que s\u00e3o alimentos com alto valor cal\u00f3ricos e pouco nutritivos);<\/span><\/li>\n<li style=\"font-weight: 400\"><span style=\"font-weight: 400\">Disfun\u00e7\u00f5es endocrinol\u00f3gicas (altera\u00e7\u00f5es no sistema hormonal);<\/span><\/li>\n<li style=\"font-weight: 400\"><span style=\"font-weight: 400\">Fatores heredit\u00e1rios, que passam de pais para filhos;<\/span><\/li>\n<li style=\"font-weight: 400\"><span style=\"font-weight: 400\">Aspectos ambientais (referentes ao estilo de vida, como sedentarismo, m\u00e1 alimenta\u00e7\u00e3o, renda e acesso a servi\u00e7os em sa\u00fade), entre outros.<\/span><\/li>\n<\/ul>\n<h3><b>Quais os principais riscos da obesidade?<\/b><\/h3>\n<p><span style=\"font-weight: 400\">Estudos mostram que a obesidade pode sobrecarregar os \u00f3rg\u00e3os do corpo; estar acima do peso exige que o corpo trabalhe mais, aumentando a demanda de oxig\u00eanio e sangue. Indiv\u00edduos obesos s\u00e3o mais propensos a desenvolver diversas doen\u00e7as, tais como:<\/span><\/p>\n<ul>\n<li style=\"font-weight: 400\"><span style=\"font-weight: 400\">Diabetes;<\/span><\/li>\n<li style=\"font-weight: 400\"><span style=\"font-weight: 400\">Hipertens\u00e3o arterial;\u00a0<\/span><\/li>\n<li style=\"font-weight: 400\"><span style=\"font-weight: 400\">Problemas articulares, como artrose;<\/span><\/li>\n<li style=\"font-weight: 400\"><span style=\"font-weight: 400\">Doen\u00e7as cardiovasculares e maior predisposi\u00e7\u00e3o a ter infarto e acidente vascular cerebral (AVC);<\/span><\/li>\n<li style=\"font-weight: 400\"><span style=\"font-weight: 400\">Dificuldades respirat\u00f3rias e apneia do sono;<\/span><\/li>\n<li style=\"font-weight: 400\"><span style=\"font-weight: 400\">Doen\u00e7as digestivas, como esteatose hep\u00e1tica (f\u00edgado gorduroso) e pancreatite;<\/span><\/li>\n<li style=\"font-weight: 400\"><span style=\"font-weight: 400\">Infertilidade;<\/span><\/li>\n<li style=\"font-weight: 400\"><span style=\"font-weight: 400\">Alguns tipos de c\u00e2ncer; dentre outros.<\/span><\/li>\n<\/ul>\n<p><span style=\"font-weight: 400\">Outro ponto de preocupa\u00e7\u00e3o \u00e9 o desenvolvimento de doen\u00e7as psicossociais.<\/span><\/p>\n<h2><b>Entenda qual \u00e9 a rela\u00e7\u00e3o existente entre a obesidade e altera\u00e7\u00f5es psicol\u00f3gicas<\/b><\/h2>\n<p><span style=\"font-weight: 400\">A rela\u00e7\u00e3o entre obesidade e altera\u00e7\u00f5es psicol\u00f3gicas, como ansiedade e depress\u00e3o, parece ser bidirecional, ou seja, o excesso de peso pode aumentar a probabilidade do surgimento dessas desordens, assim como as pessoas obesas (ou com sobrepeso) est\u00e3o mais propensas a terem algum tipo de altera\u00e7\u00e3o psicol\u00f3gica.\u00a0<\/span><\/p>\n<p><span style=\"font-weight: 400\">\u00c9 poss\u00edvel perceber que, alguns sintomas que envolvem a ansiedade e depress\u00e3o, como tristeza, desanimo, perda de interesse e prazer, distor\u00e7\u00f5es do apetite e baixa autoestima, podem prejudicar o autocuidado e favorecer o ganho de peso. Por outro lado, a percep\u00e7\u00e3o de estar acima do peso, j\u00e1 \u00e9 um fator de risco para o surgimento de sintomas depressivos. Outro ponto interessante, discutido em alguns estudos, \u00e9 que, pessoas ansiosas tendem a \u201cbeliscar\u201d mais, resultando no aumento do peso.<\/span><\/p>\n<p><span style=\"font-weight: 400\">Outra associa\u00e7\u00e3o direta est\u00e1 entre a press\u00e3o social, para que todos se enquadrem em um padr\u00e3o de beleza, e desencadeamento de sintomas de ansiedade e depress\u00e3o em algumas pessoas, principalmente as que j\u00e1 est\u00e3o acima do peso.\u00a0<\/span><\/p>\n<p><span style=\"font-weight: 400\">O estresse e a correria do dia a dia tamb\u00e9m afetam tanto o estado emocional das pessoas, quanto a sua rela\u00e7\u00e3o com a comida, propiciando um descontrole nas escolhas alimentares e tornando os indiv\u00edduos mais vulner\u00e1vel \u00e0 obesidade.<\/span><\/p>\n<p><span style=\"font-weight: 400\">Os fatores psicol\u00f3gicos exercem um papel determinante em nossa sa\u00fade e podem trazer altera\u00e7\u00f5es significativas ao organismo. Portanto, \u00e0 medida que a aumenta a preval\u00eancia de doen\u00e7as relacionadas \u00e0 sa\u00fade mental e obesidade, entender a conex\u00e3o entre as duas e desenvolver tratamento que as abordem simultaneamente \u00e9 de grande import\u00e2ncia.<\/span><\/p>\n<h2><b>Saiba mais sobre o tratamento da obesidade<\/b><\/h2>\n<p><span style=\"font-weight: 400\">A seguir, selecionamos alguns pontos importantes sobre o tratamento da obesidade. Mudan\u00e7as no estilo de vida tamb\u00e9m s\u00e3o fortes aliadas contra as altera\u00e7\u00f5es psicol\u00f3gicas mais frequentes.<\/span><\/p>\n<h3><b>H\u00e1bitos alimentares<\/b><\/h3>\n<p><span style=\"font-weight: 400\">Adotar h\u00e1bitos alimentares saud\u00e1veis \u00e9 importante para todos, independentemente do peso e faixa et\u00e1ria. Por meio de uma alimenta\u00e7\u00e3o balanceada e rica em nutrientes, al\u00e9m da preven\u00e7\u00e3o de doen\u00e7as, o indiv\u00edduo ter\u00e1 melhor qualidade de vida, mantendo<\/span> <span style=\"font-weight: 400\">um equil\u00edbrio hormonal, reduzindo dores causadas pelo excesso de peso e ainda melhoras no humor.\u00a0<\/span><\/p>\n<p><span style=\"font-weight: 400\">Quando se pensa em h\u00e1bitos alimentares saud\u00e1veis, a base para uma alimenta\u00e7\u00e3o equilibrada \u00e9 sempre priorizar alimentos <\/span><i><span style=\"font-weight: 400\">in natura <\/span><\/i><span style=\"font-weight: 400\">e evitar o consumo em excesso de alimentos processados e ultraprocessados. Alimentos <\/span><i><span style=\"font-weight: 400\">in natura <\/span><\/i><span style=\"font-weight: 400\">como frutas e verduras s\u00e3o fontes de nutrientes importantes e fibras, que, al\u00e9m de contribuir para boa sa\u00fade auxiliam na perda de peso e controle do colesterol e glicemia. Diferente dos alimentos processados e ultraprocessados, uma vez que sua composi\u00e7\u00e3o \u00e9 a base de s\u00f3dio, a\u00e7\u00facares e gorduras e ingredientes que, quando consumidas com frequ\u00eancia, podem alterar a press\u00e3o arterial e aumentar os n\u00edveis de colesterol LDL (ruim).<\/span><\/p>\n<h3><b>Exerc\u00edcios f\u00edsicos<\/b><\/h3>\n<p><span style=\"font-weight: 400\">O exerc\u00edcio apresenta uma s\u00e9rie de benef\u00edcios para o paciente obeso, melhorando o rendimento do tratamento com dieta.\u00a0<\/span><\/p>\n<p><span style=\"font-weight: 400\">A pr\u00e1tica de exerc\u00edcios f\u00edsicos \u00e9 essencial para o aumento do gasto cal\u00f3rico e controle do excesso de peso, mas deve ser sempre acompanhada por um profissional habilitado. Mesmo sem sair de casa, existem uma s\u00e9rie de alternativas para sair do sedentarismo. Os exerc\u00edcios n\u00e3o s\u00e3o apenas para o corpo, mas tamb\u00e9m s\u00e3o muito importantes para a mente, por proporcionar uma sensa\u00e7\u00e3o de satisfa\u00e7\u00e3o, aumentar a disposi\u00e7\u00e3o e ainda melhorar as noites de sono. <\/span><a href=\"http:\/\/atituderimacomsaude.com.br\/atividades-fisicas-que-ajudam-a-controlar-ansiedade\/\"><span style=\"font-weight: 400\">Atividades f\u00edsicas que ajudam a controlar ansiedade<\/span><\/a><span style=\"font-weight: 400\"> tamb\u00e9m s\u00e3o de grande aliadas no processo.<\/span><\/p>\n<p><span style=\"font-weight: 400\">Conhe\u00e7a algumas atividades simples e que podem ser <\/span><a href=\"http:\/\/atituderimacomsaude.com.br\/atividades-fisicas-para-fazer-em-casa\/\"><span style=\"font-weight: 400\">feitas em casa<\/span><\/a><span style=\"font-weight: 400\">, sem a necessidade de nenhum equipamento sofisticado.\u00a0<\/span><\/p>\n<h3><b>Acompanhamento multiprofissional<\/b><\/h3>\n<p><span style=\"font-weight: 400\">O ideal \u00e9 que o indiv\u00edduo seja acompanhado por uma equipe multidisciplinar, que conta com profissionais m\u00e9dicos, nutricionistas e psic\u00f3logos, onde receber\u00e1 o suporte necess\u00e1rio para a promo\u00e7\u00e3o de mudan\u00e7as no estilo de vida, olhando para o paciente com individualidade e tratando tamb\u00e9m doen\u00e7as pr\u00e9 existentes.\u00a0<\/span><\/p>\n<p><span style=\"font-weight: 400\">Assim, \u00e9 poss\u00edvel garantir que o tratamento da obesidade seja consistente, pois cada profissional tem o papel de exercer uma fun\u00e7\u00e3o espec\u00edfica, visando tratar o paciente como um todo e inclusive os aspectos emocionais. Atuando em conjunto, esses profissionais ir\u00e3o auxiliar n\u00e3o apenas no tratamento f\u00edsico, mas tamb\u00e9m na manuten\u00e7\u00e3o de uma mente saud\u00e1vel.<\/span><\/p>\n<p><span style=\"font-weight: 400\">Conforme vimos, a obesidade \u00e9 uma doen\u00e7a que traz riscos para a sa\u00fade do indiv\u00edduo, al\u00e9m de estar fortemente relacionada a fatores emocionais e psicol\u00f3gicos.<\/span><\/p>\n<p><b>Refer\u00eancias:<\/b><\/p>\n<p><span style=\"font-weight: 400\">ASSOCIA\u00c7\u00c3O BRASILEIRA PARA O ESTUDO DA OBESIDADE E S\u00cdNDROME DA METAB\u00d3LICA (ABESO). Mapa da obesidade. Dispon\u00edvel em: https:\/\/abeso.org.br\/obesidade-e-sindrome-metabolica\/mapa-da-obesidade\/. Acesso em: 06 out. 2020.<\/span><\/p>\n<p><span style=\"font-weight: 400\">LIMA, Ana Carolina Rimoldi; OLIVEIRA, Ang\u00e9lica Borges. <\/span><b>Fatores psicol\u00f3gicos da obesidade e alguns apontamentos sobre a terapia cognitivo-comportamental<\/b><span style=\"font-weight: 400\">. Mudan\u00e7as \u2013 Psicologia da Sa\u00fade, v.24, n.1, p1-14, 2016. Dispon\u00edvel em: https:\/\/www.metodista.br\/revistas\/revistas-ims\/index.php\/MUD\/article\/download\/6465\/5348. Acesso em: 06 out. 2020.<\/span><\/p>\n<p><span style=\"font-weight: 400\">MINIST\u00c9RIO DA SA\u00daDE. <\/span><b>Perspectivas e desafios no cuidado \u00e0s pessoas com obesidade no SUS: Resultados do laborat\u00f3rio de inova\u00e7\u00e3o no manejo da obesidade nas redes de aten\u00e7\u00e3o \u00e0 sa\u00fade<\/b><span style=\"font-weight: 400\">. Dispon\u00edvel em: http:\/\/bvsms.saude.gov.br\/bvs\/publicacoes\/perspectivas_desafios_cuidado_pessoas_obesidade.pdf. Acesso em: 06 out. 2020.<\/span><\/p>\n<p><span style=\"font-weight: 400\">SILVA, Juliana Medeiros; DIONISIO, Gustavo Henrique. <\/span><b>Panorama sobre a obesidade: do vi\u00e9s cultural aos aspectos ps\u00edquicos<\/b><span style=\"font-weight: 400\">. Rev. SBPH [online], v.22, n.2, p.248-275, 2019. Dispon\u00edvel em: <\/span><span style=\"font-weight: 400\">http:\/\/pepsic.bvsalud.org\/scielo.php?script=sci_arttext&amp;pid=S1516-08582019000300014&amp;lng=pt&amp;nrm=iso#:~:text=A%20Associa%C3%A7%C3%A3o%20Brasileira%20para%20o,das%20pessoas%20se%20tornarem%20obesas<\/span><span style=\"font-weight: 400\">. Acesso em: 06 out. 2020.<\/span><\/p>\n","protected":false},"excerpt":{"rendered":"<p>Tempo de leitura: 8 minutos Conte\u00fado atualizado em 08\/10\/2020 A obesidade \u00e9 uma condi\u00e7\u00e3o cr\u00f4nica, que afeta um elevado n\u00famero de pessoas por todo o mundo, atinge todas as faixas et\u00e1rias e \u00e9 considerada um grave problema de sa\u00fade p\u00fablica. O excesso de peso pode desencadear uma grande carga psicol\u00f3gica, favorecendo o surgimento de desordens [&hellip;]<\/p>\n","protected":false},"author":9,"featured_media":4050,"comment_status":"open","ping_status":"open","sticky":false,"template":"","format":"standard","meta":{"_acf_changed":false,"site-sidebar-layout":"default","site-content-layout":"","ast-site-content-layout":"default","site-content-style":"default","site-sidebar-style":"default","ast-global-header-display":"","ast-banner-title-visibility":"","ast-main-header-display":"","ast-hfb-above-header-display":"","ast-hfb-below-header-display":"","ast-hfb-mobile-header-display":"","site-post-title":"","ast-breadcrumbs-content":"","ast-featured-img":"","footer-sml-layout":"","theme-transparent-header-meta":"","adv-header-id-meta":"","stick-header-meta":"","header-above-stick-meta":"","header-main-stick-meta":"","header-below-stick-meta":"","astra-migrate-meta-layouts":"default","ast-page-background-enabled":"default","ast-page-background-meta":{"desktop":{"background-color":"var(--ast-global-color-4)","background-image":"","background-repeat":"repeat","background-position":"center center","background-size":"auto","background-attachment":"scroll","background-type":"","background-media":"","overlay-type":"","overlay-color":"","overlay-opacity":"","overlay-gradient":""},"tablet":{"background-color":"","background-image":"","background-repeat":"repeat","background-position":"center center","background-size":"auto","background-attachment":"scroll","background-type":"","background-media":"","overlay-type":"","overlay-color":"","overlay-opacity":"","overlay-gradient":""},"mobile":{"background-color":"","background-image":"","background-repeat":"repeat","background-position":"center center","background-size":"auto","background-attachment":"scroll","background-type":"","background-media":"","overlay-type":"","overlay-color":"","overlay-opacity":"","overlay-gradient":""}},"ast-content-background-meta":{"desktop":{"background-color":"var(--ast-global-color-5)","background-image":"","background-repeat":"repeat","background-position":"center center","background-size":"auto","background-attachment":"scroll","background-type":"","background-media":"","overlay-type":"","overlay-color":"","overlay-opacity":"","overlay-gradient":""},"tablet":{"background-color":"var(--ast-global-color-5)","background-image":"","background-repeat":"repeat","background-position":"center center","background-size":"auto","background-attachment":"scroll","background-type":"","background-media":"","overlay-type":"","overlay-color":"","overlay-opacity":"","overlay-gradient":""},"mobile":{"background-color":"var(--ast-global-color-5)","background-image":"","background-repeat":"repeat","background-position":"center center","background-size":"auto","background-attachment":"scroll","background-type":"","background-media":"","overlay-type":"","overlay-color":"","overlay-opacity":"","overlay-gradient":""}},"footnotes":""},"categories":[1],"tags":[228],"class_list":["post-3537","post","type-post","status-publish","format-standard","has-post-thumbnail","hentry","category-noticias","tag-metodos-a"],"acf":[],"yoast_head":"<!-- This site is optimized with the Yoast SEO plugin v26.9 - https:\/\/yoast.com\/product\/yoast-seo-wordpress\/ -->\n<title>Obesidade e altera\u00e7\u00f5es psicol\u00f3gicas: qual a rela\u00e7\u00e3o entre elas?<\/title>\n<meta name=\"description\" content=\"Entenda a rela\u00e7\u00e3o da obesidade com altera\u00e7\u00f5es psicol\u00f3gicas e como fazer o tratamento adequado para esta condi\u00e7\u00e3o com todos os cuidados necess\u00e1rios.\" \/>\n<meta name=\"robots\" content=\"index, follow, max-snippet:-1, max-image-preview:large, max-video-preview:-1\" \/>\n<link rel=\"canonical\" href=\"https:\/\/www.fsfx.com.br\/usisaude\/obesidade-e-aspectos-psicologicos-qual-relacao-entre-eles\/\" \/>\n<meta property=\"og:locale\" content=\"pt_BR\" \/>\n<meta property=\"og:type\" content=\"article\" \/>\n<meta property=\"og:title\" content=\"Obesidade e altera\u00e7\u00f5es psicol\u00f3gicas: qual a rela\u00e7\u00e3o entre elas?\" \/>\n<meta property=\"og:description\" content=\"Entenda a rela\u00e7\u00e3o da obesidade com altera\u00e7\u00f5es psicol\u00f3gicas e como fazer o tratamento adequado para esta condi\u00e7\u00e3o com todos os cuidados necess\u00e1rios.\" \/>\n<meta property=\"og:url\" content=\"https:\/\/www.fsfx.com.br\/usisaude\/obesidade-e-aspectos-psicologicos-qual-relacao-entre-eles\/\" \/>\n<meta property=\"og:site_name\" content=\"Usisa\u00fade\" \/>\n<meta property=\"article:published_time\" content=\"2018-02-15T18:29:24+00:00\" \/>\n<meta property=\"article:modified_time\" content=\"2024-09-12T18:09:30+00:00\" \/>\n<meta name=\"twitter:card\" content=\"summary_large_image\" \/>\n<meta name=\"twitter:label1\" content=\"Escrito por\" \/>\n\t<meta name=\"twitter:data1\" content=\"\" \/>\n\t<meta name=\"twitter:label2\" content=\"Est. tempo de leitura\" \/>\n\t<meta name=\"twitter:data2\" content=\"7 minutos\" \/>\n<script type=\"application\/ld+json\" class=\"yoast-schema-graph\">{\"@context\":\"https:\/\/schema.org\",\"@graph\":[{\"@type\":\"Article\",\"@id\":\"https:\/\/www.fsfx.com.br\/usisaude\/obesidade-e-aspectos-psicologicos-qual-relacao-entre-eles\/#article\",\"isPartOf\":{\"@id\":\"https:\/\/www.fsfx.com.br\/usisaude\/obesidade-e-aspectos-psicologicos-qual-relacao-entre-eles\/\"},\"author\":{\"name\":\"\",\"@id\":\"\"},\"headline\":\"Obesidade e altera\u00e7\u00f5es psicol\u00f3gicas: qual a rela\u00e7\u00e3o entre elas?\",\"datePublished\":\"2018-02-15T18:29:24+00:00\",\"dateModified\":\"2024-09-12T18:09:30+00:00\",\"mainEntityOfPage\":{\"@id\":\"https:\/\/www.fsfx.com.br\/usisaude\/obesidade-e-aspectos-psicologicos-qual-relacao-entre-eles\/\"},\"wordCount\":1377,\"commentCount\":0,\"publisher\":{\"@id\":\"https:\/\/www.fsfx.com.br\/usisaude\/#organization\"},\"image\":{\"@id\":\"https:\/\/www.fsfx.com.br\/usisaude\/obesidade-e-aspectos-psicologicos-qual-relacao-entre-eles\/#primaryimage\"},\"thumbnailUrl\":\"\",\"keywords\":[\"metodos a\"],\"articleSection\":[\"Not\u00edcias\"],\"inLanguage\":\"pt-BR\",\"potentialAction\":[{\"@type\":\"CommentAction\",\"name\":\"Comment\",\"target\":[\"https:\/\/www.fsfx.com.br\/usisaude\/obesidade-e-aspectos-psicologicos-qual-relacao-entre-eles\/#respond\"]}]},{\"@type\":\"WebPage\",\"@id\":\"https:\/\/www.fsfx.com.br\/usisaude\/obesidade-e-aspectos-psicologicos-qual-relacao-entre-eles\/\",\"url\":\"https:\/\/www.fsfx.com.br\/usisaude\/obesidade-e-aspectos-psicologicos-qual-relacao-entre-eles\/\",\"name\":\"Obesidade e altera\u00e7\u00f5es psicol\u00f3gicas: qual a rela\u00e7\u00e3o entre elas?\",\"isPartOf\":{\"@id\":\"https:\/\/www.fsfx.com.br\/usisaude\/#website\"},\"primaryImageOfPage\":{\"@id\":\"https:\/\/www.fsfx.com.br\/usisaude\/obesidade-e-aspectos-psicologicos-qual-relacao-entre-eles\/#primaryimage\"},\"image\":{\"@id\":\"https:\/\/www.fsfx.com.br\/usisaude\/obesidade-e-aspectos-psicologicos-qual-relacao-entre-eles\/#primaryimage\"},\"thumbnailUrl\":\"\",\"datePublished\":\"2018-02-15T18:29:24+00:00\",\"dateModified\":\"2024-09-12T18:09:30+00:00\",\"description\":\"Entenda a rela\u00e7\u00e3o da obesidade com altera\u00e7\u00f5es psicol\u00f3gicas e como fazer o tratamento adequado para esta condi\u00e7\u00e3o com todos os cuidados necess\u00e1rios.\",\"breadcrumb\":{\"@id\":\"https:\/\/www.fsfx.com.br\/usisaude\/obesidade-e-aspectos-psicologicos-qual-relacao-entre-eles\/#breadcrumb\"},\"inLanguage\":\"pt-BR\",\"potentialAction\":[{\"@type\":\"ReadAction\",\"target\":[\"https:\/\/www.fsfx.com.br\/usisaude\/obesidade-e-aspectos-psicologicos-qual-relacao-entre-eles\/\"]}]},{\"@type\":\"ImageObject\",\"inLanguage\":\"pt-BR\",\"@id\":\"https:\/\/www.fsfx.com.br\/usisaude\/obesidade-e-aspectos-psicologicos-qual-relacao-entre-eles\/#primaryimage\",\"url\":\"\",\"contentUrl\":\"\"},{\"@type\":\"BreadcrumbList\",\"@id\":\"https:\/\/www.fsfx.com.br\/usisaude\/obesidade-e-aspectos-psicologicos-qual-relacao-entre-eles\/#breadcrumb\",\"itemListElement\":[{\"@type\":\"ListItem\",\"position\":1,\"name\":\"In\u00edcio\",\"item\":\"https:\/\/www.fsfx.com.br\/usisaude\/\"},{\"@type\":\"ListItem\",\"position\":2,\"name\":\"Obesidade e altera\u00e7\u00f5es psicol\u00f3gicas: qual a rela\u00e7\u00e3o entre elas?\"}]},{\"@type\":\"WebSite\",\"@id\":\"https:\/\/www.fsfx.com.br\/usisaude\/#website\",\"url\":\"https:\/\/www.fsfx.com.br\/usisaude\/\",\"name\":\"Usisa\u00fade\",\"description\":\"Somos a Usisa\u00fade, uma operadora de planos de sa\u00fade da Funda\u00e7\u00e3o S\u00e3o Francisco Xavier (FSFX), a maior em modalidade filantr\u00f3pica do pa\u00eds.\",\"publisher\":{\"@id\":\"https:\/\/www.fsfx.com.br\/usisaude\/#organization\"},\"potentialAction\":[{\"@type\":\"SearchAction\",\"target\":{\"@type\":\"EntryPoint\",\"urlTemplate\":\"https:\/\/www.fsfx.com.br\/usisaude\/?s={search_term_string}\"},\"query-input\":{\"@type\":\"PropertyValueSpecification\",\"valueRequired\":true,\"valueName\":\"search_term_string\"}}],\"inLanguage\":\"pt-BR\"},{\"@type\":\"Organization\",\"@id\":\"https:\/\/www.fsfx.com.br\/usisaude\/#organization\",\"name\":\"Usisa\u00fade\",\"url\":\"https:\/\/www.fsfx.com.br\/usisaude\/\",\"logo\":{\"@type\":\"ImageObject\",\"inLanguage\":\"pt-BR\",\"@id\":\"https:\/\/www.fsfx.com.br\/usisaude\/#\/schema\/logo\/image\/\",\"url\":\"https:\/\/www.fsfx.com.br\/usisaude\/wp-content\/uploads\/sites\/6\/2022\/03\/logo-ususaude-1.svg\",\"contentUrl\":\"https:\/\/www.fsfx.com.br\/usisaude\/wp-content\/uploads\/sites\/6\/2022\/03\/logo-ususaude-1.svg\",\"width\":445,\"height\":196,\"caption\":\"Usisa\u00fade\"},\"image\":{\"@id\":\"https:\/\/www.fsfx.com.br\/usisaude\/#\/schema\/logo\/image\/\"}},{\"@type\":\"Person\",\"@id\":\"\",\"url\":\"https:\/\/www.fsfx.com.br\/usisaude\/author\/\"}]}<\/script>\n<!-- \/ Yoast SEO plugin. -->","yoast_head_json":{"title":"Obesidade e altera\u00e7\u00f5es psicol\u00f3gicas: qual a rela\u00e7\u00e3o entre elas?","description":"Entenda a rela\u00e7\u00e3o da obesidade com altera\u00e7\u00f5es psicol\u00f3gicas e como fazer o tratamento adequado para esta condi\u00e7\u00e3o com todos os cuidados necess\u00e1rios.","robots":{"index":"index","follow":"follow","max-snippet":"max-snippet:-1","max-image-preview":"max-image-preview:large","max-video-preview":"max-video-preview:-1"},"canonical":"https:\/\/www.fsfx.com.br\/usisaude\/obesidade-e-aspectos-psicologicos-qual-relacao-entre-eles\/","og_locale":"pt_BR","og_type":"article","og_title":"Obesidade e altera\u00e7\u00f5es psicol\u00f3gicas: qual a rela\u00e7\u00e3o entre elas?","og_description":"Entenda a rela\u00e7\u00e3o da obesidade com altera\u00e7\u00f5es psicol\u00f3gicas e como fazer o tratamento adequado para esta condi\u00e7\u00e3o com todos os cuidados necess\u00e1rios.","og_url":"https:\/\/www.fsfx.com.br\/usisaude\/obesidade-e-aspectos-psicologicos-qual-relacao-entre-eles\/","og_site_name":"Usisa\u00fade","article_published_time":"2018-02-15T18:29:24+00:00","article_modified_time":"2024-09-12T18:09:30+00:00","twitter_card":"summary_large_image","twitter_misc":{"Escrito por":"","Est. tempo de leitura":"7 minutos"},"schema":{"@context":"https:\/\/schema.org","@graph":[{"@type":"Article","@id":"https:\/\/www.fsfx.com.br\/usisaude\/obesidade-e-aspectos-psicologicos-qual-relacao-entre-eles\/#article","isPartOf":{"@id":"https:\/\/www.fsfx.com.br\/usisaude\/obesidade-e-aspectos-psicologicos-qual-relacao-entre-eles\/"},"author":{"name":"","@id":""},"headline":"Obesidade e altera\u00e7\u00f5es psicol\u00f3gicas: qual a rela\u00e7\u00e3o entre elas?","datePublished":"2018-02-15T18:29:24+00:00","dateModified":"2024-09-12T18:09:30+00:00","mainEntityOfPage":{"@id":"https:\/\/www.fsfx.com.br\/usisaude\/obesidade-e-aspectos-psicologicos-qual-relacao-entre-eles\/"},"wordCount":1377,"commentCount":0,"publisher":{"@id":"https:\/\/www.fsfx.com.br\/usisaude\/#organization"},"image":{"@id":"https:\/\/www.fsfx.com.br\/usisaude\/obesidade-e-aspectos-psicologicos-qual-relacao-entre-eles\/#primaryimage"},"thumbnailUrl":"","keywords":["metodos a"],"articleSection":["Not\u00edcias"],"inLanguage":"pt-BR","potentialAction":[{"@type":"CommentAction","name":"Comment","target":["https:\/\/www.fsfx.com.br\/usisaude\/obesidade-e-aspectos-psicologicos-qual-relacao-entre-eles\/#respond"]}]},{"@type":"WebPage","@id":"https:\/\/www.fsfx.com.br\/usisaude\/obesidade-e-aspectos-psicologicos-qual-relacao-entre-eles\/","url":"https:\/\/www.fsfx.com.br\/usisaude\/obesidade-e-aspectos-psicologicos-qual-relacao-entre-eles\/","name":"Obesidade e altera\u00e7\u00f5es psicol\u00f3gicas: qual a rela\u00e7\u00e3o entre elas?","isPartOf":{"@id":"https:\/\/www.fsfx.com.br\/usisaude\/#website"},"primaryImageOfPage":{"@id":"https:\/\/www.fsfx.com.br\/usisaude\/obesidade-e-aspectos-psicologicos-qual-relacao-entre-eles\/#primaryimage"},"image":{"@id":"https:\/\/www.fsfx.com.br\/usisaude\/obesidade-e-aspectos-psicologicos-qual-relacao-entre-eles\/#primaryimage"},"thumbnailUrl":"","datePublished":"2018-02-15T18:29:24+00:00","dateModified":"2024-09-12T18:09:30+00:00","description":"Entenda a rela\u00e7\u00e3o da obesidade com altera\u00e7\u00f5es psicol\u00f3gicas e como fazer o tratamento adequado para esta condi\u00e7\u00e3o com todos os cuidados necess\u00e1rios.","breadcrumb":{"@id":"https:\/\/www.fsfx.com.br\/usisaude\/obesidade-e-aspectos-psicologicos-qual-relacao-entre-eles\/#breadcrumb"},"inLanguage":"pt-BR","potentialAction":[{"@type":"ReadAction","target":["https:\/\/www.fsfx.com.br\/usisaude\/obesidade-e-aspectos-psicologicos-qual-relacao-entre-eles\/"]}]},{"@type":"ImageObject","inLanguage":"pt-BR","@id":"https:\/\/www.fsfx.com.br\/usisaude\/obesidade-e-aspectos-psicologicos-qual-relacao-entre-eles\/#primaryimage","url":"","contentUrl":""},{"@type":"BreadcrumbList","@id":"https:\/\/www.fsfx.com.br\/usisaude\/obesidade-e-aspectos-psicologicos-qual-relacao-entre-eles\/#breadcrumb","itemListElement":[{"@type":"ListItem","position":1,"name":"In\u00edcio","item":"https:\/\/www.fsfx.com.br\/usisaude\/"},{"@type":"ListItem","position":2,"name":"Obesidade e altera\u00e7\u00f5es psicol\u00f3gicas: qual a rela\u00e7\u00e3o entre elas?"}]},{"@type":"WebSite","@id":"https:\/\/www.fsfx.com.br\/usisaude\/#website","url":"https:\/\/www.fsfx.com.br\/usisaude\/","name":"Usisa\u00fade","description":"Somos a Usisa\u00fade, uma operadora de planos de sa\u00fade da Funda\u00e7\u00e3o S\u00e3o Francisco Xavier (FSFX), a maior em modalidade filantr\u00f3pica do pa\u00eds.","publisher":{"@id":"https:\/\/www.fsfx.com.br\/usisaude\/#organization"},"potentialAction":[{"@type":"SearchAction","target":{"@type":"EntryPoint","urlTemplate":"https:\/\/www.fsfx.com.br\/usisaude\/?s={search_term_string}"},"query-input":{"@type":"PropertyValueSpecification","valueRequired":true,"valueName":"search_term_string"}}],"inLanguage":"pt-BR"},{"@type":"Organization","@id":"https:\/\/www.fsfx.com.br\/usisaude\/#organization","name":"Usisa\u00fade","url":"https:\/\/www.fsfx.com.br\/usisaude\/","logo":{"@type":"ImageObject","inLanguage":"pt-BR","@id":"https:\/\/www.fsfx.com.br\/usisaude\/#\/schema\/logo\/image\/","url":"https:\/\/www.fsfx.com.br\/usisaude\/wp-content\/uploads\/sites\/6\/2022\/03\/logo-ususaude-1.svg","contentUrl":"https:\/\/www.fsfx.com.br\/usisaude\/wp-content\/uploads\/sites\/6\/2022\/03\/logo-ususaude-1.svg","width":445,"height":196,"caption":"Usisa\u00fade"},"image":{"@id":"https:\/\/www.fsfx.com.br\/usisaude\/#\/schema\/logo\/image\/"}},{"@type":"Person","@id":"","url":"https:\/\/www.fsfx.com.br\/usisaude\/author\/"}]}},"_links":{"self":[{"href":"https:\/\/www.fsfx.com.br\/usisaude\/wp-json\/wp\/v2\/posts\/3537","targetHints":{"allow":["GET"]}}],"collection":[{"href":"https:\/\/www.fsfx.com.br\/usisaude\/wp-json\/wp\/v2\/posts"}],"about":[{"href":"https:\/\/www.fsfx.com.br\/usisaude\/wp-json\/wp\/v2\/types\/post"}],"author":[{"embeddable":true,"href":"https:\/\/www.fsfx.com.br\/usisaude\/wp-json\/wp\/v2\/users\/9"}],"replies":[{"embeddable":true,"href":"https:\/\/www.fsfx.com.br\/usisaude\/wp-json\/wp\/v2\/comments?post=3537"}],"version-history":[{"count":1,"href":"https:\/\/www.fsfx.com.br\/usisaude\/wp-json\/wp\/v2\/posts\/3537\/revisions"}],"predecessor-version":[{"id":10973,"href":"https:\/\/www.fsfx.com.br\/usisaude\/wp-json\/wp\/v2\/posts\/3537\/revisions\/10973"}],"wp:featuredmedia":[{"embeddable":true,"href":"https:\/\/www.fsfx.com.br\/usisaude\/wp-json\/"}],"wp:attachment":[{"href":"https:\/\/www.fsfx.com.br\/usisaude\/wp-json\/wp\/v2\/media?parent=3537"}],"wp:term":[{"taxonomy":"category","embeddable":true,"href":"https:\/\/www.fsfx.com.br\/usisaude\/wp-json\/wp\/v2\/categories?post=3537"},{"taxonomy":"post_tag","embeddable":true,"href":"https:\/\/www.fsfx.com.br\/usisaude\/wp-json\/wp\/v2\/tags?post=3537"}],"curies":[{"name":"wp","href":"https:\/\/api.w.org\/{rel}","templated":true}]}}