{"id":3636,"date":"2018-05-23T17:59:04","date_gmt":"2018-05-23T17:59:04","guid":{"rendered":"http:\/\/www.fsfx.com.br\/atituderimacomsaude\/?p=3636"},"modified":"2024-09-12T15:09:27","modified_gmt":"2024-09-12T18:09:27","slug":"rinite-pode-virar-sinusite-os-cuidados-com-rinite-alergica","status":"publish","type":"post","link":"https:\/\/www.fsfx.com.br\/usisaude\/rinite-pode-virar-sinusite-os-cuidados-com-rinite-alergica\/","title":{"rendered":"Rinite pode virar sinusite? Os cuidados com a rinite al\u00e9rgica"},"content":{"rendered":"<p>Com a chegada do tempo frio e seco, os problemas respirat\u00f3rios, como asma e bronquite, tendem a afetar mais aquelas pessoas que sofrem de alergias. A rinite, por sua vez, \u00e9 mais comum em lugares \u00famidos, como nas cidades de Bel\u00e9m e Curitiba, uma vez que a umidade favorece a prolifera\u00e7\u00e3o de \u00e1caros e fungos. O Brasil est\u00e1 entre os pa\u00edses que apresentam as maiores taxas de preval\u00eancia de asma e rinite al\u00e9rgica no mundo, sendo a rinite a de maior ocorr\u00eancia entre as doen\u00e7as respirat\u00f3rias cr\u00f4nicas.<\/p>\n<h2><strong>O que \u00e9 a rinite al\u00e9rgica?<\/strong><\/h2>\n<p>A rinite al\u00e9rgica \u00e9 uma rea\u00e7\u00e3o imunol\u00f3gica de nosso organismo quando ele entra em contato com part\u00edculas estranhas trazidas pelo ar e que penetram, principalmente, pelo nariz. Essas part\u00edculas, denominadas al\u00e9rgenos, podem causar rea\u00e7\u00f5es indesejadas em alguns indiv\u00edduos, que s\u00e3o os al\u00e9rgicos. Trata-se de inflama\u00e7\u00f5es que atacam, principalmente, as mucosas das paredes internas do nariz.<\/p>\n<p>O sistema imunol\u00f3gico dessas pessoas reage de forma \u201cexagerada\u201d a esses invasores do corpo, na tentativa de defender o organismo.<\/p>\n<h2><strong>Rinite pode virar sinusite?<\/strong><\/h2>\n<p>Caso a rinite n\u00e3o seja tratada adequadamente, ela pode evoluir para um quadro de sinusite. Isso pode ocorrer porque a inflama\u00e7\u00e3o no nariz provocada pela rinite passa a ser uma porta de entrada para as bact\u00e9rias, que s\u00e3o as maiores causadoras da sinusite. H\u00e1 tamb\u00e9m o risco de a rinite provocar otite e conjuntivite em fun\u00e7\u00e3o do ac\u00famulo de secre\u00e7\u00f5es nas vias a\u00e9reas.<\/p>\n<h2><strong>Quais s\u00e3o os sintomas da rinite?<\/strong><\/h2>\n<p>A rinite costuma provocar sintomas variados entre um indiv\u00edduo e outro. No entanto, alguns s\u00e3o mais comuns:<\/p>\n<ul>\n<li>coriza;<\/li>\n<li>espirros constantes;<\/li>\n<li>olhos avermelhados e lacrimejantes;<\/li>\n<li>congest\u00e3o nasal;<\/li>\n<li>ard\u00eancias nos olhos, no nariz e na boca;<\/li>\n<li>olheiras;<\/li>\n<li>cansa\u00e7o;<\/li>\n<li>dor de cabe\u00e7a.<\/li>\n<\/ul>\n<h2><strong>O que causa a rinite?<\/strong><\/h2>\n<p>Entre os fatores de risco mais comuns para o surgimento da rinite al\u00e9rgica est\u00e3o: a hereditariedade (filhos de pais que sofrem de rinite t\u00eam 50% mais chances de desenvolver a doen\u00e7a), a polui\u00e7\u00e3o do ar e algumas condi\u00e7\u00f5es clim\u00e1ticas, como excesso de umidade.<\/p>\n<p>Outras causas importantes s\u00e3o alergia a \u00e1caros, pelos de animais, p\u00f3len e fuma\u00e7a, bem como infec\u00e7\u00f5es virais ou bacterianas nas vias a\u00e9reas. A poeira dom\u00e9stica, constitu\u00edda por res\u00edduos de pele humana, part\u00edculas de insetos e de pelos de animais, \u00e9 uma das principais vil\u00e3s dos al\u00e9rgicos. Os \u00e1caros, por sua vez, s\u00e3o min\u00fasculos aracn\u00eddeos que est\u00e3o comumente presentes em colch\u00f5es e travesseiros, uma vez que esses locais s\u00e3o dep\u00f3sitos de fragmentos de pele humana, que lhes servem de alimento.<\/p>\n<h2><strong>Como \u00e9 feito o diagn\u00f3stico e qual \u00e9 o tratamento?<\/strong><\/h2>\n<p>O diagn\u00f3stico da rinite \u00e9 realizado pelo m\u00e9dico, ap\u00f3s observa\u00e7\u00e3o dos sintomas.<\/p>\n<p>O tratamento pode variar, dependendo do tipo de rinite e do indiv\u00edduo. Ap\u00f3s avalia\u00e7\u00e3o m\u00e9dica pode ser necess\u00e1rio o uso de anti-histam\u00ednicos ou corticoides para reduzir a alergia e os sintomas da rinite. O essencial, por\u00e9m, \u00e9 manter o ambiente limpo e arejado.<\/p>\n<p>Evite carpetes, cortinas, bichos de pel\u00facia e outros objetos que podem acumular poeira. Utilizar capas nos travesseiros e aplicar produtos que combatam os \u00e1caros tamb\u00e9m \u00e9 uma boa medida. Por fim, evitar cheiros fortes, como perfumes, tintas, esmaltes, inseticidas e cigarros \u00e9 extremamente \u00fatil para quem sofre de rinite e de outras alergias.<\/p>\n","protected":false},"excerpt":{"rendered":"<p>Com a chegada do tempo frio e seco, os problemas respirat\u00f3rios, como asma e bronquite, tendem a afetar mais aquelas pessoas que sofrem de alergias. A rinite, por sua vez, \u00e9 mais comum em lugares \u00famidos, como nas cidades de Bel\u00e9m e Curitiba, uma vez que a umidade favorece a prolifera\u00e7\u00e3o de \u00e1caros e fungos. [&hellip;]<\/p>\n","protected":false},"author":9,"featured_media":3637,"comment_status":"open","ping_status":"open","sticky":false,"template":"","format":"standard","meta":{"_acf_changed":false,"site-sidebar-layout":"default","site-content-layout":"","ast-site-content-layout":"default","site-content-style":"default","site-sidebar-style":"default","ast-global-header-display":"","ast-banner-title-visibility":"","ast-main-header-display":"","ast-hfb-above-header-display":"","ast-hfb-below-header-display":"","ast-hfb-mobile-header-display":"","site-post-title":"","ast-breadcrumbs-content":"","ast-featured-img":"","footer-sml-layout":"","theme-transparent-header-meta":"","adv-header-id-meta":"","stick-header-meta":"","header-above-stick-meta":"","header-main-stick-meta":"","header-below-stick-meta":"","astra-migrate-meta-layouts":"default","ast-page-background-enabled":"default","ast-page-background-meta":{"desktop":{"background-color":"var(--ast-global-color-4)","background-image":"","background-repeat":"repeat","background-position":"center center","background-size":"auto","background-attachment":"scroll","background-type":"","background-media":"","overlay-type":"","overlay-color":"","overlay-opacity":"","overlay-gradient":""},"tablet":{"background-color":"","background-image":"","background-repeat":"repeat","background-position":"center center","background-size":"auto","background-attachment":"scroll","background-type":"","background-media":"","overlay-type":"","overlay-color":"","overlay-opacity":"","overlay-gradient":""},"mobile":{"background-color":"","background-image":"","background-repeat":"repeat","background-position":"center center","background-size":"auto","background-attachment":"scroll","background-type":"","background-media":"","overlay-type":"","overlay-color":"","overlay-opacity":"","overlay-gradient":""}},"ast-content-background-meta":{"desktop":{"background-color":"var(--ast-global-color-5)","background-image":"","background-repeat":"repeat","background-position":"center center","background-size":"auto","background-attachment":"scroll","background-type":"","background-media":"","overlay-type":"","overlay-color":"","overlay-opacity":"","overlay-gradient":""},"tablet":{"background-color":"var(--ast-global-color-5)","background-image":"","background-repeat":"repeat","background-position":"center center","background-size":"auto","background-attachment":"scroll","background-type":"","background-media":"","overlay-type":"","overlay-color":"","overlay-opacity":"","overlay-gradient":""},"mobile":{"background-color":"var(--ast-global-color-5)","background-image":"","background-repeat":"repeat","background-position":"center center","background-size":"auto","background-attachment":"scroll","background-type":"","background-media":"","overlay-type":"","overlay-color":"","overlay-opacity":"","overlay-gradient":""}},"footnotes":""},"categories":[1],"tags":[],"class_list":["post-3636","post","type-post","status-publish","format-standard","has-post-thumbnail","hentry","category-noticias"],"acf":[],"yoast_head":"<!-- This site is optimized with the Yoast SEO plugin v26.9 - https:\/\/yoast.com\/product\/yoast-seo-wordpress\/ -->\n<title>Rinite pode virar sinusite? Os cuidados com a rinite al\u00e9rgica - Usisa\u00fade<\/title>\n<meta name=\"robots\" content=\"index, follow, max-snippet:-1, max-image-preview:large, max-video-preview:-1\" \/>\n<link rel=\"canonical\" href=\"https:\/\/www.fsfx.com.br\/usisaude\/rinite-pode-virar-sinusite-os-cuidados-com-rinite-alergica\/\" \/>\n<meta property=\"og:locale\" content=\"pt_BR\" \/>\n<meta property=\"og:type\" content=\"article\" \/>\n<meta property=\"og:title\" content=\"Rinite pode virar sinusite? Os cuidados com a rinite al\u00e9rgica - Usisa\u00fade\" \/>\n<meta property=\"og:description\" content=\"Com a chegada do tempo frio e seco, os problemas respirat\u00f3rios, como asma e bronquite, tendem a afetar mais aquelas pessoas que sofrem de alergias. A rinite, por sua vez, \u00e9 mais comum em lugares \u00famidos, como nas cidades de Bel\u00e9m e Curitiba, uma vez que a umidade favorece a prolifera\u00e7\u00e3o de \u00e1caros e fungos. [&hellip;]\" \/>\n<meta property=\"og:url\" content=\"https:\/\/www.fsfx.com.br\/usisaude\/rinite-pode-virar-sinusite-os-cuidados-com-rinite-alergica\/\" \/>\n<meta property=\"og:site_name\" content=\"Usisa\u00fade\" \/>\n<meta property=\"article:published_time\" content=\"2018-05-23T17:59:04+00:00\" \/>\n<meta property=\"article:modified_time\" content=\"2024-09-12T18:09:27+00:00\" \/>\n<meta name=\"twitter:card\" content=\"summary_large_image\" \/>\n<meta name=\"twitter:label1\" content=\"Escrito por\" \/>\n\t<meta name=\"twitter:data1\" content=\"\" \/>\n\t<meta name=\"twitter:label2\" content=\"Est. tempo de leitura\" \/>\n\t<meta name=\"twitter:data2\" content=\"3 minutos\" \/>\n<script type=\"application\/ld+json\" class=\"yoast-schema-graph\">{\"@context\":\"https:\/\/schema.org\",\"@graph\":[{\"@type\":\"Article\",\"@id\":\"https:\/\/www.fsfx.com.br\/usisaude\/rinite-pode-virar-sinusite-os-cuidados-com-rinite-alergica\/#article\",\"isPartOf\":{\"@id\":\"https:\/\/www.fsfx.com.br\/usisaude\/rinite-pode-virar-sinusite-os-cuidados-com-rinite-alergica\/\"},\"author\":{\"name\":\"\",\"@id\":\"\"},\"headline\":\"Rinite pode virar sinusite? Os cuidados com a rinite al\u00e9rgica\",\"datePublished\":\"2018-05-23T17:59:04+00:00\",\"dateModified\":\"2024-09-12T18:09:27+00:00\",\"mainEntityOfPage\":{\"@id\":\"https:\/\/www.fsfx.com.br\/usisaude\/rinite-pode-virar-sinusite-os-cuidados-com-rinite-alergica\/\"},\"wordCount\":603,\"commentCount\":0,\"publisher\":{\"@id\":\"https:\/\/www.fsfx.com.br\/usisaude\/#organization\"},\"image\":{\"@id\":\"https:\/\/www.fsfx.com.br\/usisaude\/rinite-pode-virar-sinusite-os-cuidados-com-rinite-alergica\/#primaryimage\"},\"thumbnailUrl\":\"\",\"articleSection\":[\"Not\u00edcias\"],\"inLanguage\":\"pt-BR\",\"potentialAction\":[{\"@type\":\"CommentAction\",\"name\":\"Comment\",\"target\":[\"https:\/\/www.fsfx.com.br\/usisaude\/rinite-pode-virar-sinusite-os-cuidados-com-rinite-alergica\/#respond\"]}]},{\"@type\":\"WebPage\",\"@id\":\"https:\/\/www.fsfx.com.br\/usisaude\/rinite-pode-virar-sinusite-os-cuidados-com-rinite-alergica\/\",\"url\":\"https:\/\/www.fsfx.com.br\/usisaude\/rinite-pode-virar-sinusite-os-cuidados-com-rinite-alergica\/\",\"name\":\"Rinite pode virar sinusite? Os cuidados com a rinite al\u00e9rgica - Usisa\u00fade\",\"isPartOf\":{\"@id\":\"https:\/\/www.fsfx.com.br\/usisaude\/#website\"},\"primaryImageOfPage\":{\"@id\":\"https:\/\/www.fsfx.com.br\/usisaude\/rinite-pode-virar-sinusite-os-cuidados-com-rinite-alergica\/#primaryimage\"},\"image\":{\"@id\":\"https:\/\/www.fsfx.com.br\/usisaude\/rinite-pode-virar-sinusite-os-cuidados-com-rinite-alergica\/#primaryimage\"},\"thumbnailUrl\":\"\",\"datePublished\":\"2018-05-23T17:59:04+00:00\",\"dateModified\":\"2024-09-12T18:09:27+00:00\",\"breadcrumb\":{\"@id\":\"https:\/\/www.fsfx.com.br\/usisaude\/rinite-pode-virar-sinusite-os-cuidados-com-rinite-alergica\/#breadcrumb\"},\"inLanguage\":\"pt-BR\",\"potentialAction\":[{\"@type\":\"ReadAction\",\"target\":[\"https:\/\/www.fsfx.com.br\/usisaude\/rinite-pode-virar-sinusite-os-cuidados-com-rinite-alergica\/\"]}]},{\"@type\":\"ImageObject\",\"inLanguage\":\"pt-BR\",\"@id\":\"https:\/\/www.fsfx.com.br\/usisaude\/rinite-pode-virar-sinusite-os-cuidados-com-rinite-alergica\/#primaryimage\",\"url\":\"\",\"contentUrl\":\"\"},{\"@type\":\"BreadcrumbList\",\"@id\":\"https:\/\/www.fsfx.com.br\/usisaude\/rinite-pode-virar-sinusite-os-cuidados-com-rinite-alergica\/#breadcrumb\",\"itemListElement\":[{\"@type\":\"ListItem\",\"position\":1,\"name\":\"In\u00edcio\",\"item\":\"https:\/\/www.fsfx.com.br\/usisaude\/\"},{\"@type\":\"ListItem\",\"position\":2,\"name\":\"Rinite pode virar sinusite? Os cuidados com a rinite al\u00e9rgica\"}]},{\"@type\":\"WebSite\",\"@id\":\"https:\/\/www.fsfx.com.br\/usisaude\/#website\",\"url\":\"https:\/\/www.fsfx.com.br\/usisaude\/\",\"name\":\"Usisa\u00fade\",\"description\":\"Somos a Usisa\u00fade, uma operadora de planos de sa\u00fade da Funda\u00e7\u00e3o S\u00e3o Francisco Xavier (FSFX), a maior em modalidade filantr\u00f3pica do pa\u00eds.\",\"publisher\":{\"@id\":\"https:\/\/www.fsfx.com.br\/usisaude\/#organization\"},\"potentialAction\":[{\"@type\":\"SearchAction\",\"target\":{\"@type\":\"EntryPoint\",\"urlTemplate\":\"https:\/\/www.fsfx.com.br\/usisaude\/?s={search_term_string}\"},\"query-input\":{\"@type\":\"PropertyValueSpecification\",\"valueRequired\":true,\"valueName\":\"search_term_string\"}}],\"inLanguage\":\"pt-BR\"},{\"@type\":\"Organization\",\"@id\":\"https:\/\/www.fsfx.com.br\/usisaude\/#organization\",\"name\":\"Usisa\u00fade\",\"url\":\"https:\/\/www.fsfx.com.br\/usisaude\/\",\"logo\":{\"@type\":\"ImageObject\",\"inLanguage\":\"pt-BR\",\"@id\":\"https:\/\/www.fsfx.com.br\/usisaude\/#\/schema\/logo\/image\/\",\"url\":\"https:\/\/www.fsfx.com.br\/usisaude\/wp-content\/uploads\/sites\/6\/2022\/03\/logo-ususaude-1.svg\",\"contentUrl\":\"https:\/\/www.fsfx.com.br\/usisaude\/wp-content\/uploads\/sites\/6\/2022\/03\/logo-ususaude-1.svg\",\"width\":445,\"height\":196,\"caption\":\"Usisa\u00fade\"},\"image\":{\"@id\":\"https:\/\/www.fsfx.com.br\/usisaude\/#\/schema\/logo\/image\/\"}},{\"@type\":\"Person\",\"@id\":\"\",\"url\":\"https:\/\/www.fsfx.com.br\/usisaude\/author\/\"}]}<\/script>\n<!-- \/ Yoast SEO plugin. -->","yoast_head_json":{"title":"Rinite pode virar sinusite? Os cuidados com a rinite al\u00e9rgica - Usisa\u00fade","robots":{"index":"index","follow":"follow","max-snippet":"max-snippet:-1","max-image-preview":"max-image-preview:large","max-video-preview":"max-video-preview:-1"},"canonical":"https:\/\/www.fsfx.com.br\/usisaude\/rinite-pode-virar-sinusite-os-cuidados-com-rinite-alergica\/","og_locale":"pt_BR","og_type":"article","og_title":"Rinite pode virar sinusite? Os cuidados com a rinite al\u00e9rgica - Usisa\u00fade","og_description":"Com a chegada do tempo frio e seco, os problemas respirat\u00f3rios, como asma e bronquite, tendem a afetar mais aquelas pessoas que sofrem de alergias. A rinite, por sua vez, \u00e9 mais comum em lugares \u00famidos, como nas cidades de Bel\u00e9m e Curitiba, uma vez que a umidade favorece a prolifera\u00e7\u00e3o de \u00e1caros e fungos. [&hellip;]","og_url":"https:\/\/www.fsfx.com.br\/usisaude\/rinite-pode-virar-sinusite-os-cuidados-com-rinite-alergica\/","og_site_name":"Usisa\u00fade","article_published_time":"2018-05-23T17:59:04+00:00","article_modified_time":"2024-09-12T18:09:27+00:00","twitter_card":"summary_large_image","twitter_misc":{"Escrito por":"","Est. tempo de leitura":"3 minutos"},"schema":{"@context":"https:\/\/schema.org","@graph":[{"@type":"Article","@id":"https:\/\/www.fsfx.com.br\/usisaude\/rinite-pode-virar-sinusite-os-cuidados-com-rinite-alergica\/#article","isPartOf":{"@id":"https:\/\/www.fsfx.com.br\/usisaude\/rinite-pode-virar-sinusite-os-cuidados-com-rinite-alergica\/"},"author":{"name":"","@id":""},"headline":"Rinite pode virar sinusite? Os cuidados com a rinite al\u00e9rgica","datePublished":"2018-05-23T17:59:04+00:00","dateModified":"2024-09-12T18:09:27+00:00","mainEntityOfPage":{"@id":"https:\/\/www.fsfx.com.br\/usisaude\/rinite-pode-virar-sinusite-os-cuidados-com-rinite-alergica\/"},"wordCount":603,"commentCount":0,"publisher":{"@id":"https:\/\/www.fsfx.com.br\/usisaude\/#organization"},"image":{"@id":"https:\/\/www.fsfx.com.br\/usisaude\/rinite-pode-virar-sinusite-os-cuidados-com-rinite-alergica\/#primaryimage"},"thumbnailUrl":"","articleSection":["Not\u00edcias"],"inLanguage":"pt-BR","potentialAction":[{"@type":"CommentAction","name":"Comment","target":["https:\/\/www.fsfx.com.br\/usisaude\/rinite-pode-virar-sinusite-os-cuidados-com-rinite-alergica\/#respond"]}]},{"@type":"WebPage","@id":"https:\/\/www.fsfx.com.br\/usisaude\/rinite-pode-virar-sinusite-os-cuidados-com-rinite-alergica\/","url":"https:\/\/www.fsfx.com.br\/usisaude\/rinite-pode-virar-sinusite-os-cuidados-com-rinite-alergica\/","name":"Rinite pode virar sinusite? Os cuidados com a rinite al\u00e9rgica - Usisa\u00fade","isPartOf":{"@id":"https:\/\/www.fsfx.com.br\/usisaude\/#website"},"primaryImageOfPage":{"@id":"https:\/\/www.fsfx.com.br\/usisaude\/rinite-pode-virar-sinusite-os-cuidados-com-rinite-alergica\/#primaryimage"},"image":{"@id":"https:\/\/www.fsfx.com.br\/usisaude\/rinite-pode-virar-sinusite-os-cuidados-com-rinite-alergica\/#primaryimage"},"thumbnailUrl":"","datePublished":"2018-05-23T17:59:04+00:00","dateModified":"2024-09-12T18:09:27+00:00","breadcrumb":{"@id":"https:\/\/www.fsfx.com.br\/usisaude\/rinite-pode-virar-sinusite-os-cuidados-com-rinite-alergica\/#breadcrumb"},"inLanguage":"pt-BR","potentialAction":[{"@type":"ReadAction","target":["https:\/\/www.fsfx.com.br\/usisaude\/rinite-pode-virar-sinusite-os-cuidados-com-rinite-alergica\/"]}]},{"@type":"ImageObject","inLanguage":"pt-BR","@id":"https:\/\/www.fsfx.com.br\/usisaude\/rinite-pode-virar-sinusite-os-cuidados-com-rinite-alergica\/#primaryimage","url":"","contentUrl":""},{"@type":"BreadcrumbList","@id":"https:\/\/www.fsfx.com.br\/usisaude\/rinite-pode-virar-sinusite-os-cuidados-com-rinite-alergica\/#breadcrumb","itemListElement":[{"@type":"ListItem","position":1,"name":"In\u00edcio","item":"https:\/\/www.fsfx.com.br\/usisaude\/"},{"@type":"ListItem","position":2,"name":"Rinite pode virar sinusite? Os cuidados com a rinite al\u00e9rgica"}]},{"@type":"WebSite","@id":"https:\/\/www.fsfx.com.br\/usisaude\/#website","url":"https:\/\/www.fsfx.com.br\/usisaude\/","name":"Usisa\u00fade","description":"Somos a Usisa\u00fade, uma operadora de planos de sa\u00fade da Funda\u00e7\u00e3o S\u00e3o Francisco Xavier (FSFX), a maior em modalidade filantr\u00f3pica do pa\u00eds.","publisher":{"@id":"https:\/\/www.fsfx.com.br\/usisaude\/#organization"},"potentialAction":[{"@type":"SearchAction","target":{"@type":"EntryPoint","urlTemplate":"https:\/\/www.fsfx.com.br\/usisaude\/?s={search_term_string}"},"query-input":{"@type":"PropertyValueSpecification","valueRequired":true,"valueName":"search_term_string"}}],"inLanguage":"pt-BR"},{"@type":"Organization","@id":"https:\/\/www.fsfx.com.br\/usisaude\/#organization","name":"Usisa\u00fade","url":"https:\/\/www.fsfx.com.br\/usisaude\/","logo":{"@type":"ImageObject","inLanguage":"pt-BR","@id":"https:\/\/www.fsfx.com.br\/usisaude\/#\/schema\/logo\/image\/","url":"https:\/\/www.fsfx.com.br\/usisaude\/wp-content\/uploads\/sites\/6\/2022\/03\/logo-ususaude-1.svg","contentUrl":"https:\/\/www.fsfx.com.br\/usisaude\/wp-content\/uploads\/sites\/6\/2022\/03\/logo-ususaude-1.svg","width":445,"height":196,"caption":"Usisa\u00fade"},"image":{"@id":"https:\/\/www.fsfx.com.br\/usisaude\/#\/schema\/logo\/image\/"}},{"@type":"Person","@id":"","url":"https:\/\/www.fsfx.com.br\/usisaude\/author\/"}]}},"_links":{"self":[{"href":"https:\/\/www.fsfx.com.br\/usisaude\/wp-json\/wp\/v2\/posts\/3636","targetHints":{"allow":["GET"]}}],"collection":[{"href":"https:\/\/www.fsfx.com.br\/usisaude\/wp-json\/wp\/v2\/posts"}],"about":[{"href":"https:\/\/www.fsfx.com.br\/usisaude\/wp-json\/wp\/v2\/types\/post"}],"author":[{"embeddable":true,"href":"https:\/\/www.fsfx.com.br\/usisaude\/wp-json\/wp\/v2\/users\/9"}],"replies":[{"embeddable":true,"href":"https:\/\/www.fsfx.com.br\/usisaude\/wp-json\/wp\/v2\/comments?post=3636"}],"version-history":[{"count":1,"href":"https:\/\/www.fsfx.com.br\/usisaude\/wp-json\/wp\/v2\/posts\/3636\/revisions"}],"predecessor-version":[{"id":10957,"href":"https:\/\/www.fsfx.com.br\/usisaude\/wp-json\/wp\/v2\/posts\/3636\/revisions\/10957"}],"wp:featuredmedia":[{"embeddable":true,"href":"https:\/\/www.fsfx.com.br\/usisaude\/wp-json\/"}],"wp:attachment":[{"href":"https:\/\/www.fsfx.com.br\/usisaude\/wp-json\/wp\/v2\/media?parent=3636"}],"wp:term":[{"taxonomy":"category","embeddable":true,"href":"https:\/\/www.fsfx.com.br\/usisaude\/wp-json\/wp\/v2\/categories?post=3636"},{"taxonomy":"post_tag","embeddable":true,"href":"https:\/\/www.fsfx.com.br\/usisaude\/wp-json\/wp\/v2\/tags?post=3636"}],"curies":[{"name":"wp","href":"https:\/\/api.w.org\/{rel}","templated":true}]}}