{"id":3662,"date":"2018-06-25T18:40:03","date_gmt":"2018-06-25T18:40:03","guid":{"rendered":"http:\/\/www.fsfx.com.br\/atituderimacomsaude\/?p=3662"},"modified":"2024-09-12T15:09:27","modified_gmt":"2024-09-12T18:09:27","slug":"doencas-de-pele-no-inverno-conheca-e-esteja-preparado","status":"publish","type":"post","link":"https:\/\/www.fsfx.com.br\/usisaude\/doencas-de-pele-no-inverno-conheca-e-esteja-preparado\/","title":{"rendered":"Doen\u00e7as de pele no inverno: conhe\u00e7a e esteja preparado"},"content":{"rendered":"<p>O inverno come\u00e7ou oficialmente no dia 21 de junho e, com ele, v\u00e1rios fatores clim\u00e1ticos e atmosf\u00e9ricos interferem no funcionamento de nosso organismo. A nossa pele, por exemplo, tende a ficar mais ressecada por causa da redu\u00e7\u00e3o da transpira\u00e7\u00e3o e pelo contato direto com o ar seco, uma vez que a umidade relativa do ar tende a se manter baixa, principalmente nos estados do Sul, Sudeste e Centro-Oeste brasileiros. Ao mesmo tempo, os banhos tendem a ser mais quentes, provocando a retirada da oleosidade natural da pele de forma mais intensa, reduzindo a umidade e prote\u00e7\u00e3o.<\/p>\n<p>Entre os problemas de pele que podem surgir no inverno, est\u00e3o desde uma descama\u00e7\u00e3o simples, que confere a ela uma apar\u00eancia esbranqui\u00e7ada, at\u00e9 patologias como a psor\u00edase e a ictiose vulgar. Para evitar as doen\u00e7as de pele, alguns cuidados s\u00e3o essenciais. Por isso, temos dicas para voc\u00ea. Veja as principais doen\u00e7as de pele mais comuns no inverno:<\/p>\n<ul>\n<li>Dermatite at\u00f3pica \u2013 Esta doen\u00e7a \u00e9 caracterizada por les\u00f5es cut\u00e2neas e coceira aguda, que podem atingir os membros, o tronco e a face. Entre as crian\u00e7as, as les\u00f5es costumam ser avermelhadas, apresentando escama\u00e7\u00f5es. A partir da adolesc\u00eancia, por\u00e9m, essas les\u00f5es se concentram nas dobras do corpo, como a parte atr\u00e1s dos joelhos, na articula\u00e7\u00e3o dos bra\u00e7os e no pesco\u00e7o. Nesses locais, a pele se torna escurecida, \u00e1spera e grossa.<\/li>\n<\/ul>\n<ul>\n<li>Dermatite seborreica \u2013 A dermatite seborreica incide principalmente nas regi\u00f5es do corpo onde h\u00e1 maior concentra\u00e7\u00e3o de pelos, como a face (no caso dos homens) e no couro cabeludo. Trata-se de uma descama\u00e7\u00e3o da pele causada pela desregula\u00e7\u00e3o seb\u00e1cea. Os sintomas mais comuns s\u00e3o o excesso de oleosidade e a coceira. Como consequ\u00eancia, a descama\u00e7\u00e3o pode causar caspa e seborreia.<\/li>\n<\/ul>\n<ul>\n<li>Psor\u00edase \u2013 Relativamente comum, \u00e9 uma doen\u00e7a cr\u00f4nica, n\u00e3o contagiosa e que atinge, principalmente, pessoas entre 20 e 40 anos. Embora a causa da psor\u00edase ainda seja desconhecida, sabemos que h\u00e1 uma predisposi\u00e7\u00e3o gen\u00e9tica para o seu desenvolvimento, que pode se manifestar por fatores emocionais.<\/li>\n<\/ul>\n<ul>\n<li>Ictiose vulgar \u2013 A ictiose vulgar se manifesta logo ap\u00f3s o nascimento do beb\u00ea. Ela \u00e9 caracterizada pelo ressecamento da pele e pela descama\u00e7\u00e3o. Os membros s\u00e3o as \u00e1reas mais afetadas e, ap\u00f3s os dois primeiros anos de vida da crian\u00e7a, a doen\u00e7a tende a regredir<span style=\"text-decoration: line-through\">,<\/span> junto com os sintomas<span style=\"text-decoration: line-through\">. <\/span><\/li>\n<\/ul>\n<h2><strong>Confira agora c<\/strong><strong>omo cuidar da pele no inverno:<\/strong><\/h2>\n<h3>Fique atento(a) \u00e0 alimenta\u00e7\u00e3o<\/h3>\n<p>Para prevenir o envelhecimento da pele (mais acelerado no inverno) e neutralizar os radicais livres, \u00e9 aconselh\u00e1vel o consumo de hortali\u00e7as (como br\u00f3colis, repolho e cenoura) e frutas ricas em vitamina C (como morango, laranja, tangerina, lim\u00e3o e cereja).<\/p>\n<p>Para evitar o ressecamento e favorecer a elasticidade da pele, a soja \u00e9 uma grande aliada, j\u00e1 que ela \u00e9 rica em isoflavonas. J\u00e1 as castanhas, nozes e am\u00eandoas s\u00e3o ricas em vitamina E, deixando a pele saud\u00e1vel e bonita. A ingest\u00e3o de l\u00edquidos tamb\u00e9m deve merecer aten\u00e7\u00e3o. Beba ao menos dois litros de \u00e1gua por dia. Se preferir, alterne \u00e1gua, ch\u00e1s e sucos naturais para tornar a hidrata\u00e7\u00e3o mais prazerosa. Vale lembrar que os ch\u00e1s devem ser consumidos com orienta\u00e7\u00e3o do nutricionista, pois eles possuem princ\u00edpio ativo, semelhante aos medicamentos.<\/p>\n<h3>Mais dicas para manter a pele hidratada<\/h3>\n<ul>\n<li>Evite banhos muito quentes e demorados;<\/li>\n<li>N\u00e3o use buchas e esponjas durante o banho, pois elas alteram a oleosidade natural da pele;<\/li>\n<li>Utilize hidratante logo ap\u00f3s sair do banho;<\/li>\n<li>Se voc\u00ea tiver pele oleosa, evite hidratantes comuns no rosto. Prefira produtos \u201coil free\u201d;<\/li>\n<li>Use hidratantes espec\u00edficos para os l\u00e1bios;<\/li>\n<li>Aplique filtro solar regularmente sobre a pele.<\/li>\n<\/ul>\n<p>N\u00e3o pense que as doen\u00e7as de pele est\u00e3o restritas ao inverno! O ver\u00e3o tamb\u00e9m requer cuidados espec\u00edficos. Saiba mais <a href=\"http:\/\/www.fsfx.com.br\/atituderimacomsaude\/2015\/12\/01\/cuidados-com-a-pele-no-verao-2\/\">aqui<\/a>.<\/p>\n","protected":false},"excerpt":{"rendered":"<p>O inverno come\u00e7ou oficialmente no dia 21 de junho e, com ele, v\u00e1rios fatores clim\u00e1ticos e atmosf\u00e9ricos interferem no funcionamento de nosso organismo. A nossa pele, por exemplo, tende a ficar mais ressecada por causa da redu\u00e7\u00e3o da transpira\u00e7\u00e3o e pelo contato direto com o ar seco, uma vez que a umidade relativa do ar [&hellip;]<\/p>\n","protected":false},"author":9,"featured_media":3666,"comment_status":"open","ping_status":"open","sticky":false,"template":"","format":"standard","meta":{"_acf_changed":false,"site-sidebar-layout":"default","site-content-layout":"","ast-site-content-layout":"default","site-content-style":"default","site-sidebar-style":"default","ast-global-header-display":"","ast-banner-title-visibility":"","ast-main-header-display":"","ast-hfb-above-header-display":"","ast-hfb-below-header-display":"","ast-hfb-mobile-header-display":"","site-post-title":"","ast-breadcrumbs-content":"","ast-featured-img":"","footer-sml-layout":"","theme-transparent-header-meta":"","adv-header-id-meta":"","stick-header-meta":"","header-above-stick-meta":"","header-main-stick-meta":"","header-below-stick-meta":"","astra-migrate-meta-layouts":"default","ast-page-background-enabled":"default","ast-page-background-meta":{"desktop":{"background-color":"var(--ast-global-color-4)","background-image":"","background-repeat":"repeat","background-position":"center center","background-size":"auto","background-attachment":"scroll","background-type":"","background-media":"","overlay-type":"","overlay-color":"","overlay-opacity":"","overlay-gradient":""},"tablet":{"background-color":"","background-image":"","background-repeat":"repeat","background-position":"center center","background-size":"auto","background-attachment":"scroll","background-type":"","background-media":"","overlay-type":"","overlay-color":"","overlay-opacity":"","overlay-gradient":""},"mobile":{"background-color":"","background-image":"","background-repeat":"repeat","background-position":"center center","background-size":"auto","background-attachment":"scroll","background-type":"","background-media":"","overlay-type":"","overlay-color":"","overlay-opacity":"","overlay-gradient":""}},"ast-content-background-meta":{"desktop":{"background-color":"var(--ast-global-color-5)","background-image":"","background-repeat":"repeat","background-position":"center center","background-size":"auto","background-attachment":"scroll","background-type":"","background-media":"","overlay-type":"","overlay-color":"","overlay-opacity":"","overlay-gradient":""},"tablet":{"background-color":"var(--ast-global-color-5)","background-image":"","background-repeat":"repeat","background-position":"center center","background-size":"auto","background-attachment":"scroll","background-type":"","background-media":"","overlay-type":"","overlay-color":"","overlay-opacity":"","overlay-gradient":""},"mobile":{"background-color":"var(--ast-global-color-5)","background-image":"","background-repeat":"repeat","background-position":"center center","background-size":"auto","background-attachment":"scroll","background-type":"","background-media":"","overlay-type":"","overlay-color":"","overlay-opacity":"","overlay-gradient":""}},"footnotes":""},"categories":[1],"tags":[],"class_list":["post-3662","post","type-post","status-publish","format-standard","has-post-thumbnail","hentry","category-noticias"],"acf":[],"yoast_head":"<!-- This site is optimized with the Yoast SEO plugin v26.9 - https:\/\/yoast.com\/product\/yoast-seo-wordpress\/ -->\n<title>Doen\u00e7as de pele no inverno: conhe\u00e7a e esteja preparado - Usisa\u00fade<\/title>\n<meta name=\"description\" content=\"Para evitar as doen\u00e7as de pele, alguns cuidados s\u00e3o essenciais. Veja as principais doen\u00e7as de pele mais comuns no inverno!\" \/>\n<meta name=\"robots\" content=\"index, follow, max-snippet:-1, max-image-preview:large, max-video-preview:-1\" \/>\n<link rel=\"canonical\" href=\"https:\/\/www.fsfx.com.br\/usisaude\/doencas-de-pele-no-inverno-conheca-e-esteja-preparado\/\" \/>\n<meta property=\"og:locale\" content=\"pt_BR\" \/>\n<meta property=\"og:type\" content=\"article\" \/>\n<meta property=\"og:title\" content=\"Doen\u00e7as de pele no inverno: conhe\u00e7a e esteja preparado - Usisa\u00fade\" \/>\n<meta property=\"og:description\" content=\"Para evitar as doen\u00e7as de pele, alguns cuidados s\u00e3o essenciais. Veja as principais doen\u00e7as de pele mais comuns no inverno!\" \/>\n<meta property=\"og:url\" content=\"https:\/\/www.fsfx.com.br\/usisaude\/doencas-de-pele-no-inverno-conheca-e-esteja-preparado\/\" \/>\n<meta property=\"og:site_name\" content=\"Usisa\u00fade\" \/>\n<meta property=\"article:published_time\" content=\"2018-06-25T18:40:03+00:00\" \/>\n<meta property=\"article:modified_time\" content=\"2024-09-12T18:09:27+00:00\" \/>\n<meta name=\"twitter:card\" content=\"summary_large_image\" \/>\n<meta name=\"twitter:label1\" content=\"Escrito por\" \/>\n\t<meta name=\"twitter:data1\" content=\"\" \/>\n\t<meta name=\"twitter:label2\" content=\"Est. tempo de leitura\" \/>\n\t<meta name=\"twitter:data2\" content=\"3 minutos\" \/>\n<script type=\"application\/ld+json\" class=\"yoast-schema-graph\">{\"@context\":\"https:\/\/schema.org\",\"@graph\":[{\"@type\":\"Article\",\"@id\":\"https:\/\/www.fsfx.com.br\/usisaude\/doencas-de-pele-no-inverno-conheca-e-esteja-preparado\/#article\",\"isPartOf\":{\"@id\":\"https:\/\/www.fsfx.com.br\/usisaude\/doencas-de-pele-no-inverno-conheca-e-esteja-preparado\/\"},\"author\":{\"name\":\"\",\"@id\":\"\"},\"headline\":\"Doen\u00e7as de pele no inverno: conhe\u00e7a e esteja preparado\",\"datePublished\":\"2018-06-25T18:40:03+00:00\",\"dateModified\":\"2024-09-12T18:09:27+00:00\",\"mainEntityOfPage\":{\"@id\":\"https:\/\/www.fsfx.com.br\/usisaude\/doencas-de-pele-no-inverno-conheca-e-esteja-preparado\/\"},\"wordCount\":678,\"commentCount\":0,\"publisher\":{\"@id\":\"https:\/\/www.fsfx.com.br\/usisaude\/#organization\"},\"image\":{\"@id\":\"https:\/\/www.fsfx.com.br\/usisaude\/doencas-de-pele-no-inverno-conheca-e-esteja-preparado\/#primaryimage\"},\"thumbnailUrl\":\"\",\"articleSection\":[\"Not\u00edcias\"],\"inLanguage\":\"pt-BR\",\"potentialAction\":[{\"@type\":\"CommentAction\",\"name\":\"Comment\",\"target\":[\"https:\/\/www.fsfx.com.br\/usisaude\/doencas-de-pele-no-inverno-conheca-e-esteja-preparado\/#respond\"]}]},{\"@type\":\"WebPage\",\"@id\":\"https:\/\/www.fsfx.com.br\/usisaude\/doencas-de-pele-no-inverno-conheca-e-esteja-preparado\/\",\"url\":\"https:\/\/www.fsfx.com.br\/usisaude\/doencas-de-pele-no-inverno-conheca-e-esteja-preparado\/\",\"name\":\"Doen\u00e7as de pele no inverno: conhe\u00e7a e esteja preparado - Usisa\u00fade\",\"isPartOf\":{\"@id\":\"https:\/\/www.fsfx.com.br\/usisaude\/#website\"},\"primaryImageOfPage\":{\"@id\":\"https:\/\/www.fsfx.com.br\/usisaude\/doencas-de-pele-no-inverno-conheca-e-esteja-preparado\/#primaryimage\"},\"image\":{\"@id\":\"https:\/\/www.fsfx.com.br\/usisaude\/doencas-de-pele-no-inverno-conheca-e-esteja-preparado\/#primaryimage\"},\"thumbnailUrl\":\"\",\"datePublished\":\"2018-06-25T18:40:03+00:00\",\"dateModified\":\"2024-09-12T18:09:27+00:00\",\"description\":\"Para evitar as doen\u00e7as de pele, alguns cuidados s\u00e3o essenciais. Veja as principais doen\u00e7as de pele mais comuns no inverno!\",\"breadcrumb\":{\"@id\":\"https:\/\/www.fsfx.com.br\/usisaude\/doencas-de-pele-no-inverno-conheca-e-esteja-preparado\/#breadcrumb\"},\"inLanguage\":\"pt-BR\",\"potentialAction\":[{\"@type\":\"ReadAction\",\"target\":[\"https:\/\/www.fsfx.com.br\/usisaude\/doencas-de-pele-no-inverno-conheca-e-esteja-preparado\/\"]}]},{\"@type\":\"ImageObject\",\"inLanguage\":\"pt-BR\",\"@id\":\"https:\/\/www.fsfx.com.br\/usisaude\/doencas-de-pele-no-inverno-conheca-e-esteja-preparado\/#primaryimage\",\"url\":\"\",\"contentUrl\":\"\"},{\"@type\":\"BreadcrumbList\",\"@id\":\"https:\/\/www.fsfx.com.br\/usisaude\/doencas-de-pele-no-inverno-conheca-e-esteja-preparado\/#breadcrumb\",\"itemListElement\":[{\"@type\":\"ListItem\",\"position\":1,\"name\":\"In\u00edcio\",\"item\":\"https:\/\/www.fsfx.com.br\/usisaude\/\"},{\"@type\":\"ListItem\",\"position\":2,\"name\":\"Doen\u00e7as de pele no inverno: conhe\u00e7a e esteja preparado\"}]},{\"@type\":\"WebSite\",\"@id\":\"https:\/\/www.fsfx.com.br\/usisaude\/#website\",\"url\":\"https:\/\/www.fsfx.com.br\/usisaude\/\",\"name\":\"Usisa\u00fade\",\"description\":\"Somos a Usisa\u00fade, uma operadora de planos de sa\u00fade da Funda\u00e7\u00e3o S\u00e3o Francisco Xavier (FSFX), a maior em modalidade filantr\u00f3pica do pa\u00eds.\",\"publisher\":{\"@id\":\"https:\/\/www.fsfx.com.br\/usisaude\/#organization\"},\"potentialAction\":[{\"@type\":\"SearchAction\",\"target\":{\"@type\":\"EntryPoint\",\"urlTemplate\":\"https:\/\/www.fsfx.com.br\/usisaude\/?s={search_term_string}\"},\"query-input\":{\"@type\":\"PropertyValueSpecification\",\"valueRequired\":true,\"valueName\":\"search_term_string\"}}],\"inLanguage\":\"pt-BR\"},{\"@type\":\"Organization\",\"@id\":\"https:\/\/www.fsfx.com.br\/usisaude\/#organization\",\"name\":\"Usisa\u00fade\",\"url\":\"https:\/\/www.fsfx.com.br\/usisaude\/\",\"logo\":{\"@type\":\"ImageObject\",\"inLanguage\":\"pt-BR\",\"@id\":\"https:\/\/www.fsfx.com.br\/usisaude\/#\/schema\/logo\/image\/\",\"url\":\"https:\/\/www.fsfx.com.br\/usisaude\/wp-content\/uploads\/sites\/6\/2022\/03\/logo-ususaude-1.svg\",\"contentUrl\":\"https:\/\/www.fsfx.com.br\/usisaude\/wp-content\/uploads\/sites\/6\/2022\/03\/logo-ususaude-1.svg\",\"width\":445,\"height\":196,\"caption\":\"Usisa\u00fade\"},\"image\":{\"@id\":\"https:\/\/www.fsfx.com.br\/usisaude\/#\/schema\/logo\/image\/\"}},{\"@type\":\"Person\",\"@id\":\"\",\"url\":\"https:\/\/www.fsfx.com.br\/usisaude\/author\/\"}]}<\/script>\n<!-- \/ Yoast SEO plugin. -->","yoast_head_json":{"title":"Doen\u00e7as de pele no inverno: conhe\u00e7a e esteja preparado - Usisa\u00fade","description":"Para evitar as doen\u00e7as de pele, alguns cuidados s\u00e3o essenciais. Veja as principais doen\u00e7as de pele mais comuns no inverno!","robots":{"index":"index","follow":"follow","max-snippet":"max-snippet:-1","max-image-preview":"max-image-preview:large","max-video-preview":"max-video-preview:-1"},"canonical":"https:\/\/www.fsfx.com.br\/usisaude\/doencas-de-pele-no-inverno-conheca-e-esteja-preparado\/","og_locale":"pt_BR","og_type":"article","og_title":"Doen\u00e7as de pele no inverno: conhe\u00e7a e esteja preparado - Usisa\u00fade","og_description":"Para evitar as doen\u00e7as de pele, alguns cuidados s\u00e3o essenciais. Veja as principais doen\u00e7as de pele mais comuns no inverno!","og_url":"https:\/\/www.fsfx.com.br\/usisaude\/doencas-de-pele-no-inverno-conheca-e-esteja-preparado\/","og_site_name":"Usisa\u00fade","article_published_time":"2018-06-25T18:40:03+00:00","article_modified_time":"2024-09-12T18:09:27+00:00","twitter_card":"summary_large_image","twitter_misc":{"Escrito por":"","Est. tempo de leitura":"3 minutos"},"schema":{"@context":"https:\/\/schema.org","@graph":[{"@type":"Article","@id":"https:\/\/www.fsfx.com.br\/usisaude\/doencas-de-pele-no-inverno-conheca-e-esteja-preparado\/#article","isPartOf":{"@id":"https:\/\/www.fsfx.com.br\/usisaude\/doencas-de-pele-no-inverno-conheca-e-esteja-preparado\/"},"author":{"name":"","@id":""},"headline":"Doen\u00e7as de pele no inverno: conhe\u00e7a e esteja preparado","datePublished":"2018-06-25T18:40:03+00:00","dateModified":"2024-09-12T18:09:27+00:00","mainEntityOfPage":{"@id":"https:\/\/www.fsfx.com.br\/usisaude\/doencas-de-pele-no-inverno-conheca-e-esteja-preparado\/"},"wordCount":678,"commentCount":0,"publisher":{"@id":"https:\/\/www.fsfx.com.br\/usisaude\/#organization"},"image":{"@id":"https:\/\/www.fsfx.com.br\/usisaude\/doencas-de-pele-no-inverno-conheca-e-esteja-preparado\/#primaryimage"},"thumbnailUrl":"","articleSection":["Not\u00edcias"],"inLanguage":"pt-BR","potentialAction":[{"@type":"CommentAction","name":"Comment","target":["https:\/\/www.fsfx.com.br\/usisaude\/doencas-de-pele-no-inverno-conheca-e-esteja-preparado\/#respond"]}]},{"@type":"WebPage","@id":"https:\/\/www.fsfx.com.br\/usisaude\/doencas-de-pele-no-inverno-conheca-e-esteja-preparado\/","url":"https:\/\/www.fsfx.com.br\/usisaude\/doencas-de-pele-no-inverno-conheca-e-esteja-preparado\/","name":"Doen\u00e7as de pele no inverno: conhe\u00e7a e esteja preparado - Usisa\u00fade","isPartOf":{"@id":"https:\/\/www.fsfx.com.br\/usisaude\/#website"},"primaryImageOfPage":{"@id":"https:\/\/www.fsfx.com.br\/usisaude\/doencas-de-pele-no-inverno-conheca-e-esteja-preparado\/#primaryimage"},"image":{"@id":"https:\/\/www.fsfx.com.br\/usisaude\/doencas-de-pele-no-inverno-conheca-e-esteja-preparado\/#primaryimage"},"thumbnailUrl":"","datePublished":"2018-06-25T18:40:03+00:00","dateModified":"2024-09-12T18:09:27+00:00","description":"Para evitar as doen\u00e7as de pele, alguns cuidados s\u00e3o essenciais. Veja as principais doen\u00e7as de pele mais comuns no inverno!","breadcrumb":{"@id":"https:\/\/www.fsfx.com.br\/usisaude\/doencas-de-pele-no-inverno-conheca-e-esteja-preparado\/#breadcrumb"},"inLanguage":"pt-BR","potentialAction":[{"@type":"ReadAction","target":["https:\/\/www.fsfx.com.br\/usisaude\/doencas-de-pele-no-inverno-conheca-e-esteja-preparado\/"]}]},{"@type":"ImageObject","inLanguage":"pt-BR","@id":"https:\/\/www.fsfx.com.br\/usisaude\/doencas-de-pele-no-inverno-conheca-e-esteja-preparado\/#primaryimage","url":"","contentUrl":""},{"@type":"BreadcrumbList","@id":"https:\/\/www.fsfx.com.br\/usisaude\/doencas-de-pele-no-inverno-conheca-e-esteja-preparado\/#breadcrumb","itemListElement":[{"@type":"ListItem","position":1,"name":"In\u00edcio","item":"https:\/\/www.fsfx.com.br\/usisaude\/"},{"@type":"ListItem","position":2,"name":"Doen\u00e7as de pele no inverno: conhe\u00e7a e esteja preparado"}]},{"@type":"WebSite","@id":"https:\/\/www.fsfx.com.br\/usisaude\/#website","url":"https:\/\/www.fsfx.com.br\/usisaude\/","name":"Usisa\u00fade","description":"Somos a Usisa\u00fade, uma operadora de planos de sa\u00fade da Funda\u00e7\u00e3o S\u00e3o Francisco Xavier (FSFX), a maior em modalidade filantr\u00f3pica do pa\u00eds.","publisher":{"@id":"https:\/\/www.fsfx.com.br\/usisaude\/#organization"},"potentialAction":[{"@type":"SearchAction","target":{"@type":"EntryPoint","urlTemplate":"https:\/\/www.fsfx.com.br\/usisaude\/?s={search_term_string}"},"query-input":{"@type":"PropertyValueSpecification","valueRequired":true,"valueName":"search_term_string"}}],"inLanguage":"pt-BR"},{"@type":"Organization","@id":"https:\/\/www.fsfx.com.br\/usisaude\/#organization","name":"Usisa\u00fade","url":"https:\/\/www.fsfx.com.br\/usisaude\/","logo":{"@type":"ImageObject","inLanguage":"pt-BR","@id":"https:\/\/www.fsfx.com.br\/usisaude\/#\/schema\/logo\/image\/","url":"https:\/\/www.fsfx.com.br\/usisaude\/wp-content\/uploads\/sites\/6\/2022\/03\/logo-ususaude-1.svg","contentUrl":"https:\/\/www.fsfx.com.br\/usisaude\/wp-content\/uploads\/sites\/6\/2022\/03\/logo-ususaude-1.svg","width":445,"height":196,"caption":"Usisa\u00fade"},"image":{"@id":"https:\/\/www.fsfx.com.br\/usisaude\/#\/schema\/logo\/image\/"}},{"@type":"Person","@id":"","url":"https:\/\/www.fsfx.com.br\/usisaude\/author\/"}]}},"_links":{"self":[{"href":"https:\/\/www.fsfx.com.br\/usisaude\/wp-json\/wp\/v2\/posts\/3662","targetHints":{"allow":["GET"]}}],"collection":[{"href":"https:\/\/www.fsfx.com.br\/usisaude\/wp-json\/wp\/v2\/posts"}],"about":[{"href":"https:\/\/www.fsfx.com.br\/usisaude\/wp-json\/wp\/v2\/types\/post"}],"author":[{"embeddable":true,"href":"https:\/\/www.fsfx.com.br\/usisaude\/wp-json\/wp\/v2\/users\/9"}],"replies":[{"embeddable":true,"href":"https:\/\/www.fsfx.com.br\/usisaude\/wp-json\/wp\/v2\/comments?post=3662"}],"version-history":[{"count":1,"href":"https:\/\/www.fsfx.com.br\/usisaude\/wp-json\/wp\/v2\/posts\/3662\/revisions"}],"predecessor-version":[{"id":10954,"href":"https:\/\/www.fsfx.com.br\/usisaude\/wp-json\/wp\/v2\/posts\/3662\/revisions\/10954"}],"wp:featuredmedia":[{"embeddable":true,"href":"https:\/\/www.fsfx.com.br\/usisaude\/wp-json\/"}],"wp:attachment":[{"href":"https:\/\/www.fsfx.com.br\/usisaude\/wp-json\/wp\/v2\/media?parent=3662"}],"wp:term":[{"taxonomy":"category","embeddable":true,"href":"https:\/\/www.fsfx.com.br\/usisaude\/wp-json\/wp\/v2\/categories?post=3662"},{"taxonomy":"post_tag","embeddable":true,"href":"https:\/\/www.fsfx.com.br\/usisaude\/wp-json\/wp\/v2\/tags?post=3662"}],"curies":[{"name":"wp","href":"https:\/\/api.w.org\/{rel}","templated":true}]}}