{"id":3711,"date":"2018-07-24T17:41:24","date_gmt":"2018-07-24T17:41:24","guid":{"rendered":"http:\/\/www.fsfx.com.br\/atituderimacomsaude\/?p=3711"},"modified":"2024-09-12T15:09:25","modified_gmt":"2024-09-12T18:09:25","slug":"planejar-a-gravidez-saiba-como-se-preparar-para-gestacao","status":"publish","type":"post","link":"https:\/\/www.fsfx.com.br\/usisaude\/planejar-a-gravidez-saiba-como-se-preparar-para-gestacao\/","title":{"rendered":"Planejar a gravidez: saiba como se preparar para a gesta\u00e7\u00e3o"},"content":{"rendered":"<p>A decis\u00e3o de gerar uma crian\u00e7a \u00e9 uma das escolhas mais importantes da vida de uma pessoa, e envolve uma s\u00e9rie de aspectos que devem ser cuidadosamente observados. \u00c9 necess\u00e1rio um bom planejamento, de modo a preparar a fam\u00edlia, a estrutura f\u00edsica da casa e as inevit\u00e1veis mudan\u00e7as de rotina \u00e0s quais os pais estar\u00e3o sujeitos.<\/p>\n<p>O objetivo de um planejamento adequado \u00e9 criar um ambiente saud\u00e1vel para o desenvolvimento da crian\u00e7a, ainda durante a gesta\u00e7\u00e3o.<\/p>\n<p>Para isso, alguns fatores devem ser considerados, como nutri\u00e7\u00e3o, vitaminas, peso, exerc\u00edcios f\u00edsicos, orienta\u00e7\u00e3o quanto ao consumo de certas medica\u00e7\u00f5es, drogas e \u00e1lcool, aconselhamento gen\u00e9tico e acompanhamento m\u00e9dico.<\/p>\n<p>O planejamento da gravidez tamb\u00e9m envolve a aten\u00e7\u00e3o para algumas condi\u00e7\u00f5es, como o controle do diabetes e da hipertens\u00e3o arterial da mam\u00e3e.<\/p>\n<p>Tamb\u00e9m \u00e9 importante que os futuros pais recebam informa\u00e7\u00f5es adequadas, como exames a serem realizados, vacina\u00e7\u00f5es e h\u00e1bitos saud\u00e1veis.<\/p>\n<h3><strong>Qual \u00e9 o momento certo para engravidar?<\/strong><\/h3>\n<p>Nem sempre \u00e9 f\u00e1cil responder a essa quest\u00e3o, uma vez que se trata de uma decis\u00e3o muito pessoal. H\u00e1 quem deseje ter um filho ainda na juventude para aproveitar a energia e a disposi\u00e7\u00e3o da idade, e acompanhar o ritmo da crian\u00e7a e do adolescente.<\/p>\n<p>Outras pessoas estabelecem algumas prioridades anteriores \u00e0 maternidade \/ paternidade, como realiza\u00e7\u00e3o financeira e profissional, conclus\u00e3o de cursos e cumprimento de objetivos pessoais.<\/p>\n<p>O preparo emocional do casal, no entanto, \u00e9 um fator primordial e que pode ser decisivo para determinar o momento mais adequado para a gravidez, principalmente se considerarmos os avan\u00e7os da medicina, que permitem que uma mulher com mais de 35 anos engravide com mais seguran\u00e7a.<\/p>\n<h3><strong>Principais impactos provocados pela chegada do beb\u00ea<\/strong><\/h3>\n<p>Quando cogitamos a chegada de um novo membro da fam\u00edlia, devemos estar preparados para compreender as mudan\u00e7as pelas quais nossas vidas dever\u00e3o passar. O primeiro impacto \u00e9 o emocional.<\/p>\n<p>Para algumas pessoas, \u00e9 um pouco dif\u00edcil se acostumar com a ideia de que h\u00e1 um pequeno ser humano totalmente dependente delas. A dimens\u00e3o dessa responsabilidade \u00e9 enorme. Para a maioria dos pais, contudo, o beb\u00ea \u00e9 um motivo de alegria e motiva\u00e7\u00e3o, que representa, em muitos casos, uma grande realiza\u00e7\u00e3o.<\/p>\n<p>Por\u00e9m, existem outros fatores. Os impactos financeiros s\u00e3o significativos e de longo prazo, j\u00e1 que a crian\u00e7a precisa de fraldas, roupas, um quarto adequado, entre diversos outros itens que comp\u00f5em o enxoval. Posteriormente, vir\u00e3o as despesas com escola e outras obriga\u00e7\u00f5es. Assim, o planejamento financeiro \u00e9 indispens\u00e1vel.<\/p>\n<p>Finalmente, a rotina dos pais sofre profundas transforma\u00e7\u00f5es, j\u00e1 que a vida social se torna um pouco limitada (pelo menos no in\u00edcio) e os hor\u00e1rios em que a crian\u00e7a demanda cuidados s\u00e3o vari\u00e1veis, de modo que algumas madrugadas em claro podem acontecer.<\/p>\n<h3><strong>O que os futuros pais devem fazer durante a gravidez?<\/strong><\/h3>\n<p>A realiza\u00e7\u00e3o dos exames pr\u00e9-natais \u00e9 fundamental para garantir a boa sa\u00fade da m\u00e3e e do beb\u00ea em gesta\u00e7\u00e3o.<\/p>\n<p>Entre as provid\u00eancias e as pr\u00e1ticas que os pais podem adotar durante o per\u00edodo de gesta\u00e7\u00e3o, est\u00e3o a montagem do quarto do beb\u00ea e do enxoval, a escolha do nome, a organiza\u00e7\u00e3o do tempo e da agenda de cada um, para que a m\u00e3e, principalmente, n\u00e3o fique sobrecarregada, e a pr\u00e1tica de atividades f\u00edsicas de baixo impacto para que a mulher conduza a gravidez de forma saud\u00e1vel, beneficiando a si pr\u00f3pria e ao beb\u00ea. Para conhecer alguns exerc\u00edcios f\u00edsicos aconselhados para gestantes, clique <a href=\"http:\/\/www.fsfx.com.br\/atituderimacomsaude\/2017\/12\/22\/5-exercicios-para-praticar-durante-gestacao\/\">aqui<\/a>.<\/p>\n<p>Tamb\u00e9m \u00e9 importante que os pais da crian\u00e7a recebam as orienta\u00e7\u00f5es dos cuidados com o beb\u00ea, amamenta\u00e7\u00e3o, do parto e p\u00f3s parto.<\/p>\n<p>Dessa forma, os impactos gerados pelo nascimento do beb\u00ea ser\u00e3o minimizados e tanto ele quanto a fam\u00edlia se sentir\u00e3o mais confort\u00e1veis para que essa experi\u00eancia da maternidade \/ paternidade seja vivenciada de forma plena e feliz.<\/p>\n","protected":false},"excerpt":{"rendered":"<p>A decis\u00e3o de gerar uma crian\u00e7a \u00e9 uma das escolhas mais importantes da vida de uma pessoa, e envolve uma s\u00e9rie de aspectos que devem ser cuidadosamente observados. \u00c9 necess\u00e1rio um bom planejamento, de modo a preparar a fam\u00edlia, a estrutura f\u00edsica da casa e as inevit\u00e1veis mudan\u00e7as de rotina \u00e0s quais os pais estar\u00e3o [&hellip;]<\/p>\n","protected":false},"author":9,"featured_media":3700,"comment_status":"open","ping_status":"open","sticky":false,"template":"","format":"standard","meta":{"_acf_changed":false,"site-sidebar-layout":"default","site-content-layout":"","ast-site-content-layout":"default","site-content-style":"default","site-sidebar-style":"default","ast-global-header-display":"","ast-banner-title-visibility":"","ast-main-header-display":"","ast-hfb-above-header-display":"","ast-hfb-below-header-display":"","ast-hfb-mobile-header-display":"","site-post-title":"","ast-breadcrumbs-content":"","ast-featured-img":"","footer-sml-layout":"","theme-transparent-header-meta":"","adv-header-id-meta":"","stick-header-meta":"","header-above-stick-meta":"","header-main-stick-meta":"","header-below-stick-meta":"","astra-migrate-meta-layouts":"default","ast-page-background-enabled":"default","ast-page-background-meta":{"desktop":{"background-color":"var(--ast-global-color-4)","background-image":"","background-repeat":"repeat","background-position":"center center","background-size":"auto","background-attachment":"scroll","background-type":"","background-media":"","overlay-type":"","overlay-color":"","overlay-opacity":"","overlay-gradient":""},"tablet":{"background-color":"","background-image":"","background-repeat":"repeat","background-position":"center center","background-size":"auto","background-attachment":"scroll","background-type":"","background-media":"","overlay-type":"","overlay-color":"","overlay-opacity":"","overlay-gradient":""},"mobile":{"background-color":"","background-image":"","background-repeat":"repeat","background-position":"center center","background-size":"auto","background-attachment":"scroll","background-type":"","background-media":"","overlay-type":"","overlay-color":"","overlay-opacity":"","overlay-gradient":""}},"ast-content-background-meta":{"desktop":{"background-color":"var(--ast-global-color-5)","background-image":"","background-repeat":"repeat","background-position":"center center","background-size":"auto","background-attachment":"scroll","background-type":"","background-media":"","overlay-type":"","overlay-color":"","overlay-opacity":"","overlay-gradient":""},"tablet":{"background-color":"var(--ast-global-color-5)","background-image":"","background-repeat":"repeat","background-position":"center center","background-size":"auto","background-attachment":"scroll","background-type":"","background-media":"","overlay-type":"","overlay-color":"","overlay-opacity":"","overlay-gradient":""},"mobile":{"background-color":"var(--ast-global-color-5)","background-image":"","background-repeat":"repeat","background-position":"center center","background-size":"auto","background-attachment":"scroll","background-type":"","background-media":"","overlay-type":"","overlay-color":"","overlay-opacity":"","overlay-gradient":""}},"footnotes":""},"categories":[1],"tags":[180,248],"class_list":["post-3711","post","type-post","status-publish","format-standard","has-post-thumbnail","hentry","category-noticias","tag-gravidez","tag-planejar"],"acf":[],"yoast_head":"<!-- This site is optimized with the Yoast SEO plugin v26.9 - https:\/\/yoast.com\/product\/yoast-seo-wordpress\/ -->\n<title>Planejar a gravidez: saiba como se preparar para a gesta\u00e7\u00e3o - Usisa\u00fade<\/title>\n<meta name=\"description\" content=\"Planejar a gravidez adequadamente\u00a0\u00e9 criar um ambiente saud\u00e1vel para o desenvolvimento da crian\u00e7a. Conhe\u00e7a os fatores que devem ser levados em conta.\" \/>\n<meta name=\"robots\" content=\"index, follow, max-snippet:-1, max-image-preview:large, max-video-preview:-1\" \/>\n<link rel=\"canonical\" href=\"https:\/\/www.fsfx.com.br\/usisaude\/planejar-a-gravidez-saiba-como-se-preparar-para-gestacao\/\" \/>\n<meta property=\"og:locale\" content=\"pt_BR\" \/>\n<meta property=\"og:type\" content=\"article\" \/>\n<meta property=\"og:title\" content=\"Planejar a gravidez: saiba como se preparar para a gesta\u00e7\u00e3o - Usisa\u00fade\" \/>\n<meta property=\"og:description\" content=\"Planejar a gravidez adequadamente\u00a0\u00e9 criar um ambiente saud\u00e1vel para o desenvolvimento da crian\u00e7a. Conhe\u00e7a os fatores que devem ser levados em conta.\" \/>\n<meta property=\"og:url\" content=\"https:\/\/www.fsfx.com.br\/usisaude\/planejar-a-gravidez-saiba-como-se-preparar-para-gestacao\/\" \/>\n<meta property=\"og:site_name\" content=\"Usisa\u00fade\" \/>\n<meta property=\"article:published_time\" content=\"2018-07-24T17:41:24+00:00\" \/>\n<meta property=\"article:modified_time\" content=\"2024-09-12T18:09:25+00:00\" \/>\n<meta property=\"og:image\" content=\"http:\/\/www.fsfx.com.br\/atituderimacomsaude\/wp-content\/uploads\/2018\/07\/planejando-a-gravidez-saiba-como-se-preparar-para-a-gestacao.png\" \/>\n<meta name=\"twitter:card\" content=\"summary_large_image\" \/>\n<meta name=\"twitter:label1\" content=\"Escrito por\" \/>\n\t<meta name=\"twitter:data1\" content=\"\" \/>\n\t<meta name=\"twitter:label2\" content=\"Est. tempo de leitura\" \/>\n\t<meta name=\"twitter:data2\" content=\"3 minutos\" \/>\n<script type=\"application\/ld+json\" class=\"yoast-schema-graph\">{\"@context\":\"https:\/\/schema.org\",\"@graph\":[{\"@type\":\"Article\",\"@id\":\"https:\/\/www.fsfx.com.br\/usisaude\/planejar-a-gravidez-saiba-como-se-preparar-para-gestacao\/#article\",\"isPartOf\":{\"@id\":\"https:\/\/www.fsfx.com.br\/usisaude\/planejar-a-gravidez-saiba-como-se-preparar-para-gestacao\/\"},\"author\":{\"name\":\"\",\"@id\":\"\"},\"headline\":\"Planejar a gravidez: saiba como se preparar para a gesta\u00e7\u00e3o\",\"datePublished\":\"2018-07-24T17:41:24+00:00\",\"dateModified\":\"2024-09-12T18:09:25+00:00\",\"mainEntityOfPage\":{\"@id\":\"https:\/\/www.fsfx.com.br\/usisaude\/planejar-a-gravidez-saiba-como-se-preparar-para-gestacao\/\"},\"wordCount\":693,\"commentCount\":0,\"publisher\":{\"@id\":\"https:\/\/www.fsfx.com.br\/usisaude\/#organization\"},\"image\":{\"@id\":\"https:\/\/www.fsfx.com.br\/usisaude\/planejar-a-gravidez-saiba-como-se-preparar-para-gestacao\/#primaryimage\"},\"thumbnailUrl\":\"\",\"keywords\":[\"gravidez\",\"planejar\"],\"articleSection\":[\"Not\u00edcias\"],\"inLanguage\":\"pt-BR\",\"potentialAction\":[{\"@type\":\"CommentAction\",\"name\":\"Comment\",\"target\":[\"https:\/\/www.fsfx.com.br\/usisaude\/planejar-a-gravidez-saiba-como-se-preparar-para-gestacao\/#respond\"]}]},{\"@type\":\"WebPage\",\"@id\":\"https:\/\/www.fsfx.com.br\/usisaude\/planejar-a-gravidez-saiba-como-se-preparar-para-gestacao\/\",\"url\":\"https:\/\/www.fsfx.com.br\/usisaude\/planejar-a-gravidez-saiba-como-se-preparar-para-gestacao\/\",\"name\":\"Planejar a gravidez: saiba como se preparar para a gesta\u00e7\u00e3o - Usisa\u00fade\",\"isPartOf\":{\"@id\":\"https:\/\/www.fsfx.com.br\/usisaude\/#website\"},\"primaryImageOfPage\":{\"@id\":\"https:\/\/www.fsfx.com.br\/usisaude\/planejar-a-gravidez-saiba-como-se-preparar-para-gestacao\/#primaryimage\"},\"image\":{\"@id\":\"https:\/\/www.fsfx.com.br\/usisaude\/planejar-a-gravidez-saiba-como-se-preparar-para-gestacao\/#primaryimage\"},\"thumbnailUrl\":\"\",\"datePublished\":\"2018-07-24T17:41:24+00:00\",\"dateModified\":\"2024-09-12T18:09:25+00:00\",\"description\":\"Planejar a gravidez adequadamente\u00a0\u00e9 criar um ambiente saud\u00e1vel para o desenvolvimento da crian\u00e7a. Conhe\u00e7a os fatores que devem ser levados em conta.\",\"breadcrumb\":{\"@id\":\"https:\/\/www.fsfx.com.br\/usisaude\/planejar-a-gravidez-saiba-como-se-preparar-para-gestacao\/#breadcrumb\"},\"inLanguage\":\"pt-BR\",\"potentialAction\":[{\"@type\":\"ReadAction\",\"target\":[\"https:\/\/www.fsfx.com.br\/usisaude\/planejar-a-gravidez-saiba-como-se-preparar-para-gestacao\/\"]}]},{\"@type\":\"ImageObject\",\"inLanguage\":\"pt-BR\",\"@id\":\"https:\/\/www.fsfx.com.br\/usisaude\/planejar-a-gravidez-saiba-como-se-preparar-para-gestacao\/#primaryimage\",\"url\":\"\",\"contentUrl\":\"\"},{\"@type\":\"BreadcrumbList\",\"@id\":\"https:\/\/www.fsfx.com.br\/usisaude\/planejar-a-gravidez-saiba-como-se-preparar-para-gestacao\/#breadcrumb\",\"itemListElement\":[{\"@type\":\"ListItem\",\"position\":1,\"name\":\"In\u00edcio\",\"item\":\"https:\/\/www.fsfx.com.br\/usisaude\/\"},{\"@type\":\"ListItem\",\"position\":2,\"name\":\"Planejar a gravidez: saiba como se preparar para a gesta\u00e7\u00e3o\"}]},{\"@type\":\"WebSite\",\"@id\":\"https:\/\/www.fsfx.com.br\/usisaude\/#website\",\"url\":\"https:\/\/www.fsfx.com.br\/usisaude\/\",\"name\":\"Usisa\u00fade\",\"description\":\"Somos a Usisa\u00fade, uma operadora de planos de sa\u00fade da Funda\u00e7\u00e3o S\u00e3o Francisco Xavier (FSFX), a maior em modalidade filantr\u00f3pica do pa\u00eds.\",\"publisher\":{\"@id\":\"https:\/\/www.fsfx.com.br\/usisaude\/#organization\"},\"potentialAction\":[{\"@type\":\"SearchAction\",\"target\":{\"@type\":\"EntryPoint\",\"urlTemplate\":\"https:\/\/www.fsfx.com.br\/usisaude\/?s={search_term_string}\"},\"query-input\":{\"@type\":\"PropertyValueSpecification\",\"valueRequired\":true,\"valueName\":\"search_term_string\"}}],\"inLanguage\":\"pt-BR\"},{\"@type\":\"Organization\",\"@id\":\"https:\/\/www.fsfx.com.br\/usisaude\/#organization\",\"name\":\"Usisa\u00fade\",\"url\":\"https:\/\/www.fsfx.com.br\/usisaude\/\",\"logo\":{\"@type\":\"ImageObject\",\"inLanguage\":\"pt-BR\",\"@id\":\"https:\/\/www.fsfx.com.br\/usisaude\/#\/schema\/logo\/image\/\",\"url\":\"https:\/\/www.fsfx.com.br\/usisaude\/wp-content\/uploads\/sites\/6\/2022\/03\/logo-ususaude-1.svg\",\"contentUrl\":\"https:\/\/www.fsfx.com.br\/usisaude\/wp-content\/uploads\/sites\/6\/2022\/03\/logo-ususaude-1.svg\",\"width\":445,\"height\":196,\"caption\":\"Usisa\u00fade\"},\"image\":{\"@id\":\"https:\/\/www.fsfx.com.br\/usisaude\/#\/schema\/logo\/image\/\"}},{\"@type\":\"Person\",\"@id\":\"\",\"url\":\"https:\/\/www.fsfx.com.br\/usisaude\/author\/\"}]}<\/script>\n<!-- \/ Yoast SEO plugin. -->","yoast_head_json":{"title":"Planejar a gravidez: saiba como se preparar para a gesta\u00e7\u00e3o - Usisa\u00fade","description":"Planejar a gravidez adequadamente\u00a0\u00e9 criar um ambiente saud\u00e1vel para o desenvolvimento da crian\u00e7a. Conhe\u00e7a os fatores que devem ser levados em conta.","robots":{"index":"index","follow":"follow","max-snippet":"max-snippet:-1","max-image-preview":"max-image-preview:large","max-video-preview":"max-video-preview:-1"},"canonical":"https:\/\/www.fsfx.com.br\/usisaude\/planejar-a-gravidez-saiba-como-se-preparar-para-gestacao\/","og_locale":"pt_BR","og_type":"article","og_title":"Planejar a gravidez: saiba como se preparar para a gesta\u00e7\u00e3o - Usisa\u00fade","og_description":"Planejar a gravidez adequadamente\u00a0\u00e9 criar um ambiente saud\u00e1vel para o desenvolvimento da crian\u00e7a. Conhe\u00e7a os fatores que devem ser levados em conta.","og_url":"https:\/\/www.fsfx.com.br\/usisaude\/planejar-a-gravidez-saiba-como-se-preparar-para-gestacao\/","og_site_name":"Usisa\u00fade","article_published_time":"2018-07-24T17:41:24+00:00","article_modified_time":"2024-09-12T18:09:25+00:00","og_image":[{"url":"http:\/\/www.fsfx.com.br\/atituderimacomsaude\/wp-content\/uploads\/2018\/07\/planejando-a-gravidez-saiba-como-se-preparar-para-a-gestacao.png","type":"","width":"","height":""}],"twitter_card":"summary_large_image","twitter_misc":{"Escrito por":"","Est. tempo de leitura":"3 minutos"},"schema":{"@context":"https:\/\/schema.org","@graph":[{"@type":"Article","@id":"https:\/\/www.fsfx.com.br\/usisaude\/planejar-a-gravidez-saiba-como-se-preparar-para-gestacao\/#article","isPartOf":{"@id":"https:\/\/www.fsfx.com.br\/usisaude\/planejar-a-gravidez-saiba-como-se-preparar-para-gestacao\/"},"author":{"name":"","@id":""},"headline":"Planejar a gravidez: saiba como se preparar para a gesta\u00e7\u00e3o","datePublished":"2018-07-24T17:41:24+00:00","dateModified":"2024-09-12T18:09:25+00:00","mainEntityOfPage":{"@id":"https:\/\/www.fsfx.com.br\/usisaude\/planejar-a-gravidez-saiba-como-se-preparar-para-gestacao\/"},"wordCount":693,"commentCount":0,"publisher":{"@id":"https:\/\/www.fsfx.com.br\/usisaude\/#organization"},"image":{"@id":"https:\/\/www.fsfx.com.br\/usisaude\/planejar-a-gravidez-saiba-como-se-preparar-para-gestacao\/#primaryimage"},"thumbnailUrl":"","keywords":["gravidez","planejar"],"articleSection":["Not\u00edcias"],"inLanguage":"pt-BR","potentialAction":[{"@type":"CommentAction","name":"Comment","target":["https:\/\/www.fsfx.com.br\/usisaude\/planejar-a-gravidez-saiba-como-se-preparar-para-gestacao\/#respond"]}]},{"@type":"WebPage","@id":"https:\/\/www.fsfx.com.br\/usisaude\/planejar-a-gravidez-saiba-como-se-preparar-para-gestacao\/","url":"https:\/\/www.fsfx.com.br\/usisaude\/planejar-a-gravidez-saiba-como-se-preparar-para-gestacao\/","name":"Planejar a gravidez: saiba como se preparar para a gesta\u00e7\u00e3o - Usisa\u00fade","isPartOf":{"@id":"https:\/\/www.fsfx.com.br\/usisaude\/#website"},"primaryImageOfPage":{"@id":"https:\/\/www.fsfx.com.br\/usisaude\/planejar-a-gravidez-saiba-como-se-preparar-para-gestacao\/#primaryimage"},"image":{"@id":"https:\/\/www.fsfx.com.br\/usisaude\/planejar-a-gravidez-saiba-como-se-preparar-para-gestacao\/#primaryimage"},"thumbnailUrl":"","datePublished":"2018-07-24T17:41:24+00:00","dateModified":"2024-09-12T18:09:25+00:00","description":"Planejar a gravidez adequadamente\u00a0\u00e9 criar um ambiente saud\u00e1vel para o desenvolvimento da crian\u00e7a. Conhe\u00e7a os fatores que devem ser levados em conta.","breadcrumb":{"@id":"https:\/\/www.fsfx.com.br\/usisaude\/planejar-a-gravidez-saiba-como-se-preparar-para-gestacao\/#breadcrumb"},"inLanguage":"pt-BR","potentialAction":[{"@type":"ReadAction","target":["https:\/\/www.fsfx.com.br\/usisaude\/planejar-a-gravidez-saiba-como-se-preparar-para-gestacao\/"]}]},{"@type":"ImageObject","inLanguage":"pt-BR","@id":"https:\/\/www.fsfx.com.br\/usisaude\/planejar-a-gravidez-saiba-como-se-preparar-para-gestacao\/#primaryimage","url":"","contentUrl":""},{"@type":"BreadcrumbList","@id":"https:\/\/www.fsfx.com.br\/usisaude\/planejar-a-gravidez-saiba-como-se-preparar-para-gestacao\/#breadcrumb","itemListElement":[{"@type":"ListItem","position":1,"name":"In\u00edcio","item":"https:\/\/www.fsfx.com.br\/usisaude\/"},{"@type":"ListItem","position":2,"name":"Planejar a gravidez: saiba como se preparar para a gesta\u00e7\u00e3o"}]},{"@type":"WebSite","@id":"https:\/\/www.fsfx.com.br\/usisaude\/#website","url":"https:\/\/www.fsfx.com.br\/usisaude\/","name":"Usisa\u00fade","description":"Somos a Usisa\u00fade, uma operadora de planos de sa\u00fade da Funda\u00e7\u00e3o S\u00e3o Francisco Xavier (FSFX), a maior em modalidade filantr\u00f3pica do pa\u00eds.","publisher":{"@id":"https:\/\/www.fsfx.com.br\/usisaude\/#organization"},"potentialAction":[{"@type":"SearchAction","target":{"@type":"EntryPoint","urlTemplate":"https:\/\/www.fsfx.com.br\/usisaude\/?s={search_term_string}"},"query-input":{"@type":"PropertyValueSpecification","valueRequired":true,"valueName":"search_term_string"}}],"inLanguage":"pt-BR"},{"@type":"Organization","@id":"https:\/\/www.fsfx.com.br\/usisaude\/#organization","name":"Usisa\u00fade","url":"https:\/\/www.fsfx.com.br\/usisaude\/","logo":{"@type":"ImageObject","inLanguage":"pt-BR","@id":"https:\/\/www.fsfx.com.br\/usisaude\/#\/schema\/logo\/image\/","url":"https:\/\/www.fsfx.com.br\/usisaude\/wp-content\/uploads\/sites\/6\/2022\/03\/logo-ususaude-1.svg","contentUrl":"https:\/\/www.fsfx.com.br\/usisaude\/wp-content\/uploads\/sites\/6\/2022\/03\/logo-ususaude-1.svg","width":445,"height":196,"caption":"Usisa\u00fade"},"image":{"@id":"https:\/\/www.fsfx.com.br\/usisaude\/#\/schema\/logo\/image\/"}},{"@type":"Person","@id":"","url":"https:\/\/www.fsfx.com.br\/usisaude\/author\/"}]}},"_links":{"self":[{"href":"https:\/\/www.fsfx.com.br\/usisaude\/wp-json\/wp\/v2\/posts\/3711","targetHints":{"allow":["GET"]}}],"collection":[{"href":"https:\/\/www.fsfx.com.br\/usisaude\/wp-json\/wp\/v2\/posts"}],"about":[{"href":"https:\/\/www.fsfx.com.br\/usisaude\/wp-json\/wp\/v2\/types\/post"}],"author":[{"embeddable":true,"href":"https:\/\/www.fsfx.com.br\/usisaude\/wp-json\/wp\/v2\/users\/9"}],"replies":[{"embeddable":true,"href":"https:\/\/www.fsfx.com.br\/usisaude\/wp-json\/wp\/v2\/comments?post=3711"}],"version-history":[{"count":1,"href":"https:\/\/www.fsfx.com.br\/usisaude\/wp-json\/wp\/v2\/posts\/3711\/revisions"}],"predecessor-version":[{"id":10946,"href":"https:\/\/www.fsfx.com.br\/usisaude\/wp-json\/wp\/v2\/posts\/3711\/revisions\/10946"}],"wp:featuredmedia":[{"embeddable":true,"href":"https:\/\/www.fsfx.com.br\/usisaude\/wp-json\/"}],"wp:attachment":[{"href":"https:\/\/www.fsfx.com.br\/usisaude\/wp-json\/wp\/v2\/media?parent=3711"}],"wp:term":[{"taxonomy":"category","embeddable":true,"href":"https:\/\/www.fsfx.com.br\/usisaude\/wp-json\/wp\/v2\/categories?post=3711"},{"taxonomy":"post_tag","embeddable":true,"href":"https:\/\/www.fsfx.com.br\/usisaude\/wp-json\/wp\/v2\/tags?post=3711"}],"curies":[{"name":"wp","href":"https:\/\/api.w.org\/{rel}","templated":true}]}}