{"id":3714,"date":"2018-07-24T17:54:06","date_gmt":"2018-07-24T17:54:06","guid":{"rendered":"http:\/\/www.fsfx.com.br\/atituderimacomsaude\/?p=3714"},"modified":"2024-09-12T15:09:25","modified_gmt":"2024-09-12T18:09:25","slug":"saiba-mais-sobre-os-riscos-saude-mental-no-trabalho","status":"publish","type":"post","link":"https:\/\/www.fsfx.com.br\/usisaude\/saiba-mais-sobre-os-riscos-saude-mental-no-trabalho\/","title":{"rendered":"S\u00edndrome de Burnout e os riscos \u00e0 sa\u00fade mental no trabalho"},"content":{"rendered":"<p><strong>Conte\u00fado atualizado em 08\/02\/2022\u00a0\u00a0<\/strong><\/p>\n<p>Tempo de leitura: 8 minutos<\/p>\n<p><span style=\"font-weight: 400\">As condi\u00e7\u00f5es de trabalho (hor\u00e1rios, natureza das atividades, ambiente, sobrecarga) s\u00e3o capazes de desencadear uma s\u00e9rie de amea\u00e7as \u00e0 sa\u00fade mental dos profissionais. Com isso, podem surgir doen\u00e7as como a S\u00edndrome de Burnout.<\/span><\/p>\n<p><span style=\"font-weight: 400\">De modo geral, sensa\u00e7\u00f5es como tristeza, ansiedade, indiferen\u00e7a, irritabilidade, falta de poder de concentra\u00e7\u00e3o e altera\u00e7\u00f5es bruscas de humor podem ser alguns dos ind\u00edcios de quem sofre com esse tipo de transtorno, que se n\u00e3o tratado corretamente pode evoluir para manifesta\u00e7\u00f5es mais graves.<\/span><\/p>\n<p><span style=\"font-weight: 400\">Por isso, \u00e9 muito importante que esse tema seja discutido no ambiente de trabalho e na vida cotidiana do indiv\u00edduo. O objetivo deste post \u00e9 apresentar o conceito da S\u00edndrome de Burnout, suas causas e sintomas, bem como o tratamento recomendado. Continue lendo e fique por dentro!<\/span><\/p>\n<h2><b>O que \u00e9 a S\u00edndrome de Burnout?<\/b><\/h2>\n<p><span style=\"font-weight: 400\">A s\u00edndrome de Burnout \u00e9 um estado de tens\u00e3o e exaust\u00e3o f\u00edsica, emocional e mental extrema, cujo motivo prim\u00e1rio est\u00e1 relacionado com a atividade\/ ambiente profissional.<\/span><\/p>\n<p><span style=\"font-weight: 400\">A pessoa se v\u00ea, portanto, diante da S\u00edndrome de Burnout, um termo de l\u00edngua inglesa que significa \u201cum colapso f\u00edsico e\/ou mental causado pelo excesso de trabalho ou por estresse\u201d.<\/span><\/p>\n<p><span style=\"font-weight: 400\">Mesmo esgotada, a pessoa continua comparecendo \u00e0 empresa onde trabalha, mas passa a apresentar pouca ou nenhuma produtividade. <\/span><span style=\"font-weight: 400\">Muitas vezes \u00e9 confundida com estresse pela semelhan\u00e7a de sintomas. No entanto, essa s\u00edndrome pode resultar num estado de depress\u00e3o profundo, e por isso seu reconhecimento, assim como buscar ajuda profissional o quanto antes, s\u00e3o fundamentais<\/span><\/p>\n<h2><b>Quais s\u00e3o as causas e sintomas do Burnout?<\/b><\/h2>\n<p><span style=\"font-weight: 400\">O Burnout pode ter origem em diversos fatores, o que depende de cada indiv\u00edduo e do que ele entende como esgotamento relacionado ao trabalho. Pode ser excesso de responsabilidade, carga hor\u00e1ria prolongada sem descanso ou relacionamento interpessoal t\u00f3xico.<\/span><\/p>\n<p><span style=\"font-weight: 400\">Al\u00e9m das sensa\u00e7\u00f5es que mencionamos no in\u00edcio deste artigo, ao se desenvolver, a S\u00edndrome de Burnout evolui para sintomas f\u00edsicos, emocionais e comportamentais ainda mais intensos. Veja alguns dos mais frequentes:\u00a0<\/span><\/p>\n<ul>\n<li style=\"font-weight: 400\"><span style=\"font-weight: 400\">Cansa\u00e7o extremo<\/span><\/li>\n<li style=\"font-weight: 400\"><span style=\"font-weight: 400\">Dores de cabe\u00e7a cont\u00ednuas<\/span><\/li>\n<li style=\"font-weight: 400\"><span style=\"font-weight: 400\">Oscila\u00e7\u00e3o do apetite<\/span><\/li>\n<li style=\"font-weight: 400\"><span style=\"font-weight: 400\">Ins\u00f4nia<\/span><\/li>\n<li style=\"font-weight: 400\"><span style=\"font-weight: 400\">Dificuldade de concentra\u00e7\u00e3o<\/span><\/li>\n<li style=\"font-weight: 400\"><span style=\"font-weight: 400\">Negatividade frequente<\/span><\/li>\n<li style=\"font-weight: 400\"><span style=\"font-weight: 400\">Sentimento de incompet\u00eancia<\/span><\/li>\n<li style=\"font-weight: 400\"><span style=\"font-weight: 400\">Hipertens\u00e3o<\/span><\/li>\n<li style=\"font-weight: 400\"><span style=\"font-weight: 400\">Isolamento repentino com altera\u00e7\u00e3o do humor<\/span><\/li>\n<li style=\"font-weight: 400\"><span style=\"font-weight: 400\">Sentimento de derrota<\/span><\/li>\n<li style=\"font-weight: 400\"><span style=\"font-weight: 400\">Inseguran\u00e7a<\/span><\/li>\n<li style=\"font-weight: 400\"><span style=\"font-weight: 400\">Desesperan\u00e7a<\/span><\/li>\n<li style=\"font-weight: 400\"><span style=\"font-weight: 400\">Altera\u00e7\u00e3o do trato gastrointestinal<\/span><\/li>\n<\/ul>\n<h2><b>Como diagnosticar e tratar a S\u00edndrome de Burnout?<\/b><\/h2>\n<p><span style=\"font-weight: 400\">O diagn\u00f3stico da S\u00edndrome de Burnout n\u00e3o \u00e9 simples, pois os sintomas e comportamentos podem ser facilmente associados a outras patologias que tamb\u00e9m afetam o estado f\u00edsico e psicol\u00f3gico do indiv\u00edduo.\u00a0<\/span><\/p>\n<p><span style=\"font-weight: 400\">Em meio a crises e mudan\u00e7as bruscas \u00e9 importante que a pessoa seja avaliada por um especialista, a fim de investigar o hist\u00f3rico, avaliar poss\u00edveis causas e fazer uma an\u00e1lise cl\u00ednica. Nesse processo s\u00e3o verificadas a rotina e atividades no trabalho para entender os pontos de maior impacto e gatilho.\u00a0<\/span><\/p>\n<p><span style=\"font-weight: 400\">Normalmente, psiquiatras e psic\u00f3logos s\u00e3o os profissionais mais indicados para acompanhar o caso e fechar um diagn\u00f3stico. Depois disso, o tratamento deve ser iniciado considerando o grau de intensidade e n\u00edvel de acometimento da s\u00edndrome.\u00a0<\/span><\/p>\n<p><span style=\"font-weight: 400\">Para tratar o Burnout, o paciente pode ser submetido a sess\u00f5es de psicoterapia que o ajudem a lidar com as emo\u00e7\u00f5es e n\u00e3o canalizar o que h\u00e1 de ruim para o corpo. Durante o tempo com o terapeuta ele \u00e9 levado a refletir sobre os acontecimentos e enxergar o que precisa mudar para se sentir bem e sem sobrecarga.\u00a0<\/span><\/p>\n<p><span style=\"font-weight: 400\">Parte do tratamento consiste em mudar as condi\u00e7\u00f5es do trabalho que levaram a pessoa \u00e0 exaust\u00e3o profunda. Tamb\u00e9m costuma-se recomendar atividade f\u00edsica regular, atividades de lazer, passar mais tempo com familiares e amigos, e exerc\u00edcios para aliviar a tens\u00e3o, por exemplo.<\/span><\/p>\n<p><span style=\"font-weight: 400\">Em conjunto com a terapia, nos casos mais graves, podem ser usados ansiol\u00edticos ou antidepressivos para ajudar nos momentos de ins\u00f4nia, irritabilidade ou sentimento profundo de inseguran\u00e7a. A atividade f\u00edsica regular e mudan\u00e7a de h\u00e1bitos no trabalho e na vida, formam um conjunto de medidas que colaboram para o tratamento.\u00a0<\/span><\/p>\n<p><span style=\"font-weight: 400\">T\u00e3o eficazes no tratamento de uma s\u00edndrome j\u00e1 instaurada, todos esses recursos s\u00e3o tamb\u00e9m preventivos e podem evitar seu surgimento. Ao detectar que o trabalho tem causado sensa\u00e7\u00f5es negativas, recorrer \u00e0 ajuda profissional pode eliminar diversos sintomas desagrad\u00e1veis.<\/span><\/p>\n<h2><b>Como os afastamentos causados por danos \u00e0 sa\u00fade mental afetam as empresas e os trabalhadores?<\/b><\/h2>\n<p><span style=\"font-weight: 400\">De acordo com a Organiza\u00e7\u00e3o Mundial de Sa\u00fade, os problemas de ordem mental\/ emocional s\u00e3o respons\u00e1veis pela maior parte dos afastamentos de trabalhadores de seus postos de trabalho. A partir de 2022, a S\u00edndrome de Burnout passa a figurar na Classifica\u00e7\u00e3o Internacional de Doen\u00e7as, apontada como um fen\u00f4meno ligado ao trabalho capaz de afetar a sa\u00fade e qualidade de vida.<\/span><\/p>\n<p><span style=\"font-weight: 400\">No Brasil, os problemas de natureza psicoemocional respondem pelos afastamentos mais duradouros em n\u00famero de dias. Para as empresas, tais afastamentos resultam em aumento de custos:<\/span><\/p>\n<ul>\n<li style=\"font-weight: 400\"><span style=\"font-weight: 400\">Os vis\u00edveis \u2013 aqueles decorrentes dos valores pagos ao funcion\u00e1rio que n\u00e3o est\u00e1 trabalhando<\/span><\/li>\n<li style=\"font-weight: 400\"><span style=\"font-weight: 400\">Os invis\u00edveis \u2013 aqueles decorrentes da sobrecarga das equipes<\/span><\/li>\n<\/ul>\n<p><span style=\"font-weight: 400\">J\u00e1 a sociedade \u00e9 obrigada a arcar com o pre\u00e7o pago \u00e0 Previd\u00eancia Social, por isso, as empresas agora ter\u00e3o que mudar a conduta ao perceberem sinais de Burnout em seus colaboradores e criar pol\u00edticas de tratamento para os tipos de casos.<\/span><\/p>\n<p><span style=\"font-weight: 400\">Finalmente, para o trabalhador, os impactos s\u00e3o o pr\u00f3prio adoecimento, a interrup\u00e7\u00e3o do crescimento na carreira e o preju\u00edzo nas rela\u00e7\u00f5es familiares e afetivas. Em casos extremos, a pessoa pode at\u00e9 desenvolver a chamada \u201cs\u00edndrome do p\u00e2nico\u201d.<\/span><\/p>\n<h2><b>Como reintegrar o trabalhador que passou por um problema mental ou emocional?<\/b><\/h2>\n<p><span style=\"font-weight: 400\">Reinserir um trabalhador que esteve doente emocionalmente no ambiente de trabalho \u00e9 um processo delicado e trabalhoso. \u00c9 necess\u00e1rio que o gestor, a equipe e o pr\u00f3prio funcion\u00e1rio se adaptem \u00e0s mudan\u00e7as que se fizerem necess\u00e1rias \u00e0s novas rotinas laborais.<\/span><\/p>\n<p><span style=\"font-weight: 400\">A participa\u00e7\u00e3o da equipe de RH e de um(a) psic\u00f3logo(a) s\u00e3o importantes para auxiliar no processo de readapta\u00e7\u00e3o e medir os resultados alcan\u00e7ados ap\u00f3s a implementa\u00e7\u00e3o das medidas que se fizerem necess\u00e1rias.<\/span><\/p>\n<h2><b>O que fazer para reduzir os riscos \u00e0 sa\u00fade mental no trabalho?<\/b><\/h2>\n<p><span style=\"font-weight: 400\">O primeiro passo que as empresas podem dar \u00e9 a realiza\u00e7\u00e3o peri\u00f3dica das pesquisas de clima e dos indicadores de afastamento. Com os dados em m\u00e3os, \u00e9 poss\u00edvel tra\u00e7ar estrat\u00e9gias que minimizem tais riscos a partir de uma gest\u00e3o de recursos humanos presente e atuante.<\/span><\/p>\n<p><span style=\"font-weight: 400\">Os programas de preven\u00e7\u00e3o e a cria\u00e7\u00e3o de uma ouvidoria dedicada exclusivamente a receber as cr\u00edticas e as sugest\u00f5es dos funcion\u00e1rios tamb\u00e9m s\u00e3o boas a\u00e7\u00f5es. J\u00e1 ao colaborador cabe analisar as suas perspectivas profissionais e pessoais de modo a compreender melhor as suas expectativas e projetar as mudan\u00e7as necess\u00e1rias.<\/span><\/p>\n<p><span style=\"font-weight: 400\">A inclus\u00e3o de atividades f\u00edsicas e de a\u00e7\u00f5es que promovam o autodesenvolvimento pode abrir novas possibilidades motivadoras.<\/span><\/p>\n<p><span style=\"font-weight: 400\">Ao mesmo tempo, \u00e9 aconselh\u00e1vel manter um di\u00e1logo aberto com o gestor, de modo que este esteja ciente de poss\u00edveis problemas no ambiente de trabalho que podem representar riscos e trazer \u00e0 tona os dist\u00farbios canalizadores da S\u00edndrome de Burnout.<\/span><\/p>\n<p><span style=\"font-weight: 400\">Algumas a\u00e7\u00f5es importantes\u00a0 no dia a dia que podem <\/span><span style=\"font-weight: 400\">reduzir os casos de Burnout e manter a qualidade de vida no trabalho:\u00a0<\/span><\/p>\n<ul>\n<li><span style=\"font-weight: 400\">D\u00ea aten\u00e7\u00e3o aos sinais de alerta: ins\u00f4nia, altera\u00e7\u00f5es da mem\u00f3ria, fadiga, irritabilidade, ansiedade;\u00a0<\/span><\/li>\n<li><span style=\"font-weight: 400\">Estabele\u00e7a e organize suas prioridades;<\/span><\/li>\n<li><span style=\"font-weight: 400\">N\u00e3o assuma compromissos sem avaliar sua agenda e disponibilidade;<\/span><\/li>\n<li><span style=\"font-weight: 400\">Entenda que a comunica\u00e7\u00e3o \u00e9 fundamental;<\/span><\/li>\n<li><span style=\"font-weight: 400\">Compreenda os gatilhos de estresse;<\/span><\/li>\n<li><span style=\"font-weight: 400\">Tenha uma rede de apoio;<\/span><\/li>\n<li><span style=\"font-weight: 400\">Limite seu tempo de trabalho;<\/span><\/li>\n<li><span style=\"font-weight: 400\">Aprenda a dizer n\u00e3o.<\/span><\/li>\n<\/ul>\n<p><span style=\"font-weight: 400\">Se voc\u00ea gostou deste post, que tal aproveitar a visita e ler mais um conte\u00fado, dessa vez sobre o cansa\u00e7o mental, como identificar e lidar com esse problema para manter a sa\u00fade e qualidade de vida!<\/span><\/p>\n<h1><b>Refer\u00eancias:<\/b><\/h1>\n<p><span style=\"font-weight: 400\">ASSOCIA\u00c7\u00c3O NACIONAL DE MEDICINA DO TRABALHO. <\/span><b>A s\u00edndrome de burnout e sua rela\u00e7\u00e3o com a sa\u00fade do trabalhador<\/b><span style=\"font-weight: 400\">. 2015. <\/span><span style=\"font-weight: 400\">Dispon\u00edvel em: &lt;https:\/\/www.anamt.org.br\/portal\/2015\/04\/20\/a-sindrome-de-burnout-e-sua-relacao-com-a-saude-do-trabalhador\/&gt;. Acesso em: 10 Jan. 2022<\/span><\/p>\n<p><span style=\"font-weight: 400\">ASSOCIA\u00c7\u00c3O NACIONAL DE MEDICINA DO TRABALHO. <\/span><b>O que \u00e9 a s\u00edndrome de burnout, que entrou na lista de doen\u00e7as da OMS<\/b><span style=\"font-weight: 400\">. 2019. <\/span><span style=\"font-weight: 400\">Dispon\u00edvel em: &lt;https:\/\/www.anamt.org.br\/portal\/2019\/11\/04\/o-que-e-a-sindrome-de-burnout-que-entrou-na-lista-de-doencas-da-oms\/&gt;. Acesso em: 10 Jan. 2022<\/span><\/p>\n<p><span style=\"font-weight: 400\">Demeneck VA; Kurowski CM. <\/span><b>S\u00edndrome de burnout: Amea\u00e7a da sa\u00fade mental do trabalhador<\/b><span style=\"font-weight: 400\">. <\/span><span style=\"font-weight: 400\">Dispon\u00edvel em: &lt;https:\/\/img.fae.edu\/galeria\/getImage\/1\/5083007472669816.pdf&gt;. Acesso em: 10 Jan. 2022<\/span><\/p>\n<p><span style=\"font-weight: 400\">MINIST\u00c9RIO DA SA\u00daDE. <\/span><b>S\u00edndrome de Burnout<\/b><span style=\"font-weight: 400\">. 2020. <\/span><span style=\"font-weight: 400\">Dispon\u00edvel em: &lt;https:\/\/www.gov.br\/saude\/pt-br\/assuntos\/saude-de-a-a-z\/s\/sindrome-de-burnout&gt;. Acesso em: 10 Jan. 2022<\/span><\/p>\n<p><span style=\"font-weight: 400\">Prado CEP. <\/span><b>Estresse ocupacional: causas e consequ\u00eancias<\/b><span style=\"font-weight: 400\">. 2015. <\/span><span style=\"font-weight: 400\">Dispon\u00edvel em: &lt;https:\/\/www.rbmt.org.br\/details\/122\/pt-BR&gt;. Acesso em: 10 Jan. 2022<\/span><\/p>\n","protected":false},"excerpt":{"rendered":"<p>Conte\u00fado atualizado em 08\/02\/2022\u00a0\u00a0 Tempo de leitura: 8 minutos As condi\u00e7\u00f5es de trabalho (hor\u00e1rios, natureza das atividades, ambiente, sobrecarga) s\u00e3o capazes de desencadear uma s\u00e9rie de amea\u00e7as \u00e0 sa\u00fade mental dos profissionais. Com isso, podem surgir doen\u00e7as como a S\u00edndrome de Burnout. De modo geral, sensa\u00e7\u00f5es como tristeza, ansiedade, indiferen\u00e7a, irritabilidade, falta de poder de [&hellip;]<\/p>\n","protected":false},"author":9,"featured_media":4322,"comment_status":"open","ping_status":"open","sticky":false,"template":"","format":"standard","meta":{"_acf_changed":false,"site-sidebar-layout":"default","site-content-layout":"","ast-site-content-layout":"default","site-content-style":"default","site-sidebar-style":"default","ast-global-header-display":"","ast-banner-title-visibility":"","ast-main-header-display":"","ast-hfb-above-header-display":"","ast-hfb-below-header-display":"","ast-hfb-mobile-header-display":"","site-post-title":"","ast-breadcrumbs-content":"","ast-featured-img":"","footer-sml-layout":"","theme-transparent-header-meta":"","adv-header-id-meta":"","stick-header-meta":"","header-above-stick-meta":"","header-main-stick-meta":"","header-below-stick-meta":"","astra-migrate-meta-layouts":"default","ast-page-background-enabled":"default","ast-page-background-meta":{"desktop":{"background-color":"var(--ast-global-color-4)","background-image":"","background-repeat":"repeat","background-position":"center center","background-size":"auto","background-attachment":"scroll","background-type":"","background-media":"","overlay-type":"","overlay-color":"","overlay-opacity":"","overlay-gradient":""},"tablet":{"background-color":"","background-image":"","background-repeat":"repeat","background-position":"center center","background-size":"auto","background-attachment":"scroll","background-type":"","background-media":"","overlay-type":"","overlay-color":"","overlay-opacity":"","overlay-gradient":""},"mobile":{"background-color":"","background-image":"","background-repeat":"repeat","background-position":"center center","background-size":"auto","background-attachment":"scroll","background-type":"","background-media":"","overlay-type":"","overlay-color":"","overlay-opacity":"","overlay-gradient":""}},"ast-content-background-meta":{"desktop":{"background-color":"var(--ast-global-color-5)","background-image":"","background-repeat":"repeat","background-position":"center center","background-size":"auto","background-attachment":"scroll","background-type":"","background-media":"","overlay-type":"","overlay-color":"","overlay-opacity":"","overlay-gradient":""},"tablet":{"background-color":"var(--ast-global-color-5)","background-image":"","background-repeat":"repeat","background-position":"center center","background-size":"auto","background-attachment":"scroll","background-type":"","background-media":"","overlay-type":"","overlay-color":"","overlay-opacity":"","overlay-gradient":""},"mobile":{"background-color":"var(--ast-global-color-5)","background-image":"","background-repeat":"repeat","background-position":"center center","background-size":"auto","background-attachment":"scroll","background-type":"","background-media":"","overlay-type":"","overlay-color":"","overlay-opacity":"","overlay-gradient":""}},"footnotes":""},"categories":[1],"tags":[249,156,188],"class_list":["post-3714","post","type-post","status-publish","format-standard","has-post-thumbnail","hentry","category-noticias","tag-mental","tag-saude","tag-trabalho"],"acf":[],"yoast_head":"<!-- This site is optimized with the Yoast SEO plugin v26.9 - https:\/\/yoast.com\/product\/yoast-seo-wordpress\/ -->\n<title>S\u00edndrome de Burnout e os riscos \u00e0 sa\u00fade mental no trabalho - Usisa\u00fade<\/title>\n<meta name=\"description\" content=\"Sa\u00fade mental no trabalho: stress, hor\u00e1rios e s\u00e3o capazes de desencadear uma s\u00e9rie de amea\u00e7as aos profissionais.\u00a0\" \/>\n<meta name=\"robots\" content=\"index, follow, max-snippet:-1, max-image-preview:large, max-video-preview:-1\" \/>\n<link rel=\"canonical\" href=\"https:\/\/www.fsfx.com.br\/usisaude\/saiba-mais-sobre-os-riscos-saude-mental-no-trabalho\/\" \/>\n<meta property=\"og:locale\" content=\"pt_BR\" \/>\n<meta property=\"og:type\" content=\"article\" \/>\n<meta property=\"og:title\" content=\"S\u00edndrome de Burnout e os riscos \u00e0 sa\u00fade mental no trabalho - Usisa\u00fade\" \/>\n<meta property=\"og:description\" content=\"Sa\u00fade mental no trabalho: stress, hor\u00e1rios e s\u00e3o capazes de desencadear uma s\u00e9rie de amea\u00e7as aos profissionais.\u00a0\" \/>\n<meta property=\"og:url\" content=\"https:\/\/www.fsfx.com.br\/usisaude\/saiba-mais-sobre-os-riscos-saude-mental-no-trabalho\/\" \/>\n<meta property=\"og:site_name\" content=\"Usisa\u00fade\" \/>\n<meta property=\"article:published_time\" content=\"2018-07-24T17:54:06+00:00\" \/>\n<meta property=\"article:modified_time\" content=\"2024-09-12T18:09:25+00:00\" \/>\n<meta property=\"og:image\" content=\"http:\/\/www.fsfx.com.br\/atituderimacomsaude\/wp-content\/uploads\/2018\/07\/saiba-mais-sobre-os-riscos-a-saude-mental-no-trabalho.png\" \/>\n<meta name=\"twitter:card\" content=\"summary_large_image\" \/>\n<meta name=\"twitter:label1\" content=\"Escrito por\" \/>\n\t<meta name=\"twitter:data1\" content=\"\" \/>\n\t<meta name=\"twitter:label2\" content=\"Est. tempo de leitura\" \/>\n\t<meta name=\"twitter:data2\" content=\"8 minutos\" \/>\n<script type=\"application\/ld+json\" class=\"yoast-schema-graph\">{\"@context\":\"https:\/\/schema.org\",\"@graph\":[{\"@type\":\"Article\",\"@id\":\"https:\/\/www.fsfx.com.br\/usisaude\/saiba-mais-sobre-os-riscos-saude-mental-no-trabalho\/#article\",\"isPartOf\":{\"@id\":\"https:\/\/www.fsfx.com.br\/usisaude\/saiba-mais-sobre-os-riscos-saude-mental-no-trabalho\/\"},\"author\":{\"name\":\"\",\"@id\":\"\"},\"headline\":\"S\u00edndrome de Burnout e os riscos \u00e0 sa\u00fade mental no trabalho\",\"datePublished\":\"2018-07-24T17:54:06+00:00\",\"dateModified\":\"2024-09-12T18:09:25+00:00\",\"mainEntityOfPage\":{\"@id\":\"https:\/\/www.fsfx.com.br\/usisaude\/saiba-mais-sobre-os-riscos-saude-mental-no-trabalho\/\"},\"wordCount\":1546,\"commentCount\":0,\"publisher\":{\"@id\":\"https:\/\/www.fsfx.com.br\/usisaude\/#organization\"},\"image\":{\"@id\":\"https:\/\/www.fsfx.com.br\/usisaude\/saiba-mais-sobre-os-riscos-saude-mental-no-trabalho\/#primaryimage\"},\"thumbnailUrl\":\"\",\"keywords\":[\"mental\",\"Sa\u00fade\",\"trabalho\"],\"articleSection\":[\"Not\u00edcias\"],\"inLanguage\":\"pt-BR\",\"potentialAction\":[{\"@type\":\"CommentAction\",\"name\":\"Comment\",\"target\":[\"https:\/\/www.fsfx.com.br\/usisaude\/saiba-mais-sobre-os-riscos-saude-mental-no-trabalho\/#respond\"]}]},{\"@type\":\"WebPage\",\"@id\":\"https:\/\/www.fsfx.com.br\/usisaude\/saiba-mais-sobre-os-riscos-saude-mental-no-trabalho\/\",\"url\":\"https:\/\/www.fsfx.com.br\/usisaude\/saiba-mais-sobre-os-riscos-saude-mental-no-trabalho\/\",\"name\":\"S\u00edndrome de Burnout e os riscos \u00e0 sa\u00fade mental no trabalho - Usisa\u00fade\",\"isPartOf\":{\"@id\":\"https:\/\/www.fsfx.com.br\/usisaude\/#website\"},\"primaryImageOfPage\":{\"@id\":\"https:\/\/www.fsfx.com.br\/usisaude\/saiba-mais-sobre-os-riscos-saude-mental-no-trabalho\/#primaryimage\"},\"image\":{\"@id\":\"https:\/\/www.fsfx.com.br\/usisaude\/saiba-mais-sobre-os-riscos-saude-mental-no-trabalho\/#primaryimage\"},\"thumbnailUrl\":\"\",\"datePublished\":\"2018-07-24T17:54:06+00:00\",\"dateModified\":\"2024-09-12T18:09:25+00:00\",\"description\":\"Sa\u00fade mental no trabalho: stress, hor\u00e1rios e s\u00e3o capazes de desencadear uma s\u00e9rie de amea\u00e7as aos profissionais.\u00a0\",\"breadcrumb\":{\"@id\":\"https:\/\/www.fsfx.com.br\/usisaude\/saiba-mais-sobre-os-riscos-saude-mental-no-trabalho\/#breadcrumb\"},\"inLanguage\":\"pt-BR\",\"potentialAction\":[{\"@type\":\"ReadAction\",\"target\":[\"https:\/\/www.fsfx.com.br\/usisaude\/saiba-mais-sobre-os-riscos-saude-mental-no-trabalho\/\"]}]},{\"@type\":\"ImageObject\",\"inLanguage\":\"pt-BR\",\"@id\":\"https:\/\/www.fsfx.com.br\/usisaude\/saiba-mais-sobre-os-riscos-saude-mental-no-trabalho\/#primaryimage\",\"url\":\"\",\"contentUrl\":\"\"},{\"@type\":\"BreadcrumbList\",\"@id\":\"https:\/\/www.fsfx.com.br\/usisaude\/saiba-mais-sobre-os-riscos-saude-mental-no-trabalho\/#breadcrumb\",\"itemListElement\":[{\"@type\":\"ListItem\",\"position\":1,\"name\":\"In\u00edcio\",\"item\":\"https:\/\/www.fsfx.com.br\/usisaude\/\"},{\"@type\":\"ListItem\",\"position\":2,\"name\":\"S\u00edndrome de Burnout e os riscos \u00e0 sa\u00fade mental no trabalho\"}]},{\"@type\":\"WebSite\",\"@id\":\"https:\/\/www.fsfx.com.br\/usisaude\/#website\",\"url\":\"https:\/\/www.fsfx.com.br\/usisaude\/\",\"name\":\"Usisa\u00fade\",\"description\":\"Somos a Usisa\u00fade, uma operadora de planos de sa\u00fade da Funda\u00e7\u00e3o S\u00e3o Francisco Xavier (FSFX), a maior em modalidade filantr\u00f3pica do pa\u00eds.\",\"publisher\":{\"@id\":\"https:\/\/www.fsfx.com.br\/usisaude\/#organization\"},\"potentialAction\":[{\"@type\":\"SearchAction\",\"target\":{\"@type\":\"EntryPoint\",\"urlTemplate\":\"https:\/\/www.fsfx.com.br\/usisaude\/?s={search_term_string}\"},\"query-input\":{\"@type\":\"PropertyValueSpecification\",\"valueRequired\":true,\"valueName\":\"search_term_string\"}}],\"inLanguage\":\"pt-BR\"},{\"@type\":\"Organization\",\"@id\":\"https:\/\/www.fsfx.com.br\/usisaude\/#organization\",\"name\":\"Usisa\u00fade\",\"url\":\"https:\/\/www.fsfx.com.br\/usisaude\/\",\"logo\":{\"@type\":\"ImageObject\",\"inLanguage\":\"pt-BR\",\"@id\":\"https:\/\/www.fsfx.com.br\/usisaude\/#\/schema\/logo\/image\/\",\"url\":\"https:\/\/www.fsfx.com.br\/usisaude\/wp-content\/uploads\/sites\/6\/2022\/03\/logo-ususaude-1.svg\",\"contentUrl\":\"https:\/\/www.fsfx.com.br\/usisaude\/wp-content\/uploads\/sites\/6\/2022\/03\/logo-ususaude-1.svg\",\"width\":445,\"height\":196,\"caption\":\"Usisa\u00fade\"},\"image\":{\"@id\":\"https:\/\/www.fsfx.com.br\/usisaude\/#\/schema\/logo\/image\/\"}},{\"@type\":\"Person\",\"@id\":\"\",\"url\":\"https:\/\/www.fsfx.com.br\/usisaude\/author\/\"}]}<\/script>\n<!-- \/ Yoast SEO plugin. -->","yoast_head_json":{"title":"S\u00edndrome de Burnout e os riscos \u00e0 sa\u00fade mental no trabalho - Usisa\u00fade","description":"Sa\u00fade mental no trabalho: stress, hor\u00e1rios e s\u00e3o capazes de desencadear uma s\u00e9rie de amea\u00e7as aos profissionais.\u00a0","robots":{"index":"index","follow":"follow","max-snippet":"max-snippet:-1","max-image-preview":"max-image-preview:large","max-video-preview":"max-video-preview:-1"},"canonical":"https:\/\/www.fsfx.com.br\/usisaude\/saiba-mais-sobre-os-riscos-saude-mental-no-trabalho\/","og_locale":"pt_BR","og_type":"article","og_title":"S\u00edndrome de Burnout e os riscos \u00e0 sa\u00fade mental no trabalho - Usisa\u00fade","og_description":"Sa\u00fade mental no trabalho: stress, hor\u00e1rios e s\u00e3o capazes de desencadear uma s\u00e9rie de amea\u00e7as aos profissionais.\u00a0","og_url":"https:\/\/www.fsfx.com.br\/usisaude\/saiba-mais-sobre-os-riscos-saude-mental-no-trabalho\/","og_site_name":"Usisa\u00fade","article_published_time":"2018-07-24T17:54:06+00:00","article_modified_time":"2024-09-12T18:09:25+00:00","og_image":[{"url":"http:\/\/www.fsfx.com.br\/atituderimacomsaude\/wp-content\/uploads\/2018\/07\/saiba-mais-sobre-os-riscos-a-saude-mental-no-trabalho.png","type":"","width":"","height":""}],"twitter_card":"summary_large_image","twitter_misc":{"Escrito por":"","Est. tempo de leitura":"8 minutos"},"schema":{"@context":"https:\/\/schema.org","@graph":[{"@type":"Article","@id":"https:\/\/www.fsfx.com.br\/usisaude\/saiba-mais-sobre-os-riscos-saude-mental-no-trabalho\/#article","isPartOf":{"@id":"https:\/\/www.fsfx.com.br\/usisaude\/saiba-mais-sobre-os-riscos-saude-mental-no-trabalho\/"},"author":{"name":"","@id":""},"headline":"S\u00edndrome de Burnout e os riscos \u00e0 sa\u00fade mental no trabalho","datePublished":"2018-07-24T17:54:06+00:00","dateModified":"2024-09-12T18:09:25+00:00","mainEntityOfPage":{"@id":"https:\/\/www.fsfx.com.br\/usisaude\/saiba-mais-sobre-os-riscos-saude-mental-no-trabalho\/"},"wordCount":1546,"commentCount":0,"publisher":{"@id":"https:\/\/www.fsfx.com.br\/usisaude\/#organization"},"image":{"@id":"https:\/\/www.fsfx.com.br\/usisaude\/saiba-mais-sobre-os-riscos-saude-mental-no-trabalho\/#primaryimage"},"thumbnailUrl":"","keywords":["mental","Sa\u00fade","trabalho"],"articleSection":["Not\u00edcias"],"inLanguage":"pt-BR","potentialAction":[{"@type":"CommentAction","name":"Comment","target":["https:\/\/www.fsfx.com.br\/usisaude\/saiba-mais-sobre-os-riscos-saude-mental-no-trabalho\/#respond"]}]},{"@type":"WebPage","@id":"https:\/\/www.fsfx.com.br\/usisaude\/saiba-mais-sobre-os-riscos-saude-mental-no-trabalho\/","url":"https:\/\/www.fsfx.com.br\/usisaude\/saiba-mais-sobre-os-riscos-saude-mental-no-trabalho\/","name":"S\u00edndrome de Burnout e os riscos \u00e0 sa\u00fade mental no trabalho - Usisa\u00fade","isPartOf":{"@id":"https:\/\/www.fsfx.com.br\/usisaude\/#website"},"primaryImageOfPage":{"@id":"https:\/\/www.fsfx.com.br\/usisaude\/saiba-mais-sobre-os-riscos-saude-mental-no-trabalho\/#primaryimage"},"image":{"@id":"https:\/\/www.fsfx.com.br\/usisaude\/saiba-mais-sobre-os-riscos-saude-mental-no-trabalho\/#primaryimage"},"thumbnailUrl":"","datePublished":"2018-07-24T17:54:06+00:00","dateModified":"2024-09-12T18:09:25+00:00","description":"Sa\u00fade mental no trabalho: stress, hor\u00e1rios e s\u00e3o capazes de desencadear uma s\u00e9rie de amea\u00e7as aos profissionais.\u00a0","breadcrumb":{"@id":"https:\/\/www.fsfx.com.br\/usisaude\/saiba-mais-sobre-os-riscos-saude-mental-no-trabalho\/#breadcrumb"},"inLanguage":"pt-BR","potentialAction":[{"@type":"ReadAction","target":["https:\/\/www.fsfx.com.br\/usisaude\/saiba-mais-sobre-os-riscos-saude-mental-no-trabalho\/"]}]},{"@type":"ImageObject","inLanguage":"pt-BR","@id":"https:\/\/www.fsfx.com.br\/usisaude\/saiba-mais-sobre-os-riscos-saude-mental-no-trabalho\/#primaryimage","url":"","contentUrl":""},{"@type":"BreadcrumbList","@id":"https:\/\/www.fsfx.com.br\/usisaude\/saiba-mais-sobre-os-riscos-saude-mental-no-trabalho\/#breadcrumb","itemListElement":[{"@type":"ListItem","position":1,"name":"In\u00edcio","item":"https:\/\/www.fsfx.com.br\/usisaude\/"},{"@type":"ListItem","position":2,"name":"S\u00edndrome de Burnout e os riscos \u00e0 sa\u00fade mental no trabalho"}]},{"@type":"WebSite","@id":"https:\/\/www.fsfx.com.br\/usisaude\/#website","url":"https:\/\/www.fsfx.com.br\/usisaude\/","name":"Usisa\u00fade","description":"Somos a Usisa\u00fade, uma operadora de planos de sa\u00fade da Funda\u00e7\u00e3o S\u00e3o Francisco Xavier (FSFX), a maior em modalidade filantr\u00f3pica do pa\u00eds.","publisher":{"@id":"https:\/\/www.fsfx.com.br\/usisaude\/#organization"},"potentialAction":[{"@type":"SearchAction","target":{"@type":"EntryPoint","urlTemplate":"https:\/\/www.fsfx.com.br\/usisaude\/?s={search_term_string}"},"query-input":{"@type":"PropertyValueSpecification","valueRequired":true,"valueName":"search_term_string"}}],"inLanguage":"pt-BR"},{"@type":"Organization","@id":"https:\/\/www.fsfx.com.br\/usisaude\/#organization","name":"Usisa\u00fade","url":"https:\/\/www.fsfx.com.br\/usisaude\/","logo":{"@type":"ImageObject","inLanguage":"pt-BR","@id":"https:\/\/www.fsfx.com.br\/usisaude\/#\/schema\/logo\/image\/","url":"https:\/\/www.fsfx.com.br\/usisaude\/wp-content\/uploads\/sites\/6\/2022\/03\/logo-ususaude-1.svg","contentUrl":"https:\/\/www.fsfx.com.br\/usisaude\/wp-content\/uploads\/sites\/6\/2022\/03\/logo-ususaude-1.svg","width":445,"height":196,"caption":"Usisa\u00fade"},"image":{"@id":"https:\/\/www.fsfx.com.br\/usisaude\/#\/schema\/logo\/image\/"}},{"@type":"Person","@id":"","url":"https:\/\/www.fsfx.com.br\/usisaude\/author\/"}]}},"_links":{"self":[{"href":"https:\/\/www.fsfx.com.br\/usisaude\/wp-json\/wp\/v2\/posts\/3714","targetHints":{"allow":["GET"]}}],"collection":[{"href":"https:\/\/www.fsfx.com.br\/usisaude\/wp-json\/wp\/v2\/posts"}],"about":[{"href":"https:\/\/www.fsfx.com.br\/usisaude\/wp-json\/wp\/v2\/types\/post"}],"author":[{"embeddable":true,"href":"https:\/\/www.fsfx.com.br\/usisaude\/wp-json\/wp\/v2\/users\/9"}],"replies":[{"embeddable":true,"href":"https:\/\/www.fsfx.com.br\/usisaude\/wp-json\/wp\/v2\/comments?post=3714"}],"version-history":[{"count":1,"href":"https:\/\/www.fsfx.com.br\/usisaude\/wp-json\/wp\/v2\/posts\/3714\/revisions"}],"predecessor-version":[{"id":10945,"href":"https:\/\/www.fsfx.com.br\/usisaude\/wp-json\/wp\/v2\/posts\/3714\/revisions\/10945"}],"wp:featuredmedia":[{"embeddable":true,"href":"https:\/\/www.fsfx.com.br\/usisaude\/wp-json\/"}],"wp:attachment":[{"href":"https:\/\/www.fsfx.com.br\/usisaude\/wp-json\/wp\/v2\/media?parent=3714"}],"wp:term":[{"taxonomy":"category","embeddable":true,"href":"https:\/\/www.fsfx.com.br\/usisaude\/wp-json\/wp\/v2\/categories?post=3714"},{"taxonomy":"post_tag","embeddable":true,"href":"https:\/\/www.fsfx.com.br\/usisaude\/wp-json\/wp\/v2\/tags?post=3714"}],"curies":[{"name":"wp","href":"https:\/\/api.w.org\/{rel}","templated":true}]}}