{"id":3716,"date":"2018-07-24T19:02:11","date_gmt":"2018-07-24T19:02:11","guid":{"rendered":"http:\/\/www.fsfx.com.br\/atituderimacomsaude\/?p=3716"},"modified":"2024-09-12T15:09:25","modified_gmt":"2024-09-12T18:09:25","slug":"tipos-de-bronquite","status":"publish","type":"post","link":"https:\/\/www.fsfx.com.br\/usisaude\/tipos-de-bronquite\/","title":{"rendered":"Tipos de bronquite: conhe\u00e7a e previna-se"},"content":{"rendered":"<p>A bronquite \u00e9 uma condi\u00e7\u00e3o em que os br\u00f4nquios, tubos que levam o ar aos pulm\u00f5es, sofrem inflama\u00e7\u00e3o ou incha\u00e7o. Pessoas com bronquite t\u00eam menor capacidade respirat\u00f3ria, de forma que sentem dificuldade de conduzir o ar at\u00e9 os pulm\u00f5es.<\/p>\n<p>Os principais respons\u00e1veis pelo desenvolvimento de diversos de tipos de bronquite no organismo s\u00e3o alguns v\u00edrus e bact\u00e9rias, bem como part\u00edculas suspensas no ar que causam irrita\u00e7\u00e3o aos br\u00f4nquios. O tabagismo tamb\u00e9m \u00e9 um importante agente causador dessa doen\u00e7a.<\/p>\n<h2><strong>Conhe\u00e7a os dois tipos de bronquite<\/strong><\/h2>\n<h3><strong>Bronquite aguda<\/strong><\/h3>\n<p>Quando a doen\u00e7a tem curta dura\u00e7\u00e3o e \u00e9 acompanhada por resfriado ou gripe, estamos diante da bronquite aguda. Ela \u00e9 caracterizada por tosse com muco, dor ou desconforto no peito e falta de ar.<\/p>\n<p>A bronquite aguda pode ser causada por uma infec\u00e7\u00e3o viral ou bacteriana dos br\u00f4nquios ou pela intensa exposi\u00e7\u00e3o \u00e0 polui\u00e7\u00e3o do ar. A dura\u00e7\u00e3o \u00e9 de apenas alguns dias. Por\u00e9m, se o indiv\u00edduo sofrer epis\u00f3dios frequentes de bronquite aguda, ele pode acabar desenvolvendo a bronquite cr\u00f4nica.<\/p>\n<p>\u00c0s vezes, os sintomas da bronquite aguda podem ser confundidos com os da asma. Por isso, \u00e9 importante procurar um m\u00e9dico pneumologista logo quando surgirem os primeiros sinais de anormalidade do sistema respirat\u00f3rio para que seja realizado um diagn\u00f3stico preciso. Para entender melhor as diferen\u00e7as entre asma e bronquite aguda, clique <a href=\"http:\/\/www.fsfx.com.br\/atituderimacomsaude\/2017\/08\/09\/diferencas-entre-asma-e-bronquite\/\">aqui<\/a>.<\/p>\n<h3><strong>Bronquite cr\u00f4nica<\/strong><\/h3>\n<p>A bronquite cr\u00f4nica \u00e9 provocada, na maior parte das vezes, pelo tabagismo ou pela intensa exposi\u00e7\u00e3o ao ar polu\u00eddo, duas circunst\u00e2ncias que limitam o funcionamento dos br\u00f4nquios e do trato respirat\u00f3rio. Diante da irrita\u00e7\u00e3o constante dos br\u00f4nquios, o tecido pulmonar e as vias respirat\u00f3rias acabam sofrendo danos.<\/p>\n<p>Segundo a Organiza\u00e7\u00e3o Mundial da Sa\u00fade (OMS), a bronquite pode ser considerada cr\u00f4nica quando os seus sintomas perduram por, ao menos, tr\u00eas meses por ano durante dois anos consecutivos. Esses sintomas se manifestam na forma de tosse persistente, com produ\u00e7\u00e3o de muco. Os graus de dificuldade respirat\u00f3ria variam de acordo com o indiv\u00edduo e a \u00e9poca do ano.<\/p>\n<p>Tanto a bronquite cr\u00f4nica quanto a bronquite aguda podem evoluir para um quadro de pneumonia, caso o paciente n\u00e3o receba o tratamento adequado.<\/p>\n<h2><strong>De que forma \u00e9 feito o diagn\u00f3stico da bronquite?<\/strong><\/h2>\n<p>O diagn\u00f3stico da bronquite \u00e9 realizado por um m\u00e9dico pneumologista, que far\u00e1 algumas perguntas ao paciente a respeito dos sintomas, principalmente no que diz respeito \u00e0 tosse. Ele tamb\u00e9m examina a respira\u00e7\u00e3o do indiv\u00edduo, por meio do estetosc\u00f3pio e pode solicitar alguns exames, como raios-X do peito, exame de sangue, teste de escarro e teste funcional do pulm\u00e3o.<\/p>\n<p>O hist\u00f3rico da pessoa tamb\u00e9m \u00e9 levado em considera\u00e7\u00e3o (se ela sofreu recentemente com gripe ou resfriado, se \u00e9 ou foi fumante, se \u00e9 ou foi exposta a subst\u00e2ncias nocivas, como gases t\u00f3xicos, poeira ou fuma\u00e7a), de maneira a chegar a um diagn\u00f3stico exato.<\/p>\n<h2><strong>\u00c9 poss\u00edvel prevenir a bronquite. Saiba como.!<\/strong><\/h2>\n<p>As doen\u00e7as respirat\u00f3rias nem sempre s\u00e3o f\u00e1ceis de prevenir, uma vez que n\u00e3o temos controle sobre o ar que respiramos. Contudo, algumas medidas podem ser adotadas para minimizar os riscos de seu desenvolvimento.<\/p>\n<ul>\n<li><strong>Evite o tabagismo<\/strong> \u2013 O fumo \u00e9 o principal agente causador da bronquite cr\u00f4nica e provoca diversas outras doen\u00e7as;<\/li>\n<\/ul>\n<ul>\n<li><strong>Sempre que poss\u00edvel, mantenha-se distante de ambientes<\/strong> polu\u00eddos \u2013 Se voc\u00ea precisa transitar cotidianamente por lugares que apresentam condi\u00e7\u00f5es desfavor\u00e1veis da qualidade do ar, utilize uma m\u00e1scara que cubra o nariz e a boca;<\/li>\n<\/ul>\n<ul>\n<li><strong>Lave bem as m\u00e3os regularmente<\/strong>;<\/li>\n<\/ul>\n<ul>\n<li><strong>Vacine-se anualmente contra a gripe<\/strong>.<\/li>\n<\/ul>\n<p><strong>\u00a0<\/strong><\/p>\n<h2><strong>Tratamentos mais adequados para lidar com a bronquite<\/strong><\/h2>\n<p>Boa parte dos casos de bronquite aguda desaparece sem que haja qualquer tratamento espec\u00edfico. J\u00e1 a bronquite cr\u00f4nica n\u00e3o tem cura. Seja como for, para aliviar os sintomas da bronquite, os m\u00e9dicos avaliam cada caso e podem recomendar algumas medidas.<\/p>\n<ul>\n<li><strong>Uso de broncodilatadores<\/strong> \u2013 dilatam os br\u00f4nquios e auxiliam a eliminar o muco;<\/li>\n<li><strong>Utiliza\u00e7\u00e3o de anti-inflamat\u00f3rios e esteroides glicocorticoides<\/strong> \u2013 aliviam sintomas mais persistentes e reduzem as inflama\u00e7\u00f5es cr\u00f4nicas que podem danificar os tecidos;<\/li>\n<li><strong>Oxigenoterapia<\/strong> \u2013 auxilia na absor\u00e7\u00e3o de oxig\u00eanio quando a respira\u00e7\u00e3o se torna dif\u00edcil;<\/li>\n<li><strong>Uso de antibi\u00f3ticos<\/strong> \u2013 Particularmente eficaz para o combate de infec\u00e7\u00f5es bacterianas;<\/li>\n<li><strong>Programa de reabilita\u00e7\u00e3o pulmonar<\/strong> \u2013 Trata-se de terapia respirat\u00f3ria cujo objetivo \u00e9 proporcionar maior conforto ao paciente no ato de respirar.<\/li>\n<li><strong>Medicamentos que combatem a<\/strong> <strong>tosse<\/strong> \u2013 Sabe-se que a tosse \u00e9 um meio de eliminar o muco e remover as subst\u00e2ncias que irritam o pulm\u00e3o. A expectora\u00e7\u00e3o \u00e9 um recurso natural do corpo de suma import\u00e2ncia. Por\u00e9m, a tosse em excesso tamb\u00e9m pode causar irrita\u00e7\u00e3o e dor no peito, de modo que alguns rem\u00e9dios, podem ser tomados para reduzi-la;<\/li>\n<\/ul>\n","protected":false},"excerpt":{"rendered":"<p>A bronquite \u00e9 uma condi\u00e7\u00e3o em que os br\u00f4nquios, tubos que levam o ar aos pulm\u00f5es, sofrem inflama\u00e7\u00e3o ou incha\u00e7o. Pessoas com bronquite t\u00eam menor capacidade respirat\u00f3ria, de forma que sentem dificuldade de conduzir o ar at\u00e9 os pulm\u00f5es. Os principais respons\u00e1veis pelo desenvolvimento de diversos de tipos de bronquite no organismo s\u00e3o alguns v\u00edrus [&hellip;]<\/p>\n","protected":false},"author":9,"featured_media":3702,"comment_status":"open","ping_status":"open","sticky":false,"template":"","format":"standard","meta":{"_acf_changed":false,"site-sidebar-layout":"default","site-content-layout":"","ast-site-content-layout":"default","site-content-style":"default","site-sidebar-style":"default","ast-global-header-display":"","ast-banner-title-visibility":"","ast-main-header-display":"","ast-hfb-above-header-display":"","ast-hfb-below-header-display":"","ast-hfb-mobile-header-display":"","site-post-title":"","ast-breadcrumbs-content":"","ast-featured-img":"","footer-sml-layout":"","theme-transparent-header-meta":"","adv-header-id-meta":"","stick-header-meta":"","header-above-stick-meta":"","header-main-stick-meta":"","header-below-stick-meta":"","astra-migrate-meta-layouts":"default","ast-page-background-enabled":"default","ast-page-background-meta":{"desktop":{"background-color":"var(--ast-global-color-4)","background-image":"","background-repeat":"repeat","background-position":"center center","background-size":"auto","background-attachment":"scroll","background-type":"","background-media":"","overlay-type":"","overlay-color":"","overlay-opacity":"","overlay-gradient":""},"tablet":{"background-color":"","background-image":"","background-repeat":"repeat","background-position":"center center","background-size":"auto","background-attachment":"scroll","background-type":"","background-media":"","overlay-type":"","overlay-color":"","overlay-opacity":"","overlay-gradient":""},"mobile":{"background-color":"","background-image":"","background-repeat":"repeat","background-position":"center center","background-size":"auto","background-attachment":"scroll","background-type":"","background-media":"","overlay-type":"","overlay-color":"","overlay-opacity":"","overlay-gradient":""}},"ast-content-background-meta":{"desktop":{"background-color":"var(--ast-global-color-5)","background-image":"","background-repeat":"repeat","background-position":"center center","background-size":"auto","background-attachment":"scroll","background-type":"","background-media":"","overlay-type":"","overlay-color":"","overlay-opacity":"","overlay-gradient":""},"tablet":{"background-color":"var(--ast-global-color-5)","background-image":"","background-repeat":"repeat","background-position":"center center","background-size":"auto","background-attachment":"scroll","background-type":"","background-media":"","overlay-type":"","overlay-color":"","overlay-opacity":"","overlay-gradient":""},"mobile":{"background-color":"var(--ast-global-color-5)","background-image":"","background-repeat":"repeat","background-position":"center center","background-size":"auto","background-attachment":"scroll","background-type":"","background-media":"","overlay-type":"","overlay-color":"","overlay-opacity":"","overlay-gradient":""}},"footnotes":""},"categories":[1],"tags":[113],"class_list":["post-3716","post","type-post","status-publish","format-standard","has-post-thumbnail","hentry","category-noticias","tag-bronquite"],"acf":[],"yoast_head":"<!-- This site is optimized with the Yoast SEO plugin v26.9 - https:\/\/yoast.com\/product\/yoast-seo-wordpress\/ -->\n<title>Tipos de bronquite: conhe\u00e7a e previna-se<\/title>\n<meta name=\"description\" content=\"A bronquite \u00e9 uma condi\u00e7\u00e3o em que os br\u00f4nquios, tubos que levam o ar aos pulm\u00f5es, sofrem inflama\u00e7\u00e3o ou incha\u00e7o. Conhe\u00e7a os tipos de bronquite e previna-se.\" \/>\n<meta name=\"robots\" content=\"index, follow, max-snippet:-1, max-image-preview:large, max-video-preview:-1\" \/>\n<link rel=\"canonical\" href=\"https:\/\/www.fsfx.com.br\/usisaude\/tipos-de-bronquite\/\" \/>\n<meta property=\"og:locale\" content=\"pt_BR\" \/>\n<meta property=\"og:type\" content=\"article\" \/>\n<meta property=\"og:title\" content=\"Tipos de bronquite: conhe\u00e7a e previna-se\" \/>\n<meta property=\"og:description\" content=\"A bronquite \u00e9 uma condi\u00e7\u00e3o em que os br\u00f4nquios, tubos que levam o ar aos pulm\u00f5es, sofrem inflama\u00e7\u00e3o ou incha\u00e7o. Conhe\u00e7a os tipos de bronquite e previna-se.\" \/>\n<meta property=\"og:url\" content=\"https:\/\/www.fsfx.com.br\/usisaude\/tipos-de-bronquite\/\" \/>\n<meta property=\"og:site_name\" content=\"Usisa\u00fade\" \/>\n<meta property=\"article:published_time\" content=\"2018-07-24T19:02:11+00:00\" \/>\n<meta property=\"article:modified_time\" content=\"2024-09-12T18:09:25+00:00\" \/>\n<meta property=\"og:image\" content=\"http:\/\/www.fsfx.com.br\/atituderimacomsaude\/wp-content\/uploads\/2018\/07\/tipos-de-bronquite-conheca-e-previna-se.png\" \/>\n<meta name=\"twitter:card\" content=\"summary_large_image\" \/>\n<meta name=\"twitter:label1\" content=\"Escrito por\" \/>\n\t<meta name=\"twitter:data1\" content=\"\" \/>\n\t<meta name=\"twitter:label2\" content=\"Est. tempo de leitura\" \/>\n\t<meta name=\"twitter:data2\" content=\"4 minutos\" \/>\n<script type=\"application\/ld+json\" class=\"yoast-schema-graph\">{\"@context\":\"https:\/\/schema.org\",\"@graph\":[{\"@type\":\"Article\",\"@id\":\"https:\/\/www.fsfx.com.br\/usisaude\/tipos-de-bronquite\/#article\",\"isPartOf\":{\"@id\":\"https:\/\/www.fsfx.com.br\/usisaude\/tipos-de-bronquite\/\"},\"author\":{\"name\":\"\",\"@id\":\"\"},\"headline\":\"Tipos de bronquite: conhe\u00e7a e previna-se\",\"datePublished\":\"2018-07-24T19:02:11+00:00\",\"dateModified\":\"2024-09-12T18:09:25+00:00\",\"mainEntityOfPage\":{\"@id\":\"https:\/\/www.fsfx.com.br\/usisaude\/tipos-de-bronquite\/\"},\"wordCount\":835,\"commentCount\":0,\"publisher\":{\"@id\":\"https:\/\/www.fsfx.com.br\/usisaude\/#organization\"},\"image\":{\"@id\":\"https:\/\/www.fsfx.com.br\/usisaude\/tipos-de-bronquite\/#primaryimage\"},\"thumbnailUrl\":\"\",\"keywords\":[\"bronquite\"],\"articleSection\":[\"Not\u00edcias\"],\"inLanguage\":\"pt-BR\",\"potentialAction\":[{\"@type\":\"CommentAction\",\"name\":\"Comment\",\"target\":[\"https:\/\/www.fsfx.com.br\/usisaude\/tipos-de-bronquite\/#respond\"]}]},{\"@type\":\"WebPage\",\"@id\":\"https:\/\/www.fsfx.com.br\/usisaude\/tipos-de-bronquite\/\",\"url\":\"https:\/\/www.fsfx.com.br\/usisaude\/tipos-de-bronquite\/\",\"name\":\"Tipos de bronquite: conhe\u00e7a e previna-se\",\"isPartOf\":{\"@id\":\"https:\/\/www.fsfx.com.br\/usisaude\/#website\"},\"primaryImageOfPage\":{\"@id\":\"https:\/\/www.fsfx.com.br\/usisaude\/tipos-de-bronquite\/#primaryimage\"},\"image\":{\"@id\":\"https:\/\/www.fsfx.com.br\/usisaude\/tipos-de-bronquite\/#primaryimage\"},\"thumbnailUrl\":\"\",\"datePublished\":\"2018-07-24T19:02:11+00:00\",\"dateModified\":\"2024-09-12T18:09:25+00:00\",\"description\":\"A bronquite \u00e9 uma condi\u00e7\u00e3o em que os br\u00f4nquios, tubos que levam o ar aos pulm\u00f5es, sofrem inflama\u00e7\u00e3o ou incha\u00e7o. Conhe\u00e7a os tipos de bronquite e previna-se.\",\"breadcrumb\":{\"@id\":\"https:\/\/www.fsfx.com.br\/usisaude\/tipos-de-bronquite\/#breadcrumb\"},\"inLanguage\":\"pt-BR\",\"potentialAction\":[{\"@type\":\"ReadAction\",\"target\":[\"https:\/\/www.fsfx.com.br\/usisaude\/tipos-de-bronquite\/\"]}]},{\"@type\":\"ImageObject\",\"inLanguage\":\"pt-BR\",\"@id\":\"https:\/\/www.fsfx.com.br\/usisaude\/tipos-de-bronquite\/#primaryimage\",\"url\":\"\",\"contentUrl\":\"\"},{\"@type\":\"BreadcrumbList\",\"@id\":\"https:\/\/www.fsfx.com.br\/usisaude\/tipos-de-bronquite\/#breadcrumb\",\"itemListElement\":[{\"@type\":\"ListItem\",\"position\":1,\"name\":\"In\u00edcio\",\"item\":\"https:\/\/www.fsfx.com.br\/usisaude\/\"},{\"@type\":\"ListItem\",\"position\":2,\"name\":\"Tipos de bronquite: conhe\u00e7a e previna-se\"}]},{\"@type\":\"WebSite\",\"@id\":\"https:\/\/www.fsfx.com.br\/usisaude\/#website\",\"url\":\"https:\/\/www.fsfx.com.br\/usisaude\/\",\"name\":\"Usisa\u00fade\",\"description\":\"Somos a Usisa\u00fade, uma operadora de planos de sa\u00fade da Funda\u00e7\u00e3o S\u00e3o Francisco Xavier (FSFX), a maior em modalidade filantr\u00f3pica do pa\u00eds.\",\"publisher\":{\"@id\":\"https:\/\/www.fsfx.com.br\/usisaude\/#organization\"},\"potentialAction\":[{\"@type\":\"SearchAction\",\"target\":{\"@type\":\"EntryPoint\",\"urlTemplate\":\"https:\/\/www.fsfx.com.br\/usisaude\/?s={search_term_string}\"},\"query-input\":{\"@type\":\"PropertyValueSpecification\",\"valueRequired\":true,\"valueName\":\"search_term_string\"}}],\"inLanguage\":\"pt-BR\"},{\"@type\":\"Organization\",\"@id\":\"https:\/\/www.fsfx.com.br\/usisaude\/#organization\",\"name\":\"Usisa\u00fade\",\"url\":\"https:\/\/www.fsfx.com.br\/usisaude\/\",\"logo\":{\"@type\":\"ImageObject\",\"inLanguage\":\"pt-BR\",\"@id\":\"https:\/\/www.fsfx.com.br\/usisaude\/#\/schema\/logo\/image\/\",\"url\":\"https:\/\/www.fsfx.com.br\/usisaude\/wp-content\/uploads\/sites\/6\/2022\/03\/logo-ususaude-1.svg\",\"contentUrl\":\"https:\/\/www.fsfx.com.br\/usisaude\/wp-content\/uploads\/sites\/6\/2022\/03\/logo-ususaude-1.svg\",\"width\":445,\"height\":196,\"caption\":\"Usisa\u00fade\"},\"image\":{\"@id\":\"https:\/\/www.fsfx.com.br\/usisaude\/#\/schema\/logo\/image\/\"}},{\"@type\":\"Person\",\"@id\":\"\",\"url\":\"https:\/\/www.fsfx.com.br\/usisaude\/author\/\"}]}<\/script>\n<!-- \/ Yoast SEO plugin. -->","yoast_head_json":{"title":"Tipos de bronquite: conhe\u00e7a e previna-se","description":"A bronquite \u00e9 uma condi\u00e7\u00e3o em que os br\u00f4nquios, tubos que levam o ar aos pulm\u00f5es, sofrem inflama\u00e7\u00e3o ou incha\u00e7o. Conhe\u00e7a os tipos de bronquite e previna-se.","robots":{"index":"index","follow":"follow","max-snippet":"max-snippet:-1","max-image-preview":"max-image-preview:large","max-video-preview":"max-video-preview:-1"},"canonical":"https:\/\/www.fsfx.com.br\/usisaude\/tipos-de-bronquite\/","og_locale":"pt_BR","og_type":"article","og_title":"Tipos de bronquite: conhe\u00e7a e previna-se","og_description":"A bronquite \u00e9 uma condi\u00e7\u00e3o em que os br\u00f4nquios, tubos que levam o ar aos pulm\u00f5es, sofrem inflama\u00e7\u00e3o ou incha\u00e7o. Conhe\u00e7a os tipos de bronquite e previna-se.","og_url":"https:\/\/www.fsfx.com.br\/usisaude\/tipos-de-bronquite\/","og_site_name":"Usisa\u00fade","article_published_time":"2018-07-24T19:02:11+00:00","article_modified_time":"2024-09-12T18:09:25+00:00","og_image":[{"url":"http:\/\/www.fsfx.com.br\/atituderimacomsaude\/wp-content\/uploads\/2018\/07\/tipos-de-bronquite-conheca-e-previna-se.png","type":"","width":"","height":""}],"twitter_card":"summary_large_image","twitter_misc":{"Escrito por":"","Est. tempo de leitura":"4 minutos"},"schema":{"@context":"https:\/\/schema.org","@graph":[{"@type":"Article","@id":"https:\/\/www.fsfx.com.br\/usisaude\/tipos-de-bronquite\/#article","isPartOf":{"@id":"https:\/\/www.fsfx.com.br\/usisaude\/tipos-de-bronquite\/"},"author":{"name":"","@id":""},"headline":"Tipos de bronquite: conhe\u00e7a e previna-se","datePublished":"2018-07-24T19:02:11+00:00","dateModified":"2024-09-12T18:09:25+00:00","mainEntityOfPage":{"@id":"https:\/\/www.fsfx.com.br\/usisaude\/tipos-de-bronquite\/"},"wordCount":835,"commentCount":0,"publisher":{"@id":"https:\/\/www.fsfx.com.br\/usisaude\/#organization"},"image":{"@id":"https:\/\/www.fsfx.com.br\/usisaude\/tipos-de-bronquite\/#primaryimage"},"thumbnailUrl":"","keywords":["bronquite"],"articleSection":["Not\u00edcias"],"inLanguage":"pt-BR","potentialAction":[{"@type":"CommentAction","name":"Comment","target":["https:\/\/www.fsfx.com.br\/usisaude\/tipos-de-bronquite\/#respond"]}]},{"@type":"WebPage","@id":"https:\/\/www.fsfx.com.br\/usisaude\/tipos-de-bronquite\/","url":"https:\/\/www.fsfx.com.br\/usisaude\/tipos-de-bronquite\/","name":"Tipos de bronquite: conhe\u00e7a e previna-se","isPartOf":{"@id":"https:\/\/www.fsfx.com.br\/usisaude\/#website"},"primaryImageOfPage":{"@id":"https:\/\/www.fsfx.com.br\/usisaude\/tipos-de-bronquite\/#primaryimage"},"image":{"@id":"https:\/\/www.fsfx.com.br\/usisaude\/tipos-de-bronquite\/#primaryimage"},"thumbnailUrl":"","datePublished":"2018-07-24T19:02:11+00:00","dateModified":"2024-09-12T18:09:25+00:00","description":"A bronquite \u00e9 uma condi\u00e7\u00e3o em que os br\u00f4nquios, tubos que levam o ar aos pulm\u00f5es, sofrem inflama\u00e7\u00e3o ou incha\u00e7o. Conhe\u00e7a os tipos de bronquite e previna-se.","breadcrumb":{"@id":"https:\/\/www.fsfx.com.br\/usisaude\/tipos-de-bronquite\/#breadcrumb"},"inLanguage":"pt-BR","potentialAction":[{"@type":"ReadAction","target":["https:\/\/www.fsfx.com.br\/usisaude\/tipos-de-bronquite\/"]}]},{"@type":"ImageObject","inLanguage":"pt-BR","@id":"https:\/\/www.fsfx.com.br\/usisaude\/tipos-de-bronquite\/#primaryimage","url":"","contentUrl":""},{"@type":"BreadcrumbList","@id":"https:\/\/www.fsfx.com.br\/usisaude\/tipos-de-bronquite\/#breadcrumb","itemListElement":[{"@type":"ListItem","position":1,"name":"In\u00edcio","item":"https:\/\/www.fsfx.com.br\/usisaude\/"},{"@type":"ListItem","position":2,"name":"Tipos de bronquite: conhe\u00e7a e previna-se"}]},{"@type":"WebSite","@id":"https:\/\/www.fsfx.com.br\/usisaude\/#website","url":"https:\/\/www.fsfx.com.br\/usisaude\/","name":"Usisa\u00fade","description":"Somos a Usisa\u00fade, uma operadora de planos de sa\u00fade da Funda\u00e7\u00e3o S\u00e3o Francisco Xavier (FSFX), a maior em modalidade filantr\u00f3pica do pa\u00eds.","publisher":{"@id":"https:\/\/www.fsfx.com.br\/usisaude\/#organization"},"potentialAction":[{"@type":"SearchAction","target":{"@type":"EntryPoint","urlTemplate":"https:\/\/www.fsfx.com.br\/usisaude\/?s={search_term_string}"},"query-input":{"@type":"PropertyValueSpecification","valueRequired":true,"valueName":"search_term_string"}}],"inLanguage":"pt-BR"},{"@type":"Organization","@id":"https:\/\/www.fsfx.com.br\/usisaude\/#organization","name":"Usisa\u00fade","url":"https:\/\/www.fsfx.com.br\/usisaude\/","logo":{"@type":"ImageObject","inLanguage":"pt-BR","@id":"https:\/\/www.fsfx.com.br\/usisaude\/#\/schema\/logo\/image\/","url":"https:\/\/www.fsfx.com.br\/usisaude\/wp-content\/uploads\/sites\/6\/2022\/03\/logo-ususaude-1.svg","contentUrl":"https:\/\/www.fsfx.com.br\/usisaude\/wp-content\/uploads\/sites\/6\/2022\/03\/logo-ususaude-1.svg","width":445,"height":196,"caption":"Usisa\u00fade"},"image":{"@id":"https:\/\/www.fsfx.com.br\/usisaude\/#\/schema\/logo\/image\/"}},{"@type":"Person","@id":"","url":"https:\/\/www.fsfx.com.br\/usisaude\/author\/"}]}},"_links":{"self":[{"href":"https:\/\/www.fsfx.com.br\/usisaude\/wp-json\/wp\/v2\/posts\/3716","targetHints":{"allow":["GET"]}}],"collection":[{"href":"https:\/\/www.fsfx.com.br\/usisaude\/wp-json\/wp\/v2\/posts"}],"about":[{"href":"https:\/\/www.fsfx.com.br\/usisaude\/wp-json\/wp\/v2\/types\/post"}],"author":[{"embeddable":true,"href":"https:\/\/www.fsfx.com.br\/usisaude\/wp-json\/wp\/v2\/users\/9"}],"replies":[{"embeddable":true,"href":"https:\/\/www.fsfx.com.br\/usisaude\/wp-json\/wp\/v2\/comments?post=3716"}],"version-history":[{"count":1,"href":"https:\/\/www.fsfx.com.br\/usisaude\/wp-json\/wp\/v2\/posts\/3716\/revisions"}],"predecessor-version":[{"id":10944,"href":"https:\/\/www.fsfx.com.br\/usisaude\/wp-json\/wp\/v2\/posts\/3716\/revisions\/10944"}],"wp:featuredmedia":[{"embeddable":true,"href":"https:\/\/www.fsfx.com.br\/usisaude\/wp-json\/"}],"wp:attachment":[{"href":"https:\/\/www.fsfx.com.br\/usisaude\/wp-json\/wp\/v2\/media?parent=3716"}],"wp:term":[{"taxonomy":"category","embeddable":true,"href":"https:\/\/www.fsfx.com.br\/usisaude\/wp-json\/wp\/v2\/categories?post=3716"},{"taxonomy":"post_tag","embeddable":true,"href":"https:\/\/www.fsfx.com.br\/usisaude\/wp-json\/wp\/v2\/tags?post=3716"}],"curies":[{"name":"wp","href":"https:\/\/api.w.org\/{rel}","templated":true}]}}