{"id":3750,"date":"2018-08-24T18:19:08","date_gmt":"2018-08-24T18:19:08","guid":{"rendered":"http:\/\/www.fsfx.com.br\/atituderimacomsaude\/?p=3750"},"modified":"2024-09-12T15:09:25","modified_gmt":"2024-09-12T18:09:25","slug":"receita-pao-de-queijo-pratico-e-saboroso","status":"publish","type":"post","link":"https:\/\/www.fsfx.com.br\/usisaude\/receita-pao-de-queijo-pratico-e-saboroso\/","title":{"rendered":"Receita: P\u00e3o de queijo pr\u00e1tico e saboroso"},"content":{"rendered":"<p>Todos sabem que o p\u00e3o de queijo \u00e9 um quitute que agrada a quase todo mundo, mas poucas pessoas param para pensar sobre a origem dessa del\u00edcia. A sua cria\u00e7\u00e3o e hist\u00f3ria s\u00e3o repletas de curiosidades e surpresas. Confira!<\/p>\n<h3><strong>Hist\u00f3ria e origem do p\u00e3o de queijo<\/strong><\/h3>\n<p>Existem algumas teorias a respeito da origem do p\u00e3o de queijo. A primeira delas afirma que a receita surgiu em Minas Gerais no s\u00e9culo XVIII, quando as cozinheiras das fazendas come\u00e7aram a utilizar farinha de mandioca (polvilho) em suas receitas de p\u00e3es, ao inv\u00e9s da farinha de trigo, trazida pelos portugueses. Elas acrescentaram os queijos (que sobravam de outros usos) ovos e leite. Assim, por um acaso, o p\u00e3o de queijo teria surgido.<\/p>\n<p>Outra teoria defende que o p\u00e3o de queijo surgiu no estado de Minas Gerais durante o regime escravocrata a partir da jun\u00e7\u00e3o dos ovos e do leite (heran\u00e7a portuguesa) com a mandioca, que, at\u00e9 ent\u00e3o, era considerada como o \u201cp\u00e3o\u201d dos \u00edndios brasileiros. Acrescentava-se, ainda, o queijo para dar melhor sabor \u00e0 massa.<\/p>\n<h3><strong>De Minas para o mundo<\/strong><\/h3>\n<p>A partir da d\u00e9cada de 1950, com o desenvolvimento da economia e a constru\u00e7\u00e3o de diversas rodovias que passaram a ligar as regi\u00f5es brasileiras com maior efici\u00eancia, o p\u00e3o de queijo ganhou as mesas das fam\u00edlias de norte a sul do pa\u00eds, conquistando apreciadores de todas as classes sociais.<\/p>\n<p>Posteriormente, essa iguaria genuinamente mineira passou a ser exportada, em forma congelada, para diversos lugares do mundo, como Am\u00e9rica Latina, Estados Unidos, Europa e Jap\u00e3o. Alguns pa\u00edses possuem receitas pr\u00f3prias que se assemelham ao nosso p\u00e3o de queijo. Col\u00f4mbia, Paraguai e Argentina, por exemplo, produzem os chamados \u201c<em>pendebono<\/em>\u201d, com formato achatado, e as \u201c<em>chipas<\/em>\u201d, em forma de \u201cU\u201d.<\/p>\n<h3><strong>Alimento saud\u00e1vel e sem gl\u00faten<\/strong><\/h3>\n<p>O p\u00e3o de queijo \u00e9 um alimento equilibrado, uma vez que cont\u00e9m \u00e1gua, carboidratos, prote\u00ednas, lip\u00eddios, sais minerais e vitaminas. Por ser produzido a partir do polvilho (e n\u00e3o do trigo), n\u00e3o h\u00e1 a presen\u00e7a de gl\u00faten, de maneira que os cel\u00edacos podem apreciar essa especialidade mineira.<\/p>\n<p><strong>Mas aten\u00e7\u00e3o<\/strong>: como o ingrediente principal \u00e9 o queijo, faz-se necess\u00e1ria a utiliza\u00e7\u00e3o de queijos de boa qualidade, preferencialmente brancos, que apresentam menor teor cal\u00f3rico.<\/p>\n<p>Agora que voc\u00ea sabe um pouquinho mais sobre a hist\u00f3ria desse prato t\u00e3o tradicional de nossa cozinha, que tal colocar a m\u00e3o na massa e preparar um p\u00e3o de queijo pr\u00e1tico e bem saboroso? Confira a nossa receita desse m\u00eas e bom apetite! Ah, e se quiser conhecer outra receita incr\u00edvel para fazer um p\u00e3o \u201clow carb\u201d delicioso, clique <a href=\"http:\/\/www.fsfx.com.br\/atituderimacomsaude\/receita-de-pao-low-carb\/\">aqui<\/a>.<\/p>\n<h3><strong>Ingredientes\u00a0\u00a0\u00a0 <\/strong><\/h3>\n<p>1 kg de polvilho doce ou azedo<br \/>\n4 caixas de creme de leite (200g)<br \/>\n\u00bd kg de queijo canastra<br \/>\n\u00bd kg de queijo mussarela<br \/>\nSal a gosto<\/p>\n<h3><strong>Modo de preparo<\/strong><\/h3>\n<p>Em um recipiente coloque o polvilho e o creme leite, misture bem e depois acrescente o queijo. Sovar at\u00e9 a massa ficar homog\u00eanea soltando da vasilha. Enrole a massa no formato de bolinhas, unte a forma e coloque para assar ou congelar.<\/p>\n","protected":false},"excerpt":{"rendered":"<p>Todos sabem que o p\u00e3o de queijo \u00e9 um quitute que agrada a quase todo mundo, mas poucas pessoas param para pensar sobre a origem dessa del\u00edcia. A sua cria\u00e7\u00e3o e hist\u00f3ria s\u00e3o repletas de curiosidades e surpresas. Confira! Hist\u00f3ria e origem do p\u00e3o de queijo Existem algumas teorias a respeito da origem do p\u00e3o [&hellip;]<\/p>\n","protected":false},"author":9,"featured_media":3753,"comment_status":"open","ping_status":"open","sticky":false,"template":"","format":"standard","meta":{"_acf_changed":false,"site-sidebar-layout":"default","site-content-layout":"","ast-site-content-layout":"default","site-content-style":"default","site-sidebar-style":"default","ast-global-header-display":"","ast-banner-title-visibility":"","ast-main-header-display":"","ast-hfb-above-header-display":"","ast-hfb-below-header-display":"","ast-hfb-mobile-header-display":"","site-post-title":"","ast-breadcrumbs-content":"","ast-featured-img":"","footer-sml-layout":"","theme-transparent-header-meta":"","adv-header-id-meta":"","stick-header-meta":"","header-above-stick-meta":"","header-main-stick-meta":"","header-below-stick-meta":"","astra-migrate-meta-layouts":"default","ast-page-background-enabled":"default","ast-page-background-meta":{"desktop":{"background-color":"var(--ast-global-color-4)","background-image":"","background-repeat":"repeat","background-position":"center center","background-size":"auto","background-attachment":"scroll","background-type":"","background-media":"","overlay-type":"","overlay-color":"","overlay-opacity":"","overlay-gradient":""},"tablet":{"background-color":"","background-image":"","background-repeat":"repeat","background-position":"center center","background-size":"auto","background-attachment":"scroll","background-type":"","background-media":"","overlay-type":"","overlay-color":"","overlay-opacity":"","overlay-gradient":""},"mobile":{"background-color":"","background-image":"","background-repeat":"repeat","background-position":"center center","background-size":"auto","background-attachment":"scroll","background-type":"","background-media":"","overlay-type":"","overlay-color":"","overlay-opacity":"","overlay-gradient":""}},"ast-content-background-meta":{"desktop":{"background-color":"var(--ast-global-color-5)","background-image":"","background-repeat":"repeat","background-position":"center center","background-size":"auto","background-attachment":"scroll","background-type":"","background-media":"","overlay-type":"","overlay-color":"","overlay-opacity":"","overlay-gradient":""},"tablet":{"background-color":"var(--ast-global-color-5)","background-image":"","background-repeat":"repeat","background-position":"center center","background-size":"auto","background-attachment":"scroll","background-type":"","background-media":"","overlay-type":"","overlay-color":"","overlay-opacity":"","overlay-gradient":""},"mobile":{"background-color":"var(--ast-global-color-5)","background-image":"","background-repeat":"repeat","background-position":"center center","background-size":"auto","background-attachment":"scroll","background-type":"","background-media":"","overlay-type":"","overlay-color":"","overlay-opacity":"","overlay-gradient":""}},"footnotes":""},"categories":[1],"tags":[250,239],"class_list":["post-3750","post","type-post","status-publish","format-standard","has-post-thumbnail","hentry","category-noticias","tag-pao-de-queijo","tag-receita"],"acf":[],"yoast_head":"<!-- This site is optimized with the Yoast SEO plugin v26.9 - https:\/\/yoast.com\/product\/yoast-seo-wordpress\/ -->\n<title>Receita: P\u00e3o de queijo pr\u00e1tico e saboroso - Usisa\u00fade<\/title>\n<meta name=\"description\" content=\"Quem n\u00e3o gosta de um p\u00e3o de queijo delicioso? Que tal colocar a m\u00e3o na massa e preparar uma receita saborosa e muito pr\u00e1tica?\" \/>\n<meta name=\"robots\" content=\"index, follow, max-snippet:-1, max-image-preview:large, max-video-preview:-1\" \/>\n<link rel=\"canonical\" href=\"https:\/\/www.fsfx.com.br\/usisaude\/receita-pao-de-queijo-pratico-e-saboroso\/\" \/>\n<meta property=\"og:locale\" content=\"pt_BR\" \/>\n<meta property=\"og:type\" content=\"article\" \/>\n<meta property=\"og:title\" content=\"Receita: P\u00e3o de queijo pr\u00e1tico e saboroso - Usisa\u00fade\" \/>\n<meta property=\"og:description\" content=\"Quem n\u00e3o gosta de um p\u00e3o de queijo delicioso? Que tal colocar a m\u00e3o na massa e preparar uma receita saborosa e muito pr\u00e1tica?\" \/>\n<meta property=\"og:url\" content=\"https:\/\/www.fsfx.com.br\/usisaude\/receita-pao-de-queijo-pratico-e-saboroso\/\" \/>\n<meta property=\"og:site_name\" content=\"Usisa\u00fade\" \/>\n<meta property=\"article:published_time\" content=\"2018-08-24T18:19:08+00:00\" \/>\n<meta property=\"article:modified_time\" content=\"2024-09-12T18:09:25+00:00\" \/>\n<meta property=\"og:image\" content=\"http:\/\/www.fsfx.com.br\/atituderimacomsaude\/wp-content\/uploads\/2018\/09\/pao-de-queijo-pratico-e-saboroso.png\" \/>\n<meta name=\"twitter:card\" content=\"summary_large_image\" \/>\n<meta name=\"twitter:label1\" content=\"Escrito por\" \/>\n\t<meta name=\"twitter:data1\" content=\"\" \/>\n\t<meta name=\"twitter:label2\" content=\"Est. tempo de leitura\" \/>\n\t<meta name=\"twitter:data2\" content=\"3 minutos\" \/>\n<script type=\"application\/ld+json\" class=\"yoast-schema-graph\">{\"@context\":\"https:\/\/schema.org\",\"@graph\":[{\"@type\":\"Article\",\"@id\":\"https:\/\/www.fsfx.com.br\/usisaude\/receita-pao-de-queijo-pratico-e-saboroso\/#article\",\"isPartOf\":{\"@id\":\"https:\/\/www.fsfx.com.br\/usisaude\/receita-pao-de-queijo-pratico-e-saboroso\/\"},\"author\":{\"name\":\"\",\"@id\":\"\"},\"headline\":\"Receita: P\u00e3o de queijo pr\u00e1tico e saboroso\",\"datePublished\":\"2018-08-24T18:19:08+00:00\",\"dateModified\":\"2024-09-12T18:09:25+00:00\",\"mainEntityOfPage\":{\"@id\":\"https:\/\/www.fsfx.com.br\/usisaude\/receita-pao-de-queijo-pratico-e-saboroso\/\"},\"wordCount\":549,\"commentCount\":0,\"publisher\":{\"@id\":\"https:\/\/www.fsfx.com.br\/usisaude\/#organization\"},\"image\":{\"@id\":\"https:\/\/www.fsfx.com.br\/usisaude\/receita-pao-de-queijo-pratico-e-saboroso\/#primaryimage\"},\"thumbnailUrl\":\"\",\"keywords\":[\"p\u00e3o de queijo\",\"receita\"],\"articleSection\":[\"Not\u00edcias\"],\"inLanguage\":\"pt-BR\",\"potentialAction\":[{\"@type\":\"CommentAction\",\"name\":\"Comment\",\"target\":[\"https:\/\/www.fsfx.com.br\/usisaude\/receita-pao-de-queijo-pratico-e-saboroso\/#respond\"]}]},{\"@type\":\"WebPage\",\"@id\":\"https:\/\/www.fsfx.com.br\/usisaude\/receita-pao-de-queijo-pratico-e-saboroso\/\",\"url\":\"https:\/\/www.fsfx.com.br\/usisaude\/receita-pao-de-queijo-pratico-e-saboroso\/\",\"name\":\"Receita: P\u00e3o de queijo pr\u00e1tico e saboroso - Usisa\u00fade\",\"isPartOf\":{\"@id\":\"https:\/\/www.fsfx.com.br\/usisaude\/#website\"},\"primaryImageOfPage\":{\"@id\":\"https:\/\/www.fsfx.com.br\/usisaude\/receita-pao-de-queijo-pratico-e-saboroso\/#primaryimage\"},\"image\":{\"@id\":\"https:\/\/www.fsfx.com.br\/usisaude\/receita-pao-de-queijo-pratico-e-saboroso\/#primaryimage\"},\"thumbnailUrl\":\"\",\"datePublished\":\"2018-08-24T18:19:08+00:00\",\"dateModified\":\"2024-09-12T18:09:25+00:00\",\"description\":\"Quem n\u00e3o gosta de um p\u00e3o de queijo delicioso? Que tal colocar a m\u00e3o na massa e preparar uma receita saborosa e muito pr\u00e1tica?\",\"breadcrumb\":{\"@id\":\"https:\/\/www.fsfx.com.br\/usisaude\/receita-pao-de-queijo-pratico-e-saboroso\/#breadcrumb\"},\"inLanguage\":\"pt-BR\",\"potentialAction\":[{\"@type\":\"ReadAction\",\"target\":[\"https:\/\/www.fsfx.com.br\/usisaude\/receita-pao-de-queijo-pratico-e-saboroso\/\"]}]},{\"@type\":\"ImageObject\",\"inLanguage\":\"pt-BR\",\"@id\":\"https:\/\/www.fsfx.com.br\/usisaude\/receita-pao-de-queijo-pratico-e-saboroso\/#primaryimage\",\"url\":\"\",\"contentUrl\":\"\"},{\"@type\":\"BreadcrumbList\",\"@id\":\"https:\/\/www.fsfx.com.br\/usisaude\/receita-pao-de-queijo-pratico-e-saboroso\/#breadcrumb\",\"itemListElement\":[{\"@type\":\"ListItem\",\"position\":1,\"name\":\"In\u00edcio\",\"item\":\"https:\/\/www.fsfx.com.br\/usisaude\/\"},{\"@type\":\"ListItem\",\"position\":2,\"name\":\"Receita: P\u00e3o de queijo pr\u00e1tico e saboroso\"}]},{\"@type\":\"WebSite\",\"@id\":\"https:\/\/www.fsfx.com.br\/usisaude\/#website\",\"url\":\"https:\/\/www.fsfx.com.br\/usisaude\/\",\"name\":\"Usisa\u00fade\",\"description\":\"Somos a Usisa\u00fade, uma operadora de planos de sa\u00fade da Funda\u00e7\u00e3o S\u00e3o Francisco Xavier (FSFX), a maior em modalidade filantr\u00f3pica do pa\u00eds.\",\"publisher\":{\"@id\":\"https:\/\/www.fsfx.com.br\/usisaude\/#organization\"},\"potentialAction\":[{\"@type\":\"SearchAction\",\"target\":{\"@type\":\"EntryPoint\",\"urlTemplate\":\"https:\/\/www.fsfx.com.br\/usisaude\/?s={search_term_string}\"},\"query-input\":{\"@type\":\"PropertyValueSpecification\",\"valueRequired\":true,\"valueName\":\"search_term_string\"}}],\"inLanguage\":\"pt-BR\"},{\"@type\":\"Organization\",\"@id\":\"https:\/\/www.fsfx.com.br\/usisaude\/#organization\",\"name\":\"Usisa\u00fade\",\"url\":\"https:\/\/www.fsfx.com.br\/usisaude\/\",\"logo\":{\"@type\":\"ImageObject\",\"inLanguage\":\"pt-BR\",\"@id\":\"https:\/\/www.fsfx.com.br\/usisaude\/#\/schema\/logo\/image\/\",\"url\":\"https:\/\/www.fsfx.com.br\/usisaude\/wp-content\/uploads\/sites\/6\/2022\/03\/logo-ususaude-1.svg\",\"contentUrl\":\"https:\/\/www.fsfx.com.br\/usisaude\/wp-content\/uploads\/sites\/6\/2022\/03\/logo-ususaude-1.svg\",\"width\":445,\"height\":196,\"caption\":\"Usisa\u00fade\"},\"image\":{\"@id\":\"https:\/\/www.fsfx.com.br\/usisaude\/#\/schema\/logo\/image\/\"}},{\"@type\":\"Person\",\"@id\":\"\",\"url\":\"https:\/\/www.fsfx.com.br\/usisaude\/author\/\"}]}<\/script>\n<!-- \/ Yoast SEO plugin. -->","yoast_head_json":{"title":"Receita: P\u00e3o de queijo pr\u00e1tico e saboroso - Usisa\u00fade","description":"Quem n\u00e3o gosta de um p\u00e3o de queijo delicioso? Que tal colocar a m\u00e3o na massa e preparar uma receita saborosa e muito pr\u00e1tica?","robots":{"index":"index","follow":"follow","max-snippet":"max-snippet:-1","max-image-preview":"max-image-preview:large","max-video-preview":"max-video-preview:-1"},"canonical":"https:\/\/www.fsfx.com.br\/usisaude\/receita-pao-de-queijo-pratico-e-saboroso\/","og_locale":"pt_BR","og_type":"article","og_title":"Receita: P\u00e3o de queijo pr\u00e1tico e saboroso - Usisa\u00fade","og_description":"Quem n\u00e3o gosta de um p\u00e3o de queijo delicioso? Que tal colocar a m\u00e3o na massa e preparar uma receita saborosa e muito pr\u00e1tica?","og_url":"https:\/\/www.fsfx.com.br\/usisaude\/receita-pao-de-queijo-pratico-e-saboroso\/","og_site_name":"Usisa\u00fade","article_published_time":"2018-08-24T18:19:08+00:00","article_modified_time":"2024-09-12T18:09:25+00:00","og_image":[{"url":"http:\/\/www.fsfx.com.br\/atituderimacomsaude\/wp-content\/uploads\/2018\/09\/pao-de-queijo-pratico-e-saboroso.png","type":"","width":"","height":""}],"twitter_card":"summary_large_image","twitter_misc":{"Escrito por":"","Est. tempo de leitura":"3 minutos"},"schema":{"@context":"https:\/\/schema.org","@graph":[{"@type":"Article","@id":"https:\/\/www.fsfx.com.br\/usisaude\/receita-pao-de-queijo-pratico-e-saboroso\/#article","isPartOf":{"@id":"https:\/\/www.fsfx.com.br\/usisaude\/receita-pao-de-queijo-pratico-e-saboroso\/"},"author":{"name":"","@id":""},"headline":"Receita: P\u00e3o de queijo pr\u00e1tico e saboroso","datePublished":"2018-08-24T18:19:08+00:00","dateModified":"2024-09-12T18:09:25+00:00","mainEntityOfPage":{"@id":"https:\/\/www.fsfx.com.br\/usisaude\/receita-pao-de-queijo-pratico-e-saboroso\/"},"wordCount":549,"commentCount":0,"publisher":{"@id":"https:\/\/www.fsfx.com.br\/usisaude\/#organization"},"image":{"@id":"https:\/\/www.fsfx.com.br\/usisaude\/receita-pao-de-queijo-pratico-e-saboroso\/#primaryimage"},"thumbnailUrl":"","keywords":["p\u00e3o de queijo","receita"],"articleSection":["Not\u00edcias"],"inLanguage":"pt-BR","potentialAction":[{"@type":"CommentAction","name":"Comment","target":["https:\/\/www.fsfx.com.br\/usisaude\/receita-pao-de-queijo-pratico-e-saboroso\/#respond"]}]},{"@type":"WebPage","@id":"https:\/\/www.fsfx.com.br\/usisaude\/receita-pao-de-queijo-pratico-e-saboroso\/","url":"https:\/\/www.fsfx.com.br\/usisaude\/receita-pao-de-queijo-pratico-e-saboroso\/","name":"Receita: P\u00e3o de queijo pr\u00e1tico e saboroso - Usisa\u00fade","isPartOf":{"@id":"https:\/\/www.fsfx.com.br\/usisaude\/#website"},"primaryImageOfPage":{"@id":"https:\/\/www.fsfx.com.br\/usisaude\/receita-pao-de-queijo-pratico-e-saboroso\/#primaryimage"},"image":{"@id":"https:\/\/www.fsfx.com.br\/usisaude\/receita-pao-de-queijo-pratico-e-saboroso\/#primaryimage"},"thumbnailUrl":"","datePublished":"2018-08-24T18:19:08+00:00","dateModified":"2024-09-12T18:09:25+00:00","description":"Quem n\u00e3o gosta de um p\u00e3o de queijo delicioso? Que tal colocar a m\u00e3o na massa e preparar uma receita saborosa e muito pr\u00e1tica?","breadcrumb":{"@id":"https:\/\/www.fsfx.com.br\/usisaude\/receita-pao-de-queijo-pratico-e-saboroso\/#breadcrumb"},"inLanguage":"pt-BR","potentialAction":[{"@type":"ReadAction","target":["https:\/\/www.fsfx.com.br\/usisaude\/receita-pao-de-queijo-pratico-e-saboroso\/"]}]},{"@type":"ImageObject","inLanguage":"pt-BR","@id":"https:\/\/www.fsfx.com.br\/usisaude\/receita-pao-de-queijo-pratico-e-saboroso\/#primaryimage","url":"","contentUrl":""},{"@type":"BreadcrumbList","@id":"https:\/\/www.fsfx.com.br\/usisaude\/receita-pao-de-queijo-pratico-e-saboroso\/#breadcrumb","itemListElement":[{"@type":"ListItem","position":1,"name":"In\u00edcio","item":"https:\/\/www.fsfx.com.br\/usisaude\/"},{"@type":"ListItem","position":2,"name":"Receita: P\u00e3o de queijo pr\u00e1tico e saboroso"}]},{"@type":"WebSite","@id":"https:\/\/www.fsfx.com.br\/usisaude\/#website","url":"https:\/\/www.fsfx.com.br\/usisaude\/","name":"Usisa\u00fade","description":"Somos a Usisa\u00fade, uma operadora de planos de sa\u00fade da Funda\u00e7\u00e3o S\u00e3o Francisco Xavier (FSFX), a maior em modalidade filantr\u00f3pica do pa\u00eds.","publisher":{"@id":"https:\/\/www.fsfx.com.br\/usisaude\/#organization"},"potentialAction":[{"@type":"SearchAction","target":{"@type":"EntryPoint","urlTemplate":"https:\/\/www.fsfx.com.br\/usisaude\/?s={search_term_string}"},"query-input":{"@type":"PropertyValueSpecification","valueRequired":true,"valueName":"search_term_string"}}],"inLanguage":"pt-BR"},{"@type":"Organization","@id":"https:\/\/www.fsfx.com.br\/usisaude\/#organization","name":"Usisa\u00fade","url":"https:\/\/www.fsfx.com.br\/usisaude\/","logo":{"@type":"ImageObject","inLanguage":"pt-BR","@id":"https:\/\/www.fsfx.com.br\/usisaude\/#\/schema\/logo\/image\/","url":"https:\/\/www.fsfx.com.br\/usisaude\/wp-content\/uploads\/sites\/6\/2022\/03\/logo-ususaude-1.svg","contentUrl":"https:\/\/www.fsfx.com.br\/usisaude\/wp-content\/uploads\/sites\/6\/2022\/03\/logo-ususaude-1.svg","width":445,"height":196,"caption":"Usisa\u00fade"},"image":{"@id":"https:\/\/www.fsfx.com.br\/usisaude\/#\/schema\/logo\/image\/"}},{"@type":"Person","@id":"","url":"https:\/\/www.fsfx.com.br\/usisaude\/author\/"}]}},"_links":{"self":[{"href":"https:\/\/www.fsfx.com.br\/usisaude\/wp-json\/wp\/v2\/posts\/3750","targetHints":{"allow":["GET"]}}],"collection":[{"href":"https:\/\/www.fsfx.com.br\/usisaude\/wp-json\/wp\/v2\/posts"}],"about":[{"href":"https:\/\/www.fsfx.com.br\/usisaude\/wp-json\/wp\/v2\/types\/post"}],"author":[{"embeddable":true,"href":"https:\/\/www.fsfx.com.br\/usisaude\/wp-json\/wp\/v2\/users\/9"}],"replies":[{"embeddable":true,"href":"https:\/\/www.fsfx.com.br\/usisaude\/wp-json\/wp\/v2\/comments?post=3750"}],"version-history":[{"count":1,"href":"https:\/\/www.fsfx.com.br\/usisaude\/wp-json\/wp\/v2\/posts\/3750\/revisions"}],"predecessor-version":[{"id":10943,"href":"https:\/\/www.fsfx.com.br\/usisaude\/wp-json\/wp\/v2\/posts\/3750\/revisions\/10943"}],"wp:featuredmedia":[{"embeddable":true,"href":"https:\/\/www.fsfx.com.br\/usisaude\/wp-json\/"}],"wp:attachment":[{"href":"https:\/\/www.fsfx.com.br\/usisaude\/wp-json\/wp\/v2\/media?parent=3750"}],"wp:term":[{"taxonomy":"category","embeddable":true,"href":"https:\/\/www.fsfx.com.br\/usisaude\/wp-json\/wp\/v2\/categories?post=3750"},{"taxonomy":"post_tag","embeddable":true,"href":"https:\/\/www.fsfx.com.br\/usisaude\/wp-json\/wp\/v2\/tags?post=3750"}],"curies":[{"name":"wp","href":"https:\/\/api.w.org\/{rel}","templated":true}]}}