{"id":3755,"date":"2018-08-24T18:30:57","date_gmt":"2018-08-24T21:30:57","guid":{"rendered":"http:\/\/www.fsfx.com.br\/atituderimacomsaude\/?p=3755"},"modified":"2024-09-12T15:09:24","modified_gmt":"2024-09-12T18:09:24","slug":"sarampo","status":"publish","type":"post","link":"https:\/\/www.fsfx.com.br\/usisaude\/sarampo\/","title":{"rendered":"Sarampo: Conhe\u00e7a os sintomas e saiba como se prevenir"},"content":{"rendered":"<p><span style=\"font-weight: 400\">Tempo de leitura: 7 minutos\u00a0<\/span><\/p>\n<p><span style=\"font-weight: 400\">O sarampo \u00e9 uma doen\u00e7a grave, altamente contagiosa, que atinge principalmente os menores de 5 anos, e mais gravemente nas crian\u00e7as desnutridas, pessoas com insufici\u00eancia de vitamina A ou imunidade baixa. O aumento recente dos casos no Brasil acende o alerta sobre a necessidade de a popula\u00e7\u00e3o ser vacinada nos postos de sa\u00fade.\u00a0<\/span><\/p>\n<p><span style=\"font-weight: 400\">A doen\u00e7a pode comprometer todo o sistema imunol\u00f3gico e deixar o organismo vulner\u00e1vel ao surgimento de outras infec\u00e7\u00f5es.<\/span><\/p>\n<p><span style=\"font-weight: 400\">Neste post trazemos as principais informa\u00e7\u00f5es sobre o sarampo que pode, inclusive, ser fatal. Continue lendo e acompanhe todas as informa\u00e7\u00f5es para proteger a voc\u00ea e sua fam\u00edlia!<\/span><\/p>\n<h2><b>O que \u00e9 o sarampo?<\/b><\/h2>\n<p><span style=\"font-weight: 400\">\u00c9 uma doen\u00e7a infectocontagiosa causada por um tipo de v\u00edrus chamado morbillivirus. Altamente contagioso, o sarampo \u00e9 transmitido por meio das secre\u00e7\u00f5es do nariz e da boca, expelidas ao respirar ou falar ou tossir e de indiv\u00edduos doentes para pessoas n\u00e3o imunizadas. Por isso \u00e9 t\u00e3o importante as campanhas de vacina\u00e7\u00e3o, pois para que seja poss\u00edvel interromper a transmiss\u00e3o do sarampo \u00e9 preciso que 95% da popula\u00e7\u00e3o esteja vacinada.<\/span><\/p>\n<p><span style=\"font-weight: 400\">No entanto, nos \u00faltimos dois anos, o n\u00famero de pessoas que sofrem dessa doen\u00e7a aumentou significativamente no Brasil.<\/span><\/p>\n<h2><b>Qual a situa\u00e7\u00e3o do sarampo no Brasil?<\/b><\/h2>\n<p><span style=\"font-weight: 400\">Em 2016, o Brasil e as Am\u00e9ricas foram reconhecidos pela Organiza\u00e7\u00e3o Pan-Americana de Sa\u00fade (OPAS) como \u00e1rea livre do sarampo. Infelizmente, devido \u00e0 queda nas coberturas vacinais, o contato de pessoas que contra\u00edram a doen\u00e7a no exterior com brasileiros n\u00e3o vacinados levou \u00e0 ocorr\u00eancia, a partir de 2018, de surtos sustentados de grandes propor\u00e7\u00f5es \u2014\u00a0especialmente no Amazonas, Roraima e S\u00e3o Paulo. Com isso, o pa\u00eds deixou de atender aos requisitos necess\u00e1rios para manter o certificado de elimina\u00e7\u00e3o. Por isso \u00e9 important\u00edssimo manter uma boa cobertura vacinal para que a transmiss\u00e3o seja novamente zerada no pa\u00eds.\u00a0<\/span><\/p>\n<h2><b>Quais s\u00e3o os principais sintomas do sarampo?<\/b><\/h2>\n<p><span style=\"font-weight: 400\">O per\u00edodo de incuba\u00e7\u00e3o do v\u00edrus causador do sarampo varia entre oito e treze dias. Ap\u00f3s esse tempo, os primeiros sintomas come\u00e7am a surgir. Inicialmente, aparecem pequenas erup\u00e7\u00f5es cut\u00e2neas de cor avermelhada.<\/span><\/p>\n<p><span style=\"font-weight: 400\">Em seguida, h\u00e1 a ocorr\u00eancia de febre alta, mal-estar e inflama\u00e7\u00e3o das vias respirat\u00f3rias, que passam a produzir grande quantidade de muco. Pode ocorrer tamb\u00e9m conjuntivite.\u00a0<\/span><\/p>\n<p><span style=\"font-weight: 400\">N\u00e3o h\u00e1 tratamento espec\u00edfico para a doen\u00e7a, mas a melhor forma de prevenir a doen\u00e7a \u00e9 por meio da vacina\u00e7\u00e3o.<\/span><\/p>\n<h3><b>A vacina\u00e7\u00e3o \u00e9 essencial para erradica\u00e7\u00e3o do sarampo<\/b><\/h3>\n<p><span style=\"font-weight: 400\">Como o sarampo vem se espalhando por v\u00e1rios pa\u00edses das Am\u00e9ricas (Venezuela, Brasil, Estados Unidos, Canad\u00e1, M\u00e9xico, Peru, Col\u00f4mbia, Guatemala e Ant\u00edgua e Barbuda), a Organiza\u00e7\u00e3o Pan-americana da Sa\u00fade adverte que \u00e9 necess\u00e1rio redobrar os esfor\u00e7os para a vacina\u00e7\u00e3o das popula\u00e7\u00f5es das na\u00e7\u00f5es americanas.<\/span><\/p>\n<p><span style=\"font-weight: 400\">Embora tenham se visto livres do sarampo em 2016, as Am\u00e9ricas voltaram a registrar casos da doen\u00e7a justamente pela diminui\u00e7\u00e3o dos \u00edndices de vacina\u00e7\u00e3o. Portanto, \u00e9 imprescind\u00edvel que as pessoas estejam atentas e vacinem (a si e a seus filhos) dentro dos cronogramas estabelecidos pelos \u00f3rg\u00e3os competentes.<\/span><\/p>\n<h3><b>Saiba mais sobre a vacina e como se proteger<\/b><\/h3>\n<p><span style=\"font-weight: 400\">A vacina utilizada para prevenir o sarampo \u00e9 a tr\u00edplice viral, que tamb\u00e9m protege contra a rub\u00e9ola e a caxumba. Ela \u00e9 oferecida gratuitamente pelo Sistema \u00danico de Sa\u00fade (SUS) e deve ter a primeira dose administrada aos 12 meses de idade, com refor\u00e7o aos 15 meses \u2013 nesse momento, \u00e9 adicionada a prote\u00e7\u00e3o contra catapora (tetraviral).<\/span><\/p>\n<p><span style=\"font-weight: 400\">Caso haja atraso na vacina\u00e7\u00e3o, crian\u00e7as de at\u00e9 quatro anos de idade ainda poder\u00e3o receber a vacina com o componente varicela. A partir de cinco at\u00e9 os 29 anos de idade, dever\u00e3o ser administradas duas doses da vacina tr\u00edplice viral. Pessoas de 30 a 49 anos de idade devem receber uma dose.<\/span><\/p>\n<p><span style=\"font-weight: 400\">Entre uma dose e outra da vacina, deve-se fazer um intervalo de, pelo menos, um m\u00eas. N\u00e3o se pode tomar a tr\u00edplice viral e a vacina contra febre amarela no mesmo dia. Nesse caso, tamb\u00e9m \u00e9 necess\u00e1rio fazer um intervalo m\u00ednimo de 30 dias. No caso das gestantes, elas devem aguardar para serem vacinadas ap\u00f3s o parto. Quem est\u00e1 planejando engravidar, deve primeiramente colocar a vacina\u00e7\u00e3o em dia e aguardar pelo menos um m\u00eas ap\u00f3s a \u00faltima dose.<\/span><\/p>\n<h2><b>Quais s\u00e3o as complica\u00e7\u00f5es do sarampo?<\/b><\/h2>\n<p><span style=\"font-weight: 400\">Como dissemos, o sarampo \u00e9 grave e pode deixar sequelas por uma vida inteira ou levar \u00e0 morte. A vacina \u00e9 a \u00fanica alternativa para proteger o indiv\u00edduo de ser acometido e sofrer consequ\u00eancias t\u00e3o fortes. Veja as principais complica\u00e7\u00f5es da doen\u00e7a!<\/span><\/p>\n<h3><b>Crian\u00e7as<\/b><\/h3>\n<ul>\n<li style=\"font-weight: 400\"><b>Pneumonia<\/b><span style=\"font-weight: 400\"> \u2013 1 em cada 20 crian\u00e7as com sarampo pode desenvolver pneumonia, uma causa comum de morte pela doen\u00e7a em crian\u00e7as pequenas;<\/span><\/li>\n<li style=\"font-weight: 400\"><b>Otite m\u00e9dia aguda <\/b><span style=\"font-weight: 400\">\u2013 infec\u00e7\u00e3o de ouvido que ocorre em cerca de 1 a cada 10 crian\u00e7as com sarampo, podendo ocasionar a perda auditiva permanente;<\/span><\/li>\n<li style=\"font-weight: 400\"><b>Encefalite aguda <\/b><span style=\"font-weight: 400\">&#8211; 1 em cada 1.000 crian\u00e7as podem desenvolver essa condi\u00e7\u00e3o podendo o risco de morte chegar a 10%;<\/span><\/li>\n<li style=\"font-weight: 400\"><b>Morte<\/b><span style=\"font-weight: 400\"> \u2013 entre 1 e 3 crian\u00e7as a cada 1.000 podem morrer devido \u00e0s complica\u00e7\u00f5es impostas pelo sarampo.<\/span><\/li>\n<\/ul>\n<h3><b>Adultos<\/b><\/h3>\n<ul>\n<li style=\"font-weight: 400\"><span style=\"font-weight: 400\">Pneumonia.<\/span><\/li>\n<\/ul>\n<h3><b>Gestantes<\/b><\/h3>\n<ul>\n<li style=\"font-weight: 400\"><span style=\"font-weight: 400\">Mulheres em idade f\u00e9rtil, entre 10 e 49 anos n\u00e3o vacinadas antes da gravidez podem apresentar parto prematuro e o beb\u00ea pode nascer abaixo do peso.<\/span><\/li>\n<\/ul>\n<p><span style=\"font-weight: 400\">\u00c9 importante se vacinar antes da gesta\u00e7\u00e3o, pois a vacina \u00e9 contraindicada durante o per\u00edodo gestacional.\u00a0<\/span><\/p>\n<p><span style=\"font-weight: 400\">Por fim, assim como diversas doen\u00e7as causadas por v\u00edrus, o sarampo pode ser evitado, bem como suas complica\u00e7\u00f5es. A preven\u00e7\u00e3o \u00e9 o caminho certo para quem deseja ter uma vida saud\u00e1vel e longa, por isso, a vacina\u00e7\u00e3o \u00e9 t\u00e3o importante e n\u00e3o pode ser deixada de lado.\u00a0<\/span><\/p>\n<p><span style=\"font-weight: 400\">Se este post foi \u00fatil para voc\u00ea, que tal aproveitar a visita em nosso blog e saber mais sobre o<\/span><a href=\"https:\/\/atituderimacomsaude.com.br\/dia-mundial-da-imunizacao\/\"> <span style=\"font-weight: 400\">dia nacional da imuniza\u00e7\u00e3o e a import\u00e2ncia de manter a vacina\u00e7\u00e3o em dia<\/span><\/a><span style=\"font-weight: 400\">!<\/span><\/p>\n<h1><b>Refer\u00eancias:<\/b><\/h1>\n<p><span style=\"font-weight: 400\">AG\u00caNCIA BRASIL. <\/span><b>Sarampo: entenda os sintomas, riscos e tratamento<\/b><span style=\"font-weight: 400\">. 2019. <\/span><span style=\"font-weight: 400\">Dispon\u00edvel em: &lt;https:\/\/agenciabrasil.ebc.com.br\/geral\/noticia\/2019-08\/sarampo-entenda-os-sintomas-riscos-e-tratamento&gt;. Acesso em: 18 Out. 2021<\/span><\/p>\n<p><span style=\"font-weight: 400\">FUNDA\u00c7\u00c3O OSWALDO CRUZ. <\/span><b>Sarampo:<\/b><b> sintomas, transmiss\u00e3o e preven\u00e7\u00e3o<\/b><span style=\"font-weight: 400\">. 2018. <\/span><span style=\"font-weight: 400\">Dispon\u00edvel em: &lt;https:\/\/www.bio.fiocruz.br\/index.php\/br\/sarampo-sintomas-transmissao-e-prevencao&gt;. Acesso em: 18 Out. 2021<\/span><\/p>\n<p><span style=\"font-weight: 400\">DIRETORIA DE VIGIL\u00c2NCIA EPIDEMIOL\u00d3GICA DE SANTA CATARINA. <\/span><b>Sarampo<\/b><span style=\"font-weight: 400\">. <\/span><span style=\"font-weight: 400\">Dispon\u00edvel em: &lt;http:\/\/www.dive.sc.gov.br\/sarampo\/index.html&gt;. Acesso em: 18 Out. 2021<\/span><\/p>\n<p><span style=\"font-weight: 400\">M\u00c9DICOS SEM FRONTEIRA. <\/span><b>Sarampo<\/b><span style=\"font-weight: 400\">. <\/span><span style=\"font-weight: 400\">Dispon\u00edvel em: &lt;https:\/\/www.msf.org.br\/o-que-fazemos\/atividades-medicas\/sarampo&gt;. Acesso em: 18 Out. 2021<\/span><\/p>\n<p><span style=\"font-weight: 400\">MINIST\u00c9RIO DA SA\u00daDE. <\/span><b>Sarampo: sintomas, preven\u00e7\u00e3o, causas, complica\u00e7\u00f5es e tratamento<\/b><span style=\"font-weight: 400\">. <\/span><span style=\"font-weight: 400\">Dispon\u00edvel em: &lt;https:\/\/antigo.saude.gov.br\/saude-de-a-z\/sarampo&gt;. Acesso em: 18 Out. 2021<\/span><\/p>\n<p><span style=\"font-weight: 400\">ORGANIZA\u00c7\u00c3O PAN-AMERICANA DE SA\u00daDE. <\/span><b>Sarampo<\/b><span style=\"font-weight: 400\">. <\/span><span style=\"font-weight: 400\">Dispon\u00edvel em: &lt;https:\/\/www.paho.org\/pt\/topicos\/sarampo&gt;. Acesso em: 18 Out. 2021<\/span><\/p>\n<p><span style=\"font-weight: 400\">SECRETARIA DE SA\u00daDE DO GOVERNO DO ESTADO DA BAHIA. <\/span><b>Sarampo<\/b><span style=\"font-weight: 400\">. <\/span><span style=\"font-weight: 400\">Dispon\u00edvel em: &lt;http:\/\/www.saude.ba.gov.br\/temasdesaude\/sarampo\/&gt;. Acesso em: 18 Out. 2021<\/span><\/p>\n<p><span style=\"font-weight: 400\">SECRETARIA DE SA\u00daDE DO GOVERNO DO ESTADO DO PARAN\u00c1 <\/span><b>Sarampo<\/b><span style=\"font-weight: 400\">. <\/span><span style=\"font-weight: 400\">Dispon\u00edvel em: &lt;https:\/\/www.saude.pr.gov.br\/Pagina\/Sarampo&gt;. Acesso em: 18 Out. 2021<\/span><\/p>\n","protected":false},"excerpt":{"rendered":"<p>Tempo de leitura: 7 minutos\u00a0 O sarampo \u00e9 uma doen\u00e7a grave, altamente contagiosa, que atinge principalmente os menores de 5 anos, e mais gravemente nas crian\u00e7as desnutridas, pessoas com insufici\u00eancia de vitamina A ou imunidade baixa. O aumento recente dos casos no Brasil acende o alerta sobre a necessidade de a popula\u00e7\u00e3o ser vacinada nos [&hellip;]<\/p>\n","protected":false},"author":9,"featured_media":4293,"comment_status":"open","ping_status":"open","sticky":false,"template":"","format":"standard","meta":{"_acf_changed":false,"site-sidebar-layout":"default","site-content-layout":"","ast-site-content-layout":"default","site-content-style":"default","site-sidebar-style":"default","ast-global-header-display":"","ast-banner-title-visibility":"","ast-main-header-display":"","ast-hfb-above-header-display":"","ast-hfb-below-header-display":"","ast-hfb-mobile-header-display":"","site-post-title":"","ast-breadcrumbs-content":"","ast-featured-img":"","footer-sml-layout":"","theme-transparent-header-meta":"","adv-header-id-meta":"","stick-header-meta":"","header-above-stick-meta":"","header-main-stick-meta":"","header-below-stick-meta":"","astra-migrate-meta-layouts":"default","ast-page-background-enabled":"default","ast-page-background-meta":{"desktop":{"background-color":"var(--ast-global-color-4)","background-image":"","background-repeat":"repeat","background-position":"center center","background-size":"auto","background-attachment":"scroll","background-type":"","background-media":"","overlay-type":"","overlay-color":"","overlay-opacity":"","overlay-gradient":""},"tablet":{"background-color":"","background-image":"","background-repeat":"repeat","background-position":"center center","background-size":"auto","background-attachment":"scroll","background-type":"","background-media":"","overlay-type":"","overlay-color":"","overlay-opacity":"","overlay-gradient":""},"mobile":{"background-color":"","background-image":"","background-repeat":"repeat","background-position":"center center","background-size":"auto","background-attachment":"scroll","background-type":"","background-media":"","overlay-type":"","overlay-color":"","overlay-opacity":"","overlay-gradient":""}},"ast-content-background-meta":{"desktop":{"background-color":"var(--ast-global-color-5)","background-image":"","background-repeat":"repeat","background-position":"center center","background-size":"auto","background-attachment":"scroll","background-type":"","background-media":"","overlay-type":"","overlay-color":"","overlay-opacity":"","overlay-gradient":""},"tablet":{"background-color":"var(--ast-global-color-5)","background-image":"","background-repeat":"repeat","background-position":"center center","background-size":"auto","background-attachment":"scroll","background-type":"","background-media":"","overlay-type":"","overlay-color":"","overlay-opacity":"","overlay-gradient":""},"mobile":{"background-color":"var(--ast-global-color-5)","background-image":"","background-repeat":"repeat","background-position":"center center","background-size":"auto","background-attachment":"scroll","background-type":"","background-media":"","overlay-type":"","overlay-color":"","overlay-opacity":"","overlay-gradient":""}},"footnotes":""},"categories":[1],"tags":[251,252,234],"class_list":["post-3755","post","type-post","status-publish","format-standard","has-post-thumbnail","hentry","category-noticias","tag-sarampo","tag-vacina","tag-vacinacao"],"acf":[],"yoast_head":"<!-- This site is optimized with the Yoast SEO plugin v26.9 - https:\/\/yoast.com\/product\/yoast-seo-wordpress\/ -->\n<title>Sarampo: Conhe\u00e7a os sintomas e saiba como se prevenir - Usisa\u00fade<\/title>\n<meta name=\"description\" content=\"Nos \u00faltimos dois anos, o n\u00famero de pessoas que sofrem de sarampo aumentou significativamente no Brasil. Saiba mais sobre a doen\u00e7a e sua preven\u00e7\u00e3o!\" \/>\n<meta name=\"robots\" content=\"index, follow, max-snippet:-1, max-image-preview:large, max-video-preview:-1\" \/>\n<link rel=\"canonical\" href=\"https:\/\/www.fsfx.com.br\/usisaude\/sarampo\/\" \/>\n<meta property=\"og:locale\" content=\"pt_BR\" \/>\n<meta property=\"og:type\" content=\"article\" \/>\n<meta property=\"og:title\" content=\"Sarampo: Conhe\u00e7a os sintomas e saiba como se prevenir - Usisa\u00fade\" \/>\n<meta property=\"og:description\" content=\"Nos \u00faltimos dois anos, o n\u00famero de pessoas que sofrem de sarampo aumentou significativamente no Brasil. Saiba mais sobre a doen\u00e7a e sua preven\u00e7\u00e3o!\" \/>\n<meta property=\"og:url\" content=\"https:\/\/www.fsfx.com.br\/usisaude\/sarampo\/\" \/>\n<meta property=\"og:site_name\" content=\"Usisa\u00fade\" \/>\n<meta property=\"article:published_time\" content=\"2018-08-24T21:30:57+00:00\" \/>\n<meta property=\"article:modified_time\" content=\"2024-09-12T18:09:24+00:00\" \/>\n<meta property=\"og:image\" content=\"http:\/\/www.fsfx.com.br\/atituderimacomsaude\/wp-content\/uploads\/2018\/08\/o-sarampo-esta-de-volta-ao-brasil-saiba-como-se-prevenir.png\" \/>\n<meta name=\"twitter:card\" content=\"summary_large_image\" \/>\n<meta name=\"twitter:label1\" content=\"Escrito por\" \/>\n\t<meta name=\"twitter:data1\" content=\"\" \/>\n\t<meta name=\"twitter:label2\" content=\"Est. tempo de leitura\" \/>\n\t<meta name=\"twitter:data2\" content=\"6 minutos\" \/>\n<script type=\"application\/ld+json\" class=\"yoast-schema-graph\">{\"@context\":\"https:\/\/schema.org\",\"@graph\":[{\"@type\":\"Article\",\"@id\":\"https:\/\/www.fsfx.com.br\/usisaude\/sarampo\/#article\",\"isPartOf\":{\"@id\":\"https:\/\/www.fsfx.com.br\/usisaude\/sarampo\/\"},\"author\":{\"name\":\"\",\"@id\":\"\"},\"headline\":\"Sarampo: Conhe\u00e7a os sintomas e saiba como se prevenir\",\"datePublished\":\"2018-08-24T21:30:57+00:00\",\"dateModified\":\"2024-09-12T18:09:24+00:00\",\"mainEntityOfPage\":{\"@id\":\"https:\/\/www.fsfx.com.br\/usisaude\/sarampo\/\"},\"wordCount\":1237,\"commentCount\":0,\"publisher\":{\"@id\":\"https:\/\/www.fsfx.com.br\/usisaude\/#organization\"},\"image\":{\"@id\":\"https:\/\/www.fsfx.com.br\/usisaude\/sarampo\/#primaryimage\"},\"thumbnailUrl\":\"\",\"keywords\":[\"sarampo\",\"vacina\",\"vacina\u00e7\u00e3o\"],\"articleSection\":[\"Not\u00edcias\"],\"inLanguage\":\"pt-BR\",\"potentialAction\":[{\"@type\":\"CommentAction\",\"name\":\"Comment\",\"target\":[\"https:\/\/www.fsfx.com.br\/usisaude\/sarampo\/#respond\"]}]},{\"@type\":\"WebPage\",\"@id\":\"https:\/\/www.fsfx.com.br\/usisaude\/sarampo\/\",\"url\":\"https:\/\/www.fsfx.com.br\/usisaude\/sarampo\/\",\"name\":\"Sarampo: Conhe\u00e7a os sintomas e saiba como se prevenir - Usisa\u00fade\",\"isPartOf\":{\"@id\":\"https:\/\/www.fsfx.com.br\/usisaude\/#website\"},\"primaryImageOfPage\":{\"@id\":\"https:\/\/www.fsfx.com.br\/usisaude\/sarampo\/#primaryimage\"},\"image\":{\"@id\":\"https:\/\/www.fsfx.com.br\/usisaude\/sarampo\/#primaryimage\"},\"thumbnailUrl\":\"\",\"datePublished\":\"2018-08-24T21:30:57+00:00\",\"dateModified\":\"2024-09-12T18:09:24+00:00\",\"description\":\"Nos \u00faltimos dois anos, o n\u00famero de pessoas que sofrem de sarampo aumentou significativamente no Brasil. Saiba mais sobre a doen\u00e7a e sua preven\u00e7\u00e3o!\",\"breadcrumb\":{\"@id\":\"https:\/\/www.fsfx.com.br\/usisaude\/sarampo\/#breadcrumb\"},\"inLanguage\":\"pt-BR\",\"potentialAction\":[{\"@type\":\"ReadAction\",\"target\":[\"https:\/\/www.fsfx.com.br\/usisaude\/sarampo\/\"]}]},{\"@type\":\"ImageObject\",\"inLanguage\":\"pt-BR\",\"@id\":\"https:\/\/www.fsfx.com.br\/usisaude\/sarampo\/#primaryimage\",\"url\":\"\",\"contentUrl\":\"\"},{\"@type\":\"BreadcrumbList\",\"@id\":\"https:\/\/www.fsfx.com.br\/usisaude\/sarampo\/#breadcrumb\",\"itemListElement\":[{\"@type\":\"ListItem\",\"position\":1,\"name\":\"In\u00edcio\",\"item\":\"https:\/\/www.fsfx.com.br\/usisaude\/\"},{\"@type\":\"ListItem\",\"position\":2,\"name\":\"Sarampo: Conhe\u00e7a os sintomas e saiba como se prevenir\"}]},{\"@type\":\"WebSite\",\"@id\":\"https:\/\/www.fsfx.com.br\/usisaude\/#website\",\"url\":\"https:\/\/www.fsfx.com.br\/usisaude\/\",\"name\":\"Usisa\u00fade\",\"description\":\"Somos a Usisa\u00fade, uma operadora de planos de sa\u00fade da Funda\u00e7\u00e3o S\u00e3o Francisco Xavier (FSFX), a maior em modalidade filantr\u00f3pica do pa\u00eds.\",\"publisher\":{\"@id\":\"https:\/\/www.fsfx.com.br\/usisaude\/#organization\"},\"potentialAction\":[{\"@type\":\"SearchAction\",\"target\":{\"@type\":\"EntryPoint\",\"urlTemplate\":\"https:\/\/www.fsfx.com.br\/usisaude\/?s={search_term_string}\"},\"query-input\":{\"@type\":\"PropertyValueSpecification\",\"valueRequired\":true,\"valueName\":\"search_term_string\"}}],\"inLanguage\":\"pt-BR\"},{\"@type\":\"Organization\",\"@id\":\"https:\/\/www.fsfx.com.br\/usisaude\/#organization\",\"name\":\"Usisa\u00fade\",\"url\":\"https:\/\/www.fsfx.com.br\/usisaude\/\",\"logo\":{\"@type\":\"ImageObject\",\"inLanguage\":\"pt-BR\",\"@id\":\"https:\/\/www.fsfx.com.br\/usisaude\/#\/schema\/logo\/image\/\",\"url\":\"https:\/\/www.fsfx.com.br\/usisaude\/wp-content\/uploads\/sites\/6\/2022\/03\/logo-ususaude-1.svg\",\"contentUrl\":\"https:\/\/www.fsfx.com.br\/usisaude\/wp-content\/uploads\/sites\/6\/2022\/03\/logo-ususaude-1.svg\",\"width\":445,\"height\":196,\"caption\":\"Usisa\u00fade\"},\"image\":{\"@id\":\"https:\/\/www.fsfx.com.br\/usisaude\/#\/schema\/logo\/image\/\"}},{\"@type\":\"Person\",\"@id\":\"\",\"url\":\"https:\/\/www.fsfx.com.br\/usisaude\/author\/\"}]}<\/script>\n<!-- \/ Yoast SEO plugin. -->","yoast_head_json":{"title":"Sarampo: Conhe\u00e7a os sintomas e saiba como se prevenir - Usisa\u00fade","description":"Nos \u00faltimos dois anos, o n\u00famero de pessoas que sofrem de sarampo aumentou significativamente no Brasil. Saiba mais sobre a doen\u00e7a e sua preven\u00e7\u00e3o!","robots":{"index":"index","follow":"follow","max-snippet":"max-snippet:-1","max-image-preview":"max-image-preview:large","max-video-preview":"max-video-preview:-1"},"canonical":"https:\/\/www.fsfx.com.br\/usisaude\/sarampo\/","og_locale":"pt_BR","og_type":"article","og_title":"Sarampo: Conhe\u00e7a os sintomas e saiba como se prevenir - Usisa\u00fade","og_description":"Nos \u00faltimos dois anos, o n\u00famero de pessoas que sofrem de sarampo aumentou significativamente no Brasil. Saiba mais sobre a doen\u00e7a e sua preven\u00e7\u00e3o!","og_url":"https:\/\/www.fsfx.com.br\/usisaude\/sarampo\/","og_site_name":"Usisa\u00fade","article_published_time":"2018-08-24T21:30:57+00:00","article_modified_time":"2024-09-12T18:09:24+00:00","og_image":[{"url":"http:\/\/www.fsfx.com.br\/atituderimacomsaude\/wp-content\/uploads\/2018\/08\/o-sarampo-esta-de-volta-ao-brasil-saiba-como-se-prevenir.png","type":"","width":"","height":""}],"twitter_card":"summary_large_image","twitter_misc":{"Escrito por":"","Est. tempo de leitura":"6 minutos"},"schema":{"@context":"https:\/\/schema.org","@graph":[{"@type":"Article","@id":"https:\/\/www.fsfx.com.br\/usisaude\/sarampo\/#article","isPartOf":{"@id":"https:\/\/www.fsfx.com.br\/usisaude\/sarampo\/"},"author":{"name":"","@id":""},"headline":"Sarampo: Conhe\u00e7a os sintomas e saiba como se prevenir","datePublished":"2018-08-24T21:30:57+00:00","dateModified":"2024-09-12T18:09:24+00:00","mainEntityOfPage":{"@id":"https:\/\/www.fsfx.com.br\/usisaude\/sarampo\/"},"wordCount":1237,"commentCount":0,"publisher":{"@id":"https:\/\/www.fsfx.com.br\/usisaude\/#organization"},"image":{"@id":"https:\/\/www.fsfx.com.br\/usisaude\/sarampo\/#primaryimage"},"thumbnailUrl":"","keywords":["sarampo","vacina","vacina\u00e7\u00e3o"],"articleSection":["Not\u00edcias"],"inLanguage":"pt-BR","potentialAction":[{"@type":"CommentAction","name":"Comment","target":["https:\/\/www.fsfx.com.br\/usisaude\/sarampo\/#respond"]}]},{"@type":"WebPage","@id":"https:\/\/www.fsfx.com.br\/usisaude\/sarampo\/","url":"https:\/\/www.fsfx.com.br\/usisaude\/sarampo\/","name":"Sarampo: Conhe\u00e7a os sintomas e saiba como se prevenir - Usisa\u00fade","isPartOf":{"@id":"https:\/\/www.fsfx.com.br\/usisaude\/#website"},"primaryImageOfPage":{"@id":"https:\/\/www.fsfx.com.br\/usisaude\/sarampo\/#primaryimage"},"image":{"@id":"https:\/\/www.fsfx.com.br\/usisaude\/sarampo\/#primaryimage"},"thumbnailUrl":"","datePublished":"2018-08-24T21:30:57+00:00","dateModified":"2024-09-12T18:09:24+00:00","description":"Nos \u00faltimos dois anos, o n\u00famero de pessoas que sofrem de sarampo aumentou significativamente no Brasil. Saiba mais sobre a doen\u00e7a e sua preven\u00e7\u00e3o!","breadcrumb":{"@id":"https:\/\/www.fsfx.com.br\/usisaude\/sarampo\/#breadcrumb"},"inLanguage":"pt-BR","potentialAction":[{"@type":"ReadAction","target":["https:\/\/www.fsfx.com.br\/usisaude\/sarampo\/"]}]},{"@type":"ImageObject","inLanguage":"pt-BR","@id":"https:\/\/www.fsfx.com.br\/usisaude\/sarampo\/#primaryimage","url":"","contentUrl":""},{"@type":"BreadcrumbList","@id":"https:\/\/www.fsfx.com.br\/usisaude\/sarampo\/#breadcrumb","itemListElement":[{"@type":"ListItem","position":1,"name":"In\u00edcio","item":"https:\/\/www.fsfx.com.br\/usisaude\/"},{"@type":"ListItem","position":2,"name":"Sarampo: Conhe\u00e7a os sintomas e saiba como se prevenir"}]},{"@type":"WebSite","@id":"https:\/\/www.fsfx.com.br\/usisaude\/#website","url":"https:\/\/www.fsfx.com.br\/usisaude\/","name":"Usisa\u00fade","description":"Somos a Usisa\u00fade, uma operadora de planos de sa\u00fade da Funda\u00e7\u00e3o S\u00e3o Francisco Xavier (FSFX), a maior em modalidade filantr\u00f3pica do pa\u00eds.","publisher":{"@id":"https:\/\/www.fsfx.com.br\/usisaude\/#organization"},"potentialAction":[{"@type":"SearchAction","target":{"@type":"EntryPoint","urlTemplate":"https:\/\/www.fsfx.com.br\/usisaude\/?s={search_term_string}"},"query-input":{"@type":"PropertyValueSpecification","valueRequired":true,"valueName":"search_term_string"}}],"inLanguage":"pt-BR"},{"@type":"Organization","@id":"https:\/\/www.fsfx.com.br\/usisaude\/#organization","name":"Usisa\u00fade","url":"https:\/\/www.fsfx.com.br\/usisaude\/","logo":{"@type":"ImageObject","inLanguage":"pt-BR","@id":"https:\/\/www.fsfx.com.br\/usisaude\/#\/schema\/logo\/image\/","url":"https:\/\/www.fsfx.com.br\/usisaude\/wp-content\/uploads\/sites\/6\/2022\/03\/logo-ususaude-1.svg","contentUrl":"https:\/\/www.fsfx.com.br\/usisaude\/wp-content\/uploads\/sites\/6\/2022\/03\/logo-ususaude-1.svg","width":445,"height":196,"caption":"Usisa\u00fade"},"image":{"@id":"https:\/\/www.fsfx.com.br\/usisaude\/#\/schema\/logo\/image\/"}},{"@type":"Person","@id":"","url":"https:\/\/www.fsfx.com.br\/usisaude\/author\/"}]}},"_links":{"self":[{"href":"https:\/\/www.fsfx.com.br\/usisaude\/wp-json\/wp\/v2\/posts\/3755","targetHints":{"allow":["GET"]}}],"collection":[{"href":"https:\/\/www.fsfx.com.br\/usisaude\/wp-json\/wp\/v2\/posts"}],"about":[{"href":"https:\/\/www.fsfx.com.br\/usisaude\/wp-json\/wp\/v2\/types\/post"}],"author":[{"embeddable":true,"href":"https:\/\/www.fsfx.com.br\/usisaude\/wp-json\/wp\/v2\/users\/9"}],"replies":[{"embeddable":true,"href":"https:\/\/www.fsfx.com.br\/usisaude\/wp-json\/wp\/v2\/comments?post=3755"}],"version-history":[{"count":1,"href":"https:\/\/www.fsfx.com.br\/usisaude\/wp-json\/wp\/v2\/posts\/3755\/revisions"}],"predecessor-version":[{"id":10942,"href":"https:\/\/www.fsfx.com.br\/usisaude\/wp-json\/wp\/v2\/posts\/3755\/revisions\/10942"}],"wp:featuredmedia":[{"embeddable":true,"href":"https:\/\/www.fsfx.com.br\/usisaude\/wp-json\/"}],"wp:attachment":[{"href":"https:\/\/www.fsfx.com.br\/usisaude\/wp-json\/wp\/v2\/media?parent=3755"}],"wp:term":[{"taxonomy":"category","embeddable":true,"href":"https:\/\/www.fsfx.com.br\/usisaude\/wp-json\/wp\/v2\/categories?post=3755"},{"taxonomy":"post_tag","embeddable":true,"href":"https:\/\/www.fsfx.com.br\/usisaude\/wp-json\/wp\/v2\/tags?post=3755"}],"curies":[{"name":"wp","href":"https:\/\/api.w.org\/{rel}","templated":true}]}}