{"id":3792,"date":"2018-09-25T12:06:51","date_gmt":"2018-09-25T12:06:51","guid":{"rendered":"http:\/\/www.fsfx.com.br\/atituderimacomsaude\/?p=3792"},"modified":"2024-09-12T15:09:23","modified_gmt":"2024-09-12T18:09:23","slug":"meu-filho-ronca-e-eu-nao-sei-o-que-fazer-saiba-mais-sobre-o-ronco-infantil","status":"publish","type":"post","link":"https:\/\/www.fsfx.com.br\/usisaude\/meu-filho-ronca-e-eu-nao-sei-o-que-fazer-saiba-mais-sobre-o-ronco-infantil\/","title":{"rendered":"Meu filho ronca e eu n\u00e3o sei o que fazer! Saiba mais sobre o ronco infantil"},"content":{"rendered":"<p>Quando falamos sobre o ronco, logo nos vem \u00e0 mente a imagem de um adulto ou de um idoso. Por\u00e9m, n\u00e3o s\u00e3o raros os casos de crian\u00e7as que sofrem desse dist\u00farbio do sono.<\/p>\n<h3><strong>Principais causas do ronco entre crian\u00e7as<\/strong><\/h3>\n<p>V\u00e1rios fatores podem contribuir para o desenvolvimento do ronco infantil. Entre eles, destacam-se a hipertrofia (aumento exagerado) das am\u00edgdalas, quadros graves de adenoide, desvio de septo (m\u00e1 forma\u00e7\u00e3o do canal interno do nariz) e alergias.<\/p>\n<p>Ao mesmo tempo, quando a crian\u00e7a chupa o dedo ou usa chupeta por um per\u00edodo mais longo que o habitual, a arcada dent\u00e1ria fica sujeita a deforma\u00e7\u00f5es, o que tamb\u00e9m pode ocasionar o ronco.<\/p>\n<h3><strong>Sintomas do ronco infantil<\/strong><\/h3>\n<p>\u00c9 importante que os pais observem os h\u00e1bitos de sono de seus filhos. Se a crian\u00e7a apresenta uma respira\u00e7\u00e3o \u201cpesada\u201d enquanto dorme, \u00e9 prov\u00e1vel que ela n\u00e3o esteja descansando da maneira mais adequada.<\/p>\n<p>Diferentemente do que muitas pessoas acreditam, o ronco \u00e9 comum e natural entre as crian\u00e7as, principalmente quando elas est\u00e3o mais cansadas. Por\u00e9m, se o ronco se torna muito frequente, aconselha-se que um especialista seja consultado.<\/p>\n<h3><strong>Riscos e consequ\u00eancias do ronco\u00a0infantil<\/strong><\/h3>\n<p>O ronco \u00e9 um indicativo de baixa qualidade de sono. Portanto, ele pode causar queda no rendimento escolar da crian\u00e7a, comprometendo o desenvolvimento, uma vez que a absor\u00e7\u00e3o de informa\u00e7\u00f5es e os processos cognitivos ficam prejudicados.<\/p>\n<p>Para alguns otorrinolaringologistas, o ronco tamb\u00e9m pode desencadear mudan\u00e7as bruscas de comportamento, como altera\u00e7\u00f5es repentinas de humor e agressividade.<\/p>\n<p>Desmistificando a opini\u00e3o comum de que o ronco sinaliza um sono profundo e reparador, a verdade \u00e9 que esse dist\u00farbio revela dificuldades para respirar enquanto o indiv\u00edduo est\u00e1 dormindo, de forma que o descanso fica comprometido.<\/p>\n<p>Consequentemente, a reten\u00e7\u00e3o de informa\u00e7\u00f5es aprendidas ao longo do dia tamb\u00e9m sofre preju\u00edzos.<\/p>\n<p>Varia\u00e7\u00f5es de humor, irritabilidade, hiperatividade, cansa\u00e7o sem motivo aparente, problemas na forma\u00e7\u00e3o e na consolida\u00e7\u00e3o da arcada dent\u00e1ria, e, at\u00e9 mesmo, do cr\u00e2nio e da face tamb\u00e9m podem ter o ronco como causa. Finalmente, a obesidade infantil \u00e9 outra consequ\u00eancia da baixa qualidade do sono, j\u00e1 que, por vezes, a crian\u00e7a come em excesso em uma tentativa inconsciente de buscar outras fontes de energia para compensar a energia que n\u00e3o foi recuperada durante o sono.<\/p>\n<h3><strong>Como tratar o ronco infantil?<\/strong><\/h3>\n<p>Se os pais observarem um ou mais sintomas causados pelo ronco em seus filhos, o primeiro passo \u00e9 procurar um pediatra ou um otorrinolaringologista. Posteriormente, o tratamento pode contar com a participa\u00e7\u00e3o de outros especialistas, como dentistas e fonoaudi\u00f3logos.<\/p>\n<p>O exame nasolaringofibroscopia (c\u00e2mera introduzida pelo nariz para identificar as origens do ronco) pode ser solicitado pelo m\u00e9dico para aux\u00edlio no diagn\u00f3stico. Esse exame \u00e9 eficaz e n\u00e3o provoca dor.<\/p>\n<p>Normalmente, o tratamento \u00e9 iniciado pela investiga\u00e7\u00e3o e corre\u00e7\u00e3o da adenoide, dos problemas nas am\u00edgdalas e da obesidade. Posteriormente, tratam-se as alergias e indica-se a boa alimenta\u00e7\u00e3o e a pr\u00e1tica de atividades f\u00edsicas, como a nata\u00e7\u00e3o.<\/p>\n","protected":false},"excerpt":{"rendered":"<p>Quando falamos sobre o ronco, logo nos vem \u00e0 mente a imagem de um adulto ou de um idoso. Por\u00e9m, n\u00e3o s\u00e3o raros os casos de crian\u00e7as que sofrem desse dist\u00farbio do sono. Principais causas do ronco entre crian\u00e7as V\u00e1rios fatores podem contribuir para o desenvolvimento do ronco infantil. Entre eles, destacam-se a hipertrofia (aumento [&hellip;]<\/p>\n","protected":false},"author":9,"featured_media":3786,"comment_status":"open","ping_status":"open","sticky":false,"template":"","format":"standard","meta":{"_acf_changed":false,"site-sidebar-layout":"default","site-content-layout":"","ast-site-content-layout":"default","site-content-style":"default","site-sidebar-style":"default","ast-global-header-display":"","ast-banner-title-visibility":"","ast-main-header-display":"","ast-hfb-above-header-display":"","ast-hfb-below-header-display":"","ast-hfb-mobile-header-display":"","site-post-title":"","ast-breadcrumbs-content":"","ast-featured-img":"","footer-sml-layout":"","theme-transparent-header-meta":"","adv-header-id-meta":"","stick-header-meta":"","header-above-stick-meta":"","header-main-stick-meta":"","header-below-stick-meta":"","astra-migrate-meta-layouts":"default","ast-page-background-enabled":"default","ast-page-background-meta":{"desktop":{"background-color":"var(--ast-global-color-4)","background-image":"","background-repeat":"repeat","background-position":"center center","background-size":"auto","background-attachment":"scroll","background-type":"","background-media":"","overlay-type":"","overlay-color":"","overlay-opacity":"","overlay-gradient":""},"tablet":{"background-color":"","background-image":"","background-repeat":"repeat","background-position":"center center","background-size":"auto","background-attachment":"scroll","background-type":"","background-media":"","overlay-type":"","overlay-color":"","overlay-opacity":"","overlay-gradient":""},"mobile":{"background-color":"","background-image":"","background-repeat":"repeat","background-position":"center center","background-size":"auto","background-attachment":"scroll","background-type":"","background-media":"","overlay-type":"","overlay-color":"","overlay-opacity":"","overlay-gradient":""}},"ast-content-background-meta":{"desktop":{"background-color":"var(--ast-global-color-5)","background-image":"","background-repeat":"repeat","background-position":"center center","background-size":"auto","background-attachment":"scroll","background-type":"","background-media":"","overlay-type":"","overlay-color":"","overlay-opacity":"","overlay-gradient":""},"tablet":{"background-color":"var(--ast-global-color-5)","background-image":"","background-repeat":"repeat","background-position":"center center","background-size":"auto","background-attachment":"scroll","background-type":"","background-media":"","overlay-type":"","overlay-color":"","overlay-opacity":"","overlay-gradient":""},"mobile":{"background-color":"var(--ast-global-color-5)","background-image":"","background-repeat":"repeat","background-position":"center center","background-size":"auto","background-attachment":"scroll","background-type":"","background-media":"","overlay-type":"","overlay-color":"","overlay-opacity":"","overlay-gradient":""}},"footnotes":""},"categories":[1],"tags":[170,260,102],"class_list":["post-3792","post","type-post","status-publish","format-standard","has-post-thumbnail","hentry","category-noticias","tag-crianca","tag-ronco","tag-saude-da-crianca"],"acf":[],"yoast_head":"<!-- This site is optimized with the Yoast SEO plugin v26.9 - https:\/\/yoast.com\/product\/yoast-seo-wordpress\/ -->\n<title>Meu filho ronca e eu n\u00e3o sei o que fazer! Saiba mais sobre o ronco infantil - Usisa\u00fade<\/title>\n<meta name=\"description\" content=\"V\u00e1rios fatores podem contribuir para o desenvolvimento do ronco infantil. Conhe\u00e7a causas, sintomas, riscos e formas de tratamento!\" \/>\n<meta name=\"robots\" content=\"index, follow, max-snippet:-1, max-image-preview:large, max-video-preview:-1\" \/>\n<link rel=\"canonical\" href=\"https:\/\/www.fsfx.com.br\/usisaude\/meu-filho-ronca-e-eu-nao-sei-o-que-fazer-saiba-mais-sobre-o-ronco-infantil\/\" \/>\n<meta property=\"og:locale\" content=\"pt_BR\" \/>\n<meta property=\"og:type\" content=\"article\" \/>\n<meta property=\"og:title\" content=\"Meu filho ronca e eu n\u00e3o sei o que fazer! Saiba mais sobre o ronco infantil - Usisa\u00fade\" \/>\n<meta property=\"og:description\" content=\"V\u00e1rios fatores podem contribuir para o desenvolvimento do ronco infantil. Conhe\u00e7a causas, sintomas, riscos e formas de tratamento!\" \/>\n<meta property=\"og:url\" content=\"https:\/\/www.fsfx.com.br\/usisaude\/meu-filho-ronca-e-eu-nao-sei-o-que-fazer-saiba-mais-sobre-o-ronco-infantil\/\" \/>\n<meta property=\"og:site_name\" content=\"Usisa\u00fade\" \/>\n<meta property=\"article:published_time\" content=\"2018-09-25T12:06:51+00:00\" \/>\n<meta property=\"article:modified_time\" content=\"2024-09-12T18:09:23+00:00\" \/>\n<meta property=\"og:image\" content=\"http:\/\/www.fsfx.com.br\/atituderimacomsaude\/wp-content\/uploads\/2018\/09\/meu-filho-ronca-saiba-mais-sobre-o-ronco-infantil-1.png\" \/>\n<meta name=\"twitter:card\" content=\"summary_large_image\" \/>\n<meta name=\"twitter:label1\" content=\"Escrito por\" \/>\n\t<meta name=\"twitter:data1\" content=\"\" \/>\n\t<meta name=\"twitter:label2\" content=\"Est. tempo de leitura\" \/>\n\t<meta name=\"twitter:data2\" content=\"3 minutos\" \/>\n<script type=\"application\/ld+json\" class=\"yoast-schema-graph\">{\"@context\":\"https:\/\/schema.org\",\"@graph\":[{\"@type\":\"Article\",\"@id\":\"https:\/\/www.fsfx.com.br\/usisaude\/meu-filho-ronca-e-eu-nao-sei-o-que-fazer-saiba-mais-sobre-o-ronco-infantil\/#article\",\"isPartOf\":{\"@id\":\"https:\/\/www.fsfx.com.br\/usisaude\/meu-filho-ronca-e-eu-nao-sei-o-que-fazer-saiba-mais-sobre-o-ronco-infantil\/\"},\"author\":{\"name\":\"\",\"@id\":\"\"},\"headline\":\"Meu filho ronca e eu n\u00e3o sei o que fazer! Saiba mais sobre o ronco infantil\",\"datePublished\":\"2018-09-25T12:06:51+00:00\",\"dateModified\":\"2024-09-12T18:09:23+00:00\",\"mainEntityOfPage\":{\"@id\":\"https:\/\/www.fsfx.com.br\/usisaude\/meu-filho-ronca-e-eu-nao-sei-o-que-fazer-saiba-mais-sobre-o-ronco-infantil\/\"},\"wordCount\":542,\"commentCount\":0,\"publisher\":{\"@id\":\"https:\/\/www.fsfx.com.br\/usisaude\/#organization\"},\"image\":{\"@id\":\"https:\/\/www.fsfx.com.br\/usisaude\/meu-filho-ronca-e-eu-nao-sei-o-que-fazer-saiba-mais-sobre-o-ronco-infantil\/#primaryimage\"},\"thumbnailUrl\":\"\",\"keywords\":[\"crian\u00e7a\",\"ronco\",\"sa\u00fade da crian\u00e7a\"],\"articleSection\":[\"Not\u00edcias\"],\"inLanguage\":\"pt-BR\",\"potentialAction\":[{\"@type\":\"CommentAction\",\"name\":\"Comment\",\"target\":[\"https:\/\/www.fsfx.com.br\/usisaude\/meu-filho-ronca-e-eu-nao-sei-o-que-fazer-saiba-mais-sobre-o-ronco-infantil\/#respond\"]}]},{\"@type\":\"WebPage\",\"@id\":\"https:\/\/www.fsfx.com.br\/usisaude\/meu-filho-ronca-e-eu-nao-sei-o-que-fazer-saiba-mais-sobre-o-ronco-infantil\/\",\"url\":\"https:\/\/www.fsfx.com.br\/usisaude\/meu-filho-ronca-e-eu-nao-sei-o-que-fazer-saiba-mais-sobre-o-ronco-infantil\/\",\"name\":\"Meu filho ronca e eu n\u00e3o sei o que fazer! Saiba mais sobre o ronco infantil - Usisa\u00fade\",\"isPartOf\":{\"@id\":\"https:\/\/www.fsfx.com.br\/usisaude\/#website\"},\"primaryImageOfPage\":{\"@id\":\"https:\/\/www.fsfx.com.br\/usisaude\/meu-filho-ronca-e-eu-nao-sei-o-que-fazer-saiba-mais-sobre-o-ronco-infantil\/#primaryimage\"},\"image\":{\"@id\":\"https:\/\/www.fsfx.com.br\/usisaude\/meu-filho-ronca-e-eu-nao-sei-o-que-fazer-saiba-mais-sobre-o-ronco-infantil\/#primaryimage\"},\"thumbnailUrl\":\"\",\"datePublished\":\"2018-09-25T12:06:51+00:00\",\"dateModified\":\"2024-09-12T18:09:23+00:00\",\"description\":\"V\u00e1rios fatores podem contribuir para o desenvolvimento do ronco infantil. Conhe\u00e7a causas, sintomas, riscos e formas de tratamento!\",\"breadcrumb\":{\"@id\":\"https:\/\/www.fsfx.com.br\/usisaude\/meu-filho-ronca-e-eu-nao-sei-o-que-fazer-saiba-mais-sobre-o-ronco-infantil\/#breadcrumb\"},\"inLanguage\":\"pt-BR\",\"potentialAction\":[{\"@type\":\"ReadAction\",\"target\":[\"https:\/\/www.fsfx.com.br\/usisaude\/meu-filho-ronca-e-eu-nao-sei-o-que-fazer-saiba-mais-sobre-o-ronco-infantil\/\"]}]},{\"@type\":\"ImageObject\",\"inLanguage\":\"pt-BR\",\"@id\":\"https:\/\/www.fsfx.com.br\/usisaude\/meu-filho-ronca-e-eu-nao-sei-o-que-fazer-saiba-mais-sobre-o-ronco-infantil\/#primaryimage\",\"url\":\"\",\"contentUrl\":\"\"},{\"@type\":\"BreadcrumbList\",\"@id\":\"https:\/\/www.fsfx.com.br\/usisaude\/meu-filho-ronca-e-eu-nao-sei-o-que-fazer-saiba-mais-sobre-o-ronco-infantil\/#breadcrumb\",\"itemListElement\":[{\"@type\":\"ListItem\",\"position\":1,\"name\":\"In\u00edcio\",\"item\":\"https:\/\/www.fsfx.com.br\/usisaude\/\"},{\"@type\":\"ListItem\",\"position\":2,\"name\":\"Meu filho ronca e eu n\u00e3o sei o que fazer! Saiba mais sobre o ronco infantil\"}]},{\"@type\":\"WebSite\",\"@id\":\"https:\/\/www.fsfx.com.br\/usisaude\/#website\",\"url\":\"https:\/\/www.fsfx.com.br\/usisaude\/\",\"name\":\"Usisa\u00fade\",\"description\":\"Somos a Usisa\u00fade, uma operadora de planos de sa\u00fade da Funda\u00e7\u00e3o S\u00e3o Francisco Xavier (FSFX), a maior em modalidade filantr\u00f3pica do pa\u00eds.\",\"publisher\":{\"@id\":\"https:\/\/www.fsfx.com.br\/usisaude\/#organization\"},\"potentialAction\":[{\"@type\":\"SearchAction\",\"target\":{\"@type\":\"EntryPoint\",\"urlTemplate\":\"https:\/\/www.fsfx.com.br\/usisaude\/?s={search_term_string}\"},\"query-input\":{\"@type\":\"PropertyValueSpecification\",\"valueRequired\":true,\"valueName\":\"search_term_string\"}}],\"inLanguage\":\"pt-BR\"},{\"@type\":\"Organization\",\"@id\":\"https:\/\/www.fsfx.com.br\/usisaude\/#organization\",\"name\":\"Usisa\u00fade\",\"url\":\"https:\/\/www.fsfx.com.br\/usisaude\/\",\"logo\":{\"@type\":\"ImageObject\",\"inLanguage\":\"pt-BR\",\"@id\":\"https:\/\/www.fsfx.com.br\/usisaude\/#\/schema\/logo\/image\/\",\"url\":\"https:\/\/www.fsfx.com.br\/usisaude\/wp-content\/uploads\/sites\/6\/2022\/03\/logo-ususaude-1.svg\",\"contentUrl\":\"https:\/\/www.fsfx.com.br\/usisaude\/wp-content\/uploads\/sites\/6\/2022\/03\/logo-ususaude-1.svg\",\"width\":445,\"height\":196,\"caption\":\"Usisa\u00fade\"},\"image\":{\"@id\":\"https:\/\/www.fsfx.com.br\/usisaude\/#\/schema\/logo\/image\/\"}},{\"@type\":\"Person\",\"@id\":\"\",\"url\":\"https:\/\/www.fsfx.com.br\/usisaude\/author\/\"}]}<\/script>\n<!-- \/ Yoast SEO plugin. -->","yoast_head_json":{"title":"Meu filho ronca e eu n\u00e3o sei o que fazer! Saiba mais sobre o ronco infantil - Usisa\u00fade","description":"V\u00e1rios fatores podem contribuir para o desenvolvimento do ronco infantil. Conhe\u00e7a causas, sintomas, riscos e formas de tratamento!","robots":{"index":"index","follow":"follow","max-snippet":"max-snippet:-1","max-image-preview":"max-image-preview:large","max-video-preview":"max-video-preview:-1"},"canonical":"https:\/\/www.fsfx.com.br\/usisaude\/meu-filho-ronca-e-eu-nao-sei-o-que-fazer-saiba-mais-sobre-o-ronco-infantil\/","og_locale":"pt_BR","og_type":"article","og_title":"Meu filho ronca e eu n\u00e3o sei o que fazer! Saiba mais sobre o ronco infantil - Usisa\u00fade","og_description":"V\u00e1rios fatores podem contribuir para o desenvolvimento do ronco infantil. Conhe\u00e7a causas, sintomas, riscos e formas de tratamento!","og_url":"https:\/\/www.fsfx.com.br\/usisaude\/meu-filho-ronca-e-eu-nao-sei-o-que-fazer-saiba-mais-sobre-o-ronco-infantil\/","og_site_name":"Usisa\u00fade","article_published_time":"2018-09-25T12:06:51+00:00","article_modified_time":"2024-09-12T18:09:23+00:00","og_image":[{"url":"http:\/\/www.fsfx.com.br\/atituderimacomsaude\/wp-content\/uploads\/2018\/09\/meu-filho-ronca-saiba-mais-sobre-o-ronco-infantil-1.png","type":"","width":"","height":""}],"twitter_card":"summary_large_image","twitter_misc":{"Escrito por":"","Est. tempo de leitura":"3 minutos"},"schema":{"@context":"https:\/\/schema.org","@graph":[{"@type":"Article","@id":"https:\/\/www.fsfx.com.br\/usisaude\/meu-filho-ronca-e-eu-nao-sei-o-que-fazer-saiba-mais-sobre-o-ronco-infantil\/#article","isPartOf":{"@id":"https:\/\/www.fsfx.com.br\/usisaude\/meu-filho-ronca-e-eu-nao-sei-o-que-fazer-saiba-mais-sobre-o-ronco-infantil\/"},"author":{"name":"","@id":""},"headline":"Meu filho ronca e eu n\u00e3o sei o que fazer! Saiba mais sobre o ronco infantil","datePublished":"2018-09-25T12:06:51+00:00","dateModified":"2024-09-12T18:09:23+00:00","mainEntityOfPage":{"@id":"https:\/\/www.fsfx.com.br\/usisaude\/meu-filho-ronca-e-eu-nao-sei-o-que-fazer-saiba-mais-sobre-o-ronco-infantil\/"},"wordCount":542,"commentCount":0,"publisher":{"@id":"https:\/\/www.fsfx.com.br\/usisaude\/#organization"},"image":{"@id":"https:\/\/www.fsfx.com.br\/usisaude\/meu-filho-ronca-e-eu-nao-sei-o-que-fazer-saiba-mais-sobre-o-ronco-infantil\/#primaryimage"},"thumbnailUrl":"","keywords":["crian\u00e7a","ronco","sa\u00fade da crian\u00e7a"],"articleSection":["Not\u00edcias"],"inLanguage":"pt-BR","potentialAction":[{"@type":"CommentAction","name":"Comment","target":["https:\/\/www.fsfx.com.br\/usisaude\/meu-filho-ronca-e-eu-nao-sei-o-que-fazer-saiba-mais-sobre-o-ronco-infantil\/#respond"]}]},{"@type":"WebPage","@id":"https:\/\/www.fsfx.com.br\/usisaude\/meu-filho-ronca-e-eu-nao-sei-o-que-fazer-saiba-mais-sobre-o-ronco-infantil\/","url":"https:\/\/www.fsfx.com.br\/usisaude\/meu-filho-ronca-e-eu-nao-sei-o-que-fazer-saiba-mais-sobre-o-ronco-infantil\/","name":"Meu filho ronca e eu n\u00e3o sei o que fazer! Saiba mais sobre o ronco infantil - Usisa\u00fade","isPartOf":{"@id":"https:\/\/www.fsfx.com.br\/usisaude\/#website"},"primaryImageOfPage":{"@id":"https:\/\/www.fsfx.com.br\/usisaude\/meu-filho-ronca-e-eu-nao-sei-o-que-fazer-saiba-mais-sobre-o-ronco-infantil\/#primaryimage"},"image":{"@id":"https:\/\/www.fsfx.com.br\/usisaude\/meu-filho-ronca-e-eu-nao-sei-o-que-fazer-saiba-mais-sobre-o-ronco-infantil\/#primaryimage"},"thumbnailUrl":"","datePublished":"2018-09-25T12:06:51+00:00","dateModified":"2024-09-12T18:09:23+00:00","description":"V\u00e1rios fatores podem contribuir para o desenvolvimento do ronco infantil. Conhe\u00e7a causas, sintomas, riscos e formas de tratamento!","breadcrumb":{"@id":"https:\/\/www.fsfx.com.br\/usisaude\/meu-filho-ronca-e-eu-nao-sei-o-que-fazer-saiba-mais-sobre-o-ronco-infantil\/#breadcrumb"},"inLanguage":"pt-BR","potentialAction":[{"@type":"ReadAction","target":["https:\/\/www.fsfx.com.br\/usisaude\/meu-filho-ronca-e-eu-nao-sei-o-que-fazer-saiba-mais-sobre-o-ronco-infantil\/"]}]},{"@type":"ImageObject","inLanguage":"pt-BR","@id":"https:\/\/www.fsfx.com.br\/usisaude\/meu-filho-ronca-e-eu-nao-sei-o-que-fazer-saiba-mais-sobre-o-ronco-infantil\/#primaryimage","url":"","contentUrl":""},{"@type":"BreadcrumbList","@id":"https:\/\/www.fsfx.com.br\/usisaude\/meu-filho-ronca-e-eu-nao-sei-o-que-fazer-saiba-mais-sobre-o-ronco-infantil\/#breadcrumb","itemListElement":[{"@type":"ListItem","position":1,"name":"In\u00edcio","item":"https:\/\/www.fsfx.com.br\/usisaude\/"},{"@type":"ListItem","position":2,"name":"Meu filho ronca e eu n\u00e3o sei o que fazer! Saiba mais sobre o ronco infantil"}]},{"@type":"WebSite","@id":"https:\/\/www.fsfx.com.br\/usisaude\/#website","url":"https:\/\/www.fsfx.com.br\/usisaude\/","name":"Usisa\u00fade","description":"Somos a Usisa\u00fade, uma operadora de planos de sa\u00fade da Funda\u00e7\u00e3o S\u00e3o Francisco Xavier (FSFX), a maior em modalidade filantr\u00f3pica do pa\u00eds.","publisher":{"@id":"https:\/\/www.fsfx.com.br\/usisaude\/#organization"},"potentialAction":[{"@type":"SearchAction","target":{"@type":"EntryPoint","urlTemplate":"https:\/\/www.fsfx.com.br\/usisaude\/?s={search_term_string}"},"query-input":{"@type":"PropertyValueSpecification","valueRequired":true,"valueName":"search_term_string"}}],"inLanguage":"pt-BR"},{"@type":"Organization","@id":"https:\/\/www.fsfx.com.br\/usisaude\/#organization","name":"Usisa\u00fade","url":"https:\/\/www.fsfx.com.br\/usisaude\/","logo":{"@type":"ImageObject","inLanguage":"pt-BR","@id":"https:\/\/www.fsfx.com.br\/usisaude\/#\/schema\/logo\/image\/","url":"https:\/\/www.fsfx.com.br\/usisaude\/wp-content\/uploads\/sites\/6\/2022\/03\/logo-ususaude-1.svg","contentUrl":"https:\/\/www.fsfx.com.br\/usisaude\/wp-content\/uploads\/sites\/6\/2022\/03\/logo-ususaude-1.svg","width":445,"height":196,"caption":"Usisa\u00fade"},"image":{"@id":"https:\/\/www.fsfx.com.br\/usisaude\/#\/schema\/logo\/image\/"}},{"@type":"Person","@id":"","url":"https:\/\/www.fsfx.com.br\/usisaude\/author\/"}]}},"_links":{"self":[{"href":"https:\/\/www.fsfx.com.br\/usisaude\/wp-json\/wp\/v2\/posts\/3792","targetHints":{"allow":["GET"]}}],"collection":[{"href":"https:\/\/www.fsfx.com.br\/usisaude\/wp-json\/wp\/v2\/posts"}],"about":[{"href":"https:\/\/www.fsfx.com.br\/usisaude\/wp-json\/wp\/v2\/types\/post"}],"author":[{"embeddable":true,"href":"https:\/\/www.fsfx.com.br\/usisaude\/wp-json\/wp\/v2\/users\/9"}],"replies":[{"embeddable":true,"href":"https:\/\/www.fsfx.com.br\/usisaude\/wp-json\/wp\/v2\/comments?post=3792"}],"version-history":[{"count":1,"href":"https:\/\/www.fsfx.com.br\/usisaude\/wp-json\/wp\/v2\/posts\/3792\/revisions"}],"predecessor-version":[{"id":10935,"href":"https:\/\/www.fsfx.com.br\/usisaude\/wp-json\/wp\/v2\/posts\/3792\/revisions\/10935"}],"wp:featuredmedia":[{"embeddable":true,"href":"https:\/\/www.fsfx.com.br\/usisaude\/wp-json\/"}],"wp:attachment":[{"href":"https:\/\/www.fsfx.com.br\/usisaude\/wp-json\/wp\/v2\/media?parent=3792"}],"wp:term":[{"taxonomy":"category","embeddable":true,"href":"https:\/\/www.fsfx.com.br\/usisaude\/wp-json\/wp\/v2\/categories?post=3792"},{"taxonomy":"post_tag","embeddable":true,"href":"https:\/\/www.fsfx.com.br\/usisaude\/wp-json\/wp\/v2\/tags?post=3792"}],"curies":[{"name":"wp","href":"https:\/\/api.w.org\/{rel}","templated":true}]}}