{"id":3828,"date":"2018-11-27T13:02:54","date_gmt":"2018-11-27T13:02:54","guid":{"rendered":"http:\/\/www.fsfx.com.br\/atituderimacomsaude\/?p=3828"},"modified":"2024-09-12T15:09:22","modified_gmt":"2024-09-12T18:09:22","slug":"a-danca-como-atividade-fisica","status":"publish","type":"post","link":"https:\/\/www.fsfx.com.br\/usisaude\/a-danca-como-atividade-fisica\/","title":{"rendered":"A dan\u00e7a como atividade f\u00edsica"},"content":{"rendered":"<p>Quem j\u00e1 assistiu a alguma apresenta\u00e7\u00e3o de companhia de dan\u00e7a, como \u201cO Corpo\u201d, \u201cCia. Primeiro Ato\u201d e \u201cMimulus\u201d, n\u00e3o tem dificuldades em perceber a excelente forma f\u00edsica de seus dan\u00e7arinos. A flexibilidade, a agilidade, a for\u00e7a e as belas formas realmente chamam a aten\u00e7\u00e3o. Por\u00e9m, n\u00e3o \u00e9 necess\u00e1rio ser um profissional para encontrar na dan\u00e7a uma op\u00e7\u00e3o de atividade f\u00edsica que faz muito bem ao corpo e \u00e0 mente.<\/p>\n<p>A dan\u00e7a \u00e9 bem mais que uma express\u00e3o art\u00edstica ou mera forma de se divertir. A pr\u00e1tica da dan\u00e7a melhora o condicionamento aer\u00f3bico, aprimora a coordena\u00e7\u00e3o motora, contribui para a perda de peso, aumenta o t\u00f4nus muscular e a for\u00e7a, traz benef\u00edcios est\u00e9ticos, fortalece a capacidade cardiorrespirat\u00f3ria, protege as articula\u00e7\u00f5es, ajuda a corrigir a postura e ainda funciona como terapia para a mente e o esp\u00edrito, uma vez que contribui para a eleva\u00e7\u00e3o da autoestima e favorece a socializa\u00e7\u00e3o.<\/p>\n<h3><strong>Qual ritmo escolher<\/strong><\/h3>\n<p>Independentemente do ritmo escolhido para iniciar a dan\u00e7a como atividade f\u00edsica, \u00e9 necess\u00e1rio encar\u00e1-la com seriedade e disciplina. Em termos de queima cal\u00f3rica (se o principal objetivo for a perda de peso), dan\u00e7as mais cl\u00e1ssicas, como o tango, fazem voc\u00ea perder cerca de\u00a0<strong>105<\/strong>\u00a0calorias por hora. Durante o mesmo espa\u00e7o de tempo, o rock consome, em m\u00e9dia,\u00a0<strong>275<\/strong>\u00a0calorias, enquanto que os ritmos que exigem mais for\u00e7a e velocidade, como a zumba e a lambada, chegam a subtrair\u00a0<strong>600<\/strong>\u00a0calorias de seu corpo.<\/p>\n<h3><strong>Um exerc\u00edcio na maioria das vezes sem contraindica\u00e7\u00e3o<\/strong><\/h3>\n<p>Pessoas de todas as idades est\u00e3o aptas a dan\u00e7ar, desde que tomem os devidos cuidados e sejam orientadas por um bom profissional. Afinal, como qualquer outro exerc\u00edcio f\u00edsico, \u00e9 preciso tomar os devidos cuidados para n\u00e3o se machucar. Para saber como se prevenir contra les\u00f5es durante as atividades f\u00edsicas, clique\u00a0<a href=\"http:\/\/www.fsfx.com.br\/atituderimacomsaude\/como-prevenir-e-tratar-lesoes-decorrentes-do-esporte\/\">aqui<\/a>. Para os iniciantes, o ideal \u00e9 que essa atividade tenha uma frequ\u00eancia m\u00ednima de duas vezes por semana e seja iniciada aos poucos.<\/p>\n<h3><strong>A dan\u00e7a como processo terap\u00eautico<\/strong><\/h3>\n<p>Dan\u00e7ar \u00e9 uma atividade que rompe as barreiras do campo f\u00edsico e traz benef\u00edcios de ordem mental e emocional. Ela \u00e9 capaz de combater a depress\u00e3o e a timidez excessiva, uma vez que incentiva a socializa\u00e7\u00e3o. Consequentemente, h\u00e1 um aumento da autoestima e da disposi\u00e7\u00e3o para enfrentar os desafios do dia a dia.<\/p>\n<h3><strong>O n\u00famero de praticantes da dan\u00e7a aumenta a cada dia<\/strong><\/h3>\n<p>Nas academias, a procura pela dan\u00e7a tem sido cada vez maior. Um dos motivos \u00e9 o fato de as pessoas estarem acima do peso ideal e buscarem meios de alcan\u00e7ar resultados que promovam a autoestima, visando, assim, a uma boa apar\u00eancia da sua imagem corporal.<\/p>\n<p>Finalmente, a dan\u00e7a \u00e9 importante, na medida em que proporciona bem-estar f\u00edsico, social e psicol\u00f3gico, beneficiando a sa\u00fade e proporcionando satisfa\u00e7\u00e3o pessoal. Pode-se afirmar que, ao dan\u00e7ar, as pessoas esquecem os problemas di\u00e1rios, perdem a inibi\u00e7\u00e3o e se conscientizam que as suas poss\u00edveis limita\u00e7\u00f5es pessoais n\u00e3o as impedem de dan\u00e7ar.<\/p>\n","protected":false},"excerpt":{"rendered":"<p>Quem j\u00e1 assistiu a alguma apresenta\u00e7\u00e3o de companhia de dan\u00e7a, como \u201cO Corpo\u201d, \u201cCia. Primeiro Ato\u201d e \u201cMimulus\u201d, n\u00e3o tem dificuldades em perceber a excelente forma f\u00edsica de seus dan\u00e7arinos. A flexibilidade, a agilidade, a for\u00e7a e as belas formas realmente chamam a aten\u00e7\u00e3o. Por\u00e9m, n\u00e3o \u00e9 necess\u00e1rio ser um profissional para encontrar na dan\u00e7a [&hellip;]<\/p>\n","protected":false},"author":9,"featured_media":3831,"comment_status":"open","ping_status":"open","sticky":false,"template":"","format":"standard","meta":{"_acf_changed":false,"site-sidebar-layout":"default","site-content-layout":"","ast-site-content-layout":"default","site-content-style":"default","site-sidebar-style":"default","ast-global-header-display":"","ast-banner-title-visibility":"","ast-main-header-display":"","ast-hfb-above-header-display":"","ast-hfb-below-header-display":"","ast-hfb-mobile-header-display":"","site-post-title":"","ast-breadcrumbs-content":"","ast-featured-img":"","footer-sml-layout":"","theme-transparent-header-meta":"","adv-header-id-meta":"","stick-header-meta":"","header-above-stick-meta":"","header-main-stick-meta":"","header-below-stick-meta":"","astra-migrate-meta-layouts":"default","ast-page-background-enabled":"default","ast-page-background-meta":{"desktop":{"background-color":"var(--ast-global-color-4)","background-image":"","background-repeat":"repeat","background-position":"center center","background-size":"auto","background-attachment":"scroll","background-type":"","background-media":"","overlay-type":"","overlay-color":"","overlay-opacity":"","overlay-gradient":""},"tablet":{"background-color":"","background-image":"","background-repeat":"repeat","background-position":"center center","background-size":"auto","background-attachment":"scroll","background-type":"","background-media":"","overlay-type":"","overlay-color":"","overlay-opacity":"","overlay-gradient":""},"mobile":{"background-color":"","background-image":"","background-repeat":"repeat","background-position":"center center","background-size":"auto","background-attachment":"scroll","background-type":"","background-media":"","overlay-type":"","overlay-color":"","overlay-opacity":"","overlay-gradient":""}},"ast-content-background-meta":{"desktop":{"background-color":"var(--ast-global-color-5)","background-image":"","background-repeat":"repeat","background-position":"center center","background-size":"auto","background-attachment":"scroll","background-type":"","background-media":"","overlay-type":"","overlay-color":"","overlay-opacity":"","overlay-gradient":""},"tablet":{"background-color":"var(--ast-global-color-5)","background-image":"","background-repeat":"repeat","background-position":"center center","background-size":"auto","background-attachment":"scroll","background-type":"","background-media":"","overlay-type":"","overlay-color":"","overlay-opacity":"","overlay-gradient":""},"mobile":{"background-color":"var(--ast-global-color-5)","background-image":"","background-repeat":"repeat","background-position":"center center","background-size":"auto","background-attachment":"scroll","background-type":"","background-media":"","overlay-type":"","overlay-color":"","overlay-opacity":"","overlay-gradient":""}},"footnotes":""},"categories":[1],"tags":[121,97,179,270,271],"class_list":["post-3828","post","type-post","status-publish","format-standard","has-post-thumbnail","hentry","category-noticias","tag-atividade","tag-atividade-fisica","tag-atividades-fisicas","tag-danca","tag-exercicio"],"acf":[],"yoast_head":"<!-- This site is optimized with the Yoast SEO plugin v26.9 - https:\/\/yoast.com\/product\/yoast-seo-wordpress\/ -->\n<title>A dan\u00e7a como atividade f\u00edsica - Usisa\u00fade<\/title>\n<meta name=\"description\" content=\"A dan\u00e7a vai al\u00e9m da express\u00e3o art\u00edstica e da divers\u00e3o. Poderosa atividade f\u00edsica com benef\u00edcios para corpo e mente, \u00e9 uma \u00f3tima alternativa de exerc\u00edcio!\" \/>\n<meta name=\"robots\" content=\"index, follow, max-snippet:-1, max-image-preview:large, max-video-preview:-1\" \/>\n<link rel=\"canonical\" href=\"https:\/\/www.fsfx.com.br\/usisaude\/a-danca-como-atividade-fisica\/\" \/>\n<meta property=\"og:locale\" content=\"pt_BR\" \/>\n<meta property=\"og:type\" content=\"article\" \/>\n<meta property=\"og:title\" content=\"A dan\u00e7a como atividade f\u00edsica - Usisa\u00fade\" \/>\n<meta property=\"og:description\" content=\"A dan\u00e7a vai al\u00e9m da express\u00e3o art\u00edstica e da divers\u00e3o. Poderosa atividade f\u00edsica com benef\u00edcios para corpo e mente, \u00e9 uma \u00f3tima alternativa de exerc\u00edcio!\" \/>\n<meta property=\"og:url\" content=\"https:\/\/www.fsfx.com.br\/usisaude\/a-danca-como-atividade-fisica\/\" \/>\n<meta property=\"og:site_name\" content=\"Usisa\u00fade\" \/>\n<meta property=\"article:published_time\" content=\"2018-11-27T13:02:54+00:00\" \/>\n<meta property=\"article:modified_time\" content=\"2024-09-12T18:09:22+00:00\" \/>\n<meta property=\"og:image\" content=\"http:\/\/www.fsfx.com.br\/atituderimacomsaude\/wp-content\/uploads\/2018\/11\/a-danca-como-atividade-fisica.png\" \/>\n<meta name=\"twitter:card\" content=\"summary_large_image\" \/>\n<meta name=\"twitter:label1\" content=\"Escrito por\" \/>\n\t<meta name=\"twitter:data1\" content=\"\" \/>\n\t<meta name=\"twitter:label2\" content=\"Est. tempo de leitura\" \/>\n\t<meta name=\"twitter:data2\" content=\"3 minutos\" \/>\n<script type=\"application\/ld+json\" class=\"yoast-schema-graph\">{\"@context\":\"https:\/\/schema.org\",\"@graph\":[{\"@type\":\"Article\",\"@id\":\"https:\/\/www.fsfx.com.br\/usisaude\/a-danca-como-atividade-fisica\/#article\",\"isPartOf\":{\"@id\":\"https:\/\/www.fsfx.com.br\/usisaude\/a-danca-como-atividade-fisica\/\"},\"author\":{\"name\":\"\",\"@id\":\"\"},\"headline\":\"A dan\u00e7a como atividade f\u00edsica\",\"datePublished\":\"2018-11-27T13:02:54+00:00\",\"dateModified\":\"2024-09-12T18:09:22+00:00\",\"mainEntityOfPage\":{\"@id\":\"https:\/\/www.fsfx.com.br\/usisaude\/a-danca-como-atividade-fisica\/\"},\"wordCount\":549,\"commentCount\":0,\"publisher\":{\"@id\":\"https:\/\/www.fsfx.com.br\/usisaude\/#organization\"},\"image\":{\"@id\":\"https:\/\/www.fsfx.com.br\/usisaude\/a-danca-como-atividade-fisica\/#primaryimage\"},\"thumbnailUrl\":\"\",\"keywords\":[\"atividade\",\"atividade f\u00edsica\",\"atividades f\u00edsicas\",\"dan\u00e7a\",\"exerc\u00edcio\"],\"articleSection\":[\"Not\u00edcias\"],\"inLanguage\":\"pt-BR\",\"potentialAction\":[{\"@type\":\"CommentAction\",\"name\":\"Comment\",\"target\":[\"https:\/\/www.fsfx.com.br\/usisaude\/a-danca-como-atividade-fisica\/#respond\"]}]},{\"@type\":\"WebPage\",\"@id\":\"https:\/\/www.fsfx.com.br\/usisaude\/a-danca-como-atividade-fisica\/\",\"url\":\"https:\/\/www.fsfx.com.br\/usisaude\/a-danca-como-atividade-fisica\/\",\"name\":\"A dan\u00e7a como atividade f\u00edsica - Usisa\u00fade\",\"isPartOf\":{\"@id\":\"https:\/\/www.fsfx.com.br\/usisaude\/#website\"},\"primaryImageOfPage\":{\"@id\":\"https:\/\/www.fsfx.com.br\/usisaude\/a-danca-como-atividade-fisica\/#primaryimage\"},\"image\":{\"@id\":\"https:\/\/www.fsfx.com.br\/usisaude\/a-danca-como-atividade-fisica\/#primaryimage\"},\"thumbnailUrl\":\"\",\"datePublished\":\"2018-11-27T13:02:54+00:00\",\"dateModified\":\"2024-09-12T18:09:22+00:00\",\"description\":\"A dan\u00e7a vai al\u00e9m da express\u00e3o art\u00edstica e da divers\u00e3o. Poderosa atividade f\u00edsica com benef\u00edcios para corpo e mente, \u00e9 uma \u00f3tima alternativa de exerc\u00edcio!\",\"breadcrumb\":{\"@id\":\"https:\/\/www.fsfx.com.br\/usisaude\/a-danca-como-atividade-fisica\/#breadcrumb\"},\"inLanguage\":\"pt-BR\",\"potentialAction\":[{\"@type\":\"ReadAction\",\"target\":[\"https:\/\/www.fsfx.com.br\/usisaude\/a-danca-como-atividade-fisica\/\"]}]},{\"@type\":\"ImageObject\",\"inLanguage\":\"pt-BR\",\"@id\":\"https:\/\/www.fsfx.com.br\/usisaude\/a-danca-como-atividade-fisica\/#primaryimage\",\"url\":\"\",\"contentUrl\":\"\"},{\"@type\":\"BreadcrumbList\",\"@id\":\"https:\/\/www.fsfx.com.br\/usisaude\/a-danca-como-atividade-fisica\/#breadcrumb\",\"itemListElement\":[{\"@type\":\"ListItem\",\"position\":1,\"name\":\"In\u00edcio\",\"item\":\"https:\/\/www.fsfx.com.br\/usisaude\/\"},{\"@type\":\"ListItem\",\"position\":2,\"name\":\"A dan\u00e7a como atividade f\u00edsica\"}]},{\"@type\":\"WebSite\",\"@id\":\"https:\/\/www.fsfx.com.br\/usisaude\/#website\",\"url\":\"https:\/\/www.fsfx.com.br\/usisaude\/\",\"name\":\"Usisa\u00fade\",\"description\":\"Somos a Usisa\u00fade, uma operadora de planos de sa\u00fade da Funda\u00e7\u00e3o S\u00e3o Francisco Xavier (FSFX), a maior em modalidade filantr\u00f3pica do pa\u00eds.\",\"publisher\":{\"@id\":\"https:\/\/www.fsfx.com.br\/usisaude\/#organization\"},\"potentialAction\":[{\"@type\":\"SearchAction\",\"target\":{\"@type\":\"EntryPoint\",\"urlTemplate\":\"https:\/\/www.fsfx.com.br\/usisaude\/?s={search_term_string}\"},\"query-input\":{\"@type\":\"PropertyValueSpecification\",\"valueRequired\":true,\"valueName\":\"search_term_string\"}}],\"inLanguage\":\"pt-BR\"},{\"@type\":\"Organization\",\"@id\":\"https:\/\/www.fsfx.com.br\/usisaude\/#organization\",\"name\":\"Usisa\u00fade\",\"url\":\"https:\/\/www.fsfx.com.br\/usisaude\/\",\"logo\":{\"@type\":\"ImageObject\",\"inLanguage\":\"pt-BR\",\"@id\":\"https:\/\/www.fsfx.com.br\/usisaude\/#\/schema\/logo\/image\/\",\"url\":\"https:\/\/www.fsfx.com.br\/usisaude\/wp-content\/uploads\/sites\/6\/2022\/03\/logo-ususaude-1.svg\",\"contentUrl\":\"https:\/\/www.fsfx.com.br\/usisaude\/wp-content\/uploads\/sites\/6\/2022\/03\/logo-ususaude-1.svg\",\"width\":445,\"height\":196,\"caption\":\"Usisa\u00fade\"},\"image\":{\"@id\":\"https:\/\/www.fsfx.com.br\/usisaude\/#\/schema\/logo\/image\/\"}},{\"@type\":\"Person\",\"@id\":\"\",\"url\":\"https:\/\/www.fsfx.com.br\/usisaude\/author\/\"}]}<\/script>\n<!-- \/ Yoast SEO plugin. -->","yoast_head_json":{"title":"A dan\u00e7a como atividade f\u00edsica - Usisa\u00fade","description":"A dan\u00e7a vai al\u00e9m da express\u00e3o art\u00edstica e da divers\u00e3o. Poderosa atividade f\u00edsica com benef\u00edcios para corpo e mente, \u00e9 uma \u00f3tima alternativa de exerc\u00edcio!","robots":{"index":"index","follow":"follow","max-snippet":"max-snippet:-1","max-image-preview":"max-image-preview:large","max-video-preview":"max-video-preview:-1"},"canonical":"https:\/\/www.fsfx.com.br\/usisaude\/a-danca-como-atividade-fisica\/","og_locale":"pt_BR","og_type":"article","og_title":"A dan\u00e7a como atividade f\u00edsica - Usisa\u00fade","og_description":"A dan\u00e7a vai al\u00e9m da express\u00e3o art\u00edstica e da divers\u00e3o. Poderosa atividade f\u00edsica com benef\u00edcios para corpo e mente, \u00e9 uma \u00f3tima alternativa de exerc\u00edcio!","og_url":"https:\/\/www.fsfx.com.br\/usisaude\/a-danca-como-atividade-fisica\/","og_site_name":"Usisa\u00fade","article_published_time":"2018-11-27T13:02:54+00:00","article_modified_time":"2024-09-12T18:09:22+00:00","og_image":[{"url":"http:\/\/www.fsfx.com.br\/atituderimacomsaude\/wp-content\/uploads\/2018\/11\/a-danca-como-atividade-fisica.png","type":"","width":"","height":""}],"twitter_card":"summary_large_image","twitter_misc":{"Escrito por":"","Est. tempo de leitura":"3 minutos"},"schema":{"@context":"https:\/\/schema.org","@graph":[{"@type":"Article","@id":"https:\/\/www.fsfx.com.br\/usisaude\/a-danca-como-atividade-fisica\/#article","isPartOf":{"@id":"https:\/\/www.fsfx.com.br\/usisaude\/a-danca-como-atividade-fisica\/"},"author":{"name":"","@id":""},"headline":"A dan\u00e7a como atividade f\u00edsica","datePublished":"2018-11-27T13:02:54+00:00","dateModified":"2024-09-12T18:09:22+00:00","mainEntityOfPage":{"@id":"https:\/\/www.fsfx.com.br\/usisaude\/a-danca-como-atividade-fisica\/"},"wordCount":549,"commentCount":0,"publisher":{"@id":"https:\/\/www.fsfx.com.br\/usisaude\/#organization"},"image":{"@id":"https:\/\/www.fsfx.com.br\/usisaude\/a-danca-como-atividade-fisica\/#primaryimage"},"thumbnailUrl":"","keywords":["atividade","atividade f\u00edsica","atividades f\u00edsicas","dan\u00e7a","exerc\u00edcio"],"articleSection":["Not\u00edcias"],"inLanguage":"pt-BR","potentialAction":[{"@type":"CommentAction","name":"Comment","target":["https:\/\/www.fsfx.com.br\/usisaude\/a-danca-como-atividade-fisica\/#respond"]}]},{"@type":"WebPage","@id":"https:\/\/www.fsfx.com.br\/usisaude\/a-danca-como-atividade-fisica\/","url":"https:\/\/www.fsfx.com.br\/usisaude\/a-danca-como-atividade-fisica\/","name":"A dan\u00e7a como atividade f\u00edsica - Usisa\u00fade","isPartOf":{"@id":"https:\/\/www.fsfx.com.br\/usisaude\/#website"},"primaryImageOfPage":{"@id":"https:\/\/www.fsfx.com.br\/usisaude\/a-danca-como-atividade-fisica\/#primaryimage"},"image":{"@id":"https:\/\/www.fsfx.com.br\/usisaude\/a-danca-como-atividade-fisica\/#primaryimage"},"thumbnailUrl":"","datePublished":"2018-11-27T13:02:54+00:00","dateModified":"2024-09-12T18:09:22+00:00","description":"A dan\u00e7a vai al\u00e9m da express\u00e3o art\u00edstica e da divers\u00e3o. Poderosa atividade f\u00edsica com benef\u00edcios para corpo e mente, \u00e9 uma \u00f3tima alternativa de exerc\u00edcio!","breadcrumb":{"@id":"https:\/\/www.fsfx.com.br\/usisaude\/a-danca-como-atividade-fisica\/#breadcrumb"},"inLanguage":"pt-BR","potentialAction":[{"@type":"ReadAction","target":["https:\/\/www.fsfx.com.br\/usisaude\/a-danca-como-atividade-fisica\/"]}]},{"@type":"ImageObject","inLanguage":"pt-BR","@id":"https:\/\/www.fsfx.com.br\/usisaude\/a-danca-como-atividade-fisica\/#primaryimage","url":"","contentUrl":""},{"@type":"BreadcrumbList","@id":"https:\/\/www.fsfx.com.br\/usisaude\/a-danca-como-atividade-fisica\/#breadcrumb","itemListElement":[{"@type":"ListItem","position":1,"name":"In\u00edcio","item":"https:\/\/www.fsfx.com.br\/usisaude\/"},{"@type":"ListItem","position":2,"name":"A dan\u00e7a como atividade f\u00edsica"}]},{"@type":"WebSite","@id":"https:\/\/www.fsfx.com.br\/usisaude\/#website","url":"https:\/\/www.fsfx.com.br\/usisaude\/","name":"Usisa\u00fade","description":"Somos a Usisa\u00fade, uma operadora de planos de sa\u00fade da Funda\u00e7\u00e3o S\u00e3o Francisco Xavier (FSFX), a maior em modalidade filantr\u00f3pica do pa\u00eds.","publisher":{"@id":"https:\/\/www.fsfx.com.br\/usisaude\/#organization"},"potentialAction":[{"@type":"SearchAction","target":{"@type":"EntryPoint","urlTemplate":"https:\/\/www.fsfx.com.br\/usisaude\/?s={search_term_string}"},"query-input":{"@type":"PropertyValueSpecification","valueRequired":true,"valueName":"search_term_string"}}],"inLanguage":"pt-BR"},{"@type":"Organization","@id":"https:\/\/www.fsfx.com.br\/usisaude\/#organization","name":"Usisa\u00fade","url":"https:\/\/www.fsfx.com.br\/usisaude\/","logo":{"@type":"ImageObject","inLanguage":"pt-BR","@id":"https:\/\/www.fsfx.com.br\/usisaude\/#\/schema\/logo\/image\/","url":"https:\/\/www.fsfx.com.br\/usisaude\/wp-content\/uploads\/sites\/6\/2022\/03\/logo-ususaude-1.svg","contentUrl":"https:\/\/www.fsfx.com.br\/usisaude\/wp-content\/uploads\/sites\/6\/2022\/03\/logo-ususaude-1.svg","width":445,"height":196,"caption":"Usisa\u00fade"},"image":{"@id":"https:\/\/www.fsfx.com.br\/usisaude\/#\/schema\/logo\/image\/"}},{"@type":"Person","@id":"","url":"https:\/\/www.fsfx.com.br\/usisaude\/author\/"}]}},"_links":{"self":[{"href":"https:\/\/www.fsfx.com.br\/usisaude\/wp-json\/wp\/v2\/posts\/3828","targetHints":{"allow":["GET"]}}],"collection":[{"href":"https:\/\/www.fsfx.com.br\/usisaude\/wp-json\/wp\/v2\/posts"}],"about":[{"href":"https:\/\/www.fsfx.com.br\/usisaude\/wp-json\/wp\/v2\/types\/post"}],"author":[{"embeddable":true,"href":"https:\/\/www.fsfx.com.br\/usisaude\/wp-json\/wp\/v2\/users\/9"}],"replies":[{"embeddable":true,"href":"https:\/\/www.fsfx.com.br\/usisaude\/wp-json\/wp\/v2\/comments?post=3828"}],"version-history":[{"count":1,"href":"https:\/\/www.fsfx.com.br\/usisaude\/wp-json\/wp\/v2\/posts\/3828\/revisions"}],"predecessor-version":[{"id":10929,"href":"https:\/\/www.fsfx.com.br\/usisaude\/wp-json\/wp\/v2\/posts\/3828\/revisions\/10929"}],"wp:featuredmedia":[{"embeddable":true,"href":"https:\/\/www.fsfx.com.br\/usisaude\/wp-json\/"}],"wp:attachment":[{"href":"https:\/\/www.fsfx.com.br\/usisaude\/wp-json\/wp\/v2\/media?parent=3828"}],"wp:term":[{"taxonomy":"category","embeddable":true,"href":"https:\/\/www.fsfx.com.br\/usisaude\/wp-json\/wp\/v2\/categories?post=3828"},{"taxonomy":"post_tag","embeddable":true,"href":"https:\/\/www.fsfx.com.br\/usisaude\/wp-json\/wp\/v2\/tags?post=3828"}],"curies":[{"name":"wp","href":"https:\/\/api.w.org\/{rel}","templated":true}]}}