{"id":3891,"date":"2016-04-01T13:28:30","date_gmt":"2016-04-01T13:28:30","guid":{"rendered":"http:\/\/usisaude.boltbrasil.com.br\/?p=2234"},"modified":"2024-09-12T15:08:33","modified_gmt":"2024-09-12T18:08:33","slug":"tabagismo-e-responsavel-por-diversas-doencas","status":"publish","type":"post","link":"https:\/\/www.fsfx.com.br\/usisaude\/tabagismo-e-responsavel-por-diversas-doencas\/","title":{"rendered":"Tabagismo \u00e9 respons\u00e1vel por diversas doen\u00e7as"},"content":{"rendered":"<p><span style=\"font-weight: 400\">Tempo de leitura: 4 minutos<\/span><\/p>\n<p><strong>Conte\u00fado atualizado em 26\/08\/2020.<\/strong><\/p>\n<p><span style=\"font-weight: 400\">Voc\u00ea sabia que o tabagismo \u00e9 a principal causa de morte evit\u00e1vel no mundo, segundo a Organiza\u00e7\u00e3o Mundial da Sa\u00fade (OMS)? E que ele \u00e9 respons\u00e1vel pela grande maioria dos casos de c\u00e2ncer de pulm\u00e3o? O que talvez n\u00e3o seja do seu conhecimento \u00e9 que o tabaco tamb\u00e9m \u00e9 respons\u00e1vel por in\u00fameras outras doen\u00e7as.<\/span><\/p>\n<p><span style=\"font-weight: 400\">Saiba mais sobre o assunto neste conte\u00fado!<\/span><\/p>\n<h2><b>Quais s\u00e3o as principais doen\u00e7as causadas pelo tabagismo?<\/b><\/h2>\n<p><span style=\"font-weight: 400\">O tabaco \u00e9 uma planta, da qual as folhas s\u00e3o utilizadas no preparo de diferentes produtos que cont\u00e9m a nicotina, a subst\u00e2ncia respons\u00e1vel pela depend\u00eancia. Al\u00e9m do cigarro, existem outros produtos derivados do tabaco como charuto, cachimbo, cigarro de palha, cigarrilha, bidi, tabaco para narguil\u00e9, rap\u00e9, fumo-de-rolo, dentre outros. Todos s\u00e3o capazes de gerar depend\u00eancia, em variados graus, e s\u00e3o nocivos \u00e0 sa\u00fade.<\/span><\/p>\n<p><span style=\"font-weight: 400\">A seguir, conhe\u00e7a as principais doen\u00e7as causadas pelo tabagismo.<\/span><\/p>\n<h3><b>Alguns tipos de c\u00e2ncer<\/b><\/h3>\n<p><span style=\"font-weight: 400\">O c\u00e2ncer tem diferentes causas, e o tabagismo \u00e9 uma delas. Al\u00e9m do c\u00e2ncer de pulm\u00e3o e br\u00f4nquios, o tabagismo aumenta o risco de desenvolvimento os seguintes tipos de c\u00e2ncer: de boca, de faringe, de est\u00f4mago, de laringe, de p\u00e2ncreas, de f\u00edgado, do colo do \u00fatero, de rim e ureter, de bexiga, de c\u00f3lon e reto e leucemia miel\u00f3ide aguda.<\/span><\/p>\n<h3><b>Doen\u00e7as relacionadas ao cora\u00e7\u00e3o<\/b><\/h3>\n<p><span style=\"font-weight: 400\">O tabagismo tem impacto sobre a sa\u00fade do cora\u00e7\u00e3o, aumentando o risco do desenvolvimento de doen\u00e7as cardiovasculares como o infarto, por favorecer a forma\u00e7\u00e3o de placas de gordura nos vasos sangu\u00edneos, aumentar a press\u00e3o arterial, aumentar a frequ\u00eancia card\u00edaca, produzir inflama\u00e7\u00e3o e estreitar veias e art\u00e9rias. Todas essas altera\u00e7\u00f5es prejudicam a circula\u00e7\u00e3o e facilitam tamb\u00e9m a ocorr\u00eancia de co\u00e1gulos, trombose e acidente vascular encef\u00e1lico (AVE).<\/span><\/p>\n<p><b>Doen\u00e7as relacionados ao sistema digestivo<\/b><\/p>\n<p><span style=\"font-weight: 400\">O tabagismo contribui para muitas doen\u00e7as comuns do sistema digestivo, como azia, refluxo gastroesof\u00e1gico, \u00falceras p\u00e9pticas e algumas doen\u00e7as do f\u00edgado. O ato de fumar pode causar gengivite e periodontite, resultando em c\u00e1ries, perda dent\u00e1ria e mau h\u00e1lito. Al\u00e9m disso, o tabagista apresenta altera\u00e7\u00f5es no paladar e olfato, tornando o alimento bem menos atrativo ao consumo, e dessa forma, prejudicando a ingest\u00e3o e a qualidade da alimenta\u00e7\u00e3o.<\/span><\/p>\n<h3><b>Sexualidade<\/b><\/h3>\n<p><span style=\"font-weight: 400\">Outro problema ocasionado pelo consumo do tabaco diz respeito \u00e0 sexualidade e ao sistema reprodutivo, j\u00e1 que a diminui\u00e7\u00e3o do fluxo sangu\u00edneo afeta a capacidade de ere\u00e7\u00e3o masculina e prejudica o desempenho sexual, de homens e mulheres. Al\u00e9m disso, mulheres que fumam est\u00e3o mais propensas a acelerar a menopausa e correm maior risco de infertilidade.<\/span><\/p>\n<h3><b>Doen\u00e7as relacionadas ao Sistema respirat\u00f3rio<\/b><\/h3>\n<p><span style=\"font-weight: 400\">O sistema respirat\u00f3rio \u00e9 o mais afetado com o consumo do tabaco e afeta fumantes e n\u00e3o fumantes, os chamados<\/span><a href=\"http:\/\/atituderimacomsaude.com.br\/fumantes-passivos-conheca-os-riscos\/\"><span style=\"font-weight: 400\"> fumantes passivos<\/span><\/a><span style=\"font-weight: 400\">.<\/span><\/p>\n<p><span style=\"font-weight: 400\">Ao inalar a fuma\u00e7a, o corpo recebe subst\u00e2ncias t\u00f3xicas que prejudicam as fun\u00e7\u00f5es dos pulm\u00f5es. A longo prazo, aumenta-se a possibilidade de desenvolver enfisema pulmonar, bronquite cr\u00f4nica, irrita\u00e7\u00e3o nasal, infec\u00e7\u00f5es respirat\u00f3rias, entre outras doen\u00e7as relacionadas \u00e0 respira\u00e7\u00e3o, al\u00e9m do c\u00e2ncer de pulm\u00e3o.<\/span><\/p>\n<h3><b>Grupo de risco COVID-19<\/b><\/h3>\n<p><span style=\"font-weight: 400\">Tabagistas parecem ter um maior risco de desenvolver sintomas graves da Covid-19, devido a um poss\u00edvel comprometimento da capacidade pulmonar.<\/span><\/p>\n<p><span style=\"font-weight: 400\">Naturalmente o tabaco j\u00e1 \u00e9 um motivo de preocupa\u00e7\u00e3o por causar diferentes tipos de inflama\u00e7\u00e3o e prejudicar os mecanismos de defesa do organismo, deixando o indiv\u00edduo mais propenso a adquirir infec\u00e7\u00f5es por v\u00edrus, bact\u00e9rias e fungos. Somados a estes riscos, o ato de fumar proporciona constante contato dos dedos com os l\u00e1bios, aumentando a possibilidade de transmiss\u00e3o do v\u00edrus para a boca.&nbsp;<\/span><\/p>\n<p><span style=\"font-weight: 400\">Por isso, conforme abordamos, o melhor \u00e9 ficar longe do tabaco ou, caso fume, tentar parar. <\/span><span style=\"font-weight: 400\">&nbsp;<\/span><span style=\"font-weight: 400\">Os malef\u00edcios do tabagismo s\u00e3o muitos, tanto a curto quanto a longo prazo. Al\u00e9m de favorecer o desenvolvimento de muitas doen\u00e7as, tamb\u00e9m pode prejudicar seus relacionamentos e at\u00e9 mesmo trazer problemas de sa\u00fade para as pessoas que voc\u00ea gosta. Quer saber mais? Continue no blog e confira os benef\u00edcios de parar de fumar.<\/span><\/p>\n<p><b>Refer\u00eancias:<\/b><\/p>\n<p><span style=\"font-weight: 400\">INSTITUTO NACIONAL DO C\u00c2NCER (INCA). <\/span><b>Tabagismo<\/b><span style=\"font-weight: 400\">. Dispon\u00edvel em: https:\/\/www.inca.gov.br\/tabagismo. Acesso em: 14 ago. 2020.&nbsp;<\/span><\/p>\n<p><span style=\"font-weight: 400\">FEDERA\u00c7\u00c3O BRASILEIRA DE GASTROENTEROLOGIA. <\/span><b>Federa\u00e7\u00e3o Brasileira de Gastroenterologia alerta sobre malef\u00edcios do tabaco para a sa\u00fade digestiva<\/b><span style=\"font-weight: 400\">. Dispon\u00edvel em: http:\/\/fbg.org.br\/Publicacoes\/noticia\/detalhe\/1272. Acesso em: 18 ago. 2020.<\/span><\/p>\n<p><span style=\"font-weight: 400\">INSTITUTO NACIONAL DE C\u00c2NCER (INCA).&nbsp; <\/span><b>Tabaco e doen\u00e7as cardiovasculares.<\/b><span style=\"font-weight: 400\"> Dispon\u00edvel em: https:\/\/www.inca.gov.br\/campanhas\/dia-mundial-sem-tabaco\/2018\/tabaco-e-doencas-cardiovasculares. Acesso em: 18 ago. 2020.<\/span><\/p>\n<p><span style=\"font-weight: 400\">SOCIEDADE BRASILEIRA DE PNEUMOLOGIA E TISIOLOGIA (SBPT). <\/span><b>Tabagismo<\/b><span style=\"font-weight: 400\">. Dispon\u00edvel em: https:\/\/sbpt.org.br\/portal\/publico-geral\/doencas\/tabagismo\/. Acesso em: 14 ago. 2020.<\/span><\/p>\n<p><span style=\"font-weight: 400\">SECRETARIA DE SA\u00daDE DO ESTADO DE MINAS GERAIS. <\/span><b>Tabagismo<\/b><span style=\"font-weight: 400\">. Dispon\u00edvel em: https:\/\/www.saude.mg.gov.br\/tabagismo. Acesso em: 14 ago. 2020.&nbsp;<\/span><\/p>\n<p><span style=\"font-weight: 400\">SECRETARIA DE SA\u00daDE DO ESTADO DA BAHIA. <\/span><b>Tabagismo<\/b><span style=\"font-weight: 400\">. Dispon\u00edvel em: http:\/\/www.saude.ba.gov.br\/atencao-a-saude\/comofuncionaosus\/doencas-cronicas\/tabagismo\/. Acesso em: 14 ago. 2020.&nbsp;<\/span><\/p>\n","protected":false},"excerpt":{"rendered":"<p>Tempo de leitura: 4 minutos Conte\u00fado atualizado em 26\/08\/2020. Voc\u00ea sabia que o tabagismo \u00e9 a principal causa de morte evit\u00e1vel no mundo, segundo a Organiza\u00e7\u00e3o Mundial da Sa\u00fade (OMS)? E que ele \u00e9 respons\u00e1vel pela grande maioria dos casos de c\u00e2ncer de pulm\u00e3o? O que talvez n\u00e3o seja do seu conhecimento \u00e9 que o [&hellip;]<\/p>\n","protected":false},"author":9,"featured_media":3989,"comment_status":"open","ping_status":"open","sticky":false,"template":"","format":"standard","meta":{"_acf_changed":false,"site-sidebar-layout":"default","site-content-layout":"","ast-site-content-layout":"default","site-content-style":"default","site-sidebar-style":"default","ast-global-header-display":"","ast-banner-title-visibility":"","ast-main-header-display":"","ast-hfb-above-header-display":"","ast-hfb-below-header-display":"","ast-hfb-mobile-header-display":"","site-post-title":"","ast-breadcrumbs-content":"","ast-featured-img":"","footer-sml-layout":"","theme-transparent-header-meta":"","adv-header-id-meta":"","stick-header-meta":"","header-above-stick-meta":"","header-main-stick-meta":"","header-below-stick-meta":"","astra-migrate-meta-layouts":"default","ast-page-background-enabled":"default","ast-page-background-meta":{"desktop":{"background-color":"var(--ast-global-color-4)","background-image":"","background-repeat":"repeat","background-position":"center center","background-size":"auto","background-attachment":"scroll","background-type":"","background-media":"","overlay-type":"","overlay-color":"","overlay-opacity":"","overlay-gradient":""},"tablet":{"background-color":"","background-image":"","background-repeat":"repeat","background-position":"center center","background-size":"auto","background-attachment":"scroll","background-type":"","background-media":"","overlay-type":"","overlay-color":"","overlay-opacity":"","overlay-gradient":""},"mobile":{"background-color":"","background-image":"","background-repeat":"repeat","background-position":"center center","background-size":"auto","background-attachment":"scroll","background-type":"","background-media":"","overlay-type":"","overlay-color":"","overlay-opacity":"","overlay-gradient":""}},"ast-content-background-meta":{"desktop":{"background-color":"var(--ast-global-color-5)","background-image":"","background-repeat":"repeat","background-position":"center center","background-size":"auto","background-attachment":"scroll","background-type":"","background-media":"","overlay-type":"","overlay-color":"","overlay-opacity":"","overlay-gradient":""},"tablet":{"background-color":"var(--ast-global-color-5)","background-image":"","background-repeat":"repeat","background-position":"center center","background-size":"auto","background-attachment":"scroll","background-type":"","background-media":"","overlay-type":"","overlay-color":"","overlay-opacity":"","overlay-gradient":""},"mobile":{"background-color":"var(--ast-global-color-5)","background-image":"","background-repeat":"repeat","background-position":"center center","background-size":"auto","background-attachment":"scroll","background-type":"","background-media":"","overlay-type":"","overlay-color":"","overlay-opacity":"","overlay-gradient":""}},"footnotes":""},"categories":[1],"tags":[100,113,77,89,116],"class_list":["post-3891","post","type-post","status-publish","format-standard","has-post-thumbnail","hentry","category-noticias","tag-asma","tag-bronquite","tag-doencas-do-coracao","tag-hipertensao-arterial","tag-tabagismo"],"acf":[],"yoast_head":"<!-- This site is optimized with the Yoast SEO plugin v26.9 - https:\/\/yoast.com\/product\/yoast-seo-wordpress\/ -->\n<title>Tabagismo \u00e9 respons\u00e1vel por diversas doen\u00e7as - Usisa\u00fade<\/title>\n<meta name=\"robots\" content=\"index, follow, max-snippet:-1, max-image-preview:large, max-video-preview:-1\" \/>\n<link rel=\"canonical\" href=\"https:\/\/www.fsfx.com.br\/usisaude\/tabagismo-e-responsavel-por-diversas-doencas\/\" \/>\n<meta property=\"og:locale\" content=\"pt_BR\" \/>\n<meta property=\"og:type\" content=\"article\" \/>\n<meta property=\"og:title\" content=\"Tabagismo \u00e9 respons\u00e1vel por diversas doen\u00e7as - Usisa\u00fade\" \/>\n<meta property=\"og:description\" content=\"Tempo de leitura: 4 minutos Conte\u00fado atualizado em 26\/08\/2020. Voc\u00ea sabia que o tabagismo \u00e9 a principal causa de morte evit\u00e1vel no mundo, segundo a Organiza\u00e7\u00e3o Mundial da Sa\u00fade (OMS)? E que ele \u00e9 respons\u00e1vel pela grande maioria dos casos de c\u00e2ncer de pulm\u00e3o? O que talvez n\u00e3o seja do seu conhecimento \u00e9 que o [&hellip;]\" \/>\n<meta property=\"og:url\" content=\"https:\/\/www.fsfx.com.br\/usisaude\/tabagismo-e-responsavel-por-diversas-doencas\/\" \/>\n<meta property=\"og:site_name\" content=\"Usisa\u00fade\" \/>\n<meta property=\"article:published_time\" content=\"2016-04-01T13:28:30+00:00\" \/>\n<meta property=\"article:modified_time\" content=\"2024-09-12T18:08:33+00:00\" \/>\n<meta name=\"twitter:card\" content=\"summary_large_image\" \/>\n<meta name=\"twitter:label1\" content=\"Escrito por\" \/>\n\t<meta name=\"twitter:data1\" content=\"\" \/>\n\t<meta name=\"twitter:label2\" content=\"Est. tempo de leitura\" \/>\n\t<meta name=\"twitter:data2\" content=\"4 minutos\" \/>\n<script type=\"application\/ld+json\" class=\"yoast-schema-graph\">{\"@context\":\"https:\/\/schema.org\",\"@graph\":[{\"@type\":\"Article\",\"@id\":\"https:\/\/www.fsfx.com.br\/usisaude\/tabagismo-e-responsavel-por-diversas-doencas\/#article\",\"isPartOf\":{\"@id\":\"https:\/\/www.fsfx.com.br\/usisaude\/tabagismo-e-responsavel-por-diversas-doencas\/\"},\"author\":{\"name\":\"\",\"@id\":\"\"},\"headline\":\"Tabagismo \u00e9 respons\u00e1vel por diversas doen\u00e7as\",\"datePublished\":\"2016-04-01T13:28:30+00:00\",\"dateModified\":\"2024-09-12T18:08:33+00:00\",\"mainEntityOfPage\":{\"@id\":\"https:\/\/www.fsfx.com.br\/usisaude\/tabagismo-e-responsavel-por-diversas-doencas\/\"},\"wordCount\":894,\"commentCount\":0,\"publisher\":{\"@id\":\"https:\/\/www.fsfx.com.br\/usisaude\/#organization\"},\"image\":{\"@id\":\"https:\/\/www.fsfx.com.br\/usisaude\/tabagismo-e-responsavel-por-diversas-doencas\/#primaryimage\"},\"thumbnailUrl\":\"\",\"keywords\":[\"asma\",\"bronquite\",\"doen\u00e7as do cora\u00e7\u00e3o\",\"hipertens\u00e3o arterial\",\"tabagismo\"],\"articleSection\":[\"Not\u00edcias\"],\"inLanguage\":\"pt-BR\",\"potentialAction\":[{\"@type\":\"CommentAction\",\"name\":\"Comment\",\"target\":[\"https:\/\/www.fsfx.com.br\/usisaude\/tabagismo-e-responsavel-por-diversas-doencas\/#respond\"]}]},{\"@type\":\"WebPage\",\"@id\":\"https:\/\/www.fsfx.com.br\/usisaude\/tabagismo-e-responsavel-por-diversas-doencas\/\",\"url\":\"https:\/\/www.fsfx.com.br\/usisaude\/tabagismo-e-responsavel-por-diversas-doencas\/\",\"name\":\"Tabagismo \u00e9 respons\u00e1vel por diversas doen\u00e7as - Usisa\u00fade\",\"isPartOf\":{\"@id\":\"https:\/\/www.fsfx.com.br\/usisaude\/#website\"},\"primaryImageOfPage\":{\"@id\":\"https:\/\/www.fsfx.com.br\/usisaude\/tabagismo-e-responsavel-por-diversas-doencas\/#primaryimage\"},\"image\":{\"@id\":\"https:\/\/www.fsfx.com.br\/usisaude\/tabagismo-e-responsavel-por-diversas-doencas\/#primaryimage\"},\"thumbnailUrl\":\"\",\"datePublished\":\"2016-04-01T13:28:30+00:00\",\"dateModified\":\"2024-09-12T18:08:33+00:00\",\"breadcrumb\":{\"@id\":\"https:\/\/www.fsfx.com.br\/usisaude\/tabagismo-e-responsavel-por-diversas-doencas\/#breadcrumb\"},\"inLanguage\":\"pt-BR\",\"potentialAction\":[{\"@type\":\"ReadAction\",\"target\":[\"https:\/\/www.fsfx.com.br\/usisaude\/tabagismo-e-responsavel-por-diversas-doencas\/\"]}]},{\"@type\":\"ImageObject\",\"inLanguage\":\"pt-BR\",\"@id\":\"https:\/\/www.fsfx.com.br\/usisaude\/tabagismo-e-responsavel-por-diversas-doencas\/#primaryimage\",\"url\":\"\",\"contentUrl\":\"\"},{\"@type\":\"BreadcrumbList\",\"@id\":\"https:\/\/www.fsfx.com.br\/usisaude\/tabagismo-e-responsavel-por-diversas-doencas\/#breadcrumb\",\"itemListElement\":[{\"@type\":\"ListItem\",\"position\":1,\"name\":\"In\u00edcio\",\"item\":\"https:\/\/www.fsfx.com.br\/usisaude\/\"},{\"@type\":\"ListItem\",\"position\":2,\"name\":\"Tabagismo \u00e9 respons\u00e1vel por diversas doen\u00e7as\"}]},{\"@type\":\"WebSite\",\"@id\":\"https:\/\/www.fsfx.com.br\/usisaude\/#website\",\"url\":\"https:\/\/www.fsfx.com.br\/usisaude\/\",\"name\":\"Usisa\u00fade\",\"description\":\"Somos a Usisa\u00fade, uma operadora de planos de sa\u00fade da Funda\u00e7\u00e3o S\u00e3o Francisco Xavier (FSFX), a maior em modalidade filantr\u00f3pica do pa\u00eds.\",\"publisher\":{\"@id\":\"https:\/\/www.fsfx.com.br\/usisaude\/#organization\"},\"potentialAction\":[{\"@type\":\"SearchAction\",\"target\":{\"@type\":\"EntryPoint\",\"urlTemplate\":\"https:\/\/www.fsfx.com.br\/usisaude\/?s={search_term_string}\"},\"query-input\":{\"@type\":\"PropertyValueSpecification\",\"valueRequired\":true,\"valueName\":\"search_term_string\"}}],\"inLanguage\":\"pt-BR\"},{\"@type\":\"Organization\",\"@id\":\"https:\/\/www.fsfx.com.br\/usisaude\/#organization\",\"name\":\"Usisa\u00fade\",\"url\":\"https:\/\/www.fsfx.com.br\/usisaude\/\",\"logo\":{\"@type\":\"ImageObject\",\"inLanguage\":\"pt-BR\",\"@id\":\"https:\/\/www.fsfx.com.br\/usisaude\/#\/schema\/logo\/image\/\",\"url\":\"https:\/\/www.fsfx.com.br\/usisaude\/wp-content\/uploads\/sites\/6\/2022\/03\/logo-ususaude-1.svg\",\"contentUrl\":\"https:\/\/www.fsfx.com.br\/usisaude\/wp-content\/uploads\/sites\/6\/2022\/03\/logo-ususaude-1.svg\",\"width\":445,\"height\":196,\"caption\":\"Usisa\u00fade\"},\"image\":{\"@id\":\"https:\/\/www.fsfx.com.br\/usisaude\/#\/schema\/logo\/image\/\"}},{\"@type\":\"Person\",\"@id\":\"\",\"url\":\"https:\/\/www.fsfx.com.br\/usisaude\/author\/\"}]}<\/script>\n<!-- \/ Yoast SEO plugin. -->","yoast_head_json":{"title":"Tabagismo \u00e9 respons\u00e1vel por diversas doen\u00e7as - Usisa\u00fade","robots":{"index":"index","follow":"follow","max-snippet":"max-snippet:-1","max-image-preview":"max-image-preview:large","max-video-preview":"max-video-preview:-1"},"canonical":"https:\/\/www.fsfx.com.br\/usisaude\/tabagismo-e-responsavel-por-diversas-doencas\/","og_locale":"pt_BR","og_type":"article","og_title":"Tabagismo \u00e9 respons\u00e1vel por diversas doen\u00e7as - Usisa\u00fade","og_description":"Tempo de leitura: 4 minutos Conte\u00fado atualizado em 26\/08\/2020. Voc\u00ea sabia que o tabagismo \u00e9 a principal causa de morte evit\u00e1vel no mundo, segundo a Organiza\u00e7\u00e3o Mundial da Sa\u00fade (OMS)? E que ele \u00e9 respons\u00e1vel pela grande maioria dos casos de c\u00e2ncer de pulm\u00e3o? O que talvez n\u00e3o seja do seu conhecimento \u00e9 que o [&hellip;]","og_url":"https:\/\/www.fsfx.com.br\/usisaude\/tabagismo-e-responsavel-por-diversas-doencas\/","og_site_name":"Usisa\u00fade","article_published_time":"2016-04-01T13:28:30+00:00","article_modified_time":"2024-09-12T18:08:33+00:00","twitter_card":"summary_large_image","twitter_misc":{"Escrito por":"","Est. tempo de leitura":"4 minutos"},"schema":{"@context":"https:\/\/schema.org","@graph":[{"@type":"Article","@id":"https:\/\/www.fsfx.com.br\/usisaude\/tabagismo-e-responsavel-por-diversas-doencas\/#article","isPartOf":{"@id":"https:\/\/www.fsfx.com.br\/usisaude\/tabagismo-e-responsavel-por-diversas-doencas\/"},"author":{"name":"","@id":""},"headline":"Tabagismo \u00e9 respons\u00e1vel por diversas doen\u00e7as","datePublished":"2016-04-01T13:28:30+00:00","dateModified":"2024-09-12T18:08:33+00:00","mainEntityOfPage":{"@id":"https:\/\/www.fsfx.com.br\/usisaude\/tabagismo-e-responsavel-por-diversas-doencas\/"},"wordCount":894,"commentCount":0,"publisher":{"@id":"https:\/\/www.fsfx.com.br\/usisaude\/#organization"},"image":{"@id":"https:\/\/www.fsfx.com.br\/usisaude\/tabagismo-e-responsavel-por-diversas-doencas\/#primaryimage"},"thumbnailUrl":"","keywords":["asma","bronquite","doen\u00e7as do cora\u00e7\u00e3o","hipertens\u00e3o arterial","tabagismo"],"articleSection":["Not\u00edcias"],"inLanguage":"pt-BR","potentialAction":[{"@type":"CommentAction","name":"Comment","target":["https:\/\/www.fsfx.com.br\/usisaude\/tabagismo-e-responsavel-por-diversas-doencas\/#respond"]}]},{"@type":"WebPage","@id":"https:\/\/www.fsfx.com.br\/usisaude\/tabagismo-e-responsavel-por-diversas-doencas\/","url":"https:\/\/www.fsfx.com.br\/usisaude\/tabagismo-e-responsavel-por-diversas-doencas\/","name":"Tabagismo \u00e9 respons\u00e1vel por diversas doen\u00e7as - Usisa\u00fade","isPartOf":{"@id":"https:\/\/www.fsfx.com.br\/usisaude\/#website"},"primaryImageOfPage":{"@id":"https:\/\/www.fsfx.com.br\/usisaude\/tabagismo-e-responsavel-por-diversas-doencas\/#primaryimage"},"image":{"@id":"https:\/\/www.fsfx.com.br\/usisaude\/tabagismo-e-responsavel-por-diversas-doencas\/#primaryimage"},"thumbnailUrl":"","datePublished":"2016-04-01T13:28:30+00:00","dateModified":"2024-09-12T18:08:33+00:00","breadcrumb":{"@id":"https:\/\/www.fsfx.com.br\/usisaude\/tabagismo-e-responsavel-por-diversas-doencas\/#breadcrumb"},"inLanguage":"pt-BR","potentialAction":[{"@type":"ReadAction","target":["https:\/\/www.fsfx.com.br\/usisaude\/tabagismo-e-responsavel-por-diversas-doencas\/"]}]},{"@type":"ImageObject","inLanguage":"pt-BR","@id":"https:\/\/www.fsfx.com.br\/usisaude\/tabagismo-e-responsavel-por-diversas-doencas\/#primaryimage","url":"","contentUrl":""},{"@type":"BreadcrumbList","@id":"https:\/\/www.fsfx.com.br\/usisaude\/tabagismo-e-responsavel-por-diversas-doencas\/#breadcrumb","itemListElement":[{"@type":"ListItem","position":1,"name":"In\u00edcio","item":"https:\/\/www.fsfx.com.br\/usisaude\/"},{"@type":"ListItem","position":2,"name":"Tabagismo \u00e9 respons\u00e1vel por diversas doen\u00e7as"}]},{"@type":"WebSite","@id":"https:\/\/www.fsfx.com.br\/usisaude\/#website","url":"https:\/\/www.fsfx.com.br\/usisaude\/","name":"Usisa\u00fade","description":"Somos a Usisa\u00fade, uma operadora de planos de sa\u00fade da Funda\u00e7\u00e3o S\u00e3o Francisco Xavier (FSFX), a maior em modalidade filantr\u00f3pica do pa\u00eds.","publisher":{"@id":"https:\/\/www.fsfx.com.br\/usisaude\/#organization"},"potentialAction":[{"@type":"SearchAction","target":{"@type":"EntryPoint","urlTemplate":"https:\/\/www.fsfx.com.br\/usisaude\/?s={search_term_string}"},"query-input":{"@type":"PropertyValueSpecification","valueRequired":true,"valueName":"search_term_string"}}],"inLanguage":"pt-BR"},{"@type":"Organization","@id":"https:\/\/www.fsfx.com.br\/usisaude\/#organization","name":"Usisa\u00fade","url":"https:\/\/www.fsfx.com.br\/usisaude\/","logo":{"@type":"ImageObject","inLanguage":"pt-BR","@id":"https:\/\/www.fsfx.com.br\/usisaude\/#\/schema\/logo\/image\/","url":"https:\/\/www.fsfx.com.br\/usisaude\/wp-content\/uploads\/sites\/6\/2022\/03\/logo-ususaude-1.svg","contentUrl":"https:\/\/www.fsfx.com.br\/usisaude\/wp-content\/uploads\/sites\/6\/2022\/03\/logo-ususaude-1.svg","width":445,"height":196,"caption":"Usisa\u00fade"},"image":{"@id":"https:\/\/www.fsfx.com.br\/usisaude\/#\/schema\/logo\/image\/"}},{"@type":"Person","@id":"","url":"https:\/\/www.fsfx.com.br\/usisaude\/author\/"}]}},"_links":{"self":[{"href":"https:\/\/www.fsfx.com.br\/usisaude\/wp-json\/wp\/v2\/posts\/3891","targetHints":{"allow":["GET"]}}],"collection":[{"href":"https:\/\/www.fsfx.com.br\/usisaude\/wp-json\/wp\/v2\/posts"}],"about":[{"href":"https:\/\/www.fsfx.com.br\/usisaude\/wp-json\/wp\/v2\/types\/post"}],"author":[{"embeddable":true,"href":"https:\/\/www.fsfx.com.br\/usisaude\/wp-json\/wp\/v2\/users\/9"}],"replies":[{"embeddable":true,"href":"https:\/\/www.fsfx.com.br\/usisaude\/wp-json\/wp\/v2\/comments?post=3891"}],"version-history":[{"count":1,"href":"https:\/\/www.fsfx.com.br\/usisaude\/wp-json\/wp\/v2\/posts\/3891\/revisions"}],"predecessor-version":[{"id":10869,"href":"https:\/\/www.fsfx.com.br\/usisaude\/wp-json\/wp\/v2\/posts\/3891\/revisions\/10869"}],"wp:featuredmedia":[{"embeddable":true,"href":"https:\/\/www.fsfx.com.br\/usisaude\/wp-json\/"}],"wp:attachment":[{"href":"https:\/\/www.fsfx.com.br\/usisaude\/wp-json\/wp\/v2\/media?parent=3891"}],"wp:term":[{"taxonomy":"category","embeddable":true,"href":"https:\/\/www.fsfx.com.br\/usisaude\/wp-json\/wp\/v2\/categories?post=3891"},{"taxonomy":"post_tag","embeddable":true,"href":"https:\/\/www.fsfx.com.br\/usisaude\/wp-json\/wp\/v2\/tags?post=3891"}],"curies":[{"name":"wp","href":"https:\/\/api.w.org\/{rel}","templated":true}]}}