{"id":3900,"date":"2020-06-17T17:55:31","date_gmt":"2020-06-17T20:55:31","guid":{"rendered":"http:\/\/atituderimacomsaude.com.br\/?p=3899"},"modified":"2024-09-12T15:09:19","modified_gmt":"2024-09-12T18:09:19","slug":"conheca-um-pouco-mais-sobre-a-gripe-e-as-vacinas-disponiveis","status":"publish","type":"post","link":"https:\/\/www.fsfx.com.br\/usisaude\/conheca-um-pouco-mais-sobre-a-gripe-e-as-vacinas-disponiveis\/","title":{"rendered":"Conhe\u00e7a um pouco mais sobre a gripe e as vacinas dispon\u00edveis"},"content":{"rendered":"\n<p>Tempo de leitura: 8 minutos.<\/p>\n\n\n\n<p><strong>Conte\u00fado atualizado em 04\/05\/2021 <\/strong><\/p>\n\n\n\n<p>No Brasil, o Minist\u00e9rio da Sa\u00fade \u00e9 o \u00f3rg\u00e3o respons\u00e1vel pela vigil\u00e2ncia da influenza, por meio da vigil\u00e2ncia sentinela de S\u00edndrome Gripal (SG) e da S\u00edndrome Respirat\u00f3ria Aguda Grave (SRAG). Os \u00f3rg\u00e3os t\u00eam como objetivo principal identificar os v\u00edrus respirat\u00f3rios circulantes e permitir o monitoramento da demanda de atendimento dos casos hospitalizados e \u00f3bitos.<\/p>\n\n\n\n<p>A composi\u00e7\u00e3o das vacinas contra a influenza \u00e9 definida pela Organiza\u00e7\u00e3o Mundial de Sa\u00fade (OMS). Atualmente, s\u00e3o disponibilizadas as vacinas trivalente e a tetravalente, tamb\u00e9m conhecida como quadrivalente.<\/p>\n\n\n\n<p>Para uma melhor compreens\u00e3o das diferen\u00e7as entre as vacinas antigripais, seguem algumas informa\u00e7\u00f5es importantes. Confira!<\/p>\n\n\n\n<h2 class=\"wp-block-heading\"><strong>O que \u00e9 a influenza?<\/strong><\/h2>\n\n\n\n<p>A influenza \u00e9 uma infec\u00e7\u00e3o viral aguda do sistema respirat\u00f3rio, de elevada transmissibilidade e distribui\u00e7\u00e3o global. Um indiv\u00edduo pode contra\u00ed-la v\u00e1rias vezes ao longo da vida.&nbsp;<\/p>\n\n\n\n<p>Os v\u00edrus influenza apresentam tr\u00eas tipos: A, B e C. Os v\u00edrus do tipo C s\u00e3o mais leves e a gripe deste tipo n\u00e3o evolui para um quadro de infec\u00e7\u00e3o respirat\u00f3ria grave.&nbsp;<\/p>\n\n\n\n<p>Por\u00e9m, os v\u00edrus A e B t\u00eam uma chance maior de desenvolverem infec\u00e7\u00f5es graves e s\u00e3o respons\u00e1veis por epidemias sazonais, sendo o v\u00edrus influenza A respons\u00e1vel pelas grandes pandemias. Al\u00e9m disso, o v\u00edrus influenza A \u00e9 dividido em v\u00e1rios subtipos, sendo os mais conhecidos H1N1 e o H3N2 que circulam de maneira sazonal e infectam humanos.&nbsp;<\/p>\n\n\n\n<p>A vacina ofertada \u00e0 popula\u00e7\u00e3o protege contra os principais subtipos do v\u00edrus Influenza A e Influenza B, sendo estas trivalentes ou tetravalentes.&nbsp;<\/p>\n\n\n\n<p><strong>TRIVALENTE: <\/strong>protege contra duas cepas de Influenza A (H1N1 e H3N2), e uma das poss\u00edveis cepas de Influenza B.<\/p>\n\n\n\n<p><strong>TETRAVALENTE:<\/strong> protege contra as duas cepas de Influenza A (H1N1 e H3N2) e contra duas das poss\u00edveis cepas de Influenza B.<\/p>\n\n\n\n<p>A indica\u00e7\u00e3o para vacinar anualmente contra gripe se d\u00e1 devido \u00e0s varia\u00e7\u00f5es de um ano para o outro, que fazem com que os v\u00edrus n\u00e3o sejam t\u00e3o bem reconhecidos pelo nosso sistema imunol\u00f3gico, tornando a vacina do ano anterior menos eficaz. As mudan\u00e7as nas vacinas, ou seja, a escolha das cepas que v\u00e3o compor a vacina do ano seguinte, \u00e9 definida anualmente pela OMS.<\/p>\n\n\n\n<h2 class=\"wp-block-heading\"><strong>Qual a diferen\u00e7a entre gripe e resfriado?<\/strong><\/h2>\n\n\n\n<p>Apesar de muitas pessoas considerarem a mesma coisa, a gripe \u00e9 causada pelo v\u00edrus da influenza. Entre os sintomas comuns est\u00e3o a febre, dor de garganta,coriza, tosse e dor de cabe\u00e7a. Pode haver complica\u00e7\u00f5es graves dessa doen\u00e7a (pneumonia, por exemplo), necessitando interna\u00e7\u00e3o e terapia intensiva. Sua dura\u00e7\u00e3o, em geral, \u00e9 de tr\u00eas a quatorze dias.<\/p>\n\n\n\n<p>J\u00e1 o resfriado \u00e9 causado por v\u00edrus diferentes, como o parainfluenza, v\u00edrus sincicial respirat\u00f3rio (VSR) e o metapneumov\u00edrus. Apesar de os sintomas serem bem similares aos da gripe, ocorrem de forma mais branda. Al\u00e9m de ocorrerem em um menor espa\u00e7o de tempo (entre 3 e 10 dias), n\u00e3o costumam apresentar sinais de febre alta e as chances de complica\u00e7\u00f5es s\u00e3o relativamente menores.<\/p>\n\n\n\n<h2 class=\"wp-block-heading\"><strong>Como se prevenir da influenza?<\/strong><\/h2>\n\n\n\n<p>A melhor forma de prevenir \u00e9 recebendo a vacina. Por\u00e9m, cuidados de higiene tamb\u00e9m s\u00e3o importantes, como:<\/p>\n\n\n\n<ul class=\"wp-block-list\"><li>Lavar bem as m\u00e3os com \u00e1gua e sab\u00e3o e utilizar \u00e1lcool gel com frequ\u00eancia;<\/li><li>Evitar colocar as m\u00e3os nos olhos, boca e nariz ap\u00f3s contato com superf\u00edcies;<\/li><li>N\u00e3o compartilhar objetos de uso pessoal;<\/li><li>Evitar locais fechados e com muitas pessoas presentes;<\/li><li>Evitar beber \u00e1gua em bebedouros p\u00fablicos. Utilizar copo ou garrafa pl\u00e1stica de uso pessoal.<\/li><\/ul>\n\n\n\n<p>Cobrir o nariz e a boca para tossir ou espirrar tamb\u00e9m \u00e9 importante. Por\u00e9m, as m\u00e3os n\u00e3o devem ser utilizadas, uma vez que h\u00e1 os riscos de encostar em alguma outra superf\u00edcie. Para isso, prefira objetos descart\u00e1veis e jogue-os no lixo assim que fizer o uso.<\/p>\n\n\n\n<p>Tenha sempre aten\u00e7\u00e3o ao calend\u00e1rio de vacina\u00e7\u00e3o de sua regi\u00e3o. Normalmente, postos de sa\u00fade e as operadoras de sa\u00fade divulgam o cronograma, o p\u00fablico foco e as documenta\u00e7\u00f5es necess\u00e1rias para que tome o imunizante.<\/p>\n\n\n\n<h2 class=\"wp-block-heading\"><strong>Quem pode receber a vacina contra a influenza?<\/strong><\/h2>\n\n\n\n<p>Indiv\u00edduos com idade a partir de 6 meses, especialmente para aqueles com risco aumentado de complica\u00e7\u00f5es pela gripe. Crian\u00e7as com idade entre 6 meses e 8 anos 11 meses e 29 dias, que est\u00e3o recebendo a vacina pela primeira vez precisam receber uma dose de refor\u00e7o.<\/p>\n\n\n\n<p>Gestantes e lactantes podem tomar a vacina oferecida na rede p\u00fablica (trivalente) em qualquer est\u00e1gio da gravidez e amamenta\u00e7\u00e3o, a n\u00e3o ser por indica\u00e7\u00e3o m\u00e9dica a n\u00e3o vacina\u00e7\u00e3o, entretanto se optar por receber a vacina tetravalente na rede privada \u00e9 importante verificar se o imunizante disponibilizado est\u00e1 liberado para gestante e lactante.<\/p>\n\n\n\n<h2 class=\"wp-block-heading\"><strong>Quem n\u00e3o pode receber a vacina?<\/strong><\/h2>\n\n\n\n<p>Existem alguns grupos que n\u00e3o podem receber a vacina da gripe. Entre eles, destacamos:<\/p>\n\n\n\n<ul class=\"wp-block-list\"><li>Pessoas com alergia grave a algum componente da vacina ou a dose anteriores;<\/li><li>Pessoas que possuem alergia \u00e0 ovo ou produtos contendo ovos;<\/li><li>Crian\u00e7as menores de 6 meses;<\/li><\/ul>\n\n\n\n<p>Al\u00e9m disso, recomenda-se que a vacina\u00e7\u00e3o seja adiada em pacientes com febre ou infec\u00e7\u00e3o aguda.<\/p>\n\n\n\n<h2 class=\"wp-block-heading\"><strong>Onde as vacinas podem ser encontradas?<\/strong><\/h2>\n\n\n\n<p>A vacina trivalente \u00e9 disponibilizada nos postos de sa\u00fade durante a campanha de vacina\u00e7\u00e3o contra a gripe e a tetravalente em cl\u00ednicas particulares de vacina\u00e7\u00e3o.&nbsp;<\/p>\n\n\n\n<h2 class=\"wp-block-heading\"><strong>Quais os efeitos colaterais da vacina?<\/strong><\/h2>\n\n\n\n<p>As chances de efeitos adversos s\u00e3o muito pequenas. As rea\u00e7\u00f5es s\u00e3o bastante individuais e as mais comuns s\u00e3o: dor vermelhid\u00e3o e incha\u00e7o no local, febre baixa, dor de cabe\u00e7a, dor muscular e nas articula\u00e7\u00f5es, v\u00f4mitos, calafrio, fadiga e mal-estar. S\u00e3o rea\u00e7\u00f5es transit\u00f3rias e que normalmente desaparecem espontaneamente em 1 ou 2 dias.<\/p>\n\n\n\n<p>E se voc\u00ea j\u00e1 ouviu um mito popular de que a vacina da gripe ocasiona a gripe, pode ficar despreocupado. A vacina \u00e9 elaborada com o v\u00edrus inativado. Ou seja, n\u00e3o vai oferecer qualquer risco para a pessoa que receb\u00ea-la.&nbsp;<\/p>\n\n\n\n<h2 class=\"wp-block-heading\"><strong>A vacina protege contra o novo Coronav\u00edrus (Covid-19)?<\/strong><\/h2>\n\n\n\n<p>\u00c9 importante ressaltar que a vacina contra influenza n\u00e3o tem efic\u00e1cia contra o novo Coronav\u00edrus. Por\u00e9m, neste momento, ela auxilia os profissionais de sa\u00fade na exclus\u00e3o do diagn\u00f3stico (por elimina\u00e7\u00e3o) de eventuais casos de Covid-19.<\/p>\n\n\n\n<p>Se a pessoa estiver com Covid-19, a vacina\u00e7\u00e3o dever\u00e1 ser adiada por pelo menos 4 semanas ap\u00f3s o in\u00edcio dos sintomas ou 4 semanas a partir da primeira amostra de PCR positiva (exame que identifica o v\u00edrus e confirma o diagn\u00f3stico) em pessoas assintom\u00e1ticas.<\/p>\n\n\n\n<p>As vacinas contra a gripe e Covid <strong>n\u00e3o<\/strong> podem ser aplicadas no mesmo dia! O Minist\u00e9rio da Sa\u00fade recomenda um intervalo de 14 dias entre as vacinas. Ou seja, recebendo a vacina contra Covid, a da gripe dever\u00e1 ser agendada para 14 dias, recebendo a da gripe, a do Covid dever\u00e1 ser agendada em 14 dias. Para quem \u00e9 do grupo priorit\u00e1rio para vacina\u00e7\u00e3o contra Convid, essa deve ser priorizada.<\/p>\n\n\n\n<p>Neste conte\u00fado, voc\u00ea p\u00f4de conferir algumas informa\u00e7\u00f5es \u00fateis sobre a vacina da gripe, causada pelo v\u00edrus influenza. Conforme vimos, a principal recomenda\u00e7\u00e3o para frear o cont\u00e1gio e reduzir as chances de desenvolver sintomas graves da doen\u00e7a \u00e9 por meio da vacina\u00e7\u00e3o. N\u00e3o deixe de seguir os cuidados apresentados, pois eles contribuir\u00e3o como um refor\u00e7o \u00e0 vacina.<\/p>\n\n\n\n<p>Por falar em imuniza\u00e7\u00e3o, selecionamos um outro conte\u00fado para que voc\u00ea saiba mais sobre o tema: entenda sobre o<a href=\"https:\/\/atituderimacomsaude.com.br\/dia-mundial-da-imunizacao\/\"> Dia Mundial da Imuniza\u00e7\u00e3o<\/a>.<br><\/p>\n\n\n\n<p><strong>Refer\u00eancia:<\/strong><\/p>\n\n\n\n<p>INSTITUTO NACIONAL DA SA\u00daDE DA MULHER, DA CRIAN\u00c7A E DO ADOLESCENTE DA FIOCRUZ (IFF). <strong>Entenda a vacina da gripe<\/strong>. 2021. Dispon\u00edvel em: &lt;http:\/\/www.iff.fiocruz.br\/index.php\/8-noticias\/332-vacinagripe&gt;. Acesso em: 08 Abr. 2021.<\/p>\n\n\n\n<p>MINIST\u00c9RIO DA SA\u00daDE. <strong>O que \u00e9 a influenza?<\/strong>. 2018. Dispon\u00edvel em: &lt;https:\/\/saudebrasil.saude.gov.br\/saude-brasil-contra-a-influenza&gt;. Acesso em: 08 Abr. 2021.<\/p>\n\n\n\n<p>MINIST\u00c9RIO DA SA\u00daDE. <strong>O que \u00e9 a influenza (Gripe)<\/strong>. 2021. Dispon\u00edvel em: &lt;https:\/\/portalarquivos.saude.gov.br\/campanhas\/vivamaissus\/influenza_interna.html&gt;. Acesso: em 08 Abr. 2021.<\/p>\n\n\n\n<p>MINIST\u00c9RIO DA SA\u00daDE. <strong>Gripe (Influenza)<\/strong>. 2020. Dispon\u00edvel em: &lt;https:\/\/www.gov.br\/saude\/pt-br\/assuntos\/saude-de-a-a-z-1\/g\/gripe-influenza&gt;. Acesso em: 08 Abr. 2021.<\/p>\n\n\n\n<p>SOCIEDADE BRASILEIRA DE IMUNIZA\u00c7\u00d5ES (SBIM). <strong>Vacina gripe (influenza) \u2014 trivalente ou quadrivalente<\/strong>. 2020. Dispon\u00edvel em: &lt;https:\/\/familia.sbim.org.br\/vacinas\/vacinas-disponiveis\/vacina-gripe-influenza&gt;. Acesso em: 08 Abr. 2021.<\/p>\n","protected":false},"excerpt":{"rendered":"<p>Tempo de leitura: 8 minutos. Conte\u00fado atualizado em 04\/05\/2021 No Brasil, o Minist\u00e9rio da Sa\u00fade \u00e9 o \u00f3rg\u00e3o respons\u00e1vel pela vigil\u00e2ncia da influenza, por meio da vigil\u00e2ncia sentinela de S\u00edndrome Gripal (SG) e da S\u00edndrome Respirat\u00f3ria Aguda Grave (SRAG). Os \u00f3rg\u00e3os t\u00eam como objetivo principal identificar os v\u00edrus respirat\u00f3rios circulantes e permitir o monitoramento da [&hellip;]<\/p>\n","protected":false},"author":9,"featured_media":3900,"comment_status":"open","ping_status":"open","sticky":false,"template":"","format":"standard","meta":{"_acf_changed":false,"site-sidebar-layout":"default","site-content-layout":"","ast-site-content-layout":"default","site-content-style":"default","site-sidebar-style":"default","ast-global-header-display":"","ast-banner-title-visibility":"","ast-main-header-display":"","ast-hfb-above-header-display":"","ast-hfb-below-header-display":"","ast-hfb-mobile-header-display":"","site-post-title":"","ast-breadcrumbs-content":"","ast-featured-img":"","footer-sml-layout":"","theme-transparent-header-meta":"","adv-header-id-meta":"","stick-header-meta":"","header-above-stick-meta":"","header-main-stick-meta":"","header-below-stick-meta":"","astra-migrate-meta-layouts":"default","ast-page-background-enabled":"default","ast-page-background-meta":{"desktop":{"background-color":"var(--ast-global-color-4)","background-image":"","background-repeat":"repeat","background-position":"center center","background-size":"auto","background-attachment":"scroll","background-type":"","background-media":"","overlay-type":"","overlay-color":"","overlay-opacity":"","overlay-gradient":""},"tablet":{"background-color":"","background-image":"","background-repeat":"repeat","background-position":"center center","background-size":"auto","background-attachment":"scroll","background-type":"","background-media":"","overlay-type":"","overlay-color":"","overlay-opacity":"","overlay-gradient":""},"mobile":{"background-color":"","background-image":"","background-repeat":"repeat","background-position":"center center","background-size":"auto","background-attachment":"scroll","background-type":"","background-media":"","overlay-type":"","overlay-color":"","overlay-opacity":"","overlay-gradient":""}},"ast-content-background-meta":{"desktop":{"background-color":"var(--ast-global-color-5)","background-image":"","background-repeat":"repeat","background-position":"center center","background-size":"auto","background-attachment":"scroll","background-type":"","background-media":"","overlay-type":"","overlay-color":"","overlay-opacity":"","overlay-gradient":""},"tablet":{"background-color":"var(--ast-global-color-5)","background-image":"","background-repeat":"repeat","background-position":"center center","background-size":"auto","background-attachment":"scroll","background-type":"","background-media":"","overlay-type":"","overlay-color":"","overlay-opacity":"","overlay-gradient":""},"mobile":{"background-color":"var(--ast-global-color-5)","background-image":"","background-repeat":"repeat","background-position":"center center","background-size":"auto","background-attachment":"scroll","background-type":"","background-media":"","overlay-type":"","overlay-color":"","overlay-opacity":"","overlay-gradient":""}},"footnotes":""},"categories":[1],"tags":[],"class_list":["post-3900","post","type-post","status-publish","format-standard","has-post-thumbnail","hentry","category-noticias"],"acf":[],"yoast_head":"<!-- This site is optimized with the Yoast SEO plugin v26.9 - https:\/\/yoast.com\/product\/yoast-seo-wordpress\/ -->\n<title>Conhe\u00e7a um pouco mais sobre a gripe e as vacinas dispon\u00edveis - Usisa\u00fade<\/title>\n<meta name=\"robots\" content=\"index, follow, max-snippet:-1, max-image-preview:large, max-video-preview:-1\" \/>\n<link rel=\"canonical\" href=\"https:\/\/www.fsfx.com.br\/usisaude\/conheca-um-pouco-mais-sobre-a-gripe-e-as-vacinas-disponiveis\/\" \/>\n<meta property=\"og:locale\" content=\"pt_BR\" \/>\n<meta property=\"og:type\" content=\"article\" \/>\n<meta property=\"og:title\" content=\"Conhe\u00e7a um pouco mais sobre a gripe e as vacinas dispon\u00edveis - Usisa\u00fade\" \/>\n<meta property=\"og:description\" content=\"Tempo de leitura: 8 minutos. Conte\u00fado atualizado em 04\/05\/2021 No Brasil, o Minist\u00e9rio da Sa\u00fade \u00e9 o \u00f3rg\u00e3o respons\u00e1vel pela vigil\u00e2ncia da influenza, por meio da vigil\u00e2ncia sentinela de S\u00edndrome Gripal (SG) e da S\u00edndrome Respirat\u00f3ria Aguda Grave (SRAG). Os \u00f3rg\u00e3os t\u00eam como objetivo principal identificar os v\u00edrus respirat\u00f3rios circulantes e permitir o monitoramento da [&hellip;]\" \/>\n<meta property=\"og:url\" content=\"https:\/\/www.fsfx.com.br\/usisaude\/conheca-um-pouco-mais-sobre-a-gripe-e-as-vacinas-disponiveis\/\" \/>\n<meta property=\"og:site_name\" content=\"Usisa\u00fade\" \/>\n<meta property=\"article:published_time\" content=\"2020-06-17T20:55:31+00:00\" \/>\n<meta property=\"article:modified_time\" content=\"2024-09-12T18:09:19+00:00\" \/>\n<meta name=\"twitter:card\" content=\"summary_large_image\" \/>\n<meta name=\"twitter:label1\" content=\"Escrito por\" \/>\n\t<meta name=\"twitter:data1\" content=\"\" \/>\n\t<meta name=\"twitter:label2\" content=\"Est. tempo de leitura\" \/>\n\t<meta name=\"twitter:data2\" content=\"7 minutos\" \/>\n<script type=\"application\/ld+json\" class=\"yoast-schema-graph\">{\"@context\":\"https:\/\/schema.org\",\"@graph\":[{\"@type\":\"Article\",\"@id\":\"https:\/\/www.fsfx.com.br\/usisaude\/conheca-um-pouco-mais-sobre-a-gripe-e-as-vacinas-disponiveis\/#article\",\"isPartOf\":{\"@id\":\"https:\/\/www.fsfx.com.br\/usisaude\/conheca-um-pouco-mais-sobre-a-gripe-e-as-vacinas-disponiveis\/\"},\"author\":{\"name\":\"\",\"@id\":\"\"},\"headline\":\"Conhe\u00e7a um pouco mais sobre a gripe e as vacinas dispon\u00edveis\",\"datePublished\":\"2020-06-17T20:55:31+00:00\",\"dateModified\":\"2024-09-12T18:09:19+00:00\",\"mainEntityOfPage\":{\"@id\":\"https:\/\/www.fsfx.com.br\/usisaude\/conheca-um-pouco-mais-sobre-a-gripe-e-as-vacinas-disponiveis\/\"},\"wordCount\":1474,\"commentCount\":0,\"publisher\":{\"@id\":\"https:\/\/www.fsfx.com.br\/usisaude\/#organization\"},\"image\":{\"@id\":\"https:\/\/www.fsfx.com.br\/usisaude\/conheca-um-pouco-mais-sobre-a-gripe-e-as-vacinas-disponiveis\/#primaryimage\"},\"thumbnailUrl\":\"\",\"articleSection\":[\"Not\u00edcias\"],\"inLanguage\":\"pt-BR\",\"potentialAction\":[{\"@type\":\"CommentAction\",\"name\":\"Comment\",\"target\":[\"https:\/\/www.fsfx.com.br\/usisaude\/conheca-um-pouco-mais-sobre-a-gripe-e-as-vacinas-disponiveis\/#respond\"]}]},{\"@type\":\"WebPage\",\"@id\":\"https:\/\/www.fsfx.com.br\/usisaude\/conheca-um-pouco-mais-sobre-a-gripe-e-as-vacinas-disponiveis\/\",\"url\":\"https:\/\/www.fsfx.com.br\/usisaude\/conheca-um-pouco-mais-sobre-a-gripe-e-as-vacinas-disponiveis\/\",\"name\":\"Conhe\u00e7a um pouco mais sobre a gripe e as vacinas dispon\u00edveis - Usisa\u00fade\",\"isPartOf\":{\"@id\":\"https:\/\/www.fsfx.com.br\/usisaude\/#website\"},\"primaryImageOfPage\":{\"@id\":\"https:\/\/www.fsfx.com.br\/usisaude\/conheca-um-pouco-mais-sobre-a-gripe-e-as-vacinas-disponiveis\/#primaryimage\"},\"image\":{\"@id\":\"https:\/\/www.fsfx.com.br\/usisaude\/conheca-um-pouco-mais-sobre-a-gripe-e-as-vacinas-disponiveis\/#primaryimage\"},\"thumbnailUrl\":\"\",\"datePublished\":\"2020-06-17T20:55:31+00:00\",\"dateModified\":\"2024-09-12T18:09:19+00:00\",\"breadcrumb\":{\"@id\":\"https:\/\/www.fsfx.com.br\/usisaude\/conheca-um-pouco-mais-sobre-a-gripe-e-as-vacinas-disponiveis\/#breadcrumb\"},\"inLanguage\":\"pt-BR\",\"potentialAction\":[{\"@type\":\"ReadAction\",\"target\":[\"https:\/\/www.fsfx.com.br\/usisaude\/conheca-um-pouco-mais-sobre-a-gripe-e-as-vacinas-disponiveis\/\"]}]},{\"@type\":\"ImageObject\",\"inLanguage\":\"pt-BR\",\"@id\":\"https:\/\/www.fsfx.com.br\/usisaude\/conheca-um-pouco-mais-sobre-a-gripe-e-as-vacinas-disponiveis\/#primaryimage\",\"url\":\"\",\"contentUrl\":\"\"},{\"@type\":\"BreadcrumbList\",\"@id\":\"https:\/\/www.fsfx.com.br\/usisaude\/conheca-um-pouco-mais-sobre-a-gripe-e-as-vacinas-disponiveis\/#breadcrumb\",\"itemListElement\":[{\"@type\":\"ListItem\",\"position\":1,\"name\":\"In\u00edcio\",\"item\":\"https:\/\/www.fsfx.com.br\/usisaude\/\"},{\"@type\":\"ListItem\",\"position\":2,\"name\":\"Conhe\u00e7a um pouco mais sobre a gripe e as vacinas dispon\u00edveis\"}]},{\"@type\":\"WebSite\",\"@id\":\"https:\/\/www.fsfx.com.br\/usisaude\/#website\",\"url\":\"https:\/\/www.fsfx.com.br\/usisaude\/\",\"name\":\"Usisa\u00fade\",\"description\":\"Somos a Usisa\u00fade, uma operadora de planos de sa\u00fade da Funda\u00e7\u00e3o S\u00e3o Francisco Xavier (FSFX), a maior em modalidade filantr\u00f3pica do pa\u00eds.\",\"publisher\":{\"@id\":\"https:\/\/www.fsfx.com.br\/usisaude\/#organization\"},\"potentialAction\":[{\"@type\":\"SearchAction\",\"target\":{\"@type\":\"EntryPoint\",\"urlTemplate\":\"https:\/\/www.fsfx.com.br\/usisaude\/?s={search_term_string}\"},\"query-input\":{\"@type\":\"PropertyValueSpecification\",\"valueRequired\":true,\"valueName\":\"search_term_string\"}}],\"inLanguage\":\"pt-BR\"},{\"@type\":\"Organization\",\"@id\":\"https:\/\/www.fsfx.com.br\/usisaude\/#organization\",\"name\":\"Usisa\u00fade\",\"url\":\"https:\/\/www.fsfx.com.br\/usisaude\/\",\"logo\":{\"@type\":\"ImageObject\",\"inLanguage\":\"pt-BR\",\"@id\":\"https:\/\/www.fsfx.com.br\/usisaude\/#\/schema\/logo\/image\/\",\"url\":\"https:\/\/www.fsfx.com.br\/usisaude\/wp-content\/uploads\/sites\/6\/2022\/03\/logo-ususaude-1.svg\",\"contentUrl\":\"https:\/\/www.fsfx.com.br\/usisaude\/wp-content\/uploads\/sites\/6\/2022\/03\/logo-ususaude-1.svg\",\"width\":445,\"height\":196,\"caption\":\"Usisa\u00fade\"},\"image\":{\"@id\":\"https:\/\/www.fsfx.com.br\/usisaude\/#\/schema\/logo\/image\/\"}},{\"@type\":\"Person\",\"@id\":\"\",\"url\":\"https:\/\/www.fsfx.com.br\/usisaude\/author\/\"}]}<\/script>\n<!-- \/ Yoast SEO plugin. -->","yoast_head_json":{"title":"Conhe\u00e7a um pouco mais sobre a gripe e as vacinas dispon\u00edveis - Usisa\u00fade","robots":{"index":"index","follow":"follow","max-snippet":"max-snippet:-1","max-image-preview":"max-image-preview:large","max-video-preview":"max-video-preview:-1"},"canonical":"https:\/\/www.fsfx.com.br\/usisaude\/conheca-um-pouco-mais-sobre-a-gripe-e-as-vacinas-disponiveis\/","og_locale":"pt_BR","og_type":"article","og_title":"Conhe\u00e7a um pouco mais sobre a gripe e as vacinas dispon\u00edveis - Usisa\u00fade","og_description":"Tempo de leitura: 8 minutos. Conte\u00fado atualizado em 04\/05\/2021 No Brasil, o Minist\u00e9rio da Sa\u00fade \u00e9 o \u00f3rg\u00e3o respons\u00e1vel pela vigil\u00e2ncia da influenza, por meio da vigil\u00e2ncia sentinela de S\u00edndrome Gripal (SG) e da S\u00edndrome Respirat\u00f3ria Aguda Grave (SRAG). Os \u00f3rg\u00e3os t\u00eam como objetivo principal identificar os v\u00edrus respirat\u00f3rios circulantes e permitir o monitoramento da [&hellip;]","og_url":"https:\/\/www.fsfx.com.br\/usisaude\/conheca-um-pouco-mais-sobre-a-gripe-e-as-vacinas-disponiveis\/","og_site_name":"Usisa\u00fade","article_published_time":"2020-06-17T20:55:31+00:00","article_modified_time":"2024-09-12T18:09:19+00:00","twitter_card":"summary_large_image","twitter_misc":{"Escrito por":"","Est. tempo de leitura":"7 minutos"},"schema":{"@context":"https:\/\/schema.org","@graph":[{"@type":"Article","@id":"https:\/\/www.fsfx.com.br\/usisaude\/conheca-um-pouco-mais-sobre-a-gripe-e-as-vacinas-disponiveis\/#article","isPartOf":{"@id":"https:\/\/www.fsfx.com.br\/usisaude\/conheca-um-pouco-mais-sobre-a-gripe-e-as-vacinas-disponiveis\/"},"author":{"name":"","@id":""},"headline":"Conhe\u00e7a um pouco mais sobre a gripe e as vacinas dispon\u00edveis","datePublished":"2020-06-17T20:55:31+00:00","dateModified":"2024-09-12T18:09:19+00:00","mainEntityOfPage":{"@id":"https:\/\/www.fsfx.com.br\/usisaude\/conheca-um-pouco-mais-sobre-a-gripe-e-as-vacinas-disponiveis\/"},"wordCount":1474,"commentCount":0,"publisher":{"@id":"https:\/\/www.fsfx.com.br\/usisaude\/#organization"},"image":{"@id":"https:\/\/www.fsfx.com.br\/usisaude\/conheca-um-pouco-mais-sobre-a-gripe-e-as-vacinas-disponiveis\/#primaryimage"},"thumbnailUrl":"","articleSection":["Not\u00edcias"],"inLanguage":"pt-BR","potentialAction":[{"@type":"CommentAction","name":"Comment","target":["https:\/\/www.fsfx.com.br\/usisaude\/conheca-um-pouco-mais-sobre-a-gripe-e-as-vacinas-disponiveis\/#respond"]}]},{"@type":"WebPage","@id":"https:\/\/www.fsfx.com.br\/usisaude\/conheca-um-pouco-mais-sobre-a-gripe-e-as-vacinas-disponiveis\/","url":"https:\/\/www.fsfx.com.br\/usisaude\/conheca-um-pouco-mais-sobre-a-gripe-e-as-vacinas-disponiveis\/","name":"Conhe\u00e7a um pouco mais sobre a gripe e as vacinas dispon\u00edveis - Usisa\u00fade","isPartOf":{"@id":"https:\/\/www.fsfx.com.br\/usisaude\/#website"},"primaryImageOfPage":{"@id":"https:\/\/www.fsfx.com.br\/usisaude\/conheca-um-pouco-mais-sobre-a-gripe-e-as-vacinas-disponiveis\/#primaryimage"},"image":{"@id":"https:\/\/www.fsfx.com.br\/usisaude\/conheca-um-pouco-mais-sobre-a-gripe-e-as-vacinas-disponiveis\/#primaryimage"},"thumbnailUrl":"","datePublished":"2020-06-17T20:55:31+00:00","dateModified":"2024-09-12T18:09:19+00:00","breadcrumb":{"@id":"https:\/\/www.fsfx.com.br\/usisaude\/conheca-um-pouco-mais-sobre-a-gripe-e-as-vacinas-disponiveis\/#breadcrumb"},"inLanguage":"pt-BR","potentialAction":[{"@type":"ReadAction","target":["https:\/\/www.fsfx.com.br\/usisaude\/conheca-um-pouco-mais-sobre-a-gripe-e-as-vacinas-disponiveis\/"]}]},{"@type":"ImageObject","inLanguage":"pt-BR","@id":"https:\/\/www.fsfx.com.br\/usisaude\/conheca-um-pouco-mais-sobre-a-gripe-e-as-vacinas-disponiveis\/#primaryimage","url":"","contentUrl":""},{"@type":"BreadcrumbList","@id":"https:\/\/www.fsfx.com.br\/usisaude\/conheca-um-pouco-mais-sobre-a-gripe-e-as-vacinas-disponiveis\/#breadcrumb","itemListElement":[{"@type":"ListItem","position":1,"name":"In\u00edcio","item":"https:\/\/www.fsfx.com.br\/usisaude\/"},{"@type":"ListItem","position":2,"name":"Conhe\u00e7a um pouco mais sobre a gripe e as vacinas dispon\u00edveis"}]},{"@type":"WebSite","@id":"https:\/\/www.fsfx.com.br\/usisaude\/#website","url":"https:\/\/www.fsfx.com.br\/usisaude\/","name":"Usisa\u00fade","description":"Somos a Usisa\u00fade, uma operadora de planos de sa\u00fade da Funda\u00e7\u00e3o S\u00e3o Francisco Xavier (FSFX), a maior em modalidade filantr\u00f3pica do pa\u00eds.","publisher":{"@id":"https:\/\/www.fsfx.com.br\/usisaude\/#organization"},"potentialAction":[{"@type":"SearchAction","target":{"@type":"EntryPoint","urlTemplate":"https:\/\/www.fsfx.com.br\/usisaude\/?s={search_term_string}"},"query-input":{"@type":"PropertyValueSpecification","valueRequired":true,"valueName":"search_term_string"}}],"inLanguage":"pt-BR"},{"@type":"Organization","@id":"https:\/\/www.fsfx.com.br\/usisaude\/#organization","name":"Usisa\u00fade","url":"https:\/\/www.fsfx.com.br\/usisaude\/","logo":{"@type":"ImageObject","inLanguage":"pt-BR","@id":"https:\/\/www.fsfx.com.br\/usisaude\/#\/schema\/logo\/image\/","url":"https:\/\/www.fsfx.com.br\/usisaude\/wp-content\/uploads\/sites\/6\/2022\/03\/logo-ususaude-1.svg","contentUrl":"https:\/\/www.fsfx.com.br\/usisaude\/wp-content\/uploads\/sites\/6\/2022\/03\/logo-ususaude-1.svg","width":445,"height":196,"caption":"Usisa\u00fade"},"image":{"@id":"https:\/\/www.fsfx.com.br\/usisaude\/#\/schema\/logo\/image\/"}},{"@type":"Person","@id":"","url":"https:\/\/www.fsfx.com.br\/usisaude\/author\/"}]}},"_links":{"self":[{"href":"https:\/\/www.fsfx.com.br\/usisaude\/wp-json\/wp\/v2\/posts\/3900","targetHints":{"allow":["GET"]}}],"collection":[{"href":"https:\/\/www.fsfx.com.br\/usisaude\/wp-json\/wp\/v2\/posts"}],"about":[{"href":"https:\/\/www.fsfx.com.br\/usisaude\/wp-json\/wp\/v2\/types\/post"}],"author":[{"embeddable":true,"href":"https:\/\/www.fsfx.com.br\/usisaude\/wp-json\/wp\/v2\/users\/9"}],"replies":[{"embeddable":true,"href":"https:\/\/www.fsfx.com.br\/usisaude\/wp-json\/wp\/v2\/comments?post=3900"}],"version-history":[{"count":1,"href":"https:\/\/www.fsfx.com.br\/usisaude\/wp-json\/wp\/v2\/posts\/3900\/revisions"}],"predecessor-version":[{"id":10917,"href":"https:\/\/www.fsfx.com.br\/usisaude\/wp-json\/wp\/v2\/posts\/3900\/revisions\/10917"}],"wp:featuredmedia":[{"embeddable":true,"href":"https:\/\/www.fsfx.com.br\/usisaude\/wp-json\/wp\/v2\/posts\/3900"}],"wp:attachment":[{"href":"https:\/\/www.fsfx.com.br\/usisaude\/wp-json\/wp\/v2\/media?parent=3900"}],"wp:term":[{"taxonomy":"category","embeddable":true,"href":"https:\/\/www.fsfx.com.br\/usisaude\/wp-json\/wp\/v2\/categories?post=3900"},{"taxonomy":"post_tag","embeddable":true,"href":"https:\/\/www.fsfx.com.br\/usisaude\/wp-json\/wp\/v2\/tags?post=3900"}],"curies":[{"name":"wp","href":"https:\/\/api.w.org\/{rel}","templated":true}]}}