{"id":4109,"date":"2021-01-08T17:34:04","date_gmt":"2021-01-08T17:34:04","guid":{"rendered":"http:\/\/atituderimacomsaude.com.br\/?p=4109"},"modified":"2024-09-12T15:07:49","modified_gmt":"2024-09-12T18:07:49","slug":"isolamento-social-como-cuidar-da-saude-mental","status":"publish","type":"post","link":"https:\/\/www.fsfx.com.br\/usisaude\/isolamento-social-como-cuidar-da-saude-mental\/","title":{"rendered":"Isolamento social: como cuidar da sa\u00fade mental"},"content":{"rendered":"\n<p>Tempo de leitura: 6 minutos<\/p>\n\n\n\n<p>2020 foi um ano desafiador, todos n\u00f3s sabemos. Desde que o primeiro caso de coronav\u00edrus foi confirmado, autoridades municipais, estaduais e federais&nbsp; decretaram medidas de isolamento social para conter o avan\u00e7o da doen\u00e7a.<\/p>\n\n\n\n<p>Nesse contexto, diversas preocupa\u00e7\u00f5es surgiram, tais como: quais seriam os impactos econ\u00f4micos e pol\u00edticos, quanto tempo duraria, quais os impactos para a sa\u00fade, al\u00e9m de levantar uma preocupa\u00e7\u00e3o muito pertinente &#8211; a sa\u00fade mental.<\/p>\n\n\n\n<p>Situa\u00e7\u00f5es que se tornaram frequentes pela pandemia como a solid\u00e3o, perda da rotina, falta de conv\u00edvio com pessoas pr\u00f3ximas e a redu\u00e7\u00e3o das atividades f\u00edsicas, podem impactar na sa\u00fade mental de forma significativa. Estudos realizados desde o in\u00edcio do isolamento social indicaram aumento da preval\u00eancia de sentimentos de ansiedade, depress\u00e3o, preocupa\u00e7\u00e3o, tristeza, irritabilidade, ins\u00f4nia e estresse.&nbsp;<\/p>\n\n\n\n<p>A seguir, selecionamos algumas pr\u00e1ticas de como cuidar da sa\u00fade mental durante o per\u00edodo de isolamento social.<\/p>\n\n\n\n<h2 class=\"wp-block-heading\"><strong>Desenvolva uma rotina saud\u00e1vel<\/strong><\/h2>\n\n\n\n<p>A sua rotina deve ser pensada de forma cuidadosa, para que seja saud\u00e1vel. Mesmo trabalhando de casa, o ideal \u00e9 que mantenha alguns h\u00e1bitos e hor\u00e1rios bem estabelecidos, tanto relacionados aos aspectos profissionais quanto ao lado pessoal.<\/p>\n\n\n\n<p>Refei\u00e7\u00f5es, por exemplo, precisam ser mantidas em hor\u00e1rios pr\u00e9-estabelecidos, assim como as atividades do trabalho. Al\u00e9m disso, n\u00e3o deixe de acrescentar itens relacionados ao lazer. H\u00e1 atividades simples que podem ser feitas sem sair de casa, como assistir filmes e s\u00e9ries com toda a fam\u00edlia, ou dedicar um tempinho para a leitura de um bom livro.<\/p>\n\n\n\n<h2 class=\"wp-block-heading\"><strong>Mantenha a mente ativa<\/strong><\/h2>\n\n\n\n<p>Caso as suas atividades do trabalho possuam um escopo muito bem definido e sem grandes novidades, busque por mais oportunidade de manter a mente ativa, pratique atividades que estimulem o pensamento criativo.<\/p>\n\n\n\n<p>Al\u00e9m disso, busque aprender algo novo. Com a pandemia, diversos cursos est\u00e3o sendo disponibilizados, via internet, o que possibilita sempre a aquisi\u00e7\u00e3o de novos conhecimentos. Descubra novos hobbies, como cozinhar, desenhar, tocar algum instrumento musical ou atividades manuais.<\/p>\n\n\n\n<h2 class=\"wp-block-heading\"><strong>Fa\u00e7a exerc\u00edcios em casa e cuide da alimenta\u00e7\u00e3o<\/strong><\/h2>\n\n\n\n<p>Al\u00e9m de contribuir para a sa\u00fade f\u00edsica, os exerc\u00edcios f\u00edsicos favorecem a libera\u00e7\u00e3o de subst\u00e2ncias que regulam o humor e, por essa raz\u00e3o, est\u00e3o associados \u00e0 sensa\u00e7\u00e3o de bem-estar. T\u00e3o importante quanto exercitar a mente, \u00e9 exercitar o corpo!<\/p>\n\n\n\n<p>A alimenta\u00e7\u00e3o saud\u00e1vel tamb\u00e9m \u00e9 uma excelente aliada, tanto dos exerc\u00edcios quanto da sa\u00fade mental. Al\u00e9m do mais, uma alimenta\u00e7\u00e3o balanceada ir\u00e1 fornecer nutrientes essenciais e que ir\u00e3o garantir o funcionamento adequado do corpo. Prefira alimentos <em>in natura <\/em>ou que sejam minimamente processados, e evite os industrializados (ricos em a\u00e7\u00facares, gorduras e sal). Aproveite o per\u00edodo de isolamento social para praticar habilidades culin\u00e1rias!<\/p>\n\n\n\n<h2 class=\"wp-block-heading\"><strong>Preocupe-se com o sono<\/strong><\/h2>\n\n\n\n<p>Quando mencionamos sobre hor\u00e1rios, n\u00e3o podemos deixar de falar sobre o sono de qualidade. O recomendado \u00e9 que durma entre 7 e 8 horas por noite (mas essa quantidade de horas \u00e9 muito individual), e acorde sentindo-se bem-disposto, com energias renovadas. Evite comer alimentos de dif\u00edcil digest\u00e3o (ricos em gorduras e a\u00e7\u00facares) poucas horas antes de dormir, al\u00e9m de se preocupar em deixar o espa\u00e7o do quarto prop\u00edcio para o descanso, preocupe-se em manter uma baixa luminosidade, reduzir os ru\u00eddos, evitar o uso de celular, e <s>&#8211;<\/s> nada de levar trabalho para a cama!<\/p>\n\n\n\n<h2 class=\"wp-block-heading\"><strong>Mantenha contato frequente com pessoas queridas&nbsp;<\/strong><\/h2>\n\n\n\n<p>Aproveite as plataformas digitais para se manter conectado com a fam\u00edlia e amigos. O contato social, mesmo que ocorra virtualmente, ir\u00e1 ajudar a manter a sa\u00fade mental em dia.&nbsp;<\/p>\n\n\n\n<p>Aproveite para conversar sobre assuntos diversos, e n\u00e3o se prenda apenas \u00e0s not\u00edcias ruins. Uma dica \u00e9 escolher um hor\u00e1rio do dia para se informar.&nbsp; E lembre-se: busque sempre fontes confi\u00e1veis de not\u00edcias sobre a pandemia, pois, al\u00e9m de muitas not\u00edcias falsas estarem circulando, o excesso de informa\u00e7\u00f5es aumenta a ansiedade.&nbsp;<br><\/p>\n\n\n\n<h2 class=\"wp-block-heading\"><strong>Cuide do bem-estar f\u00edsico de crian\u00e7as e idosos<\/strong><\/h2>\n\n\n\n<p>No per\u00edodo de pandemia, tamb\u00e9m \u00e9 preciso preocupar-se com o bem-estar f\u00edsico de crian\u00e7as e idosos. Nesse sentido, para as pessoas de terceira idade, estimule a pr\u00e1tica de exerc\u00edcios que podem ser feitos em um ambiente dom\u00e9stico, como yoga, exerc\u00edcios funcionais, alongamentos, entre outros, mas sempre com orienta\u00e7\u00e3o profissional.<\/p>\n\n\n\n<p>Quanto \u00e0s crian\u00e7as, busque realizar atividades que estimulem a sua criatividade. H\u00e1 in\u00fameras brincadeiras que podem ser feitas de forma divertida, como ca\u00e7a ao tesouro, produ\u00e7\u00e3o de massinhas e a cria\u00e7\u00e3o de hist\u00f3rias.<\/p>\n\n\n\n<h2 class=\"wp-block-heading\"><strong>Entenda sobre o \u201cJaneiro Branco\u201d<\/strong><\/h2>\n\n\n\n<p>Por falar em sa\u00fade mental e isolamento social, n\u00e3o podemos deixar de mencionar sobre o Janeiro Branco. Trata-se de uma campanha que estimula as pessoas a refletirem sobre sa\u00fade mental, colocando o tema em evid\u00eancia para a conscientiza\u00e7\u00e3o da popula\u00e7\u00e3o.<\/p>\n\n\n\n<p>Criada em 2014 por um grupo de psicol\u00f3gicos do estado de Minas Gerais, o \u201cJaneiro Branco\u201d chama a aten\u00e7\u00e3o para o assunto, e espalha a mensagem pelas institui\u00e7\u00f5es, al\u00e9m de fomentar uma cultura de sa\u00fade mental, t\u00e3o importante para a popula\u00e7\u00e3o &#8211; especialmente nesse contexto de isolamento social.<\/p>\n\n\n\n<p>Admitir que algo est\u00e1 errado com o nosso psicol\u00f3gico n\u00e3o \u00e9 motivo de vergonha ou fraqueza, por isso, sempre que for necess\u00e1rio, fale como est\u00e1 se sentindo . \u00c9 important\u00edssimo ter uma rede de apoio, representada por pessoas pr\u00f3ximas, que podem te auxiliar e at\u00e9 te ajudar a procurar ajuda quando necess\u00e1rio. Afinal, \u201cquem cuida da mente, cuida da vida!\u201d&nbsp;<\/p>\n\n\n\n<p>Se gostou do material sobre isolamento social e deseja ter acesso a outros materiais como esse, continue no blog e procure nossa equipe para conhecer melhor o Projeto Buscar!<br><\/p>\n\n\n\n<p><strong>Refer\u00eancias:<\/strong><\/p>\n\n\n\n<p>AG\u00caNCIA BRASIL. <strong>Pesquisa analisa rela\u00e7\u00e3o entre isolamento social e doen\u00e7as mentais<\/strong>. Dispon\u00edvel em: https:\/\/agenciabrasil.ebc.com.br\/saude\/noticia\/2020-08\/pesquisa-analisa-relacao-entre-isolamento-social-e-doencas-mentais. Acesso em: 22 DEZ. 2020.<\/p>\n\n\n\n<p>FUNDA\u00c7\u00c3O OSWALDO CRUZ (FIOCRUZ). <strong>Covid-19: como o isolamento social influencia a sa\u00fade mental infantil<\/strong>. Dispon\u00edvel em: https:\/\/portal.fiocruz.br\/noticia\/covid-19-como-o-isolamento-social-influencia-saude-mental-infantil. Acesso em: 22 DEZ. 2020.<\/p>\n\n\n\n<p>PONTIF\u00cdCIA UNIVERSIDADE CAT\u00d3LICA DO RIO GRANDE DO SUL (PUC RS). <strong>Cuidados com a sa\u00fade mental em tempos de isolamento social<\/strong>. Dispon\u00edvel em: https:\/\/www.pucrs.br\/blog\/cuidados-com-a-saude-mental-em-tempos-de-isolamento-social\/. Acesso em: 22 DEZ. 2020.<\/p>\n\n\n\n<p>SECRETARIA DE SA\u00daDE DO ESTADO DE GOI\u00c1S. <strong>Guia de cuidado da sa\u00fade mental na pandemia de Covid-19<\/strong>. Dispon\u00edvel em: https:\/\/www.saude.go.gov.br\/files\/banner_coronavirus\/manual_saudemental-coronavirus.pdf. Acesso em: 22 DEZ. 2020.<\/p>\n\n\n\n<p>SECRETARIA DE SA\u00daDE DO ESTADO DE SANTA CATARINA. <strong>Recomenda\u00e7\u00f5es de sa\u00fade mental para o per\u00edodo de isolamento social<\/strong>. Dispon\u00edvel em: https:\/\/www.sc.gov.br\/images\/Secom_Noticias\/Documentos\/saude_mental_.pdf. Acesso em: 22 DEZ. 2020.<\/p>\n\n\n\n<p>UNIVERSIDADE DE S\u00c3O PAULO (USP). <strong>Isolamento social \u00e9 fator de risco para a sa\u00fade mental das crian\u00e7as<\/strong>. Dispon\u00edvel em: https:\/\/jornal.usp.br\/atualidades\/isolamento-social-e-fator-de-risco-para-a-saude-mental-das-criancas\/. Acesso em: 22 DEZ. 2020.<\/p>\n\n\n\n<p>UNIVERSIDADE FEDERAL DO RIO DE JANEIRO (UFRJ). <strong>Coronav\u00edrus: sa\u00fade mental em tempos de isolamento<\/strong>. Dispon\u00edvel em: https:\/\/conexao.ufrj.br\/2020\/03\/25\/coronavirus-saude-mental-em-tempos-de-isolamento\/. Acesso em: 22 DEZ. 2020.<\/p>\n\n\n\n<p>UNIVERSIDADE FEDERAL DO SUL E SUDESTE DO PAR\u00c1 (UNIFESSPA). <strong>Guia de cuidado da sa\u00fade mental na pandemia de Covid-19<\/strong>. Dispon\u00edvel em: https:\/\/www.unifesspa.edu.br\/noticias\/4834-pesquisa-da-unifesspa-mostra-como-o-isolamento-social-impactou-a-saude-mental-dos-brasileiros. Acesso em: 22 DEZ. 2020.<br><\/p>\n","protected":false},"excerpt":{"rendered":"<p>Tempo de leitura: 6 minutos 2020 foi um ano desafiador, todos n\u00f3s sabemos. Desde que o primeiro caso de coronav\u00edrus foi confirmado, autoridades municipais, estaduais e federais&nbsp; decretaram medidas de isolamento social para conter o avan\u00e7o da doen\u00e7a. Nesse contexto, diversas preocupa\u00e7\u00f5es surgiram, tais como: quais seriam os impactos econ\u00f4micos e pol\u00edticos, quanto tempo duraria, [&hellip;]<\/p>\n","protected":false},"author":10,"featured_media":4110,"comment_status":"open","ping_status":"open","sticky":false,"template":"","format":"standard","meta":{"_acf_changed":false,"site-sidebar-layout":"default","site-content-layout":"","ast-site-content-layout":"default","site-content-style":"default","site-sidebar-style":"default","ast-global-header-display":"","ast-banner-title-visibility":"","ast-main-header-display":"","ast-hfb-above-header-display":"","ast-hfb-below-header-display":"","ast-hfb-mobile-header-display":"","site-post-title":"","ast-breadcrumbs-content":"","ast-featured-img":"","footer-sml-layout":"","theme-transparent-header-meta":"","adv-header-id-meta":"","stick-header-meta":"","header-above-stick-meta":"","header-main-stick-meta":"","header-below-stick-meta":"","astra-migrate-meta-layouts":"default","ast-page-background-enabled":"default","ast-page-background-meta":{"desktop":{"background-color":"var(--ast-global-color-4)","background-image":"","background-repeat":"repeat","background-position":"center center","background-size":"auto","background-attachment":"scroll","background-type":"","background-media":"","overlay-type":"","overlay-color":"","overlay-opacity":"","overlay-gradient":""},"tablet":{"background-color":"","background-image":"","background-repeat":"repeat","background-position":"center center","background-size":"auto","background-attachment":"scroll","background-type":"","background-media":"","overlay-type":"","overlay-color":"","overlay-opacity":"","overlay-gradient":""},"mobile":{"background-color":"","background-image":"","background-repeat":"repeat","background-position":"center center","background-size":"auto","background-attachment":"scroll","background-type":"","background-media":"","overlay-type":"","overlay-color":"","overlay-opacity":"","overlay-gradient":""}},"ast-content-background-meta":{"desktop":{"background-color":"var(--ast-global-color-5)","background-image":"","background-repeat":"repeat","background-position":"center center","background-size":"auto","background-attachment":"scroll","background-type":"","background-media":"","overlay-type":"","overlay-color":"","overlay-opacity":"","overlay-gradient":""},"tablet":{"background-color":"var(--ast-global-color-5)","background-image":"","background-repeat":"repeat","background-position":"center center","background-size":"auto","background-attachment":"scroll","background-type":"","background-media":"","overlay-type":"","overlay-color":"","overlay-opacity":"","overlay-gradient":""},"mobile":{"background-color":"var(--ast-global-color-5)","background-image":"","background-repeat":"repeat","background-position":"center center","background-size":"auto","background-attachment":"scroll","background-type":"","background-media":"","overlay-type":"","overlay-color":"","overlay-opacity":"","overlay-gradient":""}},"footnotes":""},"categories":[1],"tags":[],"class_list":["post-4109","post","type-post","status-publish","format-standard","has-post-thumbnail","hentry","category-noticias"],"acf":[],"yoast_head":"<!-- This site is optimized with the Yoast SEO plugin v26.9 - https:\/\/yoast.com\/product\/yoast-seo-wordpress\/ -->\n<title>Isolamento social: como cuidar da sa\u00fade mental - Usisa\u00fade<\/title>\n<meta name=\"robots\" content=\"index, follow, max-snippet:-1, max-image-preview:large, max-video-preview:-1\" \/>\n<link rel=\"canonical\" href=\"https:\/\/www.fsfx.com.br\/usisaude\/isolamento-social-como-cuidar-da-saude-mental\/\" \/>\n<meta property=\"og:locale\" content=\"pt_BR\" \/>\n<meta property=\"og:type\" content=\"article\" \/>\n<meta property=\"og:title\" content=\"Isolamento social: como cuidar da sa\u00fade mental - Usisa\u00fade\" \/>\n<meta property=\"og:description\" content=\"Tempo de leitura: 6 minutos 2020 foi um ano desafiador, todos n\u00f3s sabemos. Desde que o primeiro caso de coronav\u00edrus foi confirmado, autoridades municipais, estaduais e federais&nbsp; decretaram medidas de isolamento social para conter o avan\u00e7o da doen\u00e7a. Nesse contexto, diversas preocupa\u00e7\u00f5es surgiram, tais como: quais seriam os impactos econ\u00f4micos e pol\u00edticos, quanto tempo duraria, [&hellip;]\" \/>\n<meta property=\"og:url\" content=\"https:\/\/www.fsfx.com.br\/usisaude\/isolamento-social-como-cuidar-da-saude-mental\/\" \/>\n<meta property=\"og:site_name\" content=\"Usisa\u00fade\" \/>\n<meta property=\"article:published_time\" content=\"2021-01-08T17:34:04+00:00\" \/>\n<meta property=\"article:modified_time\" content=\"2024-09-12T18:07:49+00:00\" \/>\n<meta name=\"author\" content=\"FSFX\" \/>\n<meta name=\"twitter:card\" content=\"summary_large_image\" \/>\n<meta name=\"twitter:label1\" content=\"Escrito por\" \/>\n\t<meta name=\"twitter:data1\" content=\"FSFX\" \/>\n\t<meta name=\"twitter:label2\" content=\"Est. tempo de leitura\" \/>\n\t<meta name=\"twitter:data2\" content=\"6 minutos\" \/>\n<script type=\"application\/ld+json\" class=\"yoast-schema-graph\">{\"@context\":\"https:\/\/schema.org\",\"@graph\":[{\"@type\":\"Article\",\"@id\":\"https:\/\/www.fsfx.com.br\/usisaude\/isolamento-social-como-cuidar-da-saude-mental\/#article\",\"isPartOf\":{\"@id\":\"https:\/\/www.fsfx.com.br\/usisaude\/isolamento-social-como-cuidar-da-saude-mental\/\"},\"author\":{\"name\":\"FSFX\",\"@id\":\"https:\/\/www.fsfx.com.br\/usisaude\/#\/schema\/person\/157e6de1c3dd45f6c5e1152777ea7d99\"},\"headline\":\"Isolamento social: como cuidar da sa\u00fade mental\",\"datePublished\":\"2021-01-08T17:34:04+00:00\",\"dateModified\":\"2024-09-12T18:07:49+00:00\",\"mainEntityOfPage\":{\"@id\":\"https:\/\/www.fsfx.com.br\/usisaude\/isolamento-social-como-cuidar-da-saude-mental\/\"},\"wordCount\":1265,\"commentCount\":0,\"publisher\":{\"@id\":\"https:\/\/www.fsfx.com.br\/usisaude\/#organization\"},\"image\":{\"@id\":\"https:\/\/www.fsfx.com.br\/usisaude\/isolamento-social-como-cuidar-da-saude-mental\/#primaryimage\"},\"thumbnailUrl\":\"\",\"articleSection\":[\"Not\u00edcias\"],\"inLanguage\":\"pt-BR\",\"potentialAction\":[{\"@type\":\"CommentAction\",\"name\":\"Comment\",\"target\":[\"https:\/\/www.fsfx.com.br\/usisaude\/isolamento-social-como-cuidar-da-saude-mental\/#respond\"]}]},{\"@type\":\"WebPage\",\"@id\":\"https:\/\/www.fsfx.com.br\/usisaude\/isolamento-social-como-cuidar-da-saude-mental\/\",\"url\":\"https:\/\/www.fsfx.com.br\/usisaude\/isolamento-social-como-cuidar-da-saude-mental\/\",\"name\":\"Isolamento social: como cuidar da sa\u00fade mental - Usisa\u00fade\",\"isPartOf\":{\"@id\":\"https:\/\/www.fsfx.com.br\/usisaude\/#website\"},\"primaryImageOfPage\":{\"@id\":\"https:\/\/www.fsfx.com.br\/usisaude\/isolamento-social-como-cuidar-da-saude-mental\/#primaryimage\"},\"image\":{\"@id\":\"https:\/\/www.fsfx.com.br\/usisaude\/isolamento-social-como-cuidar-da-saude-mental\/#primaryimage\"},\"thumbnailUrl\":\"\",\"datePublished\":\"2021-01-08T17:34:04+00:00\",\"dateModified\":\"2024-09-12T18:07:49+00:00\",\"breadcrumb\":{\"@id\":\"https:\/\/www.fsfx.com.br\/usisaude\/isolamento-social-como-cuidar-da-saude-mental\/#breadcrumb\"},\"inLanguage\":\"pt-BR\",\"potentialAction\":[{\"@type\":\"ReadAction\",\"target\":[\"https:\/\/www.fsfx.com.br\/usisaude\/isolamento-social-como-cuidar-da-saude-mental\/\"]}]},{\"@type\":\"ImageObject\",\"inLanguage\":\"pt-BR\",\"@id\":\"https:\/\/www.fsfx.com.br\/usisaude\/isolamento-social-como-cuidar-da-saude-mental\/#primaryimage\",\"url\":\"\",\"contentUrl\":\"\"},{\"@type\":\"BreadcrumbList\",\"@id\":\"https:\/\/www.fsfx.com.br\/usisaude\/isolamento-social-como-cuidar-da-saude-mental\/#breadcrumb\",\"itemListElement\":[{\"@type\":\"ListItem\",\"position\":1,\"name\":\"In\u00edcio\",\"item\":\"https:\/\/www.fsfx.com.br\/usisaude\/\"},{\"@type\":\"ListItem\",\"position\":2,\"name\":\"Isolamento social: como cuidar da sa\u00fade mental\"}]},{\"@type\":\"WebSite\",\"@id\":\"https:\/\/www.fsfx.com.br\/usisaude\/#website\",\"url\":\"https:\/\/www.fsfx.com.br\/usisaude\/\",\"name\":\"Usisa\u00fade\",\"description\":\"Somos a Usisa\u00fade, uma operadora de planos de sa\u00fade da Funda\u00e7\u00e3o S\u00e3o Francisco Xavier (FSFX), a maior em modalidade filantr\u00f3pica do pa\u00eds.\",\"publisher\":{\"@id\":\"https:\/\/www.fsfx.com.br\/usisaude\/#organization\"},\"potentialAction\":[{\"@type\":\"SearchAction\",\"target\":{\"@type\":\"EntryPoint\",\"urlTemplate\":\"https:\/\/www.fsfx.com.br\/usisaude\/?s={search_term_string}\"},\"query-input\":{\"@type\":\"PropertyValueSpecification\",\"valueRequired\":true,\"valueName\":\"search_term_string\"}}],\"inLanguage\":\"pt-BR\"},{\"@type\":\"Organization\",\"@id\":\"https:\/\/www.fsfx.com.br\/usisaude\/#organization\",\"name\":\"Usisa\u00fade\",\"url\":\"https:\/\/www.fsfx.com.br\/usisaude\/\",\"logo\":{\"@type\":\"ImageObject\",\"inLanguage\":\"pt-BR\",\"@id\":\"https:\/\/www.fsfx.com.br\/usisaude\/#\/schema\/logo\/image\/\",\"url\":\"https:\/\/www.fsfx.com.br\/usisaude\/wp-content\/uploads\/sites\/6\/2022\/03\/logo-ususaude-1.svg\",\"contentUrl\":\"https:\/\/www.fsfx.com.br\/usisaude\/wp-content\/uploads\/sites\/6\/2022\/03\/logo-ususaude-1.svg\",\"width\":445,\"height\":196,\"caption\":\"Usisa\u00fade\"},\"image\":{\"@id\":\"https:\/\/www.fsfx.com.br\/usisaude\/#\/schema\/logo\/image\/\"}},{\"@type\":\"Person\",\"@id\":\"https:\/\/www.fsfx.com.br\/usisaude\/#\/schema\/person\/157e6de1c3dd45f6c5e1152777ea7d99\",\"name\":\"FSFX\",\"image\":{\"@type\":\"ImageObject\",\"inLanguage\":\"pt-BR\",\"@id\":\"https:\/\/www.fsfx.com.br\/usisaude\/#\/schema\/person\/image\/\",\"url\":\"https:\/\/secure.gravatar.com\/avatar\/bd54a0d021bb20ae005f5272fd9962e210ae51b3d3d4cb21d13d6937a96452f1?s=96&d=mm&r=g\",\"contentUrl\":\"https:\/\/secure.gravatar.com\/avatar\/bd54a0d021bb20ae005f5272fd9962e210ae51b3d3d4cb21d13d6937a96452f1?s=96&d=mm&r=g\",\"caption\":\"FSFX\"},\"url\":\"https:\/\/www.fsfx.com.br\/usisaude\/author\/fsfx\/\"}]}<\/script>\n<!-- \/ Yoast SEO plugin. -->","yoast_head_json":{"title":"Isolamento social: como cuidar da sa\u00fade mental - Usisa\u00fade","robots":{"index":"index","follow":"follow","max-snippet":"max-snippet:-1","max-image-preview":"max-image-preview:large","max-video-preview":"max-video-preview:-1"},"canonical":"https:\/\/www.fsfx.com.br\/usisaude\/isolamento-social-como-cuidar-da-saude-mental\/","og_locale":"pt_BR","og_type":"article","og_title":"Isolamento social: como cuidar da sa\u00fade mental - Usisa\u00fade","og_description":"Tempo de leitura: 6 minutos 2020 foi um ano desafiador, todos n\u00f3s sabemos. Desde que o primeiro caso de coronav\u00edrus foi confirmado, autoridades municipais, estaduais e federais&nbsp; decretaram medidas de isolamento social para conter o avan\u00e7o da doen\u00e7a. Nesse contexto, diversas preocupa\u00e7\u00f5es surgiram, tais como: quais seriam os impactos econ\u00f4micos e pol\u00edticos, quanto tempo duraria, [&hellip;]","og_url":"https:\/\/www.fsfx.com.br\/usisaude\/isolamento-social-como-cuidar-da-saude-mental\/","og_site_name":"Usisa\u00fade","article_published_time":"2021-01-08T17:34:04+00:00","article_modified_time":"2024-09-12T18:07:49+00:00","author":"FSFX","twitter_card":"summary_large_image","twitter_misc":{"Escrito por":"FSFX","Est. tempo de leitura":"6 minutos"},"schema":{"@context":"https:\/\/schema.org","@graph":[{"@type":"Article","@id":"https:\/\/www.fsfx.com.br\/usisaude\/isolamento-social-como-cuidar-da-saude-mental\/#article","isPartOf":{"@id":"https:\/\/www.fsfx.com.br\/usisaude\/isolamento-social-como-cuidar-da-saude-mental\/"},"author":{"name":"FSFX","@id":"https:\/\/www.fsfx.com.br\/usisaude\/#\/schema\/person\/157e6de1c3dd45f6c5e1152777ea7d99"},"headline":"Isolamento social: como cuidar da sa\u00fade mental","datePublished":"2021-01-08T17:34:04+00:00","dateModified":"2024-09-12T18:07:49+00:00","mainEntityOfPage":{"@id":"https:\/\/www.fsfx.com.br\/usisaude\/isolamento-social-como-cuidar-da-saude-mental\/"},"wordCount":1265,"commentCount":0,"publisher":{"@id":"https:\/\/www.fsfx.com.br\/usisaude\/#organization"},"image":{"@id":"https:\/\/www.fsfx.com.br\/usisaude\/isolamento-social-como-cuidar-da-saude-mental\/#primaryimage"},"thumbnailUrl":"","articleSection":["Not\u00edcias"],"inLanguage":"pt-BR","potentialAction":[{"@type":"CommentAction","name":"Comment","target":["https:\/\/www.fsfx.com.br\/usisaude\/isolamento-social-como-cuidar-da-saude-mental\/#respond"]}]},{"@type":"WebPage","@id":"https:\/\/www.fsfx.com.br\/usisaude\/isolamento-social-como-cuidar-da-saude-mental\/","url":"https:\/\/www.fsfx.com.br\/usisaude\/isolamento-social-como-cuidar-da-saude-mental\/","name":"Isolamento social: como cuidar da sa\u00fade mental - Usisa\u00fade","isPartOf":{"@id":"https:\/\/www.fsfx.com.br\/usisaude\/#website"},"primaryImageOfPage":{"@id":"https:\/\/www.fsfx.com.br\/usisaude\/isolamento-social-como-cuidar-da-saude-mental\/#primaryimage"},"image":{"@id":"https:\/\/www.fsfx.com.br\/usisaude\/isolamento-social-como-cuidar-da-saude-mental\/#primaryimage"},"thumbnailUrl":"","datePublished":"2021-01-08T17:34:04+00:00","dateModified":"2024-09-12T18:07:49+00:00","breadcrumb":{"@id":"https:\/\/www.fsfx.com.br\/usisaude\/isolamento-social-como-cuidar-da-saude-mental\/#breadcrumb"},"inLanguage":"pt-BR","potentialAction":[{"@type":"ReadAction","target":["https:\/\/www.fsfx.com.br\/usisaude\/isolamento-social-como-cuidar-da-saude-mental\/"]}]},{"@type":"ImageObject","inLanguage":"pt-BR","@id":"https:\/\/www.fsfx.com.br\/usisaude\/isolamento-social-como-cuidar-da-saude-mental\/#primaryimage","url":"","contentUrl":""},{"@type":"BreadcrumbList","@id":"https:\/\/www.fsfx.com.br\/usisaude\/isolamento-social-como-cuidar-da-saude-mental\/#breadcrumb","itemListElement":[{"@type":"ListItem","position":1,"name":"In\u00edcio","item":"https:\/\/www.fsfx.com.br\/usisaude\/"},{"@type":"ListItem","position":2,"name":"Isolamento social: como cuidar da sa\u00fade mental"}]},{"@type":"WebSite","@id":"https:\/\/www.fsfx.com.br\/usisaude\/#website","url":"https:\/\/www.fsfx.com.br\/usisaude\/","name":"Usisa\u00fade","description":"Somos a Usisa\u00fade, uma operadora de planos de sa\u00fade da Funda\u00e7\u00e3o S\u00e3o Francisco Xavier (FSFX), a maior em modalidade filantr\u00f3pica do pa\u00eds.","publisher":{"@id":"https:\/\/www.fsfx.com.br\/usisaude\/#organization"},"potentialAction":[{"@type":"SearchAction","target":{"@type":"EntryPoint","urlTemplate":"https:\/\/www.fsfx.com.br\/usisaude\/?s={search_term_string}"},"query-input":{"@type":"PropertyValueSpecification","valueRequired":true,"valueName":"search_term_string"}}],"inLanguage":"pt-BR"},{"@type":"Organization","@id":"https:\/\/www.fsfx.com.br\/usisaude\/#organization","name":"Usisa\u00fade","url":"https:\/\/www.fsfx.com.br\/usisaude\/","logo":{"@type":"ImageObject","inLanguage":"pt-BR","@id":"https:\/\/www.fsfx.com.br\/usisaude\/#\/schema\/logo\/image\/","url":"https:\/\/www.fsfx.com.br\/usisaude\/wp-content\/uploads\/sites\/6\/2022\/03\/logo-ususaude-1.svg","contentUrl":"https:\/\/www.fsfx.com.br\/usisaude\/wp-content\/uploads\/sites\/6\/2022\/03\/logo-ususaude-1.svg","width":445,"height":196,"caption":"Usisa\u00fade"},"image":{"@id":"https:\/\/www.fsfx.com.br\/usisaude\/#\/schema\/logo\/image\/"}},{"@type":"Person","@id":"https:\/\/www.fsfx.com.br\/usisaude\/#\/schema\/person\/157e6de1c3dd45f6c5e1152777ea7d99","name":"FSFX","image":{"@type":"ImageObject","inLanguage":"pt-BR","@id":"https:\/\/www.fsfx.com.br\/usisaude\/#\/schema\/person\/image\/","url":"https:\/\/secure.gravatar.com\/avatar\/bd54a0d021bb20ae005f5272fd9962e210ae51b3d3d4cb21d13d6937a96452f1?s=96&d=mm&r=g","contentUrl":"https:\/\/secure.gravatar.com\/avatar\/bd54a0d021bb20ae005f5272fd9962e210ae51b3d3d4cb21d13d6937a96452f1?s=96&d=mm&r=g","caption":"FSFX"},"url":"https:\/\/www.fsfx.com.br\/usisaude\/author\/fsfx\/"}]}},"_links":{"self":[{"href":"https:\/\/www.fsfx.com.br\/usisaude\/wp-json\/wp\/v2\/posts\/4109","targetHints":{"allow":["GET"]}}],"collection":[{"href":"https:\/\/www.fsfx.com.br\/usisaude\/wp-json\/wp\/v2\/posts"}],"about":[{"href":"https:\/\/www.fsfx.com.br\/usisaude\/wp-json\/wp\/v2\/types\/post"}],"author":[{"embeddable":true,"href":"https:\/\/www.fsfx.com.br\/usisaude\/wp-json\/wp\/v2\/users\/10"}],"replies":[{"embeddable":true,"href":"https:\/\/www.fsfx.com.br\/usisaude\/wp-json\/wp\/v2\/comments?post=4109"}],"version-history":[{"count":1,"href":"https:\/\/www.fsfx.com.br\/usisaude\/wp-json\/wp\/v2\/posts\/4109\/revisions"}],"predecessor-version":[{"id":10782,"href":"https:\/\/www.fsfx.com.br\/usisaude\/wp-json\/wp\/v2\/posts\/4109\/revisions\/10782"}],"wp:featuredmedia":[{"embeddable":true,"href":"https:\/\/www.fsfx.com.br\/usisaude\/wp-json\/"}],"wp:attachment":[{"href":"https:\/\/www.fsfx.com.br\/usisaude\/wp-json\/wp\/v2\/media?parent=4109"}],"wp:term":[{"taxonomy":"category","embeddable":true,"href":"https:\/\/www.fsfx.com.br\/usisaude\/wp-json\/wp\/v2\/categories?post=4109"},{"taxonomy":"post_tag","embeddable":true,"href":"https:\/\/www.fsfx.com.br\/usisaude\/wp-json\/wp\/v2\/tags?post=4109"}],"curies":[{"name":"wp","href":"https:\/\/api.w.org\/{rel}","templated":true}]}}