{"id":4196,"date":"2021-06-22T14:38:05","date_gmt":"2021-06-22T17:38:05","guid":{"rendered":"https:\/\/atituderimacomsaude.com.br\/?p=4196"},"modified":"2024-09-12T15:07:42","modified_gmt":"2024-09-12T18:07:42","slug":"cuidados-paliativos","status":"publish","type":"post","link":"https:\/\/www.fsfx.com.br\/usisaude\/cuidados-paliativos\/","title":{"rendered":"Cuidados paliativos"},"content":{"rendered":"\n<p>Tempo de leitura: 2 minutos<\/p>\n\n\n\n<p>Nos \u00faltimos anos teve aumento da preval\u00eancia de casos de c\u00e2ncer e outras doen\u00e7as cr\u00f4nicas. O desenvolvimento das tecnologias m\u00e9dicas e o avan\u00e7o da medicina, fez com que muitas doen\u00e7as mortais se transformassem em doen\u00e7as cr\u00f4nicas, levando a longevidade dos portadores dessas doen\u00e7as.\u00a0<\/p>\n\n\n\n<p>Neste conte\u00fado, explicaremos um pouco mais sobre o tema. Confira!<\/p>\n\n\n\n<h2 class=\"wp-block-heading\"><strong>O que s\u00e3o os cuidados paliativos?<\/strong><\/h2>\n\n\n\n<p>Segundo a defini\u00e7\u00e3o da Organiza\u00e7\u00e3o Mundial de Sa\u00fade (OMS, 2002), Cuidados Paliativos \u00e9 \u201cuma abordagem que promove a qualidade de vida de paciente e seus familiares, que enfrentam doen\u00e7as que ameacem a continuidade da vida, por meio da preven\u00e7\u00e3o e do al\u00edvio do sofrimento\u201d, atrav\u00e9s da avalia\u00e7\u00e3o precoce e controle de sintomas f\u00edsicos, sociais, emocionais e espirituais.<\/p>\n\n\n\n<p>As doen\u00e7as amea\u00e7adoras da vida sejam agudas ou cr\u00f4nicas, com ou sem possibilidade de revers\u00e3o ou tratamentos curativos, trazem a necessidade de um olhar para o cuidado amplo e complexo, em que haja interesse pela totalidade da vida do paciente com respeito ao seu sofrimento e de seus familiares. A assist\u00eancia ao paciente \u00e9 realizada por uma equipe multiprofissional durante o per\u00edodo do diagn\u00f3stico, adoecimento, finitude e luto. Este acompanhamento pode ser realizado, al\u00e9m do m\u00e9dico, por enfermeiro, psic\u00f3logo, assistente social, nutricionista, etc, dependendo das demandas levantadas pelos pacientes em cuidados paliativos e seus familiares e cuidadores.<\/p>\n\n\n\n<h2 class=\"wp-block-heading\"><strong>Como os cuidados paliativos oferecem suporte ao paciente?<\/strong><\/h2>\n\n\n\n<p>Geralmente, os cuidados paliativos oferecem, por meio de uma equipe assistencial multiprofissional, diferentes suportes, tais como:<br><\/p>\n\n\n\n<ul class=\"wp-block-list\"><li>Controle de sintomas&nbsp;<\/li><li>Cuidado espiritual&nbsp;<\/li><li>Reuni\u00f5es familiares&nbsp;<\/li><li>Coordena\u00e7\u00e3o dos cuidados<\/li><li>Apoio para cuidados domiciliares<\/li><li>Apoio ao enfrentamento do Luto<\/li><\/ul>\n\n\n\n<p>Contar com o apoio de uma equipe especializada \u00e9 fundamental para promover o suporte adequado. E. <s>S<\/s>se Se quiser saber um pouco mais sobre a import\u00e2ncia do acompanhamento multiprofissional regular, convidamos a conhecer o<a href=\"https:\/\/atituderimacomsaude.com.br\/usifamilia\/\"> Usifam\u00edlia<\/a>.<\/p>\n\n\n\n<p><strong>Refer\u00eancias:<\/strong><\/p>\n\n\n\n<p>INSTITUTO NACIONAL DO C\u00c2NCER. <strong>Cuidados paliativos<\/strong>. 2020. Dispon\u00edvel em: &lt;https:\/\/www.inca.gov.br\/controle-do-cancer-do-colo-do-utero\/acoes-de-controle\/cuidados-paliativos&gt;. Acesso em: 22 Abr. 2021.<\/p>\n\n\n\n<p>MINIST\u00c9RIO DA SA\u00daDE. <strong>Manual de cuidados paliativos<\/strong>. 2020. Dispon\u00edvel em: &lt;https:\/\/antigo.saude.gov.br\/images\/pdf\/2020\/September\/17\/Manual-CuidadosPaliativos-vers&#8211;o-final.pdf&gt;. Acesso em: 22 Abr. 2021.<\/p>\n\n\n\n<p>REVISTA DA ASSOCIA\u00c7\u00c3O BAHIANA DE MEDICINA. <strong>Os benef\u00edcios do cuidado paliativo no tratamento do c\u00e2ncer<\/strong>. 2019. Dispon\u00edvel em: &lt;https:\/\/www.revistaabm.com.br\/blog\/os-beneficios-do-cuidado-paliativo-no-tratamento-do-cancer&gt;. Acesso em: 22 Abr. 2021.<\/p>\n\n\n\n<p>RIBEIRO, J\u00falia Rezende; POLES, K\u00e1tia. <strong>Cuidados Paliativos: Pr\u00e1tica dos M\u00e9dicos da Estrat\u00e9gia Sa\u00fade da Fam\u00edlia<\/strong>. 2019. Dispon\u00edvel em: &lt;http:\/\/bvs.saude.gov.br\/edicoes-2020\/is-n-01\/3102-cuidados-paliativos&gt;. Acesso em: 22 Abr. 2021.<br><\/p>\n","protected":false},"excerpt":{"rendered":"<p>Tempo de leitura: 2 minutos Nos \u00faltimos anos teve aumento da preval\u00eancia de casos de c\u00e2ncer e outras doen\u00e7as cr\u00f4nicas. O desenvolvimento das tecnologias m\u00e9dicas e o avan\u00e7o da medicina, fez com que muitas doen\u00e7as mortais se transformassem em doen\u00e7as cr\u00f4nicas, levando a longevidade dos portadores dessas doen\u00e7as.\u00a0 Neste conte\u00fado, explicaremos um pouco mais sobre [&hellip;]<\/p>\n","protected":false},"author":10,"featured_media":4197,"comment_status":"open","ping_status":"open","sticky":false,"template":"","format":"standard","meta":{"_acf_changed":false,"site-sidebar-layout":"default","site-content-layout":"","ast-site-content-layout":"default","site-content-style":"default","site-sidebar-style":"default","ast-global-header-display":"","ast-banner-title-visibility":"","ast-main-header-display":"","ast-hfb-above-header-display":"","ast-hfb-below-header-display":"","ast-hfb-mobile-header-display":"","site-post-title":"","ast-breadcrumbs-content":"","ast-featured-img":"","footer-sml-layout":"","theme-transparent-header-meta":"","adv-header-id-meta":"","stick-header-meta":"","header-above-stick-meta":"","header-main-stick-meta":"","header-below-stick-meta":"","astra-migrate-meta-layouts":"default","ast-page-background-enabled":"default","ast-page-background-meta":{"desktop":{"background-color":"var(--ast-global-color-4)","background-image":"","background-repeat":"repeat","background-position":"center center","background-size":"auto","background-attachment":"scroll","background-type":"","background-media":"","overlay-type":"","overlay-color":"","overlay-opacity":"","overlay-gradient":""},"tablet":{"background-color":"","background-image":"","background-repeat":"repeat","background-position":"center center","background-size":"auto","background-attachment":"scroll","background-type":"","background-media":"","overlay-type":"","overlay-color":"","overlay-opacity":"","overlay-gradient":""},"mobile":{"background-color":"","background-image":"","background-repeat":"repeat","background-position":"center center","background-size":"auto","background-attachment":"scroll","background-type":"","background-media":"","overlay-type":"","overlay-color":"","overlay-opacity":"","overlay-gradient":""}},"ast-content-background-meta":{"desktop":{"background-color":"var(--ast-global-color-5)","background-image":"","background-repeat":"repeat","background-position":"center center","background-size":"auto","background-attachment":"scroll","background-type":"","background-media":"","overlay-type":"","overlay-color":"","overlay-opacity":"","overlay-gradient":""},"tablet":{"background-color":"var(--ast-global-color-5)","background-image":"","background-repeat":"repeat","background-position":"center center","background-size":"auto","background-attachment":"scroll","background-type":"","background-media":"","overlay-type":"","overlay-color":"","overlay-opacity":"","overlay-gradient":""},"mobile":{"background-color":"var(--ast-global-color-5)","background-image":"","background-repeat":"repeat","background-position":"center center","background-size":"auto","background-attachment":"scroll","background-type":"","background-media":"","overlay-type":"","overlay-color":"","overlay-opacity":"","overlay-gradient":""}},"footnotes":""},"categories":[1],"tags":[],"class_list":["post-4196","post","type-post","status-publish","format-standard","has-post-thumbnail","hentry","category-noticias"],"acf":[],"yoast_head":"<!-- This site is optimized with the Yoast SEO plugin v26.9 - https:\/\/yoast.com\/product\/yoast-seo-wordpress\/ -->\n<title>Cuidados paliativos - Usisa\u00fade<\/title>\n<meta name=\"robots\" content=\"index, follow, max-snippet:-1, max-image-preview:large, max-video-preview:-1\" \/>\n<link rel=\"canonical\" href=\"https:\/\/www.fsfx.com.br\/usisaude\/cuidados-paliativos\/\" \/>\n<meta property=\"og:locale\" content=\"pt_BR\" \/>\n<meta property=\"og:type\" content=\"article\" \/>\n<meta property=\"og:title\" content=\"Cuidados paliativos - Usisa\u00fade\" \/>\n<meta property=\"og:description\" content=\"Tempo de leitura: 2 minutos Nos \u00faltimos anos teve aumento da preval\u00eancia de casos de c\u00e2ncer e outras doen\u00e7as cr\u00f4nicas. O desenvolvimento das tecnologias m\u00e9dicas e o avan\u00e7o da medicina, fez com que muitas doen\u00e7as mortais se transformassem em doen\u00e7as cr\u00f4nicas, levando a longevidade dos portadores dessas doen\u00e7as.\u00a0 Neste conte\u00fado, explicaremos um pouco mais sobre [&hellip;]\" \/>\n<meta property=\"og:url\" content=\"https:\/\/www.fsfx.com.br\/usisaude\/cuidados-paliativos\/\" \/>\n<meta property=\"og:site_name\" content=\"Usisa\u00fade\" \/>\n<meta property=\"article:published_time\" content=\"2021-06-22T17:38:05+00:00\" \/>\n<meta property=\"article:modified_time\" content=\"2024-09-12T18:07:42+00:00\" \/>\n<meta name=\"author\" content=\"FSFX\" \/>\n<meta name=\"twitter:card\" content=\"summary_large_image\" \/>\n<meta name=\"twitter:label1\" content=\"Escrito por\" \/>\n\t<meta name=\"twitter:data1\" content=\"FSFX\" \/>\n\t<meta name=\"twitter:label2\" content=\"Est. tempo de leitura\" \/>\n\t<meta name=\"twitter:data2\" content=\"2 minutos\" \/>\n<script type=\"application\/ld+json\" class=\"yoast-schema-graph\">{\"@context\":\"https:\/\/schema.org\",\"@graph\":[{\"@type\":\"Article\",\"@id\":\"https:\/\/www.fsfx.com.br\/usisaude\/cuidados-paliativos\/#article\",\"isPartOf\":{\"@id\":\"https:\/\/www.fsfx.com.br\/usisaude\/cuidados-paliativos\/\"},\"author\":{\"name\":\"FSFX\",\"@id\":\"https:\/\/www.fsfx.com.br\/usisaude\/#\/schema\/person\/157e6de1c3dd45f6c5e1152777ea7d99\"},\"headline\":\"Cuidados paliativos\",\"datePublished\":\"2021-06-22T17:38:05+00:00\",\"dateModified\":\"2024-09-12T18:07:42+00:00\",\"mainEntityOfPage\":{\"@id\":\"https:\/\/www.fsfx.com.br\/usisaude\/cuidados-paliativos\/\"},\"wordCount\":454,\"commentCount\":0,\"publisher\":{\"@id\":\"https:\/\/www.fsfx.com.br\/usisaude\/#organization\"},\"image\":{\"@id\":\"https:\/\/www.fsfx.com.br\/usisaude\/cuidados-paliativos\/#primaryimage\"},\"thumbnailUrl\":\"\",\"articleSection\":[\"Not\u00edcias\"],\"inLanguage\":\"pt-BR\",\"potentialAction\":[{\"@type\":\"CommentAction\",\"name\":\"Comment\",\"target\":[\"https:\/\/www.fsfx.com.br\/usisaude\/cuidados-paliativos\/#respond\"]}]},{\"@type\":\"WebPage\",\"@id\":\"https:\/\/www.fsfx.com.br\/usisaude\/cuidados-paliativos\/\",\"url\":\"https:\/\/www.fsfx.com.br\/usisaude\/cuidados-paliativos\/\",\"name\":\"Cuidados paliativos - Usisa\u00fade\",\"isPartOf\":{\"@id\":\"https:\/\/www.fsfx.com.br\/usisaude\/#website\"},\"primaryImageOfPage\":{\"@id\":\"https:\/\/www.fsfx.com.br\/usisaude\/cuidados-paliativos\/#primaryimage\"},\"image\":{\"@id\":\"https:\/\/www.fsfx.com.br\/usisaude\/cuidados-paliativos\/#primaryimage\"},\"thumbnailUrl\":\"\",\"datePublished\":\"2021-06-22T17:38:05+00:00\",\"dateModified\":\"2024-09-12T18:07:42+00:00\",\"breadcrumb\":{\"@id\":\"https:\/\/www.fsfx.com.br\/usisaude\/cuidados-paliativos\/#breadcrumb\"},\"inLanguage\":\"pt-BR\",\"potentialAction\":[{\"@type\":\"ReadAction\",\"target\":[\"https:\/\/www.fsfx.com.br\/usisaude\/cuidados-paliativos\/\"]}]},{\"@type\":\"ImageObject\",\"inLanguage\":\"pt-BR\",\"@id\":\"https:\/\/www.fsfx.com.br\/usisaude\/cuidados-paliativos\/#primaryimage\",\"url\":\"\",\"contentUrl\":\"\"},{\"@type\":\"BreadcrumbList\",\"@id\":\"https:\/\/www.fsfx.com.br\/usisaude\/cuidados-paliativos\/#breadcrumb\",\"itemListElement\":[{\"@type\":\"ListItem\",\"position\":1,\"name\":\"In\u00edcio\",\"item\":\"https:\/\/www.fsfx.com.br\/usisaude\/\"},{\"@type\":\"ListItem\",\"position\":2,\"name\":\"Cuidados paliativos\"}]},{\"@type\":\"WebSite\",\"@id\":\"https:\/\/www.fsfx.com.br\/usisaude\/#website\",\"url\":\"https:\/\/www.fsfx.com.br\/usisaude\/\",\"name\":\"Usisa\u00fade\",\"description\":\"Somos a Usisa\u00fade, uma operadora de planos de sa\u00fade da Funda\u00e7\u00e3o S\u00e3o Francisco Xavier (FSFX), a maior em modalidade filantr\u00f3pica do pa\u00eds.\",\"publisher\":{\"@id\":\"https:\/\/www.fsfx.com.br\/usisaude\/#organization\"},\"potentialAction\":[{\"@type\":\"SearchAction\",\"target\":{\"@type\":\"EntryPoint\",\"urlTemplate\":\"https:\/\/www.fsfx.com.br\/usisaude\/?s={search_term_string}\"},\"query-input\":{\"@type\":\"PropertyValueSpecification\",\"valueRequired\":true,\"valueName\":\"search_term_string\"}}],\"inLanguage\":\"pt-BR\"},{\"@type\":\"Organization\",\"@id\":\"https:\/\/www.fsfx.com.br\/usisaude\/#organization\",\"name\":\"Usisa\u00fade\",\"url\":\"https:\/\/www.fsfx.com.br\/usisaude\/\",\"logo\":{\"@type\":\"ImageObject\",\"inLanguage\":\"pt-BR\",\"@id\":\"https:\/\/www.fsfx.com.br\/usisaude\/#\/schema\/logo\/image\/\",\"url\":\"https:\/\/www.fsfx.com.br\/usisaude\/wp-content\/uploads\/sites\/6\/2022\/03\/logo-ususaude-1.svg\",\"contentUrl\":\"https:\/\/www.fsfx.com.br\/usisaude\/wp-content\/uploads\/sites\/6\/2022\/03\/logo-ususaude-1.svg\",\"width\":445,\"height\":196,\"caption\":\"Usisa\u00fade\"},\"image\":{\"@id\":\"https:\/\/www.fsfx.com.br\/usisaude\/#\/schema\/logo\/image\/\"}},{\"@type\":\"Person\",\"@id\":\"https:\/\/www.fsfx.com.br\/usisaude\/#\/schema\/person\/157e6de1c3dd45f6c5e1152777ea7d99\",\"name\":\"FSFX\",\"image\":{\"@type\":\"ImageObject\",\"inLanguage\":\"pt-BR\",\"@id\":\"https:\/\/www.fsfx.com.br\/usisaude\/#\/schema\/person\/image\/\",\"url\":\"https:\/\/secure.gravatar.com\/avatar\/bd54a0d021bb20ae005f5272fd9962e210ae51b3d3d4cb21d13d6937a96452f1?s=96&d=mm&r=g\",\"contentUrl\":\"https:\/\/secure.gravatar.com\/avatar\/bd54a0d021bb20ae005f5272fd9962e210ae51b3d3d4cb21d13d6937a96452f1?s=96&d=mm&r=g\",\"caption\":\"FSFX\"},\"url\":\"https:\/\/www.fsfx.com.br\/usisaude\/author\/fsfx\/\"}]}<\/script>\n<!-- \/ Yoast SEO plugin. -->","yoast_head_json":{"title":"Cuidados paliativos - Usisa\u00fade","robots":{"index":"index","follow":"follow","max-snippet":"max-snippet:-1","max-image-preview":"max-image-preview:large","max-video-preview":"max-video-preview:-1"},"canonical":"https:\/\/www.fsfx.com.br\/usisaude\/cuidados-paliativos\/","og_locale":"pt_BR","og_type":"article","og_title":"Cuidados paliativos - Usisa\u00fade","og_description":"Tempo de leitura: 2 minutos Nos \u00faltimos anos teve aumento da preval\u00eancia de casos de c\u00e2ncer e outras doen\u00e7as cr\u00f4nicas. O desenvolvimento das tecnologias m\u00e9dicas e o avan\u00e7o da medicina, fez com que muitas doen\u00e7as mortais se transformassem em doen\u00e7as cr\u00f4nicas, levando a longevidade dos portadores dessas doen\u00e7as.\u00a0 Neste conte\u00fado, explicaremos um pouco mais sobre [&hellip;]","og_url":"https:\/\/www.fsfx.com.br\/usisaude\/cuidados-paliativos\/","og_site_name":"Usisa\u00fade","article_published_time":"2021-06-22T17:38:05+00:00","article_modified_time":"2024-09-12T18:07:42+00:00","author":"FSFX","twitter_card":"summary_large_image","twitter_misc":{"Escrito por":"FSFX","Est. tempo de leitura":"2 minutos"},"schema":{"@context":"https:\/\/schema.org","@graph":[{"@type":"Article","@id":"https:\/\/www.fsfx.com.br\/usisaude\/cuidados-paliativos\/#article","isPartOf":{"@id":"https:\/\/www.fsfx.com.br\/usisaude\/cuidados-paliativos\/"},"author":{"name":"FSFX","@id":"https:\/\/www.fsfx.com.br\/usisaude\/#\/schema\/person\/157e6de1c3dd45f6c5e1152777ea7d99"},"headline":"Cuidados paliativos","datePublished":"2021-06-22T17:38:05+00:00","dateModified":"2024-09-12T18:07:42+00:00","mainEntityOfPage":{"@id":"https:\/\/www.fsfx.com.br\/usisaude\/cuidados-paliativos\/"},"wordCount":454,"commentCount":0,"publisher":{"@id":"https:\/\/www.fsfx.com.br\/usisaude\/#organization"},"image":{"@id":"https:\/\/www.fsfx.com.br\/usisaude\/cuidados-paliativos\/#primaryimage"},"thumbnailUrl":"","articleSection":["Not\u00edcias"],"inLanguage":"pt-BR","potentialAction":[{"@type":"CommentAction","name":"Comment","target":["https:\/\/www.fsfx.com.br\/usisaude\/cuidados-paliativos\/#respond"]}]},{"@type":"WebPage","@id":"https:\/\/www.fsfx.com.br\/usisaude\/cuidados-paliativos\/","url":"https:\/\/www.fsfx.com.br\/usisaude\/cuidados-paliativos\/","name":"Cuidados paliativos - Usisa\u00fade","isPartOf":{"@id":"https:\/\/www.fsfx.com.br\/usisaude\/#website"},"primaryImageOfPage":{"@id":"https:\/\/www.fsfx.com.br\/usisaude\/cuidados-paliativos\/#primaryimage"},"image":{"@id":"https:\/\/www.fsfx.com.br\/usisaude\/cuidados-paliativos\/#primaryimage"},"thumbnailUrl":"","datePublished":"2021-06-22T17:38:05+00:00","dateModified":"2024-09-12T18:07:42+00:00","breadcrumb":{"@id":"https:\/\/www.fsfx.com.br\/usisaude\/cuidados-paliativos\/#breadcrumb"},"inLanguage":"pt-BR","potentialAction":[{"@type":"ReadAction","target":["https:\/\/www.fsfx.com.br\/usisaude\/cuidados-paliativos\/"]}]},{"@type":"ImageObject","inLanguage":"pt-BR","@id":"https:\/\/www.fsfx.com.br\/usisaude\/cuidados-paliativos\/#primaryimage","url":"","contentUrl":""},{"@type":"BreadcrumbList","@id":"https:\/\/www.fsfx.com.br\/usisaude\/cuidados-paliativos\/#breadcrumb","itemListElement":[{"@type":"ListItem","position":1,"name":"In\u00edcio","item":"https:\/\/www.fsfx.com.br\/usisaude\/"},{"@type":"ListItem","position":2,"name":"Cuidados paliativos"}]},{"@type":"WebSite","@id":"https:\/\/www.fsfx.com.br\/usisaude\/#website","url":"https:\/\/www.fsfx.com.br\/usisaude\/","name":"Usisa\u00fade","description":"Somos a Usisa\u00fade, uma operadora de planos de sa\u00fade da Funda\u00e7\u00e3o S\u00e3o Francisco Xavier (FSFX), a maior em modalidade filantr\u00f3pica do pa\u00eds.","publisher":{"@id":"https:\/\/www.fsfx.com.br\/usisaude\/#organization"},"potentialAction":[{"@type":"SearchAction","target":{"@type":"EntryPoint","urlTemplate":"https:\/\/www.fsfx.com.br\/usisaude\/?s={search_term_string}"},"query-input":{"@type":"PropertyValueSpecification","valueRequired":true,"valueName":"search_term_string"}}],"inLanguage":"pt-BR"},{"@type":"Organization","@id":"https:\/\/www.fsfx.com.br\/usisaude\/#organization","name":"Usisa\u00fade","url":"https:\/\/www.fsfx.com.br\/usisaude\/","logo":{"@type":"ImageObject","inLanguage":"pt-BR","@id":"https:\/\/www.fsfx.com.br\/usisaude\/#\/schema\/logo\/image\/","url":"https:\/\/www.fsfx.com.br\/usisaude\/wp-content\/uploads\/sites\/6\/2022\/03\/logo-ususaude-1.svg","contentUrl":"https:\/\/www.fsfx.com.br\/usisaude\/wp-content\/uploads\/sites\/6\/2022\/03\/logo-ususaude-1.svg","width":445,"height":196,"caption":"Usisa\u00fade"},"image":{"@id":"https:\/\/www.fsfx.com.br\/usisaude\/#\/schema\/logo\/image\/"}},{"@type":"Person","@id":"https:\/\/www.fsfx.com.br\/usisaude\/#\/schema\/person\/157e6de1c3dd45f6c5e1152777ea7d99","name":"FSFX","image":{"@type":"ImageObject","inLanguage":"pt-BR","@id":"https:\/\/www.fsfx.com.br\/usisaude\/#\/schema\/person\/image\/","url":"https:\/\/secure.gravatar.com\/avatar\/bd54a0d021bb20ae005f5272fd9962e210ae51b3d3d4cb21d13d6937a96452f1?s=96&d=mm&r=g","contentUrl":"https:\/\/secure.gravatar.com\/avatar\/bd54a0d021bb20ae005f5272fd9962e210ae51b3d3d4cb21d13d6937a96452f1?s=96&d=mm&r=g","caption":"FSFX"},"url":"https:\/\/www.fsfx.com.br\/usisaude\/author\/fsfx\/"}]}},"_links":{"self":[{"href":"https:\/\/www.fsfx.com.br\/usisaude\/wp-json\/wp\/v2\/posts\/4196","targetHints":{"allow":["GET"]}}],"collection":[{"href":"https:\/\/www.fsfx.com.br\/usisaude\/wp-json\/wp\/v2\/posts"}],"about":[{"href":"https:\/\/www.fsfx.com.br\/usisaude\/wp-json\/wp\/v2\/types\/post"}],"author":[{"embeddable":true,"href":"https:\/\/www.fsfx.com.br\/usisaude\/wp-json\/wp\/v2\/users\/10"}],"replies":[{"embeddable":true,"href":"https:\/\/www.fsfx.com.br\/usisaude\/wp-json\/wp\/v2\/comments?post=4196"}],"version-history":[{"count":1,"href":"https:\/\/www.fsfx.com.br\/usisaude\/wp-json\/wp\/v2\/posts\/4196\/revisions"}],"predecessor-version":[{"id":10729,"href":"https:\/\/www.fsfx.com.br\/usisaude\/wp-json\/wp\/v2\/posts\/4196\/revisions\/10729"}],"wp:featuredmedia":[{"embeddable":true,"href":"https:\/\/www.fsfx.com.br\/usisaude\/wp-json\/"}],"wp:attachment":[{"href":"https:\/\/www.fsfx.com.br\/usisaude\/wp-json\/wp\/v2\/media?parent=4196"}],"wp:term":[{"taxonomy":"category","embeddable":true,"href":"https:\/\/www.fsfx.com.br\/usisaude\/wp-json\/wp\/v2\/categories?post=4196"},{"taxonomy":"post_tag","embeddable":true,"href":"https:\/\/www.fsfx.com.br\/usisaude\/wp-json\/wp\/v2\/tags?post=4196"}],"curies":[{"name":"wp","href":"https:\/\/api.w.org\/{rel}","templated":true}]}}