{"id":4270,"date":"2021-10-27T12:00:04","date_gmt":"2021-10-27T15:00:04","guid":{"rendered":"https:\/\/atituderimacomsaude.com.br\/?p=4270"},"modified":"2024-09-12T15:07:41","modified_gmt":"2024-09-12T18:07:41","slug":"cuidador","status":"publish","type":"post","link":"https:\/\/www.fsfx.com.br\/usisaude\/cuidador\/","title":{"rendered":"A import\u00e2ncia do cuidador no atendimento domiciliar e promo\u00e7\u00e3o da sa\u00fade"},"content":{"rendered":"\r\n<p><strong>Conte\u00fado atualizado em 07\/03\/2022<\/strong><\/p>\r\n\r\n\r\n\r\n<p>Tempo de leitura: 6 minutos<\/p>\r\n\r\n\r\n\r\n<p>O cuidador \u00e9 um profissional que exerce atividades imprescind\u00edveis para promover a sa\u00fade e qualidade de vida de pessoas debilitadas. Trata-se de uma pessoa que executa a\u00e7\u00f5es relacionadas aos cuidados b\u00e1sicos de vida de um paciente, e assim contribui para o bem-estar de quem precisa de cuidados n\u00e3o especializados.<\/p>\r\n\r\n\r\n\r\n<p>Os cuidadores s\u00e3o profissionais com ou sem v\u00ednculo familiar, capacitados e preparados para desenvolver cuidados espec\u00edficos e aten\u00e7\u00e3o \u00e0 sa\u00fade, participando da rotina di\u00e1ria do paciente e oferecendo apoio nas atividades de vida di\u00e1ria, fortalecendo a qualidade de vida e proporcionando autonomia e confian\u00e7a ao paciente.<\/p>\r\n\r\n\r\n\r\n<p>Nesse sentido, o cuidador exerce um papel importante no atendimento e tratamento da sa\u00fade de idosos, pessoas acamadas ou com limita\u00e7\u00f5es.O cuidador pode atuar tanto em atendimentos residenciais quanto nas institui\u00e7\u00f5es de longa perman\u00eancia, com suporte personalizado, ou seja, de acordo com o quadro de sa\u00fade do paciente.<\/p>\r\n\r\n\r\n\r\n<p>Mas afinal, qual a import\u00e2ncia de contar com o cuidador? Continue lendo e veja tudo sobre a profiss\u00e3o e porque \u00e9 importante contar com esse profissional!<\/p>\r\n\r\n\r\n\r\n<h2 class=\"wp-block-heading\"><strong>O que faz um cuidador?<\/strong><\/h2>\r\n\r\n\r\n\r\n<p>Dentre as fun\u00e7\u00f5es mais frequentes est\u00e3o os cuidados di\u00e1rios com o paciente, proporcionando conforto e cuidados com a higiene, alimenta\u00e7\u00e3o e administra\u00e7\u00e3o de\u00a0 medicamentos conforme prescri\u00e7\u00e3o m\u00e9dica..<\/p>\r\n\r\n\r\n\r\n<p>Em outras palavras, o cuidador \u00e9 respons\u00e1vel por amparar o paciente em domic\u00edlio e contribuir para a promo\u00e7\u00e3o e melhora da qualidade de vida. Al\u00e9m de promover o aux\u00edlio nos tratamentos, estimular o autocuidado, atividades de vida di\u00e1ria, e tarefas que s\u00e3o importantes para a sa\u00fade do paciente.<\/p>\r\n\r\n\r\n\r\n<h2 class=\"wp-block-heading\"><strong>Quais s\u00e3o as principais fun\u00e7\u00f5es do cuidador?<\/strong><\/h2>\r\n\r\n\r\n\r\n<p>\u00c9 fundamental que o cuidador esteja sempre a postos para quando o paciente precisar, al\u00e9m de ajudar na identifica\u00e7\u00e3o de poss\u00edveis agravos, sinais e sintomas. \u00c9 importante que o paciente se sinta capaz e motivado a realizar algumas atividades para preserva\u00e7\u00e3o da autonomia.\u00a0<\/p>\r\n\r\n\r\n\r\n<p>Algumas fun\u00e7\u00f5es do cuidador:<\/p>\r\n\r\n\r\n\r\n<ul class=\"wp-block-list\">\r\n<li>Auxiliar na higiene di\u00e1ria<\/li>\r\n<li>Ajudar e estimular o paciente a se alimentar<\/li>\r\n<li>Dar suporte na locomo\u00e7\u00e3o e atividade f\u00edsica<\/li>\r\n<li>Estimular as atividades ocupacionais<\/li>\r\n<li>Mudar o paciente de posi\u00e7\u00e3o, prevenindo as les\u00f5es por press\u00e3o<\/li>\r\n<li>Administrar as medica\u00e7\u00f5es, de acordo com a prescri\u00e7\u00e3o m\u00e9dica<\/li>\r\n<li>Promover cuidados de sa\u00fade prescritos pela equipe multidisciplinar assistente do paciente;<\/li>\r\n<\/ul>\r\n\r\n\r\n\r\n<p>Dentro dessas descri\u00e7\u00f5es, existe um desdobramento de atividades que ampliam o trabalho de um cuidador e mostram toda a sua import\u00e2ncia. Na higiene di\u00e1ria, por exemplo, sempre que poss\u00edvel, o cuidador deve estimular o paciente a cuidar de si, em situa\u00e7\u00f5es simples como escovar os dentes, pentear os cabelos, sempre amparando de perto.<\/p>\r\n\r\n\r\n\r\n<p>As pessoas acamadas passam muito tempo deitadas e se permanecerem por muito tempo na mesma posi\u00e7\u00e3o, \u00e9 prop\u00edcio a desenvolver les\u00f5es por press\u00e3o. Esse \u00e9 um ponto de aten\u00e7\u00e3o do cuidador, que deve realizar mudan\u00e7as de posi\u00e7\u00e3o no m\u00e1ximo a cada 2 horas.<\/p>\r\n\r\n\r\n\r\n<p>Com o tempo, o cuidador passa a ser para o paciente uma figura imprescind\u00edvel, no entanto, \u00e9 preciso prevenir para n\u00e3o se acostumar a fazer tudo pelo paciente e deixar de instigar sua autonomia, mesmo que, dependendo do paciente, sejam pequenas a\u00e7\u00f5es, devido \u00e0s limita\u00e7\u00f5es do momento.<\/p>\r\n\r\n\r\n\r\n<h2 class=\"wp-block-heading\"><strong>Qual a diferen\u00e7a entre o cuidador e os profissionais da enfermagem?<\/strong><\/h2>\r\n\r\n\r\n\r\n<p>Apesar de serem profiss\u00f5es importantes e semelhantes em alguns pontos, existem diferen\u00e7as entre o cuidador de idosos e auxiliares\/t\u00e9cnicos de enfermagem. Al\u00e9m do n\u00edvel de forma\u00e7\u00e3o, as atividades que cada profissional exerce tamb\u00e9m s\u00e3o distintas.<\/p>\r\n\r\n\r\n\r\n<p>Como vimos at\u00e9 aqui, os cuidadores s\u00e3o respons\u00e1veis por acompanhar e ajudar o paciente nas tarefas di\u00e1rias, tratamentos e estimulando independ\u00eancia e qualidade de vida.<\/p>\r\n\r\n\r\n\r\n<p>Apesar do papel do cuidador poder ser exercido por um familiar, ser cuidador tamb\u00e9m pode ser uma profiss\u00e3o regulamentada, que tem atua\u00e7\u00e3o exclusiva com o amparo e promo\u00e7\u00e3o da qualidade de vida dos idosos.<\/p>\r\n\r\n\r\n\r\n<p>Por outro lado, os auxiliares e t\u00e9cnicos de enfermagem atuam de forma mais abrangente e realizam tarefas mais complexas, como administra\u00e7\u00e3o de medicamentos intravenosos, curativos dentre\u00a0 outros, em ambiente domiciliar ou hospitalar.<\/p>\r\n\r\n\r\n\r\n<p>Dessa forma, s\u00e3o profissionais que exercem fun\u00e7\u00f5es t\u00e9cnicas, principalmente relacionadas aos cuidados cl\u00ednicos e que, precisam ter registro no Conselho da Classe (COREN) para exercer a profiss\u00e3o.<\/p>\r\n\r\n\r\n\r\n<h2 class=\"wp-block-heading\"><strong>Quais tipos de pacientes exigem um cuidador?<\/strong><\/h2>\r\n\r\n\r\n\r\n<p>Determinadas fases da vida e condi\u00e7\u00f5es de sa\u00fade exigem cuidados espec\u00edficos e cont\u00ednuos, inclusive, durante o cotidiano em casa. Para isso, o cuidador \u00e9 o profissional capacitado para oferecer os cuidados necess\u00e1rios para diversas condi\u00e7\u00f5es.<\/p>\r\n\r\n\r\n\r\n<h3 class=\"wp-block-heading\"><strong>Idosos<\/strong><\/h3>\r\n\r\n\r\n\r\n<p><a href=\"https:\/\/atituderimacomsaude.com.br\/7-dicas-para-cuidar-de-idosos\/\">Os idosos<\/a> s\u00e3o um dos principais pacientes atendidos pelos cuidadores, seja apresentando complica\u00e7\u00f5es cl\u00ednicas, limita\u00e7\u00f5es f\u00edsicas ou n\u00e3o. S\u00e3o pessoas que necessitam de apoio para realizar atividades b\u00e1sicas, auxiliar nos tratamentos e ter melhor conv\u00edvio social.<\/p>\r\n\r\n\r\n\r\n<h3 class=\"wp-block-heading\"><strong>Pessoas acamadas<\/strong><\/h3>\r\n\r\n\r\n\r\n<p>Outro tipo de paciente atendido em domic\u00edlio por um cuidador s\u00e3o as pessoas acamadas, seja devido a acidentes ou doen\u00e7as. Nesse caso, o profissional tem um papel essencial para manter as fun\u00e7\u00f5es e necessidades b\u00e1sicas, contribuindo para a preserva\u00e7\u00e3o e recupera\u00e7\u00e3o da sa\u00fade.<\/p>\r\n\r\n\r\n\r\n<h3 class=\"wp-block-heading\"><strong>Pessoas com limita\u00e7\u00f5es f\u00edsicas<\/strong><\/h3>\r\n\r\n\r\n\r\n<p>A limita\u00e7\u00e3o f\u00edsica \u00e9 um fator que dificulta ou impede que o paciente realize atividades comuns, como ir ao banheiro, se alimentar, entre outras. Por isso, a presen\u00e7a de um profissional cuidador \u00e9 um apoio imprescind\u00edvel nas fun\u00e7\u00f5es comuns no dia a dia.<\/p>\r\n\r\n\r\n\r\n<h2 class=\"wp-block-heading\"><strong>Qual a import\u00e2ncia de um cuidador?<\/strong><\/h2>\r\n\r\n\r\n\r\n<p>Como vimos at\u00e9 aqui, o cuidador tem fun\u00e7\u00f5es indispens\u00e1veis para promover a sa\u00fade e qualidade de vida de diferentes tipos de pacientes. Sendo assim, \u00e9 um apoio que garante aten\u00e7\u00e3o especial, com cuidados espec\u00edficos, de acordo com o quadro cl\u00ednico de cada pessoa.<\/p>\r\n\r\n\r\n\r\n<p>Dessa forma, o cuidador tem uma responsabilidade importante no tratamento de indiv\u00edduos que apresentam limita\u00e7\u00f5es de atividade de vida di\u00e1ria. Seu trabalho garante atendimentos eficazes e todas as condi\u00e7\u00f5es para essas pessoas terem uma vida melhor.<\/p>\r\n\r\n\r\n\r\n<p>Al\u00e9m disso, contar com um profissional cuidador contribui para ter respostas mais r\u00e1pidas em casos de emerg\u00eancias, evitando que as situa\u00e7\u00f5es se agravem. Sobretudo, com a\u00e7\u00f5es que promovem um<a href=\"https:\/\/atituderimacomsaude.com.br\/check-up-medico-a-importancia-do-acompanhamento-e-da-prevencao\/\"> acompanhamento cont\u00ednuo e preventivo<\/a>, fatores essenciais para a sa\u00fade.\u00a0<\/p>\r\n\r\n\r\n\r\n<p>O cuidador, com seu conhecimento t\u00e9cnico e capacidade de amparo, \u00e9 imprescind\u00edvel no atendimento domiciliar, considerando que nem sempre a fam\u00edlia est\u00e1 preparada para lidar com as necessidades de um paciente idoso ou acamado.<\/p>\r\n\r\n\r\n\r\n<p>Nesse contexto, o cuidador contribui no tratamento e na qualidade de vida dos pacientes, desenvolvendo uma profunda rela\u00e7\u00e3o de confian\u00e7a. A intimidade faz com que o profissional se torne cada vez mais pr\u00f3ximo e necess\u00e1rio, na vis\u00e3o do paciente.<\/p>\r\n\r\n\r\n\r\n<h2 class=\"wp-block-heading\"><strong>Quem cuida do cuidador?<\/strong><\/h2>\r\n\r\n\r\n\r\n<p>O cuidador \u00e9 acima de tudo algu\u00e9m com uma vida paralela, que vivencia situa\u00e7\u00f5es pessoais, por isso, deve investir no autocuidado. Para cuidar do outro, \u00e9 preciso estar bem, f\u00edsica e mentalmente, caso contr\u00e1rio, a sa\u00fade pode ficar comprometida.\u00a0<\/p>\r\n\r\n\r\n\r\n<p>Assim como estimula o paciente a se relacionar e viver em sociedade, o cuidador deve buscar meios de se preservar e n\u00e3o adoecer de uma hora para outra. Praticar atividade f\u00edsica, definir compromissos sociais, passar mais tempo com a fam\u00edlia, s\u00e3o pr\u00e1ticas recomend\u00e1veis na vida de um cuidador.\u00a0<\/p>\r\n\r\n\r\n\r\n<p>Como voc\u00ea pode notar neste artigo, o papel do cuidador \u00e9 muito importante para promover a sa\u00fade dos pacientes de uma forma abrangente, mas \u00e9 tamb\u00e9m de grande import\u00e2ncia que o cuidador se cuide, para manter uma assist\u00eancia de qualidade ao paciente.. Gostou do post? Agora que voc\u00ea entendeu mais sobre o cuidador, o que acha de conhecer um plano ideal para toda a sua fam\u00edlia? N\u00e3o perca tempo e veja sobre o<a href=\"https:\/\/www.fsfx.com.br\/usisaude\/planos\/usifamilia\/\"> plano Usifam\u00edlia<\/a>!<\/p>\r\n\r\n\r\n\r\n<p><strong>Refer\u00eancias:<\/strong><\/p>\r\n\r\n\r\n\r\n<p>ASSOCIA\u00c7\u00c3O NACIONAL DE HOSPITAIS PRIVADOS. <strong>Manual de Aten\u00e7\u00e3o Domiciliar.<\/strong> Dispon\u00edvel em: &lt;https:\/\/www.neadsaude.org.br\/wp-content\/themes\/nead\/nead-digital\/Manual-de-Atencao-Domiciliar-ANAHP-NEAD\/index.html#p=2&gt;. Acesso em: 27 Set. 2021.<\/p>\r\n\r\n\r\n\r\n<p>GOVERNO DO ESTADO DE S\u00c3O PAULO. <strong>Manual para Cuidadores de Idosos.<\/strong> 2014. Dispon\u00edvel em: &lt;http:\/\/www.iamspe.sp.gov.br\/wp-content\/uploads\/2017\/01\/Manual-cuidadores.pdf&gt;. Acesso em: 27 Set. 2021.<\/p>\r\n\r\n\r\n\r\n<p>INSTITUTO NACIONAL DO C\u00c2NCER (INCA). <strong>Guia do cuidador de pacientes acamados \u2013 Orienta\u00e7\u00f5es aos pacientes.<\/strong> 2010. Dispon\u00edvel em: &lt;https:\/\/www.inca.gov.br\/sites\/ufu.sti.inca.local\/files\/\/media\/document\/\/guia-do-cuidador-de-pacientes-acamados-2010.pdf&gt;. Acesso em: 27 Set. 2021.<\/p>\r\n\r\n\r\n\r\n<p>MINIST\u00c9RIO DA SA\u00daDE. <strong>Guia Pr\u00e1tico do Cuidador. <\/strong>2008. Dispon\u00edvel em: &lt;https:\/\/bvsms.saude.gov.br\/bvs\/publicacoes\/guia_pratico_cuidador.pdf&gt;. Acesso em: 27 Set. 2021.<\/p>\r\n\r\n\r\n\r\n<p>Pinto EA, Silva DDA, Santos RM, Trezza MCSF. <strong>Necessidades de cuidados expressas pela fam\u00edlia que possui um acamado no domic\u00edlio.<\/strong> 2011. Dispon\u00edvel em: &lt;http:\/\/revista.cofen.gov.br\/index.php\/enfermagem\/article\/viewFile\/383\/174&gt;. Acesso em: 27 Set. 2021.<\/p>\r\n\r\n\r\n\r\n<p>PREFEITURA MUNICIPAL DE NOVO HAMBURGO. <strong>Atendimento domiciliar melhora a qualidade de vida de pacientes acamados. <\/strong>2021. Dispon\u00edvel em: &lt;https:\/\/www.novohamburgo.rs.gov.br\/index.php\/noticia\/atendimento-domiciliar-melhora-qualidade-vida-pacientes-acamados&gt;. Acesso em: 27 Set. 2021.<\/p>\r\n\r\n\r\n\r\n<p>SECRETARIA ESPECIAL DOS DIREITOS HUMANOS. <strong>Cuidar melhor e evitar a viol\u00eancia \u2013 Manual do Cuidador da Pessoa Idosa.<\/strong> 2008. Dispon\u00edvel em: &lt;http:\/\/www.observatorionacionaldoidoso.fiocruz.br\/biblioteca\/_manual\/12.pdf&gt;. Acesso em: 27 Set. 2021.<\/p>\r\n","protected":false},"excerpt":{"rendered":"<p>Conte\u00fado atualizado em 07\/03\/2022 Tempo de leitura: 6 minutos O cuidador \u00e9 um profissional que exerce atividades imprescind\u00edveis para promover a sa\u00fade e qualidade de vida de pessoas debilitadas. Trata-se de uma pessoa que executa a\u00e7\u00f5es relacionadas aos cuidados b\u00e1sicos de vida de um paciente, e assim contribui para o bem-estar de quem precisa de [&hellip;]<\/p>\n","protected":false},"author":10,"featured_media":4928,"comment_status":"open","ping_status":"open","sticky":false,"template":"","format":"standard","meta":{"_acf_changed":false,"site-sidebar-layout":"default","site-content-layout":"","ast-site-content-layout":"default","site-content-style":"default","site-sidebar-style":"default","ast-global-header-display":"","ast-banner-title-visibility":"","ast-main-header-display":"","ast-hfb-above-header-display":"","ast-hfb-below-header-display":"","ast-hfb-mobile-header-display":"","site-post-title":"","ast-breadcrumbs-content":"","ast-featured-img":"","footer-sml-layout":"","theme-transparent-header-meta":"","adv-header-id-meta":"","stick-header-meta":"","header-above-stick-meta":"","header-main-stick-meta":"","header-below-stick-meta":"","astra-migrate-meta-layouts":"default","ast-page-background-enabled":"default","ast-page-background-meta":{"desktop":{"background-color":"var(--ast-global-color-4)","background-image":"","background-repeat":"repeat","background-position":"center center","background-size":"auto","background-attachment":"scroll","background-type":"","background-media":"","overlay-type":"","overlay-color":"","overlay-opacity":"","overlay-gradient":""},"tablet":{"background-color":"","background-image":"","background-repeat":"repeat","background-position":"center center","background-size":"auto","background-attachment":"scroll","background-type":"","background-media":"","overlay-type":"","overlay-color":"","overlay-opacity":"","overlay-gradient":""},"mobile":{"background-color":"","background-image":"","background-repeat":"repeat","background-position":"center center","background-size":"auto","background-attachment":"scroll","background-type":"","background-media":"","overlay-type":"","overlay-color":"","overlay-opacity":"","overlay-gradient":""}},"ast-content-background-meta":{"desktop":{"background-color":"var(--ast-global-color-5)","background-image":"","background-repeat":"repeat","background-position":"center center","background-size":"auto","background-attachment":"scroll","background-type":"","background-media":"","overlay-type":"","overlay-color":"","overlay-opacity":"","overlay-gradient":""},"tablet":{"background-color":"var(--ast-global-color-5)","background-image":"","background-repeat":"repeat","background-position":"center center","background-size":"auto","background-attachment":"scroll","background-type":"","background-media":"","overlay-type":"","overlay-color":"","overlay-opacity":"","overlay-gradient":""},"mobile":{"background-color":"var(--ast-global-color-5)","background-image":"","background-repeat":"repeat","background-position":"center center","background-size":"auto","background-attachment":"scroll","background-type":"","background-media":"","overlay-type":"","overlay-color":"","overlay-opacity":"","overlay-gradient":""}},"footnotes":""},"categories":[1],"tags":[],"class_list":["post-4270","post","type-post","status-publish","format-standard","has-post-thumbnail","hentry","category-noticias"],"acf":[],"yoast_head":"<!-- This site is optimized with the Yoast SEO plugin v26.9 - https:\/\/yoast.com\/product\/yoast-seo-wordpress\/ -->\n<title>A import\u00e2ncia do cuidador no atendimento domiciliar e promo\u00e7\u00e3o da sa\u00fade - Usisa\u00fade<\/title>\n<meta name=\"robots\" content=\"index, follow, max-snippet:-1, max-image-preview:large, max-video-preview:-1\" \/>\n<link rel=\"canonical\" href=\"https:\/\/www.fsfx.com.br\/usisaude\/cuidador\/\" \/>\n<meta property=\"og:locale\" content=\"pt_BR\" \/>\n<meta property=\"og:type\" content=\"article\" \/>\n<meta property=\"og:title\" content=\"A import\u00e2ncia do cuidador no atendimento domiciliar e promo\u00e7\u00e3o da sa\u00fade - Usisa\u00fade\" \/>\n<meta property=\"og:description\" content=\"Conte\u00fado atualizado em 07\/03\/2022 Tempo de leitura: 6 minutos O cuidador \u00e9 um profissional que exerce atividades imprescind\u00edveis para promover a sa\u00fade e qualidade de vida de pessoas debilitadas. Trata-se de uma pessoa que executa a\u00e7\u00f5es relacionadas aos cuidados b\u00e1sicos de vida de um paciente, e assim contribui para o bem-estar de quem precisa de [&hellip;]\" \/>\n<meta property=\"og:url\" content=\"https:\/\/www.fsfx.com.br\/usisaude\/cuidador\/\" \/>\n<meta property=\"og:site_name\" content=\"Usisa\u00fade\" \/>\n<meta property=\"article:published_time\" content=\"2021-10-27T15:00:04+00:00\" \/>\n<meta property=\"article:modified_time\" content=\"2024-09-12T18:07:41+00:00\" \/>\n<meta property=\"og:image\" content=\"https:\/\/www.fsfx.com.br\/usisaude\/wp-content\/uploads\/sites\/6\/2022\/06\/cuidador.jpg\" \/>\n\t<meta property=\"og:image:width\" content=\"1920\" \/>\n\t<meta property=\"og:image:height\" content=\"693\" \/>\n\t<meta property=\"og:image:type\" content=\"image\/jpeg\" \/>\n<meta name=\"author\" content=\"FSFX\" \/>\n<meta name=\"twitter:card\" content=\"summary_large_image\" \/>\n<meta name=\"twitter:label1\" content=\"Escrito por\" \/>\n\t<meta name=\"twitter:data1\" content=\"FSFX\" \/>\n\t<meta name=\"twitter:label2\" content=\"Est. tempo de leitura\" \/>\n\t<meta name=\"twitter:data2\" content=\"8 minutos\" \/>\n<script type=\"application\/ld+json\" class=\"yoast-schema-graph\">{\"@context\":\"https:\/\/schema.org\",\"@graph\":[{\"@type\":\"Article\",\"@id\":\"https:\/\/www.fsfx.com.br\/usisaude\/cuidador\/#article\",\"isPartOf\":{\"@id\":\"https:\/\/www.fsfx.com.br\/usisaude\/cuidador\/\"},\"author\":{\"name\":\"FSFX\",\"@id\":\"https:\/\/www.fsfx.com.br\/usisaude\/#\/schema\/person\/157e6de1c3dd45f6c5e1152777ea7d99\"},\"headline\":\"A import\u00e2ncia do cuidador no atendimento domiciliar e promo\u00e7\u00e3o da sa\u00fade\",\"datePublished\":\"2021-10-27T15:00:04+00:00\",\"dateModified\":\"2024-09-12T18:07:41+00:00\",\"mainEntityOfPage\":{\"@id\":\"https:\/\/www.fsfx.com.br\/usisaude\/cuidador\/\"},\"wordCount\":1607,\"commentCount\":0,\"publisher\":{\"@id\":\"https:\/\/www.fsfx.com.br\/usisaude\/#organization\"},\"image\":{\"@id\":\"https:\/\/www.fsfx.com.br\/usisaude\/cuidador\/#primaryimage\"},\"thumbnailUrl\":\"https:\/\/www.fsfx.com.br\/usisaude\/wp-content\/uploads\/sites\/6\/2022\/06\/cuidador.jpg\",\"articleSection\":[\"Not\u00edcias\"],\"inLanguage\":\"pt-BR\",\"potentialAction\":[{\"@type\":\"CommentAction\",\"name\":\"Comment\",\"target\":[\"https:\/\/www.fsfx.com.br\/usisaude\/cuidador\/#respond\"]}]},{\"@type\":\"WebPage\",\"@id\":\"https:\/\/www.fsfx.com.br\/usisaude\/cuidador\/\",\"url\":\"https:\/\/www.fsfx.com.br\/usisaude\/cuidador\/\",\"name\":\"A import\u00e2ncia do cuidador no atendimento domiciliar e promo\u00e7\u00e3o da sa\u00fade - Usisa\u00fade\",\"isPartOf\":{\"@id\":\"https:\/\/www.fsfx.com.br\/usisaude\/#website\"},\"primaryImageOfPage\":{\"@id\":\"https:\/\/www.fsfx.com.br\/usisaude\/cuidador\/#primaryimage\"},\"image\":{\"@id\":\"https:\/\/www.fsfx.com.br\/usisaude\/cuidador\/#primaryimage\"},\"thumbnailUrl\":\"https:\/\/www.fsfx.com.br\/usisaude\/wp-content\/uploads\/sites\/6\/2022\/06\/cuidador.jpg\",\"datePublished\":\"2021-10-27T15:00:04+00:00\",\"dateModified\":\"2024-09-12T18:07:41+00:00\",\"breadcrumb\":{\"@id\":\"https:\/\/www.fsfx.com.br\/usisaude\/cuidador\/#breadcrumb\"},\"inLanguage\":\"pt-BR\",\"potentialAction\":[{\"@type\":\"ReadAction\",\"target\":[\"https:\/\/www.fsfx.com.br\/usisaude\/cuidador\/\"]}]},{\"@type\":\"ImageObject\",\"inLanguage\":\"pt-BR\",\"@id\":\"https:\/\/www.fsfx.com.br\/usisaude\/cuidador\/#primaryimage\",\"url\":\"https:\/\/www.fsfx.com.br\/usisaude\/wp-content\/uploads\/sites\/6\/2022\/06\/cuidador.jpg\",\"contentUrl\":\"https:\/\/www.fsfx.com.br\/usisaude\/wp-content\/uploads\/sites\/6\/2022\/06\/cuidador.jpg\",\"width\":1920,\"height\":693},{\"@type\":\"BreadcrumbList\",\"@id\":\"https:\/\/www.fsfx.com.br\/usisaude\/cuidador\/#breadcrumb\",\"itemListElement\":[{\"@type\":\"ListItem\",\"position\":1,\"name\":\"In\u00edcio\",\"item\":\"https:\/\/www.fsfx.com.br\/usisaude\/\"},{\"@type\":\"ListItem\",\"position\":2,\"name\":\"A import\u00e2ncia do cuidador no atendimento domiciliar e promo\u00e7\u00e3o da sa\u00fade\"}]},{\"@type\":\"WebSite\",\"@id\":\"https:\/\/www.fsfx.com.br\/usisaude\/#website\",\"url\":\"https:\/\/www.fsfx.com.br\/usisaude\/\",\"name\":\"Usisa\u00fade\",\"description\":\"Somos a Usisa\u00fade, uma operadora de planos de sa\u00fade da Funda\u00e7\u00e3o S\u00e3o Francisco Xavier (FSFX), a maior em modalidade filantr\u00f3pica do pa\u00eds.\",\"publisher\":{\"@id\":\"https:\/\/www.fsfx.com.br\/usisaude\/#organization\"},\"potentialAction\":[{\"@type\":\"SearchAction\",\"target\":{\"@type\":\"EntryPoint\",\"urlTemplate\":\"https:\/\/www.fsfx.com.br\/usisaude\/?s={search_term_string}\"},\"query-input\":{\"@type\":\"PropertyValueSpecification\",\"valueRequired\":true,\"valueName\":\"search_term_string\"}}],\"inLanguage\":\"pt-BR\"},{\"@type\":\"Organization\",\"@id\":\"https:\/\/www.fsfx.com.br\/usisaude\/#organization\",\"name\":\"Usisa\u00fade\",\"url\":\"https:\/\/www.fsfx.com.br\/usisaude\/\",\"logo\":{\"@type\":\"ImageObject\",\"inLanguage\":\"pt-BR\",\"@id\":\"https:\/\/www.fsfx.com.br\/usisaude\/#\/schema\/logo\/image\/\",\"url\":\"https:\/\/www.fsfx.com.br\/usisaude\/wp-content\/uploads\/sites\/6\/2022\/03\/logo-ususaude-1.svg\",\"contentUrl\":\"https:\/\/www.fsfx.com.br\/usisaude\/wp-content\/uploads\/sites\/6\/2022\/03\/logo-ususaude-1.svg\",\"width\":445,\"height\":196,\"caption\":\"Usisa\u00fade\"},\"image\":{\"@id\":\"https:\/\/www.fsfx.com.br\/usisaude\/#\/schema\/logo\/image\/\"}},{\"@type\":\"Person\",\"@id\":\"https:\/\/www.fsfx.com.br\/usisaude\/#\/schema\/person\/157e6de1c3dd45f6c5e1152777ea7d99\",\"name\":\"FSFX\",\"image\":{\"@type\":\"ImageObject\",\"inLanguage\":\"pt-BR\",\"@id\":\"https:\/\/www.fsfx.com.br\/usisaude\/#\/schema\/person\/image\/\",\"url\":\"https:\/\/secure.gravatar.com\/avatar\/bd54a0d021bb20ae005f5272fd9962e210ae51b3d3d4cb21d13d6937a96452f1?s=96&d=mm&r=g\",\"contentUrl\":\"https:\/\/secure.gravatar.com\/avatar\/bd54a0d021bb20ae005f5272fd9962e210ae51b3d3d4cb21d13d6937a96452f1?s=96&d=mm&r=g\",\"caption\":\"FSFX\"},\"url\":\"https:\/\/www.fsfx.com.br\/usisaude\/author\/fsfx\/\"}]}<\/script>\n<!-- \/ Yoast SEO plugin. -->","yoast_head_json":{"title":"A import\u00e2ncia do cuidador no atendimento domiciliar e promo\u00e7\u00e3o da sa\u00fade - Usisa\u00fade","robots":{"index":"index","follow":"follow","max-snippet":"max-snippet:-1","max-image-preview":"max-image-preview:large","max-video-preview":"max-video-preview:-1"},"canonical":"https:\/\/www.fsfx.com.br\/usisaude\/cuidador\/","og_locale":"pt_BR","og_type":"article","og_title":"A import\u00e2ncia do cuidador no atendimento domiciliar e promo\u00e7\u00e3o da sa\u00fade - Usisa\u00fade","og_description":"Conte\u00fado atualizado em 07\/03\/2022 Tempo de leitura: 6 minutos O cuidador \u00e9 um profissional que exerce atividades imprescind\u00edveis para promover a sa\u00fade e qualidade de vida de pessoas debilitadas. Trata-se de uma pessoa que executa a\u00e7\u00f5es relacionadas aos cuidados b\u00e1sicos de vida de um paciente, e assim contribui para o bem-estar de quem precisa de [&hellip;]","og_url":"https:\/\/www.fsfx.com.br\/usisaude\/cuidador\/","og_site_name":"Usisa\u00fade","article_published_time":"2021-10-27T15:00:04+00:00","article_modified_time":"2024-09-12T18:07:41+00:00","og_image":[{"width":1920,"height":693,"url":"https:\/\/www.fsfx.com.br\/usisaude\/wp-content\/uploads\/sites\/6\/2022\/06\/cuidador.jpg","type":"image\/jpeg"}],"author":"FSFX","twitter_card":"summary_large_image","twitter_misc":{"Escrito por":"FSFX","Est. tempo de leitura":"8 minutos"},"schema":{"@context":"https:\/\/schema.org","@graph":[{"@type":"Article","@id":"https:\/\/www.fsfx.com.br\/usisaude\/cuidador\/#article","isPartOf":{"@id":"https:\/\/www.fsfx.com.br\/usisaude\/cuidador\/"},"author":{"name":"FSFX","@id":"https:\/\/www.fsfx.com.br\/usisaude\/#\/schema\/person\/157e6de1c3dd45f6c5e1152777ea7d99"},"headline":"A import\u00e2ncia do cuidador no atendimento domiciliar e promo\u00e7\u00e3o da sa\u00fade","datePublished":"2021-10-27T15:00:04+00:00","dateModified":"2024-09-12T18:07:41+00:00","mainEntityOfPage":{"@id":"https:\/\/www.fsfx.com.br\/usisaude\/cuidador\/"},"wordCount":1607,"commentCount":0,"publisher":{"@id":"https:\/\/www.fsfx.com.br\/usisaude\/#organization"},"image":{"@id":"https:\/\/www.fsfx.com.br\/usisaude\/cuidador\/#primaryimage"},"thumbnailUrl":"https:\/\/www.fsfx.com.br\/usisaude\/wp-content\/uploads\/sites\/6\/2022\/06\/cuidador.jpg","articleSection":["Not\u00edcias"],"inLanguage":"pt-BR","potentialAction":[{"@type":"CommentAction","name":"Comment","target":["https:\/\/www.fsfx.com.br\/usisaude\/cuidador\/#respond"]}]},{"@type":"WebPage","@id":"https:\/\/www.fsfx.com.br\/usisaude\/cuidador\/","url":"https:\/\/www.fsfx.com.br\/usisaude\/cuidador\/","name":"A import\u00e2ncia do cuidador no atendimento domiciliar e promo\u00e7\u00e3o da sa\u00fade - Usisa\u00fade","isPartOf":{"@id":"https:\/\/www.fsfx.com.br\/usisaude\/#website"},"primaryImageOfPage":{"@id":"https:\/\/www.fsfx.com.br\/usisaude\/cuidador\/#primaryimage"},"image":{"@id":"https:\/\/www.fsfx.com.br\/usisaude\/cuidador\/#primaryimage"},"thumbnailUrl":"https:\/\/www.fsfx.com.br\/usisaude\/wp-content\/uploads\/sites\/6\/2022\/06\/cuidador.jpg","datePublished":"2021-10-27T15:00:04+00:00","dateModified":"2024-09-12T18:07:41+00:00","breadcrumb":{"@id":"https:\/\/www.fsfx.com.br\/usisaude\/cuidador\/#breadcrumb"},"inLanguage":"pt-BR","potentialAction":[{"@type":"ReadAction","target":["https:\/\/www.fsfx.com.br\/usisaude\/cuidador\/"]}]},{"@type":"ImageObject","inLanguage":"pt-BR","@id":"https:\/\/www.fsfx.com.br\/usisaude\/cuidador\/#primaryimage","url":"https:\/\/www.fsfx.com.br\/usisaude\/wp-content\/uploads\/sites\/6\/2022\/06\/cuidador.jpg","contentUrl":"https:\/\/www.fsfx.com.br\/usisaude\/wp-content\/uploads\/sites\/6\/2022\/06\/cuidador.jpg","width":1920,"height":693},{"@type":"BreadcrumbList","@id":"https:\/\/www.fsfx.com.br\/usisaude\/cuidador\/#breadcrumb","itemListElement":[{"@type":"ListItem","position":1,"name":"In\u00edcio","item":"https:\/\/www.fsfx.com.br\/usisaude\/"},{"@type":"ListItem","position":2,"name":"A import\u00e2ncia do cuidador no atendimento domiciliar e promo\u00e7\u00e3o da sa\u00fade"}]},{"@type":"WebSite","@id":"https:\/\/www.fsfx.com.br\/usisaude\/#website","url":"https:\/\/www.fsfx.com.br\/usisaude\/","name":"Usisa\u00fade","description":"Somos a Usisa\u00fade, uma operadora de planos de sa\u00fade da Funda\u00e7\u00e3o S\u00e3o Francisco Xavier (FSFX), a maior em modalidade filantr\u00f3pica do pa\u00eds.","publisher":{"@id":"https:\/\/www.fsfx.com.br\/usisaude\/#organization"},"potentialAction":[{"@type":"SearchAction","target":{"@type":"EntryPoint","urlTemplate":"https:\/\/www.fsfx.com.br\/usisaude\/?s={search_term_string}"},"query-input":{"@type":"PropertyValueSpecification","valueRequired":true,"valueName":"search_term_string"}}],"inLanguage":"pt-BR"},{"@type":"Organization","@id":"https:\/\/www.fsfx.com.br\/usisaude\/#organization","name":"Usisa\u00fade","url":"https:\/\/www.fsfx.com.br\/usisaude\/","logo":{"@type":"ImageObject","inLanguage":"pt-BR","@id":"https:\/\/www.fsfx.com.br\/usisaude\/#\/schema\/logo\/image\/","url":"https:\/\/www.fsfx.com.br\/usisaude\/wp-content\/uploads\/sites\/6\/2022\/03\/logo-ususaude-1.svg","contentUrl":"https:\/\/www.fsfx.com.br\/usisaude\/wp-content\/uploads\/sites\/6\/2022\/03\/logo-ususaude-1.svg","width":445,"height":196,"caption":"Usisa\u00fade"},"image":{"@id":"https:\/\/www.fsfx.com.br\/usisaude\/#\/schema\/logo\/image\/"}},{"@type":"Person","@id":"https:\/\/www.fsfx.com.br\/usisaude\/#\/schema\/person\/157e6de1c3dd45f6c5e1152777ea7d99","name":"FSFX","image":{"@type":"ImageObject","inLanguage":"pt-BR","@id":"https:\/\/www.fsfx.com.br\/usisaude\/#\/schema\/person\/image\/","url":"https:\/\/secure.gravatar.com\/avatar\/bd54a0d021bb20ae005f5272fd9962e210ae51b3d3d4cb21d13d6937a96452f1?s=96&d=mm&r=g","contentUrl":"https:\/\/secure.gravatar.com\/avatar\/bd54a0d021bb20ae005f5272fd9962e210ae51b3d3d4cb21d13d6937a96452f1?s=96&d=mm&r=g","caption":"FSFX"},"url":"https:\/\/www.fsfx.com.br\/usisaude\/author\/fsfx\/"}]}},"_links":{"self":[{"href":"https:\/\/www.fsfx.com.br\/usisaude\/wp-json\/wp\/v2\/posts\/4270","targetHints":{"allow":["GET"]}}],"collection":[{"href":"https:\/\/www.fsfx.com.br\/usisaude\/wp-json\/wp\/v2\/posts"}],"about":[{"href":"https:\/\/www.fsfx.com.br\/usisaude\/wp-json\/wp\/v2\/types\/post"}],"author":[{"embeddable":true,"href":"https:\/\/www.fsfx.com.br\/usisaude\/wp-json\/wp\/v2\/users\/10"}],"replies":[{"embeddable":true,"href":"https:\/\/www.fsfx.com.br\/usisaude\/wp-json\/wp\/v2\/comments?post=4270"}],"version-history":[{"count":1,"href":"https:\/\/www.fsfx.com.br\/usisaude\/wp-json\/wp\/v2\/posts\/4270\/revisions"}],"predecessor-version":[{"id":10721,"href":"https:\/\/www.fsfx.com.br\/usisaude\/wp-json\/wp\/v2\/posts\/4270\/revisions\/10721"}],"wp:featuredmedia":[{"embeddable":true,"href":"https:\/\/www.fsfx.com.br\/usisaude\/wp-json\/wp\/v2\/media\/4928"}],"wp:attachment":[{"href":"https:\/\/www.fsfx.com.br\/usisaude\/wp-json\/wp\/v2\/media?parent=4270"}],"wp:term":[{"taxonomy":"category","embeddable":true,"href":"https:\/\/www.fsfx.com.br\/usisaude\/wp-json\/wp\/v2\/categories?post=4270"},{"taxonomy":"post_tag","embeddable":true,"href":"https:\/\/www.fsfx.com.br\/usisaude\/wp-json\/wp\/v2\/tags?post=4270"}],"curies":[{"name":"wp","href":"https:\/\/api.w.org\/{rel}","templated":true}]}}