{"id":4286,"date":"2021-11-23T10:55:54","date_gmt":"2021-11-23T13:55:54","guid":{"rendered":"https:\/\/atituderimacomsaude.com.br\/?p=4286"},"modified":"2024-09-12T15:07:41","modified_gmt":"2024-09-12T18:07:41","slug":"esclerosa-multipla","status":"publish","type":"post","link":"https:\/\/www.fsfx.com.br\/usisaude\/esclerosa-multipla\/","title":{"rendered":"Esclerose m\u00faltipla: Entenda a import\u00e2ncia do diagn\u00f3stico precoce"},"content":{"rendered":"\r\n<p>Tempo de leitura: 5 minutos.<\/p>\r\n\r\n\r\n\r\n<p>A descoberta de uma doen\u00e7a neurol\u00f3gica como a esclerose m\u00faltipla pode causar verdadeira mudan\u00e7a na vida de uma pessoa. Por se tratar de uma doen\u00e7a sem cura, quanto mais cedo for o diagn\u00f3stico, melhor o tratamento.\u00a0<\/p>\r\n\r\n\r\n\r\n<p>Os cuidados preventivos e o acompanhamento m\u00e9dico regular s\u00e3o o melhor caminho para evitar o desencadeamento da doen\u00e7a. \u00c9 preciso atentar aos fatores de risco e poss\u00edveis sinais de desenvolvimento da condi\u00e7\u00e3o que afeta e muito a qualidade de vida.\u00a0<\/p>\r\n\r\n\r\n\r\n<p>Mas, o que \u00e9 a Esclerose m\u00faltipla (EM)? Neste post voc\u00ea vai entender melhor sobre a doen\u00e7a, suas causas, sintomas e tratamento. Continue lendo e veja a rotina e a necessidade de cuidados de pacientes com EM!<\/p>\r\n\r\n\r\n\r\n<h2 class=\"wp-block-heading\"><strong>O que provoca esclerose m\u00faltipla?<\/strong><\/h2>\r\n\r\n\r\n\r\n<p>A esclerose m\u00faltipla \u00e9 uma doen\u00e7a neurol\u00f3gica, cr\u00f4nica (de longa dura\u00e7\u00e3o) e autoimune, provocada por mecanismos inflamat\u00f3rios e degenerativos (na condi\u00e7\u00e3o, as c\u00e9lulas de defesa do organismo atacam o pr\u00f3prio sistema nervoso central e provocam danos cerebrais e medulares).<\/p>\r\n\r\n\r\n\r\n<p>Regi\u00f5es como c\u00e9rebro, tronco cerebral, nervos \u00f3pticos e medula espinhal, s\u00e3o os alvos preferenciais da doen\u00e7a. Uma das caracter\u00edsticas mais acentuadas \u00e9 desmieliniza\u00e7\u00e3o \u2014comprometimento da mielina, subst\u00e2ncia que reveste os neur\u00f4nios\u00a0 e protege os impulsos nervosos, resultando nos chamados surtos.<\/p>\r\n\r\n\r\n\r\n<p>\u00c9 importante dizer que a Esclerose M\u00faltipla afeta, especialmente, pessoas jovens, entre 20 e 40 anos com maior predomin\u00e2ncia em pessoas do sexo feminino.<\/p>\r\n\r\n\r\n\r\n<h2 class=\"wp-block-heading\"><strong>Como a esclerose m\u00faltipla afeta o sistema nervoso?<\/strong><\/h2>\r\n\r\n\r\n\r\n<p>A desmieliniza\u00e7\u00e3o \u00e9 um processo inflamat\u00f3rio que causa escleroses e compromete a fun\u00e7\u00e3o de prote\u00e7\u00e3o do tecido, acarretando incapacita\u00e7\u00f5es neurol\u00f3gicas de forma gradativa. Os sintomas, dos mais brandos aos mais agressivos, variam de pessoa para pessoa, resultando em altera\u00e7\u00f5es que podem ser cognitivas ou neurol\u00f3gicas.\u00a0<\/p>\r\n\r\n\r\n\r\n<p>Entre os principais sintomas e agravamentos da doen\u00e7a est\u00e3o:\u00a0<\/p>\r\n\r\n\r\n\r\n<ul class=\"wp-block-list\">\r\n<li>fadiga, fraqueza ou cansa\u00e7o;<\/li>\r\n<li>dorm\u00eancia ou formigamentos;<\/li>\r\n<li>dor ou queima\u00e7\u00e3o na face;<\/li>\r\n<li>vis\u00e3o turva, vis\u00e3o dupla ou perda da vis\u00e3o;<\/li>\r\n<li>tonturas e desequil\u00edbrios;<\/li>\r\n<li>reten\u00e7\u00e3o ou perda de urina;<\/li>\r\n<li>problemas de mem\u00f3ria, perda de aten\u00e7\u00e3o;<\/li>\r\n<li>altera\u00e7\u00f5es do humor, depress\u00e3o ou ansiedade;<\/li>\r\n<li>perda da for\u00e7a muscular, espasmos, dificuldade para nadar, rigidez muscular.<\/li>\r\n<\/ul>\r\n\r\n\r\n\r\n<h2 class=\"wp-block-heading\"><strong>Quais os fatores que desencadeiam a doen\u00e7as neurodegenerativas como a esclerose m\u00faltipla?<\/strong><\/h2>\r\n\r\n\r\n\r\n<p>A EM tem causas desconhecidas, mas \u00e9 poss\u00edvel que uma combina\u00e7\u00e3o entre a predisposi\u00e7\u00e3o gen\u00e9tica e os fatores ambientais, desenvolvam gatilhos que potencializam o surgimento e desenvolvimento da doen\u00e7a, como:\u00a0<\/p>\r\n\r\n\r\n\r\n<ul class=\"wp-block-list\">\r\n<li>tabagismo;<\/li>\r\n<li>obesidade;<\/li>\r\n<li>exposi\u00e7\u00e3o prolongada ao sol;<\/li>\r\n<li>infec\u00e7\u00f5es virais;<\/li>\r\n<li>exposi\u00e7\u00e3o ao solventes org\u00e2nicos.<\/li>\r\n<\/ul>\r\n\r\n\r\n\r\n<h2 class=\"wp-block-heading\"><strong>Quais os tratamentos mais atuais para esclerose m\u00faltipla?<\/strong><\/h2>\r\n\r\n\r\n\r\n<p>Como a doen\u00e7a n\u00e3o tem cura, o tratamento vai ajudar a diminuir as ocorr\u00eancias dos surtos e conter seu avan\u00e7o, como do n\u00edvel de incapacidade, por exemplo. Enquanto os corticoster\u00f3ides reduzem a intensidade dos surtos, os imunossupressores e imunomoduladores criam espa\u00e7o maior entre esses epis\u00f3dios.<\/p>\r\n\r\n\r\n\r\n<h2 class=\"wp-block-heading\"><strong>Como viver com a esclerose m\u00faltipla?<\/strong><\/h2>\r\n\r\n\r\n\r\n<p>Al\u00e9m da interven\u00e7\u00e3o medicamentosa, as terapias complementares entre fisioterapias e atividades psicomotoras ajudam a estimular a autonomia e melhorar a capacidade. Com isso, \u00e9 poss\u00edvel perceber uma mudan\u00e7a favor\u00e1vel na autoestima e autoconfian\u00e7a, bem como a aceita\u00e7\u00e3o e entendimento que, diante da falta de cura, \u00e9 poss\u00edvel ter qualidade de vida mesmo com a EM.<\/p>\r\n\r\n\r\n\r\n<h2 class=\"wp-block-heading\"><strong>Como deve ser a assist\u00eancia aos portadores de esclerose m\u00faltipla?<\/strong><\/h2>\r\n\r\n\r\n\r\n<p>Inicialmente, a pessoa com sintomas suspeitos deve ser avaliada por seu m\u00e9dico cl\u00ednico, que encaminhar\u00e1 ao neurologista conforme a necessidade, a fim de firmar seu diagn\u00f3stico.<\/p>\r\n\r\n\r\n\r\n<p>O primeiro passo depois do diagn\u00f3stico \u00e9 contar com o acompanhamento m\u00e9dico para in\u00edcio do tratamento. Apesar da EM afetar o sistema nervoso central, n\u00e3o \u00e9 considerada uma doen\u00e7a mental, portanto o paciente afetado tem plena consci\u00eancia sobre os fatos.\u00a0<\/p>\r\n\r\n\r\n\r\n<p>Dentro dessa condi\u00e7\u00e3o \u00e9 poss\u00edvel ter uma vida normal, considerando o avan\u00e7o dos tratamentos, entre medicamentos e terapias. \u00c9 preciso seguir as orienta\u00e7\u00f5es m\u00e9dicas e evitar ao m\u00e1ximo os gatilhos que estimulam os surtos.<\/p>\r\n\r\n\r\n\r\n<p>Uma equipe multidisciplinar de sa\u00fade pode ser efetiva para criar uma estrutura de cuidados f\u00edsicos e emocionais que ajudem o paciente com Esclerose M\u00faltipla a lidar com a nova condi\u00e7\u00e3o de sa\u00fade \u2014 reeduca\u00e7\u00e3o alimentar, atividade f\u00edsica e psicol\u00f3gica s\u00e3o essenciais para uma maior qualidade de vida.Gostou do post? Que tal aproveitar a visita para saber o que \u00e9 e qual<a href=\"https:\/\/atituderimacomsaude.com.br\/autocuidado\/\"> a import\u00e2ncia dos h\u00e1bitos de autocuidado<\/a>!<\/p>\r\n\r\n\r\n\r\n<p>&nbsp;<\/p>\r\n\r\n\r\n\r\n<p><strong>Refer\u00eancia:<\/strong><\/p>\r\n\r\n\r\n\r\n<p>AG\u00caNCIA BRASIL. <strong>Diagn\u00f3stico precoce evita sequelas em casos de esclerose m\u00faltipla<\/strong>. 2021. Dispon\u00edvel em: &lt;https:\/\/agenciabrasil.ebc.com.br\/saude\/noticia\/2021-08\/diagnostico-precoce-evita-sequelas-em-casos-de-esclerose-multipla&gt;. Acesso em: 22 Out. 2021<\/p>\r\n\r\n\r\n\r\n<p>ASSOCIA\u00c7\u00c3O BRASILEIRA DE ESCLEROSE M\u00daLTIPLA (ABEM). <strong>O que \u00e9 Esclerose M\u00faltipla (EM)<\/strong>. Dispon\u00edvel em: &lt;https:\/\/www.abem.org.br\/esclerose-multipla\/o-que-e-esclerose-multipla\/&gt;. Acesso em: 22 Out. 2021<\/p>\r\n\r\n\r\n\r\n<p>FUNDA\u00c7\u00c3O OSWALDO CRUZ (FIOCRUZ). <strong>Esclerose M\u00faltipla: sintomas, origem e tratamento<\/strong>. Dispon\u00edvel em: &lt;https:\/\/www.bio.fiocruz.br\/index.php\/br\/sintomas-origem-e-tratamento&gt;. Acesso em: 22 Out. 2021<\/p>\r\n\r\n\r\n\r\n<p>MINIST\u00c9RIO DA SA\u00daDE. <strong>\u201cEu me conecto, n\u00f3s nos conectamos\u201d: 30\/5 \u2013 Dia Mundial da Esclerose M\u00faltipla<\/strong>. Dispon\u00edvel em: &lt;https:\/\/bvsms.saude.gov.br\/eu-me-conecto-nos-nos-conectamos-30-5-dia-mundial-da-esclerose-multipla\/&gt;. Acesso em: 22 Out. 2021<\/p>\r\n\r\n\r\n\r\n<p>MINIST\u00c9RIO DA SA\u00daDE. <strong>O que \u00e9 Esclerose M\u00faltipla e quais suas causas e sintomas?<\/strong>. 2016. Dispon\u00edvel em: &lt;https:\/\/aps.bvs.br\/aps\/o-que-e-esclerose-multipla-e-quais-suas-causas-e-sintomas\/&gt;. Acesso em: 22 Out. 2021<\/p>\r\n\r\n\r\n\r\n<p>SECRETARIA DE SA\u00daDE DA CIDADE DE S\u00c3O PAULO. <strong>Esclerose m\u00faltipla: conhe\u00e7a os tratamentos complementares dispon\u00edveis na rede p\u00fablica da capital.<\/strong> 2021. Dispon\u00edvel em: &lt;https:\/\/www.prefeitura.sp.gov.br\/cidade\/secretarias\/saude\/noticias\/?p=312867&gt;. Acesso em: 22 Out. 2021UNIVERSIDADE FEDERAL DE UBERL\u00c2NDIA. <strong>Dia Nacional de Conscientiza\u00e7\u00e3o sobre a Esclerose M\u00faltipla.<\/strong> 2020. Dispon\u00edvel em: &lt;https:\/\/www.hc.ufu.br\/noticia\/dia-nacional-conscientizacao-sobre-esclerose-multipla&gt;. Acesso em: 22 Out. 2021<\/p>\r\n","protected":false},"excerpt":{"rendered":"<p>Tempo de leitura: 5 minutos. A descoberta de uma doen\u00e7a neurol\u00f3gica como a esclerose m\u00faltipla pode causar verdadeira mudan\u00e7a na vida de uma pessoa. Por se tratar de uma doen\u00e7a sem cura, quanto mais cedo for o diagn\u00f3stico, melhor o tratamento.\u00a0 Os cuidados preventivos e o acompanhamento m\u00e9dico regular s\u00e3o o melhor caminho para evitar [&hellip;]<\/p>\n","protected":false},"author":10,"featured_media":4929,"comment_status":"open","ping_status":"open","sticky":false,"template":"","format":"standard","meta":{"_acf_changed":false,"site-sidebar-layout":"default","site-content-layout":"","ast-site-content-layout":"default","site-content-style":"default","site-sidebar-style":"default","ast-global-header-display":"","ast-banner-title-visibility":"","ast-main-header-display":"","ast-hfb-above-header-display":"","ast-hfb-below-header-display":"","ast-hfb-mobile-header-display":"","site-post-title":"","ast-breadcrumbs-content":"","ast-featured-img":"","footer-sml-layout":"","theme-transparent-header-meta":"","adv-header-id-meta":"","stick-header-meta":"","header-above-stick-meta":"","header-main-stick-meta":"","header-below-stick-meta":"","astra-migrate-meta-layouts":"default","ast-page-background-enabled":"default","ast-page-background-meta":{"desktop":{"background-color":"var(--ast-global-color-4)","background-image":"","background-repeat":"repeat","background-position":"center center","background-size":"auto","background-attachment":"scroll","background-type":"","background-media":"","overlay-type":"","overlay-color":"","overlay-opacity":"","overlay-gradient":""},"tablet":{"background-color":"","background-image":"","background-repeat":"repeat","background-position":"center center","background-size":"auto","background-attachment":"scroll","background-type":"","background-media":"","overlay-type":"","overlay-color":"","overlay-opacity":"","overlay-gradient":""},"mobile":{"background-color":"","background-image":"","background-repeat":"repeat","background-position":"center center","background-size":"auto","background-attachment":"scroll","background-type":"","background-media":"","overlay-type":"","overlay-color":"","overlay-opacity":"","overlay-gradient":""}},"ast-content-background-meta":{"desktop":{"background-color":"var(--ast-global-color-5)","background-image":"","background-repeat":"repeat","background-position":"center center","background-size":"auto","background-attachment":"scroll","background-type":"","background-media":"","overlay-type":"","overlay-color":"","overlay-opacity":"","overlay-gradient":""},"tablet":{"background-color":"var(--ast-global-color-5)","background-image":"","background-repeat":"repeat","background-position":"center center","background-size":"auto","background-attachment":"scroll","background-type":"","background-media":"","overlay-type":"","overlay-color":"","overlay-opacity":"","overlay-gradient":""},"mobile":{"background-color":"var(--ast-global-color-5)","background-image":"","background-repeat":"repeat","background-position":"center center","background-size":"auto","background-attachment":"scroll","background-type":"","background-media":"","overlay-type":"","overlay-color":"","overlay-opacity":"","overlay-gradient":""}},"footnotes":""},"categories":[1],"tags":[],"class_list":["post-4286","post","type-post","status-publish","format-standard","has-post-thumbnail","hentry","category-noticias"],"acf":[],"yoast_head":"<!-- This site is optimized with the Yoast SEO plugin v26.9 - https:\/\/yoast.com\/product\/yoast-seo-wordpress\/ -->\n<title>Esclerose m\u00faltipla: Entenda a import\u00e2ncia do diagn\u00f3stico precoce<\/title>\n<meta name=\"description\" content=\"Entenda o que \u00e9 Esclerose m\u00faltipla, suas causas, sintomas tratamentos e como viver com a doen\u00e7a que transforma a vida da pessoa.\" \/>\n<meta name=\"robots\" content=\"index, follow, max-snippet:-1, max-image-preview:large, max-video-preview:-1\" \/>\n<link rel=\"canonical\" href=\"https:\/\/www.fsfx.com.br\/usisaude\/esclerosa-multipla\/\" \/>\n<meta property=\"og:locale\" content=\"pt_BR\" \/>\n<meta property=\"og:type\" content=\"article\" \/>\n<meta property=\"og:title\" content=\"Esclerose m\u00faltipla: Entenda a import\u00e2ncia do diagn\u00f3stico precoce\" \/>\n<meta property=\"og:description\" content=\"Entenda o que \u00e9 Esclerose m\u00faltipla, suas causas, sintomas tratamentos e como viver com a doen\u00e7a que transforma a vida da pessoa.\" \/>\n<meta property=\"og:url\" content=\"https:\/\/www.fsfx.com.br\/usisaude\/esclerosa-multipla\/\" \/>\n<meta property=\"og:site_name\" content=\"Usisa\u00fade\" \/>\n<meta property=\"article:published_time\" content=\"2021-11-23T13:55:54+00:00\" \/>\n<meta property=\"article:modified_time\" content=\"2024-09-12T18:07:41+00:00\" \/>\n<meta property=\"og:image\" content=\"https:\/\/www.fsfx.com.br\/usisaude\/wp-content\/uploads\/sites\/6\/2022\/06\/esclerose.jpg\" \/>\n\t<meta property=\"og:image:width\" content=\"1920\" \/>\n\t<meta property=\"og:image:height\" content=\"693\" \/>\n\t<meta property=\"og:image:type\" content=\"image\/jpeg\" \/>\n<meta name=\"author\" content=\"FSFX\" \/>\n<meta name=\"twitter:card\" content=\"summary_large_image\" \/>\n<meta name=\"twitter:label1\" content=\"Escrito por\" \/>\n\t<meta name=\"twitter:data1\" content=\"FSFX\" \/>\n\t<meta name=\"twitter:label2\" content=\"Est. tempo de leitura\" \/>\n\t<meta name=\"twitter:data2\" content=\"5 minutos\" \/>\n<script type=\"application\/ld+json\" class=\"yoast-schema-graph\">{\"@context\":\"https:\/\/schema.org\",\"@graph\":[{\"@type\":\"Article\",\"@id\":\"https:\/\/www.fsfx.com.br\/usisaude\/esclerosa-multipla\/#article\",\"isPartOf\":{\"@id\":\"https:\/\/www.fsfx.com.br\/usisaude\/esclerosa-multipla\/\"},\"author\":{\"name\":\"FSFX\",\"@id\":\"https:\/\/www.fsfx.com.br\/usisaude\/#\/schema\/person\/157e6de1c3dd45f6c5e1152777ea7d99\"},\"headline\":\"Esclerose m\u00faltipla: Entenda a import\u00e2ncia do diagn\u00f3stico precoce\",\"datePublished\":\"2021-11-23T13:55:54+00:00\",\"dateModified\":\"2024-09-12T18:07:41+00:00\",\"mainEntityOfPage\":{\"@id\":\"https:\/\/www.fsfx.com.br\/usisaude\/esclerosa-multipla\/\"},\"wordCount\":1022,\"commentCount\":0,\"publisher\":{\"@id\":\"https:\/\/www.fsfx.com.br\/usisaude\/#organization\"},\"image\":{\"@id\":\"https:\/\/www.fsfx.com.br\/usisaude\/esclerosa-multipla\/#primaryimage\"},\"thumbnailUrl\":\"https:\/\/www.fsfx.com.br\/usisaude\/wp-content\/uploads\/sites\/6\/2022\/06\/esclerose.jpg\",\"articleSection\":[\"Not\u00edcias\"],\"inLanguage\":\"pt-BR\",\"potentialAction\":[{\"@type\":\"CommentAction\",\"name\":\"Comment\",\"target\":[\"https:\/\/www.fsfx.com.br\/usisaude\/esclerosa-multipla\/#respond\"]}]},{\"@type\":\"WebPage\",\"@id\":\"https:\/\/www.fsfx.com.br\/usisaude\/esclerosa-multipla\/\",\"url\":\"https:\/\/www.fsfx.com.br\/usisaude\/esclerosa-multipla\/\",\"name\":\"Esclerose m\u00faltipla: Entenda a import\u00e2ncia do diagn\u00f3stico precoce\",\"isPartOf\":{\"@id\":\"https:\/\/www.fsfx.com.br\/usisaude\/#website\"},\"primaryImageOfPage\":{\"@id\":\"https:\/\/www.fsfx.com.br\/usisaude\/esclerosa-multipla\/#primaryimage\"},\"image\":{\"@id\":\"https:\/\/www.fsfx.com.br\/usisaude\/esclerosa-multipla\/#primaryimage\"},\"thumbnailUrl\":\"https:\/\/www.fsfx.com.br\/usisaude\/wp-content\/uploads\/sites\/6\/2022\/06\/esclerose.jpg\",\"datePublished\":\"2021-11-23T13:55:54+00:00\",\"dateModified\":\"2024-09-12T18:07:41+00:00\",\"description\":\"Entenda o que \u00e9 Esclerose m\u00faltipla, suas causas, sintomas tratamentos e como viver com a doen\u00e7a que transforma a vida da pessoa.\",\"breadcrumb\":{\"@id\":\"https:\/\/www.fsfx.com.br\/usisaude\/esclerosa-multipla\/#breadcrumb\"},\"inLanguage\":\"pt-BR\",\"potentialAction\":[{\"@type\":\"ReadAction\",\"target\":[\"https:\/\/www.fsfx.com.br\/usisaude\/esclerosa-multipla\/\"]}]},{\"@type\":\"ImageObject\",\"inLanguage\":\"pt-BR\",\"@id\":\"https:\/\/www.fsfx.com.br\/usisaude\/esclerosa-multipla\/#primaryimage\",\"url\":\"https:\/\/www.fsfx.com.br\/usisaude\/wp-content\/uploads\/sites\/6\/2022\/06\/esclerose.jpg\",\"contentUrl\":\"https:\/\/www.fsfx.com.br\/usisaude\/wp-content\/uploads\/sites\/6\/2022\/06\/esclerose.jpg\",\"width\":1920,\"height\":693},{\"@type\":\"BreadcrumbList\",\"@id\":\"https:\/\/www.fsfx.com.br\/usisaude\/esclerosa-multipla\/#breadcrumb\",\"itemListElement\":[{\"@type\":\"ListItem\",\"position\":1,\"name\":\"In\u00edcio\",\"item\":\"https:\/\/www.fsfx.com.br\/usisaude\/\"},{\"@type\":\"ListItem\",\"position\":2,\"name\":\"Esclerose m\u00faltipla: Entenda a import\u00e2ncia do diagn\u00f3stico precoce\"}]},{\"@type\":\"WebSite\",\"@id\":\"https:\/\/www.fsfx.com.br\/usisaude\/#website\",\"url\":\"https:\/\/www.fsfx.com.br\/usisaude\/\",\"name\":\"Usisa\u00fade\",\"description\":\"Somos a Usisa\u00fade, uma operadora de planos de sa\u00fade da Funda\u00e7\u00e3o S\u00e3o Francisco Xavier (FSFX), a maior em modalidade filantr\u00f3pica do pa\u00eds.\",\"publisher\":{\"@id\":\"https:\/\/www.fsfx.com.br\/usisaude\/#organization\"},\"potentialAction\":[{\"@type\":\"SearchAction\",\"target\":{\"@type\":\"EntryPoint\",\"urlTemplate\":\"https:\/\/www.fsfx.com.br\/usisaude\/?s={search_term_string}\"},\"query-input\":{\"@type\":\"PropertyValueSpecification\",\"valueRequired\":true,\"valueName\":\"search_term_string\"}}],\"inLanguage\":\"pt-BR\"},{\"@type\":\"Organization\",\"@id\":\"https:\/\/www.fsfx.com.br\/usisaude\/#organization\",\"name\":\"Usisa\u00fade\",\"url\":\"https:\/\/www.fsfx.com.br\/usisaude\/\",\"logo\":{\"@type\":\"ImageObject\",\"inLanguage\":\"pt-BR\",\"@id\":\"https:\/\/www.fsfx.com.br\/usisaude\/#\/schema\/logo\/image\/\",\"url\":\"https:\/\/www.fsfx.com.br\/usisaude\/wp-content\/uploads\/sites\/6\/2022\/03\/logo-ususaude-1.svg\",\"contentUrl\":\"https:\/\/www.fsfx.com.br\/usisaude\/wp-content\/uploads\/sites\/6\/2022\/03\/logo-ususaude-1.svg\",\"width\":445,\"height\":196,\"caption\":\"Usisa\u00fade\"},\"image\":{\"@id\":\"https:\/\/www.fsfx.com.br\/usisaude\/#\/schema\/logo\/image\/\"}},{\"@type\":\"Person\",\"@id\":\"https:\/\/www.fsfx.com.br\/usisaude\/#\/schema\/person\/157e6de1c3dd45f6c5e1152777ea7d99\",\"name\":\"FSFX\",\"image\":{\"@type\":\"ImageObject\",\"inLanguage\":\"pt-BR\",\"@id\":\"https:\/\/www.fsfx.com.br\/usisaude\/#\/schema\/person\/image\/\",\"url\":\"https:\/\/secure.gravatar.com\/avatar\/bd54a0d021bb20ae005f5272fd9962e210ae51b3d3d4cb21d13d6937a96452f1?s=96&d=mm&r=g\",\"contentUrl\":\"https:\/\/secure.gravatar.com\/avatar\/bd54a0d021bb20ae005f5272fd9962e210ae51b3d3d4cb21d13d6937a96452f1?s=96&d=mm&r=g\",\"caption\":\"FSFX\"},\"url\":\"https:\/\/www.fsfx.com.br\/usisaude\/author\/fsfx\/\"}]}<\/script>\n<!-- \/ Yoast SEO plugin. -->","yoast_head_json":{"title":"Esclerose m\u00faltipla: Entenda a import\u00e2ncia do diagn\u00f3stico precoce","description":"Entenda o que \u00e9 Esclerose m\u00faltipla, suas causas, sintomas tratamentos e como viver com a doen\u00e7a que transforma a vida da pessoa.","robots":{"index":"index","follow":"follow","max-snippet":"max-snippet:-1","max-image-preview":"max-image-preview:large","max-video-preview":"max-video-preview:-1"},"canonical":"https:\/\/www.fsfx.com.br\/usisaude\/esclerosa-multipla\/","og_locale":"pt_BR","og_type":"article","og_title":"Esclerose m\u00faltipla: Entenda a import\u00e2ncia do diagn\u00f3stico precoce","og_description":"Entenda o que \u00e9 Esclerose m\u00faltipla, suas causas, sintomas tratamentos e como viver com a doen\u00e7a que transforma a vida da pessoa.","og_url":"https:\/\/www.fsfx.com.br\/usisaude\/esclerosa-multipla\/","og_site_name":"Usisa\u00fade","article_published_time":"2021-11-23T13:55:54+00:00","article_modified_time":"2024-09-12T18:07:41+00:00","og_image":[{"width":1920,"height":693,"url":"https:\/\/www.fsfx.com.br\/usisaude\/wp-content\/uploads\/sites\/6\/2022\/06\/esclerose.jpg","type":"image\/jpeg"}],"author":"FSFX","twitter_card":"summary_large_image","twitter_misc":{"Escrito por":"FSFX","Est. tempo de leitura":"5 minutos"},"schema":{"@context":"https:\/\/schema.org","@graph":[{"@type":"Article","@id":"https:\/\/www.fsfx.com.br\/usisaude\/esclerosa-multipla\/#article","isPartOf":{"@id":"https:\/\/www.fsfx.com.br\/usisaude\/esclerosa-multipla\/"},"author":{"name":"FSFX","@id":"https:\/\/www.fsfx.com.br\/usisaude\/#\/schema\/person\/157e6de1c3dd45f6c5e1152777ea7d99"},"headline":"Esclerose m\u00faltipla: Entenda a import\u00e2ncia do diagn\u00f3stico precoce","datePublished":"2021-11-23T13:55:54+00:00","dateModified":"2024-09-12T18:07:41+00:00","mainEntityOfPage":{"@id":"https:\/\/www.fsfx.com.br\/usisaude\/esclerosa-multipla\/"},"wordCount":1022,"commentCount":0,"publisher":{"@id":"https:\/\/www.fsfx.com.br\/usisaude\/#organization"},"image":{"@id":"https:\/\/www.fsfx.com.br\/usisaude\/esclerosa-multipla\/#primaryimage"},"thumbnailUrl":"https:\/\/www.fsfx.com.br\/usisaude\/wp-content\/uploads\/sites\/6\/2022\/06\/esclerose.jpg","articleSection":["Not\u00edcias"],"inLanguage":"pt-BR","potentialAction":[{"@type":"CommentAction","name":"Comment","target":["https:\/\/www.fsfx.com.br\/usisaude\/esclerosa-multipla\/#respond"]}]},{"@type":"WebPage","@id":"https:\/\/www.fsfx.com.br\/usisaude\/esclerosa-multipla\/","url":"https:\/\/www.fsfx.com.br\/usisaude\/esclerosa-multipla\/","name":"Esclerose m\u00faltipla: Entenda a import\u00e2ncia do diagn\u00f3stico precoce","isPartOf":{"@id":"https:\/\/www.fsfx.com.br\/usisaude\/#website"},"primaryImageOfPage":{"@id":"https:\/\/www.fsfx.com.br\/usisaude\/esclerosa-multipla\/#primaryimage"},"image":{"@id":"https:\/\/www.fsfx.com.br\/usisaude\/esclerosa-multipla\/#primaryimage"},"thumbnailUrl":"https:\/\/www.fsfx.com.br\/usisaude\/wp-content\/uploads\/sites\/6\/2022\/06\/esclerose.jpg","datePublished":"2021-11-23T13:55:54+00:00","dateModified":"2024-09-12T18:07:41+00:00","description":"Entenda o que \u00e9 Esclerose m\u00faltipla, suas causas, sintomas tratamentos e como viver com a doen\u00e7a que transforma a vida da pessoa.","breadcrumb":{"@id":"https:\/\/www.fsfx.com.br\/usisaude\/esclerosa-multipla\/#breadcrumb"},"inLanguage":"pt-BR","potentialAction":[{"@type":"ReadAction","target":["https:\/\/www.fsfx.com.br\/usisaude\/esclerosa-multipla\/"]}]},{"@type":"ImageObject","inLanguage":"pt-BR","@id":"https:\/\/www.fsfx.com.br\/usisaude\/esclerosa-multipla\/#primaryimage","url":"https:\/\/www.fsfx.com.br\/usisaude\/wp-content\/uploads\/sites\/6\/2022\/06\/esclerose.jpg","contentUrl":"https:\/\/www.fsfx.com.br\/usisaude\/wp-content\/uploads\/sites\/6\/2022\/06\/esclerose.jpg","width":1920,"height":693},{"@type":"BreadcrumbList","@id":"https:\/\/www.fsfx.com.br\/usisaude\/esclerosa-multipla\/#breadcrumb","itemListElement":[{"@type":"ListItem","position":1,"name":"In\u00edcio","item":"https:\/\/www.fsfx.com.br\/usisaude\/"},{"@type":"ListItem","position":2,"name":"Esclerose m\u00faltipla: Entenda a import\u00e2ncia do diagn\u00f3stico precoce"}]},{"@type":"WebSite","@id":"https:\/\/www.fsfx.com.br\/usisaude\/#website","url":"https:\/\/www.fsfx.com.br\/usisaude\/","name":"Usisa\u00fade","description":"Somos a Usisa\u00fade, uma operadora de planos de sa\u00fade da Funda\u00e7\u00e3o S\u00e3o Francisco Xavier (FSFX), a maior em modalidade filantr\u00f3pica do pa\u00eds.","publisher":{"@id":"https:\/\/www.fsfx.com.br\/usisaude\/#organization"},"potentialAction":[{"@type":"SearchAction","target":{"@type":"EntryPoint","urlTemplate":"https:\/\/www.fsfx.com.br\/usisaude\/?s={search_term_string}"},"query-input":{"@type":"PropertyValueSpecification","valueRequired":true,"valueName":"search_term_string"}}],"inLanguage":"pt-BR"},{"@type":"Organization","@id":"https:\/\/www.fsfx.com.br\/usisaude\/#organization","name":"Usisa\u00fade","url":"https:\/\/www.fsfx.com.br\/usisaude\/","logo":{"@type":"ImageObject","inLanguage":"pt-BR","@id":"https:\/\/www.fsfx.com.br\/usisaude\/#\/schema\/logo\/image\/","url":"https:\/\/www.fsfx.com.br\/usisaude\/wp-content\/uploads\/sites\/6\/2022\/03\/logo-ususaude-1.svg","contentUrl":"https:\/\/www.fsfx.com.br\/usisaude\/wp-content\/uploads\/sites\/6\/2022\/03\/logo-ususaude-1.svg","width":445,"height":196,"caption":"Usisa\u00fade"},"image":{"@id":"https:\/\/www.fsfx.com.br\/usisaude\/#\/schema\/logo\/image\/"}},{"@type":"Person","@id":"https:\/\/www.fsfx.com.br\/usisaude\/#\/schema\/person\/157e6de1c3dd45f6c5e1152777ea7d99","name":"FSFX","image":{"@type":"ImageObject","inLanguage":"pt-BR","@id":"https:\/\/www.fsfx.com.br\/usisaude\/#\/schema\/person\/image\/","url":"https:\/\/secure.gravatar.com\/avatar\/bd54a0d021bb20ae005f5272fd9962e210ae51b3d3d4cb21d13d6937a96452f1?s=96&d=mm&r=g","contentUrl":"https:\/\/secure.gravatar.com\/avatar\/bd54a0d021bb20ae005f5272fd9962e210ae51b3d3d4cb21d13d6937a96452f1?s=96&d=mm&r=g","caption":"FSFX"},"url":"https:\/\/www.fsfx.com.br\/usisaude\/author\/fsfx\/"}]}},"_links":{"self":[{"href":"https:\/\/www.fsfx.com.br\/usisaude\/wp-json\/wp\/v2\/posts\/4286","targetHints":{"allow":["GET"]}}],"collection":[{"href":"https:\/\/www.fsfx.com.br\/usisaude\/wp-json\/wp\/v2\/posts"}],"about":[{"href":"https:\/\/www.fsfx.com.br\/usisaude\/wp-json\/wp\/v2\/types\/post"}],"author":[{"embeddable":true,"href":"https:\/\/www.fsfx.com.br\/usisaude\/wp-json\/wp\/v2\/users\/10"}],"replies":[{"embeddable":true,"href":"https:\/\/www.fsfx.com.br\/usisaude\/wp-json\/wp\/v2\/comments?post=4286"}],"version-history":[{"count":1,"href":"https:\/\/www.fsfx.com.br\/usisaude\/wp-json\/wp\/v2\/posts\/4286\/revisions"}],"predecessor-version":[{"id":10720,"href":"https:\/\/www.fsfx.com.br\/usisaude\/wp-json\/wp\/v2\/posts\/4286\/revisions\/10720"}],"wp:featuredmedia":[{"embeddable":true,"href":"https:\/\/www.fsfx.com.br\/usisaude\/wp-json\/wp\/v2\/media\/4929"}],"wp:attachment":[{"href":"https:\/\/www.fsfx.com.br\/usisaude\/wp-json\/wp\/v2\/media?parent=4286"}],"wp:term":[{"taxonomy":"category","embeddable":true,"href":"https:\/\/www.fsfx.com.br\/usisaude\/wp-json\/wp\/v2\/categories?post=4286"},{"taxonomy":"post_tag","embeddable":true,"href":"https:\/\/www.fsfx.com.br\/usisaude\/wp-json\/wp\/v2\/tags?post=4286"}],"curies":[{"name":"wp","href":"https:\/\/api.w.org\/{rel}","templated":true}]}}