{"id":4313,"date":"2022-01-06T08:59:57","date_gmt":"2022-01-06T11:59:57","guid":{"rendered":"https:\/\/atituderimacomsaude.com.br\/?p=4313"},"modified":"2024-09-12T15:07:40","modified_gmt":"2024-09-12T18:07:40","slug":"doenca-de-alzheimer","status":"publish","type":"post","link":"https:\/\/www.fsfx.com.br\/usisaude\/doenca-de-alzheimer\/","title":{"rendered":"O que \u00e9 a doen\u00e7a de Alzheimer e qual a import\u00e2ncia do diagn\u00f3stico precoce"},"content":{"rendered":"\r\n<p>Tempo de leitura :6 minutos\u00a0<\/p>\r\n\r\n\r\n\r\n<p>Imagine aos poucos ir perdendo a mem\u00f3ria e as lembran\u00e7as recentes de acontecimentos do dia a dia. Assim \u00e9 o Alzheimer, uma doen\u00e7a degenerativa que afeta tanto quem passa por essa condi\u00e7\u00e3o, quanto aqueles que convivem diretamente.\u00a0<\/p>\r\n\r\n\r\n\r\n<p>A pessoa acometida pela doen\u00e7a tem as fun\u00e7\u00f5es cognitivas alteradas, al\u00e9m de dificuldades de realizar atividades b\u00e1sicas e at\u00e9 de interagir socialmente, em um quadro mais agravado. O diagn\u00f3stico precoce \u00e9 fundamental para buscar os cuidados necess\u00e1rios e trazer mais qualidade de vida para o paciente.<\/p>\r\n\r\n\r\n\r\n<p>Neste blogpost, voc\u00ea acompanha informa\u00e7\u00f5es importantes como o que \u00e9 o Alzheimer, a origem e consequ\u00eancias do problema. Continue lendo e veja como lidar e conviver com um paciente portador dessa doen\u00e7a!<\/p>\r\n\r\n\r\n\r\n<h2 class=\"wp-block-heading\"><strong>O que \u00e9 o Alzheimer?<\/strong><\/h2>\r\n\r\n\r\n\r\n<p>Tamb\u00e9m conhecida como Doen\u00e7a de Alzheimer, \u00e9 uma condi\u00e7\u00e3o cr\u00f4nica neurodegenerativa ocasionada pela morte das c\u00e9lulas do c\u00e9rebro. \u00c9 uma doen\u00e7a mais comum em<a href=\"blank\"> idosos acima de 60 anos<\/a>, entretanto, em condi\u00e7\u00f5es mais raras pode acometer pessoas com menos idade.\u00a0<\/p>\r\n\r\n\r\n\r\n<p>O Alzheimer \u00e9 uma das causas principais de dem\u00eancia e se caracteriza pela perda gradativa das fun\u00e7\u00f5es cognitivas. As pessoas afetadas pela condi\u00e7\u00e3o t\u00eam<a href=\"blank\"> dificuldades de se relacionar socialmente<\/a> e apresentam momentos de confus\u00e3o mental, esquecimentos, altera\u00e7\u00e3o no humor ou apatia completa.<\/p>\r\n\r\n\r\n\r\n<h2 class=\"wp-block-heading\"><strong>O que causa a doen\u00e7a de Alzheimer?<\/strong><\/h2>\r\n\r\n\r\n\r\n<p>Embora n\u00e3o exista uma causa determinada para o surgimento da Doen\u00e7a do Alzheimer, pesquisadores e especialistas acreditam que esteja relacionado ao ambiente social, estilo de vida ou fatores gen\u00e9ticos.<\/p>\r\n\r\n\r\n\r\n<h2 class=\"wp-block-heading\"><strong>Como saber se uma pessoa est\u00e1 com Alzheimer?<\/strong><\/h2>\r\n\r\n\r\n\r\n<p>Essa \u00e9 uma doen\u00e7a dif\u00edcil de identificar em um primeiro momento, devido aos sinais e sintomas serem semelhantes a outros problemas. Entretanto, a frequ\u00eancia de alguns comportamentos abre um alerta para a possibilidade de surgimento e desenvolvimento do problema. Veja:<\/p>\r\n\r\n\r\n\r\n<ul class=\"wp-block-list\">\r\n<li>Perda de mem\u00f3ria \u2013 o esquecimento de ocorr\u00eancias recentes, como uma refei\u00e7\u00e3o ou a guarda de um objeto s\u00e3o ind\u00edcios do Alzheimer na fase inicial;<\/li>\r\n<li>Repeti\u00e7\u00e3o de tarefas ou situa\u00e7\u00f5es \u2013 o esquecimento leva \u00e0 repeti\u00e7\u00e3o de a\u00e7\u00f5es ou di\u00e1logos recentes;<\/li>\r\n<li>Dificuldade de realizar tarefas di\u00e1rias \u2013 atividades simples como de alimenta\u00e7\u00e3o ou higiene pessoal podem surgir e se estabelecer progressivamente;<\/li>\r\n<li>Altera\u00e7\u00e3o repentina de humor \u2013 no in\u00edcio a dificuldade de lembrar onde um objeto foi deixado ou a atividade do minuto anterior pode causar irritabilidade e mudan\u00e7a brusca do humor;<\/li>\r\n<li>Desorienta\u00e7\u00e3o e confus\u00e3o mental \u2013 dificuldade para identificar uma data, um hor\u00e1rio, esta\u00e7\u00e3o do ano ou caminho percorrido rotineiramente s\u00e3o tamb\u00e9m indicativos da doen\u00e7a;<\/li>\r\n<li>Apatia e perda de iniciativa \u2013 o que antes produzia satisfa\u00e7\u00e3o e dinamismo aos poucos vai dando lugar a um comportamento isolado e ap\u00e1tico.<\/li>\r\n<\/ul>\r\n\r\n\r\n\r\n<h2 class=\"wp-block-heading\"><strong>Quais as fases da doen\u00e7a de Alzheimer?<\/strong><\/h2>\r\n\r\n\r\n\r\n<p>O Alzheimer \u00e9 uma doen\u00e7a progressiva que evolui em fases, com sintomas que v\u00e3o se agravando e se intensificando em cada uma delas. Conhe\u00e7a os 3 est\u00e1gios:\u00a0<\/p>\r\n\r\n\r\n\r\n<ul class=\"wp-block-list\">\r\n<li>Fase inicial \u2013 sinais mais leves que mais parecem ocorr\u00eancias normais e comuns da idade;<\/li>\r\n<li>Fase moderada \u2013 h\u00e1 uma progress\u00e3o com sinais mais evidentes e a pessoa j\u00e1 n\u00e3o consegue ter uma vida independente;<\/li>\r\n<li>Fase avan\u00e7ada \u2013 os sintomas se agravam e o indiv\u00edduo j\u00e1 n\u00e3o consegue realizar tarefas sozinho, necessitando de cuidados intensos devido \u00e0 fragilidade do quadro.<\/li>\r\n<\/ul>\r\n\r\n\r\n\r\n<h2 class=\"wp-block-heading\"><strong>Como \u00e9 o diagn\u00f3stico do Alzheimer?<\/strong>\u00a0<\/h2>\r\n\r\n\r\n\r\n<p>Infelizmente o Alzheimer \u00e9 uma doen\u00e7a que progride muito r\u00e1pido, sobretudo quando n\u00e3o tratada desde o in\u00edcio. Por isso a import\u00e2ncia do diagn\u00f3stico precoce, j\u00e1 nos primeiros sinais de surgimento do problema.\u00a0<\/p>\r\n\r\n\r\n\r\n<p>Entretanto, essa n\u00e3o \u00e9 uma condi\u00e7\u00e3o f\u00e1cil de identificar devido \u00e0s causas ainda desconhecidas. \u00c9 importante procurar um m\u00e9dico especialista \u2013 psiquiatra, geriatra, neurologista \u2013 para avaliar o hist\u00f3rico, os sinais e sintomas da pessoa que apresenta um comportamento sugestivo.\u00a0<\/p>\r\n\r\n\r\n\r\n<p>De modo geral, s\u00e3o feitas perguntas sobre o dia a dia e realizados exames de imagens como resson\u00e2ncia magn\u00e9tica e tomografia computadorizada, al\u00e9m de testes para avalia\u00e7\u00e3o cognitiva e exame de sangue.<\/p>\r\n\r\n\r\n\r\n<h2 class=\"wp-block-heading\"><strong>Como \u00e9 o tratamento do paciente com Alzheimer e o acompanhamento multidisciplinar?<\/strong><\/h2>\r\n\r\n\r\n\r\n<p>O tratamento do Alzheimer tem o objetivo de amenizar o sofrimento e proporcionar qualidade de vida, j\u00e1 que ainda n\u00e3o existem meios de impedir ou reduzir seu progresso. Al\u00e9m dos medicamentos definidos pelo m\u00e9dico especialistas, \u00e9 poss\u00edvel complementar com o trabalho de uma equipe multidisciplinar.\u00a0<\/p>\r\n\r\n\r\n\r\n<p>Com a atua\u00e7\u00e3o dos profissionais de diversas \u00e1reas, quem sofre com a condi\u00e7\u00e3o pode ter uma rede de apoio e realizar atividades de est\u00edmulo tanto do c\u00e9rebro, quanto do corpo. \u00c0 equipe, se juntam enfermeiros, educadores f\u00edsicos,\u00a0 psic\u00f3logos, fisioterapeutas, fonoaudi\u00f3logos, nutricionistas, terapeutas ocupacionais e assistentes sociais.\u00a0<\/p>\r\n\r\n\r\n\r\n<p>\u00c9 importante manter um paciente de Alzheimer ativo e<a href=\"blank\"> estimular as fun\u00e7\u00f5es cognitivas<\/a> para que o c\u00e9rebro n\u00e3o se esque\u00e7a de como uma atividade \u00e9 realizada. A musicoterapia, por exemplo, \u00e9 uma alternativa que al\u00e9m de proporcionar bem-estar, contribui para a reinclus\u00e3o social e afetividade nas rela\u00e7\u00f5es, tudo o que um paciente precisa para lidar com as fases da doen\u00e7a.\u00a0<\/p>\r\n\r\n\r\n\r\n<p>Se voc\u00ea gostou deste post, que tal aproveitar a visita e saber mais sobre a import\u00e2ncia do acompanhamento de sa\u00fade regular na<a href=\"blank\"> detec\u00e7\u00e3o de dem\u00eancia em idosos<\/a>?<\/p>\r\n\r\n\r\n\r\n<h1 class=\"wp-block-heading\"><strong>Refer\u00eancias:<\/strong><\/h1>\r\n\r\n\r\n\r\n<p>AG\u00caNCIA BRASIL. <strong>&#8220;Conhecer dem\u00eancia \u00e9 conhecer Alzheimer&#8221; \u00e9 tema de campanha<\/strong>. 2021. Dispon\u00edvel em: &lt;https:\/\/agenciabrasil.ebc.com.br\/saude\/noticia\/2021-09\/conhecer-demencia-e-conhecer-alzheimer-e-tema-de-campanha&gt;. Acesso em: 03 Dez. 2021<\/p>\r\n\r\n\r\n\r\n<p>ALZHEIMER\u2019S ASSOCIATION. <strong>Alzheimer e dem\u00eancia no Brasil<\/strong>. Dispon\u00edvel em: &lt;https:\/\/www.alz.org\/br\/demencia-alzheimer-brasil.asp&gt;. Acesso em: 03 Dez. 2021<\/p>\r\n\r\n\r\n\r\n<p>GOVERNO DO ESTADO DE RORAIMA. <strong>ALZHEIMER | Apoio da fam\u00edlia \u00e9 fundamental para garantir maior qualidade de vida<\/strong>. 2020. Dispon\u00edvel em: &lt;https:\/\/portal.rr.gov.br\/index.php\/component\/k2\/item\/2372-alzheimer-apoio-da-familia-e-fundamental-para-garantir-maior-qualidade-de-vida&gt;. Acesso em: 03 Dez. 2021<\/p>\r\n\r\n\r\n\r\n<p>Madureira BG, Pereira MG, Avelino PR, Costa HS, de Menezes KKP. <strong>Efeitos de programas de reabilita\u00e7\u00e3o multidisciplinar no tratamento de pacientes com doen\u00e7a de Alzheimer: uma revis\u00e3o sistem\u00e1tica<\/strong>. 2018. Dispon\u00edvel em: &lt;https:\/\/www.scielo.br\/j\/cadsc\/a\/f5HGg8NjBHMxZ3njY9dTZnJ\/?format=pdf&amp;lang=pt&gt;. Acesso em: 03 Dez. 2021<\/p>\r\n\r\n\r\n\r\n<p>MARINHA DO BRASIL. <strong>Alzheimer: quando o carinho vale mais que o esquecimento<\/strong>. 2020. Dispon\u00edvel em: &lt;https:\/\/www.marinha.mil.br\/saudenaval\/alzheimer&gt;. Acesso em: 03 Dez. 2021<\/p>\r\n\r\n\r\n\r\n<p>MINIST\u00c9RIO DA SA\u00daDE. <strong>Alzheimer: o que \u00e9, causas, sintomas, tratamento, diagn\u00f3stico e preven\u00e7\u00e3o<\/strong>. Dispon\u00edvel em: &lt;https:\/\/antigo.saude.gov.br\/saude-de-a-z\/alzheimer&gt;. Acesso em: 03 Dez. 2021<\/p>\r\n\r\n\r\n\r\n<p>SECRETARIA DE ESTADO DE SA\u00daDE DO GOVERNO DE MINAS GERAIS. <strong>SUS oferece tratamento multidisciplinar para Alzheimer<\/strong>. 2017. Dispon\u00edvel em: &lt;https:\/\/saude.mg.gov.br\/ajuda\/story\/9838-sus-oferece-tratamento-multidisciplinar-para-alzheimer&gt;. Acesso em: 03 Dez. 2021<\/p>\r\n\r\n\r\n\r\n<p>SECRETARIA DE ESTADO DE SA\u00daDE DO GOVERNO DO MATO GROSSO DO SUL. <strong>Fevereiro Roxo conscientiza sobre Alzheimer, Fibromialgia e L\u00fapus<\/strong>. 2021. Dispon\u00edvel em: &lt;https:\/\/www.saude.ms.gov.br\/fevereiro-roxo-conscientiza-sobre-alzheimer-fibromialgia-e-lupus\/&gt;. Acesso em: 03 Dez. 2021<\/p>\r\n\r\n\r\n\r\n<p>SECRETARIA DE SA\u00daDE DO DISTRITO FEDERAL. <strong>Alzheimer: a doen\u00e7a do esquecimento<\/strong>. 2021. Dispon\u00edvel em: &lt;https:\/\/www.saude.df.gov.br\/alzheimer-a-doenca-do-esquecimento\/&gt;. Acesso em: 03 Dez. 2021<\/p>\r\n","protected":false},"excerpt":{"rendered":"<p>Tempo de leitura :6 minutos\u00a0 Imagine aos poucos ir perdendo a mem\u00f3ria e as lembran\u00e7as recentes de acontecimentos do dia a dia. Assim \u00e9 o Alzheimer, uma doen\u00e7a degenerativa que afeta tanto quem passa por essa condi\u00e7\u00e3o, quanto aqueles que convivem diretamente.\u00a0 A pessoa acometida pela doen\u00e7a tem as fun\u00e7\u00f5es cognitivas alteradas, al\u00e9m de dificuldades [&hellip;]<\/p>\n","protected":false},"author":10,"featured_media":4923,"comment_status":"open","ping_status":"open","sticky":false,"template":"","format":"standard","meta":{"_acf_changed":false,"site-sidebar-layout":"default","site-content-layout":"","ast-site-content-layout":"default","site-content-style":"default","site-sidebar-style":"default","ast-global-header-display":"","ast-banner-title-visibility":"","ast-main-header-display":"","ast-hfb-above-header-display":"","ast-hfb-below-header-display":"","ast-hfb-mobile-header-display":"","site-post-title":"","ast-breadcrumbs-content":"","ast-featured-img":"","footer-sml-layout":"","theme-transparent-header-meta":"","adv-header-id-meta":"","stick-header-meta":"","header-above-stick-meta":"","header-main-stick-meta":"","header-below-stick-meta":"","astra-migrate-meta-layouts":"default","ast-page-background-enabled":"default","ast-page-background-meta":{"desktop":{"background-color":"var(--ast-global-color-4)","background-image":"","background-repeat":"repeat","background-position":"center center","background-size":"auto","background-attachment":"scroll","background-type":"","background-media":"","overlay-type":"","overlay-color":"","overlay-opacity":"","overlay-gradient":""},"tablet":{"background-color":"","background-image":"","background-repeat":"repeat","background-position":"center center","background-size":"auto","background-attachment":"scroll","background-type":"","background-media":"","overlay-type":"","overlay-color":"","overlay-opacity":"","overlay-gradient":""},"mobile":{"background-color":"","background-image":"","background-repeat":"repeat","background-position":"center center","background-size":"auto","background-attachment":"scroll","background-type":"","background-media":"","overlay-type":"","overlay-color":"","overlay-opacity":"","overlay-gradient":""}},"ast-content-background-meta":{"desktop":{"background-color":"var(--ast-global-color-5)","background-image":"","background-repeat":"repeat","background-position":"center center","background-size":"auto","background-attachment":"scroll","background-type":"","background-media":"","overlay-type":"","overlay-color":"","overlay-opacity":"","overlay-gradient":""},"tablet":{"background-color":"var(--ast-global-color-5)","background-image":"","background-repeat":"repeat","background-position":"center center","background-size":"auto","background-attachment":"scroll","background-type":"","background-media":"","overlay-type":"","overlay-color":"","overlay-opacity":"","overlay-gradient":""},"mobile":{"background-color":"var(--ast-global-color-5)","background-image":"","background-repeat":"repeat","background-position":"center center","background-size":"auto","background-attachment":"scroll","background-type":"","background-media":"","overlay-type":"","overlay-color":"","overlay-opacity":"","overlay-gradient":""}},"footnotes":""},"categories":[1],"tags":[],"class_list":["post-4313","post","type-post","status-publish","format-standard","has-post-thumbnail","hentry","category-noticias"],"acf":[],"yoast_head":"<!-- This site is optimized with the Yoast SEO plugin v26.9 - https:\/\/yoast.com\/product\/yoast-seo-wordpress\/ -->\n<title>O que \u00e9 a doen\u00e7a de Alzheimer e qual a import\u00e2ncia do diagn\u00f3stico precoce - Usisa\u00fade<\/title>\n<meta name=\"robots\" content=\"index, follow, max-snippet:-1, max-image-preview:large, max-video-preview:-1\" \/>\n<link rel=\"canonical\" href=\"https:\/\/www.fsfx.com.br\/usisaude\/doenca-de-alzheimer\/\" \/>\n<meta property=\"og:locale\" content=\"pt_BR\" \/>\n<meta property=\"og:type\" content=\"article\" \/>\n<meta property=\"og:title\" content=\"O que \u00e9 a doen\u00e7a de Alzheimer e qual a import\u00e2ncia do diagn\u00f3stico precoce - Usisa\u00fade\" \/>\n<meta property=\"og:description\" content=\"Tempo de leitura :6 minutos\u00a0 Imagine aos poucos ir perdendo a mem\u00f3ria e as lembran\u00e7as recentes de acontecimentos do dia a dia. Assim \u00e9 o Alzheimer, uma doen\u00e7a degenerativa que afeta tanto quem passa por essa condi\u00e7\u00e3o, quanto aqueles que convivem diretamente.\u00a0 A pessoa acometida pela doen\u00e7a tem as fun\u00e7\u00f5es cognitivas alteradas, al\u00e9m de dificuldades [&hellip;]\" \/>\n<meta property=\"og:url\" content=\"https:\/\/www.fsfx.com.br\/usisaude\/doenca-de-alzheimer\/\" \/>\n<meta property=\"og:site_name\" content=\"Usisa\u00fade\" \/>\n<meta property=\"article:published_time\" content=\"2022-01-06T11:59:57+00:00\" \/>\n<meta property=\"article:modified_time\" content=\"2024-09-12T18:07:40+00:00\" \/>\n<meta property=\"og:image\" content=\"https:\/\/www.fsfx.com.br\/usisaude\/wp-content\/uploads\/sites\/6\/2022\/06\/alzheimer.jpg\" \/>\n\t<meta property=\"og:image:width\" content=\"1920\" \/>\n\t<meta property=\"og:image:height\" content=\"693\" \/>\n\t<meta property=\"og:image:type\" content=\"image\/jpeg\" \/>\n<meta name=\"author\" content=\"FSFX\" \/>\n<meta name=\"twitter:card\" content=\"summary_large_image\" \/>\n<meta name=\"twitter:label1\" content=\"Escrito por\" \/>\n\t<meta name=\"twitter:data1\" content=\"FSFX\" \/>\n\t<meta name=\"twitter:label2\" content=\"Est. tempo de leitura\" \/>\n\t<meta name=\"twitter:data2\" content=\"6 minutos\" \/>\n<script type=\"application\/ld+json\" class=\"yoast-schema-graph\">{\"@context\":\"https:\/\/schema.org\",\"@graph\":[{\"@type\":\"Article\",\"@id\":\"https:\/\/www.fsfx.com.br\/usisaude\/doenca-de-alzheimer\/#article\",\"isPartOf\":{\"@id\":\"https:\/\/www.fsfx.com.br\/usisaude\/doenca-de-alzheimer\/\"},\"author\":{\"name\":\"FSFX\",\"@id\":\"https:\/\/www.fsfx.com.br\/usisaude\/#\/schema\/person\/157e6de1c3dd45f6c5e1152777ea7d99\"},\"headline\":\"O que \u00e9 a doen\u00e7a de Alzheimer e qual a import\u00e2ncia do diagn\u00f3stico precoce\",\"datePublished\":\"2022-01-06T11:59:57+00:00\",\"dateModified\":\"2024-09-12T18:07:40+00:00\",\"mainEntityOfPage\":{\"@id\":\"https:\/\/www.fsfx.com.br\/usisaude\/doenca-de-alzheimer\/\"},\"wordCount\":1217,\"commentCount\":0,\"publisher\":{\"@id\":\"https:\/\/www.fsfx.com.br\/usisaude\/#organization\"},\"image\":{\"@id\":\"https:\/\/www.fsfx.com.br\/usisaude\/doenca-de-alzheimer\/#primaryimage\"},\"thumbnailUrl\":\"https:\/\/www.fsfx.com.br\/usisaude\/wp-content\/uploads\/sites\/6\/2022\/06\/alzheimer.jpg\",\"articleSection\":[\"Not\u00edcias\"],\"inLanguage\":\"pt-BR\",\"potentialAction\":[{\"@type\":\"CommentAction\",\"name\":\"Comment\",\"target\":[\"https:\/\/www.fsfx.com.br\/usisaude\/doenca-de-alzheimer\/#respond\"]}]},{\"@type\":\"WebPage\",\"@id\":\"https:\/\/www.fsfx.com.br\/usisaude\/doenca-de-alzheimer\/\",\"url\":\"https:\/\/www.fsfx.com.br\/usisaude\/doenca-de-alzheimer\/\",\"name\":\"O que \u00e9 a doen\u00e7a de Alzheimer e qual a import\u00e2ncia do diagn\u00f3stico precoce - Usisa\u00fade\",\"isPartOf\":{\"@id\":\"https:\/\/www.fsfx.com.br\/usisaude\/#website\"},\"primaryImageOfPage\":{\"@id\":\"https:\/\/www.fsfx.com.br\/usisaude\/doenca-de-alzheimer\/#primaryimage\"},\"image\":{\"@id\":\"https:\/\/www.fsfx.com.br\/usisaude\/doenca-de-alzheimer\/#primaryimage\"},\"thumbnailUrl\":\"https:\/\/www.fsfx.com.br\/usisaude\/wp-content\/uploads\/sites\/6\/2022\/06\/alzheimer.jpg\",\"datePublished\":\"2022-01-06T11:59:57+00:00\",\"dateModified\":\"2024-09-12T18:07:40+00:00\",\"breadcrumb\":{\"@id\":\"https:\/\/www.fsfx.com.br\/usisaude\/doenca-de-alzheimer\/#breadcrumb\"},\"inLanguage\":\"pt-BR\",\"potentialAction\":[{\"@type\":\"ReadAction\",\"target\":[\"https:\/\/www.fsfx.com.br\/usisaude\/doenca-de-alzheimer\/\"]}]},{\"@type\":\"ImageObject\",\"inLanguage\":\"pt-BR\",\"@id\":\"https:\/\/www.fsfx.com.br\/usisaude\/doenca-de-alzheimer\/#primaryimage\",\"url\":\"https:\/\/www.fsfx.com.br\/usisaude\/wp-content\/uploads\/sites\/6\/2022\/06\/alzheimer.jpg\",\"contentUrl\":\"https:\/\/www.fsfx.com.br\/usisaude\/wp-content\/uploads\/sites\/6\/2022\/06\/alzheimer.jpg\",\"width\":1920,\"height\":693},{\"@type\":\"BreadcrumbList\",\"@id\":\"https:\/\/www.fsfx.com.br\/usisaude\/doenca-de-alzheimer\/#breadcrumb\",\"itemListElement\":[{\"@type\":\"ListItem\",\"position\":1,\"name\":\"In\u00edcio\",\"item\":\"https:\/\/www.fsfx.com.br\/usisaude\/\"},{\"@type\":\"ListItem\",\"position\":2,\"name\":\"O que \u00e9 a doen\u00e7a de Alzheimer e qual a import\u00e2ncia do diagn\u00f3stico precoce\"}]},{\"@type\":\"WebSite\",\"@id\":\"https:\/\/www.fsfx.com.br\/usisaude\/#website\",\"url\":\"https:\/\/www.fsfx.com.br\/usisaude\/\",\"name\":\"Usisa\u00fade\",\"description\":\"Somos a Usisa\u00fade, uma operadora de planos de sa\u00fade da Funda\u00e7\u00e3o S\u00e3o Francisco Xavier (FSFX), a maior em modalidade filantr\u00f3pica do pa\u00eds.\",\"publisher\":{\"@id\":\"https:\/\/www.fsfx.com.br\/usisaude\/#organization\"},\"potentialAction\":[{\"@type\":\"SearchAction\",\"target\":{\"@type\":\"EntryPoint\",\"urlTemplate\":\"https:\/\/www.fsfx.com.br\/usisaude\/?s={search_term_string}\"},\"query-input\":{\"@type\":\"PropertyValueSpecification\",\"valueRequired\":true,\"valueName\":\"search_term_string\"}}],\"inLanguage\":\"pt-BR\"},{\"@type\":\"Organization\",\"@id\":\"https:\/\/www.fsfx.com.br\/usisaude\/#organization\",\"name\":\"Usisa\u00fade\",\"url\":\"https:\/\/www.fsfx.com.br\/usisaude\/\",\"logo\":{\"@type\":\"ImageObject\",\"inLanguage\":\"pt-BR\",\"@id\":\"https:\/\/www.fsfx.com.br\/usisaude\/#\/schema\/logo\/image\/\",\"url\":\"https:\/\/www.fsfx.com.br\/usisaude\/wp-content\/uploads\/sites\/6\/2022\/03\/logo-ususaude-1.svg\",\"contentUrl\":\"https:\/\/www.fsfx.com.br\/usisaude\/wp-content\/uploads\/sites\/6\/2022\/03\/logo-ususaude-1.svg\",\"width\":445,\"height\":196,\"caption\":\"Usisa\u00fade\"},\"image\":{\"@id\":\"https:\/\/www.fsfx.com.br\/usisaude\/#\/schema\/logo\/image\/\"}},{\"@type\":\"Person\",\"@id\":\"https:\/\/www.fsfx.com.br\/usisaude\/#\/schema\/person\/157e6de1c3dd45f6c5e1152777ea7d99\",\"name\":\"FSFX\",\"image\":{\"@type\":\"ImageObject\",\"inLanguage\":\"pt-BR\",\"@id\":\"https:\/\/www.fsfx.com.br\/usisaude\/#\/schema\/person\/image\/\",\"url\":\"https:\/\/secure.gravatar.com\/avatar\/bd54a0d021bb20ae005f5272fd9962e210ae51b3d3d4cb21d13d6937a96452f1?s=96&d=mm&r=g\",\"contentUrl\":\"https:\/\/secure.gravatar.com\/avatar\/bd54a0d021bb20ae005f5272fd9962e210ae51b3d3d4cb21d13d6937a96452f1?s=96&d=mm&r=g\",\"caption\":\"FSFX\"},\"url\":\"https:\/\/www.fsfx.com.br\/usisaude\/author\/fsfx\/\"}]}<\/script>\n<!-- \/ Yoast SEO plugin. -->","yoast_head_json":{"title":"O que \u00e9 a doen\u00e7a de Alzheimer e qual a import\u00e2ncia do diagn\u00f3stico precoce - Usisa\u00fade","robots":{"index":"index","follow":"follow","max-snippet":"max-snippet:-1","max-image-preview":"max-image-preview:large","max-video-preview":"max-video-preview:-1"},"canonical":"https:\/\/www.fsfx.com.br\/usisaude\/doenca-de-alzheimer\/","og_locale":"pt_BR","og_type":"article","og_title":"O que \u00e9 a doen\u00e7a de Alzheimer e qual a import\u00e2ncia do diagn\u00f3stico precoce - Usisa\u00fade","og_description":"Tempo de leitura :6 minutos\u00a0 Imagine aos poucos ir perdendo a mem\u00f3ria e as lembran\u00e7as recentes de acontecimentos do dia a dia. Assim \u00e9 o Alzheimer, uma doen\u00e7a degenerativa que afeta tanto quem passa por essa condi\u00e7\u00e3o, quanto aqueles que convivem diretamente.\u00a0 A pessoa acometida pela doen\u00e7a tem as fun\u00e7\u00f5es cognitivas alteradas, al\u00e9m de dificuldades [&hellip;]","og_url":"https:\/\/www.fsfx.com.br\/usisaude\/doenca-de-alzheimer\/","og_site_name":"Usisa\u00fade","article_published_time":"2022-01-06T11:59:57+00:00","article_modified_time":"2024-09-12T18:07:40+00:00","og_image":[{"width":1920,"height":693,"url":"https:\/\/www.fsfx.com.br\/usisaude\/wp-content\/uploads\/sites\/6\/2022\/06\/alzheimer.jpg","type":"image\/jpeg"}],"author":"FSFX","twitter_card":"summary_large_image","twitter_misc":{"Escrito por":"FSFX","Est. tempo de leitura":"6 minutos"},"schema":{"@context":"https:\/\/schema.org","@graph":[{"@type":"Article","@id":"https:\/\/www.fsfx.com.br\/usisaude\/doenca-de-alzheimer\/#article","isPartOf":{"@id":"https:\/\/www.fsfx.com.br\/usisaude\/doenca-de-alzheimer\/"},"author":{"name":"FSFX","@id":"https:\/\/www.fsfx.com.br\/usisaude\/#\/schema\/person\/157e6de1c3dd45f6c5e1152777ea7d99"},"headline":"O que \u00e9 a doen\u00e7a de Alzheimer e qual a import\u00e2ncia do diagn\u00f3stico precoce","datePublished":"2022-01-06T11:59:57+00:00","dateModified":"2024-09-12T18:07:40+00:00","mainEntityOfPage":{"@id":"https:\/\/www.fsfx.com.br\/usisaude\/doenca-de-alzheimer\/"},"wordCount":1217,"commentCount":0,"publisher":{"@id":"https:\/\/www.fsfx.com.br\/usisaude\/#organization"},"image":{"@id":"https:\/\/www.fsfx.com.br\/usisaude\/doenca-de-alzheimer\/#primaryimage"},"thumbnailUrl":"https:\/\/www.fsfx.com.br\/usisaude\/wp-content\/uploads\/sites\/6\/2022\/06\/alzheimer.jpg","articleSection":["Not\u00edcias"],"inLanguage":"pt-BR","potentialAction":[{"@type":"CommentAction","name":"Comment","target":["https:\/\/www.fsfx.com.br\/usisaude\/doenca-de-alzheimer\/#respond"]}]},{"@type":"WebPage","@id":"https:\/\/www.fsfx.com.br\/usisaude\/doenca-de-alzheimer\/","url":"https:\/\/www.fsfx.com.br\/usisaude\/doenca-de-alzheimer\/","name":"O que \u00e9 a doen\u00e7a de Alzheimer e qual a import\u00e2ncia do diagn\u00f3stico precoce - Usisa\u00fade","isPartOf":{"@id":"https:\/\/www.fsfx.com.br\/usisaude\/#website"},"primaryImageOfPage":{"@id":"https:\/\/www.fsfx.com.br\/usisaude\/doenca-de-alzheimer\/#primaryimage"},"image":{"@id":"https:\/\/www.fsfx.com.br\/usisaude\/doenca-de-alzheimer\/#primaryimage"},"thumbnailUrl":"https:\/\/www.fsfx.com.br\/usisaude\/wp-content\/uploads\/sites\/6\/2022\/06\/alzheimer.jpg","datePublished":"2022-01-06T11:59:57+00:00","dateModified":"2024-09-12T18:07:40+00:00","breadcrumb":{"@id":"https:\/\/www.fsfx.com.br\/usisaude\/doenca-de-alzheimer\/#breadcrumb"},"inLanguage":"pt-BR","potentialAction":[{"@type":"ReadAction","target":["https:\/\/www.fsfx.com.br\/usisaude\/doenca-de-alzheimer\/"]}]},{"@type":"ImageObject","inLanguage":"pt-BR","@id":"https:\/\/www.fsfx.com.br\/usisaude\/doenca-de-alzheimer\/#primaryimage","url":"https:\/\/www.fsfx.com.br\/usisaude\/wp-content\/uploads\/sites\/6\/2022\/06\/alzheimer.jpg","contentUrl":"https:\/\/www.fsfx.com.br\/usisaude\/wp-content\/uploads\/sites\/6\/2022\/06\/alzheimer.jpg","width":1920,"height":693},{"@type":"BreadcrumbList","@id":"https:\/\/www.fsfx.com.br\/usisaude\/doenca-de-alzheimer\/#breadcrumb","itemListElement":[{"@type":"ListItem","position":1,"name":"In\u00edcio","item":"https:\/\/www.fsfx.com.br\/usisaude\/"},{"@type":"ListItem","position":2,"name":"O que \u00e9 a doen\u00e7a de Alzheimer e qual a import\u00e2ncia do diagn\u00f3stico precoce"}]},{"@type":"WebSite","@id":"https:\/\/www.fsfx.com.br\/usisaude\/#website","url":"https:\/\/www.fsfx.com.br\/usisaude\/","name":"Usisa\u00fade","description":"Somos a Usisa\u00fade, uma operadora de planos de sa\u00fade da Funda\u00e7\u00e3o S\u00e3o Francisco Xavier (FSFX), a maior em modalidade filantr\u00f3pica do pa\u00eds.","publisher":{"@id":"https:\/\/www.fsfx.com.br\/usisaude\/#organization"},"potentialAction":[{"@type":"SearchAction","target":{"@type":"EntryPoint","urlTemplate":"https:\/\/www.fsfx.com.br\/usisaude\/?s={search_term_string}"},"query-input":{"@type":"PropertyValueSpecification","valueRequired":true,"valueName":"search_term_string"}}],"inLanguage":"pt-BR"},{"@type":"Organization","@id":"https:\/\/www.fsfx.com.br\/usisaude\/#organization","name":"Usisa\u00fade","url":"https:\/\/www.fsfx.com.br\/usisaude\/","logo":{"@type":"ImageObject","inLanguage":"pt-BR","@id":"https:\/\/www.fsfx.com.br\/usisaude\/#\/schema\/logo\/image\/","url":"https:\/\/www.fsfx.com.br\/usisaude\/wp-content\/uploads\/sites\/6\/2022\/03\/logo-ususaude-1.svg","contentUrl":"https:\/\/www.fsfx.com.br\/usisaude\/wp-content\/uploads\/sites\/6\/2022\/03\/logo-ususaude-1.svg","width":445,"height":196,"caption":"Usisa\u00fade"},"image":{"@id":"https:\/\/www.fsfx.com.br\/usisaude\/#\/schema\/logo\/image\/"}},{"@type":"Person","@id":"https:\/\/www.fsfx.com.br\/usisaude\/#\/schema\/person\/157e6de1c3dd45f6c5e1152777ea7d99","name":"FSFX","image":{"@type":"ImageObject","inLanguage":"pt-BR","@id":"https:\/\/www.fsfx.com.br\/usisaude\/#\/schema\/person\/image\/","url":"https:\/\/secure.gravatar.com\/avatar\/bd54a0d021bb20ae005f5272fd9962e210ae51b3d3d4cb21d13d6937a96452f1?s=96&d=mm&r=g","contentUrl":"https:\/\/secure.gravatar.com\/avatar\/bd54a0d021bb20ae005f5272fd9962e210ae51b3d3d4cb21d13d6937a96452f1?s=96&d=mm&r=g","caption":"FSFX"},"url":"https:\/\/www.fsfx.com.br\/usisaude\/author\/fsfx\/"}]}},"_links":{"self":[{"href":"https:\/\/www.fsfx.com.br\/usisaude\/wp-json\/wp\/v2\/posts\/4313","targetHints":{"allow":["GET"]}}],"collection":[{"href":"https:\/\/www.fsfx.com.br\/usisaude\/wp-json\/wp\/v2\/posts"}],"about":[{"href":"https:\/\/www.fsfx.com.br\/usisaude\/wp-json\/wp\/v2\/types\/post"}],"author":[{"embeddable":true,"href":"https:\/\/www.fsfx.com.br\/usisaude\/wp-json\/wp\/v2\/users\/10"}],"replies":[{"embeddable":true,"href":"https:\/\/www.fsfx.com.br\/usisaude\/wp-json\/wp\/v2\/comments?post=4313"}],"version-history":[{"count":1,"href":"https:\/\/www.fsfx.com.br\/usisaude\/wp-json\/wp\/v2\/posts\/4313\/revisions"}],"predecessor-version":[{"id":10717,"href":"https:\/\/www.fsfx.com.br\/usisaude\/wp-json\/wp\/v2\/posts\/4313\/revisions\/10717"}],"wp:featuredmedia":[{"embeddable":true,"href":"https:\/\/www.fsfx.com.br\/usisaude\/wp-json\/wp\/v2\/media\/4923"}],"wp:attachment":[{"href":"https:\/\/www.fsfx.com.br\/usisaude\/wp-json\/wp\/v2\/media?parent=4313"}],"wp:term":[{"taxonomy":"category","embeddable":true,"href":"https:\/\/www.fsfx.com.br\/usisaude\/wp-json\/wp\/v2\/categories?post=4313"},{"taxonomy":"post_tag","embeddable":true,"href":"https:\/\/www.fsfx.com.br\/usisaude\/wp-json\/wp\/v2\/tags?post=4313"}],"curies":[{"name":"wp","href":"https:\/\/api.w.org\/{rel}","templated":true}]}}