{"id":4359,"date":"2022-03-21T14:40:26","date_gmt":"2022-03-21T17:40:26","guid":{"rendered":"https:\/\/atituderimacomsaude.com.br\/?p=4359"},"modified":"2024-09-12T15:07:40","modified_gmt":"2024-09-12T18:07:40","slug":"dia-internacional-da-sindrome-de-down","status":"publish","type":"post","link":"https:\/\/www.fsfx.com.br\/usisaude\/dia-internacional-da-sindrome-de-down\/","title":{"rendered":"S\u00edndrome de Down: O que \u00e9, quais as suas caracter\u00edsticas e a import\u00e2ncia da inclus\u00e3o"},"content":{"rendered":"\r\n<p>Tempo de leitura: 4 minutos.<\/p>\r\n\r\n\r\n\r\n<p>N\u00e3o s\u00f3 no Brasil, mas em cerca de mais 40 pa\u00edses, o 21 de mar\u00e7o foi institu\u00eddo pela Organiza\u00e7\u00e3o das Na\u00e7\u00f5es Unidas (ONU) como Dia Internacional da S\u00edndrome de Down. A inten\u00e7\u00e3o \u00e9 aumentar a visibilidade para os direitos das pessoas nessa condi\u00e7\u00e3o.\u00a0<\/p>\r\n\r\n\r\n\r\n<p>Embora muitos acreditem que seja, a s\u00edndrome de Down (SD) n\u00e3o \u00e9 uma doen\u00e7a e, por esse motivo, a data \u00e9 t\u00e3o importante. \u00c9 dia de compartilhar informa\u00e7\u00f5es para que a sociedade se conscientize e passe a combater o preconceito, um comportamento ainda predominante.\u00a0<\/p>\r\n\r\n\r\n\r\n<p>O objetivo deste post \u00e9 explicar o que \u00e9 a s\u00edndrome de Down, suas caracter\u00edsticas e como ela afeta o indiv\u00edduo desde a inf\u00e2ncia. Continue lendo e veja sobre o diagn\u00f3stico, cuidados e tratamentos para quem tem a condi\u00e7\u00e3o, al\u00e9m da import\u00e2ncia da inclus\u00e3o para quem tem a s\u00edndrome!<\/p>\r\n\r\n\r\n\r\n<h2 class=\"wp-block-heading\"><strong>O que \u00e9 s\u00edndrome de Down?<\/strong><\/h2>\r\n\r\n\r\n\r\n<p>Tamb\u00e9m chamada de Trissomia 21, a s\u00edndrome de Down \u00e9 causada por uma muta\u00e7\u00e3o gen\u00e9tica no cromossomo 21. Isso faz com que o portador em vez de um par, tenha um trio de cromossomos, totalizando 47, diferentemente do considerado normal que \u00e9 ter 46 cromossomos.\u00a0<\/p>\r\n\r\n\r\n\r\n<p>Existem 3 subgrupos de s\u00edndrome de Down:<\/p>\r\n\r\n\r\n\r\n<ul class=\"wp-block-list\">\r\n<li>Trissomia livre do cromossomo 21 \u2013 ocorre na exist\u00eancia de 3 cromossomos 21.\u00a0<\/li>\r\n<li>Transloca\u00e7\u00e3o cromoss\u00f4mica \u2013 ocorre na fus\u00e3o dos bra\u00e7os longos do cromossomo 21, o que d\u00e1 a sensa\u00e7\u00e3o de ter um a mais, quando na verdade est\u00e3o grudados em par.\u00a0<\/li>\r\n<li>Mosaicismo \u2013 rara, ocorre quando ap\u00f3s a forma\u00e7\u00e3o do embri\u00e3o, a divis\u00e3o das c\u00e9lulas apresenta um problema, podendo afetar levemente o indiv\u00edduo.<\/li>\r\n<\/ul>\r\n\r\n\r\n\r\n<h2 class=\"wp-block-heading\"><strong>Quais s\u00e3o as caracter\u00edsticas dos portadores de s\u00edndrome de Down?<\/strong><\/h2>\r\n\r\n\r\n\r\n<p>Com a muta\u00e7\u00e3o, o beb\u00ea nasce com caracter\u00edsticas f\u00edsicas espec\u00edficas como olhos puxados para cima, l\u00edngua grande, implanta\u00e7\u00e3o mais baixa das orelhas, fraqueza dos m\u00fasculos, atraso no desenvolvimento motor e da linguagem, com d\u00e9ficit intelectual leve a moderado, excesso de peso, e baixa estatura, por exemplo.\u00a0<\/p>\r\n\r\n\r\n\r\n<p>Importante: Pode ser que a crian\u00e7a apresente algumas ou todas essas caracter\u00edsticas juntas.<\/p>\r\n\r\n\r\n\r\n<h2 class=\"wp-block-heading\"><strong>Como a s\u00edndrome de Down \u00e9 diagnosticada?<\/strong><\/h2>\r\n\r\n\r\n\r\n<p>De modo geral, a s\u00edndrome de Down \u00e9 diagnosticada durante a gravidez, quando s\u00e3o realizados exames como ultrassonografia, cordocentese, transluc\u00eancia nucal e amniocentese.\u00a0<\/p>\r\n\r\n\r\n\r\n<p>Caso n\u00e3o seja detectada na gesta\u00e7\u00e3o, logo ap\u00f3s o nascimento \u00e9 poss\u00edvel identificar os sinais atrav\u00e9s das caracter\u00edsticas mais evidentes da s\u00edndrome \u2013 logo no in\u00edcio \u00e9 poss\u00edvel perceber alguns aspectos f\u00edsicos da condi\u00e7\u00e3o \u2013 ou por meio do exame de sangue que avalia a poss\u00edvel presen\u00e7a de cromossomos extras.<\/p>\r\n\r\n\r\n\r\n<h2 class=\"wp-block-heading\"><strong>Como \u00e9 realizado o tratamento para s\u00edndrome de Down?<\/strong><\/h2>\r\n\r\n\r\n\r\n<p>Devido \u00e0 muta\u00e7\u00e3o ser gen\u00e9tica, n\u00e3o h\u00e1 cura ou tratamento espec\u00edfico para a s\u00edndrome de Down, mas um conjunto de terapias e atividades que estimulem o desenvolvimento deve ser institu\u00eddo. Assim, pode-se fazer uma combina\u00e7\u00e3o de fisioterapia, fonoaudiologia, atividades l\u00fadicas e psicologia, associado ao acompanhamento do pediatra, para garantir a qualidade de vida da inf\u00e2ncia \u00e0 fase adulta.<\/p>\r\n\r\n\r\n\r\n<h2 class=\"wp-block-heading\"><strong>Qual a import\u00e2ncia da inclus\u00e3o das pessoas com Down?<\/strong><\/h2>\r\n\r\n\r\n\r\n<p>O dia internacional da s\u00edndrome de Down traz um alerta sobre a import\u00e2ncia de tratar o portador de forma normal. Apesar dos avan\u00e7os, ainda existe um grande preconceito da sociedade, muitas vezes pautado na ignor\u00e2ncia e desinforma\u00e7\u00e3o.\u00a0<\/p>\r\n\r\n\r\n\r\n<p>Pode acontecer da falta de inclus\u00e3o come\u00e7ar ainda em casa, devido \u00e0s dificuldades dos pais ou respons\u00e1veis em saberem lidar com as necessidades especiais de quem tem a condi\u00e7\u00e3o. \u00c9 preciso buscar informa\u00e7\u00e3o para proporcionar \u00e0 crian\u00e7a um desenvolvimento normal e acess\u00edvel.\u00a0<\/p>\r\n\r\n\r\n\r\n<p>Quanto mais cedo forem iniciados os est\u00edmulos e promo\u00e7\u00e3o do desenvolvimento, melhor ser\u00e1 a inser\u00e7\u00e3o na sociedade. O ideal \u00e9 matricular a crian\u00e7a com SD em uma escola regular, para que ela conviva com colegas e professores, naturalmente.\u00a0<\/p>\r\n\r\n\r\n\r\n<p>A s\u00edndrome imp\u00f5e algumas limita\u00e7\u00f5es, mas, de modo geral, a crian\u00e7a consegue se desenvolver e acompanhar o ritmo das outras crian\u00e7as. Na fase adulta, felizmente, diversas empresas aderiram \u00e0 inclus\u00e3o e j\u00e1 contam com funcion\u00e1rios com SD em seu quadro.\u00a0<\/p>\r\n\r\n\r\n\r\n<p>Trabalhar a conscientiza\u00e7\u00e3o \u00e9 o melhor caminho para que as pessoas portadoras da s\u00edndrome de Down n\u00e3o se sintam exclu\u00eddas no mundo. O acompanhamento do profissional de sa\u00fade e entendimento do que \u00e9 a s\u00edndrome forma uma rede poderosa de apoio e inclus\u00e3o.\u00a0<\/p>\r\n\r\n\r\n\r\n<p>Se voc\u00ea gostou deste post aproveite e<a href=\"https:\/\/www.instagram.com\/fsfxoficial\/\"> siga a FSFX no Instagram<\/a> para mais informa\u00e7\u00f5es sobre sa\u00fade e bem-estar!<\/p>\r\n\r\n\r\n\r\n<p><strong>Refer\u00eancias:<\/strong><\/p>\r\n\r\n\r\n\r\n<p>FEDERA\u00c7\u00c3O BRASILEIRA DAS ASSOCIA\u00c7\u00d5ES DE S\u00cdNDROME DE DOWN. <strong>S\u00edndrome de Down.<\/strong> Dispon\u00edvel em: &lt;http:\/\/federacaodown.org.br\/sindrome-de-down\/&gt;. Acesso em: 14 Mar. 2021.<\/p>\r\n\r\n\r\n\r\n<p>MINIST\u00c9RIO DA MULHER, FAM\u00cdLIA E DIREITOS HUMANOS. <strong>21 de mar\u00e7o, Dia Internacional da S\u00edndrome de Down.<\/strong> 2014. Dispon\u00edvel em: &lt;https:\/\/www.gov.br\/mdh\/pt-br\/sdh\/noticias\/2014\/marco\/21-de-marco-dia-internacional-da-sindrome-de-down&gt;. Acesso em: 14 Mar. 2021.<\/p>\r\n\r\n\r\n\r\n<p>MINIST\u00c9RIO DA MULHER, FAM\u00cdLIA E DIREITOS HUMANOS. <strong>21 de mar\u00e7o, Dia Internacional da S\u00edndrome de Down.<\/strong> 2018. Dispon\u00edvel em: &lt;https:\/\/www.gov.br\/mdh\/pt-br\/assuntos\/noticias\/2018\/marco\/21-de-marco-dia-internacional-da-sindrome-de-down&gt;. Acesso em: 14 Mar. 2021.<\/p>\r\n\r\n\r\n\r\n<p>SOCIEDADE BRASILEIRA DE PEDIATRIA. <strong>Diretrizes de aten\u00e7\u00e3o \u00e0 pessoa com S\u00edndrome de Down.<\/strong> 2020. Dispon\u00edvel em: &lt;https:\/\/www.sbp.com.br\/fileadmin\/user_upload\/22400b-Diretrizes_de_atencao_a_saude_de_pessoas_com_Down.pdf&gt;. Acesso em: 14 Mar. 2021.<\/p>\r\n","protected":false},"excerpt":{"rendered":"<p>Tempo de leitura: 4 minutos. N\u00e3o s\u00f3 no Brasil, mas em cerca de mais 40 pa\u00edses, o 21 de mar\u00e7o foi institu\u00eddo pela Organiza\u00e7\u00e3o das Na\u00e7\u00f5es Unidas (ONU) como Dia Internacional da S\u00edndrome de Down. A inten\u00e7\u00e3o \u00e9 aumentar a visibilidade para os direitos das pessoas nessa condi\u00e7\u00e3o.\u00a0 Embora muitos acreditem que seja, a s\u00edndrome [&hellip;]<\/p>\n","protected":false},"author":10,"featured_media":4914,"comment_status":"open","ping_status":"open","sticky":false,"template":"","format":"standard","meta":{"_acf_changed":false,"site-sidebar-layout":"default","site-content-layout":"","ast-site-content-layout":"default","site-content-style":"default","site-sidebar-style":"default","ast-global-header-display":"","ast-banner-title-visibility":"","ast-main-header-display":"","ast-hfb-above-header-display":"","ast-hfb-below-header-display":"","ast-hfb-mobile-header-display":"","site-post-title":"","ast-breadcrumbs-content":"","ast-featured-img":"","footer-sml-layout":"","theme-transparent-header-meta":"","adv-header-id-meta":"","stick-header-meta":"","header-above-stick-meta":"","header-main-stick-meta":"","header-below-stick-meta":"","astra-migrate-meta-layouts":"default","ast-page-background-enabled":"default","ast-page-background-meta":{"desktop":{"background-color":"var(--ast-global-color-4)","background-image":"","background-repeat":"repeat","background-position":"center center","background-size":"auto","background-attachment":"scroll","background-type":"","background-media":"","overlay-type":"","overlay-color":"","overlay-opacity":"","overlay-gradient":""},"tablet":{"background-color":"","background-image":"","background-repeat":"repeat","background-position":"center center","background-size":"auto","background-attachment":"scroll","background-type":"","background-media":"","overlay-type":"","overlay-color":"","overlay-opacity":"","overlay-gradient":""},"mobile":{"background-color":"","background-image":"","background-repeat":"repeat","background-position":"center center","background-size":"auto","background-attachment":"scroll","background-type":"","background-media":"","overlay-type":"","overlay-color":"","overlay-opacity":"","overlay-gradient":""}},"ast-content-background-meta":{"desktop":{"background-color":"var(--ast-global-color-5)","background-image":"","background-repeat":"repeat","background-position":"center center","background-size":"auto","background-attachment":"scroll","background-type":"","background-media":"","overlay-type":"","overlay-color":"","overlay-opacity":"","overlay-gradient":""},"tablet":{"background-color":"var(--ast-global-color-5)","background-image":"","background-repeat":"repeat","background-position":"center center","background-size":"auto","background-attachment":"scroll","background-type":"","background-media":"","overlay-type":"","overlay-color":"","overlay-opacity":"","overlay-gradient":""},"mobile":{"background-color":"var(--ast-global-color-5)","background-image":"","background-repeat":"repeat","background-position":"center center","background-size":"auto","background-attachment":"scroll","background-type":"","background-media":"","overlay-type":"","overlay-color":"","overlay-opacity":"","overlay-gradient":""}},"footnotes":""},"categories":[1],"tags":[],"class_list":["post-4359","post","type-post","status-publish","format-standard","has-post-thumbnail","hentry","category-noticias"],"acf":[],"yoast_head":"<!-- This site is optimized with the Yoast SEO plugin v26.9 - https:\/\/yoast.com\/product\/yoast-seo-wordpress\/ -->\n<title>S\u00edndrome de Down: O que \u00e9, quais as suas caracter\u00edsticas e a import\u00e2ncia da inclus\u00e3o - Usisa\u00fade<\/title>\n<meta name=\"robots\" content=\"index, follow, max-snippet:-1, max-image-preview:large, max-video-preview:-1\" \/>\n<link rel=\"canonical\" href=\"https:\/\/www.fsfx.com.br\/usisaude\/dia-internacional-da-sindrome-de-down\/\" \/>\n<meta property=\"og:locale\" content=\"pt_BR\" \/>\n<meta property=\"og:type\" content=\"article\" \/>\n<meta property=\"og:title\" content=\"S\u00edndrome de Down: O que \u00e9, quais as suas caracter\u00edsticas e a import\u00e2ncia da inclus\u00e3o - Usisa\u00fade\" \/>\n<meta property=\"og:description\" content=\"Tempo de leitura: 4 minutos. N\u00e3o s\u00f3 no Brasil, mas em cerca de mais 40 pa\u00edses, o 21 de mar\u00e7o foi institu\u00eddo pela Organiza\u00e7\u00e3o das Na\u00e7\u00f5es Unidas (ONU) como Dia Internacional da S\u00edndrome de Down. A inten\u00e7\u00e3o \u00e9 aumentar a visibilidade para os direitos das pessoas nessa condi\u00e7\u00e3o.\u00a0 Embora muitos acreditem que seja, a s\u00edndrome [&hellip;]\" \/>\n<meta property=\"og:url\" content=\"https:\/\/www.fsfx.com.br\/usisaude\/dia-internacional-da-sindrome-de-down\/\" \/>\n<meta property=\"og:site_name\" content=\"Usisa\u00fade\" \/>\n<meta property=\"article:published_time\" content=\"2022-03-21T17:40:26+00:00\" \/>\n<meta property=\"article:modified_time\" content=\"2024-09-12T18:07:40+00:00\" \/>\n<meta property=\"og:image\" content=\"https:\/\/www.fsfx.com.br\/usisaude\/wp-content\/uploads\/sites\/6\/2022\/05\/down.jpg\" \/>\n\t<meta property=\"og:image:width\" content=\"1146\" \/>\n\t<meta property=\"og:image:height\" content=\"769\" \/>\n\t<meta property=\"og:image:type\" content=\"image\/jpeg\" \/>\n<meta name=\"author\" content=\"FSFX\" \/>\n<meta name=\"twitter:card\" content=\"summary_large_image\" \/>\n<meta name=\"twitter:label1\" content=\"Escrito por\" \/>\n\t<meta name=\"twitter:data1\" content=\"FSFX\" \/>\n\t<meta name=\"twitter:label2\" content=\"Est. tempo de leitura\" \/>\n\t<meta name=\"twitter:data2\" content=\"5 minutos\" \/>\n<script type=\"application\/ld+json\" class=\"yoast-schema-graph\">{\"@context\":\"https:\/\/schema.org\",\"@graph\":[{\"@type\":\"Article\",\"@id\":\"https:\/\/www.fsfx.com.br\/usisaude\/dia-internacional-da-sindrome-de-down\/#article\",\"isPartOf\":{\"@id\":\"https:\/\/www.fsfx.com.br\/usisaude\/dia-internacional-da-sindrome-de-down\/\"},\"author\":{\"name\":\"FSFX\",\"@id\":\"https:\/\/www.fsfx.com.br\/usisaude\/#\/schema\/person\/157e6de1c3dd45f6c5e1152777ea7d99\"},\"headline\":\"S\u00edndrome de Down: O que \u00e9, quais as suas caracter\u00edsticas e a import\u00e2ncia da inclus\u00e3o\",\"datePublished\":\"2022-03-21T17:40:26+00:00\",\"dateModified\":\"2024-09-12T18:07:40+00:00\",\"mainEntityOfPage\":{\"@id\":\"https:\/\/www.fsfx.com.br\/usisaude\/dia-internacional-da-sindrome-de-down\/\"},\"wordCount\":947,\"commentCount\":0,\"publisher\":{\"@id\":\"https:\/\/www.fsfx.com.br\/usisaude\/#organization\"},\"image\":{\"@id\":\"https:\/\/www.fsfx.com.br\/usisaude\/dia-internacional-da-sindrome-de-down\/#primaryimage\"},\"thumbnailUrl\":\"https:\/\/www.fsfx.com.br\/usisaude\/wp-content\/uploads\/sites\/6\/2022\/05\/down.jpg\",\"articleSection\":[\"Not\u00edcias\"],\"inLanguage\":\"pt-BR\",\"potentialAction\":[{\"@type\":\"CommentAction\",\"name\":\"Comment\",\"target\":[\"https:\/\/www.fsfx.com.br\/usisaude\/dia-internacional-da-sindrome-de-down\/#respond\"]}]},{\"@type\":\"WebPage\",\"@id\":\"https:\/\/www.fsfx.com.br\/usisaude\/dia-internacional-da-sindrome-de-down\/\",\"url\":\"https:\/\/www.fsfx.com.br\/usisaude\/dia-internacional-da-sindrome-de-down\/\",\"name\":\"S\u00edndrome de Down: O que \u00e9, quais as suas caracter\u00edsticas e a import\u00e2ncia da inclus\u00e3o - Usisa\u00fade\",\"isPartOf\":{\"@id\":\"https:\/\/www.fsfx.com.br\/usisaude\/#website\"},\"primaryImageOfPage\":{\"@id\":\"https:\/\/www.fsfx.com.br\/usisaude\/dia-internacional-da-sindrome-de-down\/#primaryimage\"},\"image\":{\"@id\":\"https:\/\/www.fsfx.com.br\/usisaude\/dia-internacional-da-sindrome-de-down\/#primaryimage\"},\"thumbnailUrl\":\"https:\/\/www.fsfx.com.br\/usisaude\/wp-content\/uploads\/sites\/6\/2022\/05\/down.jpg\",\"datePublished\":\"2022-03-21T17:40:26+00:00\",\"dateModified\":\"2024-09-12T18:07:40+00:00\",\"breadcrumb\":{\"@id\":\"https:\/\/www.fsfx.com.br\/usisaude\/dia-internacional-da-sindrome-de-down\/#breadcrumb\"},\"inLanguage\":\"pt-BR\",\"potentialAction\":[{\"@type\":\"ReadAction\",\"target\":[\"https:\/\/www.fsfx.com.br\/usisaude\/dia-internacional-da-sindrome-de-down\/\"]}]},{\"@type\":\"ImageObject\",\"inLanguage\":\"pt-BR\",\"@id\":\"https:\/\/www.fsfx.com.br\/usisaude\/dia-internacional-da-sindrome-de-down\/#primaryimage\",\"url\":\"https:\/\/www.fsfx.com.br\/usisaude\/wp-content\/uploads\/sites\/6\/2022\/05\/down.jpg\",\"contentUrl\":\"https:\/\/www.fsfx.com.br\/usisaude\/wp-content\/uploads\/sites\/6\/2022\/05\/down.jpg\",\"width\":1146,\"height\":769},{\"@type\":\"BreadcrumbList\",\"@id\":\"https:\/\/www.fsfx.com.br\/usisaude\/dia-internacional-da-sindrome-de-down\/#breadcrumb\",\"itemListElement\":[{\"@type\":\"ListItem\",\"position\":1,\"name\":\"In\u00edcio\",\"item\":\"https:\/\/www.fsfx.com.br\/usisaude\/\"},{\"@type\":\"ListItem\",\"position\":2,\"name\":\"S\u00edndrome de Down: O que \u00e9, quais as suas caracter\u00edsticas e a import\u00e2ncia da inclus\u00e3o\"}]},{\"@type\":\"WebSite\",\"@id\":\"https:\/\/www.fsfx.com.br\/usisaude\/#website\",\"url\":\"https:\/\/www.fsfx.com.br\/usisaude\/\",\"name\":\"Usisa\u00fade\",\"description\":\"Somos a Usisa\u00fade, uma operadora de planos de sa\u00fade da Funda\u00e7\u00e3o S\u00e3o Francisco Xavier (FSFX), a maior em modalidade filantr\u00f3pica do pa\u00eds.\",\"publisher\":{\"@id\":\"https:\/\/www.fsfx.com.br\/usisaude\/#organization\"},\"potentialAction\":[{\"@type\":\"SearchAction\",\"target\":{\"@type\":\"EntryPoint\",\"urlTemplate\":\"https:\/\/www.fsfx.com.br\/usisaude\/?s={search_term_string}\"},\"query-input\":{\"@type\":\"PropertyValueSpecification\",\"valueRequired\":true,\"valueName\":\"search_term_string\"}}],\"inLanguage\":\"pt-BR\"},{\"@type\":\"Organization\",\"@id\":\"https:\/\/www.fsfx.com.br\/usisaude\/#organization\",\"name\":\"Usisa\u00fade\",\"url\":\"https:\/\/www.fsfx.com.br\/usisaude\/\",\"logo\":{\"@type\":\"ImageObject\",\"inLanguage\":\"pt-BR\",\"@id\":\"https:\/\/www.fsfx.com.br\/usisaude\/#\/schema\/logo\/image\/\",\"url\":\"https:\/\/www.fsfx.com.br\/usisaude\/wp-content\/uploads\/sites\/6\/2022\/03\/logo-ususaude-1.svg\",\"contentUrl\":\"https:\/\/www.fsfx.com.br\/usisaude\/wp-content\/uploads\/sites\/6\/2022\/03\/logo-ususaude-1.svg\",\"width\":445,\"height\":196,\"caption\":\"Usisa\u00fade\"},\"image\":{\"@id\":\"https:\/\/www.fsfx.com.br\/usisaude\/#\/schema\/logo\/image\/\"}},{\"@type\":\"Person\",\"@id\":\"https:\/\/www.fsfx.com.br\/usisaude\/#\/schema\/person\/157e6de1c3dd45f6c5e1152777ea7d99\",\"name\":\"FSFX\",\"image\":{\"@type\":\"ImageObject\",\"inLanguage\":\"pt-BR\",\"@id\":\"https:\/\/www.fsfx.com.br\/usisaude\/#\/schema\/person\/image\/\",\"url\":\"https:\/\/secure.gravatar.com\/avatar\/bd54a0d021bb20ae005f5272fd9962e210ae51b3d3d4cb21d13d6937a96452f1?s=96&d=mm&r=g\",\"contentUrl\":\"https:\/\/secure.gravatar.com\/avatar\/bd54a0d021bb20ae005f5272fd9962e210ae51b3d3d4cb21d13d6937a96452f1?s=96&d=mm&r=g\",\"caption\":\"FSFX\"},\"url\":\"https:\/\/www.fsfx.com.br\/usisaude\/author\/fsfx\/\"}]}<\/script>\n<!-- \/ Yoast SEO plugin. -->","yoast_head_json":{"title":"S\u00edndrome de Down: O que \u00e9, quais as suas caracter\u00edsticas e a import\u00e2ncia da inclus\u00e3o - Usisa\u00fade","robots":{"index":"index","follow":"follow","max-snippet":"max-snippet:-1","max-image-preview":"max-image-preview:large","max-video-preview":"max-video-preview:-1"},"canonical":"https:\/\/www.fsfx.com.br\/usisaude\/dia-internacional-da-sindrome-de-down\/","og_locale":"pt_BR","og_type":"article","og_title":"S\u00edndrome de Down: O que \u00e9, quais as suas caracter\u00edsticas e a import\u00e2ncia da inclus\u00e3o - Usisa\u00fade","og_description":"Tempo de leitura: 4 minutos. N\u00e3o s\u00f3 no Brasil, mas em cerca de mais 40 pa\u00edses, o 21 de mar\u00e7o foi institu\u00eddo pela Organiza\u00e7\u00e3o das Na\u00e7\u00f5es Unidas (ONU) como Dia Internacional da S\u00edndrome de Down. A inten\u00e7\u00e3o \u00e9 aumentar a visibilidade para os direitos das pessoas nessa condi\u00e7\u00e3o.\u00a0 Embora muitos acreditem que seja, a s\u00edndrome [&hellip;]","og_url":"https:\/\/www.fsfx.com.br\/usisaude\/dia-internacional-da-sindrome-de-down\/","og_site_name":"Usisa\u00fade","article_published_time":"2022-03-21T17:40:26+00:00","article_modified_time":"2024-09-12T18:07:40+00:00","og_image":[{"width":1146,"height":769,"url":"https:\/\/www.fsfx.com.br\/usisaude\/wp-content\/uploads\/sites\/6\/2022\/05\/down.jpg","type":"image\/jpeg"}],"author":"FSFX","twitter_card":"summary_large_image","twitter_misc":{"Escrito por":"FSFX","Est. tempo de leitura":"5 minutos"},"schema":{"@context":"https:\/\/schema.org","@graph":[{"@type":"Article","@id":"https:\/\/www.fsfx.com.br\/usisaude\/dia-internacional-da-sindrome-de-down\/#article","isPartOf":{"@id":"https:\/\/www.fsfx.com.br\/usisaude\/dia-internacional-da-sindrome-de-down\/"},"author":{"name":"FSFX","@id":"https:\/\/www.fsfx.com.br\/usisaude\/#\/schema\/person\/157e6de1c3dd45f6c5e1152777ea7d99"},"headline":"S\u00edndrome de Down: O que \u00e9, quais as suas caracter\u00edsticas e a import\u00e2ncia da inclus\u00e3o","datePublished":"2022-03-21T17:40:26+00:00","dateModified":"2024-09-12T18:07:40+00:00","mainEntityOfPage":{"@id":"https:\/\/www.fsfx.com.br\/usisaude\/dia-internacional-da-sindrome-de-down\/"},"wordCount":947,"commentCount":0,"publisher":{"@id":"https:\/\/www.fsfx.com.br\/usisaude\/#organization"},"image":{"@id":"https:\/\/www.fsfx.com.br\/usisaude\/dia-internacional-da-sindrome-de-down\/#primaryimage"},"thumbnailUrl":"https:\/\/www.fsfx.com.br\/usisaude\/wp-content\/uploads\/sites\/6\/2022\/05\/down.jpg","articleSection":["Not\u00edcias"],"inLanguage":"pt-BR","potentialAction":[{"@type":"CommentAction","name":"Comment","target":["https:\/\/www.fsfx.com.br\/usisaude\/dia-internacional-da-sindrome-de-down\/#respond"]}]},{"@type":"WebPage","@id":"https:\/\/www.fsfx.com.br\/usisaude\/dia-internacional-da-sindrome-de-down\/","url":"https:\/\/www.fsfx.com.br\/usisaude\/dia-internacional-da-sindrome-de-down\/","name":"S\u00edndrome de Down: O que \u00e9, quais as suas caracter\u00edsticas e a import\u00e2ncia da inclus\u00e3o - Usisa\u00fade","isPartOf":{"@id":"https:\/\/www.fsfx.com.br\/usisaude\/#website"},"primaryImageOfPage":{"@id":"https:\/\/www.fsfx.com.br\/usisaude\/dia-internacional-da-sindrome-de-down\/#primaryimage"},"image":{"@id":"https:\/\/www.fsfx.com.br\/usisaude\/dia-internacional-da-sindrome-de-down\/#primaryimage"},"thumbnailUrl":"https:\/\/www.fsfx.com.br\/usisaude\/wp-content\/uploads\/sites\/6\/2022\/05\/down.jpg","datePublished":"2022-03-21T17:40:26+00:00","dateModified":"2024-09-12T18:07:40+00:00","breadcrumb":{"@id":"https:\/\/www.fsfx.com.br\/usisaude\/dia-internacional-da-sindrome-de-down\/#breadcrumb"},"inLanguage":"pt-BR","potentialAction":[{"@type":"ReadAction","target":["https:\/\/www.fsfx.com.br\/usisaude\/dia-internacional-da-sindrome-de-down\/"]}]},{"@type":"ImageObject","inLanguage":"pt-BR","@id":"https:\/\/www.fsfx.com.br\/usisaude\/dia-internacional-da-sindrome-de-down\/#primaryimage","url":"https:\/\/www.fsfx.com.br\/usisaude\/wp-content\/uploads\/sites\/6\/2022\/05\/down.jpg","contentUrl":"https:\/\/www.fsfx.com.br\/usisaude\/wp-content\/uploads\/sites\/6\/2022\/05\/down.jpg","width":1146,"height":769},{"@type":"BreadcrumbList","@id":"https:\/\/www.fsfx.com.br\/usisaude\/dia-internacional-da-sindrome-de-down\/#breadcrumb","itemListElement":[{"@type":"ListItem","position":1,"name":"In\u00edcio","item":"https:\/\/www.fsfx.com.br\/usisaude\/"},{"@type":"ListItem","position":2,"name":"S\u00edndrome de Down: O que \u00e9, quais as suas caracter\u00edsticas e a import\u00e2ncia da inclus\u00e3o"}]},{"@type":"WebSite","@id":"https:\/\/www.fsfx.com.br\/usisaude\/#website","url":"https:\/\/www.fsfx.com.br\/usisaude\/","name":"Usisa\u00fade","description":"Somos a Usisa\u00fade, uma operadora de planos de sa\u00fade da Funda\u00e7\u00e3o S\u00e3o Francisco Xavier (FSFX), a maior em modalidade filantr\u00f3pica do pa\u00eds.","publisher":{"@id":"https:\/\/www.fsfx.com.br\/usisaude\/#organization"},"potentialAction":[{"@type":"SearchAction","target":{"@type":"EntryPoint","urlTemplate":"https:\/\/www.fsfx.com.br\/usisaude\/?s={search_term_string}"},"query-input":{"@type":"PropertyValueSpecification","valueRequired":true,"valueName":"search_term_string"}}],"inLanguage":"pt-BR"},{"@type":"Organization","@id":"https:\/\/www.fsfx.com.br\/usisaude\/#organization","name":"Usisa\u00fade","url":"https:\/\/www.fsfx.com.br\/usisaude\/","logo":{"@type":"ImageObject","inLanguage":"pt-BR","@id":"https:\/\/www.fsfx.com.br\/usisaude\/#\/schema\/logo\/image\/","url":"https:\/\/www.fsfx.com.br\/usisaude\/wp-content\/uploads\/sites\/6\/2022\/03\/logo-ususaude-1.svg","contentUrl":"https:\/\/www.fsfx.com.br\/usisaude\/wp-content\/uploads\/sites\/6\/2022\/03\/logo-ususaude-1.svg","width":445,"height":196,"caption":"Usisa\u00fade"},"image":{"@id":"https:\/\/www.fsfx.com.br\/usisaude\/#\/schema\/logo\/image\/"}},{"@type":"Person","@id":"https:\/\/www.fsfx.com.br\/usisaude\/#\/schema\/person\/157e6de1c3dd45f6c5e1152777ea7d99","name":"FSFX","image":{"@type":"ImageObject","inLanguage":"pt-BR","@id":"https:\/\/www.fsfx.com.br\/usisaude\/#\/schema\/person\/image\/","url":"https:\/\/secure.gravatar.com\/avatar\/bd54a0d021bb20ae005f5272fd9962e210ae51b3d3d4cb21d13d6937a96452f1?s=96&d=mm&r=g","contentUrl":"https:\/\/secure.gravatar.com\/avatar\/bd54a0d021bb20ae005f5272fd9962e210ae51b3d3d4cb21d13d6937a96452f1?s=96&d=mm&r=g","caption":"FSFX"},"url":"https:\/\/www.fsfx.com.br\/usisaude\/author\/fsfx\/"}]}},"_links":{"self":[{"href":"https:\/\/www.fsfx.com.br\/usisaude\/wp-json\/wp\/v2\/posts\/4359","targetHints":{"allow":["GET"]}}],"collection":[{"href":"https:\/\/www.fsfx.com.br\/usisaude\/wp-json\/wp\/v2\/posts"}],"about":[{"href":"https:\/\/www.fsfx.com.br\/usisaude\/wp-json\/wp\/v2\/types\/post"}],"author":[{"embeddable":true,"href":"https:\/\/www.fsfx.com.br\/usisaude\/wp-json\/wp\/v2\/users\/10"}],"replies":[{"embeddable":true,"href":"https:\/\/www.fsfx.com.br\/usisaude\/wp-json\/wp\/v2\/comments?post=4359"}],"version-history":[{"count":1,"href":"https:\/\/www.fsfx.com.br\/usisaude\/wp-json\/wp\/v2\/posts\/4359\/revisions"}],"predecessor-version":[{"id":10713,"href":"https:\/\/www.fsfx.com.br\/usisaude\/wp-json\/wp\/v2\/posts\/4359\/revisions\/10713"}],"wp:featuredmedia":[{"embeddable":true,"href":"https:\/\/www.fsfx.com.br\/usisaude\/wp-json\/wp\/v2\/media\/4914"}],"wp:attachment":[{"href":"https:\/\/www.fsfx.com.br\/usisaude\/wp-json\/wp\/v2\/media?parent=4359"}],"wp:term":[{"taxonomy":"category","embeddable":true,"href":"https:\/\/www.fsfx.com.br\/usisaude\/wp-json\/wp\/v2\/categories?post=4359"},{"taxonomy":"post_tag","embeddable":true,"href":"https:\/\/www.fsfx.com.br\/usisaude\/wp-json\/wp\/v2\/tags?post=4359"}],"curies":[{"name":"wp","href":"https:\/\/api.w.org\/{rel}","templated":true}]}}