{"id":4571,"date":"2021-05-10T11:44:18","date_gmt":"2021-05-10T14:44:18","guid":{"rendered":"https:\/\/www.fsfx.com.br\/usisaude\/?p=926"},"modified":"2024-09-12T15:07:43","modified_gmt":"2024-09-12T18:07:43","slug":"campanha-vacinacao-contra-a-gripe-usisaude-2021","status":"publish","type":"post","link":"https:\/\/www.fsfx.com.br\/usisaude\/campanha-vacinacao-contra-a-gripe-usisaude-2021\/","title":{"rendered":"Vacina\u00e7\u00e3o Campanha Vacina\u00e7\u00e3o Contra a Gripe Usisa\u00fade &#8211; 2021 &#8211; In\u00edcio da Vacina\u00e7\u00e3o e Ades\u00f5es Prorrogadas"},"content":{"rendered":"\n<div class=\"wp-block-image is-style-default\"><figure class=\"aligncenter size-large is-resized\"><a href=\"https:\/\/gesto.fsfx.com.br\/vacina\/#\/\"><img fetchpriority=\"high\" decoding=\"async\" src=\"https:\/\/www.fsfx.com.br\/usisaude\/wp-content\/uploads\/sites\/4\/2021\/05\/FSFX-2557-2_MAI21_comunicado_inicio_vacinacao_usisaude_banner_para_site_720x316px-002.jpg\" alt=\"\" class=\"wp-image-936\" width=\"720\" height=\"316\" \/><\/a><\/figure><\/div>\n\n\n\n<p class=\"has-text-align-left\"><strong>\u00c9 chegada a hora de se proteger!<\/strong> Tem in\u00edcio no dia <strong>10\/05\/21<\/strong> a aplica\u00e7\u00e3o da vacina contra a gripe pela Usisa\u00fade.<\/p>\n\n\n\n<p>Se voc\u00ea ainda n\u00e3o fez a sua ades\u00e3o, aproveite, o prazo foi <strong>estendido at\u00e9 14\/05\/21.<\/strong><\/p>\n\n\n\n<div style=\"height:37px\" aria-hidden=\"true\" class=\"wp-block-spacer\"><\/div>\n\n\n\n<div class=\"wp-block-buttons is-content-justification-center is-layout-flex wp-block-buttons-is-layout-flex\">\n<div class=\"wp-block-button\"><a class=\"wp-block-button__link has-white-color has-vivid-cyan-blue-background-color has-text-color has-background\" href=\"https:\/\/gesto.fsfx.com.br\/vacina\/#\/\">Clique aqui e fa\u00e7a sua ades\u00e3o e agendamento<\/a><\/div>\n<\/div>\n\n\n\n<div style=\"height:37px\" aria-hidden=\"true\" class=\"wp-block-spacer\"><\/div>\n\n\n\n<p><strong>Abaixo, seguem as principais d\u00favidas:<\/strong><\/p>\n\n\n\n<ol class=\"wp-block-list\" type=\"1\"><li><strong>Quando come\u00e7a a aplica\u00e7\u00e3o da vacina?<\/strong><ul><li>A aplica\u00e7\u00e3o ter\u00e1 in\u00edcio em 10 de maio de 2021.<\/li><\/ul><\/li><\/ol>\n\n\n\n<ol class=\"wp-block-list\" type=\"1\" start=\"2\"><li><strong>Para quem n\u00e3o fez a ades\u00e3o no prazo, ainda d\u00e1 tempo? O que deve ser feito?<\/strong><ul><li>As ades\u00f5es foram estendidas at\u00e9 dia 14 de maio de 2021, portanto ainda estamos no prazo. Para aderir, acesso o link&nbsp;<a href=\"https:\/\/gesto.fsfx.com.br\/Vacina\/index.html\">gesto.fsfx.com.br\/Vacina&nbsp;<\/a><\/li><\/ul><\/li><\/ol>\n\n\n\n<ol class=\"wp-block-list\" type=\"1\" start=\"3\"><li><strong>Ser\u00e1 necess\u00e1rio apresentar comprovante de ades\u00e3o no local da aplica\u00e7\u00e3o da vacina?<\/strong><ul><li>N\u00e3o \u00e9 necess\u00e1rio comprovante de ades\u00e3o, basta informar o n\u00famero do CPF e apresentar algum documento de identifica\u00e7\u00e3o com foto. Importante levar o cart\u00e3o de vacina e comparecer no hor\u00e1rio agendado.<\/li><\/ul><\/li><\/ol>\n\n\n\n<ol class=\"wp-block-list\" type=\"1\" start=\"4\"><li><strong>A vacina contra a gripe gera alguma rea\u00e7\u00e3o desagrad\u00e1vel no organismo?<\/strong><ul><li>Podem surgir rea\u00e7\u00f5es e caso surjam, as mais comuns s\u00e3o dor de cabe\u00e7a, dor muscular e nas articula\u00e7\u00f5es, febre, mal estar,&nbsp;vermelhid\u00e3o ou incha\u00e7o no local da vacina. Estas rea\u00e7\u00f5es s\u00e3o leves, transit\u00f3rias e normalmente desaparecem espontaneamente em poucos dias.<\/li><\/ul><\/li><\/ol>\n\n\n\n<ol class=\"wp-block-list\" type=\"1\" start=\"5\"><li><strong>Qual vacina devo tomar primeiro, a da gripe ou da COVID-19?<\/strong><ul><li>A vacina contra COVID-19 deve ser priorizada e lembre-se que o Minist\u00e9rio da Sa\u00fade recomenda um intervalo de 14 (quatorze) dias entre as duas vacinas.<\/li><\/ul><\/li><\/ol>\n\n\n\n<ol class=\"wp-block-list\" type=\"1\" start=\"6\"><li><strong>Quem est\u00e1 com COVID-19 pode tomar a vacina?<\/strong><ul><li>N\u00e3o.&nbsp;A vacina\u00e7\u00e3o deve ser adiada por pelo menos 4 (quatro) semanas ap\u00f3s o in\u00edcio dos sintomas ou quatro semanas a partir da primeira amostra de PCR positiva em pessoas assintom\u00e1ticas.<\/li><\/ul><\/li><\/ol>\n\n\n\n<ol class=\"wp-block-list\" type=\"1\" start=\"7\"><li><strong>Quem precisa tomar uma dose de refor\u00e7o da vacina?<\/strong><ul><li>Crian\u00e7as que est\u00e3o tomando a vacina pela primeira vez na vida e t\u00eam idade entre 6 meses e 8 anos, 11 meses e 29 dias.<\/li><\/ul><\/li><\/ol>\n\n\n\n<ol class=\"wp-block-list\" type=\"1\" start=\"8\"><li><strong>A dose de refor\u00e7o ser\u00e1 cobrada?<\/strong><ul><li>Sim, a dose de refor\u00e7o ser\u00e1 cobrada e ter\u00e1 o mesmo valor da 1\u00aa dose.<\/li><\/ul><\/li><\/ol>\n\n\n\n<ol class=\"wp-block-list\" type=\"1\" start=\"9\"><li><strong>Gestantes e lactantes podem tomar a vacina?<\/strong><ul><li>A vacina disponibilizada pela Usisa\u00fade este ano \u00e9 a FluQuadri\u00ae\ufe0f (influenza tetravalente) do Laborat\u00f3rio Sanofi. Essa vacina n\u00e3o deve ser utilizada em mulheres gr\u00e1vidas e lactantes sem orienta\u00e7\u00e3o m\u00e9dica.<\/li><\/ul><\/li><\/ol>\n\n\n\n<ol class=\"wp-block-list\" type=\"1\" start=\"10\"><li><strong>Como fa\u00e7o para ter informa\u00e7\u00f5es sobre os postos de vacina\u00e7\u00e3o?<\/strong><ul><li>Para ter acesso \u00e0 lista completa de posto de vacina\u00e7\u00e3o e seus respectivos endere\u00e7os, basta <a href=\"https:\/\/www.fsfx.com.br\/usisaude\/wp-content\/uploads\/sites\/4\/2021\/05\/Usisaude-Campanha-de-Vacinacao-Contra-a-Gripe-2021-Relacao-de-Postos-1.pdf\">clicar aqui.<\/a><\/li><\/ul><\/li><\/ol>\n\n\n\n<div style=\"height:45px\" aria-hidden=\"true\" class=\"wp-block-spacer\"><\/div>\n\n\n\n<p><strong><u>IMPORTANTE!<\/u><\/strong>&nbsp;Em caso de outras d\u00favidas sobre a vacina\u00e7\u00e3o e\/ou ades\u00e3o pelo sistema favor entrar em contato pelo e-mail <a href=\"mailto:campanhadevacinacao@fsfx.com.br\">campanhadevacinacao@fsfx.com.br<\/a> ou pelo telefone <strong>0800-2830040 \u2013 Op\u00e7\u00e3o 1<\/strong>.<\/p>\n\n\n\n<div style=\"height:68px\" aria-hidden=\"true\" class=\"wp-block-spacer\"><\/div>\n\n\n\n<p>Siga-nos nas redes sociais:<\/p>\n\n\n\n<ul class=\"wp-block-social-links is-layout-flex wp-block-social-links-is-layout-flex\"><li class=\"wp-social-link wp-social-link-facebook  wp-block-social-link\"><a href=\"https:\/\/www.facebook.com\/usisaude\" class=\"wp-block-social-link-anchor\"><svg width=\"24\" height=\"24\" viewBox=\"0 0 24 24\" version=\"1.1\" xmlns=\"http:\/\/www.w3.org\/2000\/svg\" aria-hidden=\"true\" focusable=\"false\"><path d=\"M12 2C6.5 2 2 6.5 2 12c0 5 3.7 9.1 8.4 9.9v-7H7.9V12h2.5V9.8c0-2.5 1.5-3.9 3.8-3.9 1.1 0 2.2.2 2.2.2v2.5h-1.3c-1.2 0-1.6.8-1.6 1.6V12h2.8l-.4 2.9h-2.3v7C18.3 21.1 22 17 22 12c0-5.5-4.5-10-10-10z\"><\/path><\/svg><span class=\"wp-block-social-link-label screen-reader-text\">Facebook<\/span><\/a><\/li>\n\n<li class=\"wp-social-link wp-social-link-instagram  wp-block-social-link\"><a href=\"https:\/\/www.instagram.com\/usisaudeoficial\/\" class=\"wp-block-social-link-anchor\"><svg width=\"24\" height=\"24\" viewBox=\"0 0 24 24\" version=\"1.1\" xmlns=\"http:\/\/www.w3.org\/2000\/svg\" aria-hidden=\"true\" focusable=\"false\"><path d=\"M12,4.622c2.403,0,2.688,0.009,3.637,0.052c0.877,0.04,1.354,0.187,1.671,0.31c0.42,0.163,0.72,0.358,1.035,0.673 c0.315,0.315,0.51,0.615,0.673,1.035c0.123,0.317,0.27,0.794,0.31,1.671c0.043,0.949,0.052,1.234,0.052,3.637 s-0.009,2.688-0.052,3.637c-0.04,0.877-0.187,1.354-0.31,1.671c-0.163,0.42-0.358,0.72-0.673,1.035 c-0.315,0.315-0.615,0.51-1.035,0.673c-0.317,0.123-0.794,0.27-1.671,0.31c-0.949,0.043-1.233,0.052-3.637,0.052 s-2.688-0.009-3.637-0.052c-0.877-0.04-1.354-0.187-1.671-0.31c-0.42-0.163-0.72-0.358-1.035-0.673 c-0.315-0.315-0.51-0.615-0.673-1.035c-0.123-0.317-0.27-0.794-0.31-1.671C4.631,14.688,4.622,14.403,4.622,12 s0.009-2.688,0.052-3.637c0.04-0.877,0.187-1.354,0.31-1.671c0.163-0.42,0.358-0.72,0.673-1.035 c0.315-0.315,0.615-0.51,1.035-0.673c0.317-0.123,0.794-0.27,1.671-0.31C9.312,4.631,9.597,4.622,12,4.622 M12,3 C9.556,3,9.249,3.01,8.289,3.054C7.331,3.098,6.677,3.25,6.105,3.472C5.513,3.702,5.011,4.01,4.511,4.511 c-0.5,0.5-0.808,1.002-1.038,1.594C3.25,6.677,3.098,7.331,3.054,8.289C3.01,9.249,3,9.556,3,12c0,2.444,0.01,2.751,0.054,3.711 c0.044,0.958,0.196,1.612,0.418,2.185c0.23,0.592,0.538,1.094,1.038,1.594c0.5,0.5,1.002,0.808,1.594,1.038 c0.572,0.222,1.227,0.375,2.185,0.418C9.249,20.99,9.556,21,12,21s2.751-0.01,3.711-0.054c0.958-0.044,1.612-0.196,2.185-0.418 c0.592-0.23,1.094-0.538,1.594-1.038c0.5-0.5,0.808-1.002,1.038-1.594c0.222-0.572,0.375-1.227,0.418-2.185 C20.99,14.751,21,14.444,21,12s-0.01-2.751-0.054-3.711c-0.044-0.958-0.196-1.612-0.418-2.185c-0.23-0.592-0.538-1.094-1.038-1.594 c-0.5-0.5-1.002-0.808-1.594-1.038c-0.572-0.222-1.227-0.375-2.185-0.418C14.751,3.01,14.444,3,12,3L12,3z M12,7.378 c-2.552,0-4.622,2.069-4.622,4.622S9.448,16.622,12,16.622s4.622-2.069,4.622-4.622S14.552,7.378,12,7.378z M12,15 c-1.657,0-3-1.343-3-3s1.343-3,3-3s3,1.343,3,3S13.657,15,12,15z M16.804,6.116c-0.596,0-1.08,0.484-1.08,1.08 s0.484,1.08,1.08,1.08c0.596,0,1.08-0.484,1.08-1.08S17.401,6.116,16.804,6.116z\"><\/path><\/svg><span class=\"wp-block-social-link-label screen-reader-text\">Instagram<\/span><\/a><\/li><\/ul>\n","protected":false},"excerpt":{"rendered":"<p>\u00c9 chegada a hora de se proteger! Tem in\u00edcio no dia 10\/05\/21 a aplica\u00e7\u00e3o da vacina contra a gripe pela Usisa\u00fade. Se voc\u00ea ainda n\u00e3o fez a sua ades\u00e3o, aproveite, o prazo foi estendido at\u00e9 14\/05\/21. Abaixo, seguem as principais d\u00favidas: Quando come\u00e7a a aplica\u00e7\u00e3o da vacina? A aplica\u00e7\u00e3o ter\u00e1 in\u00edcio em 10 de maio [&hellip;]<\/p>\n","protected":false},"author":2,"featured_media":0,"comment_status":"open","ping_status":"open","sticky":false,"template":"","format":"standard","meta":{"_acf_changed":false,"site-sidebar-layout":"default","site-content-layout":"","ast-site-content-layout":"default","site-content-style":"default","site-sidebar-style":"default","ast-global-header-display":"","ast-banner-title-visibility":"","ast-main-header-display":"","ast-hfb-above-header-display":"","ast-hfb-below-header-display":"","ast-hfb-mobile-header-display":"","site-post-title":"","ast-breadcrumbs-content":"","ast-featured-img":"","footer-sml-layout":"","theme-transparent-header-meta":"","adv-header-id-meta":"","stick-header-meta":"","header-above-stick-meta":"","header-main-stick-meta":"","header-below-stick-meta":"","astra-migrate-meta-layouts":"default","ast-page-background-enabled":"default","ast-page-background-meta":{"desktop":{"background-color":"var(--ast-global-color-4)","background-image":"","background-repeat":"repeat","background-position":"center center","background-size":"auto","background-attachment":"scroll","background-type":"","background-media":"","overlay-type":"","overlay-color":"","overlay-opacity":"","overlay-gradient":""},"tablet":{"background-color":"","background-image":"","background-repeat":"repeat","background-position":"center center","background-size":"auto","background-attachment":"scroll","background-type":"","background-media":"","overlay-type":"","overlay-color":"","overlay-opacity":"","overlay-gradient":""},"mobile":{"background-color":"","background-image":"","background-repeat":"repeat","background-position":"center center","background-size":"auto","background-attachment":"scroll","background-type":"","background-media":"","overlay-type":"","overlay-color":"","overlay-opacity":"","overlay-gradient":""}},"ast-content-background-meta":{"desktop":{"background-color":"var(--ast-global-color-5)","background-image":"","background-repeat":"repeat","background-position":"center center","background-size":"auto","background-attachment":"scroll","background-type":"","background-media":"","overlay-type":"","overlay-color":"","overlay-opacity":"","overlay-gradient":""},"tablet":{"background-color":"var(--ast-global-color-5)","background-image":"","background-repeat":"repeat","background-position":"center center","background-size":"auto","background-attachment":"scroll","background-type":"","background-media":"","overlay-type":"","overlay-color":"","overlay-opacity":"","overlay-gradient":""},"mobile":{"background-color":"var(--ast-global-color-5)","background-image":"","background-repeat":"repeat","background-position":"center center","background-size":"auto","background-attachment":"scroll","background-type":"","background-media":"","overlay-type":"","overlay-color":"","overlay-opacity":"","overlay-gradient":""}},"footnotes":""},"categories":[1],"tags":[],"class_list":["post-4571","post","type-post","status-publish","format-standard","hentry","category-noticias"],"acf":[],"yoast_head":"<!-- This site is optimized with the Yoast SEO plugin v26.9 - https:\/\/yoast.com\/product\/yoast-seo-wordpress\/ -->\n<title>Vacina\u00e7\u00e3o Campanha Vacina\u00e7\u00e3o Contra a Gripe Usisa\u00fade - 2021 - In\u00edcio da Vacina\u00e7\u00e3o e Ades\u00f5es Prorrogadas - Usisa\u00fade<\/title>\n<meta name=\"robots\" content=\"index, follow, max-snippet:-1, max-image-preview:large, max-video-preview:-1\" \/>\n<link rel=\"canonical\" href=\"https:\/\/www.fsfx.com.br\/usisaude\/campanha-vacinacao-contra-a-gripe-usisaude-2021\/\" \/>\n<meta property=\"og:locale\" content=\"pt_BR\" \/>\n<meta property=\"og:type\" content=\"article\" \/>\n<meta property=\"og:title\" content=\"Vacina\u00e7\u00e3o Campanha Vacina\u00e7\u00e3o Contra a Gripe Usisa\u00fade - 2021 - In\u00edcio da Vacina\u00e7\u00e3o e Ades\u00f5es Prorrogadas - Usisa\u00fade\" \/>\n<meta property=\"og:description\" content=\"\u00c9 chegada a hora de se proteger! Tem in\u00edcio no dia 10\/05\/21 a aplica\u00e7\u00e3o da vacina contra a gripe pela Usisa\u00fade. Se voc\u00ea ainda n\u00e3o fez a sua ades\u00e3o, aproveite, o prazo foi estendido at\u00e9 14\/05\/21. Abaixo, seguem as principais d\u00favidas: Quando come\u00e7a a aplica\u00e7\u00e3o da vacina? A aplica\u00e7\u00e3o ter\u00e1 in\u00edcio em 10 de maio [&hellip;]\" \/>\n<meta property=\"og:url\" content=\"https:\/\/www.fsfx.com.br\/usisaude\/campanha-vacinacao-contra-a-gripe-usisaude-2021\/\" \/>\n<meta property=\"og:site_name\" content=\"Usisa\u00fade\" \/>\n<meta property=\"article:published_time\" content=\"2021-05-10T14:44:18+00:00\" \/>\n<meta property=\"article:modified_time\" content=\"2024-09-12T18:07:43+00:00\" \/>\n<meta property=\"og:image\" content=\"https:\/\/www.fsfx.com.br\/usisaude\/wp-content\/uploads\/sites\/4\/2021\/05\/FSFX-2557-2_MAI21_comunicado_inicio_vacinacao_usisaude_banner_para_site_720x316px-002.jpg\" \/>\n<meta name=\"author\" content=\"claudio\" \/>\n<meta name=\"twitter:card\" content=\"summary_large_image\" \/>\n<meta name=\"twitter:label1\" content=\"Escrito por\" \/>\n\t<meta name=\"twitter:data1\" content=\"claudio\" \/>\n\t<meta name=\"twitter:label2\" content=\"Est. tempo de leitura\" \/>\n\t<meta name=\"twitter:data2\" content=\"3 minutos\" \/>\n<script type=\"application\/ld+json\" class=\"yoast-schema-graph\">{\"@context\":\"https:\/\/schema.org\",\"@graph\":[{\"@type\":\"Article\",\"@id\":\"https:\/\/www.fsfx.com.br\/usisaude\/campanha-vacinacao-contra-a-gripe-usisaude-2021\/#article\",\"isPartOf\":{\"@id\":\"https:\/\/www.fsfx.com.br\/usisaude\/campanha-vacinacao-contra-a-gripe-usisaude-2021\/\"},\"author\":{\"name\":\"claudio\",\"@id\":\"https:\/\/www.fsfx.com.br\/usisaude\/#\/schema\/person\/7d2372fe1973398ab20a060bbb9a87d8\"},\"headline\":\"Vacina\u00e7\u00e3o Campanha Vacina\u00e7\u00e3o Contra a Gripe Usisa\u00fade &#8211; 2021 &#8211; In\u00edcio da Vacina\u00e7\u00e3o e Ades\u00f5es Prorrogadas\",\"datePublished\":\"2021-05-10T14:44:18+00:00\",\"dateModified\":\"2024-09-12T18:07:43+00:00\",\"mainEntityOfPage\":{\"@id\":\"https:\/\/www.fsfx.com.br\/usisaude\/campanha-vacinacao-contra-a-gripe-usisaude-2021\/\"},\"wordCount\":500,\"commentCount\":0,\"publisher\":{\"@id\":\"https:\/\/www.fsfx.com.br\/usisaude\/#organization\"},\"image\":{\"@id\":\"https:\/\/www.fsfx.com.br\/usisaude\/campanha-vacinacao-contra-a-gripe-usisaude-2021\/#primaryimage\"},\"thumbnailUrl\":\"https:\/\/www.fsfx.com.br\/usisaude\/wp-content\/uploads\/sites\/4\/2021\/05\/FSFX-2557-2_MAI21_comunicado_inicio_vacinacao_usisaude_banner_para_site_720x316px-002.jpg\",\"articleSection\":[\"Not\u00edcias\"],\"inLanguage\":\"pt-BR\",\"potentialAction\":[{\"@type\":\"CommentAction\",\"name\":\"Comment\",\"target\":[\"https:\/\/www.fsfx.com.br\/usisaude\/campanha-vacinacao-contra-a-gripe-usisaude-2021\/#respond\"]}]},{\"@type\":\"WebPage\",\"@id\":\"https:\/\/www.fsfx.com.br\/usisaude\/campanha-vacinacao-contra-a-gripe-usisaude-2021\/\",\"url\":\"https:\/\/www.fsfx.com.br\/usisaude\/campanha-vacinacao-contra-a-gripe-usisaude-2021\/\",\"name\":\"Vacina\u00e7\u00e3o Campanha Vacina\u00e7\u00e3o Contra a Gripe Usisa\u00fade - 2021 - In\u00edcio da Vacina\u00e7\u00e3o e Ades\u00f5es Prorrogadas - Usisa\u00fade\",\"isPartOf\":{\"@id\":\"https:\/\/www.fsfx.com.br\/usisaude\/#website\"},\"primaryImageOfPage\":{\"@id\":\"https:\/\/www.fsfx.com.br\/usisaude\/campanha-vacinacao-contra-a-gripe-usisaude-2021\/#primaryimage\"},\"image\":{\"@id\":\"https:\/\/www.fsfx.com.br\/usisaude\/campanha-vacinacao-contra-a-gripe-usisaude-2021\/#primaryimage\"},\"thumbnailUrl\":\"https:\/\/www.fsfx.com.br\/usisaude\/wp-content\/uploads\/sites\/4\/2021\/05\/FSFX-2557-2_MAI21_comunicado_inicio_vacinacao_usisaude_banner_para_site_720x316px-002.jpg\",\"datePublished\":\"2021-05-10T14:44:18+00:00\",\"dateModified\":\"2024-09-12T18:07:43+00:00\",\"breadcrumb\":{\"@id\":\"https:\/\/www.fsfx.com.br\/usisaude\/campanha-vacinacao-contra-a-gripe-usisaude-2021\/#breadcrumb\"},\"inLanguage\":\"pt-BR\",\"potentialAction\":[{\"@type\":\"ReadAction\",\"target\":[\"https:\/\/www.fsfx.com.br\/usisaude\/campanha-vacinacao-contra-a-gripe-usisaude-2021\/\"]}]},{\"@type\":\"ImageObject\",\"inLanguage\":\"pt-BR\",\"@id\":\"https:\/\/www.fsfx.com.br\/usisaude\/campanha-vacinacao-contra-a-gripe-usisaude-2021\/#primaryimage\",\"url\":\"https:\/\/www.fsfx.com.br\/usisaude\/wp-content\/uploads\/sites\/4\/2021\/05\/FSFX-2557-2_MAI21_comunicado_inicio_vacinacao_usisaude_banner_para_site_720x316px-002.jpg\",\"contentUrl\":\"https:\/\/www.fsfx.com.br\/usisaude\/wp-content\/uploads\/sites\/4\/2021\/05\/FSFX-2557-2_MAI21_comunicado_inicio_vacinacao_usisaude_banner_para_site_720x316px-002.jpg\"},{\"@type\":\"BreadcrumbList\",\"@id\":\"https:\/\/www.fsfx.com.br\/usisaude\/campanha-vacinacao-contra-a-gripe-usisaude-2021\/#breadcrumb\",\"itemListElement\":[{\"@type\":\"ListItem\",\"position\":1,\"name\":\"In\u00edcio\",\"item\":\"https:\/\/www.fsfx.com.br\/usisaude\/\"},{\"@type\":\"ListItem\",\"position\":2,\"name\":\"Vacina\u00e7\u00e3o Campanha Vacina\u00e7\u00e3o Contra a Gripe Usisa\u00fade &#8211; 2021 &#8211; In\u00edcio da Vacina\u00e7\u00e3o e Ades\u00f5es Prorrogadas\"}]},{\"@type\":\"WebSite\",\"@id\":\"https:\/\/www.fsfx.com.br\/usisaude\/#website\",\"url\":\"https:\/\/www.fsfx.com.br\/usisaude\/\",\"name\":\"Usisa\u00fade\",\"description\":\"Somos a Usisa\u00fade, uma operadora de planos de sa\u00fade da Funda\u00e7\u00e3o S\u00e3o Francisco Xavier (FSFX), a maior em modalidade filantr\u00f3pica do pa\u00eds.\",\"publisher\":{\"@id\":\"https:\/\/www.fsfx.com.br\/usisaude\/#organization\"},\"potentialAction\":[{\"@type\":\"SearchAction\",\"target\":{\"@type\":\"EntryPoint\",\"urlTemplate\":\"https:\/\/www.fsfx.com.br\/usisaude\/?s={search_term_string}\"},\"query-input\":{\"@type\":\"PropertyValueSpecification\",\"valueRequired\":true,\"valueName\":\"search_term_string\"}}],\"inLanguage\":\"pt-BR\"},{\"@type\":\"Organization\",\"@id\":\"https:\/\/www.fsfx.com.br\/usisaude\/#organization\",\"name\":\"Usisa\u00fade\",\"url\":\"https:\/\/www.fsfx.com.br\/usisaude\/\",\"logo\":{\"@type\":\"ImageObject\",\"inLanguage\":\"pt-BR\",\"@id\":\"https:\/\/www.fsfx.com.br\/usisaude\/#\/schema\/logo\/image\/\",\"url\":\"https:\/\/www.fsfx.com.br\/usisaude\/wp-content\/uploads\/sites\/6\/2022\/03\/logo-ususaude-1.svg\",\"contentUrl\":\"https:\/\/www.fsfx.com.br\/usisaude\/wp-content\/uploads\/sites\/6\/2022\/03\/logo-ususaude-1.svg\",\"width\":445,\"height\":196,\"caption\":\"Usisa\u00fade\"},\"image\":{\"@id\":\"https:\/\/www.fsfx.com.br\/usisaude\/#\/schema\/logo\/image\/\"}},{\"@type\":\"Person\",\"@id\":\"https:\/\/www.fsfx.com.br\/usisaude\/#\/schema\/person\/7d2372fe1973398ab20a060bbb9a87d8\",\"name\":\"claudio\",\"image\":{\"@type\":\"ImageObject\",\"inLanguage\":\"pt-BR\",\"@id\":\"https:\/\/www.fsfx.com.br\/usisaude\/#\/schema\/person\/image\/\",\"url\":\"https:\/\/secure.gravatar.com\/avatar\/724caacf0f2f073275cb3689c577e73e87e40150b1ffd648a67445e75aa7ff03?s=96&d=mm&r=g\",\"contentUrl\":\"https:\/\/secure.gravatar.com\/avatar\/724caacf0f2f073275cb3689c577e73e87e40150b1ffd648a67445e75aa7ff03?s=96&d=mm&r=g\",\"caption\":\"claudio\"},\"url\":\"https:\/\/www.fsfx.com.br\/usisaude\/author\/claudio\/\"}]}<\/script>\n<!-- \/ Yoast SEO plugin. -->","yoast_head_json":{"title":"Vacina\u00e7\u00e3o Campanha Vacina\u00e7\u00e3o Contra a Gripe Usisa\u00fade - 2021 - In\u00edcio da Vacina\u00e7\u00e3o e Ades\u00f5es Prorrogadas - Usisa\u00fade","robots":{"index":"index","follow":"follow","max-snippet":"max-snippet:-1","max-image-preview":"max-image-preview:large","max-video-preview":"max-video-preview:-1"},"canonical":"https:\/\/www.fsfx.com.br\/usisaude\/campanha-vacinacao-contra-a-gripe-usisaude-2021\/","og_locale":"pt_BR","og_type":"article","og_title":"Vacina\u00e7\u00e3o Campanha Vacina\u00e7\u00e3o Contra a Gripe Usisa\u00fade - 2021 - In\u00edcio da Vacina\u00e7\u00e3o e Ades\u00f5es Prorrogadas - Usisa\u00fade","og_description":"\u00c9 chegada a hora de se proteger! Tem in\u00edcio no dia 10\/05\/21 a aplica\u00e7\u00e3o da vacina contra a gripe pela Usisa\u00fade. Se voc\u00ea ainda n\u00e3o fez a sua ades\u00e3o, aproveite, o prazo foi estendido at\u00e9 14\/05\/21. Abaixo, seguem as principais d\u00favidas: Quando come\u00e7a a aplica\u00e7\u00e3o da vacina? A aplica\u00e7\u00e3o ter\u00e1 in\u00edcio em 10 de maio [&hellip;]","og_url":"https:\/\/www.fsfx.com.br\/usisaude\/campanha-vacinacao-contra-a-gripe-usisaude-2021\/","og_site_name":"Usisa\u00fade","article_published_time":"2021-05-10T14:44:18+00:00","article_modified_time":"2024-09-12T18:07:43+00:00","og_image":[{"url":"https:\/\/www.fsfx.com.br\/usisaude\/wp-content\/uploads\/sites\/4\/2021\/05\/FSFX-2557-2_MAI21_comunicado_inicio_vacinacao_usisaude_banner_para_site_720x316px-002.jpg","type":"","width":"","height":""}],"author":"claudio","twitter_card":"summary_large_image","twitter_misc":{"Escrito por":"claudio","Est. tempo de leitura":"3 minutos"},"schema":{"@context":"https:\/\/schema.org","@graph":[{"@type":"Article","@id":"https:\/\/www.fsfx.com.br\/usisaude\/campanha-vacinacao-contra-a-gripe-usisaude-2021\/#article","isPartOf":{"@id":"https:\/\/www.fsfx.com.br\/usisaude\/campanha-vacinacao-contra-a-gripe-usisaude-2021\/"},"author":{"name":"claudio","@id":"https:\/\/www.fsfx.com.br\/usisaude\/#\/schema\/person\/7d2372fe1973398ab20a060bbb9a87d8"},"headline":"Vacina\u00e7\u00e3o Campanha Vacina\u00e7\u00e3o Contra a Gripe Usisa\u00fade &#8211; 2021 &#8211; In\u00edcio da Vacina\u00e7\u00e3o e Ades\u00f5es Prorrogadas","datePublished":"2021-05-10T14:44:18+00:00","dateModified":"2024-09-12T18:07:43+00:00","mainEntityOfPage":{"@id":"https:\/\/www.fsfx.com.br\/usisaude\/campanha-vacinacao-contra-a-gripe-usisaude-2021\/"},"wordCount":500,"commentCount":0,"publisher":{"@id":"https:\/\/www.fsfx.com.br\/usisaude\/#organization"},"image":{"@id":"https:\/\/www.fsfx.com.br\/usisaude\/campanha-vacinacao-contra-a-gripe-usisaude-2021\/#primaryimage"},"thumbnailUrl":"https:\/\/www.fsfx.com.br\/usisaude\/wp-content\/uploads\/sites\/4\/2021\/05\/FSFX-2557-2_MAI21_comunicado_inicio_vacinacao_usisaude_banner_para_site_720x316px-002.jpg","articleSection":["Not\u00edcias"],"inLanguage":"pt-BR","potentialAction":[{"@type":"CommentAction","name":"Comment","target":["https:\/\/www.fsfx.com.br\/usisaude\/campanha-vacinacao-contra-a-gripe-usisaude-2021\/#respond"]}]},{"@type":"WebPage","@id":"https:\/\/www.fsfx.com.br\/usisaude\/campanha-vacinacao-contra-a-gripe-usisaude-2021\/","url":"https:\/\/www.fsfx.com.br\/usisaude\/campanha-vacinacao-contra-a-gripe-usisaude-2021\/","name":"Vacina\u00e7\u00e3o Campanha Vacina\u00e7\u00e3o Contra a Gripe Usisa\u00fade - 2021 - In\u00edcio da Vacina\u00e7\u00e3o e Ades\u00f5es Prorrogadas - Usisa\u00fade","isPartOf":{"@id":"https:\/\/www.fsfx.com.br\/usisaude\/#website"},"primaryImageOfPage":{"@id":"https:\/\/www.fsfx.com.br\/usisaude\/campanha-vacinacao-contra-a-gripe-usisaude-2021\/#primaryimage"},"image":{"@id":"https:\/\/www.fsfx.com.br\/usisaude\/campanha-vacinacao-contra-a-gripe-usisaude-2021\/#primaryimage"},"thumbnailUrl":"https:\/\/www.fsfx.com.br\/usisaude\/wp-content\/uploads\/sites\/4\/2021\/05\/FSFX-2557-2_MAI21_comunicado_inicio_vacinacao_usisaude_banner_para_site_720x316px-002.jpg","datePublished":"2021-05-10T14:44:18+00:00","dateModified":"2024-09-12T18:07:43+00:00","breadcrumb":{"@id":"https:\/\/www.fsfx.com.br\/usisaude\/campanha-vacinacao-contra-a-gripe-usisaude-2021\/#breadcrumb"},"inLanguage":"pt-BR","potentialAction":[{"@type":"ReadAction","target":["https:\/\/www.fsfx.com.br\/usisaude\/campanha-vacinacao-contra-a-gripe-usisaude-2021\/"]}]},{"@type":"ImageObject","inLanguage":"pt-BR","@id":"https:\/\/www.fsfx.com.br\/usisaude\/campanha-vacinacao-contra-a-gripe-usisaude-2021\/#primaryimage","url":"https:\/\/www.fsfx.com.br\/usisaude\/wp-content\/uploads\/sites\/4\/2021\/05\/FSFX-2557-2_MAI21_comunicado_inicio_vacinacao_usisaude_banner_para_site_720x316px-002.jpg","contentUrl":"https:\/\/www.fsfx.com.br\/usisaude\/wp-content\/uploads\/sites\/4\/2021\/05\/FSFX-2557-2_MAI21_comunicado_inicio_vacinacao_usisaude_banner_para_site_720x316px-002.jpg"},{"@type":"BreadcrumbList","@id":"https:\/\/www.fsfx.com.br\/usisaude\/campanha-vacinacao-contra-a-gripe-usisaude-2021\/#breadcrumb","itemListElement":[{"@type":"ListItem","position":1,"name":"In\u00edcio","item":"https:\/\/www.fsfx.com.br\/usisaude\/"},{"@type":"ListItem","position":2,"name":"Vacina\u00e7\u00e3o Campanha Vacina\u00e7\u00e3o Contra a Gripe Usisa\u00fade &#8211; 2021 &#8211; In\u00edcio da Vacina\u00e7\u00e3o e Ades\u00f5es Prorrogadas"}]},{"@type":"WebSite","@id":"https:\/\/www.fsfx.com.br\/usisaude\/#website","url":"https:\/\/www.fsfx.com.br\/usisaude\/","name":"Usisa\u00fade","description":"Somos a Usisa\u00fade, uma operadora de planos de sa\u00fade da Funda\u00e7\u00e3o S\u00e3o Francisco Xavier (FSFX), a maior em modalidade filantr\u00f3pica do pa\u00eds.","publisher":{"@id":"https:\/\/www.fsfx.com.br\/usisaude\/#organization"},"potentialAction":[{"@type":"SearchAction","target":{"@type":"EntryPoint","urlTemplate":"https:\/\/www.fsfx.com.br\/usisaude\/?s={search_term_string}"},"query-input":{"@type":"PropertyValueSpecification","valueRequired":true,"valueName":"search_term_string"}}],"inLanguage":"pt-BR"},{"@type":"Organization","@id":"https:\/\/www.fsfx.com.br\/usisaude\/#organization","name":"Usisa\u00fade","url":"https:\/\/www.fsfx.com.br\/usisaude\/","logo":{"@type":"ImageObject","inLanguage":"pt-BR","@id":"https:\/\/www.fsfx.com.br\/usisaude\/#\/schema\/logo\/image\/","url":"https:\/\/www.fsfx.com.br\/usisaude\/wp-content\/uploads\/sites\/6\/2022\/03\/logo-ususaude-1.svg","contentUrl":"https:\/\/www.fsfx.com.br\/usisaude\/wp-content\/uploads\/sites\/6\/2022\/03\/logo-ususaude-1.svg","width":445,"height":196,"caption":"Usisa\u00fade"},"image":{"@id":"https:\/\/www.fsfx.com.br\/usisaude\/#\/schema\/logo\/image\/"}},{"@type":"Person","@id":"https:\/\/www.fsfx.com.br\/usisaude\/#\/schema\/person\/7d2372fe1973398ab20a060bbb9a87d8","name":"claudio","image":{"@type":"ImageObject","inLanguage":"pt-BR","@id":"https:\/\/www.fsfx.com.br\/usisaude\/#\/schema\/person\/image\/","url":"https:\/\/secure.gravatar.com\/avatar\/724caacf0f2f073275cb3689c577e73e87e40150b1ffd648a67445e75aa7ff03?s=96&d=mm&r=g","contentUrl":"https:\/\/secure.gravatar.com\/avatar\/724caacf0f2f073275cb3689c577e73e87e40150b1ffd648a67445e75aa7ff03?s=96&d=mm&r=g","caption":"claudio"},"url":"https:\/\/www.fsfx.com.br\/usisaude\/author\/claudio\/"}]}},"_links":{"self":[{"href":"https:\/\/www.fsfx.com.br\/usisaude\/wp-json\/wp\/v2\/posts\/4571","targetHints":{"allow":["GET"]}}],"collection":[{"href":"https:\/\/www.fsfx.com.br\/usisaude\/wp-json\/wp\/v2\/posts"}],"about":[{"href":"https:\/\/www.fsfx.com.br\/usisaude\/wp-json\/wp\/v2\/types\/post"}],"author":[{"embeddable":true,"href":"https:\/\/www.fsfx.com.br\/usisaude\/wp-json\/wp\/v2\/users\/2"}],"replies":[{"embeddable":true,"href":"https:\/\/www.fsfx.com.br\/usisaude\/wp-json\/wp\/v2\/comments?post=4571"}],"version-history":[{"count":1,"href":"https:\/\/www.fsfx.com.br\/usisaude\/wp-json\/wp\/v2\/posts\/4571\/revisions"}],"predecessor-version":[{"id":10734,"href":"https:\/\/www.fsfx.com.br\/usisaude\/wp-json\/wp\/v2\/posts\/4571\/revisions\/10734"}],"wp:attachment":[{"href":"https:\/\/www.fsfx.com.br\/usisaude\/wp-json\/wp\/v2\/media?parent=4571"}],"wp:term":[{"taxonomy":"category","embeddable":true,"href":"https:\/\/www.fsfx.com.br\/usisaude\/wp-json\/wp\/v2\/categories?post=4571"},{"taxonomy":"post_tag","embeddable":true,"href":"https:\/\/www.fsfx.com.br\/usisaude\/wp-json\/wp\/v2\/tags?post=4571"}],"curies":[{"name":"wp","href":"https:\/\/api.w.org\/{rel}","templated":true}]}}