{"id":628,"date":"2021-01-08T12:11:36","date_gmt":"2021-01-08T15:11:36","guid":{"rendered":"https:\/\/www.fsfx.com.br\/usisaude\/?p=628"},"modified":"2024-09-12T15:07:49","modified_gmt":"2024-09-12T18:07:49","slug":"janeiro-branco-alerta-para-a-saude-mental-em-tempos-de-pandemia","status":"publish","type":"post","link":"https:\/\/www.fsfx.com.br\/usisaude\/janeiro-branco-alerta-para-a-saude-mental-em-tempos-de-pandemia\/","title":{"rendered":"JANEIRO BRANCO ALERTA PARA A SA\u00daDE MENTAL EM TEMPOS DE PANDEMIA"},"content":{"rendered":"\n<p>O primeiro m\u00eas do ano, geralmente marcado por um per\u00edodo de reflex\u00f5es, planejamentos e metas, \u00e9 tamb\u00e9m o m\u00eas da Campanha Janeiro Branco, que convida a popula\u00e7\u00e3o a discutir a import\u00e2ncia do cuidado com a sa\u00fade mental em busca de mais felicidade e qualidade de vida. A depress\u00e3o \u00e9 um dos grandes males do nosso s\u00e9culo. Segundo a Organiza\u00e7\u00e3o Mundial da Sa\u00fade, a doen\u00e7a afeta mais de 350 milh\u00f5es de pessoas no planeta. A ansiedade atinge 18,6 milh\u00f5es de brasileiros e os transtornos mentais s\u00e3o respons\u00e1veis por mais de um ter\u00e7o do n\u00famero total de incapacidades nas Am\u00e9ricas. Em tempos de pandemia, o Janeiro Branco assume ainda mais relev\u00e2ncia.<\/p>\n\n\n\n<p>O ano que passou foi at\u00edpico e, certamente, ter\u00e1 reflexos na sa\u00fade mental da popula\u00e7\u00e3o mundial. Somente a busca sobre transtornos mentais no Google em 2020 aumentou 98% em rela\u00e7\u00e3o aos dados de dez anos atr\u00e1s. O ano marcado pela pandemia da Covid-19 no mundo, trouxe mudan\u00e7as na rotina da popula\u00e7\u00e3o impostas pelo isolamento social que promoveram o distanciamento de amigos e parentes e deixaram a popula\u00e7\u00e3o em uma bolha obrigat\u00f3ria.<\/p>\n\n\n\n<p>A harmonia familiar foi amplamente testada e colocada em debate. Profissionais tiveram que se adequar a um novo modelo de trabalho em casa. Pais e m\u00e3es passaram a estreitar o relacionamento com filhos sem aulas presenciais. Tudo isso somado ao medo do cont\u00e1gio e da morte, \u00e0 incerteza da empregabilidade, \u00e0 perda de empregos e ao luto por quem perdeu um ente querido para a Covid, completam um cen\u00e1rio desafiador para a mente humana com ingredientes prop\u00edcios para o sofrimento psicol\u00f3gico.<\/p>\n\n\n\n<p>Os reflexos de todas as turbul\u00eancias emocionais do cen\u00e1rio pand\u00eamico da Covid-19 ainda n\u00e3o foram parametrizados pelos pesquisadores das comunidades cient\u00edficas de psicologia pelo mundo, mas s\u00e3o esperados impactos sobre uma realidade que j\u00e1 \u00e9 preocupante. Ainda de acordo com a OMS, o Brasil \u00e9 considerado o pa\u00eds mais ansioso do mundo e o quinto mais depressivo. Mesmo assim, parte dessas pessoas n\u00e3o possuem assist\u00eancia psicol\u00f3gica adequada.<\/p>\n\n\n\n<p>Neste contexto que vivemos, o Janeiro Branco, campanha criada por um grupo de psic\u00f3logos mineiros em 2014 ganha ainda mais for\u00e7a. Depress\u00e3o \u00e9 uma doen\u00e7a s\u00e9ria e deve ser diagnosticada o quanto antes. Saber identificar um quadro depressivo, por exemplo, \u00e9 uma maneira de evitar o sofrimento cont\u00ednuo e um agravamento ainda maior da situa\u00e7\u00e3o que pode levar \u00e0 morte.<\/p>\n\n\n\n<p>\u00c9 essencial buscar ajuda profissional quando apresentar sintomas f\u00edsicos impactando no cotidiano, como sensa\u00e7\u00f5es de ang\u00fastia, sentimentos de n\u00e3o pertencimento, dificuldades para se relacionar com as pessoas e desinteresse nas atividades cotidianas.<\/p>\n\n\n\n<p>\u00c9 importante destacar que nem todo sintoma f\u00edsico requer tratamento. Algumas respostas reacionais, no entanto, s\u00e3o condizentes com o momento que a popula\u00e7\u00e3o mundial tem passado. Mas vale lembrar que o sofrimento n\u00e3o tratado pode evoluir para a evolu\u00e7\u00e3o dos sintomas.<\/p>\n\n\n\n<p>O Janeiro Branco, em tempos de pandemia, assume import\u00e2ncia ainda maior no processo de conscientiza\u00e7\u00e3o das doen\u00e7as psicol\u00f3gicas. O bem-estar emocional \u00e9 um dos componentes para um estado de equil\u00edbrio e felicidade. Esse bem-estar pode ser estimulado e aprimorado, mesmo diante de mudan\u00e7as e desafios. O ano de 2021 abre caminho para as mudan\u00e7as. Um ano novo, com novas perspectivas, que j\u00e1 come\u00e7a com a boa not\u00edcia de vacinas contra a Covid-19. Esperan\u00e7a \u00e9 a palavra do recome\u00e7o.&nbsp;<\/p>\n\n\n\n<p><br><strong><em>Alessandra Barcelos Menezes, psic\u00f3loga da Funda\u00e7\u00e3o S\u00e3o Francisco Xavier<\/em><\/strong><\/p>\n","protected":false},"excerpt":{"rendered":"<p>O primeiro m\u00eas do ano, geralmente marcado por um per\u00edodo de reflex\u00f5es, planejamentos e metas, \u00e9 tamb\u00e9m o m\u00eas da Campanha Janeiro Branco, que convida a popula\u00e7\u00e3o a discutir a import\u00e2ncia do cuidado com a sa\u00fade mental em busca de mais felicidade e qualidade de vida. A depress\u00e3o \u00e9 um dos grandes males do nosso [&hellip;]<\/p>\n","protected":false},"author":2,"featured_media":0,"comment_status":"open","ping_status":"open","sticky":false,"template":"","format":"standard","meta":{"_acf_changed":false,"site-sidebar-layout":"default","site-content-layout":"","ast-site-content-layout":"default","site-content-style":"default","site-sidebar-style":"default","ast-global-header-display":"","ast-banner-title-visibility":"","ast-main-header-display":"","ast-hfb-above-header-display":"","ast-hfb-below-header-display":"","ast-hfb-mobile-header-display":"","site-post-title":"","ast-breadcrumbs-content":"","ast-featured-img":"","footer-sml-layout":"","theme-transparent-header-meta":"","adv-header-id-meta":"","stick-header-meta":"","header-above-stick-meta":"","header-main-stick-meta":"","header-below-stick-meta":"","astra-migrate-meta-layouts":"default","ast-page-background-enabled":"default","ast-page-background-meta":{"desktop":{"background-color":"var(--ast-global-color-4)","background-image":"","background-repeat":"repeat","background-position":"center center","background-size":"auto","background-attachment":"scroll","background-type":"","background-media":"","overlay-type":"","overlay-color":"","overlay-opacity":"","overlay-gradient":""},"tablet":{"background-color":"","background-image":"","background-repeat":"repeat","background-position":"center center","background-size":"auto","background-attachment":"scroll","background-type":"","background-media":"","overlay-type":"","overlay-color":"","overlay-opacity":"","overlay-gradient":""},"mobile":{"background-color":"","background-image":"","background-repeat":"repeat","background-position":"center center","background-size":"auto","background-attachment":"scroll","background-type":"","background-media":"","overlay-type":"","overlay-color":"","overlay-opacity":"","overlay-gradient":""}},"ast-content-background-meta":{"desktop":{"background-color":"var(--ast-global-color-5)","background-image":"","background-repeat":"repeat","background-position":"center center","background-size":"auto","background-attachment":"scroll","background-type":"","background-media":"","overlay-type":"","overlay-color":"","overlay-opacity":"","overlay-gradient":""},"tablet":{"background-color":"var(--ast-global-color-5)","background-image":"","background-repeat":"repeat","background-position":"center center","background-size":"auto","background-attachment":"scroll","background-type":"","background-media":"","overlay-type":"","overlay-color":"","overlay-opacity":"","overlay-gradient":""},"mobile":{"background-color":"var(--ast-global-color-5)","background-image":"","background-repeat":"repeat","background-position":"center center","background-size":"auto","background-attachment":"scroll","background-type":"","background-media":"","overlay-type":"","overlay-color":"","overlay-opacity":"","overlay-gradient":""}},"footnotes":""},"categories":[1],"tags":[],"class_list":["post-628","post","type-post","status-publish","format-standard","hentry","category-noticias"],"acf":[],"yoast_head":"<!-- This site is optimized with the Yoast SEO plugin v26.9 - https:\/\/yoast.com\/product\/yoast-seo-wordpress\/ -->\n<title>JANEIRO BRANCO ALERTA PARA A SA\u00daDE MENTAL EM TEMPOS DE PANDEMIA - Usisa\u00fade<\/title>\n<meta name=\"robots\" content=\"index, follow, max-snippet:-1, max-image-preview:large, max-video-preview:-1\" \/>\n<link rel=\"canonical\" href=\"https:\/\/www.fsfx.com.br\/usisaude\/janeiro-branco-alerta-para-a-saude-mental-em-tempos-de-pandemia\/\" \/>\n<meta property=\"og:locale\" content=\"pt_BR\" \/>\n<meta property=\"og:type\" content=\"article\" \/>\n<meta property=\"og:title\" content=\"JANEIRO BRANCO ALERTA PARA A SA\u00daDE MENTAL EM TEMPOS DE PANDEMIA - Usisa\u00fade\" \/>\n<meta property=\"og:description\" content=\"O primeiro m\u00eas do ano, geralmente marcado por um per\u00edodo de reflex\u00f5es, planejamentos e metas, \u00e9 tamb\u00e9m o m\u00eas da Campanha Janeiro Branco, que convida a popula\u00e7\u00e3o a discutir a import\u00e2ncia do cuidado com a sa\u00fade mental em busca de mais felicidade e qualidade de vida. A depress\u00e3o \u00e9 um dos grandes males do nosso [&hellip;]\" \/>\n<meta property=\"og:url\" content=\"https:\/\/www.fsfx.com.br\/usisaude\/janeiro-branco-alerta-para-a-saude-mental-em-tempos-de-pandemia\/\" \/>\n<meta property=\"og:site_name\" content=\"Usisa\u00fade\" \/>\n<meta property=\"article:published_time\" content=\"2021-01-08T15:11:36+00:00\" \/>\n<meta property=\"article:modified_time\" content=\"2024-09-12T18:07:49+00:00\" \/>\n<meta name=\"author\" content=\"claudio\" \/>\n<meta name=\"twitter:card\" content=\"summary_large_image\" \/>\n<meta name=\"twitter:label1\" content=\"Escrito por\" \/>\n\t<meta name=\"twitter:data1\" content=\"claudio\" \/>\n\t<meta name=\"twitter:label2\" content=\"Est. tempo de leitura\" \/>\n\t<meta name=\"twitter:data2\" content=\"3 minutos\" \/>\n<script type=\"application\/ld+json\" class=\"yoast-schema-graph\">{\"@context\":\"https:\/\/schema.org\",\"@graph\":[{\"@type\":\"Article\",\"@id\":\"https:\/\/www.fsfx.com.br\/usisaude\/janeiro-branco-alerta-para-a-saude-mental-em-tempos-de-pandemia\/#article\",\"isPartOf\":{\"@id\":\"https:\/\/www.fsfx.com.br\/usisaude\/janeiro-branco-alerta-para-a-saude-mental-em-tempos-de-pandemia\/\"},\"author\":{\"name\":\"claudio\",\"@id\":\"https:\/\/www.fsfx.com.br\/usisaude\/#\/schema\/person\/7d2372fe1973398ab20a060bbb9a87d8\"},\"headline\":\"JANEIRO BRANCO ALERTA PARA A SA\u00daDE MENTAL EM TEMPOS DE PANDEMIA\",\"datePublished\":\"2021-01-08T15:11:36+00:00\",\"dateModified\":\"2024-09-12T18:07:49+00:00\",\"mainEntityOfPage\":{\"@id\":\"https:\/\/www.fsfx.com.br\/usisaude\/janeiro-branco-alerta-para-a-saude-mental-em-tempos-de-pandemia\/\"},\"wordCount\":617,\"commentCount\":0,\"publisher\":{\"@id\":\"https:\/\/www.fsfx.com.br\/usisaude\/#organization\"},\"articleSection\":[\"Not\u00edcias\"],\"inLanguage\":\"pt-BR\",\"potentialAction\":[{\"@type\":\"CommentAction\",\"name\":\"Comment\",\"target\":[\"https:\/\/www.fsfx.com.br\/usisaude\/janeiro-branco-alerta-para-a-saude-mental-em-tempos-de-pandemia\/#respond\"]}]},{\"@type\":\"WebPage\",\"@id\":\"https:\/\/www.fsfx.com.br\/usisaude\/janeiro-branco-alerta-para-a-saude-mental-em-tempos-de-pandemia\/\",\"url\":\"https:\/\/www.fsfx.com.br\/usisaude\/janeiro-branco-alerta-para-a-saude-mental-em-tempos-de-pandemia\/\",\"name\":\"JANEIRO BRANCO ALERTA PARA A SA\u00daDE MENTAL EM TEMPOS DE PANDEMIA - Usisa\u00fade\",\"isPartOf\":{\"@id\":\"https:\/\/www.fsfx.com.br\/usisaude\/#website\"},\"datePublished\":\"2021-01-08T15:11:36+00:00\",\"dateModified\":\"2024-09-12T18:07:49+00:00\",\"breadcrumb\":{\"@id\":\"https:\/\/www.fsfx.com.br\/usisaude\/janeiro-branco-alerta-para-a-saude-mental-em-tempos-de-pandemia\/#breadcrumb\"},\"inLanguage\":\"pt-BR\",\"potentialAction\":[{\"@type\":\"ReadAction\",\"target\":[\"https:\/\/www.fsfx.com.br\/usisaude\/janeiro-branco-alerta-para-a-saude-mental-em-tempos-de-pandemia\/\"]}]},{\"@type\":\"BreadcrumbList\",\"@id\":\"https:\/\/www.fsfx.com.br\/usisaude\/janeiro-branco-alerta-para-a-saude-mental-em-tempos-de-pandemia\/#breadcrumb\",\"itemListElement\":[{\"@type\":\"ListItem\",\"position\":1,\"name\":\"In\u00edcio\",\"item\":\"https:\/\/www.fsfx.com.br\/usisaude\/\"},{\"@type\":\"ListItem\",\"position\":2,\"name\":\"JANEIRO BRANCO ALERTA PARA A SA\u00daDE MENTAL EM TEMPOS DE PANDEMIA\"}]},{\"@type\":\"WebSite\",\"@id\":\"https:\/\/www.fsfx.com.br\/usisaude\/#website\",\"url\":\"https:\/\/www.fsfx.com.br\/usisaude\/\",\"name\":\"Usisa\u00fade\",\"description\":\"Somos a Usisa\u00fade, uma operadora de planos de sa\u00fade da Funda\u00e7\u00e3o S\u00e3o Francisco Xavier (FSFX), a maior em modalidade filantr\u00f3pica do pa\u00eds.\",\"publisher\":{\"@id\":\"https:\/\/www.fsfx.com.br\/usisaude\/#organization\"},\"potentialAction\":[{\"@type\":\"SearchAction\",\"target\":{\"@type\":\"EntryPoint\",\"urlTemplate\":\"https:\/\/www.fsfx.com.br\/usisaude\/?s={search_term_string}\"},\"query-input\":{\"@type\":\"PropertyValueSpecification\",\"valueRequired\":true,\"valueName\":\"search_term_string\"}}],\"inLanguage\":\"pt-BR\"},{\"@type\":\"Organization\",\"@id\":\"https:\/\/www.fsfx.com.br\/usisaude\/#organization\",\"name\":\"Usisa\u00fade\",\"url\":\"https:\/\/www.fsfx.com.br\/usisaude\/\",\"logo\":{\"@type\":\"ImageObject\",\"inLanguage\":\"pt-BR\",\"@id\":\"https:\/\/www.fsfx.com.br\/usisaude\/#\/schema\/logo\/image\/\",\"url\":\"https:\/\/www.fsfx.com.br\/usisaude\/wp-content\/uploads\/sites\/6\/2022\/03\/logo-ususaude-1.svg\",\"contentUrl\":\"https:\/\/www.fsfx.com.br\/usisaude\/wp-content\/uploads\/sites\/6\/2022\/03\/logo-ususaude-1.svg\",\"width\":445,\"height\":196,\"caption\":\"Usisa\u00fade\"},\"image\":{\"@id\":\"https:\/\/www.fsfx.com.br\/usisaude\/#\/schema\/logo\/image\/\"}},{\"@type\":\"Person\",\"@id\":\"https:\/\/www.fsfx.com.br\/usisaude\/#\/schema\/person\/7d2372fe1973398ab20a060bbb9a87d8\",\"name\":\"claudio\",\"image\":{\"@type\":\"ImageObject\",\"inLanguage\":\"pt-BR\",\"@id\":\"https:\/\/www.fsfx.com.br\/usisaude\/#\/schema\/person\/image\/\",\"url\":\"https:\/\/secure.gravatar.com\/avatar\/724caacf0f2f073275cb3689c577e73e87e40150b1ffd648a67445e75aa7ff03?s=96&d=mm&r=g\",\"contentUrl\":\"https:\/\/secure.gravatar.com\/avatar\/724caacf0f2f073275cb3689c577e73e87e40150b1ffd648a67445e75aa7ff03?s=96&d=mm&r=g\",\"caption\":\"claudio\"},\"url\":\"https:\/\/www.fsfx.com.br\/usisaude\/author\/claudio\/\"}]}<\/script>\n<!-- \/ Yoast SEO plugin. -->","yoast_head_json":{"title":"JANEIRO BRANCO ALERTA PARA A SA\u00daDE MENTAL EM TEMPOS DE PANDEMIA - Usisa\u00fade","robots":{"index":"index","follow":"follow","max-snippet":"max-snippet:-1","max-image-preview":"max-image-preview:large","max-video-preview":"max-video-preview:-1"},"canonical":"https:\/\/www.fsfx.com.br\/usisaude\/janeiro-branco-alerta-para-a-saude-mental-em-tempos-de-pandemia\/","og_locale":"pt_BR","og_type":"article","og_title":"JANEIRO BRANCO ALERTA PARA A SA\u00daDE MENTAL EM TEMPOS DE PANDEMIA - Usisa\u00fade","og_description":"O primeiro m\u00eas do ano, geralmente marcado por um per\u00edodo de reflex\u00f5es, planejamentos e metas, \u00e9 tamb\u00e9m o m\u00eas da Campanha Janeiro Branco, que convida a popula\u00e7\u00e3o a discutir a import\u00e2ncia do cuidado com a sa\u00fade mental em busca de mais felicidade e qualidade de vida. A depress\u00e3o \u00e9 um dos grandes males do nosso [&hellip;]","og_url":"https:\/\/www.fsfx.com.br\/usisaude\/janeiro-branco-alerta-para-a-saude-mental-em-tempos-de-pandemia\/","og_site_name":"Usisa\u00fade","article_published_time":"2021-01-08T15:11:36+00:00","article_modified_time":"2024-09-12T18:07:49+00:00","author":"claudio","twitter_card":"summary_large_image","twitter_misc":{"Escrito por":"claudio","Est. tempo de leitura":"3 minutos"},"schema":{"@context":"https:\/\/schema.org","@graph":[{"@type":"Article","@id":"https:\/\/www.fsfx.com.br\/usisaude\/janeiro-branco-alerta-para-a-saude-mental-em-tempos-de-pandemia\/#article","isPartOf":{"@id":"https:\/\/www.fsfx.com.br\/usisaude\/janeiro-branco-alerta-para-a-saude-mental-em-tempos-de-pandemia\/"},"author":{"name":"claudio","@id":"https:\/\/www.fsfx.com.br\/usisaude\/#\/schema\/person\/7d2372fe1973398ab20a060bbb9a87d8"},"headline":"JANEIRO BRANCO ALERTA PARA A SA\u00daDE MENTAL EM TEMPOS DE PANDEMIA","datePublished":"2021-01-08T15:11:36+00:00","dateModified":"2024-09-12T18:07:49+00:00","mainEntityOfPage":{"@id":"https:\/\/www.fsfx.com.br\/usisaude\/janeiro-branco-alerta-para-a-saude-mental-em-tempos-de-pandemia\/"},"wordCount":617,"commentCount":0,"publisher":{"@id":"https:\/\/www.fsfx.com.br\/usisaude\/#organization"},"articleSection":["Not\u00edcias"],"inLanguage":"pt-BR","potentialAction":[{"@type":"CommentAction","name":"Comment","target":["https:\/\/www.fsfx.com.br\/usisaude\/janeiro-branco-alerta-para-a-saude-mental-em-tempos-de-pandemia\/#respond"]}]},{"@type":"WebPage","@id":"https:\/\/www.fsfx.com.br\/usisaude\/janeiro-branco-alerta-para-a-saude-mental-em-tempos-de-pandemia\/","url":"https:\/\/www.fsfx.com.br\/usisaude\/janeiro-branco-alerta-para-a-saude-mental-em-tempos-de-pandemia\/","name":"JANEIRO BRANCO ALERTA PARA A SA\u00daDE MENTAL EM TEMPOS DE PANDEMIA - Usisa\u00fade","isPartOf":{"@id":"https:\/\/www.fsfx.com.br\/usisaude\/#website"},"datePublished":"2021-01-08T15:11:36+00:00","dateModified":"2024-09-12T18:07:49+00:00","breadcrumb":{"@id":"https:\/\/www.fsfx.com.br\/usisaude\/janeiro-branco-alerta-para-a-saude-mental-em-tempos-de-pandemia\/#breadcrumb"},"inLanguage":"pt-BR","potentialAction":[{"@type":"ReadAction","target":["https:\/\/www.fsfx.com.br\/usisaude\/janeiro-branco-alerta-para-a-saude-mental-em-tempos-de-pandemia\/"]}]},{"@type":"BreadcrumbList","@id":"https:\/\/www.fsfx.com.br\/usisaude\/janeiro-branco-alerta-para-a-saude-mental-em-tempos-de-pandemia\/#breadcrumb","itemListElement":[{"@type":"ListItem","position":1,"name":"In\u00edcio","item":"https:\/\/www.fsfx.com.br\/usisaude\/"},{"@type":"ListItem","position":2,"name":"JANEIRO BRANCO ALERTA PARA A SA\u00daDE MENTAL EM TEMPOS DE PANDEMIA"}]},{"@type":"WebSite","@id":"https:\/\/www.fsfx.com.br\/usisaude\/#website","url":"https:\/\/www.fsfx.com.br\/usisaude\/","name":"Usisa\u00fade","description":"Somos a Usisa\u00fade, uma operadora de planos de sa\u00fade da Funda\u00e7\u00e3o S\u00e3o Francisco Xavier (FSFX), a maior em modalidade filantr\u00f3pica do pa\u00eds.","publisher":{"@id":"https:\/\/www.fsfx.com.br\/usisaude\/#organization"},"potentialAction":[{"@type":"SearchAction","target":{"@type":"EntryPoint","urlTemplate":"https:\/\/www.fsfx.com.br\/usisaude\/?s={search_term_string}"},"query-input":{"@type":"PropertyValueSpecification","valueRequired":true,"valueName":"search_term_string"}}],"inLanguage":"pt-BR"},{"@type":"Organization","@id":"https:\/\/www.fsfx.com.br\/usisaude\/#organization","name":"Usisa\u00fade","url":"https:\/\/www.fsfx.com.br\/usisaude\/","logo":{"@type":"ImageObject","inLanguage":"pt-BR","@id":"https:\/\/www.fsfx.com.br\/usisaude\/#\/schema\/logo\/image\/","url":"https:\/\/www.fsfx.com.br\/usisaude\/wp-content\/uploads\/sites\/6\/2022\/03\/logo-ususaude-1.svg","contentUrl":"https:\/\/www.fsfx.com.br\/usisaude\/wp-content\/uploads\/sites\/6\/2022\/03\/logo-ususaude-1.svg","width":445,"height":196,"caption":"Usisa\u00fade"},"image":{"@id":"https:\/\/www.fsfx.com.br\/usisaude\/#\/schema\/logo\/image\/"}},{"@type":"Person","@id":"https:\/\/www.fsfx.com.br\/usisaude\/#\/schema\/person\/7d2372fe1973398ab20a060bbb9a87d8","name":"claudio","image":{"@type":"ImageObject","inLanguage":"pt-BR","@id":"https:\/\/www.fsfx.com.br\/usisaude\/#\/schema\/person\/image\/","url":"https:\/\/secure.gravatar.com\/avatar\/724caacf0f2f073275cb3689c577e73e87e40150b1ffd648a67445e75aa7ff03?s=96&d=mm&r=g","contentUrl":"https:\/\/secure.gravatar.com\/avatar\/724caacf0f2f073275cb3689c577e73e87e40150b1ffd648a67445e75aa7ff03?s=96&d=mm&r=g","caption":"claudio"},"url":"https:\/\/www.fsfx.com.br\/usisaude\/author\/claudio\/"}]}},"_links":{"self":[{"href":"https:\/\/www.fsfx.com.br\/usisaude\/wp-json\/wp\/v2\/posts\/628","targetHints":{"allow":["GET"]}}],"collection":[{"href":"https:\/\/www.fsfx.com.br\/usisaude\/wp-json\/wp\/v2\/posts"}],"about":[{"href":"https:\/\/www.fsfx.com.br\/usisaude\/wp-json\/wp\/v2\/types\/post"}],"author":[{"embeddable":true,"href":"https:\/\/www.fsfx.com.br\/usisaude\/wp-json\/wp\/v2\/users\/2"}],"replies":[{"embeddable":true,"href":"https:\/\/www.fsfx.com.br\/usisaude\/wp-json\/wp\/v2\/comments?post=628"}],"version-history":[{"count":1,"href":"https:\/\/www.fsfx.com.br\/usisaude\/wp-json\/wp\/v2\/posts\/628\/revisions"}],"predecessor-version":[{"id":10783,"href":"https:\/\/www.fsfx.com.br\/usisaude\/wp-json\/wp\/v2\/posts\/628\/revisions\/10783"}],"wp:attachment":[{"href":"https:\/\/www.fsfx.com.br\/usisaude\/wp-json\/wp\/v2\/media?parent=628"}],"wp:term":[{"taxonomy":"category","embeddable":true,"href":"https:\/\/www.fsfx.com.br\/usisaude\/wp-json\/wp\/v2\/categories?post=628"},{"taxonomy":"post_tag","embeddable":true,"href":"https:\/\/www.fsfx.com.br\/usisaude\/wp-json\/wp\/v2\/tags?post=628"}],"curies":[{"name":"wp","href":"https:\/\/api.w.org\/{rel}","templated":true}]}}