{"id":7620,"date":"2022-09-09T09:26:26","date_gmt":"2022-09-09T12:26:26","guid":{"rendered":"https:\/\/www.fsfx.com.br\/usisaude\/?p=7620"},"modified":"2024-09-12T15:07:38","modified_gmt":"2024-09-12T18:07:38","slug":"setembro-amarelo-129-milhoes-de-pessoas-desenvolveram-depressao-ou-ansiedade-durante-pandemia","status":"publish","type":"post","link":"https:\/\/www.fsfx.com.br\/usisaude\/setembro-amarelo-129-milhoes-de-pessoas-desenvolveram-depressao-ou-ansiedade-durante-pandemia\/","title":{"rendered":"Setembro Amarelo: 129 milh\u00f5es de pessoas desenvolveram depress\u00e3o ou ansiedade durante pandemia"},"content":{"rendered":"<p><em>Transtornos mentais, como depress\u00e3o e bipolaridade, s\u00e3o os principais fatores de risco para suic\u00eddios. Especialista fala sobre sinais de alerta que devem ser observados e como ajudar<\/em><\/p>\n<p><strong><em>\u00a0<\/em><\/strong><\/p>\n<p>As consequ\u00eancias da pandemia da covid-19 t\u00eam-se revelado preocupantes para a sa\u00fade mental da popula\u00e7\u00e3o. O Relat\u00f3rio Mundial de Sa\u00fade Mental de 2022, divulgado pela Organiza\u00e7\u00e3o Mundial da Sa\u00fade (OMS), revelou que, apenas no primeiro ano da pandemia, 53 milh\u00f5es de pessoas desenvolveram depress\u00e3o e 76 milh\u00f5es tiveram ansiedade, totalizando 129 milh\u00f5es, alta de 28% e 26% de incid\u00eancia desses transtornos.<\/p>\n<p>No Brasil, mais de 12 milh\u00f5es de pessoas sofrem de depress\u00e3o. O Setembro Amarelo, campanha de preven\u00e7\u00e3o ao suic\u00eddio, organizada pelo Conselho Federal de Medicina (CFM) e Associa\u00e7\u00e3o Brasileira de Psiquiatria, \u00e9 uma importante data para chamar a aten\u00e7\u00e3o para essa doen\u00e7a no pa\u00eds e no mundo.<\/p>\n<p>De acordo com a OMS, o suic\u00eddio \u00e9 a segunda principal causa de mortes entre indiv\u00edduos com idade entre 15 e 29 anos.\u00a0\u201cO suic\u00eddio \u00e9 um tema sens\u00edvel e uma triste realidade em nossa sociedade. A campanha Setembro Amarelo tem fundamental import\u00e2ncia na conscientiza\u00e7\u00e3o sobre o assunto e na promo\u00e7\u00e3o da informa\u00e7\u00e3o correta. E, principalmente, incentivar as pessoas que estejam passando por momentos dif\u00edceis a buscarem ajuda\u201d, comenta a psic\u00f3loga da Funda\u00e7\u00e3o S\u00e3o Francisco Xavier, Gabriela Pinheiro Reis.<\/p>\n<p><strong>Fatores de risco<\/strong><\/p>\n<p>As principais doen\u00e7as mentais associadas ao suic\u00eddio s\u00e3o a depress\u00e3o, a bipolaridade e a esquizofrenia. A depress\u00e3o existe em v\u00e1rios n\u00edveis, desde a mais leve \u00e0 mais grave. Entre os principais sintomas est\u00e3o: tristeza profunda, des\u00e2nimo (dificuldade em realizar tarefas cotidianas, como levantar da cama, tomar banho, trabalhar) desesperan\u00e7a e baixa autoestima.<\/p>\n<p>O transtorno da bipolaridade \u00e9 caracterizado pela altern\u00e2ncia de dois estados emocionais opostos, caracterizado por per\u00edodos de extrema tristeza ou intensa euforia, conhecido como mania. \u201cAcredita-se que, se n\u00e3o fosse a fase depressiva da bipolaridade, uma pessoa n\u00e3o teria tend\u00eancia suicida. Mas \u00e9 ao contr\u00e1rio. Na fase depressiva ela n\u00e3o tem for\u00e7as para isso. J\u00e1 na mania, ela adquire essa for\u00e7a vital\u201d, explica Gabriela Pinheiro.<\/p>\n<p>A esquizofrenia \u00e9 um dist\u00farbio da mente dividida e \u00e9 marcada por surtos em que o mundo real acaba substitu\u00eddo por del\u00edrios e alucina\u00e7\u00f5es. \u201cEla \u00e9 considerada um fator de risco para o autoexterm\u00ednio justamente pela quest\u00e3o de alucina\u00e7\u00f5es, del\u00edrios, quando o indiv\u00edduo ouve vozes ou v\u00ea coisas que podem leva-lo a cometer um ato fatal\u201d.<\/p>\n<p>Alguns sinais de alerta devem ser monitorados e observados com aten\u00e7\u00e3o. Um dos principais \u00e9 quem j\u00e1 passou por uma tentativa anterior, pois, quem j\u00e1 tentou uma vez, pode faz\u00ea-lo novamente.<\/p>\n<p>Outro sinal importante s\u00e3o as pessoas com discurso que remete\u00a0a um vazio existencial. S\u00e3o indiv\u00edduos que vivem dizendo frases como \u201ca vida n\u00e3o tem gra\u00e7a\u201d, \u201cn\u00e3o vejo sentido na minha exist\u00eancia\u201d, \u201ceu sou um peso para voc\u00eas\u201d. \u201cEsse tipo de discurso n\u00e3o deve ser ignorado por amigos e familiares\u201d, alerta a psic\u00f3loga.<\/p>\n<p><strong>Como ajudar<\/strong><\/p>\n<p>As doen\u00e7as mentais precisam ser encaradas sem preconceito. \u201cN\u00e3o \u00e9 frescura. Depress\u00e3o, bipolaridade e ansiedade s\u00e3o doen\u00e7as que devem ser diagnosticadas e tratadas o quanto antes\u201d, enfatiza a psic\u00f3loga\u00a0Gabriela Pinheiro.<\/p>\n<p>\u00c9 importante sempre manter uma rede de apoio, formada por amigos e familiares, \u00e9 a porta de entrada para outras medidas que devem ser tomadas. O pr\u00f3ximo passo \u00e9 procurar a ajuda de um especialista, o qual ter\u00e1 as ferramentas necess\u00e1rias para ajudar as pessoas com transtornos mentais.<\/p>\n<p>\u201c\u00c9 preciso ter esse olhar diferenciado, essa percep\u00e7\u00e3o de quando algu\u00e9m pr\u00f3ximo n\u00e3o est\u00e1 bem, est\u00e1 isolado, triste por muitos dias ou mesmo alternando entre tristeza e alegria. \u00c9 preciso ouvir sem julgamentos, se colocar \u00e0 disposi\u00e7\u00e3o de forma emp\u00e1tica, n\u00e3o desqualificar o discurso de dor do outro. \u00c9 importante falar que est\u00e1 do seu lado e que pode contar para o que precisar. S\u00e3o atitudes simples para ajudar quem precisa a buscar aux\u00edlio profissional\u201d, explica a psic\u00f3loga.<\/p>\n","protected":false},"excerpt":{"rendered":"<p>Transtornos mentais, como depress\u00e3o e bipolaridade, s\u00e3o os principais fatores de risco para suic\u00eddios. Especialista fala sobre sinais de alerta que devem ser observados e como ajudar \u00a0 As consequ\u00eancias da pandemia da covid-19 t\u00eam-se revelado preocupantes para a sa\u00fade mental da popula\u00e7\u00e3o. O Relat\u00f3rio Mundial de Sa\u00fade Mental de 2022, divulgado pela Organiza\u00e7\u00e3o Mundial [&hellip;]<\/p>\n","protected":false},"author":6,"featured_media":7621,"comment_status":"open","ping_status":"open","sticky":false,"template":"","format":"standard","meta":{"_acf_changed":false,"site-sidebar-layout":"default","site-content-layout":"","ast-site-content-layout":"default","site-content-style":"default","site-sidebar-style":"default","ast-global-header-display":"","ast-banner-title-visibility":"","ast-main-header-display":"","ast-hfb-above-header-display":"","ast-hfb-below-header-display":"","ast-hfb-mobile-header-display":"","site-post-title":"","ast-breadcrumbs-content":"","ast-featured-img":"","footer-sml-layout":"","theme-transparent-header-meta":"","adv-header-id-meta":"","stick-header-meta":"","header-above-stick-meta":"","header-main-stick-meta":"","header-below-stick-meta":"","astra-migrate-meta-layouts":"default","ast-page-background-enabled":"default","ast-page-background-meta":{"desktop":{"background-color":"var(--ast-global-color-4)","background-image":"","background-repeat":"repeat","background-position":"center center","background-size":"auto","background-attachment":"scroll","background-type":"","background-media":"","overlay-type":"","overlay-color":"","overlay-opacity":"","overlay-gradient":""},"tablet":{"background-color":"","background-image":"","background-repeat":"repeat","background-position":"center center","background-size":"auto","background-attachment":"scroll","background-type":"","background-media":"","overlay-type":"","overlay-color":"","overlay-opacity":"","overlay-gradient":""},"mobile":{"background-color":"","background-image":"","background-repeat":"repeat","background-position":"center center","background-size":"auto","background-attachment":"scroll","background-type":"","background-media":"","overlay-type":"","overlay-color":"","overlay-opacity":"","overlay-gradient":""}},"ast-content-background-meta":{"desktop":{"background-color":"var(--ast-global-color-5)","background-image":"","background-repeat":"repeat","background-position":"center center","background-size":"auto","background-attachment":"scroll","background-type":"","background-media":"","overlay-type":"","overlay-color":"","overlay-opacity":"","overlay-gradient":""},"tablet":{"background-color":"var(--ast-global-color-5)","background-image":"","background-repeat":"repeat","background-position":"center center","background-size":"auto","background-attachment":"scroll","background-type":"","background-media":"","overlay-type":"","overlay-color":"","overlay-opacity":"","overlay-gradient":""},"mobile":{"background-color":"var(--ast-global-color-5)","background-image":"","background-repeat":"repeat","background-position":"center center","background-size":"auto","background-attachment":"scroll","background-type":"","background-media":"","overlay-type":"","overlay-color":"","overlay-opacity":"","overlay-gradient":""}},"footnotes":""},"categories":[1],"tags":[],"class_list":["post-7620","post","type-post","status-publish","format-standard","has-post-thumbnail","hentry","category-noticias"],"acf":[],"yoast_head":"<!-- This site is optimized with the Yoast SEO plugin v26.9 - https:\/\/yoast.com\/product\/yoast-seo-wordpress\/ -->\n<title>Setembro Amarelo: 129 milh\u00f5es de pessoas desenvolveram depress\u00e3o ou ansiedade durante pandemia - Usisa\u00fade<\/title>\n<meta name=\"robots\" content=\"index, follow, max-snippet:-1, max-image-preview:large, max-video-preview:-1\" \/>\n<link rel=\"canonical\" href=\"https:\/\/www.fsfx.com.br\/usisaude\/setembro-amarelo-129-milhoes-de-pessoas-desenvolveram-depressao-ou-ansiedade-durante-pandemia\/\" \/>\n<meta property=\"og:locale\" content=\"pt_BR\" \/>\n<meta property=\"og:type\" content=\"article\" \/>\n<meta property=\"og:title\" content=\"Setembro Amarelo: 129 milh\u00f5es de pessoas desenvolveram depress\u00e3o ou ansiedade durante pandemia - Usisa\u00fade\" \/>\n<meta property=\"og:description\" content=\"Transtornos mentais, como depress\u00e3o e bipolaridade, s\u00e3o os principais fatores de risco para suic\u00eddios. Especialista fala sobre sinais de alerta que devem ser observados e como ajudar \u00a0 As consequ\u00eancias da pandemia da covid-19 t\u00eam-se revelado preocupantes para a sa\u00fade mental da popula\u00e7\u00e3o. O Relat\u00f3rio Mundial de Sa\u00fade Mental de 2022, divulgado pela Organiza\u00e7\u00e3o Mundial [&hellip;]\" \/>\n<meta property=\"og:url\" content=\"https:\/\/www.fsfx.com.br\/usisaude\/setembro-amarelo-129-milhoes-de-pessoas-desenvolveram-depressao-ou-ansiedade-durante-pandemia\/\" \/>\n<meta property=\"og:site_name\" content=\"Usisa\u00fade\" \/>\n<meta property=\"article:published_time\" content=\"2022-09-09T12:26:26+00:00\" \/>\n<meta property=\"article:modified_time\" content=\"2024-09-12T18:07:38+00:00\" \/>\n<meta property=\"og:image\" content=\"https:\/\/www.fsfx.com.br\/usisaude\/wp-content\/uploads\/sites\/6\/2022\/09\/setembro_amarelo_fsfx.jpg\" \/>\n\t<meta property=\"og:image:width\" content=\"1280\" \/>\n\t<meta property=\"og:image:height\" content=\"853\" \/>\n\t<meta property=\"og:image:type\" content=\"image\/jpeg\" \/>\n<meta name=\"author\" content=\"C\u00e1ssio Santana\" \/>\n<meta name=\"twitter:card\" content=\"summary_large_image\" \/>\n<meta name=\"twitter:label1\" content=\"Escrito por\" \/>\n\t<meta name=\"twitter:data1\" content=\"C\u00e1ssio Santana\" \/>\n\t<meta name=\"twitter:label2\" content=\"Est. tempo de leitura\" \/>\n\t<meta name=\"twitter:data2\" content=\"4 minutos\" \/>\n<script type=\"application\/ld+json\" class=\"yoast-schema-graph\">{\"@context\":\"https:\/\/schema.org\",\"@graph\":[{\"@type\":\"Article\",\"@id\":\"https:\/\/www.fsfx.com.br\/usisaude\/setembro-amarelo-129-milhoes-de-pessoas-desenvolveram-depressao-ou-ansiedade-durante-pandemia\/#article\",\"isPartOf\":{\"@id\":\"https:\/\/www.fsfx.com.br\/usisaude\/setembro-amarelo-129-milhoes-de-pessoas-desenvolveram-depressao-ou-ansiedade-durante-pandemia\/\"},\"author\":{\"name\":\"C\u00e1ssio Santana\",\"@id\":\"https:\/\/www.fsfx.com.br\/usisaude\/#\/schema\/person\/6bf2cced2b7a5d5d78f5610fc8f52504\"},\"headline\":\"Setembro Amarelo: 129 milh\u00f5es de pessoas desenvolveram depress\u00e3o ou ansiedade durante pandemia\",\"datePublished\":\"2022-09-09T12:26:26+00:00\",\"dateModified\":\"2024-09-12T18:07:38+00:00\",\"mainEntityOfPage\":{\"@id\":\"https:\/\/www.fsfx.com.br\/usisaude\/setembro-amarelo-129-milhoes-de-pessoas-desenvolveram-depressao-ou-ansiedade-durante-pandemia\/\"},\"wordCount\":713,\"commentCount\":0,\"publisher\":{\"@id\":\"https:\/\/www.fsfx.com.br\/usisaude\/#organization\"},\"image\":{\"@id\":\"https:\/\/www.fsfx.com.br\/usisaude\/setembro-amarelo-129-milhoes-de-pessoas-desenvolveram-depressao-ou-ansiedade-durante-pandemia\/#primaryimage\"},\"thumbnailUrl\":\"https:\/\/www.fsfx.com.br\/usisaude\/wp-content\/uploads\/sites\/6\/2022\/09\/setembro_amarelo_fsfx.jpg\",\"articleSection\":[\"Not\u00edcias\"],\"inLanguage\":\"pt-BR\",\"potentialAction\":[{\"@type\":\"CommentAction\",\"name\":\"Comment\",\"target\":[\"https:\/\/www.fsfx.com.br\/usisaude\/setembro-amarelo-129-milhoes-de-pessoas-desenvolveram-depressao-ou-ansiedade-durante-pandemia\/#respond\"]}]},{\"@type\":\"WebPage\",\"@id\":\"https:\/\/www.fsfx.com.br\/usisaude\/setembro-amarelo-129-milhoes-de-pessoas-desenvolveram-depressao-ou-ansiedade-durante-pandemia\/\",\"url\":\"https:\/\/www.fsfx.com.br\/usisaude\/setembro-amarelo-129-milhoes-de-pessoas-desenvolveram-depressao-ou-ansiedade-durante-pandemia\/\",\"name\":\"Setembro Amarelo: 129 milh\u00f5es de pessoas desenvolveram depress\u00e3o ou ansiedade durante pandemia - Usisa\u00fade\",\"isPartOf\":{\"@id\":\"https:\/\/www.fsfx.com.br\/usisaude\/#website\"},\"primaryImageOfPage\":{\"@id\":\"https:\/\/www.fsfx.com.br\/usisaude\/setembro-amarelo-129-milhoes-de-pessoas-desenvolveram-depressao-ou-ansiedade-durante-pandemia\/#primaryimage\"},\"image\":{\"@id\":\"https:\/\/www.fsfx.com.br\/usisaude\/setembro-amarelo-129-milhoes-de-pessoas-desenvolveram-depressao-ou-ansiedade-durante-pandemia\/#primaryimage\"},\"thumbnailUrl\":\"https:\/\/www.fsfx.com.br\/usisaude\/wp-content\/uploads\/sites\/6\/2022\/09\/setembro_amarelo_fsfx.jpg\",\"datePublished\":\"2022-09-09T12:26:26+00:00\",\"dateModified\":\"2024-09-12T18:07:38+00:00\",\"breadcrumb\":{\"@id\":\"https:\/\/www.fsfx.com.br\/usisaude\/setembro-amarelo-129-milhoes-de-pessoas-desenvolveram-depressao-ou-ansiedade-durante-pandemia\/#breadcrumb\"},\"inLanguage\":\"pt-BR\",\"potentialAction\":[{\"@type\":\"ReadAction\",\"target\":[\"https:\/\/www.fsfx.com.br\/usisaude\/setembro-amarelo-129-milhoes-de-pessoas-desenvolveram-depressao-ou-ansiedade-durante-pandemia\/\"]}]},{\"@type\":\"ImageObject\",\"inLanguage\":\"pt-BR\",\"@id\":\"https:\/\/www.fsfx.com.br\/usisaude\/setembro-amarelo-129-milhoes-de-pessoas-desenvolveram-depressao-ou-ansiedade-durante-pandemia\/#primaryimage\",\"url\":\"https:\/\/www.fsfx.com.br\/usisaude\/wp-content\/uploads\/sites\/6\/2022\/09\/setembro_amarelo_fsfx.jpg\",\"contentUrl\":\"https:\/\/www.fsfx.com.br\/usisaude\/wp-content\/uploads\/sites\/6\/2022\/09\/setembro_amarelo_fsfx.jpg\",\"width\":1280,\"height\":853},{\"@type\":\"BreadcrumbList\",\"@id\":\"https:\/\/www.fsfx.com.br\/usisaude\/setembro-amarelo-129-milhoes-de-pessoas-desenvolveram-depressao-ou-ansiedade-durante-pandemia\/#breadcrumb\",\"itemListElement\":[{\"@type\":\"ListItem\",\"position\":1,\"name\":\"In\u00edcio\",\"item\":\"https:\/\/www.fsfx.com.br\/usisaude\/\"},{\"@type\":\"ListItem\",\"position\":2,\"name\":\"Setembro Amarelo: 129 milh\u00f5es de pessoas desenvolveram depress\u00e3o ou ansiedade durante pandemia\"}]},{\"@type\":\"WebSite\",\"@id\":\"https:\/\/www.fsfx.com.br\/usisaude\/#website\",\"url\":\"https:\/\/www.fsfx.com.br\/usisaude\/\",\"name\":\"Usisa\u00fade\",\"description\":\"Somos a Usisa\u00fade, uma operadora de planos de sa\u00fade da Funda\u00e7\u00e3o S\u00e3o Francisco Xavier (FSFX), a maior em modalidade filantr\u00f3pica do pa\u00eds.\",\"publisher\":{\"@id\":\"https:\/\/www.fsfx.com.br\/usisaude\/#organization\"},\"potentialAction\":[{\"@type\":\"SearchAction\",\"target\":{\"@type\":\"EntryPoint\",\"urlTemplate\":\"https:\/\/www.fsfx.com.br\/usisaude\/?s={search_term_string}\"},\"query-input\":{\"@type\":\"PropertyValueSpecification\",\"valueRequired\":true,\"valueName\":\"search_term_string\"}}],\"inLanguage\":\"pt-BR\"},{\"@type\":\"Organization\",\"@id\":\"https:\/\/www.fsfx.com.br\/usisaude\/#organization\",\"name\":\"Usisa\u00fade\",\"url\":\"https:\/\/www.fsfx.com.br\/usisaude\/\",\"logo\":{\"@type\":\"ImageObject\",\"inLanguage\":\"pt-BR\",\"@id\":\"https:\/\/www.fsfx.com.br\/usisaude\/#\/schema\/logo\/image\/\",\"url\":\"https:\/\/www.fsfx.com.br\/usisaude\/wp-content\/uploads\/sites\/6\/2022\/03\/logo-ususaude-1.svg\",\"contentUrl\":\"https:\/\/www.fsfx.com.br\/usisaude\/wp-content\/uploads\/sites\/6\/2022\/03\/logo-ususaude-1.svg\",\"width\":445,\"height\":196,\"caption\":\"Usisa\u00fade\"},\"image\":{\"@id\":\"https:\/\/www.fsfx.com.br\/usisaude\/#\/schema\/logo\/image\/\"}},{\"@type\":\"Person\",\"@id\":\"https:\/\/www.fsfx.com.br\/usisaude\/#\/schema\/person\/6bf2cced2b7a5d5d78f5610fc8f52504\",\"name\":\"C\u00e1ssio Santana\",\"image\":{\"@type\":\"ImageObject\",\"inLanguage\":\"pt-BR\",\"@id\":\"https:\/\/www.fsfx.com.br\/usisaude\/#\/schema\/person\/image\/\",\"url\":\"https:\/\/secure.gravatar.com\/avatar\/ef79739de3edd2f5c2e7c4930b0808c62af99fc5520eaadc7899948f8bc6d2e1?s=96&d=mm&r=g\",\"contentUrl\":\"https:\/\/secure.gravatar.com\/avatar\/ef79739de3edd2f5c2e7c4930b0808c62af99fc5520eaadc7899948f8bc6d2e1?s=96&d=mm&r=g\",\"caption\":\"C\u00e1ssio Santana\"},\"url\":\"https:\/\/www.fsfx.com.br\/usisaude\/author\/cassio\/\"}]}<\/script>\n<!-- \/ Yoast SEO plugin. -->","yoast_head_json":{"title":"Setembro Amarelo: 129 milh\u00f5es de pessoas desenvolveram depress\u00e3o ou ansiedade durante pandemia - Usisa\u00fade","robots":{"index":"index","follow":"follow","max-snippet":"max-snippet:-1","max-image-preview":"max-image-preview:large","max-video-preview":"max-video-preview:-1"},"canonical":"https:\/\/www.fsfx.com.br\/usisaude\/setembro-amarelo-129-milhoes-de-pessoas-desenvolveram-depressao-ou-ansiedade-durante-pandemia\/","og_locale":"pt_BR","og_type":"article","og_title":"Setembro Amarelo: 129 milh\u00f5es de pessoas desenvolveram depress\u00e3o ou ansiedade durante pandemia - Usisa\u00fade","og_description":"Transtornos mentais, como depress\u00e3o e bipolaridade, s\u00e3o os principais fatores de risco para suic\u00eddios. Especialista fala sobre sinais de alerta que devem ser observados e como ajudar \u00a0 As consequ\u00eancias da pandemia da covid-19 t\u00eam-se revelado preocupantes para a sa\u00fade mental da popula\u00e7\u00e3o. O Relat\u00f3rio Mundial de Sa\u00fade Mental de 2022, divulgado pela Organiza\u00e7\u00e3o Mundial [&hellip;]","og_url":"https:\/\/www.fsfx.com.br\/usisaude\/setembro-amarelo-129-milhoes-de-pessoas-desenvolveram-depressao-ou-ansiedade-durante-pandemia\/","og_site_name":"Usisa\u00fade","article_published_time":"2022-09-09T12:26:26+00:00","article_modified_time":"2024-09-12T18:07:38+00:00","og_image":[{"width":1280,"height":853,"url":"https:\/\/www.fsfx.com.br\/usisaude\/wp-content\/uploads\/sites\/6\/2022\/09\/setembro_amarelo_fsfx.jpg","type":"image\/jpeg"}],"author":"C\u00e1ssio Santana","twitter_card":"summary_large_image","twitter_misc":{"Escrito por":"C\u00e1ssio Santana","Est. tempo de leitura":"4 minutos"},"schema":{"@context":"https:\/\/schema.org","@graph":[{"@type":"Article","@id":"https:\/\/www.fsfx.com.br\/usisaude\/setembro-amarelo-129-milhoes-de-pessoas-desenvolveram-depressao-ou-ansiedade-durante-pandemia\/#article","isPartOf":{"@id":"https:\/\/www.fsfx.com.br\/usisaude\/setembro-amarelo-129-milhoes-de-pessoas-desenvolveram-depressao-ou-ansiedade-durante-pandemia\/"},"author":{"name":"C\u00e1ssio Santana","@id":"https:\/\/www.fsfx.com.br\/usisaude\/#\/schema\/person\/6bf2cced2b7a5d5d78f5610fc8f52504"},"headline":"Setembro Amarelo: 129 milh\u00f5es de pessoas desenvolveram depress\u00e3o ou ansiedade durante pandemia","datePublished":"2022-09-09T12:26:26+00:00","dateModified":"2024-09-12T18:07:38+00:00","mainEntityOfPage":{"@id":"https:\/\/www.fsfx.com.br\/usisaude\/setembro-amarelo-129-milhoes-de-pessoas-desenvolveram-depressao-ou-ansiedade-durante-pandemia\/"},"wordCount":713,"commentCount":0,"publisher":{"@id":"https:\/\/www.fsfx.com.br\/usisaude\/#organization"},"image":{"@id":"https:\/\/www.fsfx.com.br\/usisaude\/setembro-amarelo-129-milhoes-de-pessoas-desenvolveram-depressao-ou-ansiedade-durante-pandemia\/#primaryimage"},"thumbnailUrl":"https:\/\/www.fsfx.com.br\/usisaude\/wp-content\/uploads\/sites\/6\/2022\/09\/setembro_amarelo_fsfx.jpg","articleSection":["Not\u00edcias"],"inLanguage":"pt-BR","potentialAction":[{"@type":"CommentAction","name":"Comment","target":["https:\/\/www.fsfx.com.br\/usisaude\/setembro-amarelo-129-milhoes-de-pessoas-desenvolveram-depressao-ou-ansiedade-durante-pandemia\/#respond"]}]},{"@type":"WebPage","@id":"https:\/\/www.fsfx.com.br\/usisaude\/setembro-amarelo-129-milhoes-de-pessoas-desenvolveram-depressao-ou-ansiedade-durante-pandemia\/","url":"https:\/\/www.fsfx.com.br\/usisaude\/setembro-amarelo-129-milhoes-de-pessoas-desenvolveram-depressao-ou-ansiedade-durante-pandemia\/","name":"Setembro Amarelo: 129 milh\u00f5es de pessoas desenvolveram depress\u00e3o ou ansiedade durante pandemia - Usisa\u00fade","isPartOf":{"@id":"https:\/\/www.fsfx.com.br\/usisaude\/#website"},"primaryImageOfPage":{"@id":"https:\/\/www.fsfx.com.br\/usisaude\/setembro-amarelo-129-milhoes-de-pessoas-desenvolveram-depressao-ou-ansiedade-durante-pandemia\/#primaryimage"},"image":{"@id":"https:\/\/www.fsfx.com.br\/usisaude\/setembro-amarelo-129-milhoes-de-pessoas-desenvolveram-depressao-ou-ansiedade-durante-pandemia\/#primaryimage"},"thumbnailUrl":"https:\/\/www.fsfx.com.br\/usisaude\/wp-content\/uploads\/sites\/6\/2022\/09\/setembro_amarelo_fsfx.jpg","datePublished":"2022-09-09T12:26:26+00:00","dateModified":"2024-09-12T18:07:38+00:00","breadcrumb":{"@id":"https:\/\/www.fsfx.com.br\/usisaude\/setembro-amarelo-129-milhoes-de-pessoas-desenvolveram-depressao-ou-ansiedade-durante-pandemia\/#breadcrumb"},"inLanguage":"pt-BR","potentialAction":[{"@type":"ReadAction","target":["https:\/\/www.fsfx.com.br\/usisaude\/setembro-amarelo-129-milhoes-de-pessoas-desenvolveram-depressao-ou-ansiedade-durante-pandemia\/"]}]},{"@type":"ImageObject","inLanguage":"pt-BR","@id":"https:\/\/www.fsfx.com.br\/usisaude\/setembro-amarelo-129-milhoes-de-pessoas-desenvolveram-depressao-ou-ansiedade-durante-pandemia\/#primaryimage","url":"https:\/\/www.fsfx.com.br\/usisaude\/wp-content\/uploads\/sites\/6\/2022\/09\/setembro_amarelo_fsfx.jpg","contentUrl":"https:\/\/www.fsfx.com.br\/usisaude\/wp-content\/uploads\/sites\/6\/2022\/09\/setembro_amarelo_fsfx.jpg","width":1280,"height":853},{"@type":"BreadcrumbList","@id":"https:\/\/www.fsfx.com.br\/usisaude\/setembro-amarelo-129-milhoes-de-pessoas-desenvolveram-depressao-ou-ansiedade-durante-pandemia\/#breadcrumb","itemListElement":[{"@type":"ListItem","position":1,"name":"In\u00edcio","item":"https:\/\/www.fsfx.com.br\/usisaude\/"},{"@type":"ListItem","position":2,"name":"Setembro Amarelo: 129 milh\u00f5es de pessoas desenvolveram depress\u00e3o ou ansiedade durante pandemia"}]},{"@type":"WebSite","@id":"https:\/\/www.fsfx.com.br\/usisaude\/#website","url":"https:\/\/www.fsfx.com.br\/usisaude\/","name":"Usisa\u00fade","description":"Somos a Usisa\u00fade, uma operadora de planos de sa\u00fade da Funda\u00e7\u00e3o S\u00e3o Francisco Xavier (FSFX), a maior em modalidade filantr\u00f3pica do pa\u00eds.","publisher":{"@id":"https:\/\/www.fsfx.com.br\/usisaude\/#organization"},"potentialAction":[{"@type":"SearchAction","target":{"@type":"EntryPoint","urlTemplate":"https:\/\/www.fsfx.com.br\/usisaude\/?s={search_term_string}"},"query-input":{"@type":"PropertyValueSpecification","valueRequired":true,"valueName":"search_term_string"}}],"inLanguage":"pt-BR"},{"@type":"Organization","@id":"https:\/\/www.fsfx.com.br\/usisaude\/#organization","name":"Usisa\u00fade","url":"https:\/\/www.fsfx.com.br\/usisaude\/","logo":{"@type":"ImageObject","inLanguage":"pt-BR","@id":"https:\/\/www.fsfx.com.br\/usisaude\/#\/schema\/logo\/image\/","url":"https:\/\/www.fsfx.com.br\/usisaude\/wp-content\/uploads\/sites\/6\/2022\/03\/logo-ususaude-1.svg","contentUrl":"https:\/\/www.fsfx.com.br\/usisaude\/wp-content\/uploads\/sites\/6\/2022\/03\/logo-ususaude-1.svg","width":445,"height":196,"caption":"Usisa\u00fade"},"image":{"@id":"https:\/\/www.fsfx.com.br\/usisaude\/#\/schema\/logo\/image\/"}},{"@type":"Person","@id":"https:\/\/www.fsfx.com.br\/usisaude\/#\/schema\/person\/6bf2cced2b7a5d5d78f5610fc8f52504","name":"C\u00e1ssio Santana","image":{"@type":"ImageObject","inLanguage":"pt-BR","@id":"https:\/\/www.fsfx.com.br\/usisaude\/#\/schema\/person\/image\/","url":"https:\/\/secure.gravatar.com\/avatar\/ef79739de3edd2f5c2e7c4930b0808c62af99fc5520eaadc7899948f8bc6d2e1?s=96&d=mm&r=g","contentUrl":"https:\/\/secure.gravatar.com\/avatar\/ef79739de3edd2f5c2e7c4930b0808c62af99fc5520eaadc7899948f8bc6d2e1?s=96&d=mm&r=g","caption":"C\u00e1ssio Santana"},"url":"https:\/\/www.fsfx.com.br\/usisaude\/author\/cassio\/"}]}},"_links":{"self":[{"href":"https:\/\/www.fsfx.com.br\/usisaude\/wp-json\/wp\/v2\/posts\/7620","targetHints":{"allow":["GET"]}}],"collection":[{"href":"https:\/\/www.fsfx.com.br\/usisaude\/wp-json\/wp\/v2\/posts"}],"about":[{"href":"https:\/\/www.fsfx.com.br\/usisaude\/wp-json\/wp\/v2\/types\/post"}],"author":[{"embeddable":true,"href":"https:\/\/www.fsfx.com.br\/usisaude\/wp-json\/wp\/v2\/users\/6"}],"replies":[{"embeddable":true,"href":"https:\/\/www.fsfx.com.br\/usisaude\/wp-json\/wp\/v2\/comments?post=7620"}],"version-history":[{"count":1,"href":"https:\/\/www.fsfx.com.br\/usisaude\/wp-json\/wp\/v2\/posts\/7620\/revisions"}],"predecessor-version":[{"id":10704,"href":"https:\/\/www.fsfx.com.br\/usisaude\/wp-json\/wp\/v2\/posts\/7620\/revisions\/10704"}],"wp:featuredmedia":[{"embeddable":true,"href":"https:\/\/www.fsfx.com.br\/usisaude\/wp-json\/wp\/v2\/media\/7621"}],"wp:attachment":[{"href":"https:\/\/www.fsfx.com.br\/usisaude\/wp-json\/wp\/v2\/media?parent=7620"}],"wp:term":[{"taxonomy":"category","embeddable":true,"href":"https:\/\/www.fsfx.com.br\/usisaude\/wp-json\/wp\/v2\/categories?post=7620"},{"taxonomy":"post_tag","embeddable":true,"href":"https:\/\/www.fsfx.com.br\/usisaude\/wp-json\/wp\/v2\/tags?post=7620"}],"curies":[{"name":"wp","href":"https:\/\/api.w.org\/{rel}","templated":true}]}}