{"id":7792,"date":"2022-10-18T09:57:09","date_gmt":"2022-10-18T12:57:09","guid":{"rendered":"https:\/\/www.fsfx.com.br\/usisaude\/?p=7792"},"modified":"2024-09-12T15:07:38","modified_gmt":"2024-09-12T18:07:38","slug":"prevencao-de-quedas-2","status":"publish","type":"post","link":"https:\/\/www.fsfx.com.br\/usisaude\/prevencao-de-quedas-2\/","title":{"rendered":"Preven\u00e7\u00e3o de quedas"},"content":{"rendered":"<p>As quedas em idosos s\u00e3o consideradas um problema de sa\u00fade p\u00fablica, devido \u00e0 frequ\u00eancia, morbidade e alto custo, associados \u00e0s les\u00f5es provocadas. As principais consequ\u00eancias s\u00e3o fraturas, traumatismo craniano contus\u00e3o muscular e medo de cair. Embora n\u00e3o seja uma consequ\u00eancia inevit\u00e1vel do envelhecimento, a queda pode sinalizar o in\u00edcio de fragilidade ou indicar doen\u00e7a aguda.<\/p>\n<p>Saiba um pouco mais sobre fatores que podem predispor os idosos \u00e0s quedas e dicas de como prevenir.<\/p>\n<p>Saiba um pouco mais sobre fatores que podem predispor os idosos \u00e0s quedas e dicas de como prevenir.<\/p>\n<h3>Quais as poss\u00edveis causas?<\/h3>\n<p>As quedas s\u00e3o multifatoriais e podem estar relacionadas a causas f\u00edsicas, do pr\u00f3prio corpo, ou a inadequa\u00e7\u00f5es do ambiente em que se vive.<\/p>\n<p>Entre os fatores f\u00edsicos que contribuem para a ocorr\u00eancia dos acidentes est\u00e3o:<\/p>\n<ul>\n<li>Problemas oftalmol\u00f3gicos (da vis\u00e3o) como catarata e glaucoma (muito comuns em idosos);<\/li>\n<li>Doen\u00e7as neurol\u00f3gicas, como a Doen\u00e7a de Parkinson ou acidentes vasculares encef\u00e1licos (AVE);<\/li>\n<li>Uso de medicamentos para controle card\u00edaco, hipertens\u00e3o ou para dormir;<\/li>\n<li>Quadros de incontin\u00eancia urin\u00e1ria, que podem fazer com que o idoso levante-se com pressa e esbarre nos m\u00f3veis, principalmente \u00e0 noite;<\/li>\n<li>Vertigem e confus\u00e3o mental;<\/li>\n<li>Altera\u00e7\u00f5es posturais e de equil\u00edbrio, dist\u00farbios de marcha;<\/li>\n<li>Doen\u00e7as ortop\u00e9dicas, como osteoporose e artrose;<\/li>\n<li>Dificuldades associadas \u00e0 pr\u00f3pria idade, muitas vezes j\u00e1 avan\u00e7ada.<\/li>\n<\/ul>\n<h3>\u00c9 poss\u00edvel prevenir?<\/h3>\n<p>Com o intuito de minimizar as quedas e suas consequ\u00eancias, \u00e9 importante realizar exames e acompanhamento m\u00e9dico periodicamente. Al\u00e9m de inserir cuidados e pr\u00e1ticas simples, tais como:<\/p>\n<ul>\n<li>Modifica\u00e7\u00f5es e adapta\u00e7\u00f5es nos domic\u00edlios, como instala\u00e7\u00e3o de barras de apoio em banheiros, e corrim\u00e3o nas escadas ou rampas.<\/li>\n<li>Promo\u00e7\u00e3o da seguran\u00e7a fora do domic\u00edlio;<\/li>\n<li>Interven\u00e7\u00f5es multidisciplinares e de promo\u00e7\u00e3o da sa\u00fade, tanto para os idosos, quanto para os cuidadores;<\/li>\n<li>Pr\u00e1tica de exerc\u00edcios f\u00edsicos, para fortalecimento e melhorar do equil\u00edbrio, sempre com acompanhamento profissional, associada \u00e0 alimenta\u00e7\u00e3o adequada.<\/li>\n<\/ul>\n<p>Atente-se tamb\u00e9m aos cuidados com o local de perman\u00eancia do idoso e cal\u00e7ados, para prevenir a ocorr\u00eancia de acidentes:<\/p>\n<ul>\n<li>D\u00ea aten\u00e7\u00e3o ao piso da casa \u2013 n\u00e3o o deixe molhado ou encerado, tente substituir os pisos lisos por antiderrapantes, troque tacos soltos ou pisos quebrados e n\u00e3o permita que o idoso ande por cal\u00e7adas irregulares;<\/li>\n<li>Evite deixar fios, brinquedos, mesas e outros obst\u00e1culos espalhados pelo ch\u00e3o;<\/li>\n<li>Cuidado com tapetes soltos pela casa, eles podem deslizar e causar acidentes;<\/li>\n<li>Deixe uma luz acesa \u00e0 noite, para o caso de precisar se levantar;<\/li>\n<li>D\u00ea prefer\u00eancia a cal\u00e7ados fechados e com solado emborrachado, evite usar chinelos de flanela ou caminhar de meia sobre o piso escorregadio.<\/li>\n<\/ul>\n<p>\u00c9 importante ressaltar que os idosos que j\u00e1 sofreram algum tipo de queda acabam perdendo a confian\u00e7a, o que provoca, de certa forma, uma diminui\u00e7\u00e3o da funcionalidade e restri\u00e7\u00e3o das atividades cotidianas. Esse sentimento produz altera\u00e7\u00f5es emocionais, psicol\u00f3gicas e sociais. Portanto, a preven\u00e7\u00e3o \u00e9 muito importante, no sentido de minimizar problemas secund\u00e1rios decorrentes de quedas e promover maior qualidade de vida!<\/p>\n<p>Avalie sempre as melhores op\u00e7\u00f5es e deixe os ambientes mais seguros! Continue no blog e confira mais conte\u00fados sobre a terceira idade.<\/p>\n<p>&nbsp;<\/p>\n<h4>Refer\u00eancias:<\/h4>\n<p>MINIST\u00c9RIO DA SA\u00daDE. <strong>Como reduzir quedas nos idoso<\/strong>. Dispon\u00edvel em: https:\/\/www.into.saude.gov.br\/lista-dicas-dos-especialistas\/186-quedas-e-inflamacoes\/272-como-reduzir-quedas-no-idoso. Acesso em: 07 dez. 2020.<br \/>\nMINIST\u00c9RIO DA SA\u00daDE. <strong>Quedas em idosos: um problema de sa\u00fade p\u00fablica<\/strong>. Dispon\u00edvel em: http:\/\/www.blog.saude.gov.br\/index.php\/promocao-da-saude\/53685-quedas-em-idosos-um-problema-de-saude-publica. Acesso em: 07 dez. 2020.<\/p>\n<p>&nbsp;<\/p>\n","protected":false},"excerpt":{"rendered":"<p>As quedas em idosos s\u00e3o consideradas um problema de sa\u00fade p\u00fablica, devido \u00e0 frequ\u00eancia, morbidade e alto custo, associados \u00e0s les\u00f5es provocadas. As principais consequ\u00eancias s\u00e3o fraturas, traumatismo craniano contus\u00e3o muscular e medo de cair. Embora n\u00e3o seja uma consequ\u00eancia inevit\u00e1vel do envelhecimento, a queda pode sinalizar o in\u00edcio de fragilidade ou indicar doen\u00e7a aguda. [&hellip;]<\/p>\n","protected":false},"author":6,"featured_media":7794,"comment_status":"open","ping_status":"open","sticky":false,"template":"","format":"standard","meta":{"_acf_changed":false,"site-sidebar-layout":"default","site-content-layout":"","ast-site-content-layout":"default","site-content-style":"default","site-sidebar-style":"default","ast-global-header-display":"","ast-banner-title-visibility":"","ast-main-header-display":"","ast-hfb-above-header-display":"","ast-hfb-below-header-display":"","ast-hfb-mobile-header-display":"","site-post-title":"","ast-breadcrumbs-content":"","ast-featured-img":"","footer-sml-layout":"","theme-transparent-header-meta":"","adv-header-id-meta":"","stick-header-meta":"","header-above-stick-meta":"","header-main-stick-meta":"","header-below-stick-meta":"","astra-migrate-meta-layouts":"default","ast-page-background-enabled":"default","ast-page-background-meta":{"desktop":{"background-color":"var(--ast-global-color-4)","background-image":"","background-repeat":"repeat","background-position":"center center","background-size":"auto","background-attachment":"scroll","background-type":"","background-media":"","overlay-type":"","overlay-color":"","overlay-opacity":"","overlay-gradient":""},"tablet":{"background-color":"","background-image":"","background-repeat":"repeat","background-position":"center center","background-size":"auto","background-attachment":"scroll","background-type":"","background-media":"","overlay-type":"","overlay-color":"","overlay-opacity":"","overlay-gradient":""},"mobile":{"background-color":"","background-image":"","background-repeat":"repeat","background-position":"center center","background-size":"auto","background-attachment":"scroll","background-type":"","background-media":"","overlay-type":"","overlay-color":"","overlay-opacity":"","overlay-gradient":""}},"ast-content-background-meta":{"desktop":{"background-color":"var(--ast-global-color-5)","background-image":"","background-repeat":"repeat","background-position":"center center","background-size":"auto","background-attachment":"scroll","background-type":"","background-media":"","overlay-type":"","overlay-color":"","overlay-opacity":"","overlay-gradient":""},"tablet":{"background-color":"var(--ast-global-color-5)","background-image":"","background-repeat":"repeat","background-position":"center center","background-size":"auto","background-attachment":"scroll","background-type":"","background-media":"","overlay-type":"","overlay-color":"","overlay-opacity":"","overlay-gradient":""},"mobile":{"background-color":"var(--ast-global-color-5)","background-image":"","background-repeat":"repeat","background-position":"center center","background-size":"auto","background-attachment":"scroll","background-type":"","background-media":"","overlay-type":"","overlay-color":"","overlay-opacity":"","overlay-gradient":""}},"footnotes":""},"categories":[1],"tags":[],"class_list":["post-7792","post","type-post","status-publish","format-standard","has-post-thumbnail","hentry","category-noticias"],"acf":[],"yoast_head":"<!-- This site is optimized with the Yoast SEO plugin v26.9 - https:\/\/yoast.com\/product\/yoast-seo-wordpress\/ -->\n<title>Preven\u00e7\u00e3o de quedas - Usisa\u00fade<\/title>\n<meta name=\"robots\" content=\"index, follow, max-snippet:-1, max-image-preview:large, max-video-preview:-1\" \/>\n<link rel=\"canonical\" href=\"https:\/\/www.fsfx.com.br\/usisaude\/prevencao-de-quedas-2\/\" \/>\n<meta property=\"og:locale\" content=\"pt_BR\" \/>\n<meta property=\"og:type\" content=\"article\" \/>\n<meta property=\"og:title\" content=\"Preven\u00e7\u00e3o de quedas - Usisa\u00fade\" \/>\n<meta property=\"og:description\" content=\"As quedas em idosos s\u00e3o consideradas um problema de sa\u00fade p\u00fablica, devido \u00e0 frequ\u00eancia, morbidade e alto custo, associados \u00e0s les\u00f5es provocadas. As principais consequ\u00eancias s\u00e3o fraturas, traumatismo craniano contus\u00e3o muscular e medo de cair. Embora n\u00e3o seja uma consequ\u00eancia inevit\u00e1vel do envelhecimento, a queda pode sinalizar o in\u00edcio de fragilidade ou indicar doen\u00e7a aguda. [&hellip;]\" \/>\n<meta property=\"og:url\" content=\"https:\/\/www.fsfx.com.br\/usisaude\/prevencao-de-quedas-2\/\" \/>\n<meta property=\"og:site_name\" content=\"Usisa\u00fade\" \/>\n<meta property=\"article:published_time\" content=\"2022-10-18T12:57:09+00:00\" \/>\n<meta property=\"article:modified_time\" content=\"2024-09-12T18:07:38+00:00\" \/>\n<meta property=\"og:image\" content=\"https:\/\/www.fsfx.com.br\/usisaude\/wp-content\/uploads\/sites\/6\/2022\/10\/iStock-1159554106-1.jpg\" \/>\n\t<meta property=\"og:image:width\" content=\"724\" \/>\n\t<meta property=\"og:image:height\" content=\"483\" \/>\n\t<meta property=\"og:image:type\" content=\"image\/jpeg\" \/>\n<meta name=\"author\" content=\"C\u00e1ssio Santana\" \/>\n<meta name=\"twitter:card\" content=\"summary_large_image\" \/>\n<meta name=\"twitter:label1\" content=\"Escrito por\" \/>\n\t<meta name=\"twitter:data1\" content=\"C\u00e1ssio Santana\" \/>\n\t<meta name=\"twitter:label2\" content=\"Est. tempo de leitura\" \/>\n\t<meta name=\"twitter:data2\" content=\"3 minutos\" \/>\n<script type=\"application\/ld+json\" class=\"yoast-schema-graph\">{\"@context\":\"https:\/\/schema.org\",\"@graph\":[{\"@type\":\"Article\",\"@id\":\"https:\/\/www.fsfx.com.br\/usisaude\/prevencao-de-quedas-2\/#article\",\"isPartOf\":{\"@id\":\"https:\/\/www.fsfx.com.br\/usisaude\/prevencao-de-quedas-2\/\"},\"author\":{\"name\":\"C\u00e1ssio Santana\",\"@id\":\"https:\/\/www.fsfx.com.br\/usisaude\/#\/schema\/person\/6bf2cced2b7a5d5d78f5610fc8f52504\"},\"headline\":\"Preven\u00e7\u00e3o de quedas\",\"datePublished\":\"2022-10-18T12:57:09+00:00\",\"dateModified\":\"2024-09-12T18:07:38+00:00\",\"mainEntityOfPage\":{\"@id\":\"https:\/\/www.fsfx.com.br\/usisaude\/prevencao-de-quedas-2\/\"},\"wordCount\":632,\"commentCount\":0,\"publisher\":{\"@id\":\"https:\/\/www.fsfx.com.br\/usisaude\/#organization\"},\"image\":{\"@id\":\"https:\/\/www.fsfx.com.br\/usisaude\/prevencao-de-quedas-2\/#primaryimage\"},\"thumbnailUrl\":\"https:\/\/www.fsfx.com.br\/usisaude\/wp-content\/uploads\/sites\/6\/2022\/10\/iStock-1159554106-1.jpg\",\"articleSection\":[\"Not\u00edcias\"],\"inLanguage\":\"pt-BR\",\"potentialAction\":[{\"@type\":\"CommentAction\",\"name\":\"Comment\",\"target\":[\"https:\/\/www.fsfx.com.br\/usisaude\/prevencao-de-quedas-2\/#respond\"]}]},{\"@type\":\"WebPage\",\"@id\":\"https:\/\/www.fsfx.com.br\/usisaude\/prevencao-de-quedas-2\/\",\"url\":\"https:\/\/www.fsfx.com.br\/usisaude\/prevencao-de-quedas-2\/\",\"name\":\"Preven\u00e7\u00e3o de quedas - Usisa\u00fade\",\"isPartOf\":{\"@id\":\"https:\/\/www.fsfx.com.br\/usisaude\/#website\"},\"primaryImageOfPage\":{\"@id\":\"https:\/\/www.fsfx.com.br\/usisaude\/prevencao-de-quedas-2\/#primaryimage\"},\"image\":{\"@id\":\"https:\/\/www.fsfx.com.br\/usisaude\/prevencao-de-quedas-2\/#primaryimage\"},\"thumbnailUrl\":\"https:\/\/www.fsfx.com.br\/usisaude\/wp-content\/uploads\/sites\/6\/2022\/10\/iStock-1159554106-1.jpg\",\"datePublished\":\"2022-10-18T12:57:09+00:00\",\"dateModified\":\"2024-09-12T18:07:38+00:00\",\"breadcrumb\":{\"@id\":\"https:\/\/www.fsfx.com.br\/usisaude\/prevencao-de-quedas-2\/#breadcrumb\"},\"inLanguage\":\"pt-BR\",\"potentialAction\":[{\"@type\":\"ReadAction\",\"target\":[\"https:\/\/www.fsfx.com.br\/usisaude\/prevencao-de-quedas-2\/\"]}]},{\"@type\":\"ImageObject\",\"inLanguage\":\"pt-BR\",\"@id\":\"https:\/\/www.fsfx.com.br\/usisaude\/prevencao-de-quedas-2\/#primaryimage\",\"url\":\"https:\/\/www.fsfx.com.br\/usisaude\/wp-content\/uploads\/sites\/6\/2022\/10\/iStock-1159554106-1.jpg\",\"contentUrl\":\"https:\/\/www.fsfx.com.br\/usisaude\/wp-content\/uploads\/sites\/6\/2022\/10\/iStock-1159554106-1.jpg\",\"width\":724,\"height\":483},{\"@type\":\"BreadcrumbList\",\"@id\":\"https:\/\/www.fsfx.com.br\/usisaude\/prevencao-de-quedas-2\/#breadcrumb\",\"itemListElement\":[{\"@type\":\"ListItem\",\"position\":1,\"name\":\"In\u00edcio\",\"item\":\"https:\/\/www.fsfx.com.br\/usisaude\/\"},{\"@type\":\"ListItem\",\"position\":2,\"name\":\"Preven\u00e7\u00e3o de quedas\"}]},{\"@type\":\"WebSite\",\"@id\":\"https:\/\/www.fsfx.com.br\/usisaude\/#website\",\"url\":\"https:\/\/www.fsfx.com.br\/usisaude\/\",\"name\":\"Usisa\u00fade\",\"description\":\"Somos a Usisa\u00fade, uma operadora de planos de sa\u00fade da Funda\u00e7\u00e3o S\u00e3o Francisco Xavier (FSFX), a maior em modalidade filantr\u00f3pica do pa\u00eds.\",\"publisher\":{\"@id\":\"https:\/\/www.fsfx.com.br\/usisaude\/#organization\"},\"potentialAction\":[{\"@type\":\"SearchAction\",\"target\":{\"@type\":\"EntryPoint\",\"urlTemplate\":\"https:\/\/www.fsfx.com.br\/usisaude\/?s={search_term_string}\"},\"query-input\":{\"@type\":\"PropertyValueSpecification\",\"valueRequired\":true,\"valueName\":\"search_term_string\"}}],\"inLanguage\":\"pt-BR\"},{\"@type\":\"Organization\",\"@id\":\"https:\/\/www.fsfx.com.br\/usisaude\/#organization\",\"name\":\"Usisa\u00fade\",\"url\":\"https:\/\/www.fsfx.com.br\/usisaude\/\",\"logo\":{\"@type\":\"ImageObject\",\"inLanguage\":\"pt-BR\",\"@id\":\"https:\/\/www.fsfx.com.br\/usisaude\/#\/schema\/logo\/image\/\",\"url\":\"https:\/\/www.fsfx.com.br\/usisaude\/wp-content\/uploads\/sites\/6\/2022\/03\/logo-ususaude-1.svg\",\"contentUrl\":\"https:\/\/www.fsfx.com.br\/usisaude\/wp-content\/uploads\/sites\/6\/2022\/03\/logo-ususaude-1.svg\",\"width\":445,\"height\":196,\"caption\":\"Usisa\u00fade\"},\"image\":{\"@id\":\"https:\/\/www.fsfx.com.br\/usisaude\/#\/schema\/logo\/image\/\"}},{\"@type\":\"Person\",\"@id\":\"https:\/\/www.fsfx.com.br\/usisaude\/#\/schema\/person\/6bf2cced2b7a5d5d78f5610fc8f52504\",\"name\":\"C\u00e1ssio Santana\",\"image\":{\"@type\":\"ImageObject\",\"inLanguage\":\"pt-BR\",\"@id\":\"https:\/\/www.fsfx.com.br\/usisaude\/#\/schema\/person\/image\/\",\"url\":\"https:\/\/secure.gravatar.com\/avatar\/ef79739de3edd2f5c2e7c4930b0808c62af99fc5520eaadc7899948f8bc6d2e1?s=96&d=mm&r=g\",\"contentUrl\":\"https:\/\/secure.gravatar.com\/avatar\/ef79739de3edd2f5c2e7c4930b0808c62af99fc5520eaadc7899948f8bc6d2e1?s=96&d=mm&r=g\",\"caption\":\"C\u00e1ssio Santana\"},\"url\":\"https:\/\/www.fsfx.com.br\/usisaude\/author\/cassio\/\"}]}<\/script>\n<!-- \/ Yoast SEO plugin. -->","yoast_head_json":{"title":"Preven\u00e7\u00e3o de quedas - Usisa\u00fade","robots":{"index":"index","follow":"follow","max-snippet":"max-snippet:-1","max-image-preview":"max-image-preview:large","max-video-preview":"max-video-preview:-1"},"canonical":"https:\/\/www.fsfx.com.br\/usisaude\/prevencao-de-quedas-2\/","og_locale":"pt_BR","og_type":"article","og_title":"Preven\u00e7\u00e3o de quedas - Usisa\u00fade","og_description":"As quedas em idosos s\u00e3o consideradas um problema de sa\u00fade p\u00fablica, devido \u00e0 frequ\u00eancia, morbidade e alto custo, associados \u00e0s les\u00f5es provocadas. As principais consequ\u00eancias s\u00e3o fraturas, traumatismo craniano contus\u00e3o muscular e medo de cair. Embora n\u00e3o seja uma consequ\u00eancia inevit\u00e1vel do envelhecimento, a queda pode sinalizar o in\u00edcio de fragilidade ou indicar doen\u00e7a aguda. [&hellip;]","og_url":"https:\/\/www.fsfx.com.br\/usisaude\/prevencao-de-quedas-2\/","og_site_name":"Usisa\u00fade","article_published_time":"2022-10-18T12:57:09+00:00","article_modified_time":"2024-09-12T18:07:38+00:00","og_image":[{"width":724,"height":483,"url":"https:\/\/www.fsfx.com.br\/usisaude\/wp-content\/uploads\/sites\/6\/2022\/10\/iStock-1159554106-1.jpg","type":"image\/jpeg"}],"author":"C\u00e1ssio Santana","twitter_card":"summary_large_image","twitter_misc":{"Escrito por":"C\u00e1ssio Santana","Est. tempo de leitura":"3 minutos"},"schema":{"@context":"https:\/\/schema.org","@graph":[{"@type":"Article","@id":"https:\/\/www.fsfx.com.br\/usisaude\/prevencao-de-quedas-2\/#article","isPartOf":{"@id":"https:\/\/www.fsfx.com.br\/usisaude\/prevencao-de-quedas-2\/"},"author":{"name":"C\u00e1ssio Santana","@id":"https:\/\/www.fsfx.com.br\/usisaude\/#\/schema\/person\/6bf2cced2b7a5d5d78f5610fc8f52504"},"headline":"Preven\u00e7\u00e3o de quedas","datePublished":"2022-10-18T12:57:09+00:00","dateModified":"2024-09-12T18:07:38+00:00","mainEntityOfPage":{"@id":"https:\/\/www.fsfx.com.br\/usisaude\/prevencao-de-quedas-2\/"},"wordCount":632,"commentCount":0,"publisher":{"@id":"https:\/\/www.fsfx.com.br\/usisaude\/#organization"},"image":{"@id":"https:\/\/www.fsfx.com.br\/usisaude\/prevencao-de-quedas-2\/#primaryimage"},"thumbnailUrl":"https:\/\/www.fsfx.com.br\/usisaude\/wp-content\/uploads\/sites\/6\/2022\/10\/iStock-1159554106-1.jpg","articleSection":["Not\u00edcias"],"inLanguage":"pt-BR","potentialAction":[{"@type":"CommentAction","name":"Comment","target":["https:\/\/www.fsfx.com.br\/usisaude\/prevencao-de-quedas-2\/#respond"]}]},{"@type":"WebPage","@id":"https:\/\/www.fsfx.com.br\/usisaude\/prevencao-de-quedas-2\/","url":"https:\/\/www.fsfx.com.br\/usisaude\/prevencao-de-quedas-2\/","name":"Preven\u00e7\u00e3o de quedas - Usisa\u00fade","isPartOf":{"@id":"https:\/\/www.fsfx.com.br\/usisaude\/#website"},"primaryImageOfPage":{"@id":"https:\/\/www.fsfx.com.br\/usisaude\/prevencao-de-quedas-2\/#primaryimage"},"image":{"@id":"https:\/\/www.fsfx.com.br\/usisaude\/prevencao-de-quedas-2\/#primaryimage"},"thumbnailUrl":"https:\/\/www.fsfx.com.br\/usisaude\/wp-content\/uploads\/sites\/6\/2022\/10\/iStock-1159554106-1.jpg","datePublished":"2022-10-18T12:57:09+00:00","dateModified":"2024-09-12T18:07:38+00:00","breadcrumb":{"@id":"https:\/\/www.fsfx.com.br\/usisaude\/prevencao-de-quedas-2\/#breadcrumb"},"inLanguage":"pt-BR","potentialAction":[{"@type":"ReadAction","target":["https:\/\/www.fsfx.com.br\/usisaude\/prevencao-de-quedas-2\/"]}]},{"@type":"ImageObject","inLanguage":"pt-BR","@id":"https:\/\/www.fsfx.com.br\/usisaude\/prevencao-de-quedas-2\/#primaryimage","url":"https:\/\/www.fsfx.com.br\/usisaude\/wp-content\/uploads\/sites\/6\/2022\/10\/iStock-1159554106-1.jpg","contentUrl":"https:\/\/www.fsfx.com.br\/usisaude\/wp-content\/uploads\/sites\/6\/2022\/10\/iStock-1159554106-1.jpg","width":724,"height":483},{"@type":"BreadcrumbList","@id":"https:\/\/www.fsfx.com.br\/usisaude\/prevencao-de-quedas-2\/#breadcrumb","itemListElement":[{"@type":"ListItem","position":1,"name":"In\u00edcio","item":"https:\/\/www.fsfx.com.br\/usisaude\/"},{"@type":"ListItem","position":2,"name":"Preven\u00e7\u00e3o de quedas"}]},{"@type":"WebSite","@id":"https:\/\/www.fsfx.com.br\/usisaude\/#website","url":"https:\/\/www.fsfx.com.br\/usisaude\/","name":"Usisa\u00fade","description":"Somos a Usisa\u00fade, uma operadora de planos de sa\u00fade da Funda\u00e7\u00e3o S\u00e3o Francisco Xavier (FSFX), a maior em modalidade filantr\u00f3pica do pa\u00eds.","publisher":{"@id":"https:\/\/www.fsfx.com.br\/usisaude\/#organization"},"potentialAction":[{"@type":"SearchAction","target":{"@type":"EntryPoint","urlTemplate":"https:\/\/www.fsfx.com.br\/usisaude\/?s={search_term_string}"},"query-input":{"@type":"PropertyValueSpecification","valueRequired":true,"valueName":"search_term_string"}}],"inLanguage":"pt-BR"},{"@type":"Organization","@id":"https:\/\/www.fsfx.com.br\/usisaude\/#organization","name":"Usisa\u00fade","url":"https:\/\/www.fsfx.com.br\/usisaude\/","logo":{"@type":"ImageObject","inLanguage":"pt-BR","@id":"https:\/\/www.fsfx.com.br\/usisaude\/#\/schema\/logo\/image\/","url":"https:\/\/www.fsfx.com.br\/usisaude\/wp-content\/uploads\/sites\/6\/2022\/03\/logo-ususaude-1.svg","contentUrl":"https:\/\/www.fsfx.com.br\/usisaude\/wp-content\/uploads\/sites\/6\/2022\/03\/logo-ususaude-1.svg","width":445,"height":196,"caption":"Usisa\u00fade"},"image":{"@id":"https:\/\/www.fsfx.com.br\/usisaude\/#\/schema\/logo\/image\/"}},{"@type":"Person","@id":"https:\/\/www.fsfx.com.br\/usisaude\/#\/schema\/person\/6bf2cced2b7a5d5d78f5610fc8f52504","name":"C\u00e1ssio Santana","image":{"@type":"ImageObject","inLanguage":"pt-BR","@id":"https:\/\/www.fsfx.com.br\/usisaude\/#\/schema\/person\/image\/","url":"https:\/\/secure.gravatar.com\/avatar\/ef79739de3edd2f5c2e7c4930b0808c62af99fc5520eaadc7899948f8bc6d2e1?s=96&d=mm&r=g","contentUrl":"https:\/\/secure.gravatar.com\/avatar\/ef79739de3edd2f5c2e7c4930b0808c62af99fc5520eaadc7899948f8bc6d2e1?s=96&d=mm&r=g","caption":"C\u00e1ssio Santana"},"url":"https:\/\/www.fsfx.com.br\/usisaude\/author\/cassio\/"}]}},"_links":{"self":[{"href":"https:\/\/www.fsfx.com.br\/usisaude\/wp-json\/wp\/v2\/posts\/7792","targetHints":{"allow":["GET"]}}],"collection":[{"href":"https:\/\/www.fsfx.com.br\/usisaude\/wp-json\/wp\/v2\/posts"}],"about":[{"href":"https:\/\/www.fsfx.com.br\/usisaude\/wp-json\/wp\/v2\/types\/post"}],"author":[{"embeddable":true,"href":"https:\/\/www.fsfx.com.br\/usisaude\/wp-json\/wp\/v2\/users\/6"}],"replies":[{"embeddable":true,"href":"https:\/\/www.fsfx.com.br\/usisaude\/wp-json\/wp\/v2\/comments?post=7792"}],"version-history":[{"count":1,"href":"https:\/\/www.fsfx.com.br\/usisaude\/wp-json\/wp\/v2\/posts\/7792\/revisions"}],"predecessor-version":[{"id":10701,"href":"https:\/\/www.fsfx.com.br\/usisaude\/wp-json\/wp\/v2\/posts\/7792\/revisions\/10701"}],"wp:featuredmedia":[{"embeddable":true,"href":"https:\/\/www.fsfx.com.br\/usisaude\/wp-json\/wp\/v2\/media\/7794"}],"wp:attachment":[{"href":"https:\/\/www.fsfx.com.br\/usisaude\/wp-json\/wp\/v2\/media?parent=7792"}],"wp:term":[{"taxonomy":"category","embeddable":true,"href":"https:\/\/www.fsfx.com.br\/usisaude\/wp-json\/wp\/v2\/categories?post=7792"},{"taxonomy":"post_tag","embeddable":true,"href":"https:\/\/www.fsfx.com.br\/usisaude\/wp-json\/wp\/v2\/tags?post=7792"}],"curies":[{"name":"wp","href":"https:\/\/api.w.org\/{rel}","templated":true}]}}