{"id":9271,"date":"2023-08-16T15:16:53","date_gmt":"2023-08-16T18:16:53","guid":{"rendered":"https:\/\/www.fsfx.com.br\/usisaude\/?p=9271"},"modified":"2023-12-21T15:38:09","modified_gmt":"2023-12-21T18:38:09","slug":"equilibrio-do-corpo-e-mente-sao-reflexos-de-uma-vida-mais-saudavel","status":"publish","type":"post","link":"https:\/\/www.fsfx.com.br\/usisaude\/equilibrio-do-corpo-e-mente-sao-reflexos-de-uma-vida-mais-saudavel\/","title":{"rendered":"Equil\u00edbrio do corpo e mente \u00e9 reflexo de uma vida mais saud\u00e1vel"},"content":{"rendered":"<p style=\"text-align: center\"><em>Conhe\u00e7a algumas pr\u00e1ticas para ajudar na promo\u00e7\u00e3o da sa\u00fade f\u00edsica e psicol\u00f3gica<\/em><\/p>\n<p>O equil\u00edbrio da sa\u00fade f\u00edsica e mental \u00e9 fundamental para uma vida plena e saud\u00e1vel. A conex\u00e3o entre esses dois, influencia diretamente na qualidade de vida. Por isso, a pr\u00e1tica de atividades relacionadas ao bem-estar \u00e9 t\u00e3o importante para ajudar nas rotinas do dia a dia.<\/p>\n<p>Ao cuidar da mente, o corpo reage de forma positiva e um corpo saud\u00e1vel proporciona uma base s\u00f3lida para sa\u00fade mental. Portanto, manter o equil\u00edbrio entre a sa\u00fade mental e f\u00edsica, \u00e9 um investimento pr\u00f3prio. Veja alguns motivos:<\/p>\n<ul>\n<li>Sa\u00fade geral: o bem-estar mental e f\u00edsico est\u00e3o interligados. Quando um deles est\u00e1 desequilibrado, pode afetar o outro negativamente.<\/li>\n<li>Resist\u00eancia ao estresse: ter uma boa sa\u00fade mental ajuda a lidar melhor com o estresse. Quando estamos emocionalmente equilibrados, lidamos melhor com os desafios e nos sentimos menos sobrecarregados.<\/li>\n<li>Produtividade e desempenho: a sa\u00fade f\u00edsica afeta nossa energia e capacidade de realizar tarefas di\u00e1rias. Uma mente saud\u00e1vel melhora a concentra\u00e7\u00e3o, criatividade e produtividade.<\/li>\n<li>Qualidade de vida: ter equil\u00edbrio entre sa\u00fade mental e f\u00edsica contribui para uma vida mais satisfat\u00f3ria e gratificante. Voc\u00ea pode desfrutar de atividades, experi\u00eancias e relacionamentos de maneira mais plena.<\/li>\n<li>Longevidade: cuidar tanto da mente quanto do corpo pode ajudar a aumentar a expectativa de vida e desfrutar de uma vida mais longa e saud\u00e1vel.<\/li>\n<\/ul>\n<p>Algumas pr\u00e1ticas podem ajudar a manter o corpo e a mente em sinergia se adotadas de forma correta e respeitando os limites pessoais como:<\/p>\n<ul>\n<li>Praticar atividades f\u00edsicas regularmente;<\/li>\n<li>Alimentar-se de forma balanceada e nutritiva;<\/li>\n<li>Evitar o consumo de alimentos altamente processados;<\/li>\n<li>Dormir o suficiente e manter uma rotina de sono regular;<\/li>\n<li>Cultivar relacionamentos saud\u00e1veis e manter conex\u00f5es sociais;<\/li>\n<li>Praticar t\u00e9cnicas de gerenciamento de estresse, como medita\u00e7\u00e3o ou respira\u00e7\u00e3o profunda;<\/li>\n<li>Buscar hobbies e interesses que tragam satisfa\u00e7\u00e3o;<\/li>\n<li>Procurar apoio profissional quando necess\u00e1rio, como terapia ou aconselhamento;<\/li>\n<li>Estabelecer limites saud\u00e1veis no trabalho e na vida pessoal.<\/li>\n<\/ul>\n<p>Para continuar cuidando da sa\u00fade e tendo uma preven\u00e7\u00e3o completa, a Usisa\u00fade oferece diversos planos m\u00e9dicos com foco no acompanhamento profissional e no diagn\u00f3stico precoce para cuidar de voc\u00ea e de toda a fam\u00edlia. Conhe\u00e7a os nossos servi\u00e7os e benef\u00edcios!<\/p>\n","protected":false},"excerpt":{"rendered":"<p>Conhe\u00e7a algumas pr\u00e1ticas para ajudar na promo\u00e7\u00e3o da sa\u00fade f\u00edsica e psicol\u00f3gica O equil\u00edbrio da sa\u00fade f\u00edsica e mental \u00e9 fundamental para uma vida plena e saud\u00e1vel. A conex\u00e3o entre esses dois, influencia diretamente na qualidade de vida. Por isso, a pr\u00e1tica de atividades relacionadas ao bem-estar \u00e9 t\u00e3o importante para ajudar nas rotinas do [&hellip;]<\/p>\n","protected":false},"author":6,"featured_media":9272,"comment_status":"open","ping_status":"open","sticky":false,"template":"","format":"standard","meta":{"_acf_changed":false,"site-sidebar-layout":"default","site-content-layout":"","ast-site-content-layout":"default","site-content-style":"default","site-sidebar-style":"default","ast-global-header-display":"","ast-banner-title-visibility":"","ast-main-header-display":"","ast-hfb-above-header-display":"","ast-hfb-below-header-display":"","ast-hfb-mobile-header-display":"","site-post-title":"","ast-breadcrumbs-content":"","ast-featured-img":"","footer-sml-layout":"","theme-transparent-header-meta":"","adv-header-id-meta":"","stick-header-meta":"","header-above-stick-meta":"","header-main-stick-meta":"","header-below-stick-meta":"","astra-migrate-meta-layouts":"default","ast-page-background-enabled":"default","ast-page-background-meta":{"desktop":{"background-color":"var(--ast-global-color-4)","background-image":"","background-repeat":"repeat","background-position":"center center","background-size":"auto","background-attachment":"scroll","background-type":"","background-media":"","overlay-type":"","overlay-color":"","overlay-opacity":"","overlay-gradient":""},"tablet":{"background-color":"","background-image":"","background-repeat":"repeat","background-position":"center center","background-size":"auto","background-attachment":"scroll","background-type":"","background-media":"","overlay-type":"","overlay-color":"","overlay-opacity":"","overlay-gradient":""},"mobile":{"background-color":"","background-image":"","background-repeat":"repeat","background-position":"center center","background-size":"auto","background-attachment":"scroll","background-type":"","background-media":"","overlay-type":"","overlay-color":"","overlay-opacity":"","overlay-gradient":""}},"ast-content-background-meta":{"desktop":{"background-color":"var(--ast-global-color-5)","background-image":"","background-repeat":"repeat","background-position":"center center","background-size":"auto","background-attachment":"scroll","background-type":"","background-media":"","overlay-type":"","overlay-color":"","overlay-opacity":"","overlay-gradient":""},"tablet":{"background-color":"var(--ast-global-color-5)","background-image":"","background-repeat":"repeat","background-position":"center center","background-size":"auto","background-attachment":"scroll","background-type":"","background-media":"","overlay-type":"","overlay-color":"","overlay-opacity":"","overlay-gradient":""},"mobile":{"background-color":"var(--ast-global-color-5)","background-image":"","background-repeat":"repeat","background-position":"center center","background-size":"auto","background-attachment":"scroll","background-type":"","background-media":"","overlay-type":"","overlay-color":"","overlay-opacity":"","overlay-gradient":""}},"footnotes":""},"categories":[289],"tags":[],"class_list":["post-9271","post","type-post","status-publish","format-standard","has-post-thumbnail","hentry","category-bem-estar"],"acf":[],"yoast_head":"<!-- This site is optimized with the Yoast SEO plugin v26.9 - https:\/\/yoast.com\/product\/yoast-seo-wordpress\/ -->\n<title>Equil\u00edbrio do corpo e mente \u00e9 reflexo de uma vida mais saud\u00e1vel - Usisa\u00fade<\/title>\n<meta name=\"robots\" content=\"index, follow, max-snippet:-1, max-image-preview:large, max-video-preview:-1\" \/>\n<link rel=\"canonical\" href=\"https:\/\/www.fsfx.com.br\/usisaude\/equilibrio-do-corpo-e-mente-sao-reflexos-de-uma-vida-mais-saudavel\/\" \/>\n<meta property=\"og:locale\" content=\"pt_BR\" \/>\n<meta property=\"og:type\" content=\"article\" \/>\n<meta property=\"og:title\" content=\"Equil\u00edbrio do corpo e mente \u00e9 reflexo de uma vida mais saud\u00e1vel - Usisa\u00fade\" \/>\n<meta property=\"og:description\" content=\"Conhe\u00e7a algumas pr\u00e1ticas para ajudar na promo\u00e7\u00e3o da sa\u00fade f\u00edsica e psicol\u00f3gica O equil\u00edbrio da sa\u00fade f\u00edsica e mental \u00e9 fundamental para uma vida plena e saud\u00e1vel. A conex\u00e3o entre esses dois, influencia diretamente na qualidade de vida. Por isso, a pr\u00e1tica de atividades relacionadas ao bem-estar \u00e9 t\u00e3o importante para ajudar nas rotinas do [&hellip;]\" \/>\n<meta property=\"og:url\" content=\"https:\/\/www.fsfx.com.br\/usisaude\/equilibrio-do-corpo-e-mente-sao-reflexos-de-uma-vida-mais-saudavel\/\" \/>\n<meta property=\"og:site_name\" content=\"Usisa\u00fade\" \/>\n<meta property=\"article:published_time\" content=\"2023-08-16T18:16:53+00:00\" \/>\n<meta property=\"article:modified_time\" content=\"2023-12-21T18:38:09+00:00\" \/>\n<meta property=\"og:image\" content=\"https:\/\/www.fsfx.com.br\/usisaude\/wp-content\/uploads\/sites\/6\/2023\/08\/mulher-exercitar-durante-safari-ferias.jpg\" \/>\n\t<meta property=\"og:image:width\" content=\"1920\" \/>\n\t<meta property=\"og:image:height\" content=\"1280\" \/>\n\t<meta property=\"og:image:type\" content=\"image\/jpeg\" \/>\n<meta name=\"author\" content=\"C\u00e1ssio Santana\" \/>\n<meta name=\"twitter:card\" content=\"summary_large_image\" \/>\n<meta name=\"twitter:label1\" content=\"Escrito por\" \/>\n\t<meta name=\"twitter:data1\" content=\"C\u00e1ssio Santana\" \/>\n\t<meta name=\"twitter:label2\" content=\"Est. tempo de leitura\" \/>\n\t<meta name=\"twitter:data2\" content=\"2 minutos\" \/>\n<script type=\"application\/ld+json\" class=\"yoast-schema-graph\">{\"@context\":\"https:\/\/schema.org\",\"@graph\":[{\"@type\":\"Article\",\"@id\":\"https:\/\/www.fsfx.com.br\/usisaude\/equilibrio-do-corpo-e-mente-sao-reflexos-de-uma-vida-mais-saudavel\/#article\",\"isPartOf\":{\"@id\":\"https:\/\/www.fsfx.com.br\/usisaude\/equilibrio-do-corpo-e-mente-sao-reflexos-de-uma-vida-mais-saudavel\/\"},\"author\":{\"name\":\"C\u00e1ssio Santana\",\"@id\":\"https:\/\/www.fsfx.com.br\/usisaude\/#\/schema\/person\/6bf2cced2b7a5d5d78f5610fc8f52504\"},\"headline\":\"Equil\u00edbrio do corpo e mente \u00e9 reflexo de uma vida mais saud\u00e1vel\",\"datePublished\":\"2023-08-16T18:16:53+00:00\",\"dateModified\":\"2023-12-21T18:38:09+00:00\",\"mainEntityOfPage\":{\"@id\":\"https:\/\/www.fsfx.com.br\/usisaude\/equilibrio-do-corpo-e-mente-sao-reflexos-de-uma-vida-mais-saudavel\/\"},\"wordCount\":422,\"commentCount\":0,\"publisher\":{\"@id\":\"https:\/\/www.fsfx.com.br\/usisaude\/#organization\"},\"image\":{\"@id\":\"https:\/\/www.fsfx.com.br\/usisaude\/equilibrio-do-corpo-e-mente-sao-reflexos-de-uma-vida-mais-saudavel\/#primaryimage\"},\"thumbnailUrl\":\"https:\/\/www.fsfx.com.br\/usisaude\/wp-content\/uploads\/sites\/6\/2023\/08\/mulher-exercitar-durante-safari-ferias.jpg\",\"articleSection\":[\"Bem-Estar\"],\"inLanguage\":\"pt-BR\",\"potentialAction\":[{\"@type\":\"CommentAction\",\"name\":\"Comment\",\"target\":[\"https:\/\/www.fsfx.com.br\/usisaude\/equilibrio-do-corpo-e-mente-sao-reflexos-de-uma-vida-mais-saudavel\/#respond\"]}]},{\"@type\":\"WebPage\",\"@id\":\"https:\/\/www.fsfx.com.br\/usisaude\/equilibrio-do-corpo-e-mente-sao-reflexos-de-uma-vida-mais-saudavel\/\",\"url\":\"https:\/\/www.fsfx.com.br\/usisaude\/equilibrio-do-corpo-e-mente-sao-reflexos-de-uma-vida-mais-saudavel\/\",\"name\":\"Equil\u00edbrio do corpo e mente \u00e9 reflexo de uma vida mais saud\u00e1vel - Usisa\u00fade\",\"isPartOf\":{\"@id\":\"https:\/\/www.fsfx.com.br\/usisaude\/#website\"},\"primaryImageOfPage\":{\"@id\":\"https:\/\/www.fsfx.com.br\/usisaude\/equilibrio-do-corpo-e-mente-sao-reflexos-de-uma-vida-mais-saudavel\/#primaryimage\"},\"image\":{\"@id\":\"https:\/\/www.fsfx.com.br\/usisaude\/equilibrio-do-corpo-e-mente-sao-reflexos-de-uma-vida-mais-saudavel\/#primaryimage\"},\"thumbnailUrl\":\"https:\/\/www.fsfx.com.br\/usisaude\/wp-content\/uploads\/sites\/6\/2023\/08\/mulher-exercitar-durante-safari-ferias.jpg\",\"datePublished\":\"2023-08-16T18:16:53+00:00\",\"dateModified\":\"2023-12-21T18:38:09+00:00\",\"breadcrumb\":{\"@id\":\"https:\/\/www.fsfx.com.br\/usisaude\/equilibrio-do-corpo-e-mente-sao-reflexos-de-uma-vida-mais-saudavel\/#breadcrumb\"},\"inLanguage\":\"pt-BR\",\"potentialAction\":[{\"@type\":\"ReadAction\",\"target\":[\"https:\/\/www.fsfx.com.br\/usisaude\/equilibrio-do-corpo-e-mente-sao-reflexos-de-uma-vida-mais-saudavel\/\"]}]},{\"@type\":\"ImageObject\",\"inLanguage\":\"pt-BR\",\"@id\":\"https:\/\/www.fsfx.com.br\/usisaude\/equilibrio-do-corpo-e-mente-sao-reflexos-de-uma-vida-mais-saudavel\/#primaryimage\",\"url\":\"https:\/\/www.fsfx.com.br\/usisaude\/wp-content\/uploads\/sites\/6\/2023\/08\/mulher-exercitar-durante-safari-ferias.jpg\",\"contentUrl\":\"https:\/\/www.fsfx.com.br\/usisaude\/wp-content\/uploads\/sites\/6\/2023\/08\/mulher-exercitar-durante-safari-ferias.jpg\",\"width\":1920,\"height\":1280},{\"@type\":\"BreadcrumbList\",\"@id\":\"https:\/\/www.fsfx.com.br\/usisaude\/equilibrio-do-corpo-e-mente-sao-reflexos-de-uma-vida-mais-saudavel\/#breadcrumb\",\"itemListElement\":[{\"@type\":\"ListItem\",\"position\":1,\"name\":\"In\u00edcio\",\"item\":\"https:\/\/www.fsfx.com.br\/usisaude\/\"},{\"@type\":\"ListItem\",\"position\":2,\"name\":\"Equil\u00edbrio do corpo e mente \u00e9 reflexo de uma vida mais saud\u00e1vel\"}]},{\"@type\":\"WebSite\",\"@id\":\"https:\/\/www.fsfx.com.br\/usisaude\/#website\",\"url\":\"https:\/\/www.fsfx.com.br\/usisaude\/\",\"name\":\"Usisa\u00fade\",\"description\":\"Somos a Usisa\u00fade, uma operadora de planos de sa\u00fade da Funda\u00e7\u00e3o S\u00e3o Francisco Xavier (FSFX), a maior em modalidade filantr\u00f3pica do pa\u00eds.\",\"publisher\":{\"@id\":\"https:\/\/www.fsfx.com.br\/usisaude\/#organization\"},\"potentialAction\":[{\"@type\":\"SearchAction\",\"target\":{\"@type\":\"EntryPoint\",\"urlTemplate\":\"https:\/\/www.fsfx.com.br\/usisaude\/?s={search_term_string}\"},\"query-input\":{\"@type\":\"PropertyValueSpecification\",\"valueRequired\":true,\"valueName\":\"search_term_string\"}}],\"inLanguage\":\"pt-BR\"},{\"@type\":\"Organization\",\"@id\":\"https:\/\/www.fsfx.com.br\/usisaude\/#organization\",\"name\":\"Usisa\u00fade\",\"url\":\"https:\/\/www.fsfx.com.br\/usisaude\/\",\"logo\":{\"@type\":\"ImageObject\",\"inLanguage\":\"pt-BR\",\"@id\":\"https:\/\/www.fsfx.com.br\/usisaude\/#\/schema\/logo\/image\/\",\"url\":\"https:\/\/www.fsfx.com.br\/usisaude\/wp-content\/uploads\/sites\/6\/2022\/03\/logo-ususaude-1.svg\",\"contentUrl\":\"https:\/\/www.fsfx.com.br\/usisaude\/wp-content\/uploads\/sites\/6\/2022\/03\/logo-ususaude-1.svg\",\"width\":445,\"height\":196,\"caption\":\"Usisa\u00fade\"},\"image\":{\"@id\":\"https:\/\/www.fsfx.com.br\/usisaude\/#\/schema\/logo\/image\/\"}},{\"@type\":\"Person\",\"@id\":\"https:\/\/www.fsfx.com.br\/usisaude\/#\/schema\/person\/6bf2cced2b7a5d5d78f5610fc8f52504\",\"name\":\"C\u00e1ssio Santana\",\"image\":{\"@type\":\"ImageObject\",\"inLanguage\":\"pt-BR\",\"@id\":\"https:\/\/www.fsfx.com.br\/usisaude\/#\/schema\/person\/image\/\",\"url\":\"https:\/\/secure.gravatar.com\/avatar\/ef79739de3edd2f5c2e7c4930b0808c62af99fc5520eaadc7899948f8bc6d2e1?s=96&d=mm&r=g\",\"contentUrl\":\"https:\/\/secure.gravatar.com\/avatar\/ef79739de3edd2f5c2e7c4930b0808c62af99fc5520eaadc7899948f8bc6d2e1?s=96&d=mm&r=g\",\"caption\":\"C\u00e1ssio Santana\"},\"url\":\"https:\/\/www.fsfx.com.br\/usisaude\/author\/cassio\/\"}]}<\/script>\n<!-- \/ Yoast SEO plugin. -->","yoast_head_json":{"title":"Equil\u00edbrio do corpo e mente \u00e9 reflexo de uma vida mais saud\u00e1vel - Usisa\u00fade","robots":{"index":"index","follow":"follow","max-snippet":"max-snippet:-1","max-image-preview":"max-image-preview:large","max-video-preview":"max-video-preview:-1"},"canonical":"https:\/\/www.fsfx.com.br\/usisaude\/equilibrio-do-corpo-e-mente-sao-reflexos-de-uma-vida-mais-saudavel\/","og_locale":"pt_BR","og_type":"article","og_title":"Equil\u00edbrio do corpo e mente \u00e9 reflexo de uma vida mais saud\u00e1vel - Usisa\u00fade","og_description":"Conhe\u00e7a algumas pr\u00e1ticas para ajudar na promo\u00e7\u00e3o da sa\u00fade f\u00edsica e psicol\u00f3gica O equil\u00edbrio da sa\u00fade f\u00edsica e mental \u00e9 fundamental para uma vida plena e saud\u00e1vel. A conex\u00e3o entre esses dois, influencia diretamente na qualidade de vida. Por isso, a pr\u00e1tica de atividades relacionadas ao bem-estar \u00e9 t\u00e3o importante para ajudar nas rotinas do [&hellip;]","og_url":"https:\/\/www.fsfx.com.br\/usisaude\/equilibrio-do-corpo-e-mente-sao-reflexos-de-uma-vida-mais-saudavel\/","og_site_name":"Usisa\u00fade","article_published_time":"2023-08-16T18:16:53+00:00","article_modified_time":"2023-12-21T18:38:09+00:00","og_image":[{"width":1920,"height":1280,"url":"https:\/\/www.fsfx.com.br\/usisaude\/wp-content\/uploads\/sites\/6\/2023\/08\/mulher-exercitar-durante-safari-ferias.jpg","type":"image\/jpeg"}],"author":"C\u00e1ssio Santana","twitter_card":"summary_large_image","twitter_misc":{"Escrito por":"C\u00e1ssio Santana","Est. tempo de leitura":"2 minutos"},"schema":{"@context":"https:\/\/schema.org","@graph":[{"@type":"Article","@id":"https:\/\/www.fsfx.com.br\/usisaude\/equilibrio-do-corpo-e-mente-sao-reflexos-de-uma-vida-mais-saudavel\/#article","isPartOf":{"@id":"https:\/\/www.fsfx.com.br\/usisaude\/equilibrio-do-corpo-e-mente-sao-reflexos-de-uma-vida-mais-saudavel\/"},"author":{"name":"C\u00e1ssio Santana","@id":"https:\/\/www.fsfx.com.br\/usisaude\/#\/schema\/person\/6bf2cced2b7a5d5d78f5610fc8f52504"},"headline":"Equil\u00edbrio do corpo e mente \u00e9 reflexo de uma vida mais saud\u00e1vel","datePublished":"2023-08-16T18:16:53+00:00","dateModified":"2023-12-21T18:38:09+00:00","mainEntityOfPage":{"@id":"https:\/\/www.fsfx.com.br\/usisaude\/equilibrio-do-corpo-e-mente-sao-reflexos-de-uma-vida-mais-saudavel\/"},"wordCount":422,"commentCount":0,"publisher":{"@id":"https:\/\/www.fsfx.com.br\/usisaude\/#organization"},"image":{"@id":"https:\/\/www.fsfx.com.br\/usisaude\/equilibrio-do-corpo-e-mente-sao-reflexos-de-uma-vida-mais-saudavel\/#primaryimage"},"thumbnailUrl":"https:\/\/www.fsfx.com.br\/usisaude\/wp-content\/uploads\/sites\/6\/2023\/08\/mulher-exercitar-durante-safari-ferias.jpg","articleSection":["Bem-Estar"],"inLanguage":"pt-BR","potentialAction":[{"@type":"CommentAction","name":"Comment","target":["https:\/\/www.fsfx.com.br\/usisaude\/equilibrio-do-corpo-e-mente-sao-reflexos-de-uma-vida-mais-saudavel\/#respond"]}]},{"@type":"WebPage","@id":"https:\/\/www.fsfx.com.br\/usisaude\/equilibrio-do-corpo-e-mente-sao-reflexos-de-uma-vida-mais-saudavel\/","url":"https:\/\/www.fsfx.com.br\/usisaude\/equilibrio-do-corpo-e-mente-sao-reflexos-de-uma-vida-mais-saudavel\/","name":"Equil\u00edbrio do corpo e mente \u00e9 reflexo de uma vida mais saud\u00e1vel - Usisa\u00fade","isPartOf":{"@id":"https:\/\/www.fsfx.com.br\/usisaude\/#website"},"primaryImageOfPage":{"@id":"https:\/\/www.fsfx.com.br\/usisaude\/equilibrio-do-corpo-e-mente-sao-reflexos-de-uma-vida-mais-saudavel\/#primaryimage"},"image":{"@id":"https:\/\/www.fsfx.com.br\/usisaude\/equilibrio-do-corpo-e-mente-sao-reflexos-de-uma-vida-mais-saudavel\/#primaryimage"},"thumbnailUrl":"https:\/\/www.fsfx.com.br\/usisaude\/wp-content\/uploads\/sites\/6\/2023\/08\/mulher-exercitar-durante-safari-ferias.jpg","datePublished":"2023-08-16T18:16:53+00:00","dateModified":"2023-12-21T18:38:09+00:00","breadcrumb":{"@id":"https:\/\/www.fsfx.com.br\/usisaude\/equilibrio-do-corpo-e-mente-sao-reflexos-de-uma-vida-mais-saudavel\/#breadcrumb"},"inLanguage":"pt-BR","potentialAction":[{"@type":"ReadAction","target":["https:\/\/www.fsfx.com.br\/usisaude\/equilibrio-do-corpo-e-mente-sao-reflexos-de-uma-vida-mais-saudavel\/"]}]},{"@type":"ImageObject","inLanguage":"pt-BR","@id":"https:\/\/www.fsfx.com.br\/usisaude\/equilibrio-do-corpo-e-mente-sao-reflexos-de-uma-vida-mais-saudavel\/#primaryimage","url":"https:\/\/www.fsfx.com.br\/usisaude\/wp-content\/uploads\/sites\/6\/2023\/08\/mulher-exercitar-durante-safari-ferias.jpg","contentUrl":"https:\/\/www.fsfx.com.br\/usisaude\/wp-content\/uploads\/sites\/6\/2023\/08\/mulher-exercitar-durante-safari-ferias.jpg","width":1920,"height":1280},{"@type":"BreadcrumbList","@id":"https:\/\/www.fsfx.com.br\/usisaude\/equilibrio-do-corpo-e-mente-sao-reflexos-de-uma-vida-mais-saudavel\/#breadcrumb","itemListElement":[{"@type":"ListItem","position":1,"name":"In\u00edcio","item":"https:\/\/www.fsfx.com.br\/usisaude\/"},{"@type":"ListItem","position":2,"name":"Equil\u00edbrio do corpo e mente \u00e9 reflexo de uma vida mais saud\u00e1vel"}]},{"@type":"WebSite","@id":"https:\/\/www.fsfx.com.br\/usisaude\/#website","url":"https:\/\/www.fsfx.com.br\/usisaude\/","name":"Usisa\u00fade","description":"Somos a Usisa\u00fade, uma operadora de planos de sa\u00fade da Funda\u00e7\u00e3o S\u00e3o Francisco Xavier (FSFX), a maior em modalidade filantr\u00f3pica do pa\u00eds.","publisher":{"@id":"https:\/\/www.fsfx.com.br\/usisaude\/#organization"},"potentialAction":[{"@type":"SearchAction","target":{"@type":"EntryPoint","urlTemplate":"https:\/\/www.fsfx.com.br\/usisaude\/?s={search_term_string}"},"query-input":{"@type":"PropertyValueSpecification","valueRequired":true,"valueName":"search_term_string"}}],"inLanguage":"pt-BR"},{"@type":"Organization","@id":"https:\/\/www.fsfx.com.br\/usisaude\/#organization","name":"Usisa\u00fade","url":"https:\/\/www.fsfx.com.br\/usisaude\/","logo":{"@type":"ImageObject","inLanguage":"pt-BR","@id":"https:\/\/www.fsfx.com.br\/usisaude\/#\/schema\/logo\/image\/","url":"https:\/\/www.fsfx.com.br\/usisaude\/wp-content\/uploads\/sites\/6\/2022\/03\/logo-ususaude-1.svg","contentUrl":"https:\/\/www.fsfx.com.br\/usisaude\/wp-content\/uploads\/sites\/6\/2022\/03\/logo-ususaude-1.svg","width":445,"height":196,"caption":"Usisa\u00fade"},"image":{"@id":"https:\/\/www.fsfx.com.br\/usisaude\/#\/schema\/logo\/image\/"}},{"@type":"Person","@id":"https:\/\/www.fsfx.com.br\/usisaude\/#\/schema\/person\/6bf2cced2b7a5d5d78f5610fc8f52504","name":"C\u00e1ssio Santana","image":{"@type":"ImageObject","inLanguage":"pt-BR","@id":"https:\/\/www.fsfx.com.br\/usisaude\/#\/schema\/person\/image\/","url":"https:\/\/secure.gravatar.com\/avatar\/ef79739de3edd2f5c2e7c4930b0808c62af99fc5520eaadc7899948f8bc6d2e1?s=96&d=mm&r=g","contentUrl":"https:\/\/secure.gravatar.com\/avatar\/ef79739de3edd2f5c2e7c4930b0808c62af99fc5520eaadc7899948f8bc6d2e1?s=96&d=mm&r=g","caption":"C\u00e1ssio Santana"},"url":"https:\/\/www.fsfx.com.br\/usisaude\/author\/cassio\/"}]}},"_links":{"self":[{"href":"https:\/\/www.fsfx.com.br\/usisaude\/wp-json\/wp\/v2\/posts\/9271","targetHints":{"allow":["GET"]}}],"collection":[{"href":"https:\/\/www.fsfx.com.br\/usisaude\/wp-json\/wp\/v2\/posts"}],"about":[{"href":"https:\/\/www.fsfx.com.br\/usisaude\/wp-json\/wp\/v2\/types\/post"}],"author":[{"embeddable":true,"href":"https:\/\/www.fsfx.com.br\/usisaude\/wp-json\/wp\/v2\/users\/6"}],"replies":[{"embeddable":true,"href":"https:\/\/www.fsfx.com.br\/usisaude\/wp-json\/wp\/v2\/comments?post=9271"}],"version-history":[{"count":3,"href":"https:\/\/www.fsfx.com.br\/usisaude\/wp-json\/wp\/v2\/posts\/9271\/revisions"}],"predecessor-version":[{"id":9692,"href":"https:\/\/www.fsfx.com.br\/usisaude\/wp-json\/wp\/v2\/posts\/9271\/revisions\/9692"}],"wp:featuredmedia":[{"embeddable":true,"href":"https:\/\/www.fsfx.com.br\/usisaude\/wp-json\/wp\/v2\/media\/9272"}],"wp:attachment":[{"href":"https:\/\/www.fsfx.com.br\/usisaude\/wp-json\/wp\/v2\/media?parent=9271"}],"wp:term":[{"taxonomy":"category","embeddable":true,"href":"https:\/\/www.fsfx.com.br\/usisaude\/wp-json\/wp\/v2\/categories?post=9271"},{"taxonomy":"post_tag","embeddable":true,"href":"https:\/\/www.fsfx.com.br\/usisaude\/wp-json\/wp\/v2\/tags?post=9271"}],"curies":[{"name":"wp","href":"https:\/\/api.w.org\/{rel}","templated":true}]}}