{"id":9308,"date":"2023-08-29T11:32:58","date_gmt":"2023-08-29T14:32:58","guid":{"rendered":"https:\/\/www.fsfx.com.br\/usisaude\/?p=9308"},"modified":"2023-08-29T11:32:58","modified_gmt":"2023-08-29T14:32:58","slug":"conscientizacao-dia-nacional-de-combate-ao-fumo-alerta-para-os-riscos-do-tabagismo","status":"publish","type":"post","link":"https:\/\/www.fsfx.com.br\/usisaude\/conscientizacao-dia-nacional-de-combate-ao-fumo-alerta-para-os-riscos-do-tabagismo\/","title":{"rendered":"Conscientiza\u00e7\u00e3o: Dia Nacional de Combate ao Fumo alerta para os riscos do tabagismo"},"content":{"rendered":"<p style=\"text-align: center\"><strong><em>Data celebrada no dia 29 de agosto chama aten\u00e7\u00e3o para os riscos do fumante passivo e o aumento do consumo de cigarros eletr\u00f4nicos.<\/em><\/strong><\/p>\n<p>O tabagismo, considerado por especialistas em sa\u00fade como uma doen\u00e7a cr\u00f4nica, que afeta aqueles que t\u00eam depend\u00eancia pelo uso da nicotina, \u00e9 respons\u00e1vel por 90% das mortes causadas por c\u00e2ncer de pulm\u00e3o, al\u00e9m da rela\u00e7\u00e3o com outros tipos da doen\u00e7a, segundo o Instituto Nacional de C\u00e2ncer (Inca). Com o intuito de intensificar a sensibiliza\u00e7\u00e3o da popula\u00e7\u00e3o sobre os danos causados pelo uso do tabaco, foi institu\u00eddo no Brasil, pela <a href=\"https:\/\/www.planalto.gov.br\/ccivil_03\/leis\/1980-1988\/l7488.htm\">Lei n\u00ba 7.488\/1.986<\/a>, o Dia Nacional de Combate ao Fumo, celebrado no dia 29 de agosto.<\/p>\n<p>Entre as consequ\u00eancias causadas pelo uso do cigarro, est\u00e3o os malef\u00edcios causados \u00e0queles que n\u00e3o s\u00e3o expostos diretamente \u00e0 nicotina. Segundo a Organiza\u00e7\u00e3o Mundial de Sa\u00fade, OMS, cerca de 15% das mortes causadas por tabagismo no mundo correspondem aos fumantes passivos, ou seja, pessoas que n\u00e3o fazem o uso direto do produto. S\u00e3o considerados produtos com nicotina, cigarro comum, charuto, cachimbo, cigarro de palha, cigarrilha, bidi, narguil\u00e9, fumo-de-rolo e ainda os dispositivos eletr\u00f4nicos, denominados <em>vapes<\/em>.<\/p>\n<p><img fetchpriority=\"high\" decoding=\"async\" class=\"size-medium wp-image-14055 alignleft\" src=\"https:\/\/www.fsfx.com.br\/wp-content\/uploads\/2023\/08\/Dra-Lina-300x300.jpeg\" alt=\"\" width=\"300\" height=\"300\" \/>Para a m\u00e9dica da Aten\u00e7\u00e3o Prim\u00e1ria da Usifam\u00edlia da Funda\u00e7\u00e3o S\u00e3o Francisco Xavier (FSFX), Lina Luzia Soares de Oliveira Silva, o uso do cigarro eletr\u00f4nico, principalmente entre os jovens, representam um enorme risco \u00e0 popula\u00e7\u00e3o, pois, segundo ela \u00e9 crescente o n\u00famero de pessoas que tem aderido ao consumo dos <em>vapes<\/em>.<\/p>\n<p>\u201c\u00c9 importante desmistificar a cren\u00e7a de que este produto seja inofensivo ou leve a um menor riscos. O <em>vape<\/em> cont\u00e9m nicotina, droga que leva a depend\u00eancia e que aumenta risco de AVC, Hipertens\u00e3o arterial e Infarto do mioc\u00e1rdio. Al\u00e9m disso, tem mais de 80 subst\u00e2ncias qu\u00edmicas, incluindo cancer\u00edgenos comprovados&#8221;, ressalta a Lina.<\/p>\n<p>Ainda segundo a m\u00e9dica, o uso do cigarro eletr\u00f4nico aumenta cerca de tr\u00eas vezes as chances de o paciente passar a fumar cigarros comuns, o que de acordo com ela n\u00e3o deve ser usado como estrat\u00e9gia para quem deseja parar de fumar.<\/p>\n<p><strong>Promo\u00e7\u00e3o da sa\u00fade<\/strong><\/p>\n<p>Entre os malef\u00edcios causados \u00e0 sa\u00fade pelo uso do cigarro, al\u00e9m do c\u00e2ncer, est\u00e3o as doen\u00e7as cardiovasculares, enfisema pulmonar entre outros danos. Compreender que o cigarro n\u00e3o afeta apenas os pulm\u00f5es, mas tamb\u00e9m todo o sistema corporal, s\u00e3o fatores que contribu\u00edram para que a estudante, Rayane Correa Martins, decidisse abandonar o v\u00edcio em favor de uma vida livre do cigarro. Fumante desde os 14 anos, aos 29, a estudante decidiu parar de fumar ap\u00f3s encontrar o apoio de uma equipe multidisciplinar no Projeto Inspirar da operadora Usisa\u00fade. H\u00e1 um m\u00eas em tratamento, Rayane comemora os benef\u00edcios alcan\u00e7ados.<\/p>\n<p>\u201cFumei durante a metade da minha vida. Al\u00e9m de prejudicar a minha sa\u00fade, o cigarro tamb\u00e9m afetava quem convive comigo como, meus pais que s\u00e3o idosos e meu noivo que \u00e9 asm\u00e1tico. Hoje j\u00e1 me sinto muito melhor e fa\u00e7o caminhada todos os dias. Receber todo o apoio da equipe do programa Inspirar tem sido fundamental para alcan\u00e7ar esse objetivo\u201d, comemora Rayane.<\/p>\n<p><strong>Apoio e tratamento<\/strong><\/p>\n<p>Com foco na preserva\u00e7\u00e3o da sa\u00fade, o Projeto Inspirar \u00e9 uma iniciativa da Usisa\u00fade, operadora de planos de sa\u00fade da Funda\u00e7\u00e3o S\u00e3o Francisco Xavier, que oferece aos benefici\u00e1rios, que desejam parar de fumar, um tratamento por um per\u00edodo de 12 meses. Conduzido por uma equipe multidisciplinar, o projeto \u00e9 desenvolvido por meio de encontros de grupos, suporte individualizado, atendimento psicol\u00f3gico, a\u00e7\u00f5es de preven\u00e7\u00e3o \u00e0 reca\u00edda e controle de ganho de peso, o incentivo \u00e0 pr\u00e1tica de atividades f\u00edsicas, al\u00e9m do apoio com subs\u00eddios para uso de medicamentos em casos indicados.<\/p>\n<p>Ainda para quem deseja parar de fumar, o Minist\u00e9rio da Sa\u00fade disp\u00f5e do Programa Nacional de Controle do Tabagismo que oferece aos estados, uma rede de tratamento por SUS, com atendimentos, campanhas e outras a\u00e7\u00f5es educativas.<\/p>\n","protected":false},"excerpt":{"rendered":"<p>Data celebrada no dia 29 de agosto chama aten\u00e7\u00e3o para os riscos do fumante passivo e o aumento do consumo de cigarros eletr\u00f4nicos. O tabagismo, considerado por especialistas em sa\u00fade como uma doen\u00e7a cr\u00f4nica, que afeta aqueles que t\u00eam depend\u00eancia pelo uso da nicotina, \u00e9 respons\u00e1vel por 90% das mortes causadas por c\u00e2ncer de pulm\u00e3o, [&hellip;]<\/p>\n","protected":false},"author":6,"featured_media":9309,"comment_status":"open","ping_status":"open","sticky":false,"template":"","format":"standard","meta":{"_acf_changed":false,"site-sidebar-layout":"default","site-content-layout":"","ast-site-content-layout":"default","site-content-style":"default","site-sidebar-style":"default","ast-global-header-display":"","ast-banner-title-visibility":"","ast-main-header-display":"","ast-hfb-above-header-display":"","ast-hfb-below-header-display":"","ast-hfb-mobile-header-display":"","site-post-title":"","ast-breadcrumbs-content":"","ast-featured-img":"","footer-sml-layout":"","theme-transparent-header-meta":"","adv-header-id-meta":"","stick-header-meta":"","header-above-stick-meta":"","header-main-stick-meta":"","header-below-stick-meta":"","astra-migrate-meta-layouts":"default","ast-page-background-enabled":"default","ast-page-background-meta":{"desktop":{"background-color":"var(--ast-global-color-4)","background-image":"","background-repeat":"repeat","background-position":"center center","background-size":"auto","background-attachment":"scroll","background-type":"","background-media":"","overlay-type":"","overlay-color":"","overlay-opacity":"","overlay-gradient":""},"tablet":{"background-color":"","background-image":"","background-repeat":"repeat","background-position":"center center","background-size":"auto","background-attachment":"scroll","background-type":"","background-media":"","overlay-type":"","overlay-color":"","overlay-opacity":"","overlay-gradient":""},"mobile":{"background-color":"","background-image":"","background-repeat":"repeat","background-position":"center center","background-size":"auto","background-attachment":"scroll","background-type":"","background-media":"","overlay-type":"","overlay-color":"","overlay-opacity":"","overlay-gradient":""}},"ast-content-background-meta":{"desktop":{"background-color":"var(--ast-global-color-5)","background-image":"","background-repeat":"repeat","background-position":"center center","background-size":"auto","background-attachment":"scroll","background-type":"","background-media":"","overlay-type":"","overlay-color":"","overlay-opacity":"","overlay-gradient":""},"tablet":{"background-color":"var(--ast-global-color-5)","background-image":"","background-repeat":"repeat","background-position":"center center","background-size":"auto","background-attachment":"scroll","background-type":"","background-media":"","overlay-type":"","overlay-color":"","overlay-opacity":"","overlay-gradient":""},"mobile":{"background-color":"var(--ast-global-color-5)","background-image":"","background-repeat":"repeat","background-position":"center center","background-size":"auto","background-attachment":"scroll","background-type":"","background-media":"","overlay-type":"","overlay-color":"","overlay-opacity":"","overlay-gradient":""}},"footnotes":""},"categories":[1],"tags":[],"class_list":["post-9308","post","type-post","status-publish","format-standard","has-post-thumbnail","hentry","category-noticias"],"acf":[],"yoast_head":"<!-- This site is optimized with the Yoast SEO plugin v26.9 - https:\/\/yoast.com\/product\/yoast-seo-wordpress\/ -->\n<title>Conscientiza\u00e7\u00e3o: Dia Nacional de Combate ao Fumo alerta para os riscos do tabagismo - Usisa\u00fade<\/title>\n<meta name=\"robots\" content=\"index, follow, max-snippet:-1, max-image-preview:large, max-video-preview:-1\" \/>\n<link rel=\"canonical\" href=\"https:\/\/www.fsfx.com.br\/usisaude\/conscientizacao-dia-nacional-de-combate-ao-fumo-alerta-para-os-riscos-do-tabagismo\/\" \/>\n<meta property=\"og:locale\" content=\"pt_BR\" \/>\n<meta property=\"og:type\" content=\"article\" \/>\n<meta property=\"og:title\" content=\"Conscientiza\u00e7\u00e3o: Dia Nacional de Combate ao Fumo alerta para os riscos do tabagismo - Usisa\u00fade\" \/>\n<meta property=\"og:description\" content=\"Data celebrada no dia 29 de agosto chama aten\u00e7\u00e3o para os riscos do fumante passivo e o aumento do consumo de cigarros eletr\u00f4nicos. O tabagismo, considerado por especialistas em sa\u00fade como uma doen\u00e7a cr\u00f4nica, que afeta aqueles que t\u00eam depend\u00eancia pelo uso da nicotina, \u00e9 respons\u00e1vel por 90% das mortes causadas por c\u00e2ncer de pulm\u00e3o, [&hellip;]\" \/>\n<meta property=\"og:url\" content=\"https:\/\/www.fsfx.com.br\/usisaude\/conscientizacao-dia-nacional-de-combate-ao-fumo-alerta-para-os-riscos-do-tabagismo\/\" \/>\n<meta property=\"og:site_name\" content=\"Usisa\u00fade\" \/>\n<meta property=\"article:published_time\" content=\"2023-08-29T14:32:58+00:00\" \/>\n<meta property=\"og:image\" content=\"https:\/\/www.fsfx.com.br\/usisaude\/wp-content\/uploads\/sites\/6\/2023\/08\/Dia-Nacional-de-Combate-ao-Fumo.jpg\" \/>\n\t<meta property=\"og:image:width\" content=\"1920\" \/>\n\t<meta property=\"og:image:height\" content=\"1051\" \/>\n\t<meta property=\"og:image:type\" content=\"image\/jpeg\" \/>\n<meta name=\"author\" content=\"C\u00e1ssio Santana\" \/>\n<meta name=\"twitter:card\" content=\"summary_large_image\" \/>\n<meta name=\"twitter:label1\" content=\"Escrito por\" \/>\n\t<meta name=\"twitter:data1\" content=\"C\u00e1ssio Santana\" \/>\n\t<meta name=\"twitter:label2\" content=\"Est. tempo de leitura\" \/>\n\t<meta name=\"twitter:data2\" content=\"4 minutos\" \/>\n<script type=\"application\/ld+json\" class=\"yoast-schema-graph\">{\"@context\":\"https:\/\/schema.org\",\"@graph\":[{\"@type\":\"Article\",\"@id\":\"https:\/\/www.fsfx.com.br\/usisaude\/conscientizacao-dia-nacional-de-combate-ao-fumo-alerta-para-os-riscos-do-tabagismo\/#article\",\"isPartOf\":{\"@id\":\"https:\/\/www.fsfx.com.br\/usisaude\/conscientizacao-dia-nacional-de-combate-ao-fumo-alerta-para-os-riscos-do-tabagismo\/\"},\"author\":{\"name\":\"C\u00e1ssio Santana\",\"@id\":\"https:\/\/www.fsfx.com.br\/usisaude\/#\/schema\/person\/6bf2cced2b7a5d5d78f5610fc8f52504\"},\"headline\":\"Conscientiza\u00e7\u00e3o: Dia Nacional de Combate ao Fumo alerta para os riscos do tabagismo\",\"datePublished\":\"2023-08-29T14:32:58+00:00\",\"mainEntityOfPage\":{\"@id\":\"https:\/\/www.fsfx.com.br\/usisaude\/conscientizacao-dia-nacional-de-combate-ao-fumo-alerta-para-os-riscos-do-tabagismo\/\"},\"wordCount\":709,\"commentCount\":0,\"publisher\":{\"@id\":\"https:\/\/www.fsfx.com.br\/usisaude\/#organization\"},\"image\":{\"@id\":\"https:\/\/www.fsfx.com.br\/usisaude\/conscientizacao-dia-nacional-de-combate-ao-fumo-alerta-para-os-riscos-do-tabagismo\/#primaryimage\"},\"thumbnailUrl\":\"https:\/\/www.fsfx.com.br\/usisaude\/wp-content\/uploads\/sites\/6\/2023\/08\/Dia-Nacional-de-Combate-ao-Fumo.jpg\",\"articleSection\":[\"Not\u00edcias\"],\"inLanguage\":\"pt-BR\",\"potentialAction\":[{\"@type\":\"CommentAction\",\"name\":\"Comment\",\"target\":[\"https:\/\/www.fsfx.com.br\/usisaude\/conscientizacao-dia-nacional-de-combate-ao-fumo-alerta-para-os-riscos-do-tabagismo\/#respond\"]}]},{\"@type\":\"WebPage\",\"@id\":\"https:\/\/www.fsfx.com.br\/usisaude\/conscientizacao-dia-nacional-de-combate-ao-fumo-alerta-para-os-riscos-do-tabagismo\/\",\"url\":\"https:\/\/www.fsfx.com.br\/usisaude\/conscientizacao-dia-nacional-de-combate-ao-fumo-alerta-para-os-riscos-do-tabagismo\/\",\"name\":\"Conscientiza\u00e7\u00e3o: Dia Nacional de Combate ao Fumo alerta para os riscos do tabagismo - Usisa\u00fade\",\"isPartOf\":{\"@id\":\"https:\/\/www.fsfx.com.br\/usisaude\/#website\"},\"primaryImageOfPage\":{\"@id\":\"https:\/\/www.fsfx.com.br\/usisaude\/conscientizacao-dia-nacional-de-combate-ao-fumo-alerta-para-os-riscos-do-tabagismo\/#primaryimage\"},\"image\":{\"@id\":\"https:\/\/www.fsfx.com.br\/usisaude\/conscientizacao-dia-nacional-de-combate-ao-fumo-alerta-para-os-riscos-do-tabagismo\/#primaryimage\"},\"thumbnailUrl\":\"https:\/\/www.fsfx.com.br\/usisaude\/wp-content\/uploads\/sites\/6\/2023\/08\/Dia-Nacional-de-Combate-ao-Fumo.jpg\",\"datePublished\":\"2023-08-29T14:32:58+00:00\",\"breadcrumb\":{\"@id\":\"https:\/\/www.fsfx.com.br\/usisaude\/conscientizacao-dia-nacional-de-combate-ao-fumo-alerta-para-os-riscos-do-tabagismo\/#breadcrumb\"},\"inLanguage\":\"pt-BR\",\"potentialAction\":[{\"@type\":\"ReadAction\",\"target\":[\"https:\/\/www.fsfx.com.br\/usisaude\/conscientizacao-dia-nacional-de-combate-ao-fumo-alerta-para-os-riscos-do-tabagismo\/\"]}]},{\"@type\":\"ImageObject\",\"inLanguage\":\"pt-BR\",\"@id\":\"https:\/\/www.fsfx.com.br\/usisaude\/conscientizacao-dia-nacional-de-combate-ao-fumo-alerta-para-os-riscos-do-tabagismo\/#primaryimage\",\"url\":\"https:\/\/www.fsfx.com.br\/usisaude\/wp-content\/uploads\/sites\/6\/2023\/08\/Dia-Nacional-de-Combate-ao-Fumo.jpg\",\"contentUrl\":\"https:\/\/www.fsfx.com.br\/usisaude\/wp-content\/uploads\/sites\/6\/2023\/08\/Dia-Nacional-de-Combate-ao-Fumo.jpg\",\"width\":1920,\"height\":1051},{\"@type\":\"BreadcrumbList\",\"@id\":\"https:\/\/www.fsfx.com.br\/usisaude\/conscientizacao-dia-nacional-de-combate-ao-fumo-alerta-para-os-riscos-do-tabagismo\/#breadcrumb\",\"itemListElement\":[{\"@type\":\"ListItem\",\"position\":1,\"name\":\"In\u00edcio\",\"item\":\"https:\/\/www.fsfx.com.br\/usisaude\/\"},{\"@type\":\"ListItem\",\"position\":2,\"name\":\"Conscientiza\u00e7\u00e3o: Dia Nacional de Combate ao Fumo alerta para os riscos do tabagismo\"}]},{\"@type\":\"WebSite\",\"@id\":\"https:\/\/www.fsfx.com.br\/usisaude\/#website\",\"url\":\"https:\/\/www.fsfx.com.br\/usisaude\/\",\"name\":\"Usisa\u00fade\",\"description\":\"Somos a Usisa\u00fade, uma operadora de planos de sa\u00fade da Funda\u00e7\u00e3o S\u00e3o Francisco Xavier (FSFX), a maior em modalidade filantr\u00f3pica do pa\u00eds.\",\"publisher\":{\"@id\":\"https:\/\/www.fsfx.com.br\/usisaude\/#organization\"},\"potentialAction\":[{\"@type\":\"SearchAction\",\"target\":{\"@type\":\"EntryPoint\",\"urlTemplate\":\"https:\/\/www.fsfx.com.br\/usisaude\/?s={search_term_string}\"},\"query-input\":{\"@type\":\"PropertyValueSpecification\",\"valueRequired\":true,\"valueName\":\"search_term_string\"}}],\"inLanguage\":\"pt-BR\"},{\"@type\":\"Organization\",\"@id\":\"https:\/\/www.fsfx.com.br\/usisaude\/#organization\",\"name\":\"Usisa\u00fade\",\"url\":\"https:\/\/www.fsfx.com.br\/usisaude\/\",\"logo\":{\"@type\":\"ImageObject\",\"inLanguage\":\"pt-BR\",\"@id\":\"https:\/\/www.fsfx.com.br\/usisaude\/#\/schema\/logo\/image\/\",\"url\":\"https:\/\/www.fsfx.com.br\/usisaude\/wp-content\/uploads\/sites\/6\/2022\/03\/logo-ususaude-1.svg\",\"contentUrl\":\"https:\/\/www.fsfx.com.br\/usisaude\/wp-content\/uploads\/sites\/6\/2022\/03\/logo-ususaude-1.svg\",\"width\":445,\"height\":196,\"caption\":\"Usisa\u00fade\"},\"image\":{\"@id\":\"https:\/\/www.fsfx.com.br\/usisaude\/#\/schema\/logo\/image\/\"}},{\"@type\":\"Person\",\"@id\":\"https:\/\/www.fsfx.com.br\/usisaude\/#\/schema\/person\/6bf2cced2b7a5d5d78f5610fc8f52504\",\"name\":\"C\u00e1ssio Santana\",\"image\":{\"@type\":\"ImageObject\",\"inLanguage\":\"pt-BR\",\"@id\":\"https:\/\/www.fsfx.com.br\/usisaude\/#\/schema\/person\/image\/\",\"url\":\"https:\/\/secure.gravatar.com\/avatar\/ef79739de3edd2f5c2e7c4930b0808c62af99fc5520eaadc7899948f8bc6d2e1?s=96&d=mm&r=g\",\"contentUrl\":\"https:\/\/secure.gravatar.com\/avatar\/ef79739de3edd2f5c2e7c4930b0808c62af99fc5520eaadc7899948f8bc6d2e1?s=96&d=mm&r=g\",\"caption\":\"C\u00e1ssio Santana\"},\"url\":\"https:\/\/www.fsfx.com.br\/usisaude\/author\/cassio\/\"}]}<\/script>\n<!-- \/ Yoast SEO plugin. -->","yoast_head_json":{"title":"Conscientiza\u00e7\u00e3o: Dia Nacional de Combate ao Fumo alerta para os riscos do tabagismo - Usisa\u00fade","robots":{"index":"index","follow":"follow","max-snippet":"max-snippet:-1","max-image-preview":"max-image-preview:large","max-video-preview":"max-video-preview:-1"},"canonical":"https:\/\/www.fsfx.com.br\/usisaude\/conscientizacao-dia-nacional-de-combate-ao-fumo-alerta-para-os-riscos-do-tabagismo\/","og_locale":"pt_BR","og_type":"article","og_title":"Conscientiza\u00e7\u00e3o: Dia Nacional de Combate ao Fumo alerta para os riscos do tabagismo - Usisa\u00fade","og_description":"Data celebrada no dia 29 de agosto chama aten\u00e7\u00e3o para os riscos do fumante passivo e o aumento do consumo de cigarros eletr\u00f4nicos. O tabagismo, considerado por especialistas em sa\u00fade como uma doen\u00e7a cr\u00f4nica, que afeta aqueles que t\u00eam depend\u00eancia pelo uso da nicotina, \u00e9 respons\u00e1vel por 90% das mortes causadas por c\u00e2ncer de pulm\u00e3o, [&hellip;]","og_url":"https:\/\/www.fsfx.com.br\/usisaude\/conscientizacao-dia-nacional-de-combate-ao-fumo-alerta-para-os-riscos-do-tabagismo\/","og_site_name":"Usisa\u00fade","article_published_time":"2023-08-29T14:32:58+00:00","og_image":[{"width":1920,"height":1051,"url":"https:\/\/www.fsfx.com.br\/usisaude\/wp-content\/uploads\/sites\/6\/2023\/08\/Dia-Nacional-de-Combate-ao-Fumo.jpg","type":"image\/jpeg"}],"author":"C\u00e1ssio Santana","twitter_card":"summary_large_image","twitter_misc":{"Escrito por":"C\u00e1ssio Santana","Est. tempo de leitura":"4 minutos"},"schema":{"@context":"https:\/\/schema.org","@graph":[{"@type":"Article","@id":"https:\/\/www.fsfx.com.br\/usisaude\/conscientizacao-dia-nacional-de-combate-ao-fumo-alerta-para-os-riscos-do-tabagismo\/#article","isPartOf":{"@id":"https:\/\/www.fsfx.com.br\/usisaude\/conscientizacao-dia-nacional-de-combate-ao-fumo-alerta-para-os-riscos-do-tabagismo\/"},"author":{"name":"C\u00e1ssio Santana","@id":"https:\/\/www.fsfx.com.br\/usisaude\/#\/schema\/person\/6bf2cced2b7a5d5d78f5610fc8f52504"},"headline":"Conscientiza\u00e7\u00e3o: Dia Nacional de Combate ao Fumo alerta para os riscos do tabagismo","datePublished":"2023-08-29T14:32:58+00:00","mainEntityOfPage":{"@id":"https:\/\/www.fsfx.com.br\/usisaude\/conscientizacao-dia-nacional-de-combate-ao-fumo-alerta-para-os-riscos-do-tabagismo\/"},"wordCount":709,"commentCount":0,"publisher":{"@id":"https:\/\/www.fsfx.com.br\/usisaude\/#organization"},"image":{"@id":"https:\/\/www.fsfx.com.br\/usisaude\/conscientizacao-dia-nacional-de-combate-ao-fumo-alerta-para-os-riscos-do-tabagismo\/#primaryimage"},"thumbnailUrl":"https:\/\/www.fsfx.com.br\/usisaude\/wp-content\/uploads\/sites\/6\/2023\/08\/Dia-Nacional-de-Combate-ao-Fumo.jpg","articleSection":["Not\u00edcias"],"inLanguage":"pt-BR","potentialAction":[{"@type":"CommentAction","name":"Comment","target":["https:\/\/www.fsfx.com.br\/usisaude\/conscientizacao-dia-nacional-de-combate-ao-fumo-alerta-para-os-riscos-do-tabagismo\/#respond"]}]},{"@type":"WebPage","@id":"https:\/\/www.fsfx.com.br\/usisaude\/conscientizacao-dia-nacional-de-combate-ao-fumo-alerta-para-os-riscos-do-tabagismo\/","url":"https:\/\/www.fsfx.com.br\/usisaude\/conscientizacao-dia-nacional-de-combate-ao-fumo-alerta-para-os-riscos-do-tabagismo\/","name":"Conscientiza\u00e7\u00e3o: Dia Nacional de Combate ao Fumo alerta para os riscos do tabagismo - Usisa\u00fade","isPartOf":{"@id":"https:\/\/www.fsfx.com.br\/usisaude\/#website"},"primaryImageOfPage":{"@id":"https:\/\/www.fsfx.com.br\/usisaude\/conscientizacao-dia-nacional-de-combate-ao-fumo-alerta-para-os-riscos-do-tabagismo\/#primaryimage"},"image":{"@id":"https:\/\/www.fsfx.com.br\/usisaude\/conscientizacao-dia-nacional-de-combate-ao-fumo-alerta-para-os-riscos-do-tabagismo\/#primaryimage"},"thumbnailUrl":"https:\/\/www.fsfx.com.br\/usisaude\/wp-content\/uploads\/sites\/6\/2023\/08\/Dia-Nacional-de-Combate-ao-Fumo.jpg","datePublished":"2023-08-29T14:32:58+00:00","breadcrumb":{"@id":"https:\/\/www.fsfx.com.br\/usisaude\/conscientizacao-dia-nacional-de-combate-ao-fumo-alerta-para-os-riscos-do-tabagismo\/#breadcrumb"},"inLanguage":"pt-BR","potentialAction":[{"@type":"ReadAction","target":["https:\/\/www.fsfx.com.br\/usisaude\/conscientizacao-dia-nacional-de-combate-ao-fumo-alerta-para-os-riscos-do-tabagismo\/"]}]},{"@type":"ImageObject","inLanguage":"pt-BR","@id":"https:\/\/www.fsfx.com.br\/usisaude\/conscientizacao-dia-nacional-de-combate-ao-fumo-alerta-para-os-riscos-do-tabagismo\/#primaryimage","url":"https:\/\/www.fsfx.com.br\/usisaude\/wp-content\/uploads\/sites\/6\/2023\/08\/Dia-Nacional-de-Combate-ao-Fumo.jpg","contentUrl":"https:\/\/www.fsfx.com.br\/usisaude\/wp-content\/uploads\/sites\/6\/2023\/08\/Dia-Nacional-de-Combate-ao-Fumo.jpg","width":1920,"height":1051},{"@type":"BreadcrumbList","@id":"https:\/\/www.fsfx.com.br\/usisaude\/conscientizacao-dia-nacional-de-combate-ao-fumo-alerta-para-os-riscos-do-tabagismo\/#breadcrumb","itemListElement":[{"@type":"ListItem","position":1,"name":"In\u00edcio","item":"https:\/\/www.fsfx.com.br\/usisaude\/"},{"@type":"ListItem","position":2,"name":"Conscientiza\u00e7\u00e3o: Dia Nacional de Combate ao Fumo alerta para os riscos do tabagismo"}]},{"@type":"WebSite","@id":"https:\/\/www.fsfx.com.br\/usisaude\/#website","url":"https:\/\/www.fsfx.com.br\/usisaude\/","name":"Usisa\u00fade","description":"Somos a Usisa\u00fade, uma operadora de planos de sa\u00fade da Funda\u00e7\u00e3o S\u00e3o Francisco Xavier (FSFX), a maior em modalidade filantr\u00f3pica do pa\u00eds.","publisher":{"@id":"https:\/\/www.fsfx.com.br\/usisaude\/#organization"},"potentialAction":[{"@type":"SearchAction","target":{"@type":"EntryPoint","urlTemplate":"https:\/\/www.fsfx.com.br\/usisaude\/?s={search_term_string}"},"query-input":{"@type":"PropertyValueSpecification","valueRequired":true,"valueName":"search_term_string"}}],"inLanguage":"pt-BR"},{"@type":"Organization","@id":"https:\/\/www.fsfx.com.br\/usisaude\/#organization","name":"Usisa\u00fade","url":"https:\/\/www.fsfx.com.br\/usisaude\/","logo":{"@type":"ImageObject","inLanguage":"pt-BR","@id":"https:\/\/www.fsfx.com.br\/usisaude\/#\/schema\/logo\/image\/","url":"https:\/\/www.fsfx.com.br\/usisaude\/wp-content\/uploads\/sites\/6\/2022\/03\/logo-ususaude-1.svg","contentUrl":"https:\/\/www.fsfx.com.br\/usisaude\/wp-content\/uploads\/sites\/6\/2022\/03\/logo-ususaude-1.svg","width":445,"height":196,"caption":"Usisa\u00fade"},"image":{"@id":"https:\/\/www.fsfx.com.br\/usisaude\/#\/schema\/logo\/image\/"}},{"@type":"Person","@id":"https:\/\/www.fsfx.com.br\/usisaude\/#\/schema\/person\/6bf2cced2b7a5d5d78f5610fc8f52504","name":"C\u00e1ssio Santana","image":{"@type":"ImageObject","inLanguage":"pt-BR","@id":"https:\/\/www.fsfx.com.br\/usisaude\/#\/schema\/person\/image\/","url":"https:\/\/secure.gravatar.com\/avatar\/ef79739de3edd2f5c2e7c4930b0808c62af99fc5520eaadc7899948f8bc6d2e1?s=96&d=mm&r=g","contentUrl":"https:\/\/secure.gravatar.com\/avatar\/ef79739de3edd2f5c2e7c4930b0808c62af99fc5520eaadc7899948f8bc6d2e1?s=96&d=mm&r=g","caption":"C\u00e1ssio Santana"},"url":"https:\/\/www.fsfx.com.br\/usisaude\/author\/cassio\/"}]}},"_links":{"self":[{"href":"https:\/\/www.fsfx.com.br\/usisaude\/wp-json\/wp\/v2\/posts\/9308","targetHints":{"allow":["GET"]}}],"collection":[{"href":"https:\/\/www.fsfx.com.br\/usisaude\/wp-json\/wp\/v2\/posts"}],"about":[{"href":"https:\/\/www.fsfx.com.br\/usisaude\/wp-json\/wp\/v2\/types\/post"}],"author":[{"embeddable":true,"href":"https:\/\/www.fsfx.com.br\/usisaude\/wp-json\/wp\/v2\/users\/6"}],"replies":[{"embeddable":true,"href":"https:\/\/www.fsfx.com.br\/usisaude\/wp-json\/wp\/v2\/comments?post=9308"}],"version-history":[{"count":1,"href":"https:\/\/www.fsfx.com.br\/usisaude\/wp-json\/wp\/v2\/posts\/9308\/revisions"}],"predecessor-version":[{"id":9310,"href":"https:\/\/www.fsfx.com.br\/usisaude\/wp-json\/wp\/v2\/posts\/9308\/revisions\/9310"}],"wp:featuredmedia":[{"embeddable":true,"href":"https:\/\/www.fsfx.com.br\/usisaude\/wp-json\/wp\/v2\/media\/9309"}],"wp:attachment":[{"href":"https:\/\/www.fsfx.com.br\/usisaude\/wp-json\/wp\/v2\/media?parent=9308"}],"wp:term":[{"taxonomy":"category","embeddable":true,"href":"https:\/\/www.fsfx.com.br\/usisaude\/wp-json\/wp\/v2\/categories?post=9308"},{"taxonomy":"post_tag","embeddable":true,"href":"https:\/\/www.fsfx.com.br\/usisaude\/wp-json\/wp\/v2\/tags?post=9308"}],"curies":[{"name":"wp","href":"https:\/\/api.w.org\/{rel}","templated":true}]}}