{"id":9383,"date":"2023-09-22T08:20:32","date_gmt":"2023-09-22T11:20:32","guid":{"rendered":"https:\/\/www.fsfx.com.br\/usisaude\/?p=9383"},"modified":"2023-09-25T08:24:30","modified_gmt":"2023-09-25T11:24:30","slug":"onda-de-calor-em-minas-especialistas-alertam-para-os-cuidados-com-a-saude","status":"publish","type":"post","link":"https:\/\/www.fsfx.com.br\/usisaude\/onda-de-calor-em-minas-especialistas-alertam-para-os-cuidados-com-a-saude\/","title":{"rendered":"Onda de calor em Minas: especialistas alertam para os cuidados com a sa\u00fade"},"content":{"rendered":"<p style=\"text-align: center\"><em>M\u00e9dica da Aten\u00e7\u00e3o Prim\u00e1ria da Funda\u00e7\u00e3o S\u00e3o Francisco Xavier fala sobre os riscos que a exposi\u00e7\u00e3o ao sol e clima seco podem causar. <\/em><\/p>\n<p>A Coordenadoria Estadual de Defesa Civil (Cedec) divulgou esta semana, um comunicado de alerta para todo o estado, devido a onda de calor com temperaturas que se aproximam dos 40\u00baC, em algumas regi\u00f5es de Minas para os pr\u00f3ximos dias. No Norte e Tri\u00e2ngulo, os term\u00f4metros devem ficar acima dos 39\u00baC, nas \u00e1reas do Noroeste, Central Mineira, Oeste, Sul e Alto Parana\u00edba, a temperatura varia entre 35 e 38\u00baC. J\u00e1 na Zona da Mata, regi\u00e3o Metropolitana de Belo Horizonte, Vale do Rio Doce, Vale do Mucuri e Jequitinhonha, as temperaturas avan\u00e7am entre 31 e 34\u00baC.<\/p>\n<p><img fetchpriority=\"high\" decoding=\"async\" class=\"size-medium wp-image-11416 alignleft\" src=\"https:\/\/www.fsfx.com.br\/hospital-marcio-cunha\/wp-content\/uploads\/sites\/9\/2023\/09\/Que-altas-temperaturas-afetam-a-sua-saude-300x300.jpg\" alt=\"\" width=\"300\" height=\"300\" \/>A onda de calor, com temperaturas at\u00e9 5\u00baC acima da m\u00e9dia e o clima seco, s\u00e3o condi\u00e7\u00f5es clim\u00e1ticas que levam \u00e0s situa\u00e7\u00f5es de risco \u00e0 sa\u00fade. \u00c9 o que alerta a m\u00e9dica da Aten\u00e7\u00e3o Prim\u00e1ria da Funda\u00e7\u00e3o S\u00e3o Francisco Xavier Funda\u00e7\u00e3o S\u00e3o Francisco Xavier, P\u00e2mela Rodrigues. Segundo a especialista, quando uma pessoa se exp\u00f5e \u00e0s altas temperaturas, o corpo sofre modifica\u00e7\u00f5es para se adaptar, o que podem gerar sintomas como, altera\u00e7\u00e3o da press\u00e3o arterial, dor de cabe\u00e7a, aumento da frequ\u00eancia card\u00edaca, at\u00e9 mesmo tonteira, fadiga ou sonol\u00eancia.<\/p>\n<p>\u201cCasos extremos de exposi\u00e7\u00e3o ao sol e as altas temperaturas pedem aten\u00e7\u00e3o e devemos redobrar os cuidados com a hidrata\u00e7\u00e3o nesse per\u00edodo. Um cuidado especial deve ser dado aos idosos, crian\u00e7as, pacientes fragilizados e trabalhadores que precisam se expor ao sol diariamente. Lembrando que qualquer pessoa pode ser v\u00edtima da desidrata\u00e7\u00e3o\u201d, alerta a m\u00e9dica.<\/p>\n<p><strong>Cuidados recomendados<\/strong><\/p>\n<p>A especialista alerta ainda que a hidrata\u00e7\u00e3o oral \u00e9 indispens\u00e1vel, sobretudo nos dias quentes, e pode ser feita pela ingest\u00e3o de pelo menos 2 litros de \u00e1gua ao dia e pelo consumo de alimentos que tamb\u00e9m auxiliam na hidrata\u00e7\u00e3o, como as frutas. Para se proteger do sol e do calor \u00e9 indicado o uso de roupas leves, \u00f3culos de sol e protetor solar. \u00c9 recomend\u00e1vel ainda evitar exerc\u00edcios f\u00edsicos extenuantes e atividades ao ar livre durante os hor\u00e1rios mais quentes do dia.<\/p>\n","protected":false},"excerpt":{"rendered":"<p>M\u00e9dica da Aten\u00e7\u00e3o Prim\u00e1ria da Funda\u00e7\u00e3o S\u00e3o Francisco Xavier fala sobre os riscos que a exposi\u00e7\u00e3o ao sol e clima seco podem causar. A Coordenadoria Estadual de Defesa Civil (Cedec) divulgou esta semana, um comunicado de alerta para todo o estado, devido a onda de calor com temperaturas que se aproximam dos 40\u00baC, em algumas [&hellip;]<\/p>\n","protected":false},"author":6,"featured_media":9384,"comment_status":"open","ping_status":"open","sticky":false,"template":"","format":"standard","meta":{"_acf_changed":false,"site-sidebar-layout":"default","site-content-layout":"","ast-site-content-layout":"default","site-content-style":"default","site-sidebar-style":"default","ast-global-header-display":"","ast-banner-title-visibility":"","ast-main-header-display":"","ast-hfb-above-header-display":"","ast-hfb-below-header-display":"","ast-hfb-mobile-header-display":"","site-post-title":"","ast-breadcrumbs-content":"","ast-featured-img":"","footer-sml-layout":"","theme-transparent-header-meta":"","adv-header-id-meta":"","stick-header-meta":"","header-above-stick-meta":"","header-main-stick-meta":"","header-below-stick-meta":"","astra-migrate-meta-layouts":"default","ast-page-background-enabled":"default","ast-page-background-meta":{"desktop":{"background-color":"var(--ast-global-color-4)","background-image":"","background-repeat":"repeat","background-position":"center center","background-size":"auto","background-attachment":"scroll","background-type":"","background-media":"","overlay-type":"","overlay-color":"","overlay-opacity":"","overlay-gradient":""},"tablet":{"background-color":"","background-image":"","background-repeat":"repeat","background-position":"center center","background-size":"auto","background-attachment":"scroll","background-type":"","background-media":"","overlay-type":"","overlay-color":"","overlay-opacity":"","overlay-gradient":""},"mobile":{"background-color":"","background-image":"","background-repeat":"repeat","background-position":"center center","background-size":"auto","background-attachment":"scroll","background-type":"","background-media":"","overlay-type":"","overlay-color":"","overlay-opacity":"","overlay-gradient":""}},"ast-content-background-meta":{"desktop":{"background-color":"var(--ast-global-color-5)","background-image":"","background-repeat":"repeat","background-position":"center center","background-size":"auto","background-attachment":"scroll","background-type":"","background-media":"","overlay-type":"","overlay-color":"","overlay-opacity":"","overlay-gradient":""},"tablet":{"background-color":"var(--ast-global-color-5)","background-image":"","background-repeat":"repeat","background-position":"center center","background-size":"auto","background-attachment":"scroll","background-type":"","background-media":"","overlay-type":"","overlay-color":"","overlay-opacity":"","overlay-gradient":""},"mobile":{"background-color":"var(--ast-global-color-5)","background-image":"","background-repeat":"repeat","background-position":"center center","background-size":"auto","background-attachment":"scroll","background-type":"","background-media":"","overlay-type":"","overlay-color":"","overlay-opacity":"","overlay-gradient":""}},"footnotes":""},"categories":[1],"tags":[],"class_list":["post-9383","post","type-post","status-publish","format-standard","has-post-thumbnail","hentry","category-noticias"],"acf":[],"yoast_head":"<!-- This site is optimized with the Yoast SEO plugin v26.9 - https:\/\/yoast.com\/product\/yoast-seo-wordpress\/ -->\n<title>Onda de calor em Minas: especialistas alertam para os cuidados com a sa\u00fade - Usisa\u00fade<\/title>\n<meta name=\"robots\" content=\"index, follow, max-snippet:-1, max-image-preview:large, max-video-preview:-1\" \/>\n<link rel=\"canonical\" href=\"https:\/\/www.fsfx.com.br\/usisaude\/onda-de-calor-em-minas-especialistas-alertam-para-os-cuidados-com-a-saude\/\" \/>\n<meta property=\"og:locale\" content=\"pt_BR\" \/>\n<meta property=\"og:type\" content=\"article\" \/>\n<meta property=\"og:title\" content=\"Onda de calor em Minas: especialistas alertam para os cuidados com a sa\u00fade - Usisa\u00fade\" \/>\n<meta property=\"og:description\" content=\"M\u00e9dica da Aten\u00e7\u00e3o Prim\u00e1ria da Funda\u00e7\u00e3o S\u00e3o Francisco Xavier fala sobre os riscos que a exposi\u00e7\u00e3o ao sol e clima seco podem causar. A Coordenadoria Estadual de Defesa Civil (Cedec) divulgou esta semana, um comunicado de alerta para todo o estado, devido a onda de calor com temperaturas que se aproximam dos 40\u00baC, em algumas [&hellip;]\" \/>\n<meta property=\"og:url\" content=\"https:\/\/www.fsfx.com.br\/usisaude\/onda-de-calor-em-minas-especialistas-alertam-para-os-cuidados-com-a-saude\/\" \/>\n<meta property=\"og:site_name\" content=\"Usisa\u00fade\" \/>\n<meta property=\"article:published_time\" content=\"2023-09-22T11:20:32+00:00\" \/>\n<meta property=\"article:modified_time\" content=\"2023-09-25T11:24:30+00:00\" \/>\n<meta property=\"og:image\" content=\"https:\/\/www.fsfx.com.br\/usisaude\/wp-content\/uploads\/sites\/6\/2023\/09\/iStock-636083442.jpg\" \/>\n\t<meta property=\"og:image:width\" content=\"1254\" \/>\n\t<meta property=\"og:image:height\" content=\"837\" \/>\n\t<meta property=\"og:image:type\" content=\"image\/jpeg\" \/>\n<meta name=\"author\" content=\"C\u00e1ssio Santana\" \/>\n<meta name=\"twitter:card\" content=\"summary_large_image\" \/>\n<meta name=\"twitter:label1\" content=\"Escrito por\" \/>\n\t<meta name=\"twitter:data1\" content=\"C\u00e1ssio Santana\" \/>\n\t<meta name=\"twitter:label2\" content=\"Est. tempo de leitura\" \/>\n\t<meta name=\"twitter:data2\" content=\"3 minutos\" \/>\n<script type=\"application\/ld+json\" class=\"yoast-schema-graph\">{\"@context\":\"https:\/\/schema.org\",\"@graph\":[{\"@type\":\"Article\",\"@id\":\"https:\/\/www.fsfx.com.br\/usisaude\/onda-de-calor-em-minas-especialistas-alertam-para-os-cuidados-com-a-saude\/#article\",\"isPartOf\":{\"@id\":\"https:\/\/www.fsfx.com.br\/usisaude\/onda-de-calor-em-minas-especialistas-alertam-para-os-cuidados-com-a-saude\/\"},\"author\":{\"name\":\"C\u00e1ssio Santana\",\"@id\":\"https:\/\/www.fsfx.com.br\/usisaude\/#\/schema\/person\/6bf2cced2b7a5d5d78f5610fc8f52504\"},\"headline\":\"Onda de calor em Minas: especialistas alertam para os cuidados com a sa\u00fade\",\"datePublished\":\"2023-09-22T11:20:32+00:00\",\"dateModified\":\"2023-09-25T11:24:30+00:00\",\"mainEntityOfPage\":{\"@id\":\"https:\/\/www.fsfx.com.br\/usisaude\/onda-de-calor-em-minas-especialistas-alertam-para-os-cuidados-com-a-saude\/\"},\"wordCount\":400,\"commentCount\":0,\"publisher\":{\"@id\":\"https:\/\/www.fsfx.com.br\/usisaude\/#organization\"},\"image\":{\"@id\":\"https:\/\/www.fsfx.com.br\/usisaude\/onda-de-calor-em-minas-especialistas-alertam-para-os-cuidados-com-a-saude\/#primaryimage\"},\"thumbnailUrl\":\"https:\/\/www.fsfx.com.br\/usisaude\/wp-content\/uploads\/sites\/6\/2023\/09\/iStock-636083442.jpg\",\"articleSection\":[\"Not\u00edcias\"],\"inLanguage\":\"pt-BR\",\"potentialAction\":[{\"@type\":\"CommentAction\",\"name\":\"Comment\",\"target\":[\"https:\/\/www.fsfx.com.br\/usisaude\/onda-de-calor-em-minas-especialistas-alertam-para-os-cuidados-com-a-saude\/#respond\"]}]},{\"@type\":\"WebPage\",\"@id\":\"https:\/\/www.fsfx.com.br\/usisaude\/onda-de-calor-em-minas-especialistas-alertam-para-os-cuidados-com-a-saude\/\",\"url\":\"https:\/\/www.fsfx.com.br\/usisaude\/onda-de-calor-em-minas-especialistas-alertam-para-os-cuidados-com-a-saude\/\",\"name\":\"Onda de calor em Minas: especialistas alertam para os cuidados com a sa\u00fade - Usisa\u00fade\",\"isPartOf\":{\"@id\":\"https:\/\/www.fsfx.com.br\/usisaude\/#website\"},\"primaryImageOfPage\":{\"@id\":\"https:\/\/www.fsfx.com.br\/usisaude\/onda-de-calor-em-minas-especialistas-alertam-para-os-cuidados-com-a-saude\/#primaryimage\"},\"image\":{\"@id\":\"https:\/\/www.fsfx.com.br\/usisaude\/onda-de-calor-em-minas-especialistas-alertam-para-os-cuidados-com-a-saude\/#primaryimage\"},\"thumbnailUrl\":\"https:\/\/www.fsfx.com.br\/usisaude\/wp-content\/uploads\/sites\/6\/2023\/09\/iStock-636083442.jpg\",\"datePublished\":\"2023-09-22T11:20:32+00:00\",\"dateModified\":\"2023-09-25T11:24:30+00:00\",\"breadcrumb\":{\"@id\":\"https:\/\/www.fsfx.com.br\/usisaude\/onda-de-calor-em-minas-especialistas-alertam-para-os-cuidados-com-a-saude\/#breadcrumb\"},\"inLanguage\":\"pt-BR\",\"potentialAction\":[{\"@type\":\"ReadAction\",\"target\":[\"https:\/\/www.fsfx.com.br\/usisaude\/onda-de-calor-em-minas-especialistas-alertam-para-os-cuidados-com-a-saude\/\"]}]},{\"@type\":\"ImageObject\",\"inLanguage\":\"pt-BR\",\"@id\":\"https:\/\/www.fsfx.com.br\/usisaude\/onda-de-calor-em-minas-especialistas-alertam-para-os-cuidados-com-a-saude\/#primaryimage\",\"url\":\"https:\/\/www.fsfx.com.br\/usisaude\/wp-content\/uploads\/sites\/6\/2023\/09\/iStock-636083442.jpg\",\"contentUrl\":\"https:\/\/www.fsfx.com.br\/usisaude\/wp-content\/uploads\/sites\/6\/2023\/09\/iStock-636083442.jpg\",\"width\":1254,\"height\":837,\"caption\":\"Cropped shot of a young woman enjoying a bottle of water while out for a run\"},{\"@type\":\"BreadcrumbList\",\"@id\":\"https:\/\/www.fsfx.com.br\/usisaude\/onda-de-calor-em-minas-especialistas-alertam-para-os-cuidados-com-a-saude\/#breadcrumb\",\"itemListElement\":[{\"@type\":\"ListItem\",\"position\":1,\"name\":\"In\u00edcio\",\"item\":\"https:\/\/www.fsfx.com.br\/usisaude\/\"},{\"@type\":\"ListItem\",\"position\":2,\"name\":\"Onda de calor em Minas: especialistas alertam para os cuidados com a sa\u00fade\"}]},{\"@type\":\"WebSite\",\"@id\":\"https:\/\/www.fsfx.com.br\/usisaude\/#website\",\"url\":\"https:\/\/www.fsfx.com.br\/usisaude\/\",\"name\":\"Usisa\u00fade\",\"description\":\"Somos a Usisa\u00fade, uma operadora de planos de sa\u00fade da Funda\u00e7\u00e3o S\u00e3o Francisco Xavier (FSFX), a maior em modalidade filantr\u00f3pica do pa\u00eds.\",\"publisher\":{\"@id\":\"https:\/\/www.fsfx.com.br\/usisaude\/#organization\"},\"potentialAction\":[{\"@type\":\"SearchAction\",\"target\":{\"@type\":\"EntryPoint\",\"urlTemplate\":\"https:\/\/www.fsfx.com.br\/usisaude\/?s={search_term_string}\"},\"query-input\":{\"@type\":\"PropertyValueSpecification\",\"valueRequired\":true,\"valueName\":\"search_term_string\"}}],\"inLanguage\":\"pt-BR\"},{\"@type\":\"Organization\",\"@id\":\"https:\/\/www.fsfx.com.br\/usisaude\/#organization\",\"name\":\"Usisa\u00fade\",\"url\":\"https:\/\/www.fsfx.com.br\/usisaude\/\",\"logo\":{\"@type\":\"ImageObject\",\"inLanguage\":\"pt-BR\",\"@id\":\"https:\/\/www.fsfx.com.br\/usisaude\/#\/schema\/logo\/image\/\",\"url\":\"https:\/\/www.fsfx.com.br\/usisaude\/wp-content\/uploads\/sites\/6\/2022\/03\/logo-ususaude-1.svg\",\"contentUrl\":\"https:\/\/www.fsfx.com.br\/usisaude\/wp-content\/uploads\/sites\/6\/2022\/03\/logo-ususaude-1.svg\",\"width\":445,\"height\":196,\"caption\":\"Usisa\u00fade\"},\"image\":{\"@id\":\"https:\/\/www.fsfx.com.br\/usisaude\/#\/schema\/logo\/image\/\"}},{\"@type\":\"Person\",\"@id\":\"https:\/\/www.fsfx.com.br\/usisaude\/#\/schema\/person\/6bf2cced2b7a5d5d78f5610fc8f52504\",\"name\":\"C\u00e1ssio Santana\",\"image\":{\"@type\":\"ImageObject\",\"inLanguage\":\"pt-BR\",\"@id\":\"https:\/\/www.fsfx.com.br\/usisaude\/#\/schema\/person\/image\/\",\"url\":\"https:\/\/secure.gravatar.com\/avatar\/ef79739de3edd2f5c2e7c4930b0808c62af99fc5520eaadc7899948f8bc6d2e1?s=96&d=mm&r=g\",\"contentUrl\":\"https:\/\/secure.gravatar.com\/avatar\/ef79739de3edd2f5c2e7c4930b0808c62af99fc5520eaadc7899948f8bc6d2e1?s=96&d=mm&r=g\",\"caption\":\"C\u00e1ssio Santana\"},\"url\":\"https:\/\/www.fsfx.com.br\/usisaude\/author\/cassio\/\"}]}<\/script>\n<!-- \/ Yoast SEO plugin. -->","yoast_head_json":{"title":"Onda de calor em Minas: especialistas alertam para os cuidados com a sa\u00fade - Usisa\u00fade","robots":{"index":"index","follow":"follow","max-snippet":"max-snippet:-1","max-image-preview":"max-image-preview:large","max-video-preview":"max-video-preview:-1"},"canonical":"https:\/\/www.fsfx.com.br\/usisaude\/onda-de-calor-em-minas-especialistas-alertam-para-os-cuidados-com-a-saude\/","og_locale":"pt_BR","og_type":"article","og_title":"Onda de calor em Minas: especialistas alertam para os cuidados com a sa\u00fade - Usisa\u00fade","og_description":"M\u00e9dica da Aten\u00e7\u00e3o Prim\u00e1ria da Funda\u00e7\u00e3o S\u00e3o Francisco Xavier fala sobre os riscos que a exposi\u00e7\u00e3o ao sol e clima seco podem causar. A Coordenadoria Estadual de Defesa Civil (Cedec) divulgou esta semana, um comunicado de alerta para todo o estado, devido a onda de calor com temperaturas que se aproximam dos 40\u00baC, em algumas [&hellip;]","og_url":"https:\/\/www.fsfx.com.br\/usisaude\/onda-de-calor-em-minas-especialistas-alertam-para-os-cuidados-com-a-saude\/","og_site_name":"Usisa\u00fade","article_published_time":"2023-09-22T11:20:32+00:00","article_modified_time":"2023-09-25T11:24:30+00:00","og_image":[{"width":1254,"height":837,"url":"https:\/\/www.fsfx.com.br\/usisaude\/wp-content\/uploads\/sites\/6\/2023\/09\/iStock-636083442.jpg","type":"image\/jpeg"}],"author":"C\u00e1ssio Santana","twitter_card":"summary_large_image","twitter_misc":{"Escrito por":"C\u00e1ssio Santana","Est. tempo de leitura":"3 minutos"},"schema":{"@context":"https:\/\/schema.org","@graph":[{"@type":"Article","@id":"https:\/\/www.fsfx.com.br\/usisaude\/onda-de-calor-em-minas-especialistas-alertam-para-os-cuidados-com-a-saude\/#article","isPartOf":{"@id":"https:\/\/www.fsfx.com.br\/usisaude\/onda-de-calor-em-minas-especialistas-alertam-para-os-cuidados-com-a-saude\/"},"author":{"name":"C\u00e1ssio Santana","@id":"https:\/\/www.fsfx.com.br\/usisaude\/#\/schema\/person\/6bf2cced2b7a5d5d78f5610fc8f52504"},"headline":"Onda de calor em Minas: especialistas alertam para os cuidados com a sa\u00fade","datePublished":"2023-09-22T11:20:32+00:00","dateModified":"2023-09-25T11:24:30+00:00","mainEntityOfPage":{"@id":"https:\/\/www.fsfx.com.br\/usisaude\/onda-de-calor-em-minas-especialistas-alertam-para-os-cuidados-com-a-saude\/"},"wordCount":400,"commentCount":0,"publisher":{"@id":"https:\/\/www.fsfx.com.br\/usisaude\/#organization"},"image":{"@id":"https:\/\/www.fsfx.com.br\/usisaude\/onda-de-calor-em-minas-especialistas-alertam-para-os-cuidados-com-a-saude\/#primaryimage"},"thumbnailUrl":"https:\/\/www.fsfx.com.br\/usisaude\/wp-content\/uploads\/sites\/6\/2023\/09\/iStock-636083442.jpg","articleSection":["Not\u00edcias"],"inLanguage":"pt-BR","potentialAction":[{"@type":"CommentAction","name":"Comment","target":["https:\/\/www.fsfx.com.br\/usisaude\/onda-de-calor-em-minas-especialistas-alertam-para-os-cuidados-com-a-saude\/#respond"]}]},{"@type":"WebPage","@id":"https:\/\/www.fsfx.com.br\/usisaude\/onda-de-calor-em-minas-especialistas-alertam-para-os-cuidados-com-a-saude\/","url":"https:\/\/www.fsfx.com.br\/usisaude\/onda-de-calor-em-minas-especialistas-alertam-para-os-cuidados-com-a-saude\/","name":"Onda de calor em Minas: especialistas alertam para os cuidados com a sa\u00fade - Usisa\u00fade","isPartOf":{"@id":"https:\/\/www.fsfx.com.br\/usisaude\/#website"},"primaryImageOfPage":{"@id":"https:\/\/www.fsfx.com.br\/usisaude\/onda-de-calor-em-minas-especialistas-alertam-para-os-cuidados-com-a-saude\/#primaryimage"},"image":{"@id":"https:\/\/www.fsfx.com.br\/usisaude\/onda-de-calor-em-minas-especialistas-alertam-para-os-cuidados-com-a-saude\/#primaryimage"},"thumbnailUrl":"https:\/\/www.fsfx.com.br\/usisaude\/wp-content\/uploads\/sites\/6\/2023\/09\/iStock-636083442.jpg","datePublished":"2023-09-22T11:20:32+00:00","dateModified":"2023-09-25T11:24:30+00:00","breadcrumb":{"@id":"https:\/\/www.fsfx.com.br\/usisaude\/onda-de-calor-em-minas-especialistas-alertam-para-os-cuidados-com-a-saude\/#breadcrumb"},"inLanguage":"pt-BR","potentialAction":[{"@type":"ReadAction","target":["https:\/\/www.fsfx.com.br\/usisaude\/onda-de-calor-em-minas-especialistas-alertam-para-os-cuidados-com-a-saude\/"]}]},{"@type":"ImageObject","inLanguage":"pt-BR","@id":"https:\/\/www.fsfx.com.br\/usisaude\/onda-de-calor-em-minas-especialistas-alertam-para-os-cuidados-com-a-saude\/#primaryimage","url":"https:\/\/www.fsfx.com.br\/usisaude\/wp-content\/uploads\/sites\/6\/2023\/09\/iStock-636083442.jpg","contentUrl":"https:\/\/www.fsfx.com.br\/usisaude\/wp-content\/uploads\/sites\/6\/2023\/09\/iStock-636083442.jpg","width":1254,"height":837,"caption":"Cropped shot of a young woman enjoying a bottle of water while out for a run"},{"@type":"BreadcrumbList","@id":"https:\/\/www.fsfx.com.br\/usisaude\/onda-de-calor-em-minas-especialistas-alertam-para-os-cuidados-com-a-saude\/#breadcrumb","itemListElement":[{"@type":"ListItem","position":1,"name":"In\u00edcio","item":"https:\/\/www.fsfx.com.br\/usisaude\/"},{"@type":"ListItem","position":2,"name":"Onda de calor em Minas: especialistas alertam para os cuidados com a sa\u00fade"}]},{"@type":"WebSite","@id":"https:\/\/www.fsfx.com.br\/usisaude\/#website","url":"https:\/\/www.fsfx.com.br\/usisaude\/","name":"Usisa\u00fade","description":"Somos a Usisa\u00fade, uma operadora de planos de sa\u00fade da Funda\u00e7\u00e3o S\u00e3o Francisco Xavier (FSFX), a maior em modalidade filantr\u00f3pica do pa\u00eds.","publisher":{"@id":"https:\/\/www.fsfx.com.br\/usisaude\/#organization"},"potentialAction":[{"@type":"SearchAction","target":{"@type":"EntryPoint","urlTemplate":"https:\/\/www.fsfx.com.br\/usisaude\/?s={search_term_string}"},"query-input":{"@type":"PropertyValueSpecification","valueRequired":true,"valueName":"search_term_string"}}],"inLanguage":"pt-BR"},{"@type":"Organization","@id":"https:\/\/www.fsfx.com.br\/usisaude\/#organization","name":"Usisa\u00fade","url":"https:\/\/www.fsfx.com.br\/usisaude\/","logo":{"@type":"ImageObject","inLanguage":"pt-BR","@id":"https:\/\/www.fsfx.com.br\/usisaude\/#\/schema\/logo\/image\/","url":"https:\/\/www.fsfx.com.br\/usisaude\/wp-content\/uploads\/sites\/6\/2022\/03\/logo-ususaude-1.svg","contentUrl":"https:\/\/www.fsfx.com.br\/usisaude\/wp-content\/uploads\/sites\/6\/2022\/03\/logo-ususaude-1.svg","width":445,"height":196,"caption":"Usisa\u00fade"},"image":{"@id":"https:\/\/www.fsfx.com.br\/usisaude\/#\/schema\/logo\/image\/"}},{"@type":"Person","@id":"https:\/\/www.fsfx.com.br\/usisaude\/#\/schema\/person\/6bf2cced2b7a5d5d78f5610fc8f52504","name":"C\u00e1ssio Santana","image":{"@type":"ImageObject","inLanguage":"pt-BR","@id":"https:\/\/www.fsfx.com.br\/usisaude\/#\/schema\/person\/image\/","url":"https:\/\/secure.gravatar.com\/avatar\/ef79739de3edd2f5c2e7c4930b0808c62af99fc5520eaadc7899948f8bc6d2e1?s=96&d=mm&r=g","contentUrl":"https:\/\/secure.gravatar.com\/avatar\/ef79739de3edd2f5c2e7c4930b0808c62af99fc5520eaadc7899948f8bc6d2e1?s=96&d=mm&r=g","caption":"C\u00e1ssio Santana"},"url":"https:\/\/www.fsfx.com.br\/usisaude\/author\/cassio\/"}]}},"_links":{"self":[{"href":"https:\/\/www.fsfx.com.br\/usisaude\/wp-json\/wp\/v2\/posts\/9383","targetHints":{"allow":["GET"]}}],"collection":[{"href":"https:\/\/www.fsfx.com.br\/usisaude\/wp-json\/wp\/v2\/posts"}],"about":[{"href":"https:\/\/www.fsfx.com.br\/usisaude\/wp-json\/wp\/v2\/types\/post"}],"author":[{"embeddable":true,"href":"https:\/\/www.fsfx.com.br\/usisaude\/wp-json\/wp\/v2\/users\/6"}],"replies":[{"embeddable":true,"href":"https:\/\/www.fsfx.com.br\/usisaude\/wp-json\/wp\/v2\/comments?post=9383"}],"version-history":[{"count":1,"href":"https:\/\/www.fsfx.com.br\/usisaude\/wp-json\/wp\/v2\/posts\/9383\/revisions"}],"predecessor-version":[{"id":9385,"href":"https:\/\/www.fsfx.com.br\/usisaude\/wp-json\/wp\/v2\/posts\/9383\/revisions\/9385"}],"wp:featuredmedia":[{"embeddable":true,"href":"https:\/\/www.fsfx.com.br\/usisaude\/wp-json\/wp\/v2\/media\/9384"}],"wp:attachment":[{"href":"https:\/\/www.fsfx.com.br\/usisaude\/wp-json\/wp\/v2\/media?parent=9383"}],"wp:term":[{"taxonomy":"category","embeddable":true,"href":"https:\/\/www.fsfx.com.br\/usisaude\/wp-json\/wp\/v2\/categories?post=9383"},{"taxonomy":"post_tag","embeddable":true,"href":"https:\/\/www.fsfx.com.br\/usisaude\/wp-json\/wp\/v2\/tags?post=9383"}],"curies":[{"name":"wp","href":"https:\/\/api.w.org\/{rel}","templated":true}]}}