{"id":9910,"date":"2024-01-17T13:14:21","date_gmt":"2024-01-17T16:14:21","guid":{"rendered":"https:\/\/www.fsfx.com.br\/usisaude\/?p=9910"},"modified":"2024-01-17T13:14:21","modified_gmt":"2024-01-17T16:14:21","slug":"check-up-de-ferias-e-a-importancia-dos-cuidados-com-a-saude-durante-o-descanso","status":"publish","type":"post","link":"https:\/\/www.fsfx.com.br\/usisaude\/check-up-de-ferias-e-a-importancia-dos-cuidados-com-a-saude-durante-o-descanso\/","title":{"rendered":"&#8220;Check-up de F\u00e9rias&#8221; e a import\u00e2ncia dos cuidados com a sa\u00fade durante o descanso"},"content":{"rendered":"<p style=\"text-align: center\"><em>Cardiologista da Funda\u00e7\u00e3o S\u00e3o Francisco Xavier orienta sobre priorizar um momento para os cuidados com o bem-estar f\u00edsico e mental.<\/em><\/p>\n<p>Durante as f\u00e9rias, muitas pessoas aproveitam para descansar, relaxar e se divertir. Contudo, esse tempo de folga pode ser uma excelente oportunidade para priorizar a sa\u00fade. Muitos optam por realizar o &#8220;check-up de f\u00e9rias&#8221;, focando no cuidado do bem-estar f\u00edsico e mental enquanto desfrutam do merecido descanso. Essa pr\u00e1tica engloba avalia\u00e7\u00f5es m\u00e9dicas e de outros profissionais da sa\u00fade, exames preventivos e aten\u00e7\u00e3o aos cuidados pessoais, proporcionando uma vis\u00e3o abrangente do estado de sa\u00fade.<\/p>\n<figure id=\"attachment_9911\" aria-describedby=\"caption-attachment-9911\" style=\"width: 229px\" class=\"wp-caption alignleft\"><img fetchpriority=\"high\" decoding=\"async\" class=\"wp-image-9911 size-medium\" src=\"https:\/\/www.fsfx.com.br\/usisaude\/wp-content\/uploads\/sites\/6\/2024\/01\/Milton-Henriques-Guimaraes-Junior-\u2013-medico-cardiologista-do-Hospital-do-Marcio-Cunha--229x300.jpeg\" alt=\"\" width=\"229\" height=\"300\" srcset=\"https:\/\/www.fsfx.com.br\/usisaude\/wp-content\/uploads\/sites\/6\/2024\/01\/Milton-Henriques-Guimaraes-Junior-\u2013-medico-cardiologista-do-Hospital-do-Marcio-Cunha--229x300.jpeg 229w, https:\/\/www.fsfx.com.br\/usisaude\/wp-content\/uploads\/sites\/6\/2024\/01\/Milton-Henriques-Guimaraes-Junior-\u2013-medico-cardiologista-do-Hospital-do-Marcio-Cunha-.jpeg 753w\" sizes=\"(max-width: 229px) 100vw, 229px\" \/><figcaption id=\"caption-attachment-9911\" class=\"wp-caption-text\">Milton Henriques Guimar\u00e3es J\u00fanior \u2013 m\u00e9dico cardiologista do Hospital do M\u00e1rcio Cunha<\/figcaption><\/figure>\n<p>Segundo especialistas, dedicar-se \u00e0 sa\u00fade durante as f\u00e9rias vai al\u00e9m de uma simples tend\u00eancia, sendo uma medida inteligente. O m\u00e9dico cardiologista do Hospital M\u00e1rcio Cunha, administrado pela Funda\u00e7\u00e3o S\u00e3o Francisco Xavier, Milton Henriques Guimar\u00e3es J\u00fanior, ressalta que, por meio de consulta e de exames b\u00e1sicos, \u00e9 poss\u00edvel diagnosticar doen\u00e7as, possibilitando tratamentos iniciais para in\u00fameras patologias, contribuindo para uma vida mais saud\u00e1vel e de melhor qualidade. \u201cA preven\u00e7\u00e3o a doen\u00e7as e os cuidados b\u00e1sicos come\u00e7am por mudan\u00e7as de h\u00e1bitos como o n\u00e3o tabagismo e a pr\u00e1tica de atividade f\u00edsica. \u00c9 de grande import\u00e2ncia o controle do peso, sendo que hoje a obesidade \u00e9 entendida como uma doen\u00e7a cr\u00f4nica, relacionada ao surgimento da hipertens\u00e3o arterial, do diabetes, da insufici\u00eancia card\u00edaca e do c\u00e2ncer\u201d, destaca o m\u00e9dico.<\/p>\n<p>Ainda segundo o cardiologista, outros elementos b\u00e1sicos que contribuem para uma boa sa\u00fade s\u00e3o o controle da press\u00e3o arterial, n\u00edveis de glicemia (a\u00e7\u00facar no sangue) e n\u00edveis de colesterol. Manter a press\u00e3o arterial pr\u00f3xima a 120x80mmHg \u00e9 fundamental para prevenir doen\u00e7as cardiovasculares, especialmente o Acidente Vascular Cerebral (AVC), Infarto Agudo do Mioc\u00e1rdio (IAM), insufici\u00eancia card\u00edaca e doen\u00e7as renais. A recomenda\u00e7\u00e3o \u00e9 que pessoas a partir de 35 anos que apresentem fatores de risco, como obesidade ou diabetes, busquem avalia\u00e7\u00e3o m\u00e9dica, de maneira individualizada para tra\u00e7ar uma estrat\u00e9gia de diagn\u00f3stico, tratamento e preven\u00e7\u00e3o.<\/p>\n<p>Para a preven\u00e7\u00e3o das doen\u00e7as oncol\u00f3gicas, h\u00e1 recomenda\u00e7\u00f5es espec\u00edficas. Para as mulheres a partir dos 40 anos, a Sociedade Brasileira de Mastologia recomenda a mamografia anual, visando ao diagn\u00f3stico precoce e \u00e0 redu\u00e7\u00e3o da mortalidade por c\u00e2ncer de mama. As doen\u00e7as infecciosas tamb\u00e9m s\u00e3o preven\u00edveis por meio da vacina\u00e7\u00e3o. A pneumonia, por exemplo, pode ser evitada com a imuniza\u00e7\u00e3o contra a gripe, a vacina contra pneumococo (uma das principais bact\u00e9rias que causam essa doen\u00e7a) e a vacina contra o coronav\u00edrus.<\/p>\n<p>O cardiologista ainda destaca a import\u00e2ncia de repensar a sa\u00fade nesse per\u00edodo de f\u00e9rias. &#8220;O m\u00e9dico de refer\u00eancia, al\u00e9m dos outros profissionais de sa\u00fade como enfermeiros, nutricionistas, fisioterapeutas, psic\u00f3logos, s\u00e3o as refer\u00eancias nesse momento de revis\u00e3o sobre a sa\u00fade. Assim \u00e9 poss\u00edvel retornar \u00e0 rotina com a sensa\u00e7\u00e3o de ter feito algo<\/p>\n","protected":false},"excerpt":{"rendered":"<p>Cardiologista da Funda\u00e7\u00e3o S\u00e3o Francisco Xavier orienta sobre priorizar um momento para os cuidados com o bem-estar f\u00edsico e mental. Durante as f\u00e9rias, muitas pessoas aproveitam para descansar, relaxar e se divertir. Contudo, esse tempo de folga pode ser uma excelente oportunidade para priorizar a sa\u00fade. Muitos optam por realizar o &#8220;check-up de f\u00e9rias&#8221;, focando [&hellip;]<\/p>\n","protected":false},"author":6,"featured_media":9912,"comment_status":"open","ping_status":"open","sticky":false,"template":"","format":"standard","meta":{"_acf_changed":false,"site-sidebar-layout":"default","site-content-layout":"","ast-site-content-layout":"default","site-content-style":"default","site-sidebar-style":"default","ast-global-header-display":"","ast-banner-title-visibility":"","ast-main-header-display":"","ast-hfb-above-header-display":"","ast-hfb-below-header-display":"","ast-hfb-mobile-header-display":"","site-post-title":"","ast-breadcrumbs-content":"","ast-featured-img":"","footer-sml-layout":"","theme-transparent-header-meta":"","adv-header-id-meta":"","stick-header-meta":"","header-above-stick-meta":"","header-main-stick-meta":"","header-below-stick-meta":"","astra-migrate-meta-layouts":"default","ast-page-background-enabled":"default","ast-page-background-meta":{"desktop":{"background-color":"var(--ast-global-color-4)","background-image":"","background-repeat":"repeat","background-position":"center center","background-size":"auto","background-attachment":"scroll","background-type":"","background-media":"","overlay-type":"","overlay-color":"","overlay-opacity":"","overlay-gradient":""},"tablet":{"background-color":"","background-image":"","background-repeat":"repeat","background-position":"center center","background-size":"auto","background-attachment":"scroll","background-type":"","background-media":"","overlay-type":"","overlay-color":"","overlay-opacity":"","overlay-gradient":""},"mobile":{"background-color":"","background-image":"","background-repeat":"repeat","background-position":"center center","background-size":"auto","background-attachment":"scroll","background-type":"","background-media":"","overlay-type":"","overlay-color":"","overlay-opacity":"","overlay-gradient":""}},"ast-content-background-meta":{"desktop":{"background-color":"var(--ast-global-color-5)","background-image":"","background-repeat":"repeat","background-position":"center center","background-size":"auto","background-attachment":"scroll","background-type":"","background-media":"","overlay-type":"","overlay-color":"","overlay-opacity":"","overlay-gradient":""},"tablet":{"background-color":"var(--ast-global-color-5)","background-image":"","background-repeat":"repeat","background-position":"center center","background-size":"auto","background-attachment":"scroll","background-type":"","background-media":"","overlay-type":"","overlay-color":"","overlay-opacity":"","overlay-gradient":""},"mobile":{"background-color":"var(--ast-global-color-5)","background-image":"","background-repeat":"repeat","background-position":"center center","background-size":"auto","background-attachment":"scroll","background-type":"","background-media":"","overlay-type":"","overlay-color":"","overlay-opacity":"","overlay-gradient":""}},"footnotes":""},"categories":[1],"tags":[],"class_list":["post-9910","post","type-post","status-publish","format-standard","has-post-thumbnail","hentry","category-noticias"],"acf":[],"yoast_head":"<!-- This site is optimized with the Yoast SEO plugin v26.9 - https:\/\/yoast.com\/product\/yoast-seo-wordpress\/ -->\n<title>&quot;Check-up de F\u00e9rias&quot; e a import\u00e2ncia dos cuidados com a sa\u00fade durante o descanso - Usisa\u00fade<\/title>\n<meta name=\"robots\" content=\"index, follow, max-snippet:-1, max-image-preview:large, max-video-preview:-1\" \/>\n<link rel=\"canonical\" href=\"https:\/\/www.fsfx.com.br\/usisaude\/check-up-de-ferias-e-a-importancia-dos-cuidados-com-a-saude-durante-o-descanso\/\" \/>\n<meta property=\"og:locale\" content=\"pt_BR\" \/>\n<meta property=\"og:type\" content=\"article\" \/>\n<meta property=\"og:title\" content=\"&quot;Check-up de F\u00e9rias&quot; e a import\u00e2ncia dos cuidados com a sa\u00fade durante o descanso - Usisa\u00fade\" \/>\n<meta property=\"og:description\" content=\"Cardiologista da Funda\u00e7\u00e3o S\u00e3o Francisco Xavier orienta sobre priorizar um momento para os cuidados com o bem-estar f\u00edsico e mental. Durante as f\u00e9rias, muitas pessoas aproveitam para descansar, relaxar e se divertir. Contudo, esse tempo de folga pode ser uma excelente oportunidade para priorizar a sa\u00fade. Muitos optam por realizar o &#8220;check-up de f\u00e9rias&#8221;, focando [&hellip;]\" \/>\n<meta property=\"og:url\" content=\"https:\/\/www.fsfx.com.br\/usisaude\/check-up-de-ferias-e-a-importancia-dos-cuidados-com-a-saude-durante-o-descanso\/\" \/>\n<meta property=\"og:site_name\" content=\"Usisa\u00fade\" \/>\n<meta property=\"article:published_time\" content=\"2024-01-17T16:14:21+00:00\" \/>\n<meta property=\"og:image\" content=\"https:\/\/www.fsfx.com.br\/usisaude\/wp-content\/uploads\/sites\/6\/2024\/01\/Check-up-de-Ferias-e-a-importancia-dos-cuidados-com-a-saude-durante-o-descanso_iStock-1331029732.jpg\" \/>\n\t<meta property=\"og:image:width\" content=\"1920\" \/>\n\t<meta property=\"og:image:height\" content=\"1278\" \/>\n\t<meta property=\"og:image:type\" content=\"image\/jpeg\" \/>\n<meta name=\"author\" content=\"C\u00e1ssio Santana\" \/>\n<meta name=\"twitter:card\" content=\"summary_large_image\" \/>\n<meta name=\"twitter:label1\" content=\"Escrito por\" \/>\n\t<meta name=\"twitter:data1\" content=\"C\u00e1ssio Santana\" \/>\n\t<meta name=\"twitter:label2\" content=\"Est. tempo de leitura\" \/>\n\t<meta name=\"twitter:data2\" content=\"3 minutos\" \/>\n<script type=\"application\/ld+json\" class=\"yoast-schema-graph\">{\"@context\":\"https:\/\/schema.org\",\"@graph\":[{\"@type\":\"Article\",\"@id\":\"https:\/\/www.fsfx.com.br\/usisaude\/check-up-de-ferias-e-a-importancia-dos-cuidados-com-a-saude-durante-o-descanso\/#article\",\"isPartOf\":{\"@id\":\"https:\/\/www.fsfx.com.br\/usisaude\/check-up-de-ferias-e-a-importancia-dos-cuidados-com-a-saude-durante-o-descanso\/\"},\"author\":{\"name\":\"C\u00e1ssio Santana\",\"@id\":\"https:\/\/www.fsfx.com.br\/usisaude\/#\/schema\/person\/6bf2cced2b7a5d5d78f5610fc8f52504\"},\"headline\":\"&#8220;Check-up de F\u00e9rias&#8221; e a import\u00e2ncia dos cuidados com a sa\u00fade durante o descanso\",\"datePublished\":\"2024-01-17T16:14:21+00:00\",\"mainEntityOfPage\":{\"@id\":\"https:\/\/www.fsfx.com.br\/usisaude\/check-up-de-ferias-e-a-importancia-dos-cuidados-com-a-saude-durante-o-descanso\/\"},\"wordCount\":569,\"commentCount\":0,\"publisher\":{\"@id\":\"https:\/\/www.fsfx.com.br\/usisaude\/#organization\"},\"image\":{\"@id\":\"https:\/\/www.fsfx.com.br\/usisaude\/check-up-de-ferias-e-a-importancia-dos-cuidados-com-a-saude-durante-o-descanso\/#primaryimage\"},\"thumbnailUrl\":\"https:\/\/www.fsfx.com.br\/usisaude\/wp-content\/uploads\/sites\/6\/2024\/01\/Check-up-de-Ferias-e-a-importancia-dos-cuidados-com-a-saude-durante-o-descanso_iStock-1331029732.jpg\",\"articleSection\":[\"Not\u00edcias\"],\"inLanguage\":\"pt-BR\",\"potentialAction\":[{\"@type\":\"CommentAction\",\"name\":\"Comment\",\"target\":[\"https:\/\/www.fsfx.com.br\/usisaude\/check-up-de-ferias-e-a-importancia-dos-cuidados-com-a-saude-durante-o-descanso\/#respond\"]}]},{\"@type\":\"WebPage\",\"@id\":\"https:\/\/www.fsfx.com.br\/usisaude\/check-up-de-ferias-e-a-importancia-dos-cuidados-com-a-saude-durante-o-descanso\/\",\"url\":\"https:\/\/www.fsfx.com.br\/usisaude\/check-up-de-ferias-e-a-importancia-dos-cuidados-com-a-saude-durante-o-descanso\/\",\"name\":\"\\\"Check-up de F\u00e9rias\\\" e a import\u00e2ncia dos cuidados com a sa\u00fade durante o descanso - Usisa\u00fade\",\"isPartOf\":{\"@id\":\"https:\/\/www.fsfx.com.br\/usisaude\/#website\"},\"primaryImageOfPage\":{\"@id\":\"https:\/\/www.fsfx.com.br\/usisaude\/check-up-de-ferias-e-a-importancia-dos-cuidados-com-a-saude-durante-o-descanso\/#primaryimage\"},\"image\":{\"@id\":\"https:\/\/www.fsfx.com.br\/usisaude\/check-up-de-ferias-e-a-importancia-dos-cuidados-com-a-saude-durante-o-descanso\/#primaryimage\"},\"thumbnailUrl\":\"https:\/\/www.fsfx.com.br\/usisaude\/wp-content\/uploads\/sites\/6\/2024\/01\/Check-up-de-Ferias-e-a-importancia-dos-cuidados-com-a-saude-durante-o-descanso_iStock-1331029732.jpg\",\"datePublished\":\"2024-01-17T16:14:21+00:00\",\"breadcrumb\":{\"@id\":\"https:\/\/www.fsfx.com.br\/usisaude\/check-up-de-ferias-e-a-importancia-dos-cuidados-com-a-saude-durante-o-descanso\/#breadcrumb\"},\"inLanguage\":\"pt-BR\",\"potentialAction\":[{\"@type\":\"ReadAction\",\"target\":[\"https:\/\/www.fsfx.com.br\/usisaude\/check-up-de-ferias-e-a-importancia-dos-cuidados-com-a-saude-durante-o-descanso\/\"]}]},{\"@type\":\"ImageObject\",\"inLanguage\":\"pt-BR\",\"@id\":\"https:\/\/www.fsfx.com.br\/usisaude\/check-up-de-ferias-e-a-importancia-dos-cuidados-com-a-saude-durante-o-descanso\/#primaryimage\",\"url\":\"https:\/\/www.fsfx.com.br\/usisaude\/wp-content\/uploads\/sites\/6\/2024\/01\/Check-up-de-Ferias-e-a-importancia-dos-cuidados-com-a-saude-durante-o-descanso_iStock-1331029732.jpg\",\"contentUrl\":\"https:\/\/www.fsfx.com.br\/usisaude\/wp-content\/uploads\/sites\/6\/2024\/01\/Check-up-de-Ferias-e-a-importancia-dos-cuidados-com-a-saude-durante-o-descanso_iStock-1331029732.jpg\",\"width\":1920,\"height\":1278},{\"@type\":\"BreadcrumbList\",\"@id\":\"https:\/\/www.fsfx.com.br\/usisaude\/check-up-de-ferias-e-a-importancia-dos-cuidados-com-a-saude-durante-o-descanso\/#breadcrumb\",\"itemListElement\":[{\"@type\":\"ListItem\",\"position\":1,\"name\":\"In\u00edcio\",\"item\":\"https:\/\/www.fsfx.com.br\/usisaude\/\"},{\"@type\":\"ListItem\",\"position\":2,\"name\":\"&#8220;Check-up de F\u00e9rias&#8221; e a import\u00e2ncia dos cuidados com a sa\u00fade durante o descanso\"}]},{\"@type\":\"WebSite\",\"@id\":\"https:\/\/www.fsfx.com.br\/usisaude\/#website\",\"url\":\"https:\/\/www.fsfx.com.br\/usisaude\/\",\"name\":\"Usisa\u00fade\",\"description\":\"Somos a Usisa\u00fade, uma operadora de planos de sa\u00fade da Funda\u00e7\u00e3o S\u00e3o Francisco Xavier (FSFX), a maior em modalidade filantr\u00f3pica do pa\u00eds.\",\"publisher\":{\"@id\":\"https:\/\/www.fsfx.com.br\/usisaude\/#organization\"},\"potentialAction\":[{\"@type\":\"SearchAction\",\"target\":{\"@type\":\"EntryPoint\",\"urlTemplate\":\"https:\/\/www.fsfx.com.br\/usisaude\/?s={search_term_string}\"},\"query-input\":{\"@type\":\"PropertyValueSpecification\",\"valueRequired\":true,\"valueName\":\"search_term_string\"}}],\"inLanguage\":\"pt-BR\"},{\"@type\":\"Organization\",\"@id\":\"https:\/\/www.fsfx.com.br\/usisaude\/#organization\",\"name\":\"Usisa\u00fade\",\"url\":\"https:\/\/www.fsfx.com.br\/usisaude\/\",\"logo\":{\"@type\":\"ImageObject\",\"inLanguage\":\"pt-BR\",\"@id\":\"https:\/\/www.fsfx.com.br\/usisaude\/#\/schema\/logo\/image\/\",\"url\":\"https:\/\/www.fsfx.com.br\/usisaude\/wp-content\/uploads\/sites\/6\/2022\/03\/logo-ususaude-1.svg\",\"contentUrl\":\"https:\/\/www.fsfx.com.br\/usisaude\/wp-content\/uploads\/sites\/6\/2022\/03\/logo-ususaude-1.svg\",\"width\":445,\"height\":196,\"caption\":\"Usisa\u00fade\"},\"image\":{\"@id\":\"https:\/\/www.fsfx.com.br\/usisaude\/#\/schema\/logo\/image\/\"}},{\"@type\":\"Person\",\"@id\":\"https:\/\/www.fsfx.com.br\/usisaude\/#\/schema\/person\/6bf2cced2b7a5d5d78f5610fc8f52504\",\"name\":\"C\u00e1ssio Santana\",\"image\":{\"@type\":\"ImageObject\",\"inLanguage\":\"pt-BR\",\"@id\":\"https:\/\/www.fsfx.com.br\/usisaude\/#\/schema\/person\/image\/\",\"url\":\"https:\/\/secure.gravatar.com\/avatar\/ef79739de3edd2f5c2e7c4930b0808c62af99fc5520eaadc7899948f8bc6d2e1?s=96&d=mm&r=g\",\"contentUrl\":\"https:\/\/secure.gravatar.com\/avatar\/ef79739de3edd2f5c2e7c4930b0808c62af99fc5520eaadc7899948f8bc6d2e1?s=96&d=mm&r=g\",\"caption\":\"C\u00e1ssio Santana\"},\"url\":\"https:\/\/www.fsfx.com.br\/usisaude\/author\/cassio\/\"}]}<\/script>\n<!-- \/ Yoast SEO plugin. -->","yoast_head_json":{"title":"\"Check-up de F\u00e9rias\" e a import\u00e2ncia dos cuidados com a sa\u00fade durante o descanso - Usisa\u00fade","robots":{"index":"index","follow":"follow","max-snippet":"max-snippet:-1","max-image-preview":"max-image-preview:large","max-video-preview":"max-video-preview:-1"},"canonical":"https:\/\/www.fsfx.com.br\/usisaude\/check-up-de-ferias-e-a-importancia-dos-cuidados-com-a-saude-durante-o-descanso\/","og_locale":"pt_BR","og_type":"article","og_title":"\"Check-up de F\u00e9rias\" e a import\u00e2ncia dos cuidados com a sa\u00fade durante o descanso - Usisa\u00fade","og_description":"Cardiologista da Funda\u00e7\u00e3o S\u00e3o Francisco Xavier orienta sobre priorizar um momento para os cuidados com o bem-estar f\u00edsico e mental. Durante as f\u00e9rias, muitas pessoas aproveitam para descansar, relaxar e se divertir. Contudo, esse tempo de folga pode ser uma excelente oportunidade para priorizar a sa\u00fade. Muitos optam por realizar o &#8220;check-up de f\u00e9rias&#8221;, focando [&hellip;]","og_url":"https:\/\/www.fsfx.com.br\/usisaude\/check-up-de-ferias-e-a-importancia-dos-cuidados-com-a-saude-durante-o-descanso\/","og_site_name":"Usisa\u00fade","article_published_time":"2024-01-17T16:14:21+00:00","og_image":[{"width":1920,"height":1278,"url":"https:\/\/www.fsfx.com.br\/usisaude\/wp-content\/uploads\/sites\/6\/2024\/01\/Check-up-de-Ferias-e-a-importancia-dos-cuidados-com-a-saude-durante-o-descanso_iStock-1331029732.jpg","type":"image\/jpeg"}],"author":"C\u00e1ssio Santana","twitter_card":"summary_large_image","twitter_misc":{"Escrito por":"C\u00e1ssio Santana","Est. tempo de leitura":"3 minutos"},"schema":{"@context":"https:\/\/schema.org","@graph":[{"@type":"Article","@id":"https:\/\/www.fsfx.com.br\/usisaude\/check-up-de-ferias-e-a-importancia-dos-cuidados-com-a-saude-durante-o-descanso\/#article","isPartOf":{"@id":"https:\/\/www.fsfx.com.br\/usisaude\/check-up-de-ferias-e-a-importancia-dos-cuidados-com-a-saude-durante-o-descanso\/"},"author":{"name":"C\u00e1ssio Santana","@id":"https:\/\/www.fsfx.com.br\/usisaude\/#\/schema\/person\/6bf2cced2b7a5d5d78f5610fc8f52504"},"headline":"&#8220;Check-up de F\u00e9rias&#8221; e a import\u00e2ncia dos cuidados com a sa\u00fade durante o descanso","datePublished":"2024-01-17T16:14:21+00:00","mainEntityOfPage":{"@id":"https:\/\/www.fsfx.com.br\/usisaude\/check-up-de-ferias-e-a-importancia-dos-cuidados-com-a-saude-durante-o-descanso\/"},"wordCount":569,"commentCount":0,"publisher":{"@id":"https:\/\/www.fsfx.com.br\/usisaude\/#organization"},"image":{"@id":"https:\/\/www.fsfx.com.br\/usisaude\/check-up-de-ferias-e-a-importancia-dos-cuidados-com-a-saude-durante-o-descanso\/#primaryimage"},"thumbnailUrl":"https:\/\/www.fsfx.com.br\/usisaude\/wp-content\/uploads\/sites\/6\/2024\/01\/Check-up-de-Ferias-e-a-importancia-dos-cuidados-com-a-saude-durante-o-descanso_iStock-1331029732.jpg","articleSection":["Not\u00edcias"],"inLanguage":"pt-BR","potentialAction":[{"@type":"CommentAction","name":"Comment","target":["https:\/\/www.fsfx.com.br\/usisaude\/check-up-de-ferias-e-a-importancia-dos-cuidados-com-a-saude-durante-o-descanso\/#respond"]}]},{"@type":"WebPage","@id":"https:\/\/www.fsfx.com.br\/usisaude\/check-up-de-ferias-e-a-importancia-dos-cuidados-com-a-saude-durante-o-descanso\/","url":"https:\/\/www.fsfx.com.br\/usisaude\/check-up-de-ferias-e-a-importancia-dos-cuidados-com-a-saude-durante-o-descanso\/","name":"\"Check-up de F\u00e9rias\" e a import\u00e2ncia dos cuidados com a sa\u00fade durante o descanso - Usisa\u00fade","isPartOf":{"@id":"https:\/\/www.fsfx.com.br\/usisaude\/#website"},"primaryImageOfPage":{"@id":"https:\/\/www.fsfx.com.br\/usisaude\/check-up-de-ferias-e-a-importancia-dos-cuidados-com-a-saude-durante-o-descanso\/#primaryimage"},"image":{"@id":"https:\/\/www.fsfx.com.br\/usisaude\/check-up-de-ferias-e-a-importancia-dos-cuidados-com-a-saude-durante-o-descanso\/#primaryimage"},"thumbnailUrl":"https:\/\/www.fsfx.com.br\/usisaude\/wp-content\/uploads\/sites\/6\/2024\/01\/Check-up-de-Ferias-e-a-importancia-dos-cuidados-com-a-saude-durante-o-descanso_iStock-1331029732.jpg","datePublished":"2024-01-17T16:14:21+00:00","breadcrumb":{"@id":"https:\/\/www.fsfx.com.br\/usisaude\/check-up-de-ferias-e-a-importancia-dos-cuidados-com-a-saude-durante-o-descanso\/#breadcrumb"},"inLanguage":"pt-BR","potentialAction":[{"@type":"ReadAction","target":["https:\/\/www.fsfx.com.br\/usisaude\/check-up-de-ferias-e-a-importancia-dos-cuidados-com-a-saude-durante-o-descanso\/"]}]},{"@type":"ImageObject","inLanguage":"pt-BR","@id":"https:\/\/www.fsfx.com.br\/usisaude\/check-up-de-ferias-e-a-importancia-dos-cuidados-com-a-saude-durante-o-descanso\/#primaryimage","url":"https:\/\/www.fsfx.com.br\/usisaude\/wp-content\/uploads\/sites\/6\/2024\/01\/Check-up-de-Ferias-e-a-importancia-dos-cuidados-com-a-saude-durante-o-descanso_iStock-1331029732.jpg","contentUrl":"https:\/\/www.fsfx.com.br\/usisaude\/wp-content\/uploads\/sites\/6\/2024\/01\/Check-up-de-Ferias-e-a-importancia-dos-cuidados-com-a-saude-durante-o-descanso_iStock-1331029732.jpg","width":1920,"height":1278},{"@type":"BreadcrumbList","@id":"https:\/\/www.fsfx.com.br\/usisaude\/check-up-de-ferias-e-a-importancia-dos-cuidados-com-a-saude-durante-o-descanso\/#breadcrumb","itemListElement":[{"@type":"ListItem","position":1,"name":"In\u00edcio","item":"https:\/\/www.fsfx.com.br\/usisaude\/"},{"@type":"ListItem","position":2,"name":"&#8220;Check-up de F\u00e9rias&#8221; e a import\u00e2ncia dos cuidados com a sa\u00fade durante o descanso"}]},{"@type":"WebSite","@id":"https:\/\/www.fsfx.com.br\/usisaude\/#website","url":"https:\/\/www.fsfx.com.br\/usisaude\/","name":"Usisa\u00fade","description":"Somos a Usisa\u00fade, uma operadora de planos de sa\u00fade da Funda\u00e7\u00e3o S\u00e3o Francisco Xavier (FSFX), a maior em modalidade filantr\u00f3pica do pa\u00eds.","publisher":{"@id":"https:\/\/www.fsfx.com.br\/usisaude\/#organization"},"potentialAction":[{"@type":"SearchAction","target":{"@type":"EntryPoint","urlTemplate":"https:\/\/www.fsfx.com.br\/usisaude\/?s={search_term_string}"},"query-input":{"@type":"PropertyValueSpecification","valueRequired":true,"valueName":"search_term_string"}}],"inLanguage":"pt-BR"},{"@type":"Organization","@id":"https:\/\/www.fsfx.com.br\/usisaude\/#organization","name":"Usisa\u00fade","url":"https:\/\/www.fsfx.com.br\/usisaude\/","logo":{"@type":"ImageObject","inLanguage":"pt-BR","@id":"https:\/\/www.fsfx.com.br\/usisaude\/#\/schema\/logo\/image\/","url":"https:\/\/www.fsfx.com.br\/usisaude\/wp-content\/uploads\/sites\/6\/2022\/03\/logo-ususaude-1.svg","contentUrl":"https:\/\/www.fsfx.com.br\/usisaude\/wp-content\/uploads\/sites\/6\/2022\/03\/logo-ususaude-1.svg","width":445,"height":196,"caption":"Usisa\u00fade"},"image":{"@id":"https:\/\/www.fsfx.com.br\/usisaude\/#\/schema\/logo\/image\/"}},{"@type":"Person","@id":"https:\/\/www.fsfx.com.br\/usisaude\/#\/schema\/person\/6bf2cced2b7a5d5d78f5610fc8f52504","name":"C\u00e1ssio Santana","image":{"@type":"ImageObject","inLanguage":"pt-BR","@id":"https:\/\/www.fsfx.com.br\/usisaude\/#\/schema\/person\/image\/","url":"https:\/\/secure.gravatar.com\/avatar\/ef79739de3edd2f5c2e7c4930b0808c62af99fc5520eaadc7899948f8bc6d2e1?s=96&d=mm&r=g","contentUrl":"https:\/\/secure.gravatar.com\/avatar\/ef79739de3edd2f5c2e7c4930b0808c62af99fc5520eaadc7899948f8bc6d2e1?s=96&d=mm&r=g","caption":"C\u00e1ssio Santana"},"url":"https:\/\/www.fsfx.com.br\/usisaude\/author\/cassio\/"}]}},"_links":{"self":[{"href":"https:\/\/www.fsfx.com.br\/usisaude\/wp-json\/wp\/v2\/posts\/9910","targetHints":{"allow":["GET"]}}],"collection":[{"href":"https:\/\/www.fsfx.com.br\/usisaude\/wp-json\/wp\/v2\/posts"}],"about":[{"href":"https:\/\/www.fsfx.com.br\/usisaude\/wp-json\/wp\/v2\/types\/post"}],"author":[{"embeddable":true,"href":"https:\/\/www.fsfx.com.br\/usisaude\/wp-json\/wp\/v2\/users\/6"}],"replies":[{"embeddable":true,"href":"https:\/\/www.fsfx.com.br\/usisaude\/wp-json\/wp\/v2\/comments?post=9910"}],"version-history":[{"count":1,"href":"https:\/\/www.fsfx.com.br\/usisaude\/wp-json\/wp\/v2\/posts\/9910\/revisions"}],"predecessor-version":[{"id":9913,"href":"https:\/\/www.fsfx.com.br\/usisaude\/wp-json\/wp\/v2\/posts\/9910\/revisions\/9913"}],"wp:featuredmedia":[{"embeddable":true,"href":"https:\/\/www.fsfx.com.br\/usisaude\/wp-json\/wp\/v2\/media\/9912"}],"wp:attachment":[{"href":"https:\/\/www.fsfx.com.br\/usisaude\/wp-json\/wp\/v2\/media?parent=9910"}],"wp:term":[{"taxonomy":"category","embeddable":true,"href":"https:\/\/www.fsfx.com.br\/usisaude\/wp-json\/wp\/v2\/categories?post=9910"},{"taxonomy":"post_tag","embeddable":true,"href":"https:\/\/www.fsfx.com.br\/usisaude\/wp-json\/wp\/v2\/tags?post=9910"}],"curies":[{"name":"wp","href":"https:\/\/api.w.org\/{rel}","templated":true}]}}